{"id":40144,"date":"2021-11-01T05:27:34","date_gmt":"2021-11-01T09:27:34","guid":{"rendered":"https:\/\/www.eldiario.net\/portal\/?p=40144"},"modified":"2021-11-01T05:27:34","modified_gmt":"2021-11-01T09:27:34","slug":"el-dia-de-todos-los-santos-no-es-el-dia-de-los-difuntos","status":"publish","type":"post","link":"https:\/\/www.eldiario.net\/portal\/2021\/11\/01\/el-dia-de-todos-los-santos-no-es-el-dia-de-los-difuntos\/","title":{"rendered":"El d\u00eda de Todos los Santos no es el d\u00eda de los difuntos"},"content":{"rendered":"<p>Para muchos la diferencia entre la celebraci\u00f3n del d\u00eda de Todos los Santos y el recuerdo de los fieles difuntos no es novedad, pero en la gran mayor\u00eda de cat\u00f3licos hay una confusi\u00f3n que les hace caer en el error de que ambos son una sola fiesta del calendario lit\u00fargico con denominaci\u00f3n indistinta o electiva, de modo que se celebra dos d\u00edas.<br \/>\nEs cierto que ambos d\u00edas orbitan alrededor de un tema com\u00fan: la muerte, pero por eso mismo, son dos celebraciones distintas. La riqueza cultural de nuestro pa\u00eds en fechas como \u00e9stas, sumada a una arraigada tradici\u00f3n de espera a las almas de sus seres queridos, ha ocasionado que en nombre de las costumbres sean practicados ritos que nada tienen que ver con la fe cat\u00f3lica, por lo que, sin descalificar ciertas expresiones nativas, delimitar acontecimientos como estos se torna importante en el crecimiento espiritual del pueblo de Dios.<br \/>\nTodos los creyentes sabemos que la Iglesia Cat\u00f3lica tiene una galer\u00eda de cientos de santos que desde el Siglo X de nuestra era han superado procesos dirigidos a la demostraci\u00f3n cient\u00edfica y espiritual, seg\u00fan los casos, de haber sido instrumentos para hacer milagros. Pero esos son los santos, digamos, individualizados o reconocidos; mas a lo largo de la historia, y en el futuro, han existido e ir\u00e1n existiendo millones de santos que, con una vida proba en lo moral y tocados por el Esp\u00edritu de Dios que les ha regalado dones especiales, han alcanzado tambi\u00e9n la dignidad de santos. Por tanto, aquellos y \u00e9stos, conforme a la fe cat\u00f3lica, gozan de la presencia de Dios en el Reino que \u00c9l ha prometido a quienes han sido justificados con la muerte en cruz. El propio Juan en el Libro del Apocalipsis advierte que nada impuro podr\u00e1 entrar a la ciudad Santa de Jerusal\u00e9n, lo que significa que, conforme a la doctrina de la Iglesia, los Santos viven por la eternidad al lado del Se\u00f1or.<br \/>\nLuego, son esos santos canonizados por la Iglesia y aquellos santos de lo desconocido y lo cotidiano, de la sencillez an\u00f3nima y de vida humilde, los que el 1 de noviembre son honrados por la iglesia peregrina.<br \/>\nY, por consiguiente, la asociaci\u00f3n que desde la \u00f3ptica literaria, sociol\u00f3gica, cultural, y a\u00fan culinaria que se hace con la religiosa, no tiene justificativo a partir de la vigilia que el cat\u00f3lico promedio hace vespertinamente la v\u00edspera del 2 de noviembre, el enfoque de sus pensamientos y sentimientos &#8211;sin duda de la m\u00e1s pura sinceridad&#8211; al plato fuerte en los cementerios o en altares m\u00e1s \u00edntimos en honor de \u201csus muertos\u201d.<br \/>\nPero la Iglesia Universal ha instituido el 2 de noviembre como una jornada de oraci\u00f3n por quienes han dejado este mundo y pueden alcanzar, previo paso por ese estado intermedio e infalible del purgatorio al Cielo, la santidad a que todo creyente debe aspirar. Y es que los fieles difuntos necesitan de nuestras oraciones, intensas y vehementes para que accedan al Reino de Dios. En cambio, los Santos, por el contrario, oran como parte de la Iglesia plena y su proximidad con Dios, por nosotros, por los que quedamos en esta tierra.<br \/>\nEl \u00c1ngelus del 2 de noviembre de 2014 pronunciado por S.S. el papa Francisco, hace una puntual diferenciaci\u00f3n entre ambas celebraciones; una, de la natural alegr\u00eda que en los hombres y mujeres de fe produce recordar a los Santos, y otra, la tristeza que supone rememorar a los difuntos: Ambos encuentran en Jesucristo el fundamento de nuestra fe y de nuestra esperanza.<br \/>\nLo de las masitas, las comidas, los panes, las frutas y otras costumbres de nuestro medio, no son m\u00e1s que expresiones del folklore y siempre que no entren en colisi\u00f3n con la doctrina social de la Iglesia, no tienen por qu\u00e9 ser menoscabadas. Es la forma amorosa que nuestra gente tiene de recordar a quienes se han adelantado en el paso inexorable hacia la muerte; y aunque las almas no regresen como la creencia popular la tiene por cierta, por ello hay que alegrarse; pues ning\u00fan alma que goza del Cielo o purga sus pecados en firme camino hacia \u00e9l, desear\u00eda volver ni por un segundo.<\/p>\n<p>Augusto Vera Riveros, es jurista y escritor.<\/p>\n","protected":false},"excerpt":{"rendered":"<p>Para muchos la diferencia entre la celebraci\u00f3n del d\u00eda de Todos los Santos y el recuerdo de los fieles difuntos no es novedad, pero en la gran mayor\u00eda de cat\u00f3licos hay una confusi\u00f3n que les hace caer en el error de que ambos son una sola fiesta del calendario lit\u00fargico con denominaci\u00f3n indistinta o electiva, [&hellip;]<\/p>\n","protected":false},"author":1,"featured_media":7684,"comment_status":"closed","ping_status":"closed","sticky":false,"template":"","format":"standard","meta":{"_acf_changed":false,"footnotes":""},"categories":[9],"tags":[],"class_list":["post-40144","post","type-post","status-publish","format-standard","has-post-thumbnail","category-opinion"],"acf":{"antetitulo":""},"yoast_head":"<!-- This site is optimized with the Yoast SEO plugin v28.4 - https:\/\/yoast.com\/product\/yoast-seo-wordpress\/ -->\n<title>El d\u00eda de Todos los Santos no es el d\u00eda de los difuntos - El Diario - Bolivia<\/title>\n<meta name=\"robots\" content=\"index, follow, max-snippet:-1, max-image-preview:large, max-video-preview:-1\" \/>\n<link rel=\"canonical\" href=\"https:\/\/www.eldiario.net\/portal\/2021\/11\/01\/el-dia-de-todos-los-santos-no-es-el-dia-de-los-difuntos\/\" \/>\n<meta property=\"og:locale\" content=\"es_ES\" \/>\n<meta property=\"og:type\" content=\"article\" \/>\n<meta property=\"og:title\" content=\"El d\u00eda de Todos los Santos no es el d\u00eda de los difuntos - El Diario - Bolivia\" \/>\n<meta property=\"og:description\" content=\"Para muchos la diferencia entre la celebraci\u00f3n del d\u00eda de Todos los Santos y el recuerdo de los fieles difuntos no es novedad, pero en la gran mayor\u00eda de cat\u00f3licos hay una confusi\u00f3n que les hace caer en el error de que ambos son una sola fiesta del calendario lit\u00fargico con denominaci\u00f3n indistinta o electiva, [&hellip;]\" \/>\n<meta property=\"og:url\" content=\"https:\/\/www.eldiario.net\/portal\/2021\/11\/01\/el-dia-de-todos-los-santos-no-es-el-dia-de-los-difuntos\/\" \/>\n<meta property=\"og:site_name\" content=\"El Diario - Bolivia\" \/>\n<meta property=\"article:publisher\" content=\"https:\/\/www.facebook.com\/eldiario.bolivia\/\" \/>\n<meta property=\"article:published_time\" content=\"2021-11-01T09:27:34+00:00\" \/>\n<meta property=\"og:image\" content=\"https:\/\/www.eldiario.net\/portal\/wp-content\/uploads\/2021\/06\/Augusto-Vera-Riveros.jpg\" \/>\n\t<meta property=\"og:image:width\" content=\"1\" \/>\n\t<meta property=\"og:image:height\" content=\"1\" \/>\n\t<meta property=\"og:image:type\" content=\"image\/jpeg\" \/>\n<meta name=\"author\" content=\"Jeanette\" \/>\n<meta name=\"twitter:card\" content=\"summary_large_image\" \/>\n<meta name=\"twitter:creator\" content=\"@eldiario_net\" \/>\n<meta name=\"twitter:site\" content=\"@eldiario_net\" \/>\n<meta name=\"twitter:label1\" content=\"Escrito por\" \/>\n\t<meta name=\"twitter:data1\" content=\"Jeanette\" \/>\n\t<meta name=\"twitter:label2\" content=\"Tiempo de lectura\" \/>\n\t<meta name=\"twitter:data2\" content=\"4 minutos\" \/>\n<script type=\"application\/ld+json\" class=\"yoast-schema-graph\">{\"@context\":\"https:\\\/\\\/schema.org\",\"@graph\":[{\"@type\":\"Article\",\"@id\":\"https:\\\/\\\/www.eldiario.net\\\/portal\\\/2021\\\/11\\\/01\\\/el-dia-de-todos-los-santos-no-es-el-dia-de-los-difuntos\\\/#article\",\"isPartOf\":{\"@id\":\"https:\\\/\\\/www.eldiario.net\\\/portal\\\/2021\\\/11\\\/01\\\/el-dia-de-todos-los-santos-no-es-el-dia-de-los-difuntos\\\/\"},\"author\":{\"name\":\"Jeanette\",\"@id\":\"https:\\\/\\\/www.eldiario.net\\\/portal\\\/#\\\/schema\\\/person\\\/f46445640444750d7d753ccd04ae01b7\"},\"headline\":\"El d\u00eda de Todos los Santos no es el d\u00eda de los difuntos\",\"datePublished\":\"2021-11-01T09:27:34+00:00\",\"mainEntityOfPage\":{\"@id\":\"https:\\\/\\\/www.eldiario.net\\\/portal\\\/2021\\\/11\\\/01\\\/el-dia-de-todos-los-santos-no-es-el-dia-de-los-difuntos\\\/\"},\"wordCount\":748,\"publisher\":{\"@id\":\"https:\\\/\\\/www.eldiario.net\\\/portal\\\/#organization\"},\"image\":{\"@id\":\"https:\\\/\\\/www.eldiario.net\\\/portal\\\/2021\\\/11\\\/01\\\/el-dia-de-todos-los-santos-no-es-el-dia-de-los-difuntos\\\/#primaryimage\"},\"thumbnailUrl\":\"https:\\\/\\\/www.eldiario.net\\\/portal\\\/wp-content\\\/uploads\\\/2021\\\/06\\\/Augusto-Vera-Riveros.jpg\",\"articleSection\":[\"Opini\u00f3n\"],\"inLanguage\":\"es\"},{\"@type\":\"WebPage\",\"@id\":\"https:\\\/\\\/www.eldiario.net\\\/portal\\\/2021\\\/11\\\/01\\\/el-dia-de-todos-los-santos-no-es-el-dia-de-los-difuntos\\\/\",\"url\":\"https:\\\/\\\/www.eldiario.net\\\/portal\\\/2021\\\/11\\\/01\\\/el-dia-de-todos-los-santos-no-es-el-dia-de-los-difuntos\\\/\",\"name\":\"El d\u00eda de Todos los Santos no es el d\u00eda de los difuntos - El Diario - Bolivia\",\"isPartOf\":{\"@id\":\"https:\\\/\\\/www.eldiario.net\\\/portal\\\/#website\"},\"primaryImageOfPage\":{\"@id\":\"https:\\\/\\\/www.eldiario.net\\\/portal\\\/2021\\\/11\\\/01\\\/el-dia-de-todos-los-santos-no-es-el-dia-de-los-difuntos\\\/#primaryimage\"},\"image\":{\"@id\":\"https:\\\/\\\/www.eldiario.net\\\/portal\\\/2021\\\/11\\\/01\\\/el-dia-de-todos-los-santos-no-es-el-dia-de-los-difuntos\\\/#primaryimage\"},\"thumbnailUrl\":\"https:\\\/\\\/www.eldiario.net\\\/portal\\\/wp-content\\\/uploads\\\/2021\\\/06\\\/Augusto-Vera-Riveros.jpg\",\"datePublished\":\"2021-11-01T09:27:34+00:00\",\"breadcrumb\":{\"@id\":\"https:\\\/\\\/www.eldiario.net\\\/portal\\\/2021\\\/11\\\/01\\\/el-dia-de-todos-los-santos-no-es-el-dia-de-los-difuntos\\\/#breadcrumb\"},\"inLanguage\":\"es\",\"potentialAction\":[{\"@type\":\"ReadAction\",\"target\":[\"https:\\\/\\\/www.eldiario.net\\\/portal\\\/2021\\\/11\\\/01\\\/el-dia-de-todos-los-santos-no-es-el-dia-de-los-difuntos\\\/\"]}]},{\"@type\":\"ImageObject\",\"inLanguage\":\"es\",\"@id\":\"https:\\\/\\\/www.eldiario.net\\\/portal\\\/2021\\\/11\\\/01\\\/el-dia-de-todos-los-santos-no-es-el-dia-de-los-difuntos\\\/#primaryimage\",\"url\":\"https:\\\/\\\/www.eldiario.net\\\/portal\\\/wp-content\\\/uploads\\\/2021\\\/06\\\/Augusto-Vera-Riveros.jpg\",\"contentUrl\":\"https:\\\/\\\/www.eldiario.net\\\/portal\\\/wp-content\\\/uploads\\\/2021\\\/06\\\/Augusto-Vera-Riveros.jpg\"},{\"@type\":\"BreadcrumbList\",\"@id\":\"https:\\\/\\\/www.eldiario.net\\\/portal\\\/2021\\\/11\\\/01\\\/el-dia-de-todos-los-santos-no-es-el-dia-de-los-difuntos\\\/#breadcrumb\",\"itemListElement\":[{\"@type\":\"ListItem\",\"position\":1,\"name\":\"Portada\",\"item\":\"https:\\\/\\\/www.eldiario.net\\\/portal\\\/\"},{\"@type\":\"ListItem\",\"position\":2,\"name\":\"El d\u00eda de Todos los Santos no es el d\u00eda de los difuntos\"}]},{\"@type\":\"WebSite\",\"@id\":\"https:\\\/\\\/www.eldiario.net\\\/portal\\\/#website\",\"url\":\"https:\\\/\\\/www.eldiario.net\\\/portal\\\/\",\"name\":\"El Diario - Decano de la prensa nacional\",\"description\":\"El Diario - Decano de la prensa nacional\",\"publisher\":{\"@id\":\"https:\\\/\\\/www.eldiario.net\\\/portal\\\/#organization\"},\"potentialAction\":[{\"@type\":\"SearchAction\",\"target\":{\"@type\":\"EntryPoint\",\"urlTemplate\":\"https:\\\/\\\/www.eldiario.net\\\/portal\\\/?s={search_term_string}\"},\"query-input\":{\"@type\":\"PropertyValueSpecification\",\"valueRequired\":true,\"valueName\":\"search_term_string\"}}],\"inLanguage\":\"es\"},{\"@type\":\"Organization\",\"@id\":\"https:\\\/\\\/www.eldiario.net\\\/portal\\\/#organization\",\"name\":\"El Diario - Decano de la prensa nacional\",\"url\":\"https:\\\/\\\/www.eldiario.net\\\/portal\\\/\",\"logo\":{\"@type\":\"ImageObject\",\"inLanguage\":\"es\",\"@id\":\"https:\\\/\\\/www.eldiario.net\\\/portal\\\/#\\\/schema\\\/logo\\\/image\\\/\",\"url\":\"https:\\\/\\\/www.eldiario.net\\\/portal\\\/wp-content\\\/uploads\\\/2023\\\/07\\\/logo_ED.jpg\",\"contentUrl\":\"https:\\\/\\\/www.eldiario.net\\\/portal\\\/wp-content\\\/uploads\\\/2023\\\/07\\\/logo_ED.jpg\",\"width\":272,\"height\":52,\"caption\":\"El Diario - Decano de la prensa nacional\"},\"image\":{\"@id\":\"https:\\\/\\\/www.eldiario.net\\\/portal\\\/#\\\/schema\\\/logo\\\/image\\\/\"},\"sameAs\":[\"https:\\\/\\\/www.facebook.com\\\/eldiario.bolivia\\\/\",\"https:\\\/\\\/x.com\\\/eldiario_net\"]},{\"@type\":\"Person\",\"@id\":\"https:\\\/\\\/www.eldiario.net\\\/portal\\\/#\\\/schema\\\/person\\\/f46445640444750d7d753ccd04ae01b7\",\"name\":\"Jeanette\",\"image\":{\"@type\":\"ImageObject\",\"inLanguage\":\"es\",\"@id\":\"https:\\\/\\\/secure.gravatar.com\\\/avatar\\\/3ea2118a5f7dad2b7138b1187a6b7ee55f160b9968b66013c3a3ef39dd7e5798?s=96&d=mm&r=g\",\"url\":\"https:\\\/\\\/secure.gravatar.com\\\/avatar\\\/3ea2118a5f7dad2b7138b1187a6b7ee55f160b9968b66013c3a3ef39dd7e5798?s=96&d=mm&r=g\",\"contentUrl\":\"https:\\\/\\\/secure.gravatar.com\\\/avatar\\\/3ea2118a5f7dad2b7138b1187a6b7ee55f160b9968b66013c3a3ef39dd7e5798?s=96&d=mm&r=g\",\"caption\":\"Jeanette\"},\"sameAs\":[\"https:\\\/\\\/www.eldiario.net\\\/portal\"],\"url\":\"https:\\\/\\\/www.eldiario.net\\\/portal\\\/author\\\/jeanette\\\/\"}]}<\/script>\n<!-- \/ Yoast SEO plugin. -->","yoast_head_json":{"title":"El d\u00eda de Todos los Santos no es el d\u00eda de los difuntos - El Diario - Bolivia","robots":{"index":"index","follow":"follow","max-snippet":"max-snippet:-1","max-image-preview":"max-image-preview:large","max-video-preview":"max-video-preview:-1"},"canonical":"https:\/\/www.eldiario.net\/portal\/2021\/11\/01\/el-dia-de-todos-los-santos-no-es-el-dia-de-los-difuntos\/","og_locale":"es_ES","og_type":"article","og_title":"El d\u00eda de Todos los Santos no es el d\u00eda de los difuntos - El Diario - Bolivia","og_description":"Para muchos la diferencia entre la celebraci\u00f3n del d\u00eda de Todos los Santos y el recuerdo de los fieles difuntos no es novedad, pero en la gran mayor\u00eda de cat\u00f3licos hay una confusi\u00f3n que les hace caer en el error de que ambos son una sola fiesta del calendario lit\u00fargico con denominaci\u00f3n indistinta o electiva, [&hellip;]","og_url":"https:\/\/www.eldiario.net\/portal\/2021\/11\/01\/el-dia-de-todos-los-santos-no-es-el-dia-de-los-difuntos\/","og_site_name":"El Diario - Bolivia","article_publisher":"https:\/\/www.facebook.com\/eldiario.bolivia\/","article_published_time":"2021-11-01T09:27:34+00:00","og_image":[{"url":"https:\/\/www.eldiario.net\/portal\/wp-content\/uploads\/2021\/06\/Augusto-Vera-Riveros.jpg","width":1,"height":1,"type":"image\/jpeg"}],"author":"Jeanette","twitter_card":"summary_large_image","twitter_creator":"@eldiario_net","twitter_site":"@eldiario_net","twitter_misc":{"Escrito por":"Jeanette","Tiempo de lectura":"4 minutos"},"schema":{"@context":"https:\/\/schema.org","@graph":[{"@type":"Article","@id":"https:\/\/www.eldiario.net\/portal\/2021\/11\/01\/el-dia-de-todos-los-santos-no-es-el-dia-de-los-difuntos\/#article","isPartOf":{"@id":"https:\/\/www.eldiario.net\/portal\/2021\/11\/01\/el-dia-de-todos-los-santos-no-es-el-dia-de-los-difuntos\/"},"author":{"name":"Jeanette","@id":"https:\/\/www.eldiario.net\/portal\/#\/schema\/person\/f46445640444750d7d753ccd04ae01b7"},"headline":"El d\u00eda de Todos los Santos no es el d\u00eda de los difuntos","datePublished":"2021-11-01T09:27:34+00:00","mainEntityOfPage":{"@id":"https:\/\/www.eldiario.net\/portal\/2021\/11\/01\/el-dia-de-todos-los-santos-no-es-el-dia-de-los-difuntos\/"},"wordCount":748,"publisher":{"@id":"https:\/\/www.eldiario.net\/portal\/#organization"},"image":{"@id":"https:\/\/www.eldiario.net\/portal\/2021\/11\/01\/el-dia-de-todos-los-santos-no-es-el-dia-de-los-difuntos\/#primaryimage"},"thumbnailUrl":"https:\/\/www.eldiario.net\/portal\/wp-content\/uploads\/2021\/06\/Augusto-Vera-Riveros.jpg","articleSection":["Opini\u00f3n"],"inLanguage":"es"},{"@type":"WebPage","@id":"https:\/\/www.eldiario.net\/portal\/2021\/11\/01\/el-dia-de-todos-los-santos-no-es-el-dia-de-los-difuntos\/","url":"https:\/\/www.eldiario.net\/portal\/2021\/11\/01\/el-dia-de-todos-los-santos-no-es-el-dia-de-los-difuntos\/","name":"El d\u00eda de Todos los Santos no es el d\u00eda de los difuntos - El Diario - Bolivia","isPartOf":{"@id":"https:\/\/www.eldiario.net\/portal\/#website"},"primaryImageOfPage":{"@id":"https:\/\/www.eldiario.net\/portal\/2021\/11\/01\/el-dia-de-todos-los-santos-no-es-el-dia-de-los-difuntos\/#primaryimage"},"image":{"@id":"https:\/\/www.eldiario.net\/portal\/2021\/11\/01\/el-dia-de-todos-los-santos-no-es-el-dia-de-los-difuntos\/#primaryimage"},"thumbnailUrl":"https:\/\/www.eldiario.net\/portal\/wp-content\/uploads\/2021\/06\/Augusto-Vera-Riveros.jpg","datePublished":"2021-11-01T09:27:34+00:00","breadcrumb":{"@id":"https:\/\/www.eldiario.net\/portal\/2021\/11\/01\/el-dia-de-todos-los-santos-no-es-el-dia-de-los-difuntos\/#breadcrumb"},"inLanguage":"es","potentialAction":[{"@type":"ReadAction","target":["https:\/\/www.eldiario.net\/portal\/2021\/11\/01\/el-dia-de-todos-los-santos-no-es-el-dia-de-los-difuntos\/"]}]},{"@type":"ImageObject","inLanguage":"es","@id":"https:\/\/www.eldiario.net\/portal\/2021\/11\/01\/el-dia-de-todos-los-santos-no-es-el-dia-de-los-difuntos\/#primaryimage","url":"https:\/\/www.eldiario.net\/portal\/wp-content\/uploads\/2021\/06\/Augusto-Vera-Riveros.jpg","contentUrl":"https:\/\/www.eldiario.net\/portal\/wp-content\/uploads\/2021\/06\/Augusto-Vera-Riveros.jpg"},{"@type":"BreadcrumbList","@id":"https:\/\/www.eldiario.net\/portal\/2021\/11\/01\/el-dia-de-todos-los-santos-no-es-el-dia-de-los-difuntos\/#breadcrumb","itemListElement":[{"@type":"ListItem","position":1,"name":"Portada","item":"https:\/\/www.eldiario.net\/portal\/"},{"@type":"ListItem","position":2,"name":"El d\u00eda de Todos los Santos no es el d\u00eda de los difuntos"}]},{"@type":"WebSite","@id":"https:\/\/www.eldiario.net\/portal\/#website","url":"https:\/\/www.eldiario.net\/portal\/","name":"El Diario - Decano de la prensa nacional","description":"El Diario - Decano de la prensa nacional","publisher":{"@id":"https:\/\/www.eldiario.net\/portal\/#organization"},"potentialAction":[{"@type":"SearchAction","target":{"@type":"EntryPoint","urlTemplate":"https:\/\/www.eldiario.net\/portal\/?s={search_term_string}"},"query-input":{"@type":"PropertyValueSpecification","valueRequired":true,"valueName":"search_term_string"}}],"inLanguage":"es"},{"@type":"Organization","@id":"https:\/\/www.eldiario.net\/portal\/#organization","name":"El Diario - Decano de la prensa nacional","url":"https:\/\/www.eldiario.net\/portal\/","logo":{"@type":"ImageObject","inLanguage":"es","@id":"https:\/\/www.eldiario.net\/portal\/#\/schema\/logo\/image\/","url":"https:\/\/www.eldiario.net\/portal\/wp-content\/uploads\/2023\/07\/logo_ED.jpg","contentUrl":"https:\/\/www.eldiario.net\/portal\/wp-content\/uploads\/2023\/07\/logo_ED.jpg","width":272,"height":52,"caption":"El Diario - Decano de la prensa nacional"},"image":{"@id":"https:\/\/www.eldiario.net\/portal\/#\/schema\/logo\/image\/"},"sameAs":["https:\/\/www.facebook.com\/eldiario.bolivia\/","https:\/\/x.com\/eldiario_net"]},{"@type":"Person","@id":"https:\/\/www.eldiario.net\/portal\/#\/schema\/person\/f46445640444750d7d753ccd04ae01b7","name":"Jeanette","image":{"@type":"ImageObject","inLanguage":"es","@id":"https:\/\/secure.gravatar.com\/avatar\/3ea2118a5f7dad2b7138b1187a6b7ee55f160b9968b66013c3a3ef39dd7e5798?s=96&d=mm&r=g","url":"https:\/\/secure.gravatar.com\/avatar\/3ea2118a5f7dad2b7138b1187a6b7ee55f160b9968b66013c3a3ef39dd7e5798?s=96&d=mm&r=g","contentUrl":"https:\/\/secure.gravatar.com\/avatar\/3ea2118a5f7dad2b7138b1187a6b7ee55f160b9968b66013c3a3ef39dd7e5798?s=96&d=mm&r=g","caption":"Jeanette"},"sameAs":["https:\/\/www.eldiario.net\/portal"],"url":"https:\/\/www.eldiario.net\/portal\/author\/jeanette\/"}]}},"_links":{"self":[{"href":"https:\/\/www.eldiario.net\/portal\/wp-json\/wp\/v2\/posts\/40144","targetHints":{"allow":["GET"]}}],"collection":[{"href":"https:\/\/www.eldiario.net\/portal\/wp-json\/wp\/v2\/posts"}],"about":[{"href":"https:\/\/www.eldiario.net\/portal\/wp-json\/wp\/v2\/types\/post"}],"author":[{"embeddable":true,"href":"https:\/\/www.eldiario.net\/portal\/wp-json\/wp\/v2\/users\/1"}],"replies":[{"embeddable":true,"href":"https:\/\/www.eldiario.net\/portal\/wp-json\/wp\/v2\/comments?post=40144"}],"version-history":[{"count":0,"href":"https:\/\/www.eldiario.net\/portal\/wp-json\/wp\/v2\/posts\/40144\/revisions"}],"wp:featuredmedia":[{"embeddable":true,"href":"https:\/\/www.eldiario.net\/portal\/wp-json\/wp\/v2\/media\/7684"}],"wp:attachment":[{"href":"https:\/\/www.eldiario.net\/portal\/wp-json\/wp\/v2\/media?parent=40144"}],"wp:term":[{"taxonomy":"category","embeddable":true,"href":"https:\/\/www.eldiario.net\/portal\/wp-json\/wp\/v2\/categories?post=40144"},{"taxonomy":"post_tag","embeddable":true,"href":"https:\/\/www.eldiario.net\/portal\/wp-json\/wp\/v2\/tags?post=40144"}],"curies":[{"name":"wp","href":"https:\/\/api.w.org\/{rel}","templated":true}]}}