{"id":40142,"date":"2021-11-01T05:26:48","date_gmt":"2021-11-01T09:26:48","guid":{"rendered":"https:\/\/www.eldiario.net\/portal\/?p=40142"},"modified":"2021-11-01T05:26:48","modified_gmt":"2021-11-01T09:26:48","slug":"las-ultimas-en-cerrar-y-las-primeras-en-reabrir","status":"publish","type":"post","link":"https:\/\/www.eldiario.net\/portal\/2021\/11\/01\/las-ultimas-en-cerrar-y-las-primeras-en-reabrir\/","title":{"rendered":"Las \u00faltimas en cerrar y las primeras en reabrir"},"content":{"rendered":"<p>Nos enfrentamos a un desaf\u00edo por la crisis educativa. La pandemia ha arrebatado de las aulas de unidades educativas a casi 77 millones de ni\u00f1os durante los \u00faltimos 18 meses.<br \/>\nEs fundamental el derecho a ir a la escuela y aprender para el desarrollo, la seguridad y el bienestar de todos los ni\u00f1os. Sin embargo, escuelas permanecen cerradas en muchos pa\u00edses, mientras se mantiene la actividad social en restaurantes, salones, canchas de f\u00fatbol y gimnasios.<br \/>\nEsta generaci\u00f3n de ni\u00f1os y j\u00f3venes no puede permitirse sufrir m\u00e1s interrupciones en su educaci\u00f3n, debemos reabrir las escuelas lo antes posible y recuperar la educaci\u00f3n.<br \/>\nLos ni\u00f1os, adolescentes y universitarios deben volver a recibir una ense\u00f1anza presencial lo antes posible, ya que el precio por el cierre de las instituciones educativas ha sido devastador para el aprendizaje, la salud y el bienestar de los estudiantes.<br \/>\nLas repercusiones para cada ni\u00f1o, su familia, su comunidad y su situaci\u00f3n econ\u00f3mica se dejar\u00e1n sentir durante a\u00f1os. Muchos nunca se pondr\u00e1n al d\u00eda, son casi dos a\u00f1os en los que nuestra educaci\u00f3n se qued\u00f3 paralizada.<br \/>\nAunque el cierre de las escuelas afecta a todos los ni\u00f1os, los m\u00e1s vulnerables son quienes viven en situaci\u00f3n de extrema pobreza. Aunque algunos estudiantes han podido acceder a la ense\u00f1anza a distancia durante los cierres de las escuelas, muchos han tenido dificultades debido a la falta de medios para educarse. \u201cPor no decir un tercio de los escolares del mundo no tiene acceso a la ense\u00f1anza a distancia\u201d, seg\u00fan Unicef.<br \/>\nEl cierre de las escuelas ha provocado una reducci\u00f3n de la actividad f\u00edsica y un empeoramiento de la alimentaci\u00f3n, un aumento de los niveles de ansiedad y autolesi\u00f3n y la exposici\u00f3n a la violencia dom\u00e9stica.<br \/>\nPara muchos ni\u00f1os, las opciones ante lo no asistencia a la escuela son el trabajo infantil, el matrimonio infantil y el embarazo adolescente. Una vez que esto ocurre, puede llegar a ser imposible que las ni\u00f1as o los ni\u00f1os vuelvan a la escuela; mantener a los ni\u00f1os en casa tambi\u00e9n ha provocado que los padres tengan que dejar sus trabajos, especialmente en pa\u00edses donde las pol\u00edticas de permisos familiares son inexistentes o su alcance es limitado.<br \/>\nY esto a pesar de las pruebas que demuestran que, hasta la fecha, las escuelas no han sido un factor determinante en la transmisi\u00f3n de la Covid-19 en las comunidades rurales, \u00e1reas periurbanas y urbanas.<br \/>\nEst\u00e1 claro que los gobiernos deben dar prioridad al apoyo a las escuelas y tomar todas las medidas posibles para reabrirlas de forma segura. El futuro de la pr\u00f3xima generaci\u00f3n depende de ello.<br \/>\nPor todo ello, \u201cLas escuelas deben ser las \u00faltimas en cerrar y las primeras en reabrir\u201d.<\/p>\n","protected":false},"excerpt":{"rendered":"<p>Nos enfrentamos a un desaf\u00edo por la crisis educativa. La pandemia ha arrebatado de las aulas de unidades educativas a casi 77 millones de ni\u00f1os durante los \u00faltimos 18 meses. Es fundamental el derecho a ir a la escuela y aprender para el desarrollo, la seguridad y el bienestar de todos los ni\u00f1os. Sin embargo, [&hellip;]<\/p>\n","protected":false},"author":1,"featured_media":0,"comment_status":"closed","ping_status":"closed","sticky":false,"template":"","format":"standard","meta":{"_acf_changed":false,"footnotes":""},"categories":[9],"tags":[],"class_list":["post-40142","post","type-post","status-publish","format-standard","category-opinion"],"acf":{"antetitulo":""},"yoast_head":"<!-- This site is optimized with the Yoast SEO plugin v28.4 - https:\/\/yoast.com\/product\/yoast-seo-wordpress\/ -->\n<title>Las \u00faltimas en cerrar y las primeras en reabrir - El Diario - Bolivia<\/title>\n<meta name=\"robots\" content=\"index, follow, max-snippet:-1, max-image-preview:large, max-video-preview:-1\" \/>\n<link rel=\"canonical\" href=\"https:\/\/www.eldiario.net\/portal\/2021\/11\/01\/las-ultimas-en-cerrar-y-las-primeras-en-reabrir\/\" \/>\n<meta property=\"og:locale\" content=\"es_ES\" \/>\n<meta property=\"og:type\" content=\"article\" \/>\n<meta property=\"og:title\" content=\"Las \u00faltimas en cerrar y las primeras en reabrir - El Diario - Bolivia\" \/>\n<meta property=\"og:description\" content=\"Nos enfrentamos a un desaf\u00edo por la crisis educativa. La pandemia ha arrebatado de las aulas de unidades educativas a casi 77 millones de ni\u00f1os durante los \u00faltimos 18 meses. Es fundamental el derecho a ir a la escuela y aprender para el desarrollo, la seguridad y el bienestar de todos los ni\u00f1os. Sin embargo, [&hellip;]\" \/>\n<meta property=\"og:url\" content=\"https:\/\/www.eldiario.net\/portal\/2021\/11\/01\/las-ultimas-en-cerrar-y-las-primeras-en-reabrir\/\" \/>\n<meta property=\"og:site_name\" content=\"El Diario - Bolivia\" \/>\n<meta property=\"article:publisher\" content=\"https:\/\/www.facebook.com\/eldiario.bolivia\/\" \/>\n<meta property=\"article:published_time\" content=\"2021-11-01T09:26:48+00:00\" \/>\n<meta name=\"author\" content=\"Jeanette\" \/>\n<meta name=\"twitter:card\" content=\"summary_large_image\" \/>\n<meta name=\"twitter:creator\" content=\"@eldiario_net\" \/>\n<meta name=\"twitter:site\" content=\"@eldiario_net\" \/>\n<meta name=\"twitter:label1\" content=\"Escrito por\" \/>\n\t<meta name=\"twitter:data1\" content=\"Jeanette\" \/>\n\t<meta name=\"twitter:label2\" content=\"Tiempo de lectura\" \/>\n\t<meta name=\"twitter:data2\" content=\"2 minutos\" \/>\n<script type=\"application\/ld+json\" class=\"yoast-schema-graph\">{\"@context\":\"https:\\\/\\\/schema.org\",\"@graph\":[{\"@type\":\"Article\",\"@id\":\"https:\\\/\\\/www.eldiario.net\\\/portal\\\/2021\\\/11\\\/01\\\/las-ultimas-en-cerrar-y-las-primeras-en-reabrir\\\/#article\",\"isPartOf\":{\"@id\":\"https:\\\/\\\/www.eldiario.net\\\/portal\\\/2021\\\/11\\\/01\\\/las-ultimas-en-cerrar-y-las-primeras-en-reabrir\\\/\"},\"author\":{\"name\":\"Jeanette\",\"@id\":\"https:\\\/\\\/www.eldiario.net\\\/portal\\\/#\\\/schema\\\/person\\\/f46445640444750d7d753ccd04ae01b7\"},\"headline\":\"Las \u00faltimas en cerrar y las primeras en reabrir\",\"datePublished\":\"2021-11-01T09:26:48+00:00\",\"mainEntityOfPage\":{\"@id\":\"https:\\\/\\\/www.eldiario.net\\\/portal\\\/2021\\\/11\\\/01\\\/las-ultimas-en-cerrar-y-las-primeras-en-reabrir\\\/\"},\"wordCount\":494,\"publisher\":{\"@id\":\"https:\\\/\\\/www.eldiario.net\\\/portal\\\/#organization\"},\"articleSection\":[\"Opini\u00f3n\"],\"inLanguage\":\"es\"},{\"@type\":\"WebPage\",\"@id\":\"https:\\\/\\\/www.eldiario.net\\\/portal\\\/2021\\\/11\\\/01\\\/las-ultimas-en-cerrar-y-las-primeras-en-reabrir\\\/\",\"url\":\"https:\\\/\\\/www.eldiario.net\\\/portal\\\/2021\\\/11\\\/01\\\/las-ultimas-en-cerrar-y-las-primeras-en-reabrir\\\/\",\"name\":\"Las \u00faltimas en cerrar y las primeras en reabrir - El Diario - Bolivia\",\"isPartOf\":{\"@id\":\"https:\\\/\\\/www.eldiario.net\\\/portal\\\/#website\"},\"datePublished\":\"2021-11-01T09:26:48+00:00\",\"breadcrumb\":{\"@id\":\"https:\\\/\\\/www.eldiario.net\\\/portal\\\/2021\\\/11\\\/01\\\/las-ultimas-en-cerrar-y-las-primeras-en-reabrir\\\/#breadcrumb\"},\"inLanguage\":\"es\",\"potentialAction\":[{\"@type\":\"ReadAction\",\"target\":[\"https:\\\/\\\/www.eldiario.net\\\/portal\\\/2021\\\/11\\\/01\\\/las-ultimas-en-cerrar-y-las-primeras-en-reabrir\\\/\"]}]},{\"@type\":\"BreadcrumbList\",\"@id\":\"https:\\\/\\\/www.eldiario.net\\\/portal\\\/2021\\\/11\\\/01\\\/las-ultimas-en-cerrar-y-las-primeras-en-reabrir\\\/#breadcrumb\",\"itemListElement\":[{\"@type\":\"ListItem\",\"position\":1,\"name\":\"Portada\",\"item\":\"https:\\\/\\\/www.eldiario.net\\\/portal\\\/\"},{\"@type\":\"ListItem\",\"position\":2,\"name\":\"Las \u00faltimas en cerrar y las primeras en reabrir\"}]},{\"@type\":\"WebSite\",\"@id\":\"https:\\\/\\\/www.eldiario.net\\\/portal\\\/#website\",\"url\":\"https:\\\/\\\/www.eldiario.net\\\/portal\\\/\",\"name\":\"El Diario - Decano de la prensa nacional\",\"description\":\"El Diario - Decano de la prensa nacional\",\"publisher\":{\"@id\":\"https:\\\/\\\/www.eldiario.net\\\/portal\\\/#organization\"},\"potentialAction\":[{\"@type\":\"SearchAction\",\"target\":{\"@type\":\"EntryPoint\",\"urlTemplate\":\"https:\\\/\\\/www.eldiario.net\\\/portal\\\/?s={search_term_string}\"},\"query-input\":{\"@type\":\"PropertyValueSpecification\",\"valueRequired\":true,\"valueName\":\"search_term_string\"}}],\"inLanguage\":\"es\"},{\"@type\":\"Organization\",\"@id\":\"https:\\\/\\\/www.eldiario.net\\\/portal\\\/#organization\",\"name\":\"El Diario - Decano de la prensa nacional\",\"url\":\"https:\\\/\\\/www.eldiario.net\\\/portal\\\/\",\"logo\":{\"@type\":\"ImageObject\",\"inLanguage\":\"es\",\"@id\":\"https:\\\/\\\/www.eldiario.net\\\/portal\\\/#\\\/schema\\\/logo\\\/image\\\/\",\"url\":\"https:\\\/\\\/www.eldiario.net\\\/portal\\\/wp-content\\\/uploads\\\/2023\\\/07\\\/logo_ED.jpg\",\"contentUrl\":\"https:\\\/\\\/www.eldiario.net\\\/portal\\\/wp-content\\\/uploads\\\/2023\\\/07\\\/logo_ED.jpg\",\"width\":272,\"height\":52,\"caption\":\"El Diario - Decano de la prensa nacional\"},\"image\":{\"@id\":\"https:\\\/\\\/www.eldiario.net\\\/portal\\\/#\\\/schema\\\/logo\\\/image\\\/\"},\"sameAs\":[\"https:\\\/\\\/www.facebook.com\\\/eldiario.bolivia\\\/\",\"https:\\\/\\\/x.com\\\/eldiario_net\"]},{\"@type\":\"Person\",\"@id\":\"https:\\\/\\\/www.eldiario.net\\\/portal\\\/#\\\/schema\\\/person\\\/f46445640444750d7d753ccd04ae01b7\",\"name\":\"Jeanette\",\"image\":{\"@type\":\"ImageObject\",\"inLanguage\":\"es\",\"@id\":\"https:\\\/\\\/secure.gravatar.com\\\/avatar\\\/3ea2118a5f7dad2b7138b1187a6b7ee55f160b9968b66013c3a3ef39dd7e5798?s=96&d=mm&r=g\",\"url\":\"https:\\\/\\\/secure.gravatar.com\\\/avatar\\\/3ea2118a5f7dad2b7138b1187a6b7ee55f160b9968b66013c3a3ef39dd7e5798?s=96&d=mm&r=g\",\"contentUrl\":\"https:\\\/\\\/secure.gravatar.com\\\/avatar\\\/3ea2118a5f7dad2b7138b1187a6b7ee55f160b9968b66013c3a3ef39dd7e5798?s=96&d=mm&r=g\",\"caption\":\"Jeanette\"},\"sameAs\":[\"https:\\\/\\\/www.eldiario.net\\\/portal\"],\"url\":\"https:\\\/\\\/www.eldiario.net\\\/portal\\\/author\\\/jeanette\\\/\"}]}<\/script>\n<!-- \/ Yoast SEO plugin. -->","yoast_head_json":{"title":"Las \u00faltimas en cerrar y las primeras en reabrir - El Diario - Bolivia","robots":{"index":"index","follow":"follow","max-snippet":"max-snippet:-1","max-image-preview":"max-image-preview:large","max-video-preview":"max-video-preview:-1"},"canonical":"https:\/\/www.eldiario.net\/portal\/2021\/11\/01\/las-ultimas-en-cerrar-y-las-primeras-en-reabrir\/","og_locale":"es_ES","og_type":"article","og_title":"Las \u00faltimas en cerrar y las primeras en reabrir - El Diario - Bolivia","og_description":"Nos enfrentamos a un desaf\u00edo por la crisis educativa. La pandemia ha arrebatado de las aulas de unidades educativas a casi 77 millones de ni\u00f1os durante los \u00faltimos 18 meses. Es fundamental el derecho a ir a la escuela y aprender para el desarrollo, la seguridad y el bienestar de todos los ni\u00f1os. Sin embargo, [&hellip;]","og_url":"https:\/\/www.eldiario.net\/portal\/2021\/11\/01\/las-ultimas-en-cerrar-y-las-primeras-en-reabrir\/","og_site_name":"El Diario - Bolivia","article_publisher":"https:\/\/www.facebook.com\/eldiario.bolivia\/","article_published_time":"2021-11-01T09:26:48+00:00","author":"Jeanette","twitter_card":"summary_large_image","twitter_creator":"@eldiario_net","twitter_site":"@eldiario_net","twitter_misc":{"Escrito por":"Jeanette","Tiempo de lectura":"2 minutos"},"schema":{"@context":"https:\/\/schema.org","@graph":[{"@type":"Article","@id":"https:\/\/www.eldiario.net\/portal\/2021\/11\/01\/las-ultimas-en-cerrar-y-las-primeras-en-reabrir\/#article","isPartOf":{"@id":"https:\/\/www.eldiario.net\/portal\/2021\/11\/01\/las-ultimas-en-cerrar-y-las-primeras-en-reabrir\/"},"author":{"name":"Jeanette","@id":"https:\/\/www.eldiario.net\/portal\/#\/schema\/person\/f46445640444750d7d753ccd04ae01b7"},"headline":"Las \u00faltimas en cerrar y las primeras en reabrir","datePublished":"2021-11-01T09:26:48+00:00","mainEntityOfPage":{"@id":"https:\/\/www.eldiario.net\/portal\/2021\/11\/01\/las-ultimas-en-cerrar-y-las-primeras-en-reabrir\/"},"wordCount":494,"publisher":{"@id":"https:\/\/www.eldiario.net\/portal\/#organization"},"articleSection":["Opini\u00f3n"],"inLanguage":"es"},{"@type":"WebPage","@id":"https:\/\/www.eldiario.net\/portal\/2021\/11\/01\/las-ultimas-en-cerrar-y-las-primeras-en-reabrir\/","url":"https:\/\/www.eldiario.net\/portal\/2021\/11\/01\/las-ultimas-en-cerrar-y-las-primeras-en-reabrir\/","name":"Las \u00faltimas en cerrar y las primeras en reabrir - El Diario - Bolivia","isPartOf":{"@id":"https:\/\/www.eldiario.net\/portal\/#website"},"datePublished":"2021-11-01T09:26:48+00:00","breadcrumb":{"@id":"https:\/\/www.eldiario.net\/portal\/2021\/11\/01\/las-ultimas-en-cerrar-y-las-primeras-en-reabrir\/#breadcrumb"},"inLanguage":"es","potentialAction":[{"@type":"ReadAction","target":["https:\/\/www.eldiario.net\/portal\/2021\/11\/01\/las-ultimas-en-cerrar-y-las-primeras-en-reabrir\/"]}]},{"@type":"BreadcrumbList","@id":"https:\/\/www.eldiario.net\/portal\/2021\/11\/01\/las-ultimas-en-cerrar-y-las-primeras-en-reabrir\/#breadcrumb","itemListElement":[{"@type":"ListItem","position":1,"name":"Portada","item":"https:\/\/www.eldiario.net\/portal\/"},{"@type":"ListItem","position":2,"name":"Las \u00faltimas en cerrar y las primeras en reabrir"}]},{"@type":"WebSite","@id":"https:\/\/www.eldiario.net\/portal\/#website","url":"https:\/\/www.eldiario.net\/portal\/","name":"El Diario - Decano de la prensa nacional","description":"El Diario - Decano de la prensa nacional","publisher":{"@id":"https:\/\/www.eldiario.net\/portal\/#organization"},"potentialAction":[{"@type":"SearchAction","target":{"@type":"EntryPoint","urlTemplate":"https:\/\/www.eldiario.net\/portal\/?s={search_term_string}"},"query-input":{"@type":"PropertyValueSpecification","valueRequired":true,"valueName":"search_term_string"}}],"inLanguage":"es"},{"@type":"Organization","@id":"https:\/\/www.eldiario.net\/portal\/#organization","name":"El Diario - Decano de la prensa nacional","url":"https:\/\/www.eldiario.net\/portal\/","logo":{"@type":"ImageObject","inLanguage":"es","@id":"https:\/\/www.eldiario.net\/portal\/#\/schema\/logo\/image\/","url":"https:\/\/www.eldiario.net\/portal\/wp-content\/uploads\/2023\/07\/logo_ED.jpg","contentUrl":"https:\/\/www.eldiario.net\/portal\/wp-content\/uploads\/2023\/07\/logo_ED.jpg","width":272,"height":52,"caption":"El Diario - Decano de la prensa nacional"},"image":{"@id":"https:\/\/www.eldiario.net\/portal\/#\/schema\/logo\/image\/"},"sameAs":["https:\/\/www.facebook.com\/eldiario.bolivia\/","https:\/\/x.com\/eldiario_net"]},{"@type":"Person","@id":"https:\/\/www.eldiario.net\/portal\/#\/schema\/person\/f46445640444750d7d753ccd04ae01b7","name":"Jeanette","image":{"@type":"ImageObject","inLanguage":"es","@id":"https:\/\/secure.gravatar.com\/avatar\/3ea2118a5f7dad2b7138b1187a6b7ee55f160b9968b66013c3a3ef39dd7e5798?s=96&d=mm&r=g","url":"https:\/\/secure.gravatar.com\/avatar\/3ea2118a5f7dad2b7138b1187a6b7ee55f160b9968b66013c3a3ef39dd7e5798?s=96&d=mm&r=g","contentUrl":"https:\/\/secure.gravatar.com\/avatar\/3ea2118a5f7dad2b7138b1187a6b7ee55f160b9968b66013c3a3ef39dd7e5798?s=96&d=mm&r=g","caption":"Jeanette"},"sameAs":["https:\/\/www.eldiario.net\/portal"],"url":"https:\/\/www.eldiario.net\/portal\/author\/jeanette\/"}]}},"_links":{"self":[{"href":"https:\/\/www.eldiario.net\/portal\/wp-json\/wp\/v2\/posts\/40142","targetHints":{"allow":["GET"]}}],"collection":[{"href":"https:\/\/www.eldiario.net\/portal\/wp-json\/wp\/v2\/posts"}],"about":[{"href":"https:\/\/www.eldiario.net\/portal\/wp-json\/wp\/v2\/types\/post"}],"author":[{"embeddable":true,"href":"https:\/\/www.eldiario.net\/portal\/wp-json\/wp\/v2\/users\/1"}],"replies":[{"embeddable":true,"href":"https:\/\/www.eldiario.net\/portal\/wp-json\/wp\/v2\/comments?post=40142"}],"version-history":[{"count":0,"href":"https:\/\/www.eldiario.net\/portal\/wp-json\/wp\/v2\/posts\/40142\/revisions"}],"wp:attachment":[{"href":"https:\/\/www.eldiario.net\/portal\/wp-json\/wp\/v2\/media?parent=40142"}],"wp:term":[{"taxonomy":"category","embeddable":true,"href":"https:\/\/www.eldiario.net\/portal\/wp-json\/wp\/v2\/categories?post=40142"},{"taxonomy":"post_tag","embeddable":true,"href":"https:\/\/www.eldiario.net\/portal\/wp-json\/wp\/v2\/tags?post=40142"}],"curies":[{"name":"wp","href":"https:\/\/api.w.org\/{rel}","templated":true}]}}