{"id":40140,"date":"2021-11-01T05:26:17","date_gmt":"2021-11-01T09:26:17","guid":{"rendered":"https:\/\/www.eldiario.net\/portal\/?p=40140"},"modified":"2021-11-01T05:26:17","modified_gmt":"2021-11-01T09:26:17","slug":"patrones-de-dano-pulmonar-en-victimas-de-covid-19","status":"publish","type":"post","link":"https:\/\/www.eldiario.net\/portal\/2021\/11\/01\/patrones-de-dano-pulmonar-en-victimas-de-covid-19\/","title":{"rendered":"Patrones de da\u00f1o pulmonar en v\u00edctimas de covid-19"},"content":{"rendered":"<p>Parte I<\/p>\n<p>El covid-19 puede alterar el funcionamiento de distintos \u00f3rganos, por eso ha venido consider\u00e1ndoselo como una enfermedad sist\u00e9mica. Y aun cuando se eval\u00faa \u00fanicamente a la peque\u00f1a cantidad de los infectados que desarrollan insuficiencia respiratoria, es posible notar que el SARS-CoV-2 afecta a los pulmones de maneras variadas.<br \/>\nEn un estudio dado a conocer en la plataforma medRxiv, a\u00fan sin revisi\u00f3n por pares, investigadores de la Universidad de Sao Paulo (USP), en Brasil, y colaboradores analizaron muestras pulmonares de 47 personas que murieron como consecuencia del s\u00edndrome respiratorio agudo grave (SRAG) causado por el nuevo coronavirus, y detectaron dos patrones de da\u00f1os n\u00edtidamente distintos.<br \/>\nCinco pacientes (el 10,6 %) exhibieron lo que los autores denominaron como \u201cfenotipo fibr\u00f3tico\u201d, caracterizado por el espesamiento del septo alveolar, la estructura en donde se producen los intercambios gaseosos. Es decir, en esos individuos el tejido normal de los pulmones lesionado por el virus fue reemplazado por tejido cicatricial (fibrosis), lo que dificult\u00f3 la respiraci\u00f3n. En otros diez pacientes (el 21,2 %), encuadrados en el \u201cfenotipo tromb\u00f3tico\u201d, el tejido pulmonar estaba pr\u00e1cticamente normal. Pero fue posible notar se\u00f1ales de co\u00e1gulos (trombos) en peque\u00f1os vasos. Y hubo tambi\u00e9n un tercer grupo en el cual se incluy\u00f3 a 32 pacientes (el 68,1 %) que exhibieron ambos fenotipos simult\u00e1neamente.<br \/>\nLa edad promedio de los pacientes incluidos en el estudio fue de 67,8 a\u00f1os, con una proporci\u00f3n similar de varones y mujeres. Todos eran portadores de enfermedades preexistentes, entre las cuales las m\u00e1s comunes eran la hipertensi\u00f3n (el 55 %) y la obesidad (un 36 %). En el momento de la entrada hospitalaria, el 66 % padec\u00eda falta de aire. Las complicaciones cl\u00ednicas durante la internaci\u00f3n incluyen choque s\u00e9ptico (el 62 %), falencia renal aguda (un 51 %) y s\u00edndrome de dificultad respiratoria aguda (un 45 %).<br \/>\nLas muestras pulmonares fueron obtenidas mediante autopsias m\u00ednimamente invasivas y posteriormente se fijaron en formol y parafina. Los bloques se cortaron entonces en l\u00e1minas con un espesor de 3 micrones (\u00b5m, el equivalente a una millon\u00e9sima de parte de un metro), que se colorearon y se analizaron mediante microscop\u00eda e inmunohistoqu\u00edmica (una t\u00e9cnica que comprende el uso de anticuerpos contra prote\u00ednas blanco, col\u00e1geno, por ejemplo). El ARN del SARS-CoV-2 se detect\u00f3 en todas las muestras mediante RT-PCR.<br \/>\n\u201cPartimos de una evaluaci\u00f3n de la morfolog\u00eda del pulm\u00f3n para luego estudiar las historias cl\u00ednicas y los estudios radiol\u00f3gicos de esos pacientes. Y fue posible notar, tras el an\u00e1lisis estad\u00edstico, que los datos se correlacionaban\u201d, le comenta a Agencia FAPESP el pat\u00f3logo Alexandre Fabro, docente de la Facultad de Medicina de Ribeirao Preto (FMRP-USP) y coordinador de la investigaci\u00f3n. Este trabajo cont\u00f3 con el apoyo de la FAPESP en el marco de tres proyectos (19\/01517-3, 19\/19591-5 y 20\/13370-4).<\/p>\n","protected":false},"excerpt":{"rendered":"<p>Parte I El covid-19 puede alterar el funcionamiento de distintos \u00f3rganos, por eso ha venido consider\u00e1ndoselo como una enfermedad sist\u00e9mica. Y aun cuando se eval\u00faa \u00fanicamente a la peque\u00f1a cantidad de los infectados que desarrollan insuficiencia respiratoria, es posible notar que el SARS-CoV-2 afecta a los pulmones de maneras variadas. En un estudio dado a [&hellip;]<\/p>\n","protected":false},"author":1,"featured_media":0,"comment_status":"closed","ping_status":"closed","sticky":false,"template":"","format":"standard","meta":{"_acf_changed":false,"footnotes":""},"categories":[9],"tags":[],"class_list":["post-40140","post","type-post","status-publish","format-standard","category-opinion"],"acf":{"antetitulo":""},"yoast_head":"<!-- This site is optimized with the Yoast SEO plugin v28.4 - https:\/\/yoast.com\/product\/yoast-seo-wordpress\/ -->\n<title>Patrones de da\u00f1o pulmonar en v\u00edctimas de covid-19 - El Diario - Bolivia<\/title>\n<meta name=\"robots\" content=\"index, follow, max-snippet:-1, max-image-preview:large, max-video-preview:-1\" \/>\n<link rel=\"canonical\" href=\"https:\/\/www.eldiario.net\/portal\/2021\/11\/01\/patrones-de-dano-pulmonar-en-victimas-de-covid-19\/\" \/>\n<meta property=\"og:locale\" content=\"es_ES\" \/>\n<meta property=\"og:type\" content=\"article\" \/>\n<meta property=\"og:title\" content=\"Patrones de da\u00f1o pulmonar en v\u00edctimas de covid-19 - El Diario - Bolivia\" \/>\n<meta property=\"og:description\" content=\"Parte I El covid-19 puede alterar el funcionamiento de distintos \u00f3rganos, por eso ha venido consider\u00e1ndoselo como una enfermedad sist\u00e9mica. Y aun cuando se eval\u00faa \u00fanicamente a la peque\u00f1a cantidad de los infectados que desarrollan insuficiencia respiratoria, es posible notar que el SARS-CoV-2 afecta a los pulmones de maneras variadas. En un estudio dado a [&hellip;]\" \/>\n<meta property=\"og:url\" content=\"https:\/\/www.eldiario.net\/portal\/2021\/11\/01\/patrones-de-dano-pulmonar-en-victimas-de-covid-19\/\" \/>\n<meta property=\"og:site_name\" content=\"El Diario - Bolivia\" \/>\n<meta property=\"article:publisher\" content=\"https:\/\/www.facebook.com\/eldiario.bolivia\/\" \/>\n<meta property=\"article:published_time\" content=\"2021-11-01T09:26:17+00:00\" \/>\n<meta name=\"author\" content=\"Jeanette\" \/>\n<meta name=\"twitter:card\" content=\"summary_large_image\" \/>\n<meta name=\"twitter:creator\" content=\"@eldiario_net\" \/>\n<meta name=\"twitter:site\" content=\"@eldiario_net\" \/>\n<meta name=\"twitter:label1\" content=\"Escrito por\" \/>\n\t<meta name=\"twitter:data1\" content=\"Jeanette\" \/>\n\t<meta name=\"twitter:label2\" content=\"Tiempo de lectura\" \/>\n\t<meta name=\"twitter:data2\" content=\"2 minutos\" \/>\n<script type=\"application\/ld+json\" class=\"yoast-schema-graph\">{\"@context\":\"https:\\\/\\\/schema.org\",\"@graph\":[{\"@type\":\"Article\",\"@id\":\"https:\\\/\\\/www.eldiario.net\\\/portal\\\/2021\\\/11\\\/01\\\/patrones-de-dano-pulmonar-en-victimas-de-covid-19\\\/#article\",\"isPartOf\":{\"@id\":\"https:\\\/\\\/www.eldiario.net\\\/portal\\\/2021\\\/11\\\/01\\\/patrones-de-dano-pulmonar-en-victimas-de-covid-19\\\/\"},\"author\":{\"name\":\"Jeanette\",\"@id\":\"https:\\\/\\\/www.eldiario.net\\\/portal\\\/#\\\/schema\\\/person\\\/f46445640444750d7d753ccd04ae01b7\"},\"headline\":\"Patrones de da\u00f1o pulmonar en v\u00edctimas de covid-19\",\"datePublished\":\"2021-11-01T09:26:17+00:00\",\"mainEntityOfPage\":{\"@id\":\"https:\\\/\\\/www.eldiario.net\\\/portal\\\/2021\\\/11\\\/01\\\/patrones-de-dano-pulmonar-en-victimas-de-covid-19\\\/\"},\"wordCount\":487,\"publisher\":{\"@id\":\"https:\\\/\\\/www.eldiario.net\\\/portal\\\/#organization\"},\"articleSection\":[\"Opini\u00f3n\"],\"inLanguage\":\"es\"},{\"@type\":\"WebPage\",\"@id\":\"https:\\\/\\\/www.eldiario.net\\\/portal\\\/2021\\\/11\\\/01\\\/patrones-de-dano-pulmonar-en-victimas-de-covid-19\\\/\",\"url\":\"https:\\\/\\\/www.eldiario.net\\\/portal\\\/2021\\\/11\\\/01\\\/patrones-de-dano-pulmonar-en-victimas-de-covid-19\\\/\",\"name\":\"Patrones de da\u00f1o pulmonar en v\u00edctimas de covid-19 - El Diario - Bolivia\",\"isPartOf\":{\"@id\":\"https:\\\/\\\/www.eldiario.net\\\/portal\\\/#website\"},\"datePublished\":\"2021-11-01T09:26:17+00:00\",\"breadcrumb\":{\"@id\":\"https:\\\/\\\/www.eldiario.net\\\/portal\\\/2021\\\/11\\\/01\\\/patrones-de-dano-pulmonar-en-victimas-de-covid-19\\\/#breadcrumb\"},\"inLanguage\":\"es\",\"potentialAction\":[{\"@type\":\"ReadAction\",\"target\":[\"https:\\\/\\\/www.eldiario.net\\\/portal\\\/2021\\\/11\\\/01\\\/patrones-de-dano-pulmonar-en-victimas-de-covid-19\\\/\"]}]},{\"@type\":\"BreadcrumbList\",\"@id\":\"https:\\\/\\\/www.eldiario.net\\\/portal\\\/2021\\\/11\\\/01\\\/patrones-de-dano-pulmonar-en-victimas-de-covid-19\\\/#breadcrumb\",\"itemListElement\":[{\"@type\":\"ListItem\",\"position\":1,\"name\":\"Portada\",\"item\":\"https:\\\/\\\/www.eldiario.net\\\/portal\\\/\"},{\"@type\":\"ListItem\",\"position\":2,\"name\":\"Patrones de da\u00f1o pulmonar en v\u00edctimas de covid-19\"}]},{\"@type\":\"WebSite\",\"@id\":\"https:\\\/\\\/www.eldiario.net\\\/portal\\\/#website\",\"url\":\"https:\\\/\\\/www.eldiario.net\\\/portal\\\/\",\"name\":\"El Diario - Decano de la prensa nacional\",\"description\":\"El Diario - Decano de la prensa nacional\",\"publisher\":{\"@id\":\"https:\\\/\\\/www.eldiario.net\\\/portal\\\/#organization\"},\"potentialAction\":[{\"@type\":\"SearchAction\",\"target\":{\"@type\":\"EntryPoint\",\"urlTemplate\":\"https:\\\/\\\/www.eldiario.net\\\/portal\\\/?s={search_term_string}\"},\"query-input\":{\"@type\":\"PropertyValueSpecification\",\"valueRequired\":true,\"valueName\":\"search_term_string\"}}],\"inLanguage\":\"es\"},{\"@type\":\"Organization\",\"@id\":\"https:\\\/\\\/www.eldiario.net\\\/portal\\\/#organization\",\"name\":\"El Diario - Decano de la prensa nacional\",\"url\":\"https:\\\/\\\/www.eldiario.net\\\/portal\\\/\",\"logo\":{\"@type\":\"ImageObject\",\"inLanguage\":\"es\",\"@id\":\"https:\\\/\\\/www.eldiario.net\\\/portal\\\/#\\\/schema\\\/logo\\\/image\\\/\",\"url\":\"https:\\\/\\\/www.eldiario.net\\\/portal\\\/wp-content\\\/uploads\\\/2023\\\/07\\\/logo_ED.jpg\",\"contentUrl\":\"https:\\\/\\\/www.eldiario.net\\\/portal\\\/wp-content\\\/uploads\\\/2023\\\/07\\\/logo_ED.jpg\",\"width\":272,\"height\":52,\"caption\":\"El Diario - Decano de la prensa nacional\"},\"image\":{\"@id\":\"https:\\\/\\\/www.eldiario.net\\\/portal\\\/#\\\/schema\\\/logo\\\/image\\\/\"},\"sameAs\":[\"https:\\\/\\\/www.facebook.com\\\/eldiario.bolivia\\\/\",\"https:\\\/\\\/x.com\\\/eldiario_net\"]},{\"@type\":\"Person\",\"@id\":\"https:\\\/\\\/www.eldiario.net\\\/portal\\\/#\\\/schema\\\/person\\\/f46445640444750d7d753ccd04ae01b7\",\"name\":\"Jeanette\",\"image\":{\"@type\":\"ImageObject\",\"inLanguage\":\"es\",\"@id\":\"https:\\\/\\\/secure.gravatar.com\\\/avatar\\\/3ea2118a5f7dad2b7138b1187a6b7ee55f160b9968b66013c3a3ef39dd7e5798?s=96&d=mm&r=g\",\"url\":\"https:\\\/\\\/secure.gravatar.com\\\/avatar\\\/3ea2118a5f7dad2b7138b1187a6b7ee55f160b9968b66013c3a3ef39dd7e5798?s=96&d=mm&r=g\",\"contentUrl\":\"https:\\\/\\\/secure.gravatar.com\\\/avatar\\\/3ea2118a5f7dad2b7138b1187a6b7ee55f160b9968b66013c3a3ef39dd7e5798?s=96&d=mm&r=g\",\"caption\":\"Jeanette\"},\"sameAs\":[\"https:\\\/\\\/www.eldiario.net\\\/portal\"],\"url\":\"https:\\\/\\\/www.eldiario.net\\\/portal\\\/author\\\/jeanette\\\/\"}]}<\/script>\n<!-- \/ Yoast SEO plugin. -->","yoast_head_json":{"title":"Patrones de da\u00f1o pulmonar en v\u00edctimas de covid-19 - El Diario - Bolivia","robots":{"index":"index","follow":"follow","max-snippet":"max-snippet:-1","max-image-preview":"max-image-preview:large","max-video-preview":"max-video-preview:-1"},"canonical":"https:\/\/www.eldiario.net\/portal\/2021\/11\/01\/patrones-de-dano-pulmonar-en-victimas-de-covid-19\/","og_locale":"es_ES","og_type":"article","og_title":"Patrones de da\u00f1o pulmonar en v\u00edctimas de covid-19 - El Diario - Bolivia","og_description":"Parte I El covid-19 puede alterar el funcionamiento de distintos \u00f3rganos, por eso ha venido consider\u00e1ndoselo como una enfermedad sist\u00e9mica. Y aun cuando se eval\u00faa \u00fanicamente a la peque\u00f1a cantidad de los infectados que desarrollan insuficiencia respiratoria, es posible notar que el SARS-CoV-2 afecta a los pulmones de maneras variadas. En un estudio dado a [&hellip;]","og_url":"https:\/\/www.eldiario.net\/portal\/2021\/11\/01\/patrones-de-dano-pulmonar-en-victimas-de-covid-19\/","og_site_name":"El Diario - Bolivia","article_publisher":"https:\/\/www.facebook.com\/eldiario.bolivia\/","article_published_time":"2021-11-01T09:26:17+00:00","author":"Jeanette","twitter_card":"summary_large_image","twitter_creator":"@eldiario_net","twitter_site":"@eldiario_net","twitter_misc":{"Escrito por":"Jeanette","Tiempo de lectura":"2 minutos"},"schema":{"@context":"https:\/\/schema.org","@graph":[{"@type":"Article","@id":"https:\/\/www.eldiario.net\/portal\/2021\/11\/01\/patrones-de-dano-pulmonar-en-victimas-de-covid-19\/#article","isPartOf":{"@id":"https:\/\/www.eldiario.net\/portal\/2021\/11\/01\/patrones-de-dano-pulmonar-en-victimas-de-covid-19\/"},"author":{"name":"Jeanette","@id":"https:\/\/www.eldiario.net\/portal\/#\/schema\/person\/f46445640444750d7d753ccd04ae01b7"},"headline":"Patrones de da\u00f1o pulmonar en v\u00edctimas de covid-19","datePublished":"2021-11-01T09:26:17+00:00","mainEntityOfPage":{"@id":"https:\/\/www.eldiario.net\/portal\/2021\/11\/01\/patrones-de-dano-pulmonar-en-victimas-de-covid-19\/"},"wordCount":487,"publisher":{"@id":"https:\/\/www.eldiario.net\/portal\/#organization"},"articleSection":["Opini\u00f3n"],"inLanguage":"es"},{"@type":"WebPage","@id":"https:\/\/www.eldiario.net\/portal\/2021\/11\/01\/patrones-de-dano-pulmonar-en-victimas-de-covid-19\/","url":"https:\/\/www.eldiario.net\/portal\/2021\/11\/01\/patrones-de-dano-pulmonar-en-victimas-de-covid-19\/","name":"Patrones de da\u00f1o pulmonar en v\u00edctimas de covid-19 - El Diario - Bolivia","isPartOf":{"@id":"https:\/\/www.eldiario.net\/portal\/#website"},"datePublished":"2021-11-01T09:26:17+00:00","breadcrumb":{"@id":"https:\/\/www.eldiario.net\/portal\/2021\/11\/01\/patrones-de-dano-pulmonar-en-victimas-de-covid-19\/#breadcrumb"},"inLanguage":"es","potentialAction":[{"@type":"ReadAction","target":["https:\/\/www.eldiario.net\/portal\/2021\/11\/01\/patrones-de-dano-pulmonar-en-victimas-de-covid-19\/"]}]},{"@type":"BreadcrumbList","@id":"https:\/\/www.eldiario.net\/portal\/2021\/11\/01\/patrones-de-dano-pulmonar-en-victimas-de-covid-19\/#breadcrumb","itemListElement":[{"@type":"ListItem","position":1,"name":"Portada","item":"https:\/\/www.eldiario.net\/portal\/"},{"@type":"ListItem","position":2,"name":"Patrones de da\u00f1o pulmonar en v\u00edctimas de covid-19"}]},{"@type":"WebSite","@id":"https:\/\/www.eldiario.net\/portal\/#website","url":"https:\/\/www.eldiario.net\/portal\/","name":"El Diario - Decano de la prensa nacional","description":"El Diario - Decano de la prensa nacional","publisher":{"@id":"https:\/\/www.eldiario.net\/portal\/#organization"},"potentialAction":[{"@type":"SearchAction","target":{"@type":"EntryPoint","urlTemplate":"https:\/\/www.eldiario.net\/portal\/?s={search_term_string}"},"query-input":{"@type":"PropertyValueSpecification","valueRequired":true,"valueName":"search_term_string"}}],"inLanguage":"es"},{"@type":"Organization","@id":"https:\/\/www.eldiario.net\/portal\/#organization","name":"El Diario - Decano de la prensa nacional","url":"https:\/\/www.eldiario.net\/portal\/","logo":{"@type":"ImageObject","inLanguage":"es","@id":"https:\/\/www.eldiario.net\/portal\/#\/schema\/logo\/image\/","url":"https:\/\/www.eldiario.net\/portal\/wp-content\/uploads\/2023\/07\/logo_ED.jpg","contentUrl":"https:\/\/www.eldiario.net\/portal\/wp-content\/uploads\/2023\/07\/logo_ED.jpg","width":272,"height":52,"caption":"El Diario - Decano de la prensa nacional"},"image":{"@id":"https:\/\/www.eldiario.net\/portal\/#\/schema\/logo\/image\/"},"sameAs":["https:\/\/www.facebook.com\/eldiario.bolivia\/","https:\/\/x.com\/eldiario_net"]},{"@type":"Person","@id":"https:\/\/www.eldiario.net\/portal\/#\/schema\/person\/f46445640444750d7d753ccd04ae01b7","name":"Jeanette","image":{"@type":"ImageObject","inLanguage":"es","@id":"https:\/\/secure.gravatar.com\/avatar\/3ea2118a5f7dad2b7138b1187a6b7ee55f160b9968b66013c3a3ef39dd7e5798?s=96&d=mm&r=g","url":"https:\/\/secure.gravatar.com\/avatar\/3ea2118a5f7dad2b7138b1187a6b7ee55f160b9968b66013c3a3ef39dd7e5798?s=96&d=mm&r=g","contentUrl":"https:\/\/secure.gravatar.com\/avatar\/3ea2118a5f7dad2b7138b1187a6b7ee55f160b9968b66013c3a3ef39dd7e5798?s=96&d=mm&r=g","caption":"Jeanette"},"sameAs":["https:\/\/www.eldiario.net\/portal"],"url":"https:\/\/www.eldiario.net\/portal\/author\/jeanette\/"}]}},"_links":{"self":[{"href":"https:\/\/www.eldiario.net\/portal\/wp-json\/wp\/v2\/posts\/40140","targetHints":{"allow":["GET"]}}],"collection":[{"href":"https:\/\/www.eldiario.net\/portal\/wp-json\/wp\/v2\/posts"}],"about":[{"href":"https:\/\/www.eldiario.net\/portal\/wp-json\/wp\/v2\/types\/post"}],"author":[{"embeddable":true,"href":"https:\/\/www.eldiario.net\/portal\/wp-json\/wp\/v2\/users\/1"}],"replies":[{"embeddable":true,"href":"https:\/\/www.eldiario.net\/portal\/wp-json\/wp\/v2\/comments?post=40140"}],"version-history":[{"count":0,"href":"https:\/\/www.eldiario.net\/portal\/wp-json\/wp\/v2\/posts\/40140\/revisions"}],"wp:attachment":[{"href":"https:\/\/www.eldiario.net\/portal\/wp-json\/wp\/v2\/media?parent=40140"}],"wp:term":[{"taxonomy":"category","embeddable":true,"href":"https:\/\/www.eldiario.net\/portal\/wp-json\/wp\/v2\/categories?post=40140"},{"taxonomy":"post_tag","embeddable":true,"href":"https:\/\/www.eldiario.net\/portal\/wp-json\/wp\/v2\/tags?post=40140"}],"curies":[{"name":"wp","href":"https:\/\/api.w.org\/{rel}","templated":true}]}}