{"id":40136,"date":"2021-11-01T05:25:12","date_gmt":"2021-11-01T09:25:12","guid":{"rendered":"https:\/\/www.eldiario.net\/portal\/?p=40136"},"modified":"2021-11-01T05:25:12","modified_gmt":"2021-11-01T09:25:12","slug":"centro-de-desarrollo-panqarana-y-su-responsabilidad-social","status":"publish","type":"post","link":"https:\/\/www.eldiario.net\/portal\/2021\/11\/01\/centro-de-desarrollo-panqarana-y-su-responsabilidad-social\/","title":{"rendered":"Centro de desarrollo \u201cPanqara\u00f1a\u201d y su responsabilidad social"},"content":{"rendered":"<p>El centro multidisciplinario trabaja con siete gabinetes de intervenci\u00f3n para coadyuvar en el correcto desarrollo de las infancias, adolescentes y familias que requieren sus servicios, trabajan de manera preventiva y terap\u00e9utica en las siguientes \u00e1reas: psicolog\u00eda, fonoaudiolog\u00eda, terapia ocupacional, estimulaci\u00f3n temprana, psicopedagog\u00eda, psicomotricidad y cuidado a domicilio con tutor\u00edas.<br \/>\nLa Lic. Psic\u00f3loga Gabriela Deheza Dur\u00e1n, directora general, es la fundadora y creadora del centro, nos comenta que el centro nace con la intenci\u00f3n primaria de aportar en la mejora de la calidad de vida de ni\u00f1as, ni\u00f1os y adolescentes involucrando a las familias en el proceso de desarrollo otorgando todas las herramientas profesionales necesarias para que el mismo sea \u00f3ptimo, \u201csiempre destacando la particularidad de cada ni\u00f1a y ni\u00f1o y de cada familia, adapt\u00e1ndonos a sus procesos individuales pero que nos proporcionen beneficios colectivos y de integraci\u00f3n total\u201d.<br \/>\nEl centro est\u00e1 conformado por un amplio equipo de profesionales plenamente capacitados en sus respectivas \u00e1reas. Adem\u00e1s de tener amplia experiencia, es un equipo que basa su trabajo en la formaci\u00f3n constante y la investigaci\u00f3n permanente, misma que les permite desarrollar sus funciones con mayor precisi\u00f3n y obtener resultados positivos.<br \/>\n\u201cLa calidad humana, la vocaci\u00f3n y simpat\u00eda de nuestro equipo de trabajo destaca el momento de intervenir, puesto que se asume como prioridad el buen trato y brindar un clima de confianza para que nuestras familias se sientan seguras\u201d, manifesta.<br \/>\nOtra motivaci\u00f3n que es de suma importancia para la creaci\u00f3n del centro Panqara\u00f1a es poder brindar oportunidad de crecimiento laboral de manera digna a mujeres profesionales especializadas en el \u00e1rea de la salud y la educaci\u00f3n, otorg\u00e1ndoles herramientas y posibilidad de crecimiento personal en el ejercicio de sus funciones.<br \/>\nSu misi\u00f3n es ofrecer un servicio integral de calidad que coadyuve en el desarrollo pleno del potencial de cada ni\u00f1a, ni\u00f1o, adolescente y familia en todos los ejes personales y sociales.<br \/>\nSu visi\u00f3n es ser una instituci\u00f3n de referencia y aporte significativo en el desarrollo integral de sus usuarios, en todas sus \u00e1reas de intervenci\u00f3n a favor del bienestar cognitivo, emocional, personal, social, comunitario.<br \/>\nSus valores son de promover principalmente: respeto, empat\u00eda, inclusi\u00f3n, equidad, igualdad, solidaridad, justicia, responsabilidad, confianza y diversidad.<br \/>\nApuestan por la calidad en cada uno de sus servicios y la capacidad de sus profesionales, siempre con el af\u00e1n de adaptarse a las necesidades sociales y comunitarias, actualizando su formaci\u00f3n en pro del bienestar de quienes conf\u00edan en ellos.<br \/>\nRespetan los procesos y la identidad de cada persona que requiera sus servicios, adem\u00e1s que desarrollan un plan de intervenci\u00f3n que se adapte a la realidad individual de quien se beneficie del mismo.<br \/>\nSu objetivo general es brindar un espacio de integraci\u00f3n, sociabilizaci\u00f3n y estimulaci\u00f3n que garanticen el desarrollo de las infancias y adolescencia con participaci\u00f3n activa de las familias y de la comunidad.<br \/>\nY sus objetivos espec\u00edficos son:<br \/>\n&#8211; Propiciar el desarrollo de los procesos psicosociales de las infancias, adolescencias y familias, mediante el desarrollo de actividades con participaci\u00f3n de la familia.<br \/>\n&#8211; Coadyuvar en la mejora de la calidad de vida de las infancias, adolescencias y familias, en cuanto a nutrici\u00f3n, cuidado, protecci\u00f3n, promoci\u00f3n de la salud f\u00edsica y mental, adem\u00e1s de prevenci\u00f3n de situaciones de riesgo, a trav\u00e9s de procesos pedag\u00f3gicos, gestiones interinstitucionales y actividades de participaci\u00f3n social y comunitaria.<br \/>\n&#8211; Sensibilizar a las familias en cuanto al manejo de pautas de crianza positiva y democr\u00e1tica adecuadas en condiciones de buen trato, respeto y amor.<br \/>\n&#8211; Brindar servicios de calidad con resultados palpables y visibles en todas las \u00e1reas de intervenci\u00f3n.<br \/>\n&#8211; Colaborar con la comunidad a trav\u00e9s de actividades que propicien la salud y la educaci\u00f3n a nivel social y comunitario.<br \/>\n&#8211; Otorgar un espacio seguro para ni\u00f1as, ni\u00f1os y personas en estado de vulnerabilidad.<br \/>\nEl Centro Panqara\u00f1a tiene convenios interinstitucionales con un servicio legal y su responsabilidad social empresarial es brindar gratuitamente sus servicios a gente de escasos recursos.<\/p>\n<p>Facebook: Centro Panqara\u00f1a<\/p>\n","protected":false},"excerpt":{"rendered":"<p>El centro multidisciplinario trabaja con siete gabinetes de intervenci\u00f3n para coadyuvar en el correcto desarrollo de las infancias, adolescentes y familias que requieren sus servicios, trabajan de manera preventiva y terap\u00e9utica en las siguientes \u00e1reas: psicolog\u00eda, fonoaudiolog\u00eda, terapia ocupacional, estimulaci\u00f3n temprana, psicopedagog\u00eda, psicomotricidad y cuidado a domicilio con tutor\u00edas. La Lic. Psic\u00f3loga Gabriela Deheza Dur\u00e1n, [&hellip;]<\/p>\n","protected":false},"author":1,"featured_media":16869,"comment_status":"closed","ping_status":"closed","sticky":false,"template":"","format":"standard","meta":{"_acf_changed":false,"footnotes":""},"categories":[9],"tags":[],"class_list":["post-40136","post","type-post","status-publish","format-standard","has-post-thumbnail","category-opinion"],"acf":{"antetitulo":""},"yoast_head":"<!-- This site is optimized with the Yoast SEO plugin v28.3 - https:\/\/yoast.com\/product\/yoast-seo-wordpress\/ -->\n<title>Centro de desarrollo \u201cPanqara\u00f1a\u201d y su responsabilidad social - El Diario - Bolivia<\/title>\n<meta name=\"robots\" content=\"index, follow, max-snippet:-1, max-image-preview:large, max-video-preview:-1\" \/>\n<link rel=\"canonical\" href=\"https:\/\/www.eldiario.net\/portal\/2021\/11\/01\/centro-de-desarrollo-panqarana-y-su-responsabilidad-social\/\" \/>\n<meta property=\"og:locale\" content=\"es_ES\" \/>\n<meta property=\"og:type\" content=\"article\" \/>\n<meta property=\"og:title\" content=\"Centro de desarrollo \u201cPanqara\u00f1a\u201d y su responsabilidad social - El Diario - Bolivia\" \/>\n<meta property=\"og:description\" content=\"El centro multidisciplinario trabaja con siete gabinetes de intervenci\u00f3n para coadyuvar en el correcto desarrollo de las infancias, adolescentes y familias que requieren sus servicios, trabajan de manera preventiva y terap\u00e9utica en las siguientes \u00e1reas: psicolog\u00eda, fonoaudiolog\u00eda, terapia ocupacional, estimulaci\u00f3n temprana, psicopedagog\u00eda, psicomotricidad y cuidado a domicilio con tutor\u00edas. La Lic. Psic\u00f3loga Gabriela Deheza Dur\u00e1n, [&hellip;]\" \/>\n<meta property=\"og:url\" content=\"https:\/\/www.eldiario.net\/portal\/2021\/11\/01\/centro-de-desarrollo-panqarana-y-su-responsabilidad-social\/\" \/>\n<meta property=\"og:site_name\" content=\"El Diario - Bolivia\" \/>\n<meta property=\"article:publisher\" content=\"https:\/\/www.facebook.com\/eldiario.bolivia\/\" \/>\n<meta property=\"article:published_time\" content=\"2021-11-01T09:25:12+00:00\" \/>\n<meta name=\"author\" content=\"Jeanette\" \/>\n<meta name=\"twitter:card\" content=\"summary_large_image\" \/>\n<meta name=\"twitter:creator\" content=\"@eldiario_net\" \/>\n<meta name=\"twitter:site\" content=\"@eldiario_net\" \/>\n<meta name=\"twitter:label1\" content=\"Escrito por\" \/>\n\t<meta name=\"twitter:data1\" content=\"Jeanette\" \/>\n\t<meta name=\"twitter:label2\" content=\"Tiempo de lectura\" \/>\n\t<meta name=\"twitter:data2\" content=\"3 minutos\" \/>\n<script type=\"application\/ld+json\" class=\"yoast-schema-graph\">{\"@context\":\"https:\\\/\\\/schema.org\",\"@graph\":[{\"@type\":\"Article\",\"@id\":\"https:\\\/\\\/www.eldiario.net\\\/portal\\\/2021\\\/11\\\/01\\\/centro-de-desarrollo-panqarana-y-su-responsabilidad-social\\\/#article\",\"isPartOf\":{\"@id\":\"https:\\\/\\\/www.eldiario.net\\\/portal\\\/2021\\\/11\\\/01\\\/centro-de-desarrollo-panqarana-y-su-responsabilidad-social\\\/\"},\"author\":{\"name\":\"Jeanette\",\"@id\":\"https:\\\/\\\/www.eldiario.net\\\/portal\\\/#\\\/schema\\\/person\\\/f46445640444750d7d753ccd04ae01b7\"},\"headline\":\"Centro de desarrollo \u201cPanqara\u00f1a\u201d y su responsabilidad social\",\"datePublished\":\"2021-11-01T09:25:12+00:00\",\"mainEntityOfPage\":{\"@id\":\"https:\\\/\\\/www.eldiario.net\\\/portal\\\/2021\\\/11\\\/01\\\/centro-de-desarrollo-panqarana-y-su-responsabilidad-social\\\/\"},\"wordCount\":717,\"publisher\":{\"@id\":\"https:\\\/\\\/www.eldiario.net\\\/portal\\\/#organization\"},\"image\":{\"@id\":\"https:\\\/\\\/www.eldiario.net\\\/portal\\\/2021\\\/11\\\/01\\\/centro-de-desarrollo-panqarana-y-su-responsabilidad-social\\\/#primaryimage\"},\"thumbnailUrl\":\"\",\"articleSection\":[\"Opini\u00f3n\"],\"inLanguage\":\"es\"},{\"@type\":\"WebPage\",\"@id\":\"https:\\\/\\\/www.eldiario.net\\\/portal\\\/2021\\\/11\\\/01\\\/centro-de-desarrollo-panqarana-y-su-responsabilidad-social\\\/\",\"url\":\"https:\\\/\\\/www.eldiario.net\\\/portal\\\/2021\\\/11\\\/01\\\/centro-de-desarrollo-panqarana-y-su-responsabilidad-social\\\/\",\"name\":\"Centro de desarrollo \u201cPanqara\u00f1a\u201d y su responsabilidad social - El Diario - Bolivia\",\"isPartOf\":{\"@id\":\"https:\\\/\\\/www.eldiario.net\\\/portal\\\/#website\"},\"primaryImageOfPage\":{\"@id\":\"https:\\\/\\\/www.eldiario.net\\\/portal\\\/2021\\\/11\\\/01\\\/centro-de-desarrollo-panqarana-y-su-responsabilidad-social\\\/#primaryimage\"},\"image\":{\"@id\":\"https:\\\/\\\/www.eldiario.net\\\/portal\\\/2021\\\/11\\\/01\\\/centro-de-desarrollo-panqarana-y-su-responsabilidad-social\\\/#primaryimage\"},\"thumbnailUrl\":\"\",\"datePublished\":\"2021-11-01T09:25:12+00:00\",\"breadcrumb\":{\"@id\":\"https:\\\/\\\/www.eldiario.net\\\/portal\\\/2021\\\/11\\\/01\\\/centro-de-desarrollo-panqarana-y-su-responsabilidad-social\\\/#breadcrumb\"},\"inLanguage\":\"es\",\"potentialAction\":[{\"@type\":\"ReadAction\",\"target\":[\"https:\\\/\\\/www.eldiario.net\\\/portal\\\/2021\\\/11\\\/01\\\/centro-de-desarrollo-panqarana-y-su-responsabilidad-social\\\/\"]}]},{\"@type\":\"ImageObject\",\"inLanguage\":\"es\",\"@id\":\"https:\\\/\\\/www.eldiario.net\\\/portal\\\/2021\\\/11\\\/01\\\/centro-de-desarrollo-panqarana-y-su-responsabilidad-social\\\/#primaryimage\",\"url\":\"\",\"contentUrl\":\"\"},{\"@type\":\"BreadcrumbList\",\"@id\":\"https:\\\/\\\/www.eldiario.net\\\/portal\\\/2021\\\/11\\\/01\\\/centro-de-desarrollo-panqarana-y-su-responsabilidad-social\\\/#breadcrumb\",\"itemListElement\":[{\"@type\":\"ListItem\",\"position\":1,\"name\":\"Portada\",\"item\":\"https:\\\/\\\/www.eldiario.net\\\/portal\\\/\"},{\"@type\":\"ListItem\",\"position\":2,\"name\":\"Centro de desarrollo \u201cPanqara\u00f1a\u201d y su responsabilidad social\"}]},{\"@type\":\"WebSite\",\"@id\":\"https:\\\/\\\/www.eldiario.net\\\/portal\\\/#website\",\"url\":\"https:\\\/\\\/www.eldiario.net\\\/portal\\\/\",\"name\":\"El Diario - Decano de la prensa nacional\",\"description\":\"El Diario - Decano de la prensa nacional\",\"publisher\":{\"@id\":\"https:\\\/\\\/www.eldiario.net\\\/portal\\\/#organization\"},\"potentialAction\":[{\"@type\":\"SearchAction\",\"target\":{\"@type\":\"EntryPoint\",\"urlTemplate\":\"https:\\\/\\\/www.eldiario.net\\\/portal\\\/?s={search_term_string}\"},\"query-input\":{\"@type\":\"PropertyValueSpecification\",\"valueRequired\":true,\"valueName\":\"search_term_string\"}}],\"inLanguage\":\"es\"},{\"@type\":\"Organization\",\"@id\":\"https:\\\/\\\/www.eldiario.net\\\/portal\\\/#organization\",\"name\":\"El Diario - Decano de la prensa nacional\",\"url\":\"https:\\\/\\\/www.eldiario.net\\\/portal\\\/\",\"logo\":{\"@type\":\"ImageObject\",\"inLanguage\":\"es\",\"@id\":\"https:\\\/\\\/www.eldiario.net\\\/portal\\\/#\\\/schema\\\/logo\\\/image\\\/\",\"url\":\"https:\\\/\\\/www.eldiario.net\\\/portal\\\/wp-content\\\/uploads\\\/2023\\\/07\\\/logo_ED.jpg\",\"contentUrl\":\"https:\\\/\\\/www.eldiario.net\\\/portal\\\/wp-content\\\/uploads\\\/2023\\\/07\\\/logo_ED.jpg\",\"width\":272,\"height\":52,\"caption\":\"El Diario - Decano de la prensa nacional\"},\"image\":{\"@id\":\"https:\\\/\\\/www.eldiario.net\\\/portal\\\/#\\\/schema\\\/logo\\\/image\\\/\"},\"sameAs\":[\"https:\\\/\\\/www.facebook.com\\\/eldiario.bolivia\\\/\",\"https:\\\/\\\/x.com\\\/eldiario_net\"]},{\"@type\":\"Person\",\"@id\":\"https:\\\/\\\/www.eldiario.net\\\/portal\\\/#\\\/schema\\\/person\\\/f46445640444750d7d753ccd04ae01b7\",\"name\":\"Jeanette\",\"image\":{\"@type\":\"ImageObject\",\"inLanguage\":\"es\",\"@id\":\"https:\\\/\\\/secure.gravatar.com\\\/avatar\\\/3ea2118a5f7dad2b7138b1187a6b7ee55f160b9968b66013c3a3ef39dd7e5798?s=96&d=mm&r=g\",\"url\":\"https:\\\/\\\/secure.gravatar.com\\\/avatar\\\/3ea2118a5f7dad2b7138b1187a6b7ee55f160b9968b66013c3a3ef39dd7e5798?s=96&d=mm&r=g\",\"contentUrl\":\"https:\\\/\\\/secure.gravatar.com\\\/avatar\\\/3ea2118a5f7dad2b7138b1187a6b7ee55f160b9968b66013c3a3ef39dd7e5798?s=96&d=mm&r=g\",\"caption\":\"Jeanette\"},\"sameAs\":[\"https:\\\/\\\/www.eldiario.net\\\/portal\"],\"url\":\"https:\\\/\\\/www.eldiario.net\\\/portal\\\/author\\\/jeanette\\\/\"}]}<\/script>\n<!-- \/ Yoast SEO plugin. -->","yoast_head_json":{"title":"Centro de desarrollo \u201cPanqara\u00f1a\u201d y su responsabilidad social - El Diario - Bolivia","robots":{"index":"index","follow":"follow","max-snippet":"max-snippet:-1","max-image-preview":"max-image-preview:large","max-video-preview":"max-video-preview:-1"},"canonical":"https:\/\/www.eldiario.net\/portal\/2021\/11\/01\/centro-de-desarrollo-panqarana-y-su-responsabilidad-social\/","og_locale":"es_ES","og_type":"article","og_title":"Centro de desarrollo \u201cPanqara\u00f1a\u201d y su responsabilidad social - El Diario - Bolivia","og_description":"El centro multidisciplinario trabaja con siete gabinetes de intervenci\u00f3n para coadyuvar en el correcto desarrollo de las infancias, adolescentes y familias que requieren sus servicios, trabajan de manera preventiva y terap\u00e9utica en las siguientes \u00e1reas: psicolog\u00eda, fonoaudiolog\u00eda, terapia ocupacional, estimulaci\u00f3n temprana, psicopedagog\u00eda, psicomotricidad y cuidado a domicilio con tutor\u00edas. La Lic. Psic\u00f3loga Gabriela Deheza Dur\u00e1n, [&hellip;]","og_url":"https:\/\/www.eldiario.net\/portal\/2021\/11\/01\/centro-de-desarrollo-panqarana-y-su-responsabilidad-social\/","og_site_name":"El Diario - Bolivia","article_publisher":"https:\/\/www.facebook.com\/eldiario.bolivia\/","article_published_time":"2021-11-01T09:25:12+00:00","author":"Jeanette","twitter_card":"summary_large_image","twitter_creator":"@eldiario_net","twitter_site":"@eldiario_net","twitter_misc":{"Escrito por":"Jeanette","Tiempo de lectura":"3 minutos"},"schema":{"@context":"https:\/\/schema.org","@graph":[{"@type":"Article","@id":"https:\/\/www.eldiario.net\/portal\/2021\/11\/01\/centro-de-desarrollo-panqarana-y-su-responsabilidad-social\/#article","isPartOf":{"@id":"https:\/\/www.eldiario.net\/portal\/2021\/11\/01\/centro-de-desarrollo-panqarana-y-su-responsabilidad-social\/"},"author":{"name":"Jeanette","@id":"https:\/\/www.eldiario.net\/portal\/#\/schema\/person\/f46445640444750d7d753ccd04ae01b7"},"headline":"Centro de desarrollo \u201cPanqara\u00f1a\u201d y su responsabilidad social","datePublished":"2021-11-01T09:25:12+00:00","mainEntityOfPage":{"@id":"https:\/\/www.eldiario.net\/portal\/2021\/11\/01\/centro-de-desarrollo-panqarana-y-su-responsabilidad-social\/"},"wordCount":717,"publisher":{"@id":"https:\/\/www.eldiario.net\/portal\/#organization"},"image":{"@id":"https:\/\/www.eldiario.net\/portal\/2021\/11\/01\/centro-de-desarrollo-panqarana-y-su-responsabilidad-social\/#primaryimage"},"thumbnailUrl":"","articleSection":["Opini\u00f3n"],"inLanguage":"es"},{"@type":"WebPage","@id":"https:\/\/www.eldiario.net\/portal\/2021\/11\/01\/centro-de-desarrollo-panqarana-y-su-responsabilidad-social\/","url":"https:\/\/www.eldiario.net\/portal\/2021\/11\/01\/centro-de-desarrollo-panqarana-y-su-responsabilidad-social\/","name":"Centro de desarrollo \u201cPanqara\u00f1a\u201d y su responsabilidad social - El Diario - Bolivia","isPartOf":{"@id":"https:\/\/www.eldiario.net\/portal\/#website"},"primaryImageOfPage":{"@id":"https:\/\/www.eldiario.net\/portal\/2021\/11\/01\/centro-de-desarrollo-panqarana-y-su-responsabilidad-social\/#primaryimage"},"image":{"@id":"https:\/\/www.eldiario.net\/portal\/2021\/11\/01\/centro-de-desarrollo-panqarana-y-su-responsabilidad-social\/#primaryimage"},"thumbnailUrl":"","datePublished":"2021-11-01T09:25:12+00:00","breadcrumb":{"@id":"https:\/\/www.eldiario.net\/portal\/2021\/11\/01\/centro-de-desarrollo-panqarana-y-su-responsabilidad-social\/#breadcrumb"},"inLanguage":"es","potentialAction":[{"@type":"ReadAction","target":["https:\/\/www.eldiario.net\/portal\/2021\/11\/01\/centro-de-desarrollo-panqarana-y-su-responsabilidad-social\/"]}]},{"@type":"ImageObject","inLanguage":"es","@id":"https:\/\/www.eldiario.net\/portal\/2021\/11\/01\/centro-de-desarrollo-panqarana-y-su-responsabilidad-social\/#primaryimage","url":"","contentUrl":""},{"@type":"BreadcrumbList","@id":"https:\/\/www.eldiario.net\/portal\/2021\/11\/01\/centro-de-desarrollo-panqarana-y-su-responsabilidad-social\/#breadcrumb","itemListElement":[{"@type":"ListItem","position":1,"name":"Portada","item":"https:\/\/www.eldiario.net\/portal\/"},{"@type":"ListItem","position":2,"name":"Centro de desarrollo \u201cPanqara\u00f1a\u201d y su responsabilidad social"}]},{"@type":"WebSite","@id":"https:\/\/www.eldiario.net\/portal\/#website","url":"https:\/\/www.eldiario.net\/portal\/","name":"El Diario - Decano de la prensa nacional","description":"El Diario - Decano de la prensa nacional","publisher":{"@id":"https:\/\/www.eldiario.net\/portal\/#organization"},"potentialAction":[{"@type":"SearchAction","target":{"@type":"EntryPoint","urlTemplate":"https:\/\/www.eldiario.net\/portal\/?s={search_term_string}"},"query-input":{"@type":"PropertyValueSpecification","valueRequired":true,"valueName":"search_term_string"}}],"inLanguage":"es"},{"@type":"Organization","@id":"https:\/\/www.eldiario.net\/portal\/#organization","name":"El Diario - Decano de la prensa nacional","url":"https:\/\/www.eldiario.net\/portal\/","logo":{"@type":"ImageObject","inLanguage":"es","@id":"https:\/\/www.eldiario.net\/portal\/#\/schema\/logo\/image\/","url":"https:\/\/www.eldiario.net\/portal\/wp-content\/uploads\/2023\/07\/logo_ED.jpg","contentUrl":"https:\/\/www.eldiario.net\/portal\/wp-content\/uploads\/2023\/07\/logo_ED.jpg","width":272,"height":52,"caption":"El Diario - Decano de la prensa nacional"},"image":{"@id":"https:\/\/www.eldiario.net\/portal\/#\/schema\/logo\/image\/"},"sameAs":["https:\/\/www.facebook.com\/eldiario.bolivia\/","https:\/\/x.com\/eldiario_net"]},{"@type":"Person","@id":"https:\/\/www.eldiario.net\/portal\/#\/schema\/person\/f46445640444750d7d753ccd04ae01b7","name":"Jeanette","image":{"@type":"ImageObject","inLanguage":"es","@id":"https:\/\/secure.gravatar.com\/avatar\/3ea2118a5f7dad2b7138b1187a6b7ee55f160b9968b66013c3a3ef39dd7e5798?s=96&d=mm&r=g","url":"https:\/\/secure.gravatar.com\/avatar\/3ea2118a5f7dad2b7138b1187a6b7ee55f160b9968b66013c3a3ef39dd7e5798?s=96&d=mm&r=g","contentUrl":"https:\/\/secure.gravatar.com\/avatar\/3ea2118a5f7dad2b7138b1187a6b7ee55f160b9968b66013c3a3ef39dd7e5798?s=96&d=mm&r=g","caption":"Jeanette"},"sameAs":["https:\/\/www.eldiario.net\/portal"],"url":"https:\/\/www.eldiario.net\/portal\/author\/jeanette\/"}]}},"_links":{"self":[{"href":"https:\/\/www.eldiario.net\/portal\/wp-json\/wp\/v2\/posts\/40136","targetHints":{"allow":["GET"]}}],"collection":[{"href":"https:\/\/www.eldiario.net\/portal\/wp-json\/wp\/v2\/posts"}],"about":[{"href":"https:\/\/www.eldiario.net\/portal\/wp-json\/wp\/v2\/types\/post"}],"author":[{"embeddable":true,"href":"https:\/\/www.eldiario.net\/portal\/wp-json\/wp\/v2\/users\/1"}],"replies":[{"embeddable":true,"href":"https:\/\/www.eldiario.net\/portal\/wp-json\/wp\/v2\/comments?post=40136"}],"version-history":[{"count":0,"href":"https:\/\/www.eldiario.net\/portal\/wp-json\/wp\/v2\/posts\/40136\/revisions"}],"wp:attachment":[{"href":"https:\/\/www.eldiario.net\/portal\/wp-json\/wp\/v2\/media?parent=40136"}],"wp:term":[{"taxonomy":"category","embeddable":true,"href":"https:\/\/www.eldiario.net\/portal\/wp-json\/wp\/v2\/categories?post=40136"},{"taxonomy":"post_tag","embeddable":true,"href":"https:\/\/www.eldiario.net\/portal\/wp-json\/wp\/v2\/tags?post=40136"}],"curies":[{"name":"wp","href":"https:\/\/api.w.org\/{rel}","templated":true}]}}