{"id":401335,"date":"2026-06-07T06:03:05","date_gmt":"2026-06-07T10:03:05","guid":{"rendered":"https:\/\/www.eldiario.net\/portal\/?p=401335"},"modified":"2026-06-07T06:03:05","modified_gmt":"2026-06-07T10:03:05","slug":"pil-reporta-perdidas-de-bs-16-millones","status":"publish","type":"post","link":"https:\/\/www.eldiario.net\/portal\/2026\/06\/07\/pil-reporta-perdidas-de-bs-16-millones\/","title":{"rendered":"PIL reporta p\u00e9rdidas  de Bs 16 millones"},"content":{"rendered":"<p>Los bloqueos siguen provocando p\u00e9rdidas econ\u00f3micas, la Planta de PIL en El Alto reporta una producci\u00f3n de s\u00f3lo 25% de lo programado y una afectaci\u00f3n de 16 millones de bolivianos, tambi\u00e9n los empresarios de Cochabamba se\u00f1alan que la p\u00e9rdida ya va por los 2.292,4 millones. D\u00edas atr\u00e1s, la C\u00e1mara Nacional de Industrias (CNI) cuantific\u00f3 que la cifra pas\u00f3 los 2.000 millones de d\u00f3lares.<br \/>\nLos bloqueos de carreteras y conflictos sociales registrados durante mayo provocaron una severa afectaci\u00f3n a las operaciones de la Planta de PIL en El Alto, que solo pudo operar durante ocho d\u00edas del mes y produjo apenas una cuarta parte del volumen programado, indica la empresa.<br \/>\nSeg\u00fan datos de la empresa, la planta ten\u00eda previsto elaborar 3.200 toneladas de productos l\u00e1cteos durante mayo; sin embargo, alcanz\u00f3 \u00fanicamente un 25%.<br \/>\nLa suspensi\u00f3n de entrega de leche cruda hace m\u00e1s de 23 d\u00edas oblig\u00f3 a paralizar las operaciones de Planta El Alto, que dej\u00f3 de recibir cerca de 60.000 litros de leche cruda diariamente, generando un impacto econ\u00f3mico negativo que supera los 16.000.000 de bolivianos, monto que resulta de la combinaci\u00f3n entre la producci\u00f3n no realizada y los costos operativos que continuaron acumul\u00e1ndose durante el per\u00edodo de paralizaci\u00f3n.<br \/>\nUno de los indicadores m\u00e1s ilustrativos del impacto sufrido por la industria es el fuerte incremento de los costos fijos por tonelada producida. En otras palabras, producir cada tonelada result\u00f3 casi cuatro veces m\u00e1s caro de lo planificado, al tener que distribuir los mismos costos estructurales sobre una cantidad mucho menor de producto terminado, detalla.<br \/>\nLa situaci\u00f3n fue mitigada mediante el abastecimiento desde las plantas de PIL ubicadas en Santa Cruz y Cochabamba, que cuentan con capacidad para atender tambi\u00e9n la demanda del mercado pace\u00f1o, as\u00ed como de todo el pa\u00eds. No obstante, los bloqueos de carreteras interrumpieron el transporte regular de productos entre departamentos, impidiendo compensar la disminuci\u00f3n de la producci\u00f3n en La Paz.<br \/>\nLa empresa advirti\u00f3 que este tipo de interrupciones no solo perjudica a la industria alimentaria, sino a toda la cadena de producci\u00f3n y distribuci\u00f3n de alimentos, con efectos directos en los costos, el abastecimiento y la atenci\u00f3n oportuna al consumidor.<\/p>\n<p>Cochabamba<br \/>\nEntretanto, la Federaci\u00f3n de Entidades Empresariales Privadas de Cochabamba (FEPC), hasta el viernes 5 de junio, registr\u00f3 una afectaci\u00f3n econ\u00f3mica acumulada estimada de 2.292,4 millones de bolivianos, derivada de 810 conflictos y protestas sociales que generaron 40 d\u00edas efectivos de bloqueo en rutas de conectividad nacional, interdepartamental y regional.<br \/>\nLos datos son el resultado del an\u00e1lisis de la Unidad de An\u00e1lisis Econ\u00f3mico y el Observatorio Econ\u00f3mico Empresarial (OEE) de la FEPC, instancia que adem\u00e1s cuantific\u00f3 una afectaci\u00f3n econ\u00f3mica diaria de 90,9 millones de bolivianos, como consecuencia de 32 puntos de bloqueo que restringen la circulaci\u00f3n de personas, transporte de carga, alimentos, insumos productivos, mercanc\u00edas, servicios log\u00edsticos y bienes esenciales.<br \/>\nEsa unidad tambi\u00e9n advirti\u00f3 que los bloqueos se convirtieron en un \u201cimpuesto econ\u00f3mico indirecto\u201d sobre toda la cadena productiva, al encarecer el transporte, restringir el abastecimiento, reducir ventas, deteriorar liquidez empresarial y trasladar mayores costos al precio final de los alimentos y productos de consumo cotidiano.<br \/>\nEn ese sentido, la FEPC se\u00f1al\u00f3 que el bloqueo altera el funcionamiento normal del sistema de precios, ya que dejan de reflejar solamente oferta, demanda y productividad, adem\u00e1s comienzan a incorporar riesgo log\u00edstico, incertidumbre, p\u00e9rdida de tiempo, desv\u00edos, escasez relativa y costos financieros.<br \/>\nPor otro lado, explic\u00f3 que la inflaci\u00f3n ya golpea la mesa de las familias y que los bloqueos profundizan ese impacto al encarecer el costo de transportar, producir, abastecer y vender.<br \/>\nLa semana pasada, la Confederaci\u00f3n de la Micro y Peque\u00f1a Empresa anunci\u00f3 un proceso penal contra la Central Obrera Boliviana (COB) por el da\u00f1o provocado al sector, al aplicar sus medidas de presi\u00f3n, de m\u00e1s de 600 millones de bolivianos.<\/p>\n<p>Resarcimiento<br \/>\nAnte esas p\u00e9rdidas, el diputado Manolo Rojas present\u00f3 un proyecto de ley que plantea congelar cuentas bancarias, anotar bienes e incluso retener patrimonio de dirigentes y organizadores de protestas que provoquen da\u00f1os a carreteras, infraestructura p\u00fablica o bienes del Estado.<br \/>\nLa iniciativa surge en medio de m\u00e1s de un mes de bloqueos y establece que no solo responder\u00edan quienes causen da\u00f1os de manera directa, sino tambi\u00e9n los l\u00edderes, instigadores y directivos de organizaciones que hayan convocado o respaldado los conflictos.<br \/>\nEl proyecto propone medidas inmediatas como el congelamiento de cuentas bancarias, la anotaci\u00f3n preventiva de inmuebles y veh\u00edculos, e incluso el secuestro de bienes para garantizar el pago de los da\u00f1os ocasionados al patrimonio p\u00fablico.<\/p>\n","protected":false},"excerpt":{"rendered":"<p>Los bloqueos siguen provocando p\u00e9rdidas econ\u00f3micas, la Planta de PIL en El Alto reporta una producci\u00f3n de s\u00f3lo 25% de lo programado y una afectaci\u00f3n de 16 millones de bolivianos, tambi\u00e9n los empresarios de Cochabamba se\u00f1alan que la p\u00e9rdida ya va por los 2.292,4 millones. D\u00edas atr\u00e1s, la C\u00e1mara Nacional de Industrias (CNI) cuantific\u00f3 que [&hellip;]<\/p>\n","protected":false},"author":1,"featured_media":401336,"comment_status":"closed","ping_status":"open","sticky":false,"template":"","format":"standard","meta":{"_acf_changed":false,"footnotes":""},"categories":[7],"tags":[],"class_list":["post-401335","post","type-post","status-publish","format-standard","has-post-thumbnail","category-economia"],"acf":{"antetitulo":""},"yoast_head":"<!-- This site is optimized with the Yoast SEO plugin v28.4 - https:\/\/yoast.com\/product\/yoast-seo-wordpress\/ -->\n<title>PIL reporta p\u00e9rdidas de Bs 16 millones - El Diario - Bolivia<\/title>\n<meta name=\"robots\" content=\"index, follow, max-snippet:-1, max-image-preview:large, max-video-preview:-1\" \/>\n<link rel=\"canonical\" href=\"https:\/\/www.eldiario.net\/portal\/2026\/06\/07\/pil-reporta-perdidas-de-bs-16-millones\/\" \/>\n<meta property=\"og:locale\" content=\"es_ES\" \/>\n<meta property=\"og:type\" content=\"article\" \/>\n<meta property=\"og:title\" content=\"PIL reporta p\u00e9rdidas de Bs 16 millones - El Diario - Bolivia\" \/>\n<meta property=\"og:description\" content=\"Los bloqueos siguen provocando p\u00e9rdidas econ\u00f3micas, la Planta de PIL en El Alto reporta una producci\u00f3n de s\u00f3lo 25% de lo programado y una afectaci\u00f3n de 16 millones de bolivianos, tambi\u00e9n los empresarios de Cochabamba se\u00f1alan que la p\u00e9rdida ya va por los 2.292,4 millones. D\u00edas atr\u00e1s, la C\u00e1mara Nacional de Industrias (CNI) cuantific\u00f3 que [&hellip;]\" \/>\n<meta property=\"og:url\" content=\"https:\/\/www.eldiario.net\/portal\/2026\/06\/07\/pil-reporta-perdidas-de-bs-16-millones\/\" \/>\n<meta property=\"og:site_name\" content=\"El Diario - Bolivia\" \/>\n<meta property=\"article:publisher\" content=\"https:\/\/www.facebook.com\/eldiario.bolivia\/\" \/>\n<meta property=\"article:published_time\" content=\"2026-06-07T10:03:05+00:00\" \/>\n<meta property=\"og:image\" content=\"https:\/\/www.eldiario.net\/portal\/wp-content\/uploads\/2026\/06\/pil-2.webp\" \/>\n\t<meta property=\"og:image:width\" content=\"960\" \/>\n\t<meta property=\"og:image:height\" content=\"539\" \/>\n\t<meta property=\"og:image:type\" content=\"image\/webp\" \/>\n<meta name=\"author\" content=\"Jeanette\" \/>\n<meta name=\"twitter:card\" content=\"summary_large_image\" \/>\n<meta name=\"twitter:creator\" content=\"@eldiario_net\" \/>\n<meta name=\"twitter:site\" content=\"@eldiario_net\" \/>\n<meta name=\"twitter:label1\" content=\"Escrito por\" \/>\n\t<meta name=\"twitter:data1\" content=\"Jeanette\" \/>\n\t<meta name=\"twitter:label2\" content=\"Tiempo de lectura\" \/>\n\t<meta name=\"twitter:data2\" content=\"4 minutos\" \/>\n<script type=\"application\/ld+json\" class=\"yoast-schema-graph\">{\"@context\":\"https:\\\/\\\/schema.org\",\"@graph\":[{\"@type\":\"Article\",\"@id\":\"https:\\\/\\\/www.eldiario.net\\\/portal\\\/2026\\\/06\\\/07\\\/pil-reporta-perdidas-de-bs-16-millones\\\/#article\",\"isPartOf\":{\"@id\":\"https:\\\/\\\/www.eldiario.net\\\/portal\\\/2026\\\/06\\\/07\\\/pil-reporta-perdidas-de-bs-16-millones\\\/\"},\"author\":{\"name\":\"Jeanette\",\"@id\":\"https:\\\/\\\/www.eldiario.net\\\/portal\\\/#\\\/schema\\\/person\\\/2c57cf2b7a7ae032e449e4c9b1019eac\"},\"headline\":\"PIL reporta p\u00e9rdidas de Bs 16 millones\",\"datePublished\":\"2026-06-07T10:03:05+00:00\",\"mainEntityOfPage\":{\"@id\":\"https:\\\/\\\/www.eldiario.net\\\/portal\\\/2026\\\/06\\\/07\\\/pil-reporta-perdidas-de-bs-16-millones\\\/\"},\"wordCount\":807,\"publisher\":{\"@id\":\"https:\\\/\\\/www.eldiario.net\\\/portal\\\/#organization\"},\"image\":{\"@id\":\"https:\\\/\\\/www.eldiario.net\\\/portal\\\/2026\\\/06\\\/07\\\/pil-reporta-perdidas-de-bs-16-millones\\\/#primaryimage\"},\"thumbnailUrl\":\"https:\\\/\\\/www.eldiario.net\\\/portal\\\/wp-content\\\/uploads\\\/2026\\\/06\\\/pil-2.webp\",\"articleSection\":[\"Econom\u00eda\"],\"inLanguage\":\"es\"},{\"@type\":\"WebPage\",\"@id\":\"https:\\\/\\\/www.eldiario.net\\\/portal\\\/2026\\\/06\\\/07\\\/pil-reporta-perdidas-de-bs-16-millones\\\/\",\"url\":\"https:\\\/\\\/www.eldiario.net\\\/portal\\\/2026\\\/06\\\/07\\\/pil-reporta-perdidas-de-bs-16-millones\\\/\",\"name\":\"PIL reporta p\u00e9rdidas de Bs 16 millones - El Diario - Bolivia\",\"isPartOf\":{\"@id\":\"https:\\\/\\\/www.eldiario.net\\\/portal\\\/#website\"},\"primaryImageOfPage\":{\"@id\":\"https:\\\/\\\/www.eldiario.net\\\/portal\\\/2026\\\/06\\\/07\\\/pil-reporta-perdidas-de-bs-16-millones\\\/#primaryimage\"},\"image\":{\"@id\":\"https:\\\/\\\/www.eldiario.net\\\/portal\\\/2026\\\/06\\\/07\\\/pil-reporta-perdidas-de-bs-16-millones\\\/#primaryimage\"},\"thumbnailUrl\":\"https:\\\/\\\/www.eldiario.net\\\/portal\\\/wp-content\\\/uploads\\\/2026\\\/06\\\/pil-2.webp\",\"datePublished\":\"2026-06-07T10:03:05+00:00\",\"breadcrumb\":{\"@id\":\"https:\\\/\\\/www.eldiario.net\\\/portal\\\/2026\\\/06\\\/07\\\/pil-reporta-perdidas-de-bs-16-millones\\\/#breadcrumb\"},\"inLanguage\":\"es\",\"potentialAction\":[{\"@type\":\"ReadAction\",\"target\":[\"https:\\\/\\\/www.eldiario.net\\\/portal\\\/2026\\\/06\\\/07\\\/pil-reporta-perdidas-de-bs-16-millones\\\/\"]}]},{\"@type\":\"ImageObject\",\"inLanguage\":\"es\",\"@id\":\"https:\\\/\\\/www.eldiario.net\\\/portal\\\/2026\\\/06\\\/07\\\/pil-reporta-perdidas-de-bs-16-millones\\\/#primaryimage\",\"url\":\"https:\\\/\\\/www.eldiario.net\\\/portal\\\/wp-content\\\/uploads\\\/2026\\\/06\\\/pil-2.webp\",\"contentUrl\":\"https:\\\/\\\/www.eldiario.net\\\/portal\\\/wp-content\\\/uploads\\\/2026\\\/06\\\/pil-2.webp\",\"width\":960,\"height\":539,\"caption\":\"Planta de PIL en El Alto.\"},{\"@type\":\"BreadcrumbList\",\"@id\":\"https:\\\/\\\/www.eldiario.net\\\/portal\\\/2026\\\/06\\\/07\\\/pil-reporta-perdidas-de-bs-16-millones\\\/#breadcrumb\",\"itemListElement\":[{\"@type\":\"ListItem\",\"position\":1,\"name\":\"Portada\",\"item\":\"https:\\\/\\\/www.eldiario.net\\\/portal\\\/\"},{\"@type\":\"ListItem\",\"position\":2,\"name\":\"PIL reporta p\u00e9rdidas de Bs 16 millones\"}]},{\"@type\":\"WebSite\",\"@id\":\"https:\\\/\\\/www.eldiario.net\\\/portal\\\/#website\",\"url\":\"https:\\\/\\\/www.eldiario.net\\\/portal\\\/\",\"name\":\"El Diario - Decano de la prensa nacional\",\"description\":\"El Diario - Decano de la prensa nacional\",\"publisher\":{\"@id\":\"https:\\\/\\\/www.eldiario.net\\\/portal\\\/#organization\"},\"potentialAction\":[{\"@type\":\"SearchAction\",\"target\":{\"@type\":\"EntryPoint\",\"urlTemplate\":\"https:\\\/\\\/www.eldiario.net\\\/portal\\\/?s={search_term_string}\"},\"query-input\":{\"@type\":\"PropertyValueSpecification\",\"valueRequired\":true,\"valueName\":\"search_term_string\"}}],\"inLanguage\":\"es\"},{\"@type\":\"Organization\",\"@id\":\"https:\\\/\\\/www.eldiario.net\\\/portal\\\/#organization\",\"name\":\"El Diario - Decano de la prensa nacional\",\"url\":\"https:\\\/\\\/www.eldiario.net\\\/portal\\\/\",\"logo\":{\"@type\":\"ImageObject\",\"inLanguage\":\"es\",\"@id\":\"https:\\\/\\\/www.eldiario.net\\\/portal\\\/#\\\/schema\\\/logo\\\/image\\\/\",\"url\":\"https:\\\/\\\/www.eldiario.net\\\/portal\\\/wp-content\\\/uploads\\\/2023\\\/07\\\/logo_ED.jpg\",\"contentUrl\":\"https:\\\/\\\/www.eldiario.net\\\/portal\\\/wp-content\\\/uploads\\\/2023\\\/07\\\/logo_ED.jpg\",\"width\":272,\"height\":52,\"caption\":\"El Diario - Decano de la prensa nacional\"},\"image\":{\"@id\":\"https:\\\/\\\/www.eldiario.net\\\/portal\\\/#\\\/schema\\\/logo\\\/image\\\/\"},\"sameAs\":[\"https:\\\/\\\/www.facebook.com\\\/eldiario.bolivia\\\/\",\"https:\\\/\\\/x.com\\\/eldiario_net\"]},{\"@type\":\"Person\",\"@id\":\"https:\\\/\\\/www.eldiario.net\\\/portal\\\/#\\\/schema\\\/person\\\/2c57cf2b7a7ae032e449e4c9b1019eac\",\"name\":\"Jeanette\",\"image\":{\"@type\":\"ImageObject\",\"inLanguage\":\"es\",\"@id\":\"https:\\\/\\\/secure.gravatar.com\\\/avatar\\\/3ea2118a5f7dad2b7138b1187a6b7ee55f160b9968b66013c3a3ef39dd7e5798?s=96&d=mm&r=g\",\"url\":\"https:\\\/\\\/secure.gravatar.com\\\/avatar\\\/3ea2118a5f7dad2b7138b1187a6b7ee55f160b9968b66013c3a3ef39dd7e5798?s=96&d=mm&r=g\",\"contentUrl\":\"https:\\\/\\\/secure.gravatar.com\\\/avatar\\\/3ea2118a5f7dad2b7138b1187a6b7ee55f160b9968b66013c3a3ef39dd7e5798?s=96&d=mm&r=g\",\"caption\":\"Jeanette\"},\"sameAs\":[\"https:\\\/\\\/www.eldiario.net\\\/portal\"],\"url\":\"https:\\\/\\\/www.eldiario.net\\\/portal\\\/author\\\/jeanette\\\/\"}]}<\/script>\n<!-- \/ Yoast SEO plugin. -->","yoast_head_json":{"title":"PIL reporta p\u00e9rdidas de Bs 16 millones - El Diario - Bolivia","robots":{"index":"index","follow":"follow","max-snippet":"max-snippet:-1","max-image-preview":"max-image-preview:large","max-video-preview":"max-video-preview:-1"},"canonical":"https:\/\/www.eldiario.net\/portal\/2026\/06\/07\/pil-reporta-perdidas-de-bs-16-millones\/","og_locale":"es_ES","og_type":"article","og_title":"PIL reporta p\u00e9rdidas de Bs 16 millones - El Diario - Bolivia","og_description":"Los bloqueos siguen provocando p\u00e9rdidas econ\u00f3micas, la Planta de PIL en El Alto reporta una producci\u00f3n de s\u00f3lo 25% de lo programado y una afectaci\u00f3n de 16 millones de bolivianos, tambi\u00e9n los empresarios de Cochabamba se\u00f1alan que la p\u00e9rdida ya va por los 2.292,4 millones. D\u00edas atr\u00e1s, la C\u00e1mara Nacional de Industrias (CNI) cuantific\u00f3 que [&hellip;]","og_url":"https:\/\/www.eldiario.net\/portal\/2026\/06\/07\/pil-reporta-perdidas-de-bs-16-millones\/","og_site_name":"El Diario - Bolivia","article_publisher":"https:\/\/www.facebook.com\/eldiario.bolivia\/","article_published_time":"2026-06-07T10:03:05+00:00","og_image":[{"width":960,"height":539,"url":"https:\/\/www.eldiario.net\/portal\/wp-content\/uploads\/2026\/06\/pil-2.webp","type":"image\/webp"}],"author":"Jeanette","twitter_card":"summary_large_image","twitter_creator":"@eldiario_net","twitter_site":"@eldiario_net","twitter_misc":{"Escrito por":"Jeanette","Tiempo de lectura":"4 minutos"},"schema":{"@context":"https:\/\/schema.org","@graph":[{"@type":"Article","@id":"https:\/\/www.eldiario.net\/portal\/2026\/06\/07\/pil-reporta-perdidas-de-bs-16-millones\/#article","isPartOf":{"@id":"https:\/\/www.eldiario.net\/portal\/2026\/06\/07\/pil-reporta-perdidas-de-bs-16-millones\/"},"author":{"name":"Jeanette","@id":"https:\/\/www.eldiario.net\/portal\/#\/schema\/person\/2c57cf2b7a7ae032e449e4c9b1019eac"},"headline":"PIL reporta p\u00e9rdidas de Bs 16 millones","datePublished":"2026-06-07T10:03:05+00:00","mainEntityOfPage":{"@id":"https:\/\/www.eldiario.net\/portal\/2026\/06\/07\/pil-reporta-perdidas-de-bs-16-millones\/"},"wordCount":807,"publisher":{"@id":"https:\/\/www.eldiario.net\/portal\/#organization"},"image":{"@id":"https:\/\/www.eldiario.net\/portal\/2026\/06\/07\/pil-reporta-perdidas-de-bs-16-millones\/#primaryimage"},"thumbnailUrl":"https:\/\/www.eldiario.net\/portal\/wp-content\/uploads\/2026\/06\/pil-2.webp","articleSection":["Econom\u00eda"],"inLanguage":"es"},{"@type":"WebPage","@id":"https:\/\/www.eldiario.net\/portal\/2026\/06\/07\/pil-reporta-perdidas-de-bs-16-millones\/","url":"https:\/\/www.eldiario.net\/portal\/2026\/06\/07\/pil-reporta-perdidas-de-bs-16-millones\/","name":"PIL reporta p\u00e9rdidas de Bs 16 millones - El Diario - Bolivia","isPartOf":{"@id":"https:\/\/www.eldiario.net\/portal\/#website"},"primaryImageOfPage":{"@id":"https:\/\/www.eldiario.net\/portal\/2026\/06\/07\/pil-reporta-perdidas-de-bs-16-millones\/#primaryimage"},"image":{"@id":"https:\/\/www.eldiario.net\/portal\/2026\/06\/07\/pil-reporta-perdidas-de-bs-16-millones\/#primaryimage"},"thumbnailUrl":"https:\/\/www.eldiario.net\/portal\/wp-content\/uploads\/2026\/06\/pil-2.webp","datePublished":"2026-06-07T10:03:05+00:00","breadcrumb":{"@id":"https:\/\/www.eldiario.net\/portal\/2026\/06\/07\/pil-reporta-perdidas-de-bs-16-millones\/#breadcrumb"},"inLanguage":"es","potentialAction":[{"@type":"ReadAction","target":["https:\/\/www.eldiario.net\/portal\/2026\/06\/07\/pil-reporta-perdidas-de-bs-16-millones\/"]}]},{"@type":"ImageObject","inLanguage":"es","@id":"https:\/\/www.eldiario.net\/portal\/2026\/06\/07\/pil-reporta-perdidas-de-bs-16-millones\/#primaryimage","url":"https:\/\/www.eldiario.net\/portal\/wp-content\/uploads\/2026\/06\/pil-2.webp","contentUrl":"https:\/\/www.eldiario.net\/portal\/wp-content\/uploads\/2026\/06\/pil-2.webp","width":960,"height":539,"caption":"Planta de PIL en El Alto."},{"@type":"BreadcrumbList","@id":"https:\/\/www.eldiario.net\/portal\/2026\/06\/07\/pil-reporta-perdidas-de-bs-16-millones\/#breadcrumb","itemListElement":[{"@type":"ListItem","position":1,"name":"Portada","item":"https:\/\/www.eldiario.net\/portal\/"},{"@type":"ListItem","position":2,"name":"PIL reporta p\u00e9rdidas de Bs 16 millones"}]},{"@type":"WebSite","@id":"https:\/\/www.eldiario.net\/portal\/#website","url":"https:\/\/www.eldiario.net\/portal\/","name":"El Diario - Decano de la prensa nacional","description":"El Diario - Decano de la prensa nacional","publisher":{"@id":"https:\/\/www.eldiario.net\/portal\/#organization"},"potentialAction":[{"@type":"SearchAction","target":{"@type":"EntryPoint","urlTemplate":"https:\/\/www.eldiario.net\/portal\/?s={search_term_string}"},"query-input":{"@type":"PropertyValueSpecification","valueRequired":true,"valueName":"search_term_string"}}],"inLanguage":"es"},{"@type":"Organization","@id":"https:\/\/www.eldiario.net\/portal\/#organization","name":"El Diario - Decano de la prensa nacional","url":"https:\/\/www.eldiario.net\/portal\/","logo":{"@type":"ImageObject","inLanguage":"es","@id":"https:\/\/www.eldiario.net\/portal\/#\/schema\/logo\/image\/","url":"https:\/\/www.eldiario.net\/portal\/wp-content\/uploads\/2023\/07\/logo_ED.jpg","contentUrl":"https:\/\/www.eldiario.net\/portal\/wp-content\/uploads\/2023\/07\/logo_ED.jpg","width":272,"height":52,"caption":"El Diario - Decano de la prensa nacional"},"image":{"@id":"https:\/\/www.eldiario.net\/portal\/#\/schema\/logo\/image\/"},"sameAs":["https:\/\/www.facebook.com\/eldiario.bolivia\/","https:\/\/x.com\/eldiario_net"]},{"@type":"Person","@id":"https:\/\/www.eldiario.net\/portal\/#\/schema\/person\/2c57cf2b7a7ae032e449e4c9b1019eac","name":"Jeanette","image":{"@type":"ImageObject","inLanguage":"es","@id":"https:\/\/secure.gravatar.com\/avatar\/3ea2118a5f7dad2b7138b1187a6b7ee55f160b9968b66013c3a3ef39dd7e5798?s=96&d=mm&r=g","url":"https:\/\/secure.gravatar.com\/avatar\/3ea2118a5f7dad2b7138b1187a6b7ee55f160b9968b66013c3a3ef39dd7e5798?s=96&d=mm&r=g","contentUrl":"https:\/\/secure.gravatar.com\/avatar\/3ea2118a5f7dad2b7138b1187a6b7ee55f160b9968b66013c3a3ef39dd7e5798?s=96&d=mm&r=g","caption":"Jeanette"},"sameAs":["https:\/\/www.eldiario.net\/portal"],"url":"https:\/\/www.eldiario.net\/portal\/author\/jeanette\/"}]}},"_links":{"self":[{"href":"https:\/\/www.eldiario.net\/portal\/wp-json\/wp\/v2\/posts\/401335","targetHints":{"allow":["GET"]}}],"collection":[{"href":"https:\/\/www.eldiario.net\/portal\/wp-json\/wp\/v2\/posts"}],"about":[{"href":"https:\/\/www.eldiario.net\/portal\/wp-json\/wp\/v2\/types\/post"}],"author":[{"embeddable":true,"href":"https:\/\/www.eldiario.net\/portal\/wp-json\/wp\/v2\/users\/1"}],"replies":[{"embeddable":true,"href":"https:\/\/www.eldiario.net\/portal\/wp-json\/wp\/v2\/comments?post=401335"}],"version-history":[{"count":1,"href":"https:\/\/www.eldiario.net\/portal\/wp-json\/wp\/v2\/posts\/401335\/revisions"}],"predecessor-version":[{"id":401337,"href":"https:\/\/www.eldiario.net\/portal\/wp-json\/wp\/v2\/posts\/401335\/revisions\/401337"}],"wp:featuredmedia":[{"embeddable":true,"href":"https:\/\/www.eldiario.net\/portal\/wp-json\/wp\/v2\/media\/401336"}],"wp:attachment":[{"href":"https:\/\/www.eldiario.net\/portal\/wp-json\/wp\/v2\/media?parent=401335"}],"wp:term":[{"taxonomy":"category","embeddable":true,"href":"https:\/\/www.eldiario.net\/portal\/wp-json\/wp\/v2\/categories?post=401335"},{"taxonomy":"post_tag","embeddable":true,"href":"https:\/\/www.eldiario.net\/portal\/wp-json\/wp\/v2\/tags?post=401335"}],"curies":[{"name":"wp","href":"https:\/\/api.w.org\/{rel}","templated":true}]}}