{"id":401331,"date":"2026-06-07T06:01:33","date_gmt":"2026-06-07T10:01:33","guid":{"rendered":"https:\/\/www.eldiario.net\/portal\/?p=401331"},"modified":"2026-06-07T06:01:33","modified_gmt":"2026-06-07T10:01:33","slug":"llega-primer-vuelo-de-tampa-cargo-a-bolivia","status":"publish","type":"post","link":"https:\/\/www.eldiario.net\/portal\/2026\/06\/07\/llega-primer-vuelo-de-tampa-cargo-a-bolivia\/","title":{"rendered":"Llega primer vuelo de Tampa Cargo a Bolivia"},"content":{"rendered":"<p>Con la llegada del primer vuelo de carga de Tampa Cargo, aerol\u00ednea del grupo Avianca, a Bolivia se inici\u00f3 oficialmente la activaci\u00f3n de la s\u00e9ptima libertad del aire. Se espera tambi\u00e9n que otras l\u00edneas a\u00e9reas arriben a los aeropuertos nacionales.<br \/>\nCon la llegada de esa nueva empresa a Bolivia la pol\u00edtica de \u201ccielos abiertos\u201d, impulsada por el gobierno del presidente Rodrigo Paz, da un paso importante para que los bolivianos tengan mayores opciones.<br \/>\nEl acto de recepci\u00f3n se realiz\u00f3 en el Aeropuerto Internacional Viru Viru el viernes pasado, con la presencia del director ejecutivo de la Direcci\u00f3n General de Aeron\u00e1utica Civil (DGAC), Jos\u00e9 Antonio Fanola Orias, quien resalt\u00f3 que la incorporaci\u00f3n de nuevos operadores a\u00e9reos contribuye al desarrollo del sector aeron\u00e1utico, la competitividad log\u00edstica y la integraci\u00f3n regional.<br \/>\nEl ministro de Obras P\u00fablicas, Servicios y Vivienda, Mauricio Zamora y la DGAC coordinaron las acciones t\u00e9cnicas y regulatorias necesarias para concretar este importante avance, que fortalece la conectividad a\u00e9rea y ampl\u00eda las oportunidades para el transporte internacional de carga en Bolivia.<br \/>\n\u201cCon la llegada de Tampa Cargo, Bolivia ampl\u00eda sus alternativas para el transporte internacional de mercanc\u00edas y fortalece el posicionamiento de Viru Viru como un centro estrat\u00e9gico para las operaciones de carga en Sudam\u00e9rica\u201d, destac\u00f3 la DGAC, mediante un bolet\u00edn institucional.<br \/>\nEl Gobierno nacional impulsa la pol\u00edtica de cielos abiertos y la ampliaci\u00f3n de la conectividad a\u00e9rea mediante la firma de memor\u00e1ndums de entendimiento con Argentina, Brasil, Chile, El Salvador, Costa Rica, Cuba, Ecuador, Panam\u00e1, Paraguay, Per\u00fa, Uruguay, Rep\u00fablica Dominicana y Venezuela.<br \/>\nLas \u201clibertades del aire\u201d son acuerdos internacionales que regulan los derechos de operaci\u00f3n de las aerol\u00edneas entre Estados. La s\u00e9ptima libertad permite operar vuelos entre dos pa\u00edses sin conexi\u00f3n con el pa\u00eds de origen.<\/p>\n","protected":false},"excerpt":{"rendered":"<p>Con la llegada del primer vuelo de carga de Tampa Cargo, aerol\u00ednea del grupo Avianca, a Bolivia se inici\u00f3 oficialmente la activaci\u00f3n de la s\u00e9ptima libertad del aire. Se espera tambi\u00e9n que otras l\u00edneas a\u00e9reas arriben a los aeropuertos nacionales. Con la llegada de esa nueva empresa a Bolivia la pol\u00edtica de \u201ccielos abiertos\u201d, impulsada [&hellip;]<\/p>\n","protected":false},"author":1,"featured_media":194689,"comment_status":"closed","ping_status":"open","sticky":false,"template":"","format":"standard","meta":{"_acf_changed":false,"footnotes":""},"categories":[7],"tags":[],"class_list":["post-401331","post","type-post","status-publish","format-standard","has-post-thumbnail","category-economia"],"acf":{"antetitulo":"Consolidada la s\u00e9ptima libertad a\u00e9rea"},"yoast_head":"<!-- This site is optimized with the Yoast SEO plugin v28.4 - https:\/\/yoast.com\/product\/yoast-seo-wordpress\/ -->\n<title>Llega primer vuelo de Tampa Cargo a Bolivia - El Diario - Bolivia<\/title>\n<meta name=\"robots\" content=\"index, follow, max-snippet:-1, max-image-preview:large, max-video-preview:-1\" \/>\n<link rel=\"canonical\" href=\"https:\/\/www.eldiario.net\/portal\/2026\/06\/07\/llega-primer-vuelo-de-tampa-cargo-a-bolivia\/\" \/>\n<meta property=\"og:locale\" content=\"es_ES\" \/>\n<meta property=\"og:type\" content=\"article\" \/>\n<meta property=\"og:title\" content=\"Llega primer vuelo de Tampa Cargo a Bolivia - El Diario - Bolivia\" \/>\n<meta property=\"og:description\" content=\"Con la llegada del primer vuelo de carga de Tampa Cargo, aerol\u00ednea del grupo Avianca, a Bolivia se inici\u00f3 oficialmente la activaci\u00f3n de la s\u00e9ptima libertad del aire. Se espera tambi\u00e9n que otras l\u00edneas a\u00e9reas arriben a los aeropuertos nacionales. Con la llegada de esa nueva empresa a Bolivia la pol\u00edtica de \u201ccielos abiertos\u201d, impulsada [&hellip;]\" \/>\n<meta property=\"og:url\" content=\"https:\/\/www.eldiario.net\/portal\/2026\/06\/07\/llega-primer-vuelo-de-tampa-cargo-a-bolivia\/\" \/>\n<meta property=\"og:site_name\" content=\"El Diario - Bolivia\" \/>\n<meta property=\"article:publisher\" content=\"https:\/\/www.facebook.com\/eldiario.bolivia\/\" \/>\n<meta property=\"article:published_time\" content=\"2026-06-07T10:01:33+00:00\" \/>\n<meta property=\"og:image\" content=\"https:\/\/www.eldiario.net\/portal\/wp-content\/uploads\/2023\/12\/Economia.jpg\" \/>\n\t<meta property=\"og:image:width\" content=\"800\" \/>\n\t<meta property=\"og:image:height\" content=\"500\" \/>\n\t<meta property=\"og:image:type\" content=\"image\/jpeg\" \/>\n<meta name=\"author\" content=\"Jeanette\" \/>\n<meta name=\"twitter:card\" content=\"summary_large_image\" \/>\n<meta name=\"twitter:creator\" content=\"@eldiario_net\" \/>\n<meta name=\"twitter:site\" content=\"@eldiario_net\" \/>\n<meta name=\"twitter:label1\" content=\"Escrito por\" \/>\n\t<meta name=\"twitter:data1\" content=\"Jeanette\" \/>\n\t<meta name=\"twitter:label2\" content=\"Tiempo de lectura\" \/>\n\t<meta name=\"twitter:data2\" content=\"2 minutos\" \/>\n<script type=\"application\/ld+json\" class=\"yoast-schema-graph\">{\"@context\":\"https:\\\/\\\/schema.org\",\"@graph\":[{\"@type\":\"Article\",\"@id\":\"https:\\\/\\\/www.eldiario.net\\\/portal\\\/2026\\\/06\\\/07\\\/llega-primer-vuelo-de-tampa-cargo-a-bolivia\\\/#article\",\"isPartOf\":{\"@id\":\"https:\\\/\\\/www.eldiario.net\\\/portal\\\/2026\\\/06\\\/07\\\/llega-primer-vuelo-de-tampa-cargo-a-bolivia\\\/\"},\"author\":{\"name\":\"Jeanette\",\"@id\":\"https:\\\/\\\/www.eldiario.net\\\/portal\\\/#\\\/schema\\\/person\\\/2c57cf2b7a7ae032e449e4c9b1019eac\"},\"headline\":\"Llega primer vuelo de Tampa Cargo a Bolivia\",\"datePublished\":\"2026-06-07T10:01:33+00:00\",\"mainEntityOfPage\":{\"@id\":\"https:\\\/\\\/www.eldiario.net\\\/portal\\\/2026\\\/06\\\/07\\\/llega-primer-vuelo-de-tampa-cargo-a-bolivia\\\/\"},\"wordCount\":329,\"publisher\":{\"@id\":\"https:\\\/\\\/www.eldiario.net\\\/portal\\\/#organization\"},\"image\":{\"@id\":\"https:\\\/\\\/www.eldiario.net\\\/portal\\\/2026\\\/06\\\/07\\\/llega-primer-vuelo-de-tampa-cargo-a-bolivia\\\/#primaryimage\"},\"thumbnailUrl\":\"https:\\\/\\\/www.eldiario.net\\\/portal\\\/wp-content\\\/uploads\\\/2023\\\/12\\\/Economia.jpg\",\"articleSection\":[\"Econom\u00eda\"],\"inLanguage\":\"es\"},{\"@type\":\"WebPage\",\"@id\":\"https:\\\/\\\/www.eldiario.net\\\/portal\\\/2026\\\/06\\\/07\\\/llega-primer-vuelo-de-tampa-cargo-a-bolivia\\\/\",\"url\":\"https:\\\/\\\/www.eldiario.net\\\/portal\\\/2026\\\/06\\\/07\\\/llega-primer-vuelo-de-tampa-cargo-a-bolivia\\\/\",\"name\":\"Llega primer vuelo de Tampa Cargo a Bolivia - El Diario - Bolivia\",\"isPartOf\":{\"@id\":\"https:\\\/\\\/www.eldiario.net\\\/portal\\\/#website\"},\"primaryImageOfPage\":{\"@id\":\"https:\\\/\\\/www.eldiario.net\\\/portal\\\/2026\\\/06\\\/07\\\/llega-primer-vuelo-de-tampa-cargo-a-bolivia\\\/#primaryimage\"},\"image\":{\"@id\":\"https:\\\/\\\/www.eldiario.net\\\/portal\\\/2026\\\/06\\\/07\\\/llega-primer-vuelo-de-tampa-cargo-a-bolivia\\\/#primaryimage\"},\"thumbnailUrl\":\"https:\\\/\\\/www.eldiario.net\\\/portal\\\/wp-content\\\/uploads\\\/2023\\\/12\\\/Economia.jpg\",\"datePublished\":\"2026-06-07T10:01:33+00:00\",\"breadcrumb\":{\"@id\":\"https:\\\/\\\/www.eldiario.net\\\/portal\\\/2026\\\/06\\\/07\\\/llega-primer-vuelo-de-tampa-cargo-a-bolivia\\\/#breadcrumb\"},\"inLanguage\":\"es\",\"potentialAction\":[{\"@type\":\"ReadAction\",\"target\":[\"https:\\\/\\\/www.eldiario.net\\\/portal\\\/2026\\\/06\\\/07\\\/llega-primer-vuelo-de-tampa-cargo-a-bolivia\\\/\"]}]},{\"@type\":\"ImageObject\",\"inLanguage\":\"es\",\"@id\":\"https:\\\/\\\/www.eldiario.net\\\/portal\\\/2026\\\/06\\\/07\\\/llega-primer-vuelo-de-tampa-cargo-a-bolivia\\\/#primaryimage\",\"url\":\"https:\\\/\\\/www.eldiario.net\\\/portal\\\/wp-content\\\/uploads\\\/2023\\\/12\\\/Economia.jpg\",\"contentUrl\":\"https:\\\/\\\/www.eldiario.net\\\/portal\\\/wp-content\\\/uploads\\\/2023\\\/12\\\/Economia.jpg\",\"width\":800,\"height\":500},{\"@type\":\"BreadcrumbList\",\"@id\":\"https:\\\/\\\/www.eldiario.net\\\/portal\\\/2026\\\/06\\\/07\\\/llega-primer-vuelo-de-tampa-cargo-a-bolivia\\\/#breadcrumb\",\"itemListElement\":[{\"@type\":\"ListItem\",\"position\":1,\"name\":\"Portada\",\"item\":\"https:\\\/\\\/www.eldiario.net\\\/portal\\\/\"},{\"@type\":\"ListItem\",\"position\":2,\"name\":\"Llega primer vuelo de Tampa Cargo a Bolivia\"}]},{\"@type\":\"WebSite\",\"@id\":\"https:\\\/\\\/www.eldiario.net\\\/portal\\\/#website\",\"url\":\"https:\\\/\\\/www.eldiario.net\\\/portal\\\/\",\"name\":\"El Diario - Decano de la prensa nacional\",\"description\":\"El Diario - Decano de la prensa nacional\",\"publisher\":{\"@id\":\"https:\\\/\\\/www.eldiario.net\\\/portal\\\/#organization\"},\"potentialAction\":[{\"@type\":\"SearchAction\",\"target\":{\"@type\":\"EntryPoint\",\"urlTemplate\":\"https:\\\/\\\/www.eldiario.net\\\/portal\\\/?s={search_term_string}\"},\"query-input\":{\"@type\":\"PropertyValueSpecification\",\"valueRequired\":true,\"valueName\":\"search_term_string\"}}],\"inLanguage\":\"es\"},{\"@type\":\"Organization\",\"@id\":\"https:\\\/\\\/www.eldiario.net\\\/portal\\\/#organization\",\"name\":\"El Diario - Decano de la prensa nacional\",\"url\":\"https:\\\/\\\/www.eldiario.net\\\/portal\\\/\",\"logo\":{\"@type\":\"ImageObject\",\"inLanguage\":\"es\",\"@id\":\"https:\\\/\\\/www.eldiario.net\\\/portal\\\/#\\\/schema\\\/logo\\\/image\\\/\",\"url\":\"https:\\\/\\\/www.eldiario.net\\\/portal\\\/wp-content\\\/uploads\\\/2023\\\/07\\\/logo_ED.jpg\",\"contentUrl\":\"https:\\\/\\\/www.eldiario.net\\\/portal\\\/wp-content\\\/uploads\\\/2023\\\/07\\\/logo_ED.jpg\",\"width\":272,\"height\":52,\"caption\":\"El Diario - Decano de la prensa nacional\"},\"image\":{\"@id\":\"https:\\\/\\\/www.eldiario.net\\\/portal\\\/#\\\/schema\\\/logo\\\/image\\\/\"},\"sameAs\":[\"https:\\\/\\\/www.facebook.com\\\/eldiario.bolivia\\\/\",\"https:\\\/\\\/x.com\\\/eldiario_net\"]},{\"@type\":\"Person\",\"@id\":\"https:\\\/\\\/www.eldiario.net\\\/portal\\\/#\\\/schema\\\/person\\\/2c57cf2b7a7ae032e449e4c9b1019eac\",\"name\":\"Jeanette\",\"image\":{\"@type\":\"ImageObject\",\"inLanguage\":\"es\",\"@id\":\"https:\\\/\\\/secure.gravatar.com\\\/avatar\\\/3ea2118a5f7dad2b7138b1187a6b7ee55f160b9968b66013c3a3ef39dd7e5798?s=96&d=mm&r=g\",\"url\":\"https:\\\/\\\/secure.gravatar.com\\\/avatar\\\/3ea2118a5f7dad2b7138b1187a6b7ee55f160b9968b66013c3a3ef39dd7e5798?s=96&d=mm&r=g\",\"contentUrl\":\"https:\\\/\\\/secure.gravatar.com\\\/avatar\\\/3ea2118a5f7dad2b7138b1187a6b7ee55f160b9968b66013c3a3ef39dd7e5798?s=96&d=mm&r=g\",\"caption\":\"Jeanette\"},\"sameAs\":[\"https:\\\/\\\/www.eldiario.net\\\/portal\"],\"url\":\"https:\\\/\\\/www.eldiario.net\\\/portal\\\/author\\\/jeanette\\\/\"}]}<\/script>\n<!-- \/ Yoast SEO plugin. -->","yoast_head_json":{"title":"Llega primer vuelo de Tampa Cargo a Bolivia - El Diario - Bolivia","robots":{"index":"index","follow":"follow","max-snippet":"max-snippet:-1","max-image-preview":"max-image-preview:large","max-video-preview":"max-video-preview:-1"},"canonical":"https:\/\/www.eldiario.net\/portal\/2026\/06\/07\/llega-primer-vuelo-de-tampa-cargo-a-bolivia\/","og_locale":"es_ES","og_type":"article","og_title":"Llega primer vuelo de Tampa Cargo a Bolivia - El Diario - Bolivia","og_description":"Con la llegada del primer vuelo de carga de Tampa Cargo, aerol\u00ednea del grupo Avianca, a Bolivia se inici\u00f3 oficialmente la activaci\u00f3n de la s\u00e9ptima libertad del aire. Se espera tambi\u00e9n que otras l\u00edneas a\u00e9reas arriben a los aeropuertos nacionales. Con la llegada de esa nueva empresa a Bolivia la pol\u00edtica de \u201ccielos abiertos\u201d, impulsada [&hellip;]","og_url":"https:\/\/www.eldiario.net\/portal\/2026\/06\/07\/llega-primer-vuelo-de-tampa-cargo-a-bolivia\/","og_site_name":"El Diario - Bolivia","article_publisher":"https:\/\/www.facebook.com\/eldiario.bolivia\/","article_published_time":"2026-06-07T10:01:33+00:00","og_image":[{"width":800,"height":500,"url":"https:\/\/www.eldiario.net\/portal\/wp-content\/uploads\/2023\/12\/Economia.jpg","type":"image\/jpeg"}],"author":"Jeanette","twitter_card":"summary_large_image","twitter_creator":"@eldiario_net","twitter_site":"@eldiario_net","twitter_misc":{"Escrito por":"Jeanette","Tiempo de lectura":"2 minutos"},"schema":{"@context":"https:\/\/schema.org","@graph":[{"@type":"Article","@id":"https:\/\/www.eldiario.net\/portal\/2026\/06\/07\/llega-primer-vuelo-de-tampa-cargo-a-bolivia\/#article","isPartOf":{"@id":"https:\/\/www.eldiario.net\/portal\/2026\/06\/07\/llega-primer-vuelo-de-tampa-cargo-a-bolivia\/"},"author":{"name":"Jeanette","@id":"https:\/\/www.eldiario.net\/portal\/#\/schema\/person\/2c57cf2b7a7ae032e449e4c9b1019eac"},"headline":"Llega primer vuelo de Tampa Cargo a Bolivia","datePublished":"2026-06-07T10:01:33+00:00","mainEntityOfPage":{"@id":"https:\/\/www.eldiario.net\/portal\/2026\/06\/07\/llega-primer-vuelo-de-tampa-cargo-a-bolivia\/"},"wordCount":329,"publisher":{"@id":"https:\/\/www.eldiario.net\/portal\/#organization"},"image":{"@id":"https:\/\/www.eldiario.net\/portal\/2026\/06\/07\/llega-primer-vuelo-de-tampa-cargo-a-bolivia\/#primaryimage"},"thumbnailUrl":"https:\/\/www.eldiario.net\/portal\/wp-content\/uploads\/2023\/12\/Economia.jpg","articleSection":["Econom\u00eda"],"inLanguage":"es"},{"@type":"WebPage","@id":"https:\/\/www.eldiario.net\/portal\/2026\/06\/07\/llega-primer-vuelo-de-tampa-cargo-a-bolivia\/","url":"https:\/\/www.eldiario.net\/portal\/2026\/06\/07\/llega-primer-vuelo-de-tampa-cargo-a-bolivia\/","name":"Llega primer vuelo de Tampa Cargo a Bolivia - El Diario - Bolivia","isPartOf":{"@id":"https:\/\/www.eldiario.net\/portal\/#website"},"primaryImageOfPage":{"@id":"https:\/\/www.eldiario.net\/portal\/2026\/06\/07\/llega-primer-vuelo-de-tampa-cargo-a-bolivia\/#primaryimage"},"image":{"@id":"https:\/\/www.eldiario.net\/portal\/2026\/06\/07\/llega-primer-vuelo-de-tampa-cargo-a-bolivia\/#primaryimage"},"thumbnailUrl":"https:\/\/www.eldiario.net\/portal\/wp-content\/uploads\/2023\/12\/Economia.jpg","datePublished":"2026-06-07T10:01:33+00:00","breadcrumb":{"@id":"https:\/\/www.eldiario.net\/portal\/2026\/06\/07\/llega-primer-vuelo-de-tampa-cargo-a-bolivia\/#breadcrumb"},"inLanguage":"es","potentialAction":[{"@type":"ReadAction","target":["https:\/\/www.eldiario.net\/portal\/2026\/06\/07\/llega-primer-vuelo-de-tampa-cargo-a-bolivia\/"]}]},{"@type":"ImageObject","inLanguage":"es","@id":"https:\/\/www.eldiario.net\/portal\/2026\/06\/07\/llega-primer-vuelo-de-tampa-cargo-a-bolivia\/#primaryimage","url":"https:\/\/www.eldiario.net\/portal\/wp-content\/uploads\/2023\/12\/Economia.jpg","contentUrl":"https:\/\/www.eldiario.net\/portal\/wp-content\/uploads\/2023\/12\/Economia.jpg","width":800,"height":500},{"@type":"BreadcrumbList","@id":"https:\/\/www.eldiario.net\/portal\/2026\/06\/07\/llega-primer-vuelo-de-tampa-cargo-a-bolivia\/#breadcrumb","itemListElement":[{"@type":"ListItem","position":1,"name":"Portada","item":"https:\/\/www.eldiario.net\/portal\/"},{"@type":"ListItem","position":2,"name":"Llega primer vuelo de Tampa Cargo a Bolivia"}]},{"@type":"WebSite","@id":"https:\/\/www.eldiario.net\/portal\/#website","url":"https:\/\/www.eldiario.net\/portal\/","name":"El Diario - Decano de la prensa nacional","description":"El Diario - Decano de la prensa nacional","publisher":{"@id":"https:\/\/www.eldiario.net\/portal\/#organization"},"potentialAction":[{"@type":"SearchAction","target":{"@type":"EntryPoint","urlTemplate":"https:\/\/www.eldiario.net\/portal\/?s={search_term_string}"},"query-input":{"@type":"PropertyValueSpecification","valueRequired":true,"valueName":"search_term_string"}}],"inLanguage":"es"},{"@type":"Organization","@id":"https:\/\/www.eldiario.net\/portal\/#organization","name":"El Diario - Decano de la prensa nacional","url":"https:\/\/www.eldiario.net\/portal\/","logo":{"@type":"ImageObject","inLanguage":"es","@id":"https:\/\/www.eldiario.net\/portal\/#\/schema\/logo\/image\/","url":"https:\/\/www.eldiario.net\/portal\/wp-content\/uploads\/2023\/07\/logo_ED.jpg","contentUrl":"https:\/\/www.eldiario.net\/portal\/wp-content\/uploads\/2023\/07\/logo_ED.jpg","width":272,"height":52,"caption":"El Diario - Decano de la prensa nacional"},"image":{"@id":"https:\/\/www.eldiario.net\/portal\/#\/schema\/logo\/image\/"},"sameAs":["https:\/\/www.facebook.com\/eldiario.bolivia\/","https:\/\/x.com\/eldiario_net"]},{"@type":"Person","@id":"https:\/\/www.eldiario.net\/portal\/#\/schema\/person\/2c57cf2b7a7ae032e449e4c9b1019eac","name":"Jeanette","image":{"@type":"ImageObject","inLanguage":"es","@id":"https:\/\/secure.gravatar.com\/avatar\/3ea2118a5f7dad2b7138b1187a6b7ee55f160b9968b66013c3a3ef39dd7e5798?s=96&d=mm&r=g","url":"https:\/\/secure.gravatar.com\/avatar\/3ea2118a5f7dad2b7138b1187a6b7ee55f160b9968b66013c3a3ef39dd7e5798?s=96&d=mm&r=g","contentUrl":"https:\/\/secure.gravatar.com\/avatar\/3ea2118a5f7dad2b7138b1187a6b7ee55f160b9968b66013c3a3ef39dd7e5798?s=96&d=mm&r=g","caption":"Jeanette"},"sameAs":["https:\/\/www.eldiario.net\/portal"],"url":"https:\/\/www.eldiario.net\/portal\/author\/jeanette\/"}]}},"_links":{"self":[{"href":"https:\/\/www.eldiario.net\/portal\/wp-json\/wp\/v2\/posts\/401331","targetHints":{"allow":["GET"]}}],"collection":[{"href":"https:\/\/www.eldiario.net\/portal\/wp-json\/wp\/v2\/posts"}],"about":[{"href":"https:\/\/www.eldiario.net\/portal\/wp-json\/wp\/v2\/types\/post"}],"author":[{"embeddable":true,"href":"https:\/\/www.eldiario.net\/portal\/wp-json\/wp\/v2\/users\/1"}],"replies":[{"embeddable":true,"href":"https:\/\/www.eldiario.net\/portal\/wp-json\/wp\/v2\/comments?post=401331"}],"version-history":[{"count":1,"href":"https:\/\/www.eldiario.net\/portal\/wp-json\/wp\/v2\/posts\/401331\/revisions"}],"predecessor-version":[{"id":401332,"href":"https:\/\/www.eldiario.net\/portal\/wp-json\/wp\/v2\/posts\/401331\/revisions\/401332"}],"wp:featuredmedia":[{"embeddable":true,"href":"https:\/\/www.eldiario.net\/portal\/wp-json\/wp\/v2\/media\/194689"}],"wp:attachment":[{"href":"https:\/\/www.eldiario.net\/portal\/wp-json\/wp\/v2\/media?parent=401331"}],"wp:term":[{"taxonomy":"category","embeddable":true,"href":"https:\/\/www.eldiario.net\/portal\/wp-json\/wp\/v2\/categories?post=401331"},{"taxonomy":"post_tag","embeddable":true,"href":"https:\/\/www.eldiario.net\/portal\/wp-json\/wp\/v2\/tags?post=401331"}],"curies":[{"name":"wp","href":"https:\/\/api.w.org\/{rel}","templated":true}]}}