{"id":401329,"date":"2026-06-07T06:00:39","date_gmt":"2026-06-07T10:00:39","guid":{"rendered":"https:\/\/www.eldiario.net\/portal\/?p=401329"},"modified":"2026-06-07T06:00:39","modified_gmt":"2026-06-07T10:00:39","slug":"bloqueos-un-golpe-a-la-produccion-y-al-empleo","status":"publish","type":"post","link":"https:\/\/www.eldiario.net\/portal\/2026\/06\/07\/bloqueos-un-golpe-a-la-produccion-y-al-empleo\/","title":{"rendered":"Bloqueos: un golpe a  la producci\u00f3n y al empleo"},"content":{"rendered":"<p>Un movimiento de car\u00e1cter desestabilizador pone en serio riesgo al sector productivo del departamento de La Paz. Las p\u00e9rdidas generadas por los bloqueos que afectan a la sede de gobierno ya superan los 600 millones de d\u00f3lares aproximadamente, profundizando una crisis que golpea a empresas, trabajadores y familias bolivianas.<br \/>\nLa Confederaci\u00f3n de Empresarios Privados de Bolivia (CEPB) expres\u00f3 su preocupaci\u00f3n por la continuidad de estas medidas, se\u00f1alando que agravan el deterioro econ\u00f3mico, vulneran derechos fundamentales y ponen en riesgo la estabilidad social del pa\u00eds.<br \/>\nEn la misma l\u00ednea, la Federaci\u00f3n de Empresarios Privados de La Paz (FEPLP) indic\u00f3 que los bloqueos han generado una situaci\u00f3n insostenible para el sector productivo, afectando producci\u00f3n, comercio, abastecimiento y miles de empleos. Exigi\u00f3 el levantamiento inmediato de las medidas de presi\u00f3n, el respeto a la libre transitabilidad y acciones urgentes para proteger la econom\u00eda y evitar mayores perjuicios.<br \/>\nPor su parte, la C\u00e1mara Nacional de Industrias (CNI) alert\u00f3 que numerosas empresas de La Paz y El Alto eval\u00faan trasladar sus operaciones a otras regiones del pa\u00eds e incluso al exterior, lo que no solo implica p\u00e9rdidas inmediatas, sino tambi\u00e9n menor inversi\u00f3n y empleo futuro.<br \/>\nEl presidente de la CNI, Gonzalo Morales, se\u00f1al\u00f3 que varias industrias enfrentan problemas de abastecimiento de materias primas y dificultades para cumplir compromisos comerciales, y que algunas ya analizan mudarse a Cochabamba, Santa Cruz, Per\u00fa y Paraguay.<br \/>\nSer\u00eda una buena noticia que, al ser publicada esta nota, todos los bloqueos hubieran sido levantados y los actores pol\u00edticos y sociales estuvieran dialogando.<br \/>\nLos empresarios consideran que los da\u00f1os ocasionados por m\u00e1s de un mes de bloqueos deben ser resarcidos por quienes promovieron y ejecutaron estas medidas que afectan a millones de ciudadanos.<br \/>\nAlgunos ejemplos permiten dimensionar sus efectos:<br \/>\n\u2022 Los consumidores pace\u00f1os enfrentaron fuertes incrementos en productos b\u00e1sicos: un maple de 30 huevos lleg\u00f3 a costar entre Bs 60 y Bs 75; el pollo entero hasta Bs 120; la carne de res Bs 120 por kilo; y el tomate hasta Bs 12 la libra.<br \/>\n\u2022 Los bloqueos tambi\u00e9n tuvieron consecuencias humanas irreparables: se report\u00f3 la muerte de una paciente con c\u00e1ncer que no pudo ser trasladada de Oruro a La Paz, as\u00ed como el fallecimiento de un conductor varado casi veinte d\u00edas en Desaguadero.<br \/>\n\u2022 Los conflictos contin\u00faan golpeando a los productores. Solo el sector lechero de Santa Cruz report\u00f3 p\u00e9rdidas superiores a 900.000 litros de leche.<br \/>\n\u2022 M\u00e1s del 90% del aparato productivo de micro y peque\u00f1as empresas de La Paz y El Alto qued\u00f3 paralizado, obligando al sector a solicitar diferimientos de cr\u00e9dito.<br \/>\n\u2022 Las filas para adquirir gasolina siguen afectando la movilidad de ciudadanos, trabajadores y empresas.<br \/>\nLa crisis de abastecimiento de combustibles evidencia la importancia estrat\u00e9gica de la infraestructura energ\u00e9tica. Los ductos que conectan la terminal mar\u00edtima de Sica Sica con las plantas de almacenamiento de YPFB cumplen un rol clave para el ingreso de di\u00e9sel y gasolina. Su operaci\u00f3n ininterrumpida debe ser protegida y priorizada, garantizando la libre circulaci\u00f3n de cisternas y la distribuci\u00f3n continua de combustibles, esenciales para transporte, industria, comercio, construcci\u00f3n y agropecuaria.<br \/>\n\u2022 Los bloqueadores tambi\u00e9n provocaron da\u00f1os a la infraestructura vial, con zanjas de hasta nueve metros en carreteras troncales e internacionales, seg\u00fan la ABC.<br \/>\n\u2022 El sector av\u00edcola reporta p\u00e9rdidas cercanas a Bs 400 millones.<br \/>\nA fines del mes pasado, dirigentes de la CSUTCB y de la Federaci\u00f3n Sindical de Trabajadores Mineros de Bolivia ratificaron su pedido de renuncia del presidente Rodrigo Paz, se\u00f1alando que ser\u00eda la \u00fanica salida a la crisis tras m\u00e1s de treinta d\u00edas de bloqueos.<br \/>\nEn estas circunstancias, los esfuerzos del Gobierno por instalar un di\u00e1logo enfrentan serias dificultades. El di\u00e1logo solo es posible con voluntad real de negociaci\u00f3n de todas las partes; cuando existen posiciones intransigentes y medidas de presi\u00f3n, las posibilidades de acuerdo se reducen.<br \/>\nEl diputado Edgar Manolo Rojas Paz (PDC), plantea un proyecto de ley para establecer mecanismos de resarcimiento por da\u00f1os civiles ocasionados por bloqueos y movilizaciones.<br \/>\nBolivia necesita recuperar la normalidad, garantizar el libre tr\u00e1nsito y proteger la producci\u00f3n nacional. Ninguna demanda pol\u00edtica puede justificar el sufrimiento de miles de familias.<br \/>\nLos empresarios defendemos la democracia y exhortamos a quienes mantienen los bloqueos a levantar estas medidas de presi\u00f3n, por respeto a la convivencia pac\u00edfica y a los derechos fundamentales de la poblaci\u00f3n.<\/p>\n<p>El autor es Economista, Acad\u00e9mico de n\u00famero de la ABCE y presidente de la Federaci\u00f3n de Empresarios Privados de La Paz (FEPLP).<\/p>\n","protected":false},"excerpt":{"rendered":"<p>Un movimiento de car\u00e1cter desestabilizador pone en serio riesgo al sector productivo del departamento de La Paz. Las p\u00e9rdidas generadas por los bloqueos que afectan a la sede de gobierno ya superan los 600 millones de d\u00f3lares aproximadamente, profundizando una crisis que golpea a empresas, trabajadores y familias bolivianas. La Confederaci\u00f3n de Empresarios Privados de [&hellip;]<\/p>\n","protected":false},"author":1,"featured_media":158113,"comment_status":"closed","ping_status":"open","sticky":false,"template":"","format":"standard","meta":{"_acf_changed":false,"footnotes":""},"categories":[9],"tags":[],"class_list":["post-401329","post","type-post","status-publish","format-standard","has-post-thumbnail","category-opinion"],"acf":{"antetitulo":""},"yoast_head":"<!-- This site is optimized with the Yoast SEO plugin v28.4 - https:\/\/yoast.com\/product\/yoast-seo-wordpress\/ -->\n<title>Bloqueos: un golpe a la producci\u00f3n y al empleo - El Diario - Bolivia<\/title>\n<meta name=\"robots\" content=\"index, follow, max-snippet:-1, max-image-preview:large, max-video-preview:-1\" \/>\n<link rel=\"canonical\" href=\"https:\/\/www.eldiario.net\/portal\/2026\/06\/07\/bloqueos-un-golpe-a-la-produccion-y-al-empleo\/\" \/>\n<meta property=\"og:locale\" content=\"es_ES\" \/>\n<meta property=\"og:type\" content=\"article\" \/>\n<meta property=\"og:title\" content=\"Bloqueos: un golpe a la producci\u00f3n y al empleo - El Diario - Bolivia\" \/>\n<meta property=\"og:description\" content=\"Un movimiento de car\u00e1cter desestabilizador pone en serio riesgo al sector productivo del departamento de La Paz. Las p\u00e9rdidas generadas por los bloqueos que afectan a la sede de gobierno ya superan los 600 millones de d\u00f3lares aproximadamente, profundizando una crisis que golpea a empresas, trabajadores y familias bolivianas. La Confederaci\u00f3n de Empresarios Privados de [&hellip;]\" \/>\n<meta property=\"og:url\" content=\"https:\/\/www.eldiario.net\/portal\/2026\/06\/07\/bloqueos-un-golpe-a-la-produccion-y-al-empleo\/\" \/>\n<meta property=\"og:site_name\" content=\"El Diario - Bolivia\" \/>\n<meta property=\"article:publisher\" content=\"https:\/\/www.facebook.com\/eldiario.bolivia\/\" \/>\n<meta property=\"article:published_time\" content=\"2026-06-07T10:00:39+00:00\" \/>\n<meta property=\"og:image\" content=\"https:\/\/www.eldiario.net\/portal\/wp-content\/uploads\/2023\/06\/Rolando-Kempff-Bacigalupo2.jpg\" \/>\n\t<meta property=\"og:image:width\" content=\"1200\" \/>\n\t<meta property=\"og:image:height\" content=\"628\" \/>\n\t<meta property=\"og:image:type\" content=\"image\/jpeg\" \/>\n<meta name=\"author\" content=\"Jeanette\" \/>\n<meta name=\"twitter:card\" content=\"summary_large_image\" \/>\n<meta name=\"twitter:creator\" content=\"@eldiario_net\" \/>\n<meta name=\"twitter:site\" content=\"@eldiario_net\" \/>\n<meta name=\"twitter:label1\" content=\"Escrito por\" \/>\n\t<meta name=\"twitter:data1\" content=\"Jeanette\" \/>\n\t<meta name=\"twitter:label2\" content=\"Tiempo de lectura\" \/>\n\t<meta name=\"twitter:data2\" content=\"4 minutos\" \/>\n<script type=\"application\/ld+json\" class=\"yoast-schema-graph\">{\"@context\":\"https:\\\/\\\/schema.org\",\"@graph\":[{\"@type\":\"Article\",\"@id\":\"https:\\\/\\\/www.eldiario.net\\\/portal\\\/2026\\\/06\\\/07\\\/bloqueos-un-golpe-a-la-produccion-y-al-empleo\\\/#article\",\"isPartOf\":{\"@id\":\"https:\\\/\\\/www.eldiario.net\\\/portal\\\/2026\\\/06\\\/07\\\/bloqueos-un-golpe-a-la-produccion-y-al-empleo\\\/\"},\"author\":{\"name\":\"Jeanette\",\"@id\":\"https:\\\/\\\/www.eldiario.net\\\/portal\\\/#\\\/schema\\\/person\\\/2c57cf2b7a7ae032e449e4c9b1019eac\"},\"headline\":\"Bloqueos: un golpe a la producci\u00f3n y al empleo\",\"datePublished\":\"2026-06-07T10:00:39+00:00\",\"mainEntityOfPage\":{\"@id\":\"https:\\\/\\\/www.eldiario.net\\\/portal\\\/2026\\\/06\\\/07\\\/bloqueos-un-golpe-a-la-produccion-y-al-empleo\\\/\"},\"wordCount\":794,\"publisher\":{\"@id\":\"https:\\\/\\\/www.eldiario.net\\\/portal\\\/#organization\"},\"image\":{\"@id\":\"https:\\\/\\\/www.eldiario.net\\\/portal\\\/2026\\\/06\\\/07\\\/bloqueos-un-golpe-a-la-produccion-y-al-empleo\\\/#primaryimage\"},\"thumbnailUrl\":\"https:\\\/\\\/www.eldiario.net\\\/portal\\\/wp-content\\\/uploads\\\/2023\\\/06\\\/Rolando-Kempff-Bacigalupo2.jpg\",\"articleSection\":[\"Opini\u00f3n\"],\"inLanguage\":\"es\"},{\"@type\":\"WebPage\",\"@id\":\"https:\\\/\\\/www.eldiario.net\\\/portal\\\/2026\\\/06\\\/07\\\/bloqueos-un-golpe-a-la-produccion-y-al-empleo\\\/\",\"url\":\"https:\\\/\\\/www.eldiario.net\\\/portal\\\/2026\\\/06\\\/07\\\/bloqueos-un-golpe-a-la-produccion-y-al-empleo\\\/\",\"name\":\"Bloqueos: un golpe a la producci\u00f3n y al empleo - El Diario - Bolivia\",\"isPartOf\":{\"@id\":\"https:\\\/\\\/www.eldiario.net\\\/portal\\\/#website\"},\"primaryImageOfPage\":{\"@id\":\"https:\\\/\\\/www.eldiario.net\\\/portal\\\/2026\\\/06\\\/07\\\/bloqueos-un-golpe-a-la-produccion-y-al-empleo\\\/#primaryimage\"},\"image\":{\"@id\":\"https:\\\/\\\/www.eldiario.net\\\/portal\\\/2026\\\/06\\\/07\\\/bloqueos-un-golpe-a-la-produccion-y-al-empleo\\\/#primaryimage\"},\"thumbnailUrl\":\"https:\\\/\\\/www.eldiario.net\\\/portal\\\/wp-content\\\/uploads\\\/2023\\\/06\\\/Rolando-Kempff-Bacigalupo2.jpg\",\"datePublished\":\"2026-06-07T10:00:39+00:00\",\"breadcrumb\":{\"@id\":\"https:\\\/\\\/www.eldiario.net\\\/portal\\\/2026\\\/06\\\/07\\\/bloqueos-un-golpe-a-la-produccion-y-al-empleo\\\/#breadcrumb\"},\"inLanguage\":\"es\",\"potentialAction\":[{\"@type\":\"ReadAction\",\"target\":[\"https:\\\/\\\/www.eldiario.net\\\/portal\\\/2026\\\/06\\\/07\\\/bloqueos-un-golpe-a-la-produccion-y-al-empleo\\\/\"]}]},{\"@type\":\"ImageObject\",\"inLanguage\":\"es\",\"@id\":\"https:\\\/\\\/www.eldiario.net\\\/portal\\\/2026\\\/06\\\/07\\\/bloqueos-un-golpe-a-la-produccion-y-al-empleo\\\/#primaryimage\",\"url\":\"https:\\\/\\\/www.eldiario.net\\\/portal\\\/wp-content\\\/uploads\\\/2023\\\/06\\\/Rolando-Kempff-Bacigalupo2.jpg\",\"contentUrl\":\"https:\\\/\\\/www.eldiario.net\\\/portal\\\/wp-content\\\/uploads\\\/2023\\\/06\\\/Rolando-Kempff-Bacigalupo2.jpg\",\"width\":1200,\"height\":628},{\"@type\":\"BreadcrumbList\",\"@id\":\"https:\\\/\\\/www.eldiario.net\\\/portal\\\/2026\\\/06\\\/07\\\/bloqueos-un-golpe-a-la-produccion-y-al-empleo\\\/#breadcrumb\",\"itemListElement\":[{\"@type\":\"ListItem\",\"position\":1,\"name\":\"Portada\",\"item\":\"https:\\\/\\\/www.eldiario.net\\\/portal\\\/\"},{\"@type\":\"ListItem\",\"position\":2,\"name\":\"Bloqueos: un golpe a la producci\u00f3n y al empleo\"}]},{\"@type\":\"WebSite\",\"@id\":\"https:\\\/\\\/www.eldiario.net\\\/portal\\\/#website\",\"url\":\"https:\\\/\\\/www.eldiario.net\\\/portal\\\/\",\"name\":\"El Diario - Decano de la prensa nacional\",\"description\":\"El Diario - Decano de la prensa nacional\",\"publisher\":{\"@id\":\"https:\\\/\\\/www.eldiario.net\\\/portal\\\/#organization\"},\"potentialAction\":[{\"@type\":\"SearchAction\",\"target\":{\"@type\":\"EntryPoint\",\"urlTemplate\":\"https:\\\/\\\/www.eldiario.net\\\/portal\\\/?s={search_term_string}\"},\"query-input\":{\"@type\":\"PropertyValueSpecification\",\"valueRequired\":true,\"valueName\":\"search_term_string\"}}],\"inLanguage\":\"es\"},{\"@type\":\"Organization\",\"@id\":\"https:\\\/\\\/www.eldiario.net\\\/portal\\\/#organization\",\"name\":\"El Diario - Decano de la prensa nacional\",\"url\":\"https:\\\/\\\/www.eldiario.net\\\/portal\\\/\",\"logo\":{\"@type\":\"ImageObject\",\"inLanguage\":\"es\",\"@id\":\"https:\\\/\\\/www.eldiario.net\\\/portal\\\/#\\\/schema\\\/logo\\\/image\\\/\",\"url\":\"https:\\\/\\\/www.eldiario.net\\\/portal\\\/wp-content\\\/uploads\\\/2023\\\/07\\\/logo_ED.jpg\",\"contentUrl\":\"https:\\\/\\\/www.eldiario.net\\\/portal\\\/wp-content\\\/uploads\\\/2023\\\/07\\\/logo_ED.jpg\",\"width\":272,\"height\":52,\"caption\":\"El Diario - Decano de la prensa nacional\"},\"image\":{\"@id\":\"https:\\\/\\\/www.eldiario.net\\\/portal\\\/#\\\/schema\\\/logo\\\/image\\\/\"},\"sameAs\":[\"https:\\\/\\\/www.facebook.com\\\/eldiario.bolivia\\\/\",\"https:\\\/\\\/x.com\\\/eldiario_net\"]},{\"@type\":\"Person\",\"@id\":\"https:\\\/\\\/www.eldiario.net\\\/portal\\\/#\\\/schema\\\/person\\\/2c57cf2b7a7ae032e449e4c9b1019eac\",\"name\":\"Jeanette\",\"image\":{\"@type\":\"ImageObject\",\"inLanguage\":\"es\",\"@id\":\"https:\\\/\\\/secure.gravatar.com\\\/avatar\\\/3ea2118a5f7dad2b7138b1187a6b7ee55f160b9968b66013c3a3ef39dd7e5798?s=96&d=mm&r=g\",\"url\":\"https:\\\/\\\/secure.gravatar.com\\\/avatar\\\/3ea2118a5f7dad2b7138b1187a6b7ee55f160b9968b66013c3a3ef39dd7e5798?s=96&d=mm&r=g\",\"contentUrl\":\"https:\\\/\\\/secure.gravatar.com\\\/avatar\\\/3ea2118a5f7dad2b7138b1187a6b7ee55f160b9968b66013c3a3ef39dd7e5798?s=96&d=mm&r=g\",\"caption\":\"Jeanette\"},\"sameAs\":[\"https:\\\/\\\/www.eldiario.net\\\/portal\"],\"url\":\"https:\\\/\\\/www.eldiario.net\\\/portal\\\/author\\\/jeanette\\\/\"}]}<\/script>\n<!-- \/ Yoast SEO plugin. -->","yoast_head_json":{"title":"Bloqueos: un golpe a la producci\u00f3n y al empleo - El Diario - Bolivia","robots":{"index":"index","follow":"follow","max-snippet":"max-snippet:-1","max-image-preview":"max-image-preview:large","max-video-preview":"max-video-preview:-1"},"canonical":"https:\/\/www.eldiario.net\/portal\/2026\/06\/07\/bloqueos-un-golpe-a-la-produccion-y-al-empleo\/","og_locale":"es_ES","og_type":"article","og_title":"Bloqueos: un golpe a la producci\u00f3n y al empleo - El Diario - Bolivia","og_description":"Un movimiento de car\u00e1cter desestabilizador pone en serio riesgo al sector productivo del departamento de La Paz. Las p\u00e9rdidas generadas por los bloqueos que afectan a la sede de gobierno ya superan los 600 millones de d\u00f3lares aproximadamente, profundizando una crisis que golpea a empresas, trabajadores y familias bolivianas. La Confederaci\u00f3n de Empresarios Privados de [&hellip;]","og_url":"https:\/\/www.eldiario.net\/portal\/2026\/06\/07\/bloqueos-un-golpe-a-la-produccion-y-al-empleo\/","og_site_name":"El Diario - Bolivia","article_publisher":"https:\/\/www.facebook.com\/eldiario.bolivia\/","article_published_time":"2026-06-07T10:00:39+00:00","og_image":[{"width":1200,"height":628,"url":"https:\/\/www.eldiario.net\/portal\/wp-content\/uploads\/2023\/06\/Rolando-Kempff-Bacigalupo2.jpg","type":"image\/jpeg"}],"author":"Jeanette","twitter_card":"summary_large_image","twitter_creator":"@eldiario_net","twitter_site":"@eldiario_net","twitter_misc":{"Escrito por":"Jeanette","Tiempo de lectura":"4 minutos"},"schema":{"@context":"https:\/\/schema.org","@graph":[{"@type":"Article","@id":"https:\/\/www.eldiario.net\/portal\/2026\/06\/07\/bloqueos-un-golpe-a-la-produccion-y-al-empleo\/#article","isPartOf":{"@id":"https:\/\/www.eldiario.net\/portal\/2026\/06\/07\/bloqueos-un-golpe-a-la-produccion-y-al-empleo\/"},"author":{"name":"Jeanette","@id":"https:\/\/www.eldiario.net\/portal\/#\/schema\/person\/2c57cf2b7a7ae032e449e4c9b1019eac"},"headline":"Bloqueos: un golpe a la producci\u00f3n y al empleo","datePublished":"2026-06-07T10:00:39+00:00","mainEntityOfPage":{"@id":"https:\/\/www.eldiario.net\/portal\/2026\/06\/07\/bloqueos-un-golpe-a-la-produccion-y-al-empleo\/"},"wordCount":794,"publisher":{"@id":"https:\/\/www.eldiario.net\/portal\/#organization"},"image":{"@id":"https:\/\/www.eldiario.net\/portal\/2026\/06\/07\/bloqueos-un-golpe-a-la-produccion-y-al-empleo\/#primaryimage"},"thumbnailUrl":"https:\/\/www.eldiario.net\/portal\/wp-content\/uploads\/2023\/06\/Rolando-Kempff-Bacigalupo2.jpg","articleSection":["Opini\u00f3n"],"inLanguage":"es"},{"@type":"WebPage","@id":"https:\/\/www.eldiario.net\/portal\/2026\/06\/07\/bloqueos-un-golpe-a-la-produccion-y-al-empleo\/","url":"https:\/\/www.eldiario.net\/portal\/2026\/06\/07\/bloqueos-un-golpe-a-la-produccion-y-al-empleo\/","name":"Bloqueos: un golpe a la producci\u00f3n y al empleo - El Diario - Bolivia","isPartOf":{"@id":"https:\/\/www.eldiario.net\/portal\/#website"},"primaryImageOfPage":{"@id":"https:\/\/www.eldiario.net\/portal\/2026\/06\/07\/bloqueos-un-golpe-a-la-produccion-y-al-empleo\/#primaryimage"},"image":{"@id":"https:\/\/www.eldiario.net\/portal\/2026\/06\/07\/bloqueos-un-golpe-a-la-produccion-y-al-empleo\/#primaryimage"},"thumbnailUrl":"https:\/\/www.eldiario.net\/portal\/wp-content\/uploads\/2023\/06\/Rolando-Kempff-Bacigalupo2.jpg","datePublished":"2026-06-07T10:00:39+00:00","breadcrumb":{"@id":"https:\/\/www.eldiario.net\/portal\/2026\/06\/07\/bloqueos-un-golpe-a-la-produccion-y-al-empleo\/#breadcrumb"},"inLanguage":"es","potentialAction":[{"@type":"ReadAction","target":["https:\/\/www.eldiario.net\/portal\/2026\/06\/07\/bloqueos-un-golpe-a-la-produccion-y-al-empleo\/"]}]},{"@type":"ImageObject","inLanguage":"es","@id":"https:\/\/www.eldiario.net\/portal\/2026\/06\/07\/bloqueos-un-golpe-a-la-produccion-y-al-empleo\/#primaryimage","url":"https:\/\/www.eldiario.net\/portal\/wp-content\/uploads\/2023\/06\/Rolando-Kempff-Bacigalupo2.jpg","contentUrl":"https:\/\/www.eldiario.net\/portal\/wp-content\/uploads\/2023\/06\/Rolando-Kempff-Bacigalupo2.jpg","width":1200,"height":628},{"@type":"BreadcrumbList","@id":"https:\/\/www.eldiario.net\/portal\/2026\/06\/07\/bloqueos-un-golpe-a-la-produccion-y-al-empleo\/#breadcrumb","itemListElement":[{"@type":"ListItem","position":1,"name":"Portada","item":"https:\/\/www.eldiario.net\/portal\/"},{"@type":"ListItem","position":2,"name":"Bloqueos: un golpe a la producci\u00f3n y al empleo"}]},{"@type":"WebSite","@id":"https:\/\/www.eldiario.net\/portal\/#website","url":"https:\/\/www.eldiario.net\/portal\/","name":"El Diario - Decano de la prensa nacional","description":"El Diario - Decano de la prensa nacional","publisher":{"@id":"https:\/\/www.eldiario.net\/portal\/#organization"},"potentialAction":[{"@type":"SearchAction","target":{"@type":"EntryPoint","urlTemplate":"https:\/\/www.eldiario.net\/portal\/?s={search_term_string}"},"query-input":{"@type":"PropertyValueSpecification","valueRequired":true,"valueName":"search_term_string"}}],"inLanguage":"es"},{"@type":"Organization","@id":"https:\/\/www.eldiario.net\/portal\/#organization","name":"El Diario - Decano de la prensa nacional","url":"https:\/\/www.eldiario.net\/portal\/","logo":{"@type":"ImageObject","inLanguage":"es","@id":"https:\/\/www.eldiario.net\/portal\/#\/schema\/logo\/image\/","url":"https:\/\/www.eldiario.net\/portal\/wp-content\/uploads\/2023\/07\/logo_ED.jpg","contentUrl":"https:\/\/www.eldiario.net\/portal\/wp-content\/uploads\/2023\/07\/logo_ED.jpg","width":272,"height":52,"caption":"El Diario - Decano de la prensa nacional"},"image":{"@id":"https:\/\/www.eldiario.net\/portal\/#\/schema\/logo\/image\/"},"sameAs":["https:\/\/www.facebook.com\/eldiario.bolivia\/","https:\/\/x.com\/eldiario_net"]},{"@type":"Person","@id":"https:\/\/www.eldiario.net\/portal\/#\/schema\/person\/2c57cf2b7a7ae032e449e4c9b1019eac","name":"Jeanette","image":{"@type":"ImageObject","inLanguage":"es","@id":"https:\/\/secure.gravatar.com\/avatar\/3ea2118a5f7dad2b7138b1187a6b7ee55f160b9968b66013c3a3ef39dd7e5798?s=96&d=mm&r=g","url":"https:\/\/secure.gravatar.com\/avatar\/3ea2118a5f7dad2b7138b1187a6b7ee55f160b9968b66013c3a3ef39dd7e5798?s=96&d=mm&r=g","contentUrl":"https:\/\/secure.gravatar.com\/avatar\/3ea2118a5f7dad2b7138b1187a6b7ee55f160b9968b66013c3a3ef39dd7e5798?s=96&d=mm&r=g","caption":"Jeanette"},"sameAs":["https:\/\/www.eldiario.net\/portal"],"url":"https:\/\/www.eldiario.net\/portal\/author\/jeanette\/"}]}},"_links":{"self":[{"href":"https:\/\/www.eldiario.net\/portal\/wp-json\/wp\/v2\/posts\/401329","targetHints":{"allow":["GET"]}}],"collection":[{"href":"https:\/\/www.eldiario.net\/portal\/wp-json\/wp\/v2\/posts"}],"about":[{"href":"https:\/\/www.eldiario.net\/portal\/wp-json\/wp\/v2\/types\/post"}],"author":[{"embeddable":true,"href":"https:\/\/www.eldiario.net\/portal\/wp-json\/wp\/v2\/users\/1"}],"replies":[{"embeddable":true,"href":"https:\/\/www.eldiario.net\/portal\/wp-json\/wp\/v2\/comments?post=401329"}],"version-history":[{"count":1,"href":"https:\/\/www.eldiario.net\/portal\/wp-json\/wp\/v2\/posts\/401329\/revisions"}],"predecessor-version":[{"id":401330,"href":"https:\/\/www.eldiario.net\/portal\/wp-json\/wp\/v2\/posts\/401329\/revisions\/401330"}],"wp:featuredmedia":[{"embeddable":true,"href":"https:\/\/www.eldiario.net\/portal\/wp-json\/wp\/v2\/media\/158113"}],"wp:attachment":[{"href":"https:\/\/www.eldiario.net\/portal\/wp-json\/wp\/v2\/media?parent=401329"}],"wp:term":[{"taxonomy":"category","embeddable":true,"href":"https:\/\/www.eldiario.net\/portal\/wp-json\/wp\/v2\/categories?post=401329"},{"taxonomy":"post_tag","embeddable":true,"href":"https:\/\/www.eldiario.net\/portal\/wp-json\/wp\/v2\/tags?post=401329"}],"curies":[{"name":"wp","href":"https:\/\/api.w.org\/{rel}","templated":true}]}}