{"id":401327,"date":"2026-06-07T06:00:09","date_gmt":"2026-06-07T10:00:09","guid":{"rendered":"https:\/\/www.eldiario.net\/portal\/?p=401327"},"modified":"2026-06-07T06:00:09","modified_gmt":"2026-06-07T10:00:09","slug":"primer-diplomatico-de-eeuu-en-bolivia","status":"publish","type":"post","link":"https:\/\/www.eldiario.net\/portal\/2026\/06\/07\/primer-diplomatico-de-eeuu-en-bolivia\/","title":{"rendered":"Primer diplom\u00e1tico de EEUU en Bolivia"},"content":{"rendered":"<p>El reciente acercamiento entre Bolivia y los Estados Unidos ha despertado inter\u00e9s sobre los antecedentes hist\u00f3ricos de una relaci\u00f3n diplom\u00e1tica que se remonta a los primeros a\u00f1os de vida republicana. En este contexto, resulta oportuno recordar a algunos de los personajes que desempe\u00f1aron un papel relevante en la construcci\u00f3n de las relaciones entre ambas naciones.<br \/>\nEn ese sentido, esta nota abordar\u00e1 la gesti\u00f3n del primer representante diplom\u00e1tico estadounidense acreditado ante Bolivia, Samuel Larned, cuya labor contribuy\u00f3 a la negociaci\u00f3n de uno de los primeros instrumentos bilaterales entre ambos pa\u00edses: la \u2018Convenci\u00f3n General de Paz, Amistad, Comercio y Navegaci\u00f3n entre la Confederaci\u00f3n Per\u00fa-Boliviana y los Estados Unidos\u2019, suscrita en Lima el 30 de noviembre de 1836 y ratificada y promulgada el 10 de enero de 1837.<br \/>\nLa correspondencia diplom\u00e1tica de la \u00e9poca permite conocer algunos aspectos poco estudiados de aquella gesti\u00f3n. Uno de ellos est\u00e1 relacionado con el puerto de Cobija, principal salida boliviana al oc\u00e9ano Pac\u00edfico durante las primeras d\u00e9cadas republicanas. En una nota fechada el 20 de julio de 1835, Larned comunic\u00f3 al ministro de Relaciones Exteriores de Bolivia \u201c\u2026he nombrado temporalmente para el de Cobija y sus dependencias, al se\u00f1or Don Juan H. Polhenus, ciudadano de los referidos Estados, actualmente residente y del comercio de dicho Puerto\u2026\u201d. Este documento constituye un testimonio de gran valor para la historia mar\u00edtima de Bolivia, pues evidencia el reconocimiento pr\u00e1ctico de Cobija como puerto boliviano y refleja el ejercicio efectivo de la soberan\u00eda nacional sobre el Litoral.<br \/>\nOtro documento igualmente revelador permite apreciar la valoraci\u00f3n que comenzaba a tener Bolivia en la pol\u00edtica exterior estadounidense. En una nota dirigida al mariscal Andr\u00e9s de Santa Cruz el 3 de noviembre de 1834, Larned inform\u00f3: \u201cTambi\u00e9n el Presidente de los Estados Unidos, en uno de sus \u00faltimos mensajes al Congreso de aquella Rep\u00fablica, habla de Bolivia como uno de los nuevos Estados Sud Americanos, y manifiesta un deseo de cultivar relaciones estrechas con ella\u201d. La comunicaci\u00f3n conclu\u00eda con una expresi\u00f3n particularmente significativa de Larned, quien afirmaba \u201c\u2026es por dem\u00e1s el que yo a\u00f1ada que me causar\u00eda un sincero placer en ser el \u00f3rgano de que estas naciones hermanas se entrelacen con los v\u00ednculos de igualdad y amistad\u201d.<br \/>\nDe esta manera, la gesti\u00f3n de Samuel Larned permite comprender mejor los or\u00edgenes de las relaciones diplom\u00e1ticas entre Bolivia y los Estados Unidos. Sus actuaciones contribuyeron al establecimiento de los primeros mecanismos formales de entendimiento entre ambas naciones y dejaron constancia del inter\u00e9s mutuo por desarrollar v\u00ednculos de amistad y cooperaci\u00f3n.<\/p>\n","protected":false},"excerpt":{"rendered":"<p>El reciente acercamiento entre Bolivia y los Estados Unidos ha despertado inter\u00e9s sobre los antecedentes hist\u00f3ricos de una relaci\u00f3n diplom\u00e1tica que se remonta a los primeros a\u00f1os de vida republicana. En este contexto, resulta oportuno recordar a algunos de los personajes que desempe\u00f1aron un papel relevante en la construcci\u00f3n de las relaciones entre ambas naciones. [&hellip;]<\/p>\n","protected":false},"author":1,"featured_media":259492,"comment_status":"closed","ping_status":"open","sticky":false,"template":"","format":"standard","meta":{"_acf_changed":false,"footnotes":""},"categories":[9],"tags":[],"class_list":["post-401327","post","type-post","status-publish","format-standard","has-post-thumbnail","category-opinion"],"acf":{"antetitulo":""},"yoast_head":"<!-- This site is optimized with the Yoast SEO plugin v28.4 - https:\/\/yoast.com\/product\/yoast-seo-wordpress\/ -->\n<title>Primer diplom\u00e1tico de EEUU en Bolivia - El Diario - Bolivia<\/title>\n<meta name=\"robots\" content=\"index, follow, max-snippet:-1, max-image-preview:large, max-video-preview:-1\" \/>\n<link rel=\"canonical\" href=\"https:\/\/www.eldiario.net\/portal\/2026\/06\/07\/primer-diplomatico-de-eeuu-en-bolivia\/\" \/>\n<meta property=\"og:locale\" content=\"es_ES\" \/>\n<meta property=\"og:type\" content=\"article\" \/>\n<meta property=\"og:title\" content=\"Primer diplom\u00e1tico de EEUU en Bolivia - El Diario - Bolivia\" \/>\n<meta property=\"og:description\" content=\"El reciente acercamiento entre Bolivia y los Estados Unidos ha despertado inter\u00e9s sobre los antecedentes hist\u00f3ricos de una relaci\u00f3n diplom\u00e1tica que se remonta a los primeros a\u00f1os de vida republicana. En este contexto, resulta oportuno recordar a algunos de los personajes que desempe\u00f1aron un papel relevante en la construcci\u00f3n de las relaciones entre ambas naciones. [&hellip;]\" \/>\n<meta property=\"og:url\" content=\"https:\/\/www.eldiario.net\/portal\/2026\/06\/07\/primer-diplomatico-de-eeuu-en-bolivia\/\" \/>\n<meta property=\"og:site_name\" content=\"El Diario - Bolivia\" \/>\n<meta property=\"article:publisher\" content=\"https:\/\/www.facebook.com\/eldiario.bolivia\/\" \/>\n<meta property=\"article:published_time\" content=\"2026-06-07T10:00:09+00:00\" \/>\n<meta property=\"og:image\" content=\"https:\/\/www.eldiario.net\/portal\/wp-content\/uploads\/2024\/11\/Jose-Pradel-B.jpg\" \/>\n\t<meta property=\"og:image:width\" content=\"1200\" \/>\n\t<meta property=\"og:image:height\" content=\"628\" \/>\n\t<meta property=\"og:image:type\" content=\"image\/jpeg\" \/>\n<meta name=\"author\" content=\"Jeanette\" \/>\n<meta name=\"twitter:card\" content=\"summary_large_image\" \/>\n<meta name=\"twitter:creator\" content=\"@eldiario_net\" \/>\n<meta name=\"twitter:site\" content=\"@eldiario_net\" \/>\n<meta name=\"twitter:label1\" content=\"Escrito por\" \/>\n\t<meta name=\"twitter:data1\" content=\"Jeanette\" \/>\n\t<meta name=\"twitter:label2\" content=\"Tiempo de lectura\" \/>\n\t<meta name=\"twitter:data2\" content=\"3 minutos\" \/>\n<script type=\"application\/ld+json\" class=\"yoast-schema-graph\">{\"@context\":\"https:\\\/\\\/schema.org\",\"@graph\":[{\"@type\":\"Article\",\"@id\":\"https:\\\/\\\/www.eldiario.net\\\/portal\\\/2026\\\/06\\\/07\\\/primer-diplomatico-de-eeuu-en-bolivia\\\/#article\",\"isPartOf\":{\"@id\":\"https:\\\/\\\/www.eldiario.net\\\/portal\\\/2026\\\/06\\\/07\\\/primer-diplomatico-de-eeuu-en-bolivia\\\/\"},\"author\":{\"name\":\"Jeanette\",\"@id\":\"https:\\\/\\\/www.eldiario.net\\\/portal\\\/#\\\/schema\\\/person\\\/2c57cf2b7a7ae032e449e4c9b1019eac\"},\"headline\":\"Primer diplom\u00e1tico de EEUU en Bolivia\",\"datePublished\":\"2026-06-07T10:00:09+00:00\",\"mainEntityOfPage\":{\"@id\":\"https:\\\/\\\/www.eldiario.net\\\/portal\\\/2026\\\/06\\\/07\\\/primer-diplomatico-de-eeuu-en-bolivia\\\/\"},\"wordCount\":455,\"publisher\":{\"@id\":\"https:\\\/\\\/www.eldiario.net\\\/portal\\\/#organization\"},\"image\":{\"@id\":\"https:\\\/\\\/www.eldiario.net\\\/portal\\\/2026\\\/06\\\/07\\\/primer-diplomatico-de-eeuu-en-bolivia\\\/#primaryimage\"},\"thumbnailUrl\":\"https:\\\/\\\/www.eldiario.net\\\/portal\\\/wp-content\\\/uploads\\\/2024\\\/11\\\/Jose-Pradel-B.jpg\",\"articleSection\":[\"Opini\u00f3n\"],\"inLanguage\":\"es\"},{\"@type\":\"WebPage\",\"@id\":\"https:\\\/\\\/www.eldiario.net\\\/portal\\\/2026\\\/06\\\/07\\\/primer-diplomatico-de-eeuu-en-bolivia\\\/\",\"url\":\"https:\\\/\\\/www.eldiario.net\\\/portal\\\/2026\\\/06\\\/07\\\/primer-diplomatico-de-eeuu-en-bolivia\\\/\",\"name\":\"Primer diplom\u00e1tico de EEUU en Bolivia - El Diario - Bolivia\",\"isPartOf\":{\"@id\":\"https:\\\/\\\/www.eldiario.net\\\/portal\\\/#website\"},\"primaryImageOfPage\":{\"@id\":\"https:\\\/\\\/www.eldiario.net\\\/portal\\\/2026\\\/06\\\/07\\\/primer-diplomatico-de-eeuu-en-bolivia\\\/#primaryimage\"},\"image\":{\"@id\":\"https:\\\/\\\/www.eldiario.net\\\/portal\\\/2026\\\/06\\\/07\\\/primer-diplomatico-de-eeuu-en-bolivia\\\/#primaryimage\"},\"thumbnailUrl\":\"https:\\\/\\\/www.eldiario.net\\\/portal\\\/wp-content\\\/uploads\\\/2024\\\/11\\\/Jose-Pradel-B.jpg\",\"datePublished\":\"2026-06-07T10:00:09+00:00\",\"breadcrumb\":{\"@id\":\"https:\\\/\\\/www.eldiario.net\\\/portal\\\/2026\\\/06\\\/07\\\/primer-diplomatico-de-eeuu-en-bolivia\\\/#breadcrumb\"},\"inLanguage\":\"es\",\"potentialAction\":[{\"@type\":\"ReadAction\",\"target\":[\"https:\\\/\\\/www.eldiario.net\\\/portal\\\/2026\\\/06\\\/07\\\/primer-diplomatico-de-eeuu-en-bolivia\\\/\"]}]},{\"@type\":\"ImageObject\",\"inLanguage\":\"es\",\"@id\":\"https:\\\/\\\/www.eldiario.net\\\/portal\\\/2026\\\/06\\\/07\\\/primer-diplomatico-de-eeuu-en-bolivia\\\/#primaryimage\",\"url\":\"https:\\\/\\\/www.eldiario.net\\\/portal\\\/wp-content\\\/uploads\\\/2024\\\/11\\\/Jose-Pradel-B.jpg\",\"contentUrl\":\"https:\\\/\\\/www.eldiario.net\\\/portal\\\/wp-content\\\/uploads\\\/2024\\\/11\\\/Jose-Pradel-B.jpg\",\"width\":1200,\"height\":628},{\"@type\":\"BreadcrumbList\",\"@id\":\"https:\\\/\\\/www.eldiario.net\\\/portal\\\/2026\\\/06\\\/07\\\/primer-diplomatico-de-eeuu-en-bolivia\\\/#breadcrumb\",\"itemListElement\":[{\"@type\":\"ListItem\",\"position\":1,\"name\":\"Portada\",\"item\":\"https:\\\/\\\/www.eldiario.net\\\/portal\\\/\"},{\"@type\":\"ListItem\",\"position\":2,\"name\":\"Primer diplom\u00e1tico de EEUU en Bolivia\"}]},{\"@type\":\"WebSite\",\"@id\":\"https:\\\/\\\/www.eldiario.net\\\/portal\\\/#website\",\"url\":\"https:\\\/\\\/www.eldiario.net\\\/portal\\\/\",\"name\":\"El Diario - Decano de la prensa nacional\",\"description\":\"El Diario - Decano de la prensa nacional\",\"publisher\":{\"@id\":\"https:\\\/\\\/www.eldiario.net\\\/portal\\\/#organization\"},\"potentialAction\":[{\"@type\":\"SearchAction\",\"target\":{\"@type\":\"EntryPoint\",\"urlTemplate\":\"https:\\\/\\\/www.eldiario.net\\\/portal\\\/?s={search_term_string}\"},\"query-input\":{\"@type\":\"PropertyValueSpecification\",\"valueRequired\":true,\"valueName\":\"search_term_string\"}}],\"inLanguage\":\"es\"},{\"@type\":\"Organization\",\"@id\":\"https:\\\/\\\/www.eldiario.net\\\/portal\\\/#organization\",\"name\":\"El Diario - Decano de la prensa nacional\",\"url\":\"https:\\\/\\\/www.eldiario.net\\\/portal\\\/\",\"logo\":{\"@type\":\"ImageObject\",\"inLanguage\":\"es\",\"@id\":\"https:\\\/\\\/www.eldiario.net\\\/portal\\\/#\\\/schema\\\/logo\\\/image\\\/\",\"url\":\"https:\\\/\\\/www.eldiario.net\\\/portal\\\/wp-content\\\/uploads\\\/2023\\\/07\\\/logo_ED.jpg\",\"contentUrl\":\"https:\\\/\\\/www.eldiario.net\\\/portal\\\/wp-content\\\/uploads\\\/2023\\\/07\\\/logo_ED.jpg\",\"width\":272,\"height\":52,\"caption\":\"El Diario - Decano de la prensa nacional\"},\"image\":{\"@id\":\"https:\\\/\\\/www.eldiario.net\\\/portal\\\/#\\\/schema\\\/logo\\\/image\\\/\"},\"sameAs\":[\"https:\\\/\\\/www.facebook.com\\\/eldiario.bolivia\\\/\",\"https:\\\/\\\/x.com\\\/eldiario_net\"]},{\"@type\":\"Person\",\"@id\":\"https:\\\/\\\/www.eldiario.net\\\/portal\\\/#\\\/schema\\\/person\\\/2c57cf2b7a7ae032e449e4c9b1019eac\",\"name\":\"Jeanette\",\"image\":{\"@type\":\"ImageObject\",\"inLanguage\":\"es\",\"@id\":\"https:\\\/\\\/secure.gravatar.com\\\/avatar\\\/3ea2118a5f7dad2b7138b1187a6b7ee55f160b9968b66013c3a3ef39dd7e5798?s=96&d=mm&r=g\",\"url\":\"https:\\\/\\\/secure.gravatar.com\\\/avatar\\\/3ea2118a5f7dad2b7138b1187a6b7ee55f160b9968b66013c3a3ef39dd7e5798?s=96&d=mm&r=g\",\"contentUrl\":\"https:\\\/\\\/secure.gravatar.com\\\/avatar\\\/3ea2118a5f7dad2b7138b1187a6b7ee55f160b9968b66013c3a3ef39dd7e5798?s=96&d=mm&r=g\",\"caption\":\"Jeanette\"},\"sameAs\":[\"https:\\\/\\\/www.eldiario.net\\\/portal\"],\"url\":\"https:\\\/\\\/www.eldiario.net\\\/portal\\\/author\\\/jeanette\\\/\"}]}<\/script>\n<!-- \/ Yoast SEO plugin. -->","yoast_head_json":{"title":"Primer diplom\u00e1tico de EEUU en Bolivia - El Diario - Bolivia","robots":{"index":"index","follow":"follow","max-snippet":"max-snippet:-1","max-image-preview":"max-image-preview:large","max-video-preview":"max-video-preview:-1"},"canonical":"https:\/\/www.eldiario.net\/portal\/2026\/06\/07\/primer-diplomatico-de-eeuu-en-bolivia\/","og_locale":"es_ES","og_type":"article","og_title":"Primer diplom\u00e1tico de EEUU en Bolivia - El Diario - Bolivia","og_description":"El reciente acercamiento entre Bolivia y los Estados Unidos ha despertado inter\u00e9s sobre los antecedentes hist\u00f3ricos de una relaci\u00f3n diplom\u00e1tica que se remonta a los primeros a\u00f1os de vida republicana. En este contexto, resulta oportuno recordar a algunos de los personajes que desempe\u00f1aron un papel relevante en la construcci\u00f3n de las relaciones entre ambas naciones. [&hellip;]","og_url":"https:\/\/www.eldiario.net\/portal\/2026\/06\/07\/primer-diplomatico-de-eeuu-en-bolivia\/","og_site_name":"El Diario - Bolivia","article_publisher":"https:\/\/www.facebook.com\/eldiario.bolivia\/","article_published_time":"2026-06-07T10:00:09+00:00","og_image":[{"width":1200,"height":628,"url":"https:\/\/www.eldiario.net\/portal\/wp-content\/uploads\/2024\/11\/Jose-Pradel-B.jpg","type":"image\/jpeg"}],"author":"Jeanette","twitter_card":"summary_large_image","twitter_creator":"@eldiario_net","twitter_site":"@eldiario_net","twitter_misc":{"Escrito por":"Jeanette","Tiempo de lectura":"3 minutos"},"schema":{"@context":"https:\/\/schema.org","@graph":[{"@type":"Article","@id":"https:\/\/www.eldiario.net\/portal\/2026\/06\/07\/primer-diplomatico-de-eeuu-en-bolivia\/#article","isPartOf":{"@id":"https:\/\/www.eldiario.net\/portal\/2026\/06\/07\/primer-diplomatico-de-eeuu-en-bolivia\/"},"author":{"name":"Jeanette","@id":"https:\/\/www.eldiario.net\/portal\/#\/schema\/person\/2c57cf2b7a7ae032e449e4c9b1019eac"},"headline":"Primer diplom\u00e1tico de EEUU en Bolivia","datePublished":"2026-06-07T10:00:09+00:00","mainEntityOfPage":{"@id":"https:\/\/www.eldiario.net\/portal\/2026\/06\/07\/primer-diplomatico-de-eeuu-en-bolivia\/"},"wordCount":455,"publisher":{"@id":"https:\/\/www.eldiario.net\/portal\/#organization"},"image":{"@id":"https:\/\/www.eldiario.net\/portal\/2026\/06\/07\/primer-diplomatico-de-eeuu-en-bolivia\/#primaryimage"},"thumbnailUrl":"https:\/\/www.eldiario.net\/portal\/wp-content\/uploads\/2024\/11\/Jose-Pradel-B.jpg","articleSection":["Opini\u00f3n"],"inLanguage":"es"},{"@type":"WebPage","@id":"https:\/\/www.eldiario.net\/portal\/2026\/06\/07\/primer-diplomatico-de-eeuu-en-bolivia\/","url":"https:\/\/www.eldiario.net\/portal\/2026\/06\/07\/primer-diplomatico-de-eeuu-en-bolivia\/","name":"Primer diplom\u00e1tico de EEUU en Bolivia - El Diario - Bolivia","isPartOf":{"@id":"https:\/\/www.eldiario.net\/portal\/#website"},"primaryImageOfPage":{"@id":"https:\/\/www.eldiario.net\/portal\/2026\/06\/07\/primer-diplomatico-de-eeuu-en-bolivia\/#primaryimage"},"image":{"@id":"https:\/\/www.eldiario.net\/portal\/2026\/06\/07\/primer-diplomatico-de-eeuu-en-bolivia\/#primaryimage"},"thumbnailUrl":"https:\/\/www.eldiario.net\/portal\/wp-content\/uploads\/2024\/11\/Jose-Pradel-B.jpg","datePublished":"2026-06-07T10:00:09+00:00","breadcrumb":{"@id":"https:\/\/www.eldiario.net\/portal\/2026\/06\/07\/primer-diplomatico-de-eeuu-en-bolivia\/#breadcrumb"},"inLanguage":"es","potentialAction":[{"@type":"ReadAction","target":["https:\/\/www.eldiario.net\/portal\/2026\/06\/07\/primer-diplomatico-de-eeuu-en-bolivia\/"]}]},{"@type":"ImageObject","inLanguage":"es","@id":"https:\/\/www.eldiario.net\/portal\/2026\/06\/07\/primer-diplomatico-de-eeuu-en-bolivia\/#primaryimage","url":"https:\/\/www.eldiario.net\/portal\/wp-content\/uploads\/2024\/11\/Jose-Pradel-B.jpg","contentUrl":"https:\/\/www.eldiario.net\/portal\/wp-content\/uploads\/2024\/11\/Jose-Pradel-B.jpg","width":1200,"height":628},{"@type":"BreadcrumbList","@id":"https:\/\/www.eldiario.net\/portal\/2026\/06\/07\/primer-diplomatico-de-eeuu-en-bolivia\/#breadcrumb","itemListElement":[{"@type":"ListItem","position":1,"name":"Portada","item":"https:\/\/www.eldiario.net\/portal\/"},{"@type":"ListItem","position":2,"name":"Primer diplom\u00e1tico de EEUU en Bolivia"}]},{"@type":"WebSite","@id":"https:\/\/www.eldiario.net\/portal\/#website","url":"https:\/\/www.eldiario.net\/portal\/","name":"El Diario - Decano de la prensa nacional","description":"El Diario - Decano de la prensa nacional","publisher":{"@id":"https:\/\/www.eldiario.net\/portal\/#organization"},"potentialAction":[{"@type":"SearchAction","target":{"@type":"EntryPoint","urlTemplate":"https:\/\/www.eldiario.net\/portal\/?s={search_term_string}"},"query-input":{"@type":"PropertyValueSpecification","valueRequired":true,"valueName":"search_term_string"}}],"inLanguage":"es"},{"@type":"Organization","@id":"https:\/\/www.eldiario.net\/portal\/#organization","name":"El Diario - Decano de la prensa nacional","url":"https:\/\/www.eldiario.net\/portal\/","logo":{"@type":"ImageObject","inLanguage":"es","@id":"https:\/\/www.eldiario.net\/portal\/#\/schema\/logo\/image\/","url":"https:\/\/www.eldiario.net\/portal\/wp-content\/uploads\/2023\/07\/logo_ED.jpg","contentUrl":"https:\/\/www.eldiario.net\/portal\/wp-content\/uploads\/2023\/07\/logo_ED.jpg","width":272,"height":52,"caption":"El Diario - Decano de la prensa nacional"},"image":{"@id":"https:\/\/www.eldiario.net\/portal\/#\/schema\/logo\/image\/"},"sameAs":["https:\/\/www.facebook.com\/eldiario.bolivia\/","https:\/\/x.com\/eldiario_net"]},{"@type":"Person","@id":"https:\/\/www.eldiario.net\/portal\/#\/schema\/person\/2c57cf2b7a7ae032e449e4c9b1019eac","name":"Jeanette","image":{"@type":"ImageObject","inLanguage":"es","@id":"https:\/\/secure.gravatar.com\/avatar\/3ea2118a5f7dad2b7138b1187a6b7ee55f160b9968b66013c3a3ef39dd7e5798?s=96&d=mm&r=g","url":"https:\/\/secure.gravatar.com\/avatar\/3ea2118a5f7dad2b7138b1187a6b7ee55f160b9968b66013c3a3ef39dd7e5798?s=96&d=mm&r=g","contentUrl":"https:\/\/secure.gravatar.com\/avatar\/3ea2118a5f7dad2b7138b1187a6b7ee55f160b9968b66013c3a3ef39dd7e5798?s=96&d=mm&r=g","caption":"Jeanette"},"sameAs":["https:\/\/www.eldiario.net\/portal"],"url":"https:\/\/www.eldiario.net\/portal\/author\/jeanette\/"}]}},"_links":{"self":[{"href":"https:\/\/www.eldiario.net\/portal\/wp-json\/wp\/v2\/posts\/401327","targetHints":{"allow":["GET"]}}],"collection":[{"href":"https:\/\/www.eldiario.net\/portal\/wp-json\/wp\/v2\/posts"}],"about":[{"href":"https:\/\/www.eldiario.net\/portal\/wp-json\/wp\/v2\/types\/post"}],"author":[{"embeddable":true,"href":"https:\/\/www.eldiario.net\/portal\/wp-json\/wp\/v2\/users\/1"}],"replies":[{"embeddable":true,"href":"https:\/\/www.eldiario.net\/portal\/wp-json\/wp\/v2\/comments?post=401327"}],"version-history":[{"count":1,"href":"https:\/\/www.eldiario.net\/portal\/wp-json\/wp\/v2\/posts\/401327\/revisions"}],"predecessor-version":[{"id":401328,"href":"https:\/\/www.eldiario.net\/portal\/wp-json\/wp\/v2\/posts\/401327\/revisions\/401328"}],"wp:featuredmedia":[{"embeddable":true,"href":"https:\/\/www.eldiario.net\/portal\/wp-json\/wp\/v2\/media\/259492"}],"wp:attachment":[{"href":"https:\/\/www.eldiario.net\/portal\/wp-json\/wp\/v2\/media?parent=401327"}],"wp:term":[{"taxonomy":"category","embeddable":true,"href":"https:\/\/www.eldiario.net\/portal\/wp-json\/wp\/v2\/categories?post=401327"},{"taxonomy":"post_tag","embeddable":true,"href":"https:\/\/www.eldiario.net\/portal\/wp-json\/wp\/v2\/tags?post=401327"}],"curies":[{"name":"wp","href":"https:\/\/api.w.org\/{rel}","templated":true}]}}