{"id":40129,"date":"2021-11-01T05:23:29","date_gmt":"2021-11-01T09:23:29","guid":{"rendered":"https:\/\/www.eldiario.net\/portal\/?p=40129"},"modified":"2021-11-01T05:23:29","modified_gmt":"2021-11-01T09:23:29","slug":"mas-de-100-brigadistas-buscan-sofocar-incendio-en-mizque","status":"publish","type":"post","link":"https:\/\/www.eldiario.net\/portal\/2021\/11\/01\/mas-de-100-brigadistas-buscan-sofocar-incendio-en-mizque\/","title":{"rendered":"M\u00e1s de 100 brigadistas buscan  sofocar incendio en Mizque"},"content":{"rendered":"<p>Al menos 120 brigadistas de bomberos, voluntarios y el municipio de Mizque buscan controlar el incendio de magnitud en la comunidad Tujmapalmar, en el cono sur de Cochabamba; por el avance del fuego se espera contar con apoyo a\u00e9reo para sofocar el foco de quema en la zona afectada.<br \/>\nEl incendio comenz\u00f3 el mi\u00e9rcoles pasado y en tres d\u00edas devast\u00f3 varias hect\u00e1reas de pastizales. La cuantificaci\u00f3n de los da\u00f1os se har\u00e1 luego de controlar la quema inform\u00f3 la secretaria de la Madre Tierra de la Gobernaci\u00f3n, Maricela Rodr\u00edguez.<br \/>\n\u201cEl incendio est\u00e1 en quebradas bastantes profundas, de m\u00e1s de 50 metros, de muy dif\u00edcil acceso y es una de las razones por las que no se ha podido sofocar en estos d\u00edas, pero ya est\u00e1n tratando de controlar esto\u201d, dijo Rodr\u00edguez.<br \/>\nEl incendio en Mizque contin\u00faa por tercer d\u00eda y la Gobernaci\u00f3n a\u00fan no cuenta con el helic\u00f3ptero para transportar el Bambi Bucket. Al respecto, la Secretaria de la Madre Tierra indic\u00f3 que \u201c(el helic\u00f3ptero) est\u00e1 en mantenimiento, hemos sobrevolado en aeronaves de reconocimiento que tienen el sistema de anclaje diferente\u201d.<br \/>\nPor su parte, en d\u00edas pasados, el viceministro de Defensa Civil, Juan Carlos Calvimontes, asegur\u00f3 que los helic\u00f3pteros S\u00faper Puma ya estar\u00edan disponibles hasta el fin de semana, pero hoy el gobernador Humberto S\u00e1nchez confirm\u00f3 que a\u00fan no lo est\u00e1n.<br \/>\nEn tanto, el gobernador, Humberto S\u00e1nchez, dijo que se enviar\u00e1n informes al Viceministerio de Defensa Civil para solicitar el apoyo a\u00e9reo, con el fin de ayudar a los brigadistas a sofocar este incendio que, hasta el cierre de esta edici\u00f3n, a\u00fan no fue controlado.<br \/>\nEn la zona afectada los voluntarios del SAR-Bolivia, la UGR de la Gobernaci\u00f3n, UGR de Mizque y soldados del Centro de Instrucci\u00f3n de Tropas Especiales (CITE) y del Servicio de B\u00fasqueda y Rescate de la Armada Boliviana (Sbrab) combaten el siniestro.<br \/>\nEl coordinador del SAR, Bernardo Aranibar, indic\u00f3 que hoy, domingo, se tiene previsto enviar m\u00e1s voluntarios para atender este incendio de magnitud. Al mismo tiempo, lament\u00f3 que las autoridades no puedan gestionar el apoyo a\u00e9reo de forma oportuna.<\/p>\n","protected":false},"excerpt":{"rendered":"<p>Al menos 120 brigadistas de bomberos, voluntarios y el municipio de Mizque buscan controlar el incendio de magnitud en la comunidad Tujmapalmar, en el cono sur de Cochabamba; por el avance del fuego se espera contar con apoyo a\u00e9reo para sofocar el foco de quema en la zona afectada. El incendio comenz\u00f3 el mi\u00e9rcoles pasado [&hellip;]<\/p>\n","protected":false},"author":1,"featured_media":40130,"comment_status":"closed","ping_status":"closed","sticky":false,"template":"","format":"standard","meta":{"_acf_changed":false,"footnotes":""},"categories":[12],"tags":[],"class_list":["post-40129","post","type-post","status-publish","format-standard","has-post-thumbnail","category-nacional"],"acf":{"antetitulo":""},"yoast_head":"<!-- This site is optimized with the Yoast SEO plugin v28.3 - https:\/\/yoast.com\/product\/yoast-seo-wordpress\/ -->\n<title>M\u00e1s de 100 brigadistas buscan sofocar incendio en Mizque - El Diario - Bolivia<\/title>\n<meta name=\"robots\" content=\"index, follow, max-snippet:-1, max-image-preview:large, max-video-preview:-1\" \/>\n<link rel=\"canonical\" href=\"https:\/\/www.eldiario.net\/portal\/2021\/11\/01\/mas-de-100-brigadistas-buscan-sofocar-incendio-en-mizque\/\" \/>\n<meta property=\"og:locale\" content=\"es_ES\" \/>\n<meta property=\"og:type\" content=\"article\" \/>\n<meta property=\"og:title\" content=\"M\u00e1s de 100 brigadistas buscan sofocar incendio en Mizque - El Diario - Bolivia\" \/>\n<meta property=\"og:description\" content=\"Al menos 120 brigadistas de bomberos, voluntarios y el municipio de Mizque buscan controlar el incendio de magnitud en la comunidad Tujmapalmar, en el cono sur de Cochabamba; por el avance del fuego se espera contar con apoyo a\u00e9reo para sofocar el foco de quema en la zona afectada. El incendio comenz\u00f3 el mi\u00e9rcoles pasado [&hellip;]\" \/>\n<meta property=\"og:url\" content=\"https:\/\/www.eldiario.net\/portal\/2021\/11\/01\/mas-de-100-brigadistas-buscan-sofocar-incendio-en-mizque\/\" \/>\n<meta property=\"og:site_name\" content=\"El Diario - Bolivia\" \/>\n<meta property=\"article:publisher\" content=\"https:\/\/www.facebook.com\/eldiario.bolivia\/\" \/>\n<meta property=\"article:published_time\" content=\"2021-11-01T09:23:29+00:00\" \/>\n<meta name=\"author\" content=\"Jeanette\" \/>\n<meta name=\"twitter:card\" content=\"summary_large_image\" \/>\n<meta name=\"twitter:creator\" content=\"@eldiario_net\" \/>\n<meta name=\"twitter:site\" content=\"@eldiario_net\" \/>\n<meta name=\"twitter:label1\" content=\"Escrito por\" \/>\n\t<meta name=\"twitter:data1\" content=\"Jeanette\" \/>\n\t<meta name=\"twitter:label2\" content=\"Tiempo de lectura\" \/>\n\t<meta name=\"twitter:data2\" content=\"2 minutos\" \/>\n<script type=\"application\/ld+json\" class=\"yoast-schema-graph\">{\"@context\":\"https:\\\/\\\/schema.org\",\"@graph\":[{\"@type\":\"Article\",\"@id\":\"https:\\\/\\\/www.eldiario.net\\\/portal\\\/2021\\\/11\\\/01\\\/mas-de-100-brigadistas-buscan-sofocar-incendio-en-mizque\\\/#article\",\"isPartOf\":{\"@id\":\"https:\\\/\\\/www.eldiario.net\\\/portal\\\/2021\\\/11\\\/01\\\/mas-de-100-brigadistas-buscan-sofocar-incendio-en-mizque\\\/\"},\"author\":{\"name\":\"Jeanette\",\"@id\":\"https:\\\/\\\/www.eldiario.net\\\/portal\\\/#\\\/schema\\\/person\\\/f46445640444750d7d753ccd04ae01b7\"},\"headline\":\"M\u00e1s de 100 brigadistas buscan sofocar incendio en Mizque\",\"datePublished\":\"2021-11-01T09:23:29+00:00\",\"mainEntityOfPage\":{\"@id\":\"https:\\\/\\\/www.eldiario.net\\\/portal\\\/2021\\\/11\\\/01\\\/mas-de-100-brigadistas-buscan-sofocar-incendio-en-mizque\\\/\"},\"wordCount\":386,\"publisher\":{\"@id\":\"https:\\\/\\\/www.eldiario.net\\\/portal\\\/#organization\"},\"image\":{\"@id\":\"https:\\\/\\\/www.eldiario.net\\\/portal\\\/2021\\\/11\\\/01\\\/mas-de-100-brigadistas-buscan-sofocar-incendio-en-mizque\\\/#primaryimage\"},\"thumbnailUrl\":\"\",\"articleSection\":[\"Nacional\"],\"inLanguage\":\"es\"},{\"@type\":\"WebPage\",\"@id\":\"https:\\\/\\\/www.eldiario.net\\\/portal\\\/2021\\\/11\\\/01\\\/mas-de-100-brigadistas-buscan-sofocar-incendio-en-mizque\\\/\",\"url\":\"https:\\\/\\\/www.eldiario.net\\\/portal\\\/2021\\\/11\\\/01\\\/mas-de-100-brigadistas-buscan-sofocar-incendio-en-mizque\\\/\",\"name\":\"M\u00e1s de 100 brigadistas buscan sofocar incendio en Mizque - El Diario - Bolivia\",\"isPartOf\":{\"@id\":\"https:\\\/\\\/www.eldiario.net\\\/portal\\\/#website\"},\"primaryImageOfPage\":{\"@id\":\"https:\\\/\\\/www.eldiario.net\\\/portal\\\/2021\\\/11\\\/01\\\/mas-de-100-brigadistas-buscan-sofocar-incendio-en-mizque\\\/#primaryimage\"},\"image\":{\"@id\":\"https:\\\/\\\/www.eldiario.net\\\/portal\\\/2021\\\/11\\\/01\\\/mas-de-100-brigadistas-buscan-sofocar-incendio-en-mizque\\\/#primaryimage\"},\"thumbnailUrl\":\"\",\"datePublished\":\"2021-11-01T09:23:29+00:00\",\"breadcrumb\":{\"@id\":\"https:\\\/\\\/www.eldiario.net\\\/portal\\\/2021\\\/11\\\/01\\\/mas-de-100-brigadistas-buscan-sofocar-incendio-en-mizque\\\/#breadcrumb\"},\"inLanguage\":\"es\",\"potentialAction\":[{\"@type\":\"ReadAction\",\"target\":[\"https:\\\/\\\/www.eldiario.net\\\/portal\\\/2021\\\/11\\\/01\\\/mas-de-100-brigadistas-buscan-sofocar-incendio-en-mizque\\\/\"]}]},{\"@type\":\"ImageObject\",\"inLanguage\":\"es\",\"@id\":\"https:\\\/\\\/www.eldiario.net\\\/portal\\\/2021\\\/11\\\/01\\\/mas-de-100-brigadistas-buscan-sofocar-incendio-en-mizque\\\/#primaryimage\",\"url\":\"\",\"contentUrl\":\"\"},{\"@type\":\"BreadcrumbList\",\"@id\":\"https:\\\/\\\/www.eldiario.net\\\/portal\\\/2021\\\/11\\\/01\\\/mas-de-100-brigadistas-buscan-sofocar-incendio-en-mizque\\\/#breadcrumb\",\"itemListElement\":[{\"@type\":\"ListItem\",\"position\":1,\"name\":\"Portada\",\"item\":\"https:\\\/\\\/www.eldiario.net\\\/portal\\\/\"},{\"@type\":\"ListItem\",\"position\":2,\"name\":\"M\u00e1s de 100 brigadistas buscan sofocar incendio en Mizque\"}]},{\"@type\":\"WebSite\",\"@id\":\"https:\\\/\\\/www.eldiario.net\\\/portal\\\/#website\",\"url\":\"https:\\\/\\\/www.eldiario.net\\\/portal\\\/\",\"name\":\"El Diario - Decano de la prensa nacional\",\"description\":\"El Diario - Decano de la prensa nacional\",\"publisher\":{\"@id\":\"https:\\\/\\\/www.eldiario.net\\\/portal\\\/#organization\"},\"potentialAction\":[{\"@type\":\"SearchAction\",\"target\":{\"@type\":\"EntryPoint\",\"urlTemplate\":\"https:\\\/\\\/www.eldiario.net\\\/portal\\\/?s={search_term_string}\"},\"query-input\":{\"@type\":\"PropertyValueSpecification\",\"valueRequired\":true,\"valueName\":\"search_term_string\"}}],\"inLanguage\":\"es\"},{\"@type\":\"Organization\",\"@id\":\"https:\\\/\\\/www.eldiario.net\\\/portal\\\/#organization\",\"name\":\"El Diario - Decano de la prensa nacional\",\"url\":\"https:\\\/\\\/www.eldiario.net\\\/portal\\\/\",\"logo\":{\"@type\":\"ImageObject\",\"inLanguage\":\"es\",\"@id\":\"https:\\\/\\\/www.eldiario.net\\\/portal\\\/#\\\/schema\\\/logo\\\/image\\\/\",\"url\":\"https:\\\/\\\/www.eldiario.net\\\/portal\\\/wp-content\\\/uploads\\\/2023\\\/07\\\/logo_ED.jpg\",\"contentUrl\":\"https:\\\/\\\/www.eldiario.net\\\/portal\\\/wp-content\\\/uploads\\\/2023\\\/07\\\/logo_ED.jpg\",\"width\":272,\"height\":52,\"caption\":\"El Diario - Decano de la prensa nacional\"},\"image\":{\"@id\":\"https:\\\/\\\/www.eldiario.net\\\/portal\\\/#\\\/schema\\\/logo\\\/image\\\/\"},\"sameAs\":[\"https:\\\/\\\/www.facebook.com\\\/eldiario.bolivia\\\/\",\"https:\\\/\\\/x.com\\\/eldiario_net\"]},{\"@type\":\"Person\",\"@id\":\"https:\\\/\\\/www.eldiario.net\\\/portal\\\/#\\\/schema\\\/person\\\/f46445640444750d7d753ccd04ae01b7\",\"name\":\"Jeanette\",\"image\":{\"@type\":\"ImageObject\",\"inLanguage\":\"es\",\"@id\":\"https:\\\/\\\/secure.gravatar.com\\\/avatar\\\/3ea2118a5f7dad2b7138b1187a6b7ee55f160b9968b66013c3a3ef39dd7e5798?s=96&d=mm&r=g\",\"url\":\"https:\\\/\\\/secure.gravatar.com\\\/avatar\\\/3ea2118a5f7dad2b7138b1187a6b7ee55f160b9968b66013c3a3ef39dd7e5798?s=96&d=mm&r=g\",\"contentUrl\":\"https:\\\/\\\/secure.gravatar.com\\\/avatar\\\/3ea2118a5f7dad2b7138b1187a6b7ee55f160b9968b66013c3a3ef39dd7e5798?s=96&d=mm&r=g\",\"caption\":\"Jeanette\"},\"sameAs\":[\"https:\\\/\\\/www.eldiario.net\\\/portal\"],\"url\":\"https:\\\/\\\/www.eldiario.net\\\/portal\\\/author\\\/jeanette\\\/\"}]}<\/script>\n<!-- \/ Yoast SEO plugin. -->","yoast_head_json":{"title":"M\u00e1s de 100 brigadistas buscan sofocar incendio en Mizque - El Diario - Bolivia","robots":{"index":"index","follow":"follow","max-snippet":"max-snippet:-1","max-image-preview":"max-image-preview:large","max-video-preview":"max-video-preview:-1"},"canonical":"https:\/\/www.eldiario.net\/portal\/2021\/11\/01\/mas-de-100-brigadistas-buscan-sofocar-incendio-en-mizque\/","og_locale":"es_ES","og_type":"article","og_title":"M\u00e1s de 100 brigadistas buscan sofocar incendio en Mizque - El Diario - Bolivia","og_description":"Al menos 120 brigadistas de bomberos, voluntarios y el municipio de Mizque buscan controlar el incendio de magnitud en la comunidad Tujmapalmar, en el cono sur de Cochabamba; por el avance del fuego se espera contar con apoyo a\u00e9reo para sofocar el foco de quema en la zona afectada. El incendio comenz\u00f3 el mi\u00e9rcoles pasado [&hellip;]","og_url":"https:\/\/www.eldiario.net\/portal\/2021\/11\/01\/mas-de-100-brigadistas-buscan-sofocar-incendio-en-mizque\/","og_site_name":"El Diario - Bolivia","article_publisher":"https:\/\/www.facebook.com\/eldiario.bolivia\/","article_published_time":"2021-11-01T09:23:29+00:00","author":"Jeanette","twitter_card":"summary_large_image","twitter_creator":"@eldiario_net","twitter_site":"@eldiario_net","twitter_misc":{"Escrito por":"Jeanette","Tiempo de lectura":"2 minutos"},"schema":{"@context":"https:\/\/schema.org","@graph":[{"@type":"Article","@id":"https:\/\/www.eldiario.net\/portal\/2021\/11\/01\/mas-de-100-brigadistas-buscan-sofocar-incendio-en-mizque\/#article","isPartOf":{"@id":"https:\/\/www.eldiario.net\/portal\/2021\/11\/01\/mas-de-100-brigadistas-buscan-sofocar-incendio-en-mizque\/"},"author":{"name":"Jeanette","@id":"https:\/\/www.eldiario.net\/portal\/#\/schema\/person\/f46445640444750d7d753ccd04ae01b7"},"headline":"M\u00e1s de 100 brigadistas buscan sofocar incendio en Mizque","datePublished":"2021-11-01T09:23:29+00:00","mainEntityOfPage":{"@id":"https:\/\/www.eldiario.net\/portal\/2021\/11\/01\/mas-de-100-brigadistas-buscan-sofocar-incendio-en-mizque\/"},"wordCount":386,"publisher":{"@id":"https:\/\/www.eldiario.net\/portal\/#organization"},"image":{"@id":"https:\/\/www.eldiario.net\/portal\/2021\/11\/01\/mas-de-100-brigadistas-buscan-sofocar-incendio-en-mizque\/#primaryimage"},"thumbnailUrl":"","articleSection":["Nacional"],"inLanguage":"es"},{"@type":"WebPage","@id":"https:\/\/www.eldiario.net\/portal\/2021\/11\/01\/mas-de-100-brigadistas-buscan-sofocar-incendio-en-mizque\/","url":"https:\/\/www.eldiario.net\/portal\/2021\/11\/01\/mas-de-100-brigadistas-buscan-sofocar-incendio-en-mizque\/","name":"M\u00e1s de 100 brigadistas buscan sofocar incendio en Mizque - El Diario - Bolivia","isPartOf":{"@id":"https:\/\/www.eldiario.net\/portal\/#website"},"primaryImageOfPage":{"@id":"https:\/\/www.eldiario.net\/portal\/2021\/11\/01\/mas-de-100-brigadistas-buscan-sofocar-incendio-en-mizque\/#primaryimage"},"image":{"@id":"https:\/\/www.eldiario.net\/portal\/2021\/11\/01\/mas-de-100-brigadistas-buscan-sofocar-incendio-en-mizque\/#primaryimage"},"thumbnailUrl":"","datePublished":"2021-11-01T09:23:29+00:00","breadcrumb":{"@id":"https:\/\/www.eldiario.net\/portal\/2021\/11\/01\/mas-de-100-brigadistas-buscan-sofocar-incendio-en-mizque\/#breadcrumb"},"inLanguage":"es","potentialAction":[{"@type":"ReadAction","target":["https:\/\/www.eldiario.net\/portal\/2021\/11\/01\/mas-de-100-brigadistas-buscan-sofocar-incendio-en-mizque\/"]}]},{"@type":"ImageObject","inLanguage":"es","@id":"https:\/\/www.eldiario.net\/portal\/2021\/11\/01\/mas-de-100-brigadistas-buscan-sofocar-incendio-en-mizque\/#primaryimage","url":"","contentUrl":""},{"@type":"BreadcrumbList","@id":"https:\/\/www.eldiario.net\/portal\/2021\/11\/01\/mas-de-100-brigadistas-buscan-sofocar-incendio-en-mizque\/#breadcrumb","itemListElement":[{"@type":"ListItem","position":1,"name":"Portada","item":"https:\/\/www.eldiario.net\/portal\/"},{"@type":"ListItem","position":2,"name":"M\u00e1s de 100 brigadistas buscan sofocar incendio en Mizque"}]},{"@type":"WebSite","@id":"https:\/\/www.eldiario.net\/portal\/#website","url":"https:\/\/www.eldiario.net\/portal\/","name":"El Diario - Decano de la prensa nacional","description":"El Diario - Decano de la prensa nacional","publisher":{"@id":"https:\/\/www.eldiario.net\/portal\/#organization"},"potentialAction":[{"@type":"SearchAction","target":{"@type":"EntryPoint","urlTemplate":"https:\/\/www.eldiario.net\/portal\/?s={search_term_string}"},"query-input":{"@type":"PropertyValueSpecification","valueRequired":true,"valueName":"search_term_string"}}],"inLanguage":"es"},{"@type":"Organization","@id":"https:\/\/www.eldiario.net\/portal\/#organization","name":"El Diario - Decano de la prensa nacional","url":"https:\/\/www.eldiario.net\/portal\/","logo":{"@type":"ImageObject","inLanguage":"es","@id":"https:\/\/www.eldiario.net\/portal\/#\/schema\/logo\/image\/","url":"https:\/\/www.eldiario.net\/portal\/wp-content\/uploads\/2023\/07\/logo_ED.jpg","contentUrl":"https:\/\/www.eldiario.net\/portal\/wp-content\/uploads\/2023\/07\/logo_ED.jpg","width":272,"height":52,"caption":"El Diario - Decano de la prensa nacional"},"image":{"@id":"https:\/\/www.eldiario.net\/portal\/#\/schema\/logo\/image\/"},"sameAs":["https:\/\/www.facebook.com\/eldiario.bolivia\/","https:\/\/x.com\/eldiario_net"]},{"@type":"Person","@id":"https:\/\/www.eldiario.net\/portal\/#\/schema\/person\/f46445640444750d7d753ccd04ae01b7","name":"Jeanette","image":{"@type":"ImageObject","inLanguage":"es","@id":"https:\/\/secure.gravatar.com\/avatar\/3ea2118a5f7dad2b7138b1187a6b7ee55f160b9968b66013c3a3ef39dd7e5798?s=96&d=mm&r=g","url":"https:\/\/secure.gravatar.com\/avatar\/3ea2118a5f7dad2b7138b1187a6b7ee55f160b9968b66013c3a3ef39dd7e5798?s=96&d=mm&r=g","contentUrl":"https:\/\/secure.gravatar.com\/avatar\/3ea2118a5f7dad2b7138b1187a6b7ee55f160b9968b66013c3a3ef39dd7e5798?s=96&d=mm&r=g","caption":"Jeanette"},"sameAs":["https:\/\/www.eldiario.net\/portal"],"url":"https:\/\/www.eldiario.net\/portal\/author\/jeanette\/"}]}},"_links":{"self":[{"href":"https:\/\/www.eldiario.net\/portal\/wp-json\/wp\/v2\/posts\/40129","targetHints":{"allow":["GET"]}}],"collection":[{"href":"https:\/\/www.eldiario.net\/portal\/wp-json\/wp\/v2\/posts"}],"about":[{"href":"https:\/\/www.eldiario.net\/portal\/wp-json\/wp\/v2\/types\/post"}],"author":[{"embeddable":true,"href":"https:\/\/www.eldiario.net\/portal\/wp-json\/wp\/v2\/users\/1"}],"replies":[{"embeddable":true,"href":"https:\/\/www.eldiario.net\/portal\/wp-json\/wp\/v2\/comments?post=40129"}],"version-history":[{"count":0,"href":"https:\/\/www.eldiario.net\/portal\/wp-json\/wp\/v2\/posts\/40129\/revisions"}],"wp:attachment":[{"href":"https:\/\/www.eldiario.net\/portal\/wp-json\/wp\/v2\/media?parent=40129"}],"wp:term":[{"taxonomy":"category","embeddable":true,"href":"https:\/\/www.eldiario.net\/portal\/wp-json\/wp\/v2\/categories?post=40129"},{"taxonomy":"post_tag","embeddable":true,"href":"https:\/\/www.eldiario.net\/portal\/wp-json\/wp\/v2\/tags?post=40129"}],"curies":[{"name":"wp","href":"https:\/\/api.w.org\/{rel}","templated":true}]}}