{"id":40126,"date":"2021-11-01T05:22:17","date_gmt":"2021-11-01T09:22:17","guid":{"rendered":"https:\/\/www.eldiario.net\/portal\/?p=40126"},"modified":"2021-11-01T05:22:17","modified_gmt":"2021-11-01T09:22:17","slug":"inseguridad-juridica-y-conflictos-alejan-a-inversores-privados","status":"publish","type":"post","link":"https:\/\/www.eldiario.net\/portal\/2021\/11\/01\/inseguridad-juridica-y-conflictos-alejan-a-inversores-privados\/","title":{"rendered":"Inseguridad jur\u00eddica y conflictos alejan a inversores privados"},"content":{"rendered":"<p>La regi\u00f3n vive un clima conflictivo preocupante en lo pol\u00edtico y social, tras cambios de Gobierno en algunos pa\u00edses y a esto se suma la inseguridad jur\u00eddica que presentan naciones del continente para la inversi\u00f3n privada extranjera y Bolivia no es la excepci\u00f3n, con los avasallamientos a la propiedad privada promovida, como la registrada la semana pasada en Santa Cruz, en Las Londras.<br \/>\nHace unos d\u00edas atr\u00e1s el ingreso de encapuchados a una propiedad agr\u00edcola en el norte integrado de Santa Cruz provoc\u00f3 el secuestro de trabajadores y periodistas, que fueron amenazados por el grupo armado, y luego de varias horas fueron liberados.<br \/>\nEse tipo de acciones, m\u00e1s los conflictos pol\u00edticos sociales que se viven en la regi\u00f3n sudamericana, alarman a las compa\u00f1\u00edas internacionales, y ya empezaron alistar maletas para retirarse de la zona conflictiva.<br \/>\nEn su momento, los empresarios privados solicitaron a las autoridades nacionales garantizar la seguridad jur\u00eddica para que llegue inversi\u00f3n privada y se fortalezca la nacional, pero el pedido todav\u00eda no se hizo eco en el Gobierno.<br \/>\nLuego del evento Bolivia Arbitation Review 2021, congreso internacional que desarrolla anualmente la C\u00e1mara Nacional de Comercio (CNC &#8211; Bolivia) y su Centro de Conciliaci\u00f3n y Arbitraje Comercial (CAC), que se realiz\u00f3 el 26 y 27 de octubre, el presidente de la entidad privada, Rolando Kempff, dijo que gracias a este tipo de eventos se pudo ratificar la importancia de fortalecer la seguridad jur\u00eddica para generar un clima adecuado para las inversiones en el pa\u00eds.<br \/>\nEn una entrevista anterior a Iver von Borries, el especialista en temas empresariales y arbitrales dijo que una de las primeras condiciones para que venga inversi\u00f3n al pa\u00eds es garantizar la seguridad jur\u00eddica y el respeto a las normas.<\/p>\n<p>Retirada<br \/>\nMientras tanto, Br\u00fajula Digital se\u00f1ala que las gigantes trasnacionales de las materias primas Glencor y Sumitomo se encuentran en franca retirada de la regi\u00f3n a pesar de los altos precios de los minerales en el mercado internacional.<br \/>\nDesde anuncios de nacionalizaci\u00f3n en Per\u00fa, el proceso de Convenci\u00f3n Constituyente en Chile y un clima negativo para las inversiones junto a la alta polarizaci\u00f3n pol\u00edtica y social en Bolivia han motivado a la suiza y a la japonesa a vender sus acciones y hacer maletas.<br \/>\n\u201cParticularmente en los tres pa\u00edses de tradici\u00f3n minera m\u00e1s grandes de la regi\u00f3n como son Per\u00fa, Bolivia y Chile hay estas tendencias pol\u00edticas adversas a la inversi\u00f3n extranjera \u2013el capital extranjero es muy veleidoso\u2013 quiere estabilidad, quiere ganar harta plata, a partir de materias primas, y esas situaciones hacen que cuando se est\u00e9 girando en el sentido contrario prefieran retirarse\u201d, afirm\u00f3 a Br\u00fajula Digital el experto en temas mineros, H\u00e9ctor C\u00f3rdova.<br \/>\nLas se\u00f1ales se fueron dando a partir del 30 de junio, cuando la gigante suiza de las materias primas Glencore hizo conocer su intenci\u00f3n de vender diferentes activos en el mundo. Seg\u00fan el diario Gesti\u00f3n de Per\u00fa, la decisi\u00f3n de la minera alcanz\u00f3 a la mina Los Quenuales.<br \/>\nLos reportes se\u00f1alan que la oferta incluye la mina de zinc-plomo-plata Aguilar en Argentina, las minas de zinc-plomo-plata de Sinchi Wayra e Illapa en Bolivia, la unidad Empresa Minera Los Quenuales SA, de Glencore, en Per\u00fa y una participaci\u00f3n en una cartera de exploraci\u00f3n colombiana.<br \/>\nEs as\u00ed que el 12 de octubre, Glencore firm\u00f3 un acuerdo con la canadiense Santa Cruz Silver Mining para venderle sus negocios de zinc en Bolivia.<br \/>\nUn comunicado hizo conocer que el grupo suizo lleg\u00f3 a un acuerdo para venderle a Silver Minin el holding de dos empresas que explotan minas en el pa\u00eds.<br \/>\nEl acuerdo prev\u00e9 un pago inicial de 20 millones de d\u00f3lares al cierre de la transacci\u00f3n, m\u00e1s un pago diferido de 90 millones en un plazo de cuatro a\u00f1os, dijo el grupo suizo.<br \/>\nChile no fue la excepci\u00f3n, pues el 28 de octubre, el portal de Rimaypampa inform\u00f3 que la minera australiana South32 acord\u00f3 comprar una participaci\u00f3n del 45 % en la mina de cobre Sierra Gorda de Chile, en un acuerdo por valor de hasta 2.050 millones de d\u00f3lares, de Sumitomo Metal Mining y Sumitomo Corporation, con sede en Jap\u00f3n.<br \/>\nMientras en Bolivia, el domingo 24 de octubre, en una sorpresiva conferencia de prensa desde Santa Cruz, el presidente de la Uni\u00f3n Agroindustrial de Ca\u00f1eros (Unagro), Luis Barbery y el empresario potosino, Orlando Careaga, anunciaron la compra de acciones de la japonesa Sumimoto Corporation que tiene en la Minera San Crist\u00f3bal (MSC), ubicada en la provincia Nor L\u00edpez del departamento de Potos\u00ed.<br \/>\nPero unas horas m\u00e1s tarde fue desmentida, y el 25 de octubre emiti\u00f3 un comunicado, en donde se\u00f1ala que est\u00e1 en an\u00e1lisis. (EL DIARIO-Br\u00fajula Digital).<\/p>\n","protected":false},"excerpt":{"rendered":"<p>La regi\u00f3n vive un clima conflictivo preocupante en lo pol\u00edtico y social, tras cambios de Gobierno en algunos pa\u00edses y a esto se suma la inseguridad jur\u00eddica que presentan naciones del continente para la inversi\u00f3n privada extranjera y Bolivia no es la excepci\u00f3n, con los avasallamientos a la propiedad privada promovida, como la registrada la [&hellip;]<\/p>\n","protected":false},"author":1,"featured_media":40127,"comment_status":"closed","ping_status":"closed","sticky":false,"template":"","format":"standard","meta":{"_acf_changed":false,"footnotes":""},"categories":[7],"tags":[],"class_list":["post-40126","post","type-post","status-publish","format-standard","has-post-thumbnail","category-economia"],"acf":{"antetitulo":""},"yoast_head":"<!-- This site is optimized with the Yoast SEO plugin v28.3 - https:\/\/yoast.com\/product\/yoast-seo-wordpress\/ -->\n<title>Inseguridad jur\u00eddica y conflictos alejan a inversores privados - El Diario - Bolivia<\/title>\n<meta name=\"robots\" content=\"index, follow, max-snippet:-1, max-image-preview:large, max-video-preview:-1\" \/>\n<link rel=\"canonical\" href=\"https:\/\/www.eldiario.net\/portal\/2021\/11\/01\/inseguridad-juridica-y-conflictos-alejan-a-inversores-privados\/\" \/>\n<meta property=\"og:locale\" content=\"es_ES\" \/>\n<meta property=\"og:type\" content=\"article\" \/>\n<meta property=\"og:title\" content=\"Inseguridad jur\u00eddica y conflictos alejan a inversores privados - El Diario - Bolivia\" \/>\n<meta property=\"og:description\" content=\"La regi\u00f3n vive un clima conflictivo preocupante en lo pol\u00edtico y social, tras cambios de Gobierno en algunos pa\u00edses y a esto se suma la inseguridad jur\u00eddica que presentan naciones del continente para la inversi\u00f3n privada extranjera y Bolivia no es la excepci\u00f3n, con los avasallamientos a la propiedad privada promovida, como la registrada la [&hellip;]\" \/>\n<meta property=\"og:url\" content=\"https:\/\/www.eldiario.net\/portal\/2021\/11\/01\/inseguridad-juridica-y-conflictos-alejan-a-inversores-privados\/\" \/>\n<meta property=\"og:site_name\" content=\"El Diario - Bolivia\" \/>\n<meta property=\"article:publisher\" content=\"https:\/\/www.facebook.com\/eldiario.bolivia\/\" \/>\n<meta property=\"article:published_time\" content=\"2021-11-01T09:22:17+00:00\" \/>\n<meta name=\"author\" content=\"Jeanette\" \/>\n<meta name=\"twitter:card\" content=\"summary_large_image\" \/>\n<meta name=\"twitter:creator\" content=\"@eldiario_net\" \/>\n<meta name=\"twitter:site\" content=\"@eldiario_net\" \/>\n<meta name=\"twitter:label1\" content=\"Escrito por\" \/>\n\t<meta name=\"twitter:data1\" content=\"Jeanette\" \/>\n\t<meta name=\"twitter:label2\" content=\"Tiempo de lectura\" \/>\n\t<meta name=\"twitter:data2\" content=\"4 minutos\" \/>\n<script type=\"application\/ld+json\" class=\"yoast-schema-graph\">{\"@context\":\"https:\\\/\\\/schema.org\",\"@graph\":[{\"@type\":\"Article\",\"@id\":\"https:\\\/\\\/www.eldiario.net\\\/portal\\\/2021\\\/11\\\/01\\\/inseguridad-juridica-y-conflictos-alejan-a-inversores-privados\\\/#article\",\"isPartOf\":{\"@id\":\"https:\\\/\\\/www.eldiario.net\\\/portal\\\/2021\\\/11\\\/01\\\/inseguridad-juridica-y-conflictos-alejan-a-inversores-privados\\\/\"},\"author\":{\"name\":\"Jeanette\",\"@id\":\"https:\\\/\\\/www.eldiario.net\\\/portal\\\/#\\\/schema\\\/person\\\/f46445640444750d7d753ccd04ae01b7\"},\"headline\":\"Inseguridad jur\u00eddica y conflictos alejan a inversores privados\",\"datePublished\":\"2021-11-01T09:22:17+00:00\",\"mainEntityOfPage\":{\"@id\":\"https:\\\/\\\/www.eldiario.net\\\/portal\\\/2021\\\/11\\\/01\\\/inseguridad-juridica-y-conflictos-alejan-a-inversores-privados\\\/\"},\"wordCount\":825,\"publisher\":{\"@id\":\"https:\\\/\\\/www.eldiario.net\\\/portal\\\/#organization\"},\"image\":{\"@id\":\"https:\\\/\\\/www.eldiario.net\\\/portal\\\/2021\\\/11\\\/01\\\/inseguridad-juridica-y-conflictos-alejan-a-inversores-privados\\\/#primaryimage\"},\"thumbnailUrl\":\"\",\"articleSection\":[\"Econom\u00eda\"],\"inLanguage\":\"es\"},{\"@type\":\"WebPage\",\"@id\":\"https:\\\/\\\/www.eldiario.net\\\/portal\\\/2021\\\/11\\\/01\\\/inseguridad-juridica-y-conflictos-alejan-a-inversores-privados\\\/\",\"url\":\"https:\\\/\\\/www.eldiario.net\\\/portal\\\/2021\\\/11\\\/01\\\/inseguridad-juridica-y-conflictos-alejan-a-inversores-privados\\\/\",\"name\":\"Inseguridad jur\u00eddica y conflictos alejan a inversores privados - El Diario - Bolivia\",\"isPartOf\":{\"@id\":\"https:\\\/\\\/www.eldiario.net\\\/portal\\\/#website\"},\"primaryImageOfPage\":{\"@id\":\"https:\\\/\\\/www.eldiario.net\\\/portal\\\/2021\\\/11\\\/01\\\/inseguridad-juridica-y-conflictos-alejan-a-inversores-privados\\\/#primaryimage\"},\"image\":{\"@id\":\"https:\\\/\\\/www.eldiario.net\\\/portal\\\/2021\\\/11\\\/01\\\/inseguridad-juridica-y-conflictos-alejan-a-inversores-privados\\\/#primaryimage\"},\"thumbnailUrl\":\"\",\"datePublished\":\"2021-11-01T09:22:17+00:00\",\"breadcrumb\":{\"@id\":\"https:\\\/\\\/www.eldiario.net\\\/portal\\\/2021\\\/11\\\/01\\\/inseguridad-juridica-y-conflictos-alejan-a-inversores-privados\\\/#breadcrumb\"},\"inLanguage\":\"es\",\"potentialAction\":[{\"@type\":\"ReadAction\",\"target\":[\"https:\\\/\\\/www.eldiario.net\\\/portal\\\/2021\\\/11\\\/01\\\/inseguridad-juridica-y-conflictos-alejan-a-inversores-privados\\\/\"]}]},{\"@type\":\"ImageObject\",\"inLanguage\":\"es\",\"@id\":\"https:\\\/\\\/www.eldiario.net\\\/portal\\\/2021\\\/11\\\/01\\\/inseguridad-juridica-y-conflictos-alejan-a-inversores-privados\\\/#primaryimage\",\"url\":\"\",\"contentUrl\":\"\"},{\"@type\":\"BreadcrumbList\",\"@id\":\"https:\\\/\\\/www.eldiario.net\\\/portal\\\/2021\\\/11\\\/01\\\/inseguridad-juridica-y-conflictos-alejan-a-inversores-privados\\\/#breadcrumb\",\"itemListElement\":[{\"@type\":\"ListItem\",\"position\":1,\"name\":\"Portada\",\"item\":\"https:\\\/\\\/www.eldiario.net\\\/portal\\\/\"},{\"@type\":\"ListItem\",\"position\":2,\"name\":\"Inseguridad jur\u00eddica y conflictos alejan a inversores privados\"}]},{\"@type\":\"WebSite\",\"@id\":\"https:\\\/\\\/www.eldiario.net\\\/portal\\\/#website\",\"url\":\"https:\\\/\\\/www.eldiario.net\\\/portal\\\/\",\"name\":\"El Diario - Decano de la prensa nacional\",\"description\":\"El Diario - Decano de la prensa nacional\",\"publisher\":{\"@id\":\"https:\\\/\\\/www.eldiario.net\\\/portal\\\/#organization\"},\"potentialAction\":[{\"@type\":\"SearchAction\",\"target\":{\"@type\":\"EntryPoint\",\"urlTemplate\":\"https:\\\/\\\/www.eldiario.net\\\/portal\\\/?s={search_term_string}\"},\"query-input\":{\"@type\":\"PropertyValueSpecification\",\"valueRequired\":true,\"valueName\":\"search_term_string\"}}],\"inLanguage\":\"es\"},{\"@type\":\"Organization\",\"@id\":\"https:\\\/\\\/www.eldiario.net\\\/portal\\\/#organization\",\"name\":\"El Diario - Decano de la prensa nacional\",\"url\":\"https:\\\/\\\/www.eldiario.net\\\/portal\\\/\",\"logo\":{\"@type\":\"ImageObject\",\"inLanguage\":\"es\",\"@id\":\"https:\\\/\\\/www.eldiario.net\\\/portal\\\/#\\\/schema\\\/logo\\\/image\\\/\",\"url\":\"https:\\\/\\\/www.eldiario.net\\\/portal\\\/wp-content\\\/uploads\\\/2023\\\/07\\\/logo_ED.jpg\",\"contentUrl\":\"https:\\\/\\\/www.eldiario.net\\\/portal\\\/wp-content\\\/uploads\\\/2023\\\/07\\\/logo_ED.jpg\",\"width\":272,\"height\":52,\"caption\":\"El Diario - Decano de la prensa nacional\"},\"image\":{\"@id\":\"https:\\\/\\\/www.eldiario.net\\\/portal\\\/#\\\/schema\\\/logo\\\/image\\\/\"},\"sameAs\":[\"https:\\\/\\\/www.facebook.com\\\/eldiario.bolivia\\\/\",\"https:\\\/\\\/x.com\\\/eldiario_net\"]},{\"@type\":\"Person\",\"@id\":\"https:\\\/\\\/www.eldiario.net\\\/portal\\\/#\\\/schema\\\/person\\\/f46445640444750d7d753ccd04ae01b7\",\"name\":\"Jeanette\",\"image\":{\"@type\":\"ImageObject\",\"inLanguage\":\"es\",\"@id\":\"https:\\\/\\\/secure.gravatar.com\\\/avatar\\\/3ea2118a5f7dad2b7138b1187a6b7ee55f160b9968b66013c3a3ef39dd7e5798?s=96&d=mm&r=g\",\"url\":\"https:\\\/\\\/secure.gravatar.com\\\/avatar\\\/3ea2118a5f7dad2b7138b1187a6b7ee55f160b9968b66013c3a3ef39dd7e5798?s=96&d=mm&r=g\",\"contentUrl\":\"https:\\\/\\\/secure.gravatar.com\\\/avatar\\\/3ea2118a5f7dad2b7138b1187a6b7ee55f160b9968b66013c3a3ef39dd7e5798?s=96&d=mm&r=g\",\"caption\":\"Jeanette\"},\"sameAs\":[\"https:\\\/\\\/www.eldiario.net\\\/portal\"],\"url\":\"https:\\\/\\\/www.eldiario.net\\\/portal\\\/author\\\/jeanette\\\/\"}]}<\/script>\n<!-- \/ Yoast SEO plugin. -->","yoast_head_json":{"title":"Inseguridad jur\u00eddica y conflictos alejan a inversores privados - El Diario - Bolivia","robots":{"index":"index","follow":"follow","max-snippet":"max-snippet:-1","max-image-preview":"max-image-preview:large","max-video-preview":"max-video-preview:-1"},"canonical":"https:\/\/www.eldiario.net\/portal\/2021\/11\/01\/inseguridad-juridica-y-conflictos-alejan-a-inversores-privados\/","og_locale":"es_ES","og_type":"article","og_title":"Inseguridad jur\u00eddica y conflictos alejan a inversores privados - El Diario - Bolivia","og_description":"La regi\u00f3n vive un clima conflictivo preocupante en lo pol\u00edtico y social, tras cambios de Gobierno en algunos pa\u00edses y a esto se suma la inseguridad jur\u00eddica que presentan naciones del continente para la inversi\u00f3n privada extranjera y Bolivia no es la excepci\u00f3n, con los avasallamientos a la propiedad privada promovida, como la registrada la [&hellip;]","og_url":"https:\/\/www.eldiario.net\/portal\/2021\/11\/01\/inseguridad-juridica-y-conflictos-alejan-a-inversores-privados\/","og_site_name":"El Diario - Bolivia","article_publisher":"https:\/\/www.facebook.com\/eldiario.bolivia\/","article_published_time":"2021-11-01T09:22:17+00:00","author":"Jeanette","twitter_card":"summary_large_image","twitter_creator":"@eldiario_net","twitter_site":"@eldiario_net","twitter_misc":{"Escrito por":"Jeanette","Tiempo de lectura":"4 minutos"},"schema":{"@context":"https:\/\/schema.org","@graph":[{"@type":"Article","@id":"https:\/\/www.eldiario.net\/portal\/2021\/11\/01\/inseguridad-juridica-y-conflictos-alejan-a-inversores-privados\/#article","isPartOf":{"@id":"https:\/\/www.eldiario.net\/portal\/2021\/11\/01\/inseguridad-juridica-y-conflictos-alejan-a-inversores-privados\/"},"author":{"name":"Jeanette","@id":"https:\/\/www.eldiario.net\/portal\/#\/schema\/person\/f46445640444750d7d753ccd04ae01b7"},"headline":"Inseguridad jur\u00eddica y conflictos alejan a inversores privados","datePublished":"2021-11-01T09:22:17+00:00","mainEntityOfPage":{"@id":"https:\/\/www.eldiario.net\/portal\/2021\/11\/01\/inseguridad-juridica-y-conflictos-alejan-a-inversores-privados\/"},"wordCount":825,"publisher":{"@id":"https:\/\/www.eldiario.net\/portal\/#organization"},"image":{"@id":"https:\/\/www.eldiario.net\/portal\/2021\/11\/01\/inseguridad-juridica-y-conflictos-alejan-a-inversores-privados\/#primaryimage"},"thumbnailUrl":"","articleSection":["Econom\u00eda"],"inLanguage":"es"},{"@type":"WebPage","@id":"https:\/\/www.eldiario.net\/portal\/2021\/11\/01\/inseguridad-juridica-y-conflictos-alejan-a-inversores-privados\/","url":"https:\/\/www.eldiario.net\/portal\/2021\/11\/01\/inseguridad-juridica-y-conflictos-alejan-a-inversores-privados\/","name":"Inseguridad jur\u00eddica y conflictos alejan a inversores privados - El Diario - Bolivia","isPartOf":{"@id":"https:\/\/www.eldiario.net\/portal\/#website"},"primaryImageOfPage":{"@id":"https:\/\/www.eldiario.net\/portal\/2021\/11\/01\/inseguridad-juridica-y-conflictos-alejan-a-inversores-privados\/#primaryimage"},"image":{"@id":"https:\/\/www.eldiario.net\/portal\/2021\/11\/01\/inseguridad-juridica-y-conflictos-alejan-a-inversores-privados\/#primaryimage"},"thumbnailUrl":"","datePublished":"2021-11-01T09:22:17+00:00","breadcrumb":{"@id":"https:\/\/www.eldiario.net\/portal\/2021\/11\/01\/inseguridad-juridica-y-conflictos-alejan-a-inversores-privados\/#breadcrumb"},"inLanguage":"es","potentialAction":[{"@type":"ReadAction","target":["https:\/\/www.eldiario.net\/portal\/2021\/11\/01\/inseguridad-juridica-y-conflictos-alejan-a-inversores-privados\/"]}]},{"@type":"ImageObject","inLanguage":"es","@id":"https:\/\/www.eldiario.net\/portal\/2021\/11\/01\/inseguridad-juridica-y-conflictos-alejan-a-inversores-privados\/#primaryimage","url":"","contentUrl":""},{"@type":"BreadcrumbList","@id":"https:\/\/www.eldiario.net\/portal\/2021\/11\/01\/inseguridad-juridica-y-conflictos-alejan-a-inversores-privados\/#breadcrumb","itemListElement":[{"@type":"ListItem","position":1,"name":"Portada","item":"https:\/\/www.eldiario.net\/portal\/"},{"@type":"ListItem","position":2,"name":"Inseguridad jur\u00eddica y conflictos alejan a inversores privados"}]},{"@type":"WebSite","@id":"https:\/\/www.eldiario.net\/portal\/#website","url":"https:\/\/www.eldiario.net\/portal\/","name":"El Diario - Decano de la prensa nacional","description":"El Diario - Decano de la prensa nacional","publisher":{"@id":"https:\/\/www.eldiario.net\/portal\/#organization"},"potentialAction":[{"@type":"SearchAction","target":{"@type":"EntryPoint","urlTemplate":"https:\/\/www.eldiario.net\/portal\/?s={search_term_string}"},"query-input":{"@type":"PropertyValueSpecification","valueRequired":true,"valueName":"search_term_string"}}],"inLanguage":"es"},{"@type":"Organization","@id":"https:\/\/www.eldiario.net\/portal\/#organization","name":"El Diario - Decano de la prensa nacional","url":"https:\/\/www.eldiario.net\/portal\/","logo":{"@type":"ImageObject","inLanguage":"es","@id":"https:\/\/www.eldiario.net\/portal\/#\/schema\/logo\/image\/","url":"https:\/\/www.eldiario.net\/portal\/wp-content\/uploads\/2023\/07\/logo_ED.jpg","contentUrl":"https:\/\/www.eldiario.net\/portal\/wp-content\/uploads\/2023\/07\/logo_ED.jpg","width":272,"height":52,"caption":"El Diario - Decano de la prensa nacional"},"image":{"@id":"https:\/\/www.eldiario.net\/portal\/#\/schema\/logo\/image\/"},"sameAs":["https:\/\/www.facebook.com\/eldiario.bolivia\/","https:\/\/x.com\/eldiario_net"]},{"@type":"Person","@id":"https:\/\/www.eldiario.net\/portal\/#\/schema\/person\/f46445640444750d7d753ccd04ae01b7","name":"Jeanette","image":{"@type":"ImageObject","inLanguage":"es","@id":"https:\/\/secure.gravatar.com\/avatar\/3ea2118a5f7dad2b7138b1187a6b7ee55f160b9968b66013c3a3ef39dd7e5798?s=96&d=mm&r=g","url":"https:\/\/secure.gravatar.com\/avatar\/3ea2118a5f7dad2b7138b1187a6b7ee55f160b9968b66013c3a3ef39dd7e5798?s=96&d=mm&r=g","contentUrl":"https:\/\/secure.gravatar.com\/avatar\/3ea2118a5f7dad2b7138b1187a6b7ee55f160b9968b66013c3a3ef39dd7e5798?s=96&d=mm&r=g","caption":"Jeanette"},"sameAs":["https:\/\/www.eldiario.net\/portal"],"url":"https:\/\/www.eldiario.net\/portal\/author\/jeanette\/"}]}},"_links":{"self":[{"href":"https:\/\/www.eldiario.net\/portal\/wp-json\/wp\/v2\/posts\/40126","targetHints":{"allow":["GET"]}}],"collection":[{"href":"https:\/\/www.eldiario.net\/portal\/wp-json\/wp\/v2\/posts"}],"about":[{"href":"https:\/\/www.eldiario.net\/portal\/wp-json\/wp\/v2\/types\/post"}],"author":[{"embeddable":true,"href":"https:\/\/www.eldiario.net\/portal\/wp-json\/wp\/v2\/users\/1"}],"replies":[{"embeddable":true,"href":"https:\/\/www.eldiario.net\/portal\/wp-json\/wp\/v2\/comments?post=40126"}],"version-history":[{"count":0,"href":"https:\/\/www.eldiario.net\/portal\/wp-json\/wp\/v2\/posts\/40126\/revisions"}],"wp:attachment":[{"href":"https:\/\/www.eldiario.net\/portal\/wp-json\/wp\/v2\/media?parent=40126"}],"wp:term":[{"taxonomy":"category","embeddable":true,"href":"https:\/\/www.eldiario.net\/portal\/wp-json\/wp\/v2\/categories?post=40126"},{"taxonomy":"post_tag","embeddable":true,"href":"https:\/\/www.eldiario.net\/portal\/wp-json\/wp\/v2\/tags?post=40126"}],"curies":[{"name":"wp","href":"https:\/\/api.w.org\/{rel}","templated":true}]}}