{"id":401205,"date":"2026-06-06T00:05:37","date_gmt":"2026-06-06T04:05:37","guid":{"rendered":"https:\/\/www.eldiario.net\/portal\/?p=401205"},"modified":"2026-06-06T17:06:30","modified_gmt":"2026-06-06T21:06:30","slug":"peru-presenta-92-proyectos-por-mas-de-34-712-millones-de-euros","status":"publish","type":"post","link":"https:\/\/www.eldiario.net\/portal\/2026\/06\/06\/peru-presenta-92-proyectos-por-mas-de-34-712-millones-de-euros\/","title":{"rendered":"Per\u00fa presenta 92 proyectos por m\u00e1s de 34.712 millones de euros"},"content":{"rendered":"<p>El Gobierno peruano present\u00f3 ayer una cartera de 92 Asociaciones P\u00fablico-Privadas (APP) y Proyectos en Activo (PA) por valor de m\u00e1s de 40.000 millones de d\u00f3lares (34.712 millones de euros) ante inversores, empresas y entidades financieras de Europa.<br \/>\nLa cartera incluye iniciativas en agua y saneamiento, transportes, energ\u00eda y miner\u00eda, salud, educaci\u00f3n, turismo, inmuebles, telecomunicaciones, irrigaci\u00f3n e hidrocarburos que se ejecutar\u00edan entre este a\u00f1o y 2028.<br \/>\nEntre las de mayor envergadura destacan Sitgas (3.750 millones de euros), Chinecas (3.063 millones de euros), IEPA Sechura (1.872 millones de euros), el Hospital Militar (651,7 millones de euros) y las Obras de Cabecera para Lima (630 millones de euros).<br \/>\nTambi\u00e9n figuran proyectos como el Telef\u00e9rico Choquequirao, la desaladora Ilo, el Hospital de Sullana y el Terminal Portuario de Chimbote, entre otros.<br \/>\nEl ministro de Econom\u00eda y Finanzas, Rodolfo Acu\u00f1a, destac\u00f3 que Per\u00fa ha consolidado su posici\u00f3n estrat\u00e9gica como \u201chub\u201d log\u00edstico regional a trav\u00e9s del eje Callao-Chancay-Anc\u00f3n-Lima, que integra puertos, un nuevo aeropuerto, un futuro parque industrial e infraestructuras complementarias.<br \/>\n\u201cPer\u00fa ofrece hoy una cartera diversa de proyectos y un entorno de estabilidad que da confianza para invertir. Tenemos grandes oportunidades en distintos sectores y la predictibilidad macroecon\u00f3mica necesaria para que esa inversi\u00f3n se traduzca en crecimiento, desarrollo y empleo\u201d, afirm\u00f3 Acu\u00f1a en declaraciones recogidas por la agencia \u2018Andina\u2019.<br \/>\nA Acu\u00f1a le han acompa\u00f1ado en el evento para inversores el presidente del Consejo de Ministros, Luis Arroyo y el presidente ejecutivo de ProInversi\u00f3n, Luis del Carpio. (Europa Press)<\/p>\n","protected":false},"excerpt":{"rendered":"<p>El Gobierno peruano present\u00f3 ayer una cartera de 92 Asociaciones P\u00fablico-Privadas (APP) y Proyectos en Activo (PA) por valor de m\u00e1s de 40.000 millones de d\u00f3lares (34.712 millones de euros) ante inversores, empresas y entidades financieras de Europa. La cartera incluye iniciativas en agua y saneamiento, transportes, energ\u00eda y miner\u00eda, salud, educaci\u00f3n, turismo, inmuebles, telecomunicaciones, [&hellip;]<\/p>\n","protected":false},"author":1,"featured_media":401206,"comment_status":"closed","ping_status":"open","sticky":false,"template":"","format":"standard","meta":{"_acf_changed":false,"footnotes":""},"categories":[3],"tags":[],"class_list":["post-401205","post","type-post","status-publish","format-standard","has-post-thumbnail","category-internacional"],"acf":{"antetitulo":""},"yoast_head":"<!-- This site is optimized with the Yoast SEO plugin v28.4 - https:\/\/yoast.com\/product\/yoast-seo-wordpress\/ -->\n<title>Per\u00fa presenta 92 proyectos por m\u00e1s de 34.712 millones de euros - El Diario - Bolivia<\/title>\n<meta name=\"robots\" content=\"index, follow, max-snippet:-1, max-image-preview:large, max-video-preview:-1\" \/>\n<link rel=\"canonical\" href=\"https:\/\/www.eldiario.net\/portal\/2026\/06\/06\/peru-presenta-92-proyectos-por-mas-de-34-712-millones-de-euros\/\" \/>\n<meta property=\"og:locale\" content=\"es_ES\" \/>\n<meta property=\"og:type\" content=\"article\" \/>\n<meta property=\"og:title\" content=\"Per\u00fa presenta 92 proyectos por m\u00e1s de 34.712 millones de euros - El Diario - Bolivia\" \/>\n<meta property=\"og:description\" content=\"El Gobierno peruano present\u00f3 ayer una cartera de 92 Asociaciones P\u00fablico-Privadas (APP) y Proyectos en Activo (PA) por valor de m\u00e1s de 40.000 millones de d\u00f3lares (34.712 millones de euros) ante inversores, empresas y entidades financieras de Europa. La cartera incluye iniciativas en agua y saneamiento, transportes, energ\u00eda y miner\u00eda, salud, educaci\u00f3n, turismo, inmuebles, telecomunicaciones, [&hellip;]\" \/>\n<meta property=\"og:url\" content=\"https:\/\/www.eldiario.net\/portal\/2026\/06\/06\/peru-presenta-92-proyectos-por-mas-de-34-712-millones-de-euros\/\" \/>\n<meta property=\"og:site_name\" content=\"El Diario - Bolivia\" \/>\n<meta property=\"article:publisher\" content=\"https:\/\/www.facebook.com\/eldiario.bolivia\/\" \/>\n<meta property=\"article:published_time\" content=\"2026-06-06T04:05:37+00:00\" \/>\n<meta property=\"article:modified_time\" content=\"2026-06-06T21:06:30+00:00\" \/>\n<meta property=\"og:image\" content=\"https:\/\/www.eldiario.net\/portal\/wp-content\/uploads\/2026\/06\/proyectos-el-peruano.webp\" \/>\n\t<meta property=\"og:image:width\" content=\"760\" \/>\n\t<meta property=\"og:image:height\" content=\"507\" \/>\n\t<meta property=\"og:image:type\" content=\"image\/webp\" \/>\n<meta name=\"author\" content=\"Jeanette\" \/>\n<meta name=\"twitter:card\" content=\"summary_large_image\" \/>\n<meta name=\"twitter:creator\" content=\"@eldiario_net\" \/>\n<meta name=\"twitter:site\" content=\"@eldiario_net\" \/>\n<meta name=\"twitter:label1\" content=\"Escrito por\" \/>\n\t<meta name=\"twitter:data1\" content=\"Jeanette\" \/>\n\t<meta name=\"twitter:label2\" content=\"Tiempo de lectura\" \/>\n\t<meta name=\"twitter:data2\" content=\"2 minutos\" \/>\n<script type=\"application\/ld+json\" class=\"yoast-schema-graph\">{\"@context\":\"https:\\\/\\\/schema.org\",\"@graph\":[{\"@type\":\"Article\",\"@id\":\"https:\\\/\\\/www.eldiario.net\\\/portal\\\/2026\\\/06\\\/06\\\/peru-presenta-92-proyectos-por-mas-de-34-712-millones-de-euros\\\/#article\",\"isPartOf\":{\"@id\":\"https:\\\/\\\/www.eldiario.net\\\/portal\\\/2026\\\/06\\\/06\\\/peru-presenta-92-proyectos-por-mas-de-34-712-millones-de-euros\\\/\"},\"author\":{\"name\":\"Jeanette\",\"@id\":\"https:\\\/\\\/www.eldiario.net\\\/portal\\\/#\\\/schema\\\/person\\\/2c57cf2b7a7ae032e449e4c9b1019eac\"},\"headline\":\"Per\u00fa presenta 92 proyectos por m\u00e1s de 34.712 millones de euros\",\"datePublished\":\"2026-06-06T04:05:37+00:00\",\"dateModified\":\"2026-06-06T21:06:30+00:00\",\"mainEntityOfPage\":{\"@id\":\"https:\\\/\\\/www.eldiario.net\\\/portal\\\/2026\\\/06\\\/06\\\/peru-presenta-92-proyectos-por-mas-de-34-712-millones-de-euros\\\/\"},\"wordCount\":269,\"publisher\":{\"@id\":\"https:\\\/\\\/www.eldiario.net\\\/portal\\\/#organization\"},\"image\":{\"@id\":\"https:\\\/\\\/www.eldiario.net\\\/portal\\\/2026\\\/06\\\/06\\\/peru-presenta-92-proyectos-por-mas-de-34-712-millones-de-euros\\\/#primaryimage\"},\"thumbnailUrl\":\"https:\\\/\\\/www.eldiario.net\\\/portal\\\/wp-content\\\/uploads\\\/2026\\\/06\\\/proyectos-el-peruano.webp\",\"articleSection\":[\"Internacional\"],\"inLanguage\":\"es\"},{\"@type\":\"WebPage\",\"@id\":\"https:\\\/\\\/www.eldiario.net\\\/portal\\\/2026\\\/06\\\/06\\\/peru-presenta-92-proyectos-por-mas-de-34-712-millones-de-euros\\\/\",\"url\":\"https:\\\/\\\/www.eldiario.net\\\/portal\\\/2026\\\/06\\\/06\\\/peru-presenta-92-proyectos-por-mas-de-34-712-millones-de-euros\\\/\",\"name\":\"Per\u00fa presenta 92 proyectos por m\u00e1s de 34.712 millones de euros - El Diario - Bolivia\",\"isPartOf\":{\"@id\":\"https:\\\/\\\/www.eldiario.net\\\/portal\\\/#website\"},\"primaryImageOfPage\":{\"@id\":\"https:\\\/\\\/www.eldiario.net\\\/portal\\\/2026\\\/06\\\/06\\\/peru-presenta-92-proyectos-por-mas-de-34-712-millones-de-euros\\\/#primaryimage\"},\"image\":{\"@id\":\"https:\\\/\\\/www.eldiario.net\\\/portal\\\/2026\\\/06\\\/06\\\/peru-presenta-92-proyectos-por-mas-de-34-712-millones-de-euros\\\/#primaryimage\"},\"thumbnailUrl\":\"https:\\\/\\\/www.eldiario.net\\\/portal\\\/wp-content\\\/uploads\\\/2026\\\/06\\\/proyectos-el-peruano.webp\",\"datePublished\":\"2026-06-06T04:05:37+00:00\",\"dateModified\":\"2026-06-06T21:06:30+00:00\",\"breadcrumb\":{\"@id\":\"https:\\\/\\\/www.eldiario.net\\\/portal\\\/2026\\\/06\\\/06\\\/peru-presenta-92-proyectos-por-mas-de-34-712-millones-de-euros\\\/#breadcrumb\"},\"inLanguage\":\"es\",\"potentialAction\":[{\"@type\":\"ReadAction\",\"target\":[\"https:\\\/\\\/www.eldiario.net\\\/portal\\\/2026\\\/06\\\/06\\\/peru-presenta-92-proyectos-por-mas-de-34-712-millones-de-euros\\\/\"]}]},{\"@type\":\"ImageObject\",\"inLanguage\":\"es\",\"@id\":\"https:\\\/\\\/www.eldiario.net\\\/portal\\\/2026\\\/06\\\/06\\\/peru-presenta-92-proyectos-por-mas-de-34-712-millones-de-euros\\\/#primaryimage\",\"url\":\"https:\\\/\\\/www.eldiario.net\\\/portal\\\/wp-content\\\/uploads\\\/2026\\\/06\\\/proyectos-el-peruano.webp\",\"contentUrl\":\"https:\\\/\\\/www.eldiario.net\\\/portal\\\/wp-content\\\/uploads\\\/2026\\\/06\\\/proyectos-el-peruano.webp\",\"width\":760,\"height\":507,\"caption\":\"Per\u00fa present\u00f3 cerca de un centenar de proyectos a Europa.\"},{\"@type\":\"BreadcrumbList\",\"@id\":\"https:\\\/\\\/www.eldiario.net\\\/portal\\\/2026\\\/06\\\/06\\\/peru-presenta-92-proyectos-por-mas-de-34-712-millones-de-euros\\\/#breadcrumb\",\"itemListElement\":[{\"@type\":\"ListItem\",\"position\":1,\"name\":\"Portada\",\"item\":\"https:\\\/\\\/www.eldiario.net\\\/portal\\\/\"},{\"@type\":\"ListItem\",\"position\":2,\"name\":\"Per\u00fa presenta 92 proyectos por m\u00e1s de 34.712 millones de euros\"}]},{\"@type\":\"WebSite\",\"@id\":\"https:\\\/\\\/www.eldiario.net\\\/portal\\\/#website\",\"url\":\"https:\\\/\\\/www.eldiario.net\\\/portal\\\/\",\"name\":\"El Diario - Decano de la prensa nacional\",\"description\":\"El Diario - Decano de la prensa nacional\",\"publisher\":{\"@id\":\"https:\\\/\\\/www.eldiario.net\\\/portal\\\/#organization\"},\"potentialAction\":[{\"@type\":\"SearchAction\",\"target\":{\"@type\":\"EntryPoint\",\"urlTemplate\":\"https:\\\/\\\/www.eldiario.net\\\/portal\\\/?s={search_term_string}\"},\"query-input\":{\"@type\":\"PropertyValueSpecification\",\"valueRequired\":true,\"valueName\":\"search_term_string\"}}],\"inLanguage\":\"es\"},{\"@type\":\"Organization\",\"@id\":\"https:\\\/\\\/www.eldiario.net\\\/portal\\\/#organization\",\"name\":\"El Diario - Decano de la prensa nacional\",\"url\":\"https:\\\/\\\/www.eldiario.net\\\/portal\\\/\",\"logo\":{\"@type\":\"ImageObject\",\"inLanguage\":\"es\",\"@id\":\"https:\\\/\\\/www.eldiario.net\\\/portal\\\/#\\\/schema\\\/logo\\\/image\\\/\",\"url\":\"https:\\\/\\\/www.eldiario.net\\\/portal\\\/wp-content\\\/uploads\\\/2023\\\/07\\\/logo_ED.jpg\",\"contentUrl\":\"https:\\\/\\\/www.eldiario.net\\\/portal\\\/wp-content\\\/uploads\\\/2023\\\/07\\\/logo_ED.jpg\",\"width\":272,\"height\":52,\"caption\":\"El Diario - Decano de la prensa nacional\"},\"image\":{\"@id\":\"https:\\\/\\\/www.eldiario.net\\\/portal\\\/#\\\/schema\\\/logo\\\/image\\\/\"},\"sameAs\":[\"https:\\\/\\\/www.facebook.com\\\/eldiario.bolivia\\\/\",\"https:\\\/\\\/x.com\\\/eldiario_net\"]},{\"@type\":\"Person\",\"@id\":\"https:\\\/\\\/www.eldiario.net\\\/portal\\\/#\\\/schema\\\/person\\\/2c57cf2b7a7ae032e449e4c9b1019eac\",\"name\":\"Jeanette\",\"image\":{\"@type\":\"ImageObject\",\"inLanguage\":\"es\",\"@id\":\"https:\\\/\\\/secure.gravatar.com\\\/avatar\\\/3ea2118a5f7dad2b7138b1187a6b7ee55f160b9968b66013c3a3ef39dd7e5798?s=96&d=mm&r=g\",\"url\":\"https:\\\/\\\/secure.gravatar.com\\\/avatar\\\/3ea2118a5f7dad2b7138b1187a6b7ee55f160b9968b66013c3a3ef39dd7e5798?s=96&d=mm&r=g\",\"contentUrl\":\"https:\\\/\\\/secure.gravatar.com\\\/avatar\\\/3ea2118a5f7dad2b7138b1187a6b7ee55f160b9968b66013c3a3ef39dd7e5798?s=96&d=mm&r=g\",\"caption\":\"Jeanette\"},\"sameAs\":[\"https:\\\/\\\/www.eldiario.net\\\/portal\"],\"url\":\"https:\\\/\\\/www.eldiario.net\\\/portal\\\/author\\\/jeanette\\\/\"}]}<\/script>\n<!-- \/ Yoast SEO plugin. -->","yoast_head_json":{"title":"Per\u00fa presenta 92 proyectos por m\u00e1s de 34.712 millones de euros - El Diario - Bolivia","robots":{"index":"index","follow":"follow","max-snippet":"max-snippet:-1","max-image-preview":"max-image-preview:large","max-video-preview":"max-video-preview:-1"},"canonical":"https:\/\/www.eldiario.net\/portal\/2026\/06\/06\/peru-presenta-92-proyectos-por-mas-de-34-712-millones-de-euros\/","og_locale":"es_ES","og_type":"article","og_title":"Per\u00fa presenta 92 proyectos por m\u00e1s de 34.712 millones de euros - El Diario - Bolivia","og_description":"El Gobierno peruano present\u00f3 ayer una cartera de 92 Asociaciones P\u00fablico-Privadas (APP) y Proyectos en Activo (PA) por valor de m\u00e1s de 40.000 millones de d\u00f3lares (34.712 millones de euros) ante inversores, empresas y entidades financieras de Europa. La cartera incluye iniciativas en agua y saneamiento, transportes, energ\u00eda y miner\u00eda, salud, educaci\u00f3n, turismo, inmuebles, telecomunicaciones, [&hellip;]","og_url":"https:\/\/www.eldiario.net\/portal\/2026\/06\/06\/peru-presenta-92-proyectos-por-mas-de-34-712-millones-de-euros\/","og_site_name":"El Diario - Bolivia","article_publisher":"https:\/\/www.facebook.com\/eldiario.bolivia\/","article_published_time":"2026-06-06T04:05:37+00:00","article_modified_time":"2026-06-06T21:06:30+00:00","og_image":[{"width":760,"height":507,"url":"https:\/\/www.eldiario.net\/portal\/wp-content\/uploads\/2026\/06\/proyectos-el-peruano.webp","type":"image\/webp"}],"author":"Jeanette","twitter_card":"summary_large_image","twitter_creator":"@eldiario_net","twitter_site":"@eldiario_net","twitter_misc":{"Escrito por":"Jeanette","Tiempo de lectura":"2 minutos"},"schema":{"@context":"https:\/\/schema.org","@graph":[{"@type":"Article","@id":"https:\/\/www.eldiario.net\/portal\/2026\/06\/06\/peru-presenta-92-proyectos-por-mas-de-34-712-millones-de-euros\/#article","isPartOf":{"@id":"https:\/\/www.eldiario.net\/portal\/2026\/06\/06\/peru-presenta-92-proyectos-por-mas-de-34-712-millones-de-euros\/"},"author":{"name":"Jeanette","@id":"https:\/\/www.eldiario.net\/portal\/#\/schema\/person\/2c57cf2b7a7ae032e449e4c9b1019eac"},"headline":"Per\u00fa presenta 92 proyectos por m\u00e1s de 34.712 millones de euros","datePublished":"2026-06-06T04:05:37+00:00","dateModified":"2026-06-06T21:06:30+00:00","mainEntityOfPage":{"@id":"https:\/\/www.eldiario.net\/portal\/2026\/06\/06\/peru-presenta-92-proyectos-por-mas-de-34-712-millones-de-euros\/"},"wordCount":269,"publisher":{"@id":"https:\/\/www.eldiario.net\/portal\/#organization"},"image":{"@id":"https:\/\/www.eldiario.net\/portal\/2026\/06\/06\/peru-presenta-92-proyectos-por-mas-de-34-712-millones-de-euros\/#primaryimage"},"thumbnailUrl":"https:\/\/www.eldiario.net\/portal\/wp-content\/uploads\/2026\/06\/proyectos-el-peruano.webp","articleSection":["Internacional"],"inLanguage":"es"},{"@type":"WebPage","@id":"https:\/\/www.eldiario.net\/portal\/2026\/06\/06\/peru-presenta-92-proyectos-por-mas-de-34-712-millones-de-euros\/","url":"https:\/\/www.eldiario.net\/portal\/2026\/06\/06\/peru-presenta-92-proyectos-por-mas-de-34-712-millones-de-euros\/","name":"Per\u00fa presenta 92 proyectos por m\u00e1s de 34.712 millones de euros - El Diario - Bolivia","isPartOf":{"@id":"https:\/\/www.eldiario.net\/portal\/#website"},"primaryImageOfPage":{"@id":"https:\/\/www.eldiario.net\/portal\/2026\/06\/06\/peru-presenta-92-proyectos-por-mas-de-34-712-millones-de-euros\/#primaryimage"},"image":{"@id":"https:\/\/www.eldiario.net\/portal\/2026\/06\/06\/peru-presenta-92-proyectos-por-mas-de-34-712-millones-de-euros\/#primaryimage"},"thumbnailUrl":"https:\/\/www.eldiario.net\/portal\/wp-content\/uploads\/2026\/06\/proyectos-el-peruano.webp","datePublished":"2026-06-06T04:05:37+00:00","dateModified":"2026-06-06T21:06:30+00:00","breadcrumb":{"@id":"https:\/\/www.eldiario.net\/portal\/2026\/06\/06\/peru-presenta-92-proyectos-por-mas-de-34-712-millones-de-euros\/#breadcrumb"},"inLanguage":"es","potentialAction":[{"@type":"ReadAction","target":["https:\/\/www.eldiario.net\/portal\/2026\/06\/06\/peru-presenta-92-proyectos-por-mas-de-34-712-millones-de-euros\/"]}]},{"@type":"ImageObject","inLanguage":"es","@id":"https:\/\/www.eldiario.net\/portal\/2026\/06\/06\/peru-presenta-92-proyectos-por-mas-de-34-712-millones-de-euros\/#primaryimage","url":"https:\/\/www.eldiario.net\/portal\/wp-content\/uploads\/2026\/06\/proyectos-el-peruano.webp","contentUrl":"https:\/\/www.eldiario.net\/portal\/wp-content\/uploads\/2026\/06\/proyectos-el-peruano.webp","width":760,"height":507,"caption":"Per\u00fa present\u00f3 cerca de un centenar de proyectos a Europa."},{"@type":"BreadcrumbList","@id":"https:\/\/www.eldiario.net\/portal\/2026\/06\/06\/peru-presenta-92-proyectos-por-mas-de-34-712-millones-de-euros\/#breadcrumb","itemListElement":[{"@type":"ListItem","position":1,"name":"Portada","item":"https:\/\/www.eldiario.net\/portal\/"},{"@type":"ListItem","position":2,"name":"Per\u00fa presenta 92 proyectos por m\u00e1s de 34.712 millones de euros"}]},{"@type":"WebSite","@id":"https:\/\/www.eldiario.net\/portal\/#website","url":"https:\/\/www.eldiario.net\/portal\/","name":"El Diario - Decano de la prensa nacional","description":"El Diario - Decano de la prensa nacional","publisher":{"@id":"https:\/\/www.eldiario.net\/portal\/#organization"},"potentialAction":[{"@type":"SearchAction","target":{"@type":"EntryPoint","urlTemplate":"https:\/\/www.eldiario.net\/portal\/?s={search_term_string}"},"query-input":{"@type":"PropertyValueSpecification","valueRequired":true,"valueName":"search_term_string"}}],"inLanguage":"es"},{"@type":"Organization","@id":"https:\/\/www.eldiario.net\/portal\/#organization","name":"El Diario - Decano de la prensa nacional","url":"https:\/\/www.eldiario.net\/portal\/","logo":{"@type":"ImageObject","inLanguage":"es","@id":"https:\/\/www.eldiario.net\/portal\/#\/schema\/logo\/image\/","url":"https:\/\/www.eldiario.net\/portal\/wp-content\/uploads\/2023\/07\/logo_ED.jpg","contentUrl":"https:\/\/www.eldiario.net\/portal\/wp-content\/uploads\/2023\/07\/logo_ED.jpg","width":272,"height":52,"caption":"El Diario - Decano de la prensa nacional"},"image":{"@id":"https:\/\/www.eldiario.net\/portal\/#\/schema\/logo\/image\/"},"sameAs":["https:\/\/www.facebook.com\/eldiario.bolivia\/","https:\/\/x.com\/eldiario_net"]},{"@type":"Person","@id":"https:\/\/www.eldiario.net\/portal\/#\/schema\/person\/2c57cf2b7a7ae032e449e4c9b1019eac","name":"Jeanette","image":{"@type":"ImageObject","inLanguage":"es","@id":"https:\/\/secure.gravatar.com\/avatar\/3ea2118a5f7dad2b7138b1187a6b7ee55f160b9968b66013c3a3ef39dd7e5798?s=96&d=mm&r=g","url":"https:\/\/secure.gravatar.com\/avatar\/3ea2118a5f7dad2b7138b1187a6b7ee55f160b9968b66013c3a3ef39dd7e5798?s=96&d=mm&r=g","contentUrl":"https:\/\/secure.gravatar.com\/avatar\/3ea2118a5f7dad2b7138b1187a6b7ee55f160b9968b66013c3a3ef39dd7e5798?s=96&d=mm&r=g","caption":"Jeanette"},"sameAs":["https:\/\/www.eldiario.net\/portal"],"url":"https:\/\/www.eldiario.net\/portal\/author\/jeanette\/"}]}},"_links":{"self":[{"href":"https:\/\/www.eldiario.net\/portal\/wp-json\/wp\/v2\/posts\/401205","targetHints":{"allow":["GET"]}}],"collection":[{"href":"https:\/\/www.eldiario.net\/portal\/wp-json\/wp\/v2\/posts"}],"about":[{"href":"https:\/\/www.eldiario.net\/portal\/wp-json\/wp\/v2\/types\/post"}],"author":[{"embeddable":true,"href":"https:\/\/www.eldiario.net\/portal\/wp-json\/wp\/v2\/users\/1"}],"replies":[{"embeddable":true,"href":"https:\/\/www.eldiario.net\/portal\/wp-json\/wp\/v2\/comments?post=401205"}],"version-history":[{"count":1,"href":"https:\/\/www.eldiario.net\/portal\/wp-json\/wp\/v2\/posts\/401205\/revisions"}],"predecessor-version":[{"id":401207,"href":"https:\/\/www.eldiario.net\/portal\/wp-json\/wp\/v2\/posts\/401205\/revisions\/401207"}],"wp:featuredmedia":[{"embeddable":true,"href":"https:\/\/www.eldiario.net\/portal\/wp-json\/wp\/v2\/media\/401206"}],"wp:attachment":[{"href":"https:\/\/www.eldiario.net\/portal\/wp-json\/wp\/v2\/media?parent=401205"}],"wp:term":[{"taxonomy":"category","embeddable":true,"href":"https:\/\/www.eldiario.net\/portal\/wp-json\/wp\/v2\/categories?post=401205"},{"taxonomy":"post_tag","embeddable":true,"href":"https:\/\/www.eldiario.net\/portal\/wp-json\/wp\/v2\/tags?post=401205"}],"curies":[{"name":"wp","href":"https:\/\/api.w.org\/{rel}","templated":true}]}}