{"id":401203,"date":"2026-06-06T00:04:31","date_gmt":"2026-06-06T04:04:31","guid":{"rendered":"https:\/\/www.eldiario.net\/portal\/?p=401203"},"modified":"2026-06-06T17:05:30","modified_gmt":"2026-06-06T21:05:30","slug":"confirman-condena-de-28-anos-de-carcel-contra-el-hermano-de-uribe","status":"publish","type":"post","link":"https:\/\/www.eldiario.net\/portal\/2026\/06\/06\/confirman-condena-de-28-anos-de-carcel-contra-el-hermano-de-uribe\/","title":{"rendered":"Confirman condena de 28 a\u00f1os de c\u00e1rcel contra el hermano de Uribe"},"content":{"rendered":"<p>La Corte Suprema de Justicia de Colombia ha confirmado la condena de 28 a\u00f1os y tres meses de c\u00e1rcel contra Santiago Uribe, hermano del expresidente \u00c1lvaro Uribe, por los delitos de concierto para delinquir y homicidio agravado tras establecer que lider\u00f3 el grupo paramilitar Los 12 Ap\u00f3stoles.<br \/>\nEl alto tribunal ha ratificado la sentencia del Tribunal Superior de Antioquia, que en segunda instancia determin\u00f3 que el menor de los hermanos del expresidente \u00c1lvaro Uribe era culpable de homicidio agravado, concierto para delinquir, y delitos de lesa humanidad, por su relaci\u00f3n con el grupo paramilitar.<br \/>\nA los 12 Ap\u00f3stoles se le atribuyen cerca de 300 homicidios en la d\u00e9cada de los 90 en el norte de la provincia de Antioquia. Durante aquellos a\u00f1os, la regi\u00f3n experiment\u00f3 un crecimiento de presencia de la ya extinta guerrilla de las FARC, responsable del asesinato del padre de la familia Uribe, terrateniente y ganadera, con fincas en esa parte del pa\u00eds.<\/p>\n","protected":false},"excerpt":{"rendered":"<p>La Corte Suprema de Justicia de Colombia ha confirmado la condena de 28 a\u00f1os y tres meses de c\u00e1rcel contra Santiago Uribe, hermano del expresidente \u00c1lvaro Uribe, por los delitos de concierto para delinquir y homicidio agravado tras establecer que lider\u00f3 el grupo paramilitar Los 12 Ap\u00f3stoles. El alto tribunal ha ratificado la sentencia del [&hellip;]<\/p>\n","protected":false},"author":1,"featured_media":194703,"comment_status":"closed","ping_status":"open","sticky":false,"template":"","format":"standard","meta":{"_acf_changed":false,"footnotes":""},"categories":[3],"tags":[],"class_list":["post-401203","post","type-post","status-publish","format-standard","has-post-thumbnail","category-internacional"],"acf":{"antetitulo":"Por liderar grupo paramilitar"},"yoast_head":"<!-- This site is optimized with the Yoast SEO plugin v28.4 - https:\/\/yoast.com\/product\/yoast-seo-wordpress\/ -->\n<title>Confirman condena de 28 a\u00f1os de c\u00e1rcel contra el hermano de Uribe - El Diario - Bolivia<\/title>\n<meta name=\"robots\" content=\"index, follow, max-snippet:-1, max-image-preview:large, max-video-preview:-1\" \/>\n<link rel=\"canonical\" href=\"https:\/\/www.eldiario.net\/portal\/2026\/06\/06\/confirman-condena-de-28-anos-de-carcel-contra-el-hermano-de-uribe\/\" \/>\n<meta property=\"og:locale\" content=\"es_ES\" \/>\n<meta property=\"og:type\" content=\"article\" \/>\n<meta property=\"og:title\" content=\"Confirman condena de 28 a\u00f1os de c\u00e1rcel contra el hermano de Uribe - El Diario - Bolivia\" \/>\n<meta property=\"og:description\" content=\"La Corte Suprema de Justicia de Colombia ha confirmado la condena de 28 a\u00f1os y tres meses de c\u00e1rcel contra Santiago Uribe, hermano del expresidente \u00c1lvaro Uribe, por los delitos de concierto para delinquir y homicidio agravado tras establecer que lider\u00f3 el grupo paramilitar Los 12 Ap\u00f3stoles. El alto tribunal ha ratificado la sentencia del [&hellip;]\" \/>\n<meta property=\"og:url\" content=\"https:\/\/www.eldiario.net\/portal\/2026\/06\/06\/confirman-condena-de-28-anos-de-carcel-contra-el-hermano-de-uribe\/\" \/>\n<meta property=\"og:site_name\" content=\"El Diario - Bolivia\" \/>\n<meta property=\"article:publisher\" content=\"https:\/\/www.facebook.com\/eldiario.bolivia\/\" \/>\n<meta property=\"article:published_time\" content=\"2026-06-06T04:04:31+00:00\" \/>\n<meta property=\"article:modified_time\" content=\"2026-06-06T21:05:30+00:00\" \/>\n<meta property=\"og:image\" content=\"https:\/\/www.eldiario.net\/portal\/wp-content\/uploads\/2023\/12\/Internacional.jpg\" \/>\n\t<meta property=\"og:image:width\" content=\"800\" \/>\n\t<meta property=\"og:image:height\" content=\"500\" \/>\n\t<meta property=\"og:image:type\" content=\"image\/jpeg\" \/>\n<meta name=\"author\" content=\"Jeanette\" \/>\n<meta name=\"twitter:card\" content=\"summary_large_image\" \/>\n<meta name=\"twitter:creator\" content=\"@eldiario_net\" \/>\n<meta name=\"twitter:site\" content=\"@eldiario_net\" \/>\n<meta name=\"twitter:label1\" content=\"Escrito por\" \/>\n\t<meta name=\"twitter:data1\" content=\"Jeanette\" \/>\n\t<meta name=\"twitter:label2\" content=\"Tiempo de lectura\" \/>\n\t<meta name=\"twitter:data2\" content=\"1 minuto\" \/>\n<script type=\"application\/ld+json\" class=\"yoast-schema-graph\">{\"@context\":\"https:\\\/\\\/schema.org\",\"@graph\":[{\"@type\":\"Article\",\"@id\":\"https:\\\/\\\/www.eldiario.net\\\/portal\\\/2026\\\/06\\\/06\\\/confirman-condena-de-28-anos-de-carcel-contra-el-hermano-de-uribe\\\/#article\",\"isPartOf\":{\"@id\":\"https:\\\/\\\/www.eldiario.net\\\/portal\\\/2026\\\/06\\\/06\\\/confirman-condena-de-28-anos-de-carcel-contra-el-hermano-de-uribe\\\/\"},\"author\":{\"name\":\"Jeanette\",\"@id\":\"https:\\\/\\\/www.eldiario.net\\\/portal\\\/#\\\/schema\\\/person\\\/2c57cf2b7a7ae032e449e4c9b1019eac\"},\"headline\":\"Confirman condena de 28 a\u00f1os de c\u00e1rcel contra el hermano de Uribe\",\"datePublished\":\"2026-06-06T04:04:31+00:00\",\"dateModified\":\"2026-06-06T21:05:30+00:00\",\"mainEntityOfPage\":{\"@id\":\"https:\\\/\\\/www.eldiario.net\\\/portal\\\/2026\\\/06\\\/06\\\/confirman-condena-de-28-anos-de-carcel-contra-el-hermano-de-uribe\\\/\"},\"wordCount\":173,\"publisher\":{\"@id\":\"https:\\\/\\\/www.eldiario.net\\\/portal\\\/#organization\"},\"image\":{\"@id\":\"https:\\\/\\\/www.eldiario.net\\\/portal\\\/2026\\\/06\\\/06\\\/confirman-condena-de-28-anos-de-carcel-contra-el-hermano-de-uribe\\\/#primaryimage\"},\"thumbnailUrl\":\"https:\\\/\\\/www.eldiario.net\\\/portal\\\/wp-content\\\/uploads\\\/2023\\\/12\\\/Internacional.jpg\",\"articleSection\":[\"Internacional\"],\"inLanguage\":\"es\"},{\"@type\":\"WebPage\",\"@id\":\"https:\\\/\\\/www.eldiario.net\\\/portal\\\/2026\\\/06\\\/06\\\/confirman-condena-de-28-anos-de-carcel-contra-el-hermano-de-uribe\\\/\",\"url\":\"https:\\\/\\\/www.eldiario.net\\\/portal\\\/2026\\\/06\\\/06\\\/confirman-condena-de-28-anos-de-carcel-contra-el-hermano-de-uribe\\\/\",\"name\":\"Confirman condena de 28 a\u00f1os de c\u00e1rcel contra el hermano de Uribe - El Diario - Bolivia\",\"isPartOf\":{\"@id\":\"https:\\\/\\\/www.eldiario.net\\\/portal\\\/#website\"},\"primaryImageOfPage\":{\"@id\":\"https:\\\/\\\/www.eldiario.net\\\/portal\\\/2026\\\/06\\\/06\\\/confirman-condena-de-28-anos-de-carcel-contra-el-hermano-de-uribe\\\/#primaryimage\"},\"image\":{\"@id\":\"https:\\\/\\\/www.eldiario.net\\\/portal\\\/2026\\\/06\\\/06\\\/confirman-condena-de-28-anos-de-carcel-contra-el-hermano-de-uribe\\\/#primaryimage\"},\"thumbnailUrl\":\"https:\\\/\\\/www.eldiario.net\\\/portal\\\/wp-content\\\/uploads\\\/2023\\\/12\\\/Internacional.jpg\",\"datePublished\":\"2026-06-06T04:04:31+00:00\",\"dateModified\":\"2026-06-06T21:05:30+00:00\",\"breadcrumb\":{\"@id\":\"https:\\\/\\\/www.eldiario.net\\\/portal\\\/2026\\\/06\\\/06\\\/confirman-condena-de-28-anos-de-carcel-contra-el-hermano-de-uribe\\\/#breadcrumb\"},\"inLanguage\":\"es\",\"potentialAction\":[{\"@type\":\"ReadAction\",\"target\":[\"https:\\\/\\\/www.eldiario.net\\\/portal\\\/2026\\\/06\\\/06\\\/confirman-condena-de-28-anos-de-carcel-contra-el-hermano-de-uribe\\\/\"]}]},{\"@type\":\"ImageObject\",\"inLanguage\":\"es\",\"@id\":\"https:\\\/\\\/www.eldiario.net\\\/portal\\\/2026\\\/06\\\/06\\\/confirman-condena-de-28-anos-de-carcel-contra-el-hermano-de-uribe\\\/#primaryimage\",\"url\":\"https:\\\/\\\/www.eldiario.net\\\/portal\\\/wp-content\\\/uploads\\\/2023\\\/12\\\/Internacional.jpg\",\"contentUrl\":\"https:\\\/\\\/www.eldiario.net\\\/portal\\\/wp-content\\\/uploads\\\/2023\\\/12\\\/Internacional.jpg\",\"width\":800,\"height\":500},{\"@type\":\"BreadcrumbList\",\"@id\":\"https:\\\/\\\/www.eldiario.net\\\/portal\\\/2026\\\/06\\\/06\\\/confirman-condena-de-28-anos-de-carcel-contra-el-hermano-de-uribe\\\/#breadcrumb\",\"itemListElement\":[{\"@type\":\"ListItem\",\"position\":1,\"name\":\"Portada\",\"item\":\"https:\\\/\\\/www.eldiario.net\\\/portal\\\/\"},{\"@type\":\"ListItem\",\"position\":2,\"name\":\"Confirman condena de 28 a\u00f1os de c\u00e1rcel contra el hermano de Uribe\"}]},{\"@type\":\"WebSite\",\"@id\":\"https:\\\/\\\/www.eldiario.net\\\/portal\\\/#website\",\"url\":\"https:\\\/\\\/www.eldiario.net\\\/portal\\\/\",\"name\":\"El Diario - Decano de la prensa nacional\",\"description\":\"El Diario - Decano de la prensa nacional\",\"publisher\":{\"@id\":\"https:\\\/\\\/www.eldiario.net\\\/portal\\\/#organization\"},\"potentialAction\":[{\"@type\":\"SearchAction\",\"target\":{\"@type\":\"EntryPoint\",\"urlTemplate\":\"https:\\\/\\\/www.eldiario.net\\\/portal\\\/?s={search_term_string}\"},\"query-input\":{\"@type\":\"PropertyValueSpecification\",\"valueRequired\":true,\"valueName\":\"search_term_string\"}}],\"inLanguage\":\"es\"},{\"@type\":\"Organization\",\"@id\":\"https:\\\/\\\/www.eldiario.net\\\/portal\\\/#organization\",\"name\":\"El Diario - Decano de la prensa nacional\",\"url\":\"https:\\\/\\\/www.eldiario.net\\\/portal\\\/\",\"logo\":{\"@type\":\"ImageObject\",\"inLanguage\":\"es\",\"@id\":\"https:\\\/\\\/www.eldiario.net\\\/portal\\\/#\\\/schema\\\/logo\\\/image\\\/\",\"url\":\"https:\\\/\\\/www.eldiario.net\\\/portal\\\/wp-content\\\/uploads\\\/2023\\\/07\\\/logo_ED.jpg\",\"contentUrl\":\"https:\\\/\\\/www.eldiario.net\\\/portal\\\/wp-content\\\/uploads\\\/2023\\\/07\\\/logo_ED.jpg\",\"width\":272,\"height\":52,\"caption\":\"El Diario - Decano de la prensa nacional\"},\"image\":{\"@id\":\"https:\\\/\\\/www.eldiario.net\\\/portal\\\/#\\\/schema\\\/logo\\\/image\\\/\"},\"sameAs\":[\"https:\\\/\\\/www.facebook.com\\\/eldiario.bolivia\\\/\",\"https:\\\/\\\/x.com\\\/eldiario_net\"]},{\"@type\":\"Person\",\"@id\":\"https:\\\/\\\/www.eldiario.net\\\/portal\\\/#\\\/schema\\\/person\\\/2c57cf2b7a7ae032e449e4c9b1019eac\",\"name\":\"Jeanette\",\"image\":{\"@type\":\"ImageObject\",\"inLanguage\":\"es\",\"@id\":\"https:\\\/\\\/secure.gravatar.com\\\/avatar\\\/3ea2118a5f7dad2b7138b1187a6b7ee55f160b9968b66013c3a3ef39dd7e5798?s=96&d=mm&r=g\",\"url\":\"https:\\\/\\\/secure.gravatar.com\\\/avatar\\\/3ea2118a5f7dad2b7138b1187a6b7ee55f160b9968b66013c3a3ef39dd7e5798?s=96&d=mm&r=g\",\"contentUrl\":\"https:\\\/\\\/secure.gravatar.com\\\/avatar\\\/3ea2118a5f7dad2b7138b1187a6b7ee55f160b9968b66013c3a3ef39dd7e5798?s=96&d=mm&r=g\",\"caption\":\"Jeanette\"},\"sameAs\":[\"https:\\\/\\\/www.eldiario.net\\\/portal\"],\"url\":\"https:\\\/\\\/www.eldiario.net\\\/portal\\\/author\\\/jeanette\\\/\"}]}<\/script>\n<!-- \/ Yoast SEO plugin. -->","yoast_head_json":{"title":"Confirman condena de 28 a\u00f1os de c\u00e1rcel contra el hermano de Uribe - El Diario - Bolivia","robots":{"index":"index","follow":"follow","max-snippet":"max-snippet:-1","max-image-preview":"max-image-preview:large","max-video-preview":"max-video-preview:-1"},"canonical":"https:\/\/www.eldiario.net\/portal\/2026\/06\/06\/confirman-condena-de-28-anos-de-carcel-contra-el-hermano-de-uribe\/","og_locale":"es_ES","og_type":"article","og_title":"Confirman condena de 28 a\u00f1os de c\u00e1rcel contra el hermano de Uribe - El Diario - Bolivia","og_description":"La Corte Suprema de Justicia de Colombia ha confirmado la condena de 28 a\u00f1os y tres meses de c\u00e1rcel contra Santiago Uribe, hermano del expresidente \u00c1lvaro Uribe, por los delitos de concierto para delinquir y homicidio agravado tras establecer que lider\u00f3 el grupo paramilitar Los 12 Ap\u00f3stoles. El alto tribunal ha ratificado la sentencia del [&hellip;]","og_url":"https:\/\/www.eldiario.net\/portal\/2026\/06\/06\/confirman-condena-de-28-anos-de-carcel-contra-el-hermano-de-uribe\/","og_site_name":"El Diario - Bolivia","article_publisher":"https:\/\/www.facebook.com\/eldiario.bolivia\/","article_published_time":"2026-06-06T04:04:31+00:00","article_modified_time":"2026-06-06T21:05:30+00:00","og_image":[{"width":800,"height":500,"url":"https:\/\/www.eldiario.net\/portal\/wp-content\/uploads\/2023\/12\/Internacional.jpg","type":"image\/jpeg"}],"author":"Jeanette","twitter_card":"summary_large_image","twitter_creator":"@eldiario_net","twitter_site":"@eldiario_net","twitter_misc":{"Escrito por":"Jeanette","Tiempo de lectura":"1 minuto"},"schema":{"@context":"https:\/\/schema.org","@graph":[{"@type":"Article","@id":"https:\/\/www.eldiario.net\/portal\/2026\/06\/06\/confirman-condena-de-28-anos-de-carcel-contra-el-hermano-de-uribe\/#article","isPartOf":{"@id":"https:\/\/www.eldiario.net\/portal\/2026\/06\/06\/confirman-condena-de-28-anos-de-carcel-contra-el-hermano-de-uribe\/"},"author":{"name":"Jeanette","@id":"https:\/\/www.eldiario.net\/portal\/#\/schema\/person\/2c57cf2b7a7ae032e449e4c9b1019eac"},"headline":"Confirman condena de 28 a\u00f1os de c\u00e1rcel contra el hermano de Uribe","datePublished":"2026-06-06T04:04:31+00:00","dateModified":"2026-06-06T21:05:30+00:00","mainEntityOfPage":{"@id":"https:\/\/www.eldiario.net\/portal\/2026\/06\/06\/confirman-condena-de-28-anos-de-carcel-contra-el-hermano-de-uribe\/"},"wordCount":173,"publisher":{"@id":"https:\/\/www.eldiario.net\/portal\/#organization"},"image":{"@id":"https:\/\/www.eldiario.net\/portal\/2026\/06\/06\/confirman-condena-de-28-anos-de-carcel-contra-el-hermano-de-uribe\/#primaryimage"},"thumbnailUrl":"https:\/\/www.eldiario.net\/portal\/wp-content\/uploads\/2023\/12\/Internacional.jpg","articleSection":["Internacional"],"inLanguage":"es"},{"@type":"WebPage","@id":"https:\/\/www.eldiario.net\/portal\/2026\/06\/06\/confirman-condena-de-28-anos-de-carcel-contra-el-hermano-de-uribe\/","url":"https:\/\/www.eldiario.net\/portal\/2026\/06\/06\/confirman-condena-de-28-anos-de-carcel-contra-el-hermano-de-uribe\/","name":"Confirman condena de 28 a\u00f1os de c\u00e1rcel contra el hermano de Uribe - El Diario - Bolivia","isPartOf":{"@id":"https:\/\/www.eldiario.net\/portal\/#website"},"primaryImageOfPage":{"@id":"https:\/\/www.eldiario.net\/portal\/2026\/06\/06\/confirman-condena-de-28-anos-de-carcel-contra-el-hermano-de-uribe\/#primaryimage"},"image":{"@id":"https:\/\/www.eldiario.net\/portal\/2026\/06\/06\/confirman-condena-de-28-anos-de-carcel-contra-el-hermano-de-uribe\/#primaryimage"},"thumbnailUrl":"https:\/\/www.eldiario.net\/portal\/wp-content\/uploads\/2023\/12\/Internacional.jpg","datePublished":"2026-06-06T04:04:31+00:00","dateModified":"2026-06-06T21:05:30+00:00","breadcrumb":{"@id":"https:\/\/www.eldiario.net\/portal\/2026\/06\/06\/confirman-condena-de-28-anos-de-carcel-contra-el-hermano-de-uribe\/#breadcrumb"},"inLanguage":"es","potentialAction":[{"@type":"ReadAction","target":["https:\/\/www.eldiario.net\/portal\/2026\/06\/06\/confirman-condena-de-28-anos-de-carcel-contra-el-hermano-de-uribe\/"]}]},{"@type":"ImageObject","inLanguage":"es","@id":"https:\/\/www.eldiario.net\/portal\/2026\/06\/06\/confirman-condena-de-28-anos-de-carcel-contra-el-hermano-de-uribe\/#primaryimage","url":"https:\/\/www.eldiario.net\/portal\/wp-content\/uploads\/2023\/12\/Internacional.jpg","contentUrl":"https:\/\/www.eldiario.net\/portal\/wp-content\/uploads\/2023\/12\/Internacional.jpg","width":800,"height":500},{"@type":"BreadcrumbList","@id":"https:\/\/www.eldiario.net\/portal\/2026\/06\/06\/confirman-condena-de-28-anos-de-carcel-contra-el-hermano-de-uribe\/#breadcrumb","itemListElement":[{"@type":"ListItem","position":1,"name":"Portada","item":"https:\/\/www.eldiario.net\/portal\/"},{"@type":"ListItem","position":2,"name":"Confirman condena de 28 a\u00f1os de c\u00e1rcel contra el hermano de Uribe"}]},{"@type":"WebSite","@id":"https:\/\/www.eldiario.net\/portal\/#website","url":"https:\/\/www.eldiario.net\/portal\/","name":"El Diario - Decano de la prensa nacional","description":"El Diario - Decano de la prensa nacional","publisher":{"@id":"https:\/\/www.eldiario.net\/portal\/#organization"},"potentialAction":[{"@type":"SearchAction","target":{"@type":"EntryPoint","urlTemplate":"https:\/\/www.eldiario.net\/portal\/?s={search_term_string}"},"query-input":{"@type":"PropertyValueSpecification","valueRequired":true,"valueName":"search_term_string"}}],"inLanguage":"es"},{"@type":"Organization","@id":"https:\/\/www.eldiario.net\/portal\/#organization","name":"El Diario - Decano de la prensa nacional","url":"https:\/\/www.eldiario.net\/portal\/","logo":{"@type":"ImageObject","inLanguage":"es","@id":"https:\/\/www.eldiario.net\/portal\/#\/schema\/logo\/image\/","url":"https:\/\/www.eldiario.net\/portal\/wp-content\/uploads\/2023\/07\/logo_ED.jpg","contentUrl":"https:\/\/www.eldiario.net\/portal\/wp-content\/uploads\/2023\/07\/logo_ED.jpg","width":272,"height":52,"caption":"El Diario - Decano de la prensa nacional"},"image":{"@id":"https:\/\/www.eldiario.net\/portal\/#\/schema\/logo\/image\/"},"sameAs":["https:\/\/www.facebook.com\/eldiario.bolivia\/","https:\/\/x.com\/eldiario_net"]},{"@type":"Person","@id":"https:\/\/www.eldiario.net\/portal\/#\/schema\/person\/2c57cf2b7a7ae032e449e4c9b1019eac","name":"Jeanette","image":{"@type":"ImageObject","inLanguage":"es","@id":"https:\/\/secure.gravatar.com\/avatar\/3ea2118a5f7dad2b7138b1187a6b7ee55f160b9968b66013c3a3ef39dd7e5798?s=96&d=mm&r=g","url":"https:\/\/secure.gravatar.com\/avatar\/3ea2118a5f7dad2b7138b1187a6b7ee55f160b9968b66013c3a3ef39dd7e5798?s=96&d=mm&r=g","contentUrl":"https:\/\/secure.gravatar.com\/avatar\/3ea2118a5f7dad2b7138b1187a6b7ee55f160b9968b66013c3a3ef39dd7e5798?s=96&d=mm&r=g","caption":"Jeanette"},"sameAs":["https:\/\/www.eldiario.net\/portal"],"url":"https:\/\/www.eldiario.net\/portal\/author\/jeanette\/"}]}},"_links":{"self":[{"href":"https:\/\/www.eldiario.net\/portal\/wp-json\/wp\/v2\/posts\/401203","targetHints":{"allow":["GET"]}}],"collection":[{"href":"https:\/\/www.eldiario.net\/portal\/wp-json\/wp\/v2\/posts"}],"about":[{"href":"https:\/\/www.eldiario.net\/portal\/wp-json\/wp\/v2\/types\/post"}],"author":[{"embeddable":true,"href":"https:\/\/www.eldiario.net\/portal\/wp-json\/wp\/v2\/users\/1"}],"replies":[{"embeddable":true,"href":"https:\/\/www.eldiario.net\/portal\/wp-json\/wp\/v2\/comments?post=401203"}],"version-history":[{"count":1,"href":"https:\/\/www.eldiario.net\/portal\/wp-json\/wp\/v2\/posts\/401203\/revisions"}],"predecessor-version":[{"id":401204,"href":"https:\/\/www.eldiario.net\/portal\/wp-json\/wp\/v2\/posts\/401203\/revisions\/401204"}],"wp:featuredmedia":[{"embeddable":true,"href":"https:\/\/www.eldiario.net\/portal\/wp-json\/wp\/v2\/media\/194703"}],"wp:attachment":[{"href":"https:\/\/www.eldiario.net\/portal\/wp-json\/wp\/v2\/media?parent=401203"}],"wp:term":[{"taxonomy":"category","embeddable":true,"href":"https:\/\/www.eldiario.net\/portal\/wp-json\/wp\/v2\/categories?post=401203"},{"taxonomy":"post_tag","embeddable":true,"href":"https:\/\/www.eldiario.net\/portal\/wp-json\/wp\/v2\/tags?post=401203"}],"curies":[{"name":"wp","href":"https:\/\/api.w.org\/{rel}","templated":true}]}}