{"id":40120,"date":"2021-11-01T05:20:24","date_gmt":"2021-11-01T09:20:24","guid":{"rendered":"https:\/\/www.eldiario.net\/portal\/?p=40120"},"modified":"2021-11-01T05:20:24","modified_gmt":"2021-11-01T09:20:24","slug":"bolivia-liderara-crecimiento-economico-y-luego-ingresara-a-una-desaceleracion","status":"publish","type":"post","link":"https:\/\/www.eldiario.net\/portal\/2021\/11\/01\/bolivia-liderara-crecimiento-economico-y-luego-ingresara-a-una-desaceleracion\/","title":{"rendered":"Bolivia liderar\u00e1 crecimiento econ\u00f3mico y luego ingresar\u00e1 a una desaceleraci\u00f3n"},"content":{"rendered":"<p>Si bien los organismos internacionales proyectan un crecimiento econ\u00f3mico para Bolivia de m\u00e1s de 5 % para este 2021, tambi\u00e9n se\u00f1alan que para el 2022 se iniciar\u00e1 una desaceleraci\u00f3n de la econom\u00eda nacional.<br \/>\nEl Banco Mundial (BM) y el Fondo Monetario Internacional (FMI) proyectan un crecimiento mayor a 5 % para la presente gesti\u00f3n, pero sus estimaciones para el pr\u00f3ximo a\u00f1o no son tan alentadoras.<br \/>\nPor ejemplo, si bien el BM proyecta un crecimiento de 5,5 % para este 2021, pero se\u00f1ala el informe que el 2022 bajar\u00e1 a 3,5 % y el 2023 a 2,7 %, lo que implica volver a la desaceleraci\u00f3n que vivi\u00f3 el pa\u00eds hasta el 2019 y termin\u00f3 con una recesi\u00f3n el 2020 de -8,7 %. Entre tanto, el FMI se\u00f1ala un crecimiento de 5 % en 2021, pero en 2022 baja la cifra a 4 %.<br \/>\nLos economistas y empresarios aseguraron que el dato positivo es reflejo de un rebote estad\u00edstico, debido a la recesi\u00f3n que sufri\u00f3 la econom\u00eda por la pandemia, que provoc\u00f3 la paralizaci\u00f3n de la econom\u00eda mundial y nacional.<br \/>\nLos micro y peque\u00f1os empresarios ya indicaron que la reactivaci\u00f3n va a paso de \u201ctortuga\u201d, y sus negocios no pueden despegar, y por lo tanto no registran mayor dinamismo econ\u00f3mico.<br \/>\nLos constructores indicaron, en su momento, que los buenos resultados del sector obedece a la inversi\u00f3n privada y no tanto a la inversi\u00f3n p\u00fablica, que hasta agosto no pasa del 50 % de ejecuci\u00f3n, a pesar del fideicomiso de 2.000 millones de bolivianos para que los gobiernos subnacionales den su contraparte para obras p\u00fablicas.<\/p>\n<p>Liderar<br \/>\nMientras tanto, la ministra de la Presidencia, Mar\u00eda Nela Prada, asegur\u00f3 ayer que Bolivia se encamina a liderar nuevamente el crecimiento econ\u00f3mico de la regi\u00f3n, con las pol\u00edticas asumidas por el Gobierno del presidente Luis Arce, para reactivar el aparato productivo del pa\u00eds.<br \/>\nEl bueno momento que pasa el comercio exterior se lo debe en mayor parte a la venta de minerales e hidrocarburos, as\u00ed como a los productos agr\u00edcolas por el alza del valor en el mercado internacional.<br \/>\n\u201cNuevamente estamos volviendo a retomar la posici\u00f3n que ten\u00edamos dentro de la regi\u00f3n, este a\u00f1o hemos vuelto a ascender, estamos en ese momento en el tercer lugar, y estamos seguros que si seguimos en este camino de reconstrucci\u00f3n econ\u00f3mica y productiva, si seguimos en este camino de la estabilidad y certidumbre, vamos a volver a liderar el crecimiento econ\u00f3mico de la regi\u00f3n, esas son muy buenas noticias\u201d, dijo en el programa \u201cLas 7 en el 7\u201d de Bolivia Tv.<\/p>\n<p>Datos<br \/>\nEn un art\u00edculo de John Baffes y Peter Nagle, economistas del Grupo de An\u00e1lisis de las Perspectivas de Desarrollo, titulado las Perspectivas de los mercados de los productos b\u00e1sicos en ocho gr\u00e1ficos, publicado en su blog del BM, se\u00f1alan que los precios del gas natural y del carb\u00f3n se han disparado en los \u00faltimos meses, y los precios al contado en Europa y Asia han llegado a m\u00e1ximos hist\u00f3ricos, impulsados por la recuperaci\u00f3n de la demanda y el estancamiento de la oferta.<br \/>\nTambi\u00e9n indican que despu\u00e9s de alcanzar un m\u00e1ximo hist\u00f3rico en julio, los precios del mineral de hierro han disminuido r\u00e1pidamente, impulsados por la reducci\u00f3n de la producci\u00f3n de acero en China con el fin de cumplir los objetivos de crecimiento cero para el a\u00f1o. Por el contrario, la mayor\u00eda de los precios de los metales b\u00e1sicos siguieron aumentando, impulsados por la recuperaci\u00f3n econ\u00f3mica mundial, mientras que la producci\u00f3n se ha visto afectada por la escasez de energ\u00eda y los confinamientos.<\/p>\n","protected":false},"excerpt":{"rendered":"<p>Si bien los organismos internacionales proyectan un crecimiento econ\u00f3mico para Bolivia de m\u00e1s de 5 % para este 2021, tambi\u00e9n se\u00f1alan que para el 2022 se iniciar\u00e1 una desaceleraci\u00f3n de la econom\u00eda nacional. El Banco Mundial (BM) y el Fondo Monetario Internacional (FMI) proyectan un crecimiento mayor a 5 % para la presente gesti\u00f3n, pero [&hellip;]<\/p>\n","protected":false},"author":1,"featured_media":40121,"comment_status":"closed","ping_status":"closed","sticky":false,"template":"","format":"standard","meta":{"_acf_changed":false,"footnotes":""},"categories":[3],"tags":[],"class_list":["post-40120","post","type-post","status-publish","format-standard","has-post-thumbnail","category-internacional"],"acf":{"antetitulo":""},"yoast_head":"<!-- This site is optimized with the Yoast SEO plugin v28.3 - https:\/\/yoast.com\/product\/yoast-seo-wordpress\/ -->\n<title>Bolivia liderar\u00e1 crecimiento econ\u00f3mico y luego ingresar\u00e1 a una desaceleraci\u00f3n - El Diario - Bolivia<\/title>\n<meta name=\"robots\" content=\"index, follow, max-snippet:-1, max-image-preview:large, max-video-preview:-1\" \/>\n<link rel=\"canonical\" href=\"https:\/\/www.eldiario.net\/portal\/2021\/11\/01\/bolivia-liderara-crecimiento-economico-y-luego-ingresara-a-una-desaceleracion\/\" \/>\n<meta property=\"og:locale\" content=\"es_ES\" \/>\n<meta property=\"og:type\" content=\"article\" \/>\n<meta property=\"og:title\" content=\"Bolivia liderar\u00e1 crecimiento econ\u00f3mico y luego ingresar\u00e1 a una desaceleraci\u00f3n - El Diario - Bolivia\" \/>\n<meta property=\"og:description\" content=\"Si bien los organismos internacionales proyectan un crecimiento econ\u00f3mico para Bolivia de m\u00e1s de 5 % para este 2021, tambi\u00e9n se\u00f1alan que para el 2022 se iniciar\u00e1 una desaceleraci\u00f3n de la econom\u00eda nacional. El Banco Mundial (BM) y el Fondo Monetario Internacional (FMI) proyectan un crecimiento mayor a 5 % para la presente gesti\u00f3n, pero [&hellip;]\" \/>\n<meta property=\"og:url\" content=\"https:\/\/www.eldiario.net\/portal\/2021\/11\/01\/bolivia-liderara-crecimiento-economico-y-luego-ingresara-a-una-desaceleracion\/\" \/>\n<meta property=\"og:site_name\" content=\"El Diario - Bolivia\" \/>\n<meta property=\"article:publisher\" content=\"https:\/\/www.facebook.com\/eldiario.bolivia\/\" \/>\n<meta property=\"article:published_time\" content=\"2021-11-01T09:20:24+00:00\" \/>\n<meta name=\"author\" content=\"Jeanette\" \/>\n<meta name=\"twitter:card\" content=\"summary_large_image\" \/>\n<meta name=\"twitter:creator\" content=\"@eldiario_net\" \/>\n<meta name=\"twitter:site\" content=\"@eldiario_net\" \/>\n<meta name=\"twitter:label1\" content=\"Escrito por\" \/>\n\t<meta name=\"twitter:data1\" content=\"Jeanette\" \/>\n\t<meta name=\"twitter:label2\" content=\"Tiempo de lectura\" \/>\n\t<meta name=\"twitter:data2\" content=\"3 minutos\" \/>\n<script type=\"application\/ld+json\" class=\"yoast-schema-graph\">{\"@context\":\"https:\\\/\\\/schema.org\",\"@graph\":[{\"@type\":\"Article\",\"@id\":\"https:\\\/\\\/www.eldiario.net\\\/portal\\\/2021\\\/11\\\/01\\\/bolivia-liderara-crecimiento-economico-y-luego-ingresara-a-una-desaceleracion\\\/#article\",\"isPartOf\":{\"@id\":\"https:\\\/\\\/www.eldiario.net\\\/portal\\\/2021\\\/11\\\/01\\\/bolivia-liderara-crecimiento-economico-y-luego-ingresara-a-una-desaceleracion\\\/\"},\"author\":{\"name\":\"Jeanette\",\"@id\":\"https:\\\/\\\/www.eldiario.net\\\/portal\\\/#\\\/schema\\\/person\\\/f46445640444750d7d753ccd04ae01b7\"},\"headline\":\"Bolivia liderar\u00e1 crecimiento econ\u00f3mico y luego ingresar\u00e1 a una desaceleraci\u00f3n\",\"datePublished\":\"2021-11-01T09:20:24+00:00\",\"mainEntityOfPage\":{\"@id\":\"https:\\\/\\\/www.eldiario.net\\\/portal\\\/2021\\\/11\\\/01\\\/bolivia-liderara-crecimiento-economico-y-luego-ingresara-a-una-desaceleracion\\\/\"},\"wordCount\":631,\"publisher\":{\"@id\":\"https:\\\/\\\/www.eldiario.net\\\/portal\\\/#organization\"},\"image\":{\"@id\":\"https:\\\/\\\/www.eldiario.net\\\/portal\\\/2021\\\/11\\\/01\\\/bolivia-liderara-crecimiento-economico-y-luego-ingresara-a-una-desaceleracion\\\/#primaryimage\"},\"thumbnailUrl\":\"\",\"articleSection\":[\"Internacional\"],\"inLanguage\":\"es\"},{\"@type\":\"WebPage\",\"@id\":\"https:\\\/\\\/www.eldiario.net\\\/portal\\\/2021\\\/11\\\/01\\\/bolivia-liderara-crecimiento-economico-y-luego-ingresara-a-una-desaceleracion\\\/\",\"url\":\"https:\\\/\\\/www.eldiario.net\\\/portal\\\/2021\\\/11\\\/01\\\/bolivia-liderara-crecimiento-economico-y-luego-ingresara-a-una-desaceleracion\\\/\",\"name\":\"Bolivia liderar\u00e1 crecimiento econ\u00f3mico y luego ingresar\u00e1 a una desaceleraci\u00f3n - El Diario - Bolivia\",\"isPartOf\":{\"@id\":\"https:\\\/\\\/www.eldiario.net\\\/portal\\\/#website\"},\"primaryImageOfPage\":{\"@id\":\"https:\\\/\\\/www.eldiario.net\\\/portal\\\/2021\\\/11\\\/01\\\/bolivia-liderara-crecimiento-economico-y-luego-ingresara-a-una-desaceleracion\\\/#primaryimage\"},\"image\":{\"@id\":\"https:\\\/\\\/www.eldiario.net\\\/portal\\\/2021\\\/11\\\/01\\\/bolivia-liderara-crecimiento-economico-y-luego-ingresara-a-una-desaceleracion\\\/#primaryimage\"},\"thumbnailUrl\":\"\",\"datePublished\":\"2021-11-01T09:20:24+00:00\",\"breadcrumb\":{\"@id\":\"https:\\\/\\\/www.eldiario.net\\\/portal\\\/2021\\\/11\\\/01\\\/bolivia-liderara-crecimiento-economico-y-luego-ingresara-a-una-desaceleracion\\\/#breadcrumb\"},\"inLanguage\":\"es\",\"potentialAction\":[{\"@type\":\"ReadAction\",\"target\":[\"https:\\\/\\\/www.eldiario.net\\\/portal\\\/2021\\\/11\\\/01\\\/bolivia-liderara-crecimiento-economico-y-luego-ingresara-a-una-desaceleracion\\\/\"]}]},{\"@type\":\"ImageObject\",\"inLanguage\":\"es\",\"@id\":\"https:\\\/\\\/www.eldiario.net\\\/portal\\\/2021\\\/11\\\/01\\\/bolivia-liderara-crecimiento-economico-y-luego-ingresara-a-una-desaceleracion\\\/#primaryimage\",\"url\":\"\",\"contentUrl\":\"\"},{\"@type\":\"BreadcrumbList\",\"@id\":\"https:\\\/\\\/www.eldiario.net\\\/portal\\\/2021\\\/11\\\/01\\\/bolivia-liderara-crecimiento-economico-y-luego-ingresara-a-una-desaceleracion\\\/#breadcrumb\",\"itemListElement\":[{\"@type\":\"ListItem\",\"position\":1,\"name\":\"Portada\",\"item\":\"https:\\\/\\\/www.eldiario.net\\\/portal\\\/\"},{\"@type\":\"ListItem\",\"position\":2,\"name\":\"Bolivia liderar\u00e1 crecimiento econ\u00f3mico y luego ingresar\u00e1 a una desaceleraci\u00f3n\"}]},{\"@type\":\"WebSite\",\"@id\":\"https:\\\/\\\/www.eldiario.net\\\/portal\\\/#website\",\"url\":\"https:\\\/\\\/www.eldiario.net\\\/portal\\\/\",\"name\":\"El Diario - Decano de la prensa nacional\",\"description\":\"El Diario - Decano de la prensa nacional\",\"publisher\":{\"@id\":\"https:\\\/\\\/www.eldiario.net\\\/portal\\\/#organization\"},\"potentialAction\":[{\"@type\":\"SearchAction\",\"target\":{\"@type\":\"EntryPoint\",\"urlTemplate\":\"https:\\\/\\\/www.eldiario.net\\\/portal\\\/?s={search_term_string}\"},\"query-input\":{\"@type\":\"PropertyValueSpecification\",\"valueRequired\":true,\"valueName\":\"search_term_string\"}}],\"inLanguage\":\"es\"},{\"@type\":\"Organization\",\"@id\":\"https:\\\/\\\/www.eldiario.net\\\/portal\\\/#organization\",\"name\":\"El Diario - Decano de la prensa nacional\",\"url\":\"https:\\\/\\\/www.eldiario.net\\\/portal\\\/\",\"logo\":{\"@type\":\"ImageObject\",\"inLanguage\":\"es\",\"@id\":\"https:\\\/\\\/www.eldiario.net\\\/portal\\\/#\\\/schema\\\/logo\\\/image\\\/\",\"url\":\"https:\\\/\\\/www.eldiario.net\\\/portal\\\/wp-content\\\/uploads\\\/2023\\\/07\\\/logo_ED.jpg\",\"contentUrl\":\"https:\\\/\\\/www.eldiario.net\\\/portal\\\/wp-content\\\/uploads\\\/2023\\\/07\\\/logo_ED.jpg\",\"width\":272,\"height\":52,\"caption\":\"El Diario - Decano de la prensa nacional\"},\"image\":{\"@id\":\"https:\\\/\\\/www.eldiario.net\\\/portal\\\/#\\\/schema\\\/logo\\\/image\\\/\"},\"sameAs\":[\"https:\\\/\\\/www.facebook.com\\\/eldiario.bolivia\\\/\",\"https:\\\/\\\/x.com\\\/eldiario_net\"]},{\"@type\":\"Person\",\"@id\":\"https:\\\/\\\/www.eldiario.net\\\/portal\\\/#\\\/schema\\\/person\\\/f46445640444750d7d753ccd04ae01b7\",\"name\":\"Jeanette\",\"image\":{\"@type\":\"ImageObject\",\"inLanguage\":\"es\",\"@id\":\"https:\\\/\\\/secure.gravatar.com\\\/avatar\\\/3ea2118a5f7dad2b7138b1187a6b7ee55f160b9968b66013c3a3ef39dd7e5798?s=96&d=mm&r=g\",\"url\":\"https:\\\/\\\/secure.gravatar.com\\\/avatar\\\/3ea2118a5f7dad2b7138b1187a6b7ee55f160b9968b66013c3a3ef39dd7e5798?s=96&d=mm&r=g\",\"contentUrl\":\"https:\\\/\\\/secure.gravatar.com\\\/avatar\\\/3ea2118a5f7dad2b7138b1187a6b7ee55f160b9968b66013c3a3ef39dd7e5798?s=96&d=mm&r=g\",\"caption\":\"Jeanette\"},\"sameAs\":[\"https:\\\/\\\/www.eldiario.net\\\/portal\"],\"url\":\"https:\\\/\\\/www.eldiario.net\\\/portal\\\/author\\\/jeanette\\\/\"}]}<\/script>\n<!-- \/ Yoast SEO plugin. -->","yoast_head_json":{"title":"Bolivia liderar\u00e1 crecimiento econ\u00f3mico y luego ingresar\u00e1 a una desaceleraci\u00f3n - El Diario - Bolivia","robots":{"index":"index","follow":"follow","max-snippet":"max-snippet:-1","max-image-preview":"max-image-preview:large","max-video-preview":"max-video-preview:-1"},"canonical":"https:\/\/www.eldiario.net\/portal\/2021\/11\/01\/bolivia-liderara-crecimiento-economico-y-luego-ingresara-a-una-desaceleracion\/","og_locale":"es_ES","og_type":"article","og_title":"Bolivia liderar\u00e1 crecimiento econ\u00f3mico y luego ingresar\u00e1 a una desaceleraci\u00f3n - El Diario - Bolivia","og_description":"Si bien los organismos internacionales proyectan un crecimiento econ\u00f3mico para Bolivia de m\u00e1s de 5 % para este 2021, tambi\u00e9n se\u00f1alan que para el 2022 se iniciar\u00e1 una desaceleraci\u00f3n de la econom\u00eda nacional. El Banco Mundial (BM) y el Fondo Monetario Internacional (FMI) proyectan un crecimiento mayor a 5 % para la presente gesti\u00f3n, pero [&hellip;]","og_url":"https:\/\/www.eldiario.net\/portal\/2021\/11\/01\/bolivia-liderara-crecimiento-economico-y-luego-ingresara-a-una-desaceleracion\/","og_site_name":"El Diario - Bolivia","article_publisher":"https:\/\/www.facebook.com\/eldiario.bolivia\/","article_published_time":"2021-11-01T09:20:24+00:00","author":"Jeanette","twitter_card":"summary_large_image","twitter_creator":"@eldiario_net","twitter_site":"@eldiario_net","twitter_misc":{"Escrito por":"Jeanette","Tiempo de lectura":"3 minutos"},"schema":{"@context":"https:\/\/schema.org","@graph":[{"@type":"Article","@id":"https:\/\/www.eldiario.net\/portal\/2021\/11\/01\/bolivia-liderara-crecimiento-economico-y-luego-ingresara-a-una-desaceleracion\/#article","isPartOf":{"@id":"https:\/\/www.eldiario.net\/portal\/2021\/11\/01\/bolivia-liderara-crecimiento-economico-y-luego-ingresara-a-una-desaceleracion\/"},"author":{"name":"Jeanette","@id":"https:\/\/www.eldiario.net\/portal\/#\/schema\/person\/f46445640444750d7d753ccd04ae01b7"},"headline":"Bolivia liderar\u00e1 crecimiento econ\u00f3mico y luego ingresar\u00e1 a una desaceleraci\u00f3n","datePublished":"2021-11-01T09:20:24+00:00","mainEntityOfPage":{"@id":"https:\/\/www.eldiario.net\/portal\/2021\/11\/01\/bolivia-liderara-crecimiento-economico-y-luego-ingresara-a-una-desaceleracion\/"},"wordCount":631,"publisher":{"@id":"https:\/\/www.eldiario.net\/portal\/#organization"},"image":{"@id":"https:\/\/www.eldiario.net\/portal\/2021\/11\/01\/bolivia-liderara-crecimiento-economico-y-luego-ingresara-a-una-desaceleracion\/#primaryimage"},"thumbnailUrl":"","articleSection":["Internacional"],"inLanguage":"es"},{"@type":"WebPage","@id":"https:\/\/www.eldiario.net\/portal\/2021\/11\/01\/bolivia-liderara-crecimiento-economico-y-luego-ingresara-a-una-desaceleracion\/","url":"https:\/\/www.eldiario.net\/portal\/2021\/11\/01\/bolivia-liderara-crecimiento-economico-y-luego-ingresara-a-una-desaceleracion\/","name":"Bolivia liderar\u00e1 crecimiento econ\u00f3mico y luego ingresar\u00e1 a una desaceleraci\u00f3n - El Diario - Bolivia","isPartOf":{"@id":"https:\/\/www.eldiario.net\/portal\/#website"},"primaryImageOfPage":{"@id":"https:\/\/www.eldiario.net\/portal\/2021\/11\/01\/bolivia-liderara-crecimiento-economico-y-luego-ingresara-a-una-desaceleracion\/#primaryimage"},"image":{"@id":"https:\/\/www.eldiario.net\/portal\/2021\/11\/01\/bolivia-liderara-crecimiento-economico-y-luego-ingresara-a-una-desaceleracion\/#primaryimage"},"thumbnailUrl":"","datePublished":"2021-11-01T09:20:24+00:00","breadcrumb":{"@id":"https:\/\/www.eldiario.net\/portal\/2021\/11\/01\/bolivia-liderara-crecimiento-economico-y-luego-ingresara-a-una-desaceleracion\/#breadcrumb"},"inLanguage":"es","potentialAction":[{"@type":"ReadAction","target":["https:\/\/www.eldiario.net\/portal\/2021\/11\/01\/bolivia-liderara-crecimiento-economico-y-luego-ingresara-a-una-desaceleracion\/"]}]},{"@type":"ImageObject","inLanguage":"es","@id":"https:\/\/www.eldiario.net\/portal\/2021\/11\/01\/bolivia-liderara-crecimiento-economico-y-luego-ingresara-a-una-desaceleracion\/#primaryimage","url":"","contentUrl":""},{"@type":"BreadcrumbList","@id":"https:\/\/www.eldiario.net\/portal\/2021\/11\/01\/bolivia-liderara-crecimiento-economico-y-luego-ingresara-a-una-desaceleracion\/#breadcrumb","itemListElement":[{"@type":"ListItem","position":1,"name":"Portada","item":"https:\/\/www.eldiario.net\/portal\/"},{"@type":"ListItem","position":2,"name":"Bolivia liderar\u00e1 crecimiento econ\u00f3mico y luego ingresar\u00e1 a una desaceleraci\u00f3n"}]},{"@type":"WebSite","@id":"https:\/\/www.eldiario.net\/portal\/#website","url":"https:\/\/www.eldiario.net\/portal\/","name":"El Diario - Decano de la prensa nacional","description":"El Diario - Decano de la prensa nacional","publisher":{"@id":"https:\/\/www.eldiario.net\/portal\/#organization"},"potentialAction":[{"@type":"SearchAction","target":{"@type":"EntryPoint","urlTemplate":"https:\/\/www.eldiario.net\/portal\/?s={search_term_string}"},"query-input":{"@type":"PropertyValueSpecification","valueRequired":true,"valueName":"search_term_string"}}],"inLanguage":"es"},{"@type":"Organization","@id":"https:\/\/www.eldiario.net\/portal\/#organization","name":"El Diario - Decano de la prensa nacional","url":"https:\/\/www.eldiario.net\/portal\/","logo":{"@type":"ImageObject","inLanguage":"es","@id":"https:\/\/www.eldiario.net\/portal\/#\/schema\/logo\/image\/","url":"https:\/\/www.eldiario.net\/portal\/wp-content\/uploads\/2023\/07\/logo_ED.jpg","contentUrl":"https:\/\/www.eldiario.net\/portal\/wp-content\/uploads\/2023\/07\/logo_ED.jpg","width":272,"height":52,"caption":"El Diario - Decano de la prensa nacional"},"image":{"@id":"https:\/\/www.eldiario.net\/portal\/#\/schema\/logo\/image\/"},"sameAs":["https:\/\/www.facebook.com\/eldiario.bolivia\/","https:\/\/x.com\/eldiario_net"]},{"@type":"Person","@id":"https:\/\/www.eldiario.net\/portal\/#\/schema\/person\/f46445640444750d7d753ccd04ae01b7","name":"Jeanette","image":{"@type":"ImageObject","inLanguage":"es","@id":"https:\/\/secure.gravatar.com\/avatar\/3ea2118a5f7dad2b7138b1187a6b7ee55f160b9968b66013c3a3ef39dd7e5798?s=96&d=mm&r=g","url":"https:\/\/secure.gravatar.com\/avatar\/3ea2118a5f7dad2b7138b1187a6b7ee55f160b9968b66013c3a3ef39dd7e5798?s=96&d=mm&r=g","contentUrl":"https:\/\/secure.gravatar.com\/avatar\/3ea2118a5f7dad2b7138b1187a6b7ee55f160b9968b66013c3a3ef39dd7e5798?s=96&d=mm&r=g","caption":"Jeanette"},"sameAs":["https:\/\/www.eldiario.net\/portal"],"url":"https:\/\/www.eldiario.net\/portal\/author\/jeanette\/"}]}},"_links":{"self":[{"href":"https:\/\/www.eldiario.net\/portal\/wp-json\/wp\/v2\/posts\/40120","targetHints":{"allow":["GET"]}}],"collection":[{"href":"https:\/\/www.eldiario.net\/portal\/wp-json\/wp\/v2\/posts"}],"about":[{"href":"https:\/\/www.eldiario.net\/portal\/wp-json\/wp\/v2\/types\/post"}],"author":[{"embeddable":true,"href":"https:\/\/www.eldiario.net\/portal\/wp-json\/wp\/v2\/users\/1"}],"replies":[{"embeddable":true,"href":"https:\/\/www.eldiario.net\/portal\/wp-json\/wp\/v2\/comments?post=40120"}],"version-history":[{"count":0,"href":"https:\/\/www.eldiario.net\/portal\/wp-json\/wp\/v2\/posts\/40120\/revisions"}],"wp:attachment":[{"href":"https:\/\/www.eldiario.net\/portal\/wp-json\/wp\/v2\/media?parent=40120"}],"wp:term":[{"taxonomy":"category","embeddable":true,"href":"https:\/\/www.eldiario.net\/portal\/wp-json\/wp\/v2\/categories?post=40120"},{"taxonomy":"post_tag","embeddable":true,"href":"https:\/\/www.eldiario.net\/portal\/wp-json\/wp\/v2\/tags?post=40120"}],"curies":[{"name":"wp","href":"https:\/\/api.w.org\/{rel}","templated":true}]}}