{"id":40114,"date":"2021-11-01T05:18:19","date_gmt":"2021-11-01T09:18:19","guid":{"rendered":"https:\/\/www.eldiario.net\/portal\/?p=40114"},"modified":"2021-11-01T05:18:19","modified_gmt":"2021-11-01T09:18:19","slug":"programan-para-hoy-segunda-audiencia-de-empresario-saab","status":"publish","type":"post","link":"https:\/\/www.eldiario.net\/portal\/2021\/11\/01\/programan-para-hoy-segunda-audiencia-de-empresario-saab\/","title":{"rendered":"Programan para hoy segunda audiencia de empresario Saab"},"content":{"rendered":"<p>Washington.- El empresario colombo-venezolano Alex Saab, ligado al Gobierno de Nicol\u00e1s Maduro en Venezuela y acusado de delitos de lavado de dinero en Estados Unidos, tiene fijada para hoy su segunda cita con la justicia estadounidense en Miami. Seg\u00fan su abogado se va a declarar no culpable.<br \/>\nEl abogado Henry Bell confirm\u00f3 a agencia EFE que Saab, de 49 a\u00f1os de edad, extraditado el 16 de octubre desde Cabo Verde, no va a admitir su culpabilidad, algo que le hubiera permitido evitar un juicio p\u00fablico.<br \/>\nDeclararse culpables es el paso que normalmente dan los acusados que llegan a acuerdos de colaboraci\u00f3n con la Fiscal\u00eda con vistas a lograr penas m\u00e1s suaves si son condenados.<br \/>\nLa Fiscal\u00eda ya adelant\u00f3 en la primera audiencia su posici\u00f3n contraria a que se le conceda libertad bajo fianza con el argumento de que existe riesgo de fuga.<br \/>\nBell no desminti\u00f3 ni confirm\u00f3 que la defensa vaya a solicitar esa medida en la segunda audiencia, pero en cualquier caso es una decisi\u00f3n que le corresponde tomar al juez del caso, Robert N. Scola.<br \/>\nSaab est\u00e1 acusado de siete cargos de lavado de dinero y uno m\u00e1s de conspiraci\u00f3n para cometer ese delito.<br \/>\nDesde mayo de 2019, m\u00e1s de un a\u00f1o antes de su captura en Cabo Verde en raz\u00f3n de una orden dictada a trav\u00e9s de Interpol, el empresario nacido en Barranquilla (Colombia) est\u00e1 sujeto a sanciones de la Oficina de Control de Activos Extranjeros (OFAC) del Departamento del Tesoro de Estados Unidos.<br \/>\nLos fiscales consideran que lav\u00f3 m\u00e1s de 350 millones de d\u00f3lares para pagar corruptelas del presidente venezolano a trav\u00e9s del sistema financiero estadounidense.<\/p>\n<p>PRIMERA AUDIENCIA<br \/>\nLa primera audiencia tuvo lugar el 18 de octubre ante el juez John O\u2019Sullivan en medio de una gran expectaci\u00f3n, tanto que hubo momentos en que lleg\u00f3 a haber 350 personas conectadas a la sesi\u00f3n de Zoom, la mayor\u00eda periodistas.<br \/>\nSaab compareci\u00f3 virtualmente desde la c\u00e1rcel donde est\u00e1 recluido desde su llegada a Estados Unidos y hubo medios que infringieron la Regla 53, que proh\u00edbe publicar las im\u00e1genes de las audiencias, por lo que la imagen de Saab con el uniforme color naranja de reo y el pelo largo y suelto fue reproducida masivamente.<br \/>\nLos abogados de Saab reclamaron al tribunal que en lo sucesivo tomen \u00ablas medidas razonables para prevenir nuevas violaciones de la Regla 53\u00bb e hicieron algunas sugerencias al respecto.<br \/>\nEl juez Scola demand\u00f3 a la Fiscal\u00eda que diera a conocer su parecer sobre este punto antes de anunciar c\u00f3mo proceder\u00e1, pero por ahora no ha habido anuncios.<br \/>\nPreguntado por la agencia EFE, el abogado Bell dijo que \u00abno puede hablar en nombre del tribunal sobre c\u00f3mo abordar\u00e1 ahora la publicaci\u00f3n ilegal de las im\u00e1genes de Saab\u00bb.<br \/>\nEl Gobierno de Venezuela, que afirma que Saab ten\u00eda inmunidad diplom\u00e1tica cuando fue detenido en Cabo Verde, mostr\u00f3 su rechazo a la extradici\u00f3n suspendiendo unilateralmente el di\u00e1logo que llevaba a cabo con la oposici\u00f3n en M\u00e9xico.<br \/>\nPreviamente, Saab hab\u00eda sido nombrado en ausencia representante del Gobierno en esas conversaciones.<br \/>\nMientras el exilio venezolano en Estados Unidos conf\u00eda en que Saab colabore con la justicia de Estados Unidos y ponga as\u00ed en evidencia a Maduro, desde Caracas portavoces oficiales y la esposa del empresario insisten en que no se va \u201cdoblega\u201d.<br \/>\nEl Gobierno del presidente dem\u00f3crata Joe Biden ha mantenido la decisi\u00f3n tomada durante la presidencia de Donald Trump (2017-2021) de desconocer al mandatario venezolano, Nicol\u00e1s Maduro, como presidente y ha corroborado el reconocimiento al opositor Juan Guaid\u00f3 como presidente interino.<br \/>\nTampoco ha modificado la presentaci\u00f3n de cargos por narcoterrorismo contra el presidente venezolano hecha en 2020, ni la oferta de 15 millones de d\u00f3lares por cualquier informaci\u00f3n que lleve a su captura. (El Nacional)<\/p>\n","protected":false},"excerpt":{"rendered":"<p>Washington.- El empresario colombo-venezolano Alex Saab, ligado al Gobierno de Nicol\u00e1s Maduro en Venezuela y acusado de delitos de lavado de dinero en Estados Unidos, tiene fijada para hoy su segunda cita con la justicia estadounidense en Miami. Seg\u00fan su abogado se va a declarar no culpable. El abogado Henry Bell confirm\u00f3 a agencia EFE [&hellip;]<\/p>\n","protected":false},"author":1,"featured_media":40115,"comment_status":"closed","ping_status":"closed","sticky":false,"template":"","format":"standard","meta":{"_acf_changed":false,"footnotes":""},"categories":[3],"tags":[],"class_list":["post-40114","post","type-post","status-publish","format-standard","has-post-thumbnail","category-internacional"],"acf":{"antetitulo":""},"yoast_head":"<!-- This site is optimized with the Yoast SEO plugin v28.3 - https:\/\/yoast.com\/product\/yoast-seo-wordpress\/ -->\n<title>Programan para hoy segunda audiencia de empresario Saab - El Diario - Bolivia<\/title>\n<meta name=\"robots\" content=\"index, follow, max-snippet:-1, max-image-preview:large, max-video-preview:-1\" \/>\n<link rel=\"canonical\" href=\"https:\/\/www.eldiario.net\/portal\/2021\/11\/01\/programan-para-hoy-segunda-audiencia-de-empresario-saab\/\" \/>\n<meta property=\"og:locale\" content=\"es_ES\" \/>\n<meta property=\"og:type\" content=\"article\" \/>\n<meta property=\"og:title\" content=\"Programan para hoy segunda audiencia de empresario Saab - El Diario - Bolivia\" \/>\n<meta property=\"og:description\" content=\"Washington.- El empresario colombo-venezolano Alex Saab, ligado al Gobierno de Nicol\u00e1s Maduro en Venezuela y acusado de delitos de lavado de dinero en Estados Unidos, tiene fijada para hoy su segunda cita con la justicia estadounidense en Miami. Seg\u00fan su abogado se va a declarar no culpable. El abogado Henry Bell confirm\u00f3 a agencia EFE [&hellip;]\" \/>\n<meta property=\"og:url\" content=\"https:\/\/www.eldiario.net\/portal\/2021\/11\/01\/programan-para-hoy-segunda-audiencia-de-empresario-saab\/\" \/>\n<meta property=\"og:site_name\" content=\"El Diario - Bolivia\" \/>\n<meta property=\"article:publisher\" content=\"https:\/\/www.facebook.com\/eldiario.bolivia\/\" \/>\n<meta property=\"article:published_time\" content=\"2021-11-01T09:18:19+00:00\" \/>\n<meta name=\"author\" content=\"Jeanette\" \/>\n<meta name=\"twitter:card\" content=\"summary_large_image\" \/>\n<meta name=\"twitter:creator\" content=\"@eldiario_net\" \/>\n<meta name=\"twitter:site\" content=\"@eldiario_net\" \/>\n<meta name=\"twitter:label1\" content=\"Escrito por\" \/>\n\t<meta name=\"twitter:data1\" content=\"Jeanette\" \/>\n\t<meta name=\"twitter:label2\" content=\"Tiempo de lectura\" \/>\n\t<meta name=\"twitter:data2\" content=\"3 minutos\" \/>\n<script type=\"application\/ld+json\" class=\"yoast-schema-graph\">{\"@context\":\"https:\\\/\\\/schema.org\",\"@graph\":[{\"@type\":\"Article\",\"@id\":\"https:\\\/\\\/www.eldiario.net\\\/portal\\\/2021\\\/11\\\/01\\\/programan-para-hoy-segunda-audiencia-de-empresario-saab\\\/#article\",\"isPartOf\":{\"@id\":\"https:\\\/\\\/www.eldiario.net\\\/portal\\\/2021\\\/11\\\/01\\\/programan-para-hoy-segunda-audiencia-de-empresario-saab\\\/\"},\"author\":{\"name\":\"Jeanette\",\"@id\":\"https:\\\/\\\/www.eldiario.net\\\/portal\\\/#\\\/schema\\\/person\\\/f46445640444750d7d753ccd04ae01b7\"},\"headline\":\"Programan para hoy segunda audiencia de empresario Saab\",\"datePublished\":\"2021-11-01T09:18:19+00:00\",\"mainEntityOfPage\":{\"@id\":\"https:\\\/\\\/www.eldiario.net\\\/portal\\\/2021\\\/11\\\/01\\\/programan-para-hoy-segunda-audiencia-de-empresario-saab\\\/\"},\"wordCount\":660,\"publisher\":{\"@id\":\"https:\\\/\\\/www.eldiario.net\\\/portal\\\/#organization\"},\"image\":{\"@id\":\"https:\\\/\\\/www.eldiario.net\\\/portal\\\/2021\\\/11\\\/01\\\/programan-para-hoy-segunda-audiencia-de-empresario-saab\\\/#primaryimage\"},\"thumbnailUrl\":\"\",\"articleSection\":[\"Internacional\"],\"inLanguage\":\"es\"},{\"@type\":\"WebPage\",\"@id\":\"https:\\\/\\\/www.eldiario.net\\\/portal\\\/2021\\\/11\\\/01\\\/programan-para-hoy-segunda-audiencia-de-empresario-saab\\\/\",\"url\":\"https:\\\/\\\/www.eldiario.net\\\/portal\\\/2021\\\/11\\\/01\\\/programan-para-hoy-segunda-audiencia-de-empresario-saab\\\/\",\"name\":\"Programan para hoy segunda audiencia de empresario Saab - El Diario - Bolivia\",\"isPartOf\":{\"@id\":\"https:\\\/\\\/www.eldiario.net\\\/portal\\\/#website\"},\"primaryImageOfPage\":{\"@id\":\"https:\\\/\\\/www.eldiario.net\\\/portal\\\/2021\\\/11\\\/01\\\/programan-para-hoy-segunda-audiencia-de-empresario-saab\\\/#primaryimage\"},\"image\":{\"@id\":\"https:\\\/\\\/www.eldiario.net\\\/portal\\\/2021\\\/11\\\/01\\\/programan-para-hoy-segunda-audiencia-de-empresario-saab\\\/#primaryimage\"},\"thumbnailUrl\":\"\",\"datePublished\":\"2021-11-01T09:18:19+00:00\",\"breadcrumb\":{\"@id\":\"https:\\\/\\\/www.eldiario.net\\\/portal\\\/2021\\\/11\\\/01\\\/programan-para-hoy-segunda-audiencia-de-empresario-saab\\\/#breadcrumb\"},\"inLanguage\":\"es\",\"potentialAction\":[{\"@type\":\"ReadAction\",\"target\":[\"https:\\\/\\\/www.eldiario.net\\\/portal\\\/2021\\\/11\\\/01\\\/programan-para-hoy-segunda-audiencia-de-empresario-saab\\\/\"]}]},{\"@type\":\"ImageObject\",\"inLanguage\":\"es\",\"@id\":\"https:\\\/\\\/www.eldiario.net\\\/portal\\\/2021\\\/11\\\/01\\\/programan-para-hoy-segunda-audiencia-de-empresario-saab\\\/#primaryimage\",\"url\":\"\",\"contentUrl\":\"\"},{\"@type\":\"BreadcrumbList\",\"@id\":\"https:\\\/\\\/www.eldiario.net\\\/portal\\\/2021\\\/11\\\/01\\\/programan-para-hoy-segunda-audiencia-de-empresario-saab\\\/#breadcrumb\",\"itemListElement\":[{\"@type\":\"ListItem\",\"position\":1,\"name\":\"Portada\",\"item\":\"https:\\\/\\\/www.eldiario.net\\\/portal\\\/\"},{\"@type\":\"ListItem\",\"position\":2,\"name\":\"Programan para hoy segunda audiencia de empresario Saab\"}]},{\"@type\":\"WebSite\",\"@id\":\"https:\\\/\\\/www.eldiario.net\\\/portal\\\/#website\",\"url\":\"https:\\\/\\\/www.eldiario.net\\\/portal\\\/\",\"name\":\"El Diario - Decano de la prensa nacional\",\"description\":\"El Diario - Decano de la prensa nacional\",\"publisher\":{\"@id\":\"https:\\\/\\\/www.eldiario.net\\\/portal\\\/#organization\"},\"potentialAction\":[{\"@type\":\"SearchAction\",\"target\":{\"@type\":\"EntryPoint\",\"urlTemplate\":\"https:\\\/\\\/www.eldiario.net\\\/portal\\\/?s={search_term_string}\"},\"query-input\":{\"@type\":\"PropertyValueSpecification\",\"valueRequired\":true,\"valueName\":\"search_term_string\"}}],\"inLanguage\":\"es\"},{\"@type\":\"Organization\",\"@id\":\"https:\\\/\\\/www.eldiario.net\\\/portal\\\/#organization\",\"name\":\"El Diario - Decano de la prensa nacional\",\"url\":\"https:\\\/\\\/www.eldiario.net\\\/portal\\\/\",\"logo\":{\"@type\":\"ImageObject\",\"inLanguage\":\"es\",\"@id\":\"https:\\\/\\\/www.eldiario.net\\\/portal\\\/#\\\/schema\\\/logo\\\/image\\\/\",\"url\":\"https:\\\/\\\/www.eldiario.net\\\/portal\\\/wp-content\\\/uploads\\\/2023\\\/07\\\/logo_ED.jpg\",\"contentUrl\":\"https:\\\/\\\/www.eldiario.net\\\/portal\\\/wp-content\\\/uploads\\\/2023\\\/07\\\/logo_ED.jpg\",\"width\":272,\"height\":52,\"caption\":\"El Diario - Decano de la prensa nacional\"},\"image\":{\"@id\":\"https:\\\/\\\/www.eldiario.net\\\/portal\\\/#\\\/schema\\\/logo\\\/image\\\/\"},\"sameAs\":[\"https:\\\/\\\/www.facebook.com\\\/eldiario.bolivia\\\/\",\"https:\\\/\\\/x.com\\\/eldiario_net\"]},{\"@type\":\"Person\",\"@id\":\"https:\\\/\\\/www.eldiario.net\\\/portal\\\/#\\\/schema\\\/person\\\/f46445640444750d7d753ccd04ae01b7\",\"name\":\"Jeanette\",\"image\":{\"@type\":\"ImageObject\",\"inLanguage\":\"es\",\"@id\":\"https:\\\/\\\/secure.gravatar.com\\\/avatar\\\/3ea2118a5f7dad2b7138b1187a6b7ee55f160b9968b66013c3a3ef39dd7e5798?s=96&d=mm&r=g\",\"url\":\"https:\\\/\\\/secure.gravatar.com\\\/avatar\\\/3ea2118a5f7dad2b7138b1187a6b7ee55f160b9968b66013c3a3ef39dd7e5798?s=96&d=mm&r=g\",\"contentUrl\":\"https:\\\/\\\/secure.gravatar.com\\\/avatar\\\/3ea2118a5f7dad2b7138b1187a6b7ee55f160b9968b66013c3a3ef39dd7e5798?s=96&d=mm&r=g\",\"caption\":\"Jeanette\"},\"sameAs\":[\"https:\\\/\\\/www.eldiario.net\\\/portal\"],\"url\":\"https:\\\/\\\/www.eldiario.net\\\/portal\\\/author\\\/jeanette\\\/\"}]}<\/script>\n<!-- \/ Yoast SEO plugin. -->","yoast_head_json":{"title":"Programan para hoy segunda audiencia de empresario Saab - El Diario - Bolivia","robots":{"index":"index","follow":"follow","max-snippet":"max-snippet:-1","max-image-preview":"max-image-preview:large","max-video-preview":"max-video-preview:-1"},"canonical":"https:\/\/www.eldiario.net\/portal\/2021\/11\/01\/programan-para-hoy-segunda-audiencia-de-empresario-saab\/","og_locale":"es_ES","og_type":"article","og_title":"Programan para hoy segunda audiencia de empresario Saab - El Diario - Bolivia","og_description":"Washington.- El empresario colombo-venezolano Alex Saab, ligado al Gobierno de Nicol\u00e1s Maduro en Venezuela y acusado de delitos de lavado de dinero en Estados Unidos, tiene fijada para hoy su segunda cita con la justicia estadounidense en Miami. Seg\u00fan su abogado se va a declarar no culpable. El abogado Henry Bell confirm\u00f3 a agencia EFE [&hellip;]","og_url":"https:\/\/www.eldiario.net\/portal\/2021\/11\/01\/programan-para-hoy-segunda-audiencia-de-empresario-saab\/","og_site_name":"El Diario - Bolivia","article_publisher":"https:\/\/www.facebook.com\/eldiario.bolivia\/","article_published_time":"2021-11-01T09:18:19+00:00","author":"Jeanette","twitter_card":"summary_large_image","twitter_creator":"@eldiario_net","twitter_site":"@eldiario_net","twitter_misc":{"Escrito por":"Jeanette","Tiempo de lectura":"3 minutos"},"schema":{"@context":"https:\/\/schema.org","@graph":[{"@type":"Article","@id":"https:\/\/www.eldiario.net\/portal\/2021\/11\/01\/programan-para-hoy-segunda-audiencia-de-empresario-saab\/#article","isPartOf":{"@id":"https:\/\/www.eldiario.net\/portal\/2021\/11\/01\/programan-para-hoy-segunda-audiencia-de-empresario-saab\/"},"author":{"name":"Jeanette","@id":"https:\/\/www.eldiario.net\/portal\/#\/schema\/person\/f46445640444750d7d753ccd04ae01b7"},"headline":"Programan para hoy segunda audiencia de empresario Saab","datePublished":"2021-11-01T09:18:19+00:00","mainEntityOfPage":{"@id":"https:\/\/www.eldiario.net\/portal\/2021\/11\/01\/programan-para-hoy-segunda-audiencia-de-empresario-saab\/"},"wordCount":660,"publisher":{"@id":"https:\/\/www.eldiario.net\/portal\/#organization"},"image":{"@id":"https:\/\/www.eldiario.net\/portal\/2021\/11\/01\/programan-para-hoy-segunda-audiencia-de-empresario-saab\/#primaryimage"},"thumbnailUrl":"","articleSection":["Internacional"],"inLanguage":"es"},{"@type":"WebPage","@id":"https:\/\/www.eldiario.net\/portal\/2021\/11\/01\/programan-para-hoy-segunda-audiencia-de-empresario-saab\/","url":"https:\/\/www.eldiario.net\/portal\/2021\/11\/01\/programan-para-hoy-segunda-audiencia-de-empresario-saab\/","name":"Programan para hoy segunda audiencia de empresario Saab - El Diario - Bolivia","isPartOf":{"@id":"https:\/\/www.eldiario.net\/portal\/#website"},"primaryImageOfPage":{"@id":"https:\/\/www.eldiario.net\/portal\/2021\/11\/01\/programan-para-hoy-segunda-audiencia-de-empresario-saab\/#primaryimage"},"image":{"@id":"https:\/\/www.eldiario.net\/portal\/2021\/11\/01\/programan-para-hoy-segunda-audiencia-de-empresario-saab\/#primaryimage"},"thumbnailUrl":"","datePublished":"2021-11-01T09:18:19+00:00","breadcrumb":{"@id":"https:\/\/www.eldiario.net\/portal\/2021\/11\/01\/programan-para-hoy-segunda-audiencia-de-empresario-saab\/#breadcrumb"},"inLanguage":"es","potentialAction":[{"@type":"ReadAction","target":["https:\/\/www.eldiario.net\/portal\/2021\/11\/01\/programan-para-hoy-segunda-audiencia-de-empresario-saab\/"]}]},{"@type":"ImageObject","inLanguage":"es","@id":"https:\/\/www.eldiario.net\/portal\/2021\/11\/01\/programan-para-hoy-segunda-audiencia-de-empresario-saab\/#primaryimage","url":"","contentUrl":""},{"@type":"BreadcrumbList","@id":"https:\/\/www.eldiario.net\/portal\/2021\/11\/01\/programan-para-hoy-segunda-audiencia-de-empresario-saab\/#breadcrumb","itemListElement":[{"@type":"ListItem","position":1,"name":"Portada","item":"https:\/\/www.eldiario.net\/portal\/"},{"@type":"ListItem","position":2,"name":"Programan para hoy segunda audiencia de empresario Saab"}]},{"@type":"WebSite","@id":"https:\/\/www.eldiario.net\/portal\/#website","url":"https:\/\/www.eldiario.net\/portal\/","name":"El Diario - Decano de la prensa nacional","description":"El Diario - Decano de la prensa nacional","publisher":{"@id":"https:\/\/www.eldiario.net\/portal\/#organization"},"potentialAction":[{"@type":"SearchAction","target":{"@type":"EntryPoint","urlTemplate":"https:\/\/www.eldiario.net\/portal\/?s={search_term_string}"},"query-input":{"@type":"PropertyValueSpecification","valueRequired":true,"valueName":"search_term_string"}}],"inLanguage":"es"},{"@type":"Organization","@id":"https:\/\/www.eldiario.net\/portal\/#organization","name":"El Diario - Decano de la prensa nacional","url":"https:\/\/www.eldiario.net\/portal\/","logo":{"@type":"ImageObject","inLanguage":"es","@id":"https:\/\/www.eldiario.net\/portal\/#\/schema\/logo\/image\/","url":"https:\/\/www.eldiario.net\/portal\/wp-content\/uploads\/2023\/07\/logo_ED.jpg","contentUrl":"https:\/\/www.eldiario.net\/portal\/wp-content\/uploads\/2023\/07\/logo_ED.jpg","width":272,"height":52,"caption":"El Diario - Decano de la prensa nacional"},"image":{"@id":"https:\/\/www.eldiario.net\/portal\/#\/schema\/logo\/image\/"},"sameAs":["https:\/\/www.facebook.com\/eldiario.bolivia\/","https:\/\/x.com\/eldiario_net"]},{"@type":"Person","@id":"https:\/\/www.eldiario.net\/portal\/#\/schema\/person\/f46445640444750d7d753ccd04ae01b7","name":"Jeanette","image":{"@type":"ImageObject","inLanguage":"es","@id":"https:\/\/secure.gravatar.com\/avatar\/3ea2118a5f7dad2b7138b1187a6b7ee55f160b9968b66013c3a3ef39dd7e5798?s=96&d=mm&r=g","url":"https:\/\/secure.gravatar.com\/avatar\/3ea2118a5f7dad2b7138b1187a6b7ee55f160b9968b66013c3a3ef39dd7e5798?s=96&d=mm&r=g","contentUrl":"https:\/\/secure.gravatar.com\/avatar\/3ea2118a5f7dad2b7138b1187a6b7ee55f160b9968b66013c3a3ef39dd7e5798?s=96&d=mm&r=g","caption":"Jeanette"},"sameAs":["https:\/\/www.eldiario.net\/portal"],"url":"https:\/\/www.eldiario.net\/portal\/author\/jeanette\/"}]}},"_links":{"self":[{"href":"https:\/\/www.eldiario.net\/portal\/wp-json\/wp\/v2\/posts\/40114","targetHints":{"allow":["GET"]}}],"collection":[{"href":"https:\/\/www.eldiario.net\/portal\/wp-json\/wp\/v2\/posts"}],"about":[{"href":"https:\/\/www.eldiario.net\/portal\/wp-json\/wp\/v2\/types\/post"}],"author":[{"embeddable":true,"href":"https:\/\/www.eldiario.net\/portal\/wp-json\/wp\/v2\/users\/1"}],"replies":[{"embeddable":true,"href":"https:\/\/www.eldiario.net\/portal\/wp-json\/wp\/v2\/comments?post=40114"}],"version-history":[{"count":0,"href":"https:\/\/www.eldiario.net\/portal\/wp-json\/wp\/v2\/posts\/40114\/revisions"}],"wp:attachment":[{"href":"https:\/\/www.eldiario.net\/portal\/wp-json\/wp\/v2\/media?parent=40114"}],"wp:term":[{"taxonomy":"category","embeddable":true,"href":"https:\/\/www.eldiario.net\/portal\/wp-json\/wp\/v2\/categories?post=40114"},{"taxonomy":"post_tag","embeddable":true,"href":"https:\/\/www.eldiario.net\/portal\/wp-json\/wp\/v2\/tags?post=40114"}],"curies":[{"name":"wp","href":"https:\/\/api.w.org\/{rel}","templated":true}]}}