{"id":401021,"date":"2026-06-05T08:39:05","date_gmt":"2026-06-05T12:39:05","guid":{"rendered":"https:\/\/www.eldiario.net\/portal\/?p=401021"},"modified":"2026-06-05T08:39:05","modified_gmt":"2026-06-05T12:39:05","slug":"el-show-de-truman-llega-a-la-cinemateca-boliviana","status":"publish","type":"post","link":"https:\/\/www.eldiario.net\/portal\/2026\/06\/05\/el-show-de-truman-llega-a-la-cinemateca-boliviana\/","title":{"rendered":"El Show de Truman llega a la Cinemateca Boliviana"},"content":{"rendered":"<p>Por Susana Guti\u00e9rrez<\/p>\n<p>El\u00a0 s\u00e1bado 6 de junio, a las 19:00, las luces de la Cinemateca Boliviana se encender\u00e1n para recibir una nueva sesi\u00f3n del ciclo \u00abLa mejor pel\u00edcula del mundo\u00bb. En esta ocasi\u00f3n, la pantalla grande recuperar\u00e1 una de las obras m\u00e1s prof\u00e9ticas e influyentes del cine contempor\u00e1neo: <em>El Show de Truman<\/em> (<em>The Truman Show<\/em>, 1998). Dirigida por Peter Weir y protagonizada por un magistral Jim Carrey, la cinta se mantiene como un cl\u00e1sico absoluto y adquiere una vigencia casi escalofriante en la era de la hiperconectividad, las redes sociales y la exposici\u00f3n permanente de la intimidad.<\/p>\n<p>La trama nos introduce en la vida de Truman Burbank, un hombre com\u00fan que habita en Seahaven, una pac\u00edfica ciudad costera donde la existencia transcurre con una armon\u00eda sospechosa. Detr\u00e1s de esa aparente perfecci\u00f3n se esconde una mentira monumental: desde su nacimiento, la vida entera de Truman ha sido un gigantesco programa de televisi\u00f3n transmitido a nivel global las veinticuatro horas del d\u00eda. Sus amigos, vecinos e incluso su esposa son actores profesionales movi\u00e9ndose en un set descomunal. Cuando una serie de imprevistos fallos t\u00e9cnicos comienzan a quebrar la coreograf\u00eda de su entorno, Truman empieza a dudar de la naturaleza de su realidad, iniciando una traves\u00eda hacia la verdad, la libertad y la reconquista de su propia identidad.<\/p>\n<p>El gran valor de <em>El Show de Truman<\/em> radica en su asombrosa capacidad anticipatoria. Mucho antes del auge de plataformas como Instagram o TikTok, la pel\u00edcula ya planteaba una agud\u00edsima reflexi\u00f3n filos\u00f3fica sobre la vigilancia, la manipulaci\u00f3n medi\u00e1tica y la difusa frontera que separa lo real de lo escenificado. Weir disecciona el poder de los medios masivos para moldear la percepci\u00f3n colectiva del mundo, convirtiendo la privacidad de un individuo en un bien de consumo. Truman se erige as\u00ed en el s\u00edmbolo definitivo del ser humano contempor\u00e1neo, atrapado en una burbuja de verdades prefabricadas, cuya \u00fanica salida digna es la rebeli\u00f3n y la b\u00fasqueda incansable de la autonom\u00eda.<\/p>\n<p>Para desenterrar los m\u00faltiples matices de esta obra, la funci\u00f3n contar\u00e1 con la presencia de Pablo Osorio como Invitado de Honor. La elecci\u00f3n de Osorio para dialogar con el universo de Truman no es casual: su trayectoria une de manera org\u00e1nica la literatura, la observaci\u00f3n cotidiana y el an\u00e1lisis social a trav\u00e9s del humor, herramientas indispensables para decodificar una pel\u00edcula que es, en esencia, una s\u00e1tira tr\u00e1gica de nuestra civilizaci\u00f3n.<\/p>\n<p><strong>Sobre Pablo Osorio<\/strong><\/p>\n<p>Nacido en Oruro y radicado en el Oriente boliviano, en la ciudad de Santa Cruz de la Sierra desde 2006, Pablo Osorio ha consolidado una de las voces m\u00e1s singulares de la escena creativa nacional. Como escritor y poeta, es autor de los libros <em>Alas de un alma en verso<\/em>, <em>Yo gorda<\/em> y <em>De los aquisigos a denantes<\/em>, obras que exploran las texturas de la identidad, el lenguaje popular y las vivencias de la bolivianidad con una sensibilidad punzante. Su talento literario ha sido respaldado por importantes galardones, entre los que destacan el Primer Premio del Concurso de Cuento Breve \u201cEl Deber\u201d (2003 y 2010), el Primer Premio del Concurso de Poes\u00eda de la UAGRM (2006) y una Menci\u00f3n de Honor en el Concurso de Poes\u00eda para J\u00f3venes Poetas Bolivianos de la C\u00e1mara del Libro y la Fundaci\u00f3n Pati\u00f1o en 2007.<\/p>\n<p>M\u00e1s all\u00e1 de los anaqueles tradicionales, Osorio ha sabido trasladar esa misma agudeza cr\u00edtica a las tablas de la comedia en vivo. Como comediante de <em>stand up<\/em>, ha recorrido los escenarios del pa\u00eds construyendo un estilo propio, sostenido sobre la iron\u00eda fina, la observaci\u00f3n social y el humor vinculado a la realidad nacional. Ese puente directo entre las letras y la comedia inteligente le permite interactuar en m\u00faltiples formatos, destacando desde 2024 como comentarista y creador de contenidos en <em>POV<\/em>, el podcast de noticias, an\u00e1lisis y humor pol\u00edtico de la red Unitel.<\/p>\n<p>Seg\u00fan Diego Gullco, creador del ciclo La Mejor Pel\u00edcula del Mundo, la cita de este s\u00e1bado en la Cinemateca Boliviana promete ser mucho m\u00e1s que una simple proyecci\u00f3n. Ser\u00e1 un espacio de encuentro cultural donde el cine cl\u00e1sico conversar\u00e1 con la literatura contempor\u00e1nea y la cr\u00edtica social. La mirada de Pablo Osorio sobre <em>El Show de Truman<\/em> ofrecer\u00e1 al p\u00fablico las claves necesarias para entender c\u00f3mo la pantalla de Seahaven se convirti\u00f3, finalmente, en el reflejo de nuestro propio mundo cotidiano. Una cita imperdible con el an\u00e1lisis y la pasi\u00f3n por el s\u00e9ptimo arte.<\/p>\n\r\n                <style type=\"text\/css\">\r\n                    \r\n                    #tdi_1  .td-doubleSlider-2 .td-item1 {\r\n                        background: url(https:\/\/www.eldiario.net\/portal\/wp-content\/uploads\/2026\/06\/FOTO-1-1-80x60.webp) 0 0 no-repeat;\r\n                    }\r\n                    #tdi_1  .td-doubleSlider-2 .td-item2 {\r\n                        background: url(https:\/\/www.eldiario.net\/portal\/wp-content\/uploads\/2026\/06\/FOTO-2-1-80x60.webp) 0 0 no-repeat;\r\n                    }\r\n                    #tdi_1  .td-doubleSlider-2 .td-item3 {\r\n                        background: url(https:\/\/www.eldiario.net\/portal\/wp-content\/uploads\/2026\/06\/FOTO-3-1-80x60.webp) 0 0 no-repeat;\r\n                    }\r\n                    #tdi_1  .td-doubleSlider-2 .td-item4 {\r\n                        background: url(https:\/\/www.eldiario.net\/portal\/wp-content\/uploads\/2026\/06\/FOTO-4-80x60.webp) 0 0 no-repeat;\r\n                    }\r\n                    #tdi_1  .td-doubleSlider-2 .td-item5 {\r\n                        background: url(https:\/\/www.eldiario.net\/portal\/wp-content\/uploads\/2026\/06\/FOTO-5-80x60.webp) 0 0 no-repeat;\r\n                    }\r\n                <\/style>\r\n\r\n                <div id=\"tdi_1\" class=\"td-gallery td-slide-on-2-columns\">\r\n                    <div class=\"post_td_gallery\">\r\n                        <div class=\"td-gallery-slide-top\">\r\n                           <div class=\"td-gallery-title\"><\/div>\r\n\r\n                            <div class=\"td-gallery-controls-wrapper\">\r\n                                <div class=\"td-gallery-slide-count\"><span class=\"td-gallery-slide-item-focus\">1<\/span> de 5<\/div>\r\n                                <div class=\"td-gallery-slide-prev-next-but\">\r\n                                    <i class = \"td-icon-left doubleSliderPrevButton\"><\/i>\r\n                                    <i class = \"td-icon-right doubleSliderNextButton\"><\/i>\r\n                                <\/div>\r\n                            <\/div>\r\n                        <\/div>\r\n\r\n                        <div class = \"td-doubleSlider-1 \">\r\n                            <div class = \"td-slider\">\r\n                                \r\n                    <div class = \"td-slide-item td-item1\">\r\n                        <figure class=\"td-slide-galery-figure td-slide-popup-gallery\">\r\n                            <a class=\"slide-gallery-image-link\" href=\"https:\/\/www.eldiario.net\/portal\/wp-content\/uploads\/2026\/06\/FOTO-1-1.webp\" title=\"FOTO-1\"  data-caption=\"\"  data-description=\"\">\r\n                                <img decoding=\"async\" src=\"https:\/\/www.eldiario.net\/portal\/wp-content\/uploads\/2026\/06\/FOTO-1-1.webp\" srcset=\"https:\/\/www.eldiario.net\/portal\/wp-content\/uploads\/2026\/06\/FOTO-1-1.webp 456w, https:\/\/www.eldiario.net\/portal\/wp-content\/uploads\/2026\/06\/FOTO-1-1-300x168.webp 300w, https:\/\/www.eldiario.net\/portal\/wp-content\/uploads\/2026\/06\/FOTO-1-1-150x84.webp 150w\" sizes=\"(max-width: 456px) 100vw, 456px\" alt=\"\">\r\n                            <\/a>\r\n                            \r\n                        <\/figure>\r\n                    <\/div>\r\n                    <div class = \"td-slide-item td-item2\">\r\n                        <figure class=\"td-slide-galery-figure td-slide-popup-gallery\">\r\n                            <a class=\"slide-gallery-image-link\" href=\"https:\/\/www.eldiario.net\/portal\/wp-content\/uploads\/2026\/06\/FOTO-2-1.webp\" title=\"FOTO-2\"  data-caption=\"\"  data-description=\"\">\r\n                                <img decoding=\"async\" src=\"https:\/\/www.eldiario.net\/portal\/wp-content\/uploads\/2026\/06\/FOTO-2-1-747x420.webp\" srcset=\"https:\/\/www.eldiario.net\/portal\/wp-content\/uploads\/2026\/06\/FOTO-2-1-747x420.webp 747w, https:\/\/www.eldiario.net\/portal\/wp-content\/uploads\/2026\/06\/FOTO-2-1-300x169.webp 300w, https:\/\/www.eldiario.net\/portal\/wp-content\/uploads\/2026\/06\/FOTO-2-1-1024x576.webp 1024w, https:\/\/www.eldiario.net\/portal\/wp-content\/uploads\/2026\/06\/FOTO-2-1-768x432.webp 768w, https:\/\/www.eldiario.net\/portal\/wp-content\/uploads\/2026\/06\/FOTO-2-1-150x84.webp 150w, https:\/\/www.eldiario.net\/portal\/wp-content\/uploads\/2026\/06\/FOTO-2-1-696x392.webp 696w, https:\/\/www.eldiario.net\/portal\/wp-content\/uploads\/2026\/06\/FOTO-2-1-1068x601.webp 1068w, https:\/\/www.eldiario.net\/portal\/wp-content\/uploads\/2026\/06\/FOTO-2-1.webp 1280w\" sizes=\"(max-width: 747px) 100vw, 747px\" alt=\"\">\r\n                            <\/a>\r\n                            \r\n                        <\/figure>\r\n                    <\/div>\r\n                    <div class = \"td-slide-item td-item3\">\r\n                        <figure class=\"td-slide-galery-figure td-slide-popup-gallery\">\r\n                            <a class=\"slide-gallery-image-link\" href=\"https:\/\/www.eldiario.net\/portal\/wp-content\/uploads\/2026\/06\/FOTO-3-1.webp\" title=\"FOTO-3\"  data-caption=\"\"  data-description=\"\">\r\n                                <img decoding=\"async\" src=\"https:\/\/www.eldiario.net\/portal\/wp-content\/uploads\/2026\/06\/FOTO-3-1-642x420.webp\" srcset=\"https:\/\/www.eldiario.net\/portal\/wp-content\/uploads\/2026\/06\/FOTO-3-1-642x420.webp 642w, https:\/\/www.eldiario.net\/portal\/wp-content\/uploads\/2026\/06\/FOTO-3-1-300x196.webp 300w, https:\/\/www.eldiario.net\/portal\/wp-content\/uploads\/2026\/06\/FOTO-3-1-150x98.webp 150w, https:\/\/www.eldiario.net\/portal\/wp-content\/uploads\/2026\/06\/FOTO-3-1-696x455.webp 696w, https:\/\/www.eldiario.net\/portal\/wp-content\/uploads\/2026\/06\/FOTO-3-1.webp 737w\" sizes=\"(max-width: 642px) 100vw, 642px\" alt=\"\">\r\n                            <\/a>\r\n                            \r\n                        <\/figure>\r\n                    <\/div>\r\n                    <div class = \"td-slide-item td-item4\">\r\n                        <figure class=\"td-slide-galery-figure td-slide-popup-gallery\">\r\n                            <a class=\"slide-gallery-image-link\" href=\"https:\/\/www.eldiario.net\/portal\/wp-content\/uploads\/2026\/06\/FOTO-4.webp\" title=\"FOTO-4\"  data-caption=\"\"  data-description=\"\">\r\n                                <img decoding=\"async\" src=\"https:\/\/www.eldiario.net\/portal\/wp-content\/uploads\/2026\/06\/FOTO-4-336x420.webp\" srcset=\"https:\/\/www.eldiario.net\/portal\/wp-content\/uploads\/2026\/06\/FOTO-4-336x420.webp 336w, https:\/\/www.eldiario.net\/portal\/wp-content\/uploads\/2026\/06\/FOTO-4-240x300.webp 240w, https:\/\/www.eldiario.net\/portal\/wp-content\/uploads\/2026\/06\/FOTO-4-819x1024.webp 819w, https:\/\/www.eldiario.net\/portal\/wp-content\/uploads\/2026\/06\/FOTO-4-768x960.webp 768w, https:\/\/www.eldiario.net\/portal\/wp-content\/uploads\/2026\/06\/FOTO-4-150x188.webp 150w, https:\/\/www.eldiario.net\/portal\/wp-content\/uploads\/2026\/06\/FOTO-4-300x375.webp 300w, https:\/\/www.eldiario.net\/portal\/wp-content\/uploads\/2026\/06\/FOTO-4-696x870.webp 696w, https:\/\/www.eldiario.net\/portal\/wp-content\/uploads\/2026\/06\/FOTO-4.webp 1024w\" sizes=\"(max-width: 336px) 100vw, 336px\" alt=\"\">\r\n                            <\/a>\r\n                            \r\n                        <\/figure>\r\n                    <\/div>\r\n                    <div class = \"td-slide-item td-item5\">\r\n                        <figure class=\"td-slide-galery-figure td-slide-popup-gallery\">\r\n                            <a class=\"slide-gallery-image-link\" href=\"https:\/\/www.eldiario.net\/portal\/wp-content\/uploads\/2026\/06\/FOTO-5.webp\" title=\"FOTO-5\"  data-caption=\"\"  data-description=\"\">\r\n                                <img decoding=\"async\" src=\"https:\/\/www.eldiario.net\/portal\/wp-content\/uploads\/2026\/06\/FOTO-5-336x420.webp\" srcset=\"https:\/\/www.eldiario.net\/portal\/wp-content\/uploads\/2026\/06\/FOTO-5-336x420.webp 336w, https:\/\/www.eldiario.net\/portal\/wp-content\/uploads\/2026\/06\/FOTO-5-240x300.webp 240w, https:\/\/www.eldiario.net\/portal\/wp-content\/uploads\/2026\/06\/FOTO-5-819x1024.webp 819w, https:\/\/www.eldiario.net\/portal\/wp-content\/uploads\/2026\/06\/FOTO-5-768x960.webp 768w, https:\/\/www.eldiario.net\/portal\/wp-content\/uploads\/2026\/06\/FOTO-5-150x188.webp 150w, https:\/\/www.eldiario.net\/portal\/wp-content\/uploads\/2026\/06\/FOTO-5-300x375.webp 300w, https:\/\/www.eldiario.net\/portal\/wp-content\/uploads\/2026\/06\/FOTO-5-696x870.webp 696w, https:\/\/www.eldiario.net\/portal\/wp-content\/uploads\/2026\/06\/FOTO-5.webp 1024w\" sizes=\"(max-width: 336px) 100vw, 336px\" alt=\"\">\r\n                            <\/a>\r\n                            \r\n                        <\/figure>\r\n                    <\/div>\r\n                            <\/div>\r\n                        <\/div>\r\n\r\n                        <div class = \"td-doubleSlider-2\">\r\n                            <div class = \"td-slider\">\r\n                                \r\n                    <div class = \"td-button td-item1\">\r\n                        <div class = \"td-border\"><\/div>\r\n                    <\/div>\r\n                    <div class = \"td-button td-item2\">\r\n                        <div class = \"td-border\"><\/div>\r\n                    <\/div>\r\n                    <div class = \"td-button td-item3\">\r\n                        <div class = \"td-border\"><\/div>\r\n                    <\/div>\r\n                    <div class = \"td-button td-item4\">\r\n                        <div class = \"td-border\"><\/div>\r\n                    <\/div>\r\n                    <div class = \"td-button td-item5\">\r\n                        <div class = \"td-border\"><\/div>\r\n                    <\/div>\r\n                            <\/div>\r\n                        <\/div>\r\n\r\n                    <\/div>\r\n\r\n                <\/div>\r\n                \n","protected":false},"excerpt":{"rendered":"<p>Por Susana Guti\u00e9rrez El\u00a0 s\u00e1bado 6 de junio, a las 19:00, las luces de la Cinemateca Boliviana se encender\u00e1n para recibir una nueva sesi\u00f3n del ciclo \u00abLa mejor pel\u00edcula del mundo\u00bb. En esta ocasi\u00f3n, la pantalla grande recuperar\u00e1 una de las obras m\u00e1s prof\u00e9ticas e influyentes del cine contempor\u00e1neo: El Show de Truman (The Truman [&hellip;]<\/p>\n","protected":false},"author":1,"featured_media":401022,"comment_status":"closed","ping_status":"open","sticky":false,"template":"","format":"standard","meta":{"_acf_changed":false,"footnotes":""},"categories":[8],"tags":[],"class_list":["post-401021","post","type-post","status-publish","format-standard","has-post-thumbnail","category-cultural"],"acf":{"antetitulo":"\u201cLa mejor pel\u00edcula del mundo\u201d"},"yoast_head":"<!-- This site is optimized with the Yoast SEO plugin v28.4 - https:\/\/yoast.com\/product\/yoast-seo-wordpress\/ -->\n<title>El Show de Truman llega a la Cinemateca Boliviana - El Diario - Bolivia<\/title>\n<meta name=\"robots\" content=\"index, follow, max-snippet:-1, max-image-preview:large, max-video-preview:-1\" \/>\n<link rel=\"canonical\" href=\"https:\/\/www.eldiario.net\/portal\/2026\/06\/05\/el-show-de-truman-llega-a-la-cinemateca-boliviana\/\" \/>\n<meta property=\"og:locale\" content=\"es_ES\" \/>\n<meta property=\"og:type\" content=\"article\" \/>\n<meta property=\"og:title\" content=\"El Show de Truman llega a la Cinemateca Boliviana - El Diario - Bolivia\" \/>\n<meta property=\"og:description\" content=\"Por Susana Guti\u00e9rrez El\u00a0 s\u00e1bado 6 de junio, a las 19:00, las luces de la Cinemateca Boliviana se encender\u00e1n para recibir una nueva sesi\u00f3n del ciclo \u00abLa mejor pel\u00edcula del mundo\u00bb. En esta ocasi\u00f3n, la pantalla grande recuperar\u00e1 una de las obras m\u00e1s prof\u00e9ticas e influyentes del cine contempor\u00e1neo: El Show de Truman (The Truman [&hellip;]\" \/>\n<meta property=\"og:url\" content=\"https:\/\/www.eldiario.net\/portal\/2026\/06\/05\/el-show-de-truman-llega-a-la-cinemateca-boliviana\/\" \/>\n<meta property=\"og:site_name\" content=\"El Diario - Bolivia\" \/>\n<meta property=\"article:publisher\" content=\"https:\/\/www.facebook.com\/eldiario.bolivia\/\" \/>\n<meta property=\"article:published_time\" content=\"2026-06-05T12:39:05+00:00\" \/>\n<meta property=\"og:image\" content=\"https:\/\/www.eldiario.net\/portal\/wp-content\/uploads\/2026\/06\/FOTO-1-1.webp\" \/>\n\t<meta property=\"og:image:width\" content=\"456\" \/>\n\t<meta property=\"og:image:height\" content=\"256\" \/>\n\t<meta property=\"og:image:type\" content=\"image\/webp\" \/>\n<meta name=\"author\" content=\"Jeanette\" \/>\n<meta name=\"twitter:card\" content=\"summary_large_image\" \/>\n<meta name=\"twitter:creator\" content=\"@eldiario_net\" \/>\n<meta name=\"twitter:site\" content=\"@eldiario_net\" \/>\n<meta name=\"twitter:label1\" content=\"Escrito por\" \/>\n\t<meta name=\"twitter:data1\" content=\"Jeanette\" \/>\n\t<meta name=\"twitter:label2\" content=\"Tiempo de lectura\" \/>\n\t<meta name=\"twitter:data2\" content=\"4 minutos\" \/>\n<script type=\"application\/ld+json\" class=\"yoast-schema-graph\">{\"@context\":\"https:\\\/\\\/schema.org\",\"@graph\":[{\"@type\":\"Article\",\"@id\":\"https:\\\/\\\/www.eldiario.net\\\/portal\\\/2026\\\/06\\\/05\\\/el-show-de-truman-llega-a-la-cinemateca-boliviana\\\/#article\",\"isPartOf\":{\"@id\":\"https:\\\/\\\/www.eldiario.net\\\/portal\\\/2026\\\/06\\\/05\\\/el-show-de-truman-llega-a-la-cinemateca-boliviana\\\/\"},\"author\":{\"name\":\"Jeanette\",\"@id\":\"https:\\\/\\\/www.eldiario.net\\\/portal\\\/#\\\/schema\\\/person\\\/2c57cf2b7a7ae032e449e4c9b1019eac\"},\"headline\":\"El Show de Truman llega a la Cinemateca Boliviana\",\"datePublished\":\"2026-06-05T12:39:05+00:00\",\"mainEntityOfPage\":{\"@id\":\"https:\\\/\\\/www.eldiario.net\\\/portal\\\/2026\\\/06\\\/05\\\/el-show-de-truman-llega-a-la-cinemateca-boliviana\\\/\"},\"wordCount\":807,\"publisher\":{\"@id\":\"https:\\\/\\\/www.eldiario.net\\\/portal\\\/#organization\"},\"image\":{\"@id\":\"https:\\\/\\\/www.eldiario.net\\\/portal\\\/2026\\\/06\\\/05\\\/el-show-de-truman-llega-a-la-cinemateca-boliviana\\\/#primaryimage\"},\"thumbnailUrl\":\"https:\\\/\\\/www.eldiario.net\\\/portal\\\/wp-content\\\/uploads\\\/2026\\\/06\\\/FOTO-1-1.webp\",\"articleSection\":[\"Cultural\"],\"inLanguage\":\"es\"},{\"@type\":\"WebPage\",\"@id\":\"https:\\\/\\\/www.eldiario.net\\\/portal\\\/2026\\\/06\\\/05\\\/el-show-de-truman-llega-a-la-cinemateca-boliviana\\\/\",\"url\":\"https:\\\/\\\/www.eldiario.net\\\/portal\\\/2026\\\/06\\\/05\\\/el-show-de-truman-llega-a-la-cinemateca-boliviana\\\/\",\"name\":\"El Show de Truman llega a la Cinemateca Boliviana - El Diario - Bolivia\",\"isPartOf\":{\"@id\":\"https:\\\/\\\/www.eldiario.net\\\/portal\\\/#website\"},\"primaryImageOfPage\":{\"@id\":\"https:\\\/\\\/www.eldiario.net\\\/portal\\\/2026\\\/06\\\/05\\\/el-show-de-truman-llega-a-la-cinemateca-boliviana\\\/#primaryimage\"},\"image\":{\"@id\":\"https:\\\/\\\/www.eldiario.net\\\/portal\\\/2026\\\/06\\\/05\\\/el-show-de-truman-llega-a-la-cinemateca-boliviana\\\/#primaryimage\"},\"thumbnailUrl\":\"https:\\\/\\\/www.eldiario.net\\\/portal\\\/wp-content\\\/uploads\\\/2026\\\/06\\\/FOTO-1-1.webp\",\"datePublished\":\"2026-06-05T12:39:05+00:00\",\"breadcrumb\":{\"@id\":\"https:\\\/\\\/www.eldiario.net\\\/portal\\\/2026\\\/06\\\/05\\\/el-show-de-truman-llega-a-la-cinemateca-boliviana\\\/#breadcrumb\"},\"inLanguage\":\"es\",\"potentialAction\":[{\"@type\":\"ReadAction\",\"target\":[\"https:\\\/\\\/www.eldiario.net\\\/portal\\\/2026\\\/06\\\/05\\\/el-show-de-truman-llega-a-la-cinemateca-boliviana\\\/\"]}]},{\"@type\":\"ImageObject\",\"inLanguage\":\"es\",\"@id\":\"https:\\\/\\\/www.eldiario.net\\\/portal\\\/2026\\\/06\\\/05\\\/el-show-de-truman-llega-a-la-cinemateca-boliviana\\\/#primaryimage\",\"url\":\"https:\\\/\\\/www.eldiario.net\\\/portal\\\/wp-content\\\/uploads\\\/2026\\\/06\\\/FOTO-1-1.webp\",\"contentUrl\":\"https:\\\/\\\/www.eldiario.net\\\/portal\\\/wp-content\\\/uploads\\\/2026\\\/06\\\/FOTO-1-1.webp\",\"width\":456,\"height\":256},{\"@type\":\"BreadcrumbList\",\"@id\":\"https:\\\/\\\/www.eldiario.net\\\/portal\\\/2026\\\/06\\\/05\\\/el-show-de-truman-llega-a-la-cinemateca-boliviana\\\/#breadcrumb\",\"itemListElement\":[{\"@type\":\"ListItem\",\"position\":1,\"name\":\"Portada\",\"item\":\"https:\\\/\\\/www.eldiario.net\\\/portal\\\/\"},{\"@type\":\"ListItem\",\"position\":2,\"name\":\"El Show de Truman llega a la Cinemateca Boliviana\"}]},{\"@type\":\"WebSite\",\"@id\":\"https:\\\/\\\/www.eldiario.net\\\/portal\\\/#website\",\"url\":\"https:\\\/\\\/www.eldiario.net\\\/portal\\\/\",\"name\":\"El Diario - Decano de la prensa nacional\",\"description\":\"El Diario - Decano de la prensa nacional\",\"publisher\":{\"@id\":\"https:\\\/\\\/www.eldiario.net\\\/portal\\\/#organization\"},\"potentialAction\":[{\"@type\":\"SearchAction\",\"target\":{\"@type\":\"EntryPoint\",\"urlTemplate\":\"https:\\\/\\\/www.eldiario.net\\\/portal\\\/?s={search_term_string}\"},\"query-input\":{\"@type\":\"PropertyValueSpecification\",\"valueRequired\":true,\"valueName\":\"search_term_string\"}}],\"inLanguage\":\"es\"},{\"@type\":\"Organization\",\"@id\":\"https:\\\/\\\/www.eldiario.net\\\/portal\\\/#organization\",\"name\":\"El Diario - Decano de la prensa nacional\",\"url\":\"https:\\\/\\\/www.eldiario.net\\\/portal\\\/\",\"logo\":{\"@type\":\"ImageObject\",\"inLanguage\":\"es\",\"@id\":\"https:\\\/\\\/www.eldiario.net\\\/portal\\\/#\\\/schema\\\/logo\\\/image\\\/\",\"url\":\"https:\\\/\\\/www.eldiario.net\\\/portal\\\/wp-content\\\/uploads\\\/2023\\\/07\\\/logo_ED.jpg\",\"contentUrl\":\"https:\\\/\\\/www.eldiario.net\\\/portal\\\/wp-content\\\/uploads\\\/2023\\\/07\\\/logo_ED.jpg\",\"width\":272,\"height\":52,\"caption\":\"El Diario - Decano de la prensa nacional\"},\"image\":{\"@id\":\"https:\\\/\\\/www.eldiario.net\\\/portal\\\/#\\\/schema\\\/logo\\\/image\\\/\"},\"sameAs\":[\"https:\\\/\\\/www.facebook.com\\\/eldiario.bolivia\\\/\",\"https:\\\/\\\/x.com\\\/eldiario_net\"]},{\"@type\":\"Person\",\"@id\":\"https:\\\/\\\/www.eldiario.net\\\/portal\\\/#\\\/schema\\\/person\\\/2c57cf2b7a7ae032e449e4c9b1019eac\",\"name\":\"Jeanette\",\"image\":{\"@type\":\"ImageObject\",\"inLanguage\":\"es\",\"@id\":\"https:\\\/\\\/secure.gravatar.com\\\/avatar\\\/3ea2118a5f7dad2b7138b1187a6b7ee55f160b9968b66013c3a3ef39dd7e5798?s=96&d=mm&r=g\",\"url\":\"https:\\\/\\\/secure.gravatar.com\\\/avatar\\\/3ea2118a5f7dad2b7138b1187a6b7ee55f160b9968b66013c3a3ef39dd7e5798?s=96&d=mm&r=g\",\"contentUrl\":\"https:\\\/\\\/secure.gravatar.com\\\/avatar\\\/3ea2118a5f7dad2b7138b1187a6b7ee55f160b9968b66013c3a3ef39dd7e5798?s=96&d=mm&r=g\",\"caption\":\"Jeanette\"},\"sameAs\":[\"https:\\\/\\\/www.eldiario.net\\\/portal\"],\"url\":\"https:\\\/\\\/www.eldiario.net\\\/portal\\\/author\\\/jeanette\\\/\"}]}<\/script>\n<!-- \/ Yoast SEO plugin. -->","yoast_head_json":{"title":"El Show de Truman llega a la Cinemateca Boliviana - El Diario - Bolivia","robots":{"index":"index","follow":"follow","max-snippet":"max-snippet:-1","max-image-preview":"max-image-preview:large","max-video-preview":"max-video-preview:-1"},"canonical":"https:\/\/www.eldiario.net\/portal\/2026\/06\/05\/el-show-de-truman-llega-a-la-cinemateca-boliviana\/","og_locale":"es_ES","og_type":"article","og_title":"El Show de Truman llega a la Cinemateca Boliviana - El Diario - Bolivia","og_description":"Por Susana Guti\u00e9rrez El\u00a0 s\u00e1bado 6 de junio, a las 19:00, las luces de la Cinemateca Boliviana se encender\u00e1n para recibir una nueva sesi\u00f3n del ciclo \u00abLa mejor pel\u00edcula del mundo\u00bb. En esta ocasi\u00f3n, la pantalla grande recuperar\u00e1 una de las obras m\u00e1s prof\u00e9ticas e influyentes del cine contempor\u00e1neo: El Show de Truman (The Truman [&hellip;]","og_url":"https:\/\/www.eldiario.net\/portal\/2026\/06\/05\/el-show-de-truman-llega-a-la-cinemateca-boliviana\/","og_site_name":"El Diario - Bolivia","article_publisher":"https:\/\/www.facebook.com\/eldiario.bolivia\/","article_published_time":"2026-06-05T12:39:05+00:00","og_image":[{"width":456,"height":256,"url":"https:\/\/www.eldiario.net\/portal\/wp-content\/uploads\/2026\/06\/FOTO-1-1.webp","type":"image\/webp"}],"author":"Jeanette","twitter_card":"summary_large_image","twitter_creator":"@eldiario_net","twitter_site":"@eldiario_net","twitter_misc":{"Escrito por":"Jeanette","Tiempo de lectura":"4 minutos"},"schema":{"@context":"https:\/\/schema.org","@graph":[{"@type":"Article","@id":"https:\/\/www.eldiario.net\/portal\/2026\/06\/05\/el-show-de-truman-llega-a-la-cinemateca-boliviana\/#article","isPartOf":{"@id":"https:\/\/www.eldiario.net\/portal\/2026\/06\/05\/el-show-de-truman-llega-a-la-cinemateca-boliviana\/"},"author":{"name":"Jeanette","@id":"https:\/\/www.eldiario.net\/portal\/#\/schema\/person\/2c57cf2b7a7ae032e449e4c9b1019eac"},"headline":"El Show de Truman llega a la Cinemateca Boliviana","datePublished":"2026-06-05T12:39:05+00:00","mainEntityOfPage":{"@id":"https:\/\/www.eldiario.net\/portal\/2026\/06\/05\/el-show-de-truman-llega-a-la-cinemateca-boliviana\/"},"wordCount":807,"publisher":{"@id":"https:\/\/www.eldiario.net\/portal\/#organization"},"image":{"@id":"https:\/\/www.eldiario.net\/portal\/2026\/06\/05\/el-show-de-truman-llega-a-la-cinemateca-boliviana\/#primaryimage"},"thumbnailUrl":"https:\/\/www.eldiario.net\/portal\/wp-content\/uploads\/2026\/06\/FOTO-1-1.webp","articleSection":["Cultural"],"inLanguage":"es"},{"@type":"WebPage","@id":"https:\/\/www.eldiario.net\/portal\/2026\/06\/05\/el-show-de-truman-llega-a-la-cinemateca-boliviana\/","url":"https:\/\/www.eldiario.net\/portal\/2026\/06\/05\/el-show-de-truman-llega-a-la-cinemateca-boliviana\/","name":"El Show de Truman llega a la Cinemateca Boliviana - El Diario - Bolivia","isPartOf":{"@id":"https:\/\/www.eldiario.net\/portal\/#website"},"primaryImageOfPage":{"@id":"https:\/\/www.eldiario.net\/portal\/2026\/06\/05\/el-show-de-truman-llega-a-la-cinemateca-boliviana\/#primaryimage"},"image":{"@id":"https:\/\/www.eldiario.net\/portal\/2026\/06\/05\/el-show-de-truman-llega-a-la-cinemateca-boliviana\/#primaryimage"},"thumbnailUrl":"https:\/\/www.eldiario.net\/portal\/wp-content\/uploads\/2026\/06\/FOTO-1-1.webp","datePublished":"2026-06-05T12:39:05+00:00","breadcrumb":{"@id":"https:\/\/www.eldiario.net\/portal\/2026\/06\/05\/el-show-de-truman-llega-a-la-cinemateca-boliviana\/#breadcrumb"},"inLanguage":"es","potentialAction":[{"@type":"ReadAction","target":["https:\/\/www.eldiario.net\/portal\/2026\/06\/05\/el-show-de-truman-llega-a-la-cinemateca-boliviana\/"]}]},{"@type":"ImageObject","inLanguage":"es","@id":"https:\/\/www.eldiario.net\/portal\/2026\/06\/05\/el-show-de-truman-llega-a-la-cinemateca-boliviana\/#primaryimage","url":"https:\/\/www.eldiario.net\/portal\/wp-content\/uploads\/2026\/06\/FOTO-1-1.webp","contentUrl":"https:\/\/www.eldiario.net\/portal\/wp-content\/uploads\/2026\/06\/FOTO-1-1.webp","width":456,"height":256},{"@type":"BreadcrumbList","@id":"https:\/\/www.eldiario.net\/portal\/2026\/06\/05\/el-show-de-truman-llega-a-la-cinemateca-boliviana\/#breadcrumb","itemListElement":[{"@type":"ListItem","position":1,"name":"Portada","item":"https:\/\/www.eldiario.net\/portal\/"},{"@type":"ListItem","position":2,"name":"El Show de Truman llega a la Cinemateca Boliviana"}]},{"@type":"WebSite","@id":"https:\/\/www.eldiario.net\/portal\/#website","url":"https:\/\/www.eldiario.net\/portal\/","name":"El Diario - Decano de la prensa nacional","description":"El Diario - Decano de la prensa nacional","publisher":{"@id":"https:\/\/www.eldiario.net\/portal\/#organization"},"potentialAction":[{"@type":"SearchAction","target":{"@type":"EntryPoint","urlTemplate":"https:\/\/www.eldiario.net\/portal\/?s={search_term_string}"},"query-input":{"@type":"PropertyValueSpecification","valueRequired":true,"valueName":"search_term_string"}}],"inLanguage":"es"},{"@type":"Organization","@id":"https:\/\/www.eldiario.net\/portal\/#organization","name":"El Diario - Decano de la prensa nacional","url":"https:\/\/www.eldiario.net\/portal\/","logo":{"@type":"ImageObject","inLanguage":"es","@id":"https:\/\/www.eldiario.net\/portal\/#\/schema\/logo\/image\/","url":"https:\/\/www.eldiario.net\/portal\/wp-content\/uploads\/2023\/07\/logo_ED.jpg","contentUrl":"https:\/\/www.eldiario.net\/portal\/wp-content\/uploads\/2023\/07\/logo_ED.jpg","width":272,"height":52,"caption":"El Diario - Decano de la prensa nacional"},"image":{"@id":"https:\/\/www.eldiario.net\/portal\/#\/schema\/logo\/image\/"},"sameAs":["https:\/\/www.facebook.com\/eldiario.bolivia\/","https:\/\/x.com\/eldiario_net"]},{"@type":"Person","@id":"https:\/\/www.eldiario.net\/portal\/#\/schema\/person\/2c57cf2b7a7ae032e449e4c9b1019eac","name":"Jeanette","image":{"@type":"ImageObject","inLanguage":"es","@id":"https:\/\/secure.gravatar.com\/avatar\/3ea2118a5f7dad2b7138b1187a6b7ee55f160b9968b66013c3a3ef39dd7e5798?s=96&d=mm&r=g","url":"https:\/\/secure.gravatar.com\/avatar\/3ea2118a5f7dad2b7138b1187a6b7ee55f160b9968b66013c3a3ef39dd7e5798?s=96&d=mm&r=g","contentUrl":"https:\/\/secure.gravatar.com\/avatar\/3ea2118a5f7dad2b7138b1187a6b7ee55f160b9968b66013c3a3ef39dd7e5798?s=96&d=mm&r=g","caption":"Jeanette"},"sameAs":["https:\/\/www.eldiario.net\/portal"],"url":"https:\/\/www.eldiario.net\/portal\/author\/jeanette\/"}]}},"_links":{"self":[{"href":"https:\/\/www.eldiario.net\/portal\/wp-json\/wp\/v2\/posts\/401021","targetHints":{"allow":["GET"]}}],"collection":[{"href":"https:\/\/www.eldiario.net\/portal\/wp-json\/wp\/v2\/posts"}],"about":[{"href":"https:\/\/www.eldiario.net\/portal\/wp-json\/wp\/v2\/types\/post"}],"author":[{"embeddable":true,"href":"https:\/\/www.eldiario.net\/portal\/wp-json\/wp\/v2\/users\/1"}],"replies":[{"embeddable":true,"href":"https:\/\/www.eldiario.net\/portal\/wp-json\/wp\/v2\/comments?post=401021"}],"version-history":[{"count":1,"href":"https:\/\/www.eldiario.net\/portal\/wp-json\/wp\/v2\/posts\/401021\/revisions"}],"predecessor-version":[{"id":401027,"href":"https:\/\/www.eldiario.net\/portal\/wp-json\/wp\/v2\/posts\/401021\/revisions\/401027"}],"wp:featuredmedia":[{"embeddable":true,"href":"https:\/\/www.eldiario.net\/portal\/wp-json\/wp\/v2\/media\/401022"}],"wp:attachment":[{"href":"https:\/\/www.eldiario.net\/portal\/wp-json\/wp\/v2\/media?parent=401021"}],"wp:term":[{"taxonomy":"category","embeddable":true,"href":"https:\/\/www.eldiario.net\/portal\/wp-json\/wp\/v2\/categories?post=401021"},{"taxonomy":"post_tag","embeddable":true,"href":"https:\/\/www.eldiario.net\/portal\/wp-json\/wp\/v2\/tags?post=401021"}],"curies":[{"name":"wp","href":"https:\/\/api.w.org\/{rel}","templated":true}]}}