{"id":401016,"date":"2026-06-05T08:34:59","date_gmt":"2026-06-05T12:34:59","guid":{"rendered":"https:\/\/www.eldiario.net\/portal\/?p=401016"},"modified":"2026-06-05T08:34:59","modified_gmt":"2026-06-05T12:34:59","slug":"despedida-del-cuerpo-diplomatico-en-honor-al-consul-general-de-chile","status":"publish","type":"post","link":"https:\/\/www.eldiario.net\/portal\/2026\/06\/05\/despedida-del-cuerpo-diplomatico-en-honor-al-consul-general-de-chile\/","title":{"rendered":"Despedida del Cuerpo Diplom\u00e1tico en honor al C\u00f3nsul General de Chile"},"content":{"rendered":"<p>Tras tres a\u00f1os y diez meses de gesti\u00f3n en el pa\u00eds, el C\u00f3nsul General de Chile, embajador Fernando Velasco, y su compa\u00f1era de vida, Ver\u00f3nica, fueron protagonistas de un acto de despedida organizado por el Cuerpo Diplom\u00e1tico acreditado en Bolivia. El encuentro, encabezado por el Nuncio Apost\u00f3lico, monse\u00f1or Ferm\u00edn Sosa, fue para reconocer los avances bilaterales logrados durante su misi\u00f3n y desearle \u00e9xito en sus nuevos desaf\u00edos profesionales.<br \/>\nEl momento central del evento lleg\u00f3 con las palabras del embajador Velasco, quien inici\u00f3 su discurso con una sensible menci\u00f3n a la coyuntura del pa\u00eds y un agradecimiento especial a sus colegas, valorando el esfuerzo de acompa\u00f1arlo en momentos complejos, haciendo un gui\u00f1o al \u00abpreciado combustible\u00bb de las \u00faltimas semanas.<br \/>\nCon la elocuencia y el carisma que lo caracterizan, el diplom\u00e1tico chileno repas\u00f3 lo que signific\u00f3 llegar a La Paz hace tres a\u00f1os y diez meses, una experiencia que describi\u00f3 como un inmenso desaf\u00edo tanto profesional como personal. En el plano \u00edntimo, record\u00f3 c\u00f3mo la compa\u00f1\u00eda de Ver\u00f3nica en La Paz llev\u00f3 la integraci\u00f3n cultural a niveles no vistos cuando ingres\u00f3 a la fraternidad de la Ferrari para bailar en el Carnaval de Oruro.<br \/>\nEn el \u00e1mbito profesional, Velasco arranc\u00f3 risas de complicidad al confesar entre bromas que, al ser esta su primera experiencia como Jefe de Misi\u00f3n, pens\u00f3 que enviar a un \u00abprimerizo\u00bb a un puesto tan sensible como Bolivia hab\u00eda sido un error de su canciller\u00eda. \u00abDicho eso, al menos estamos despidi\u00e9ndonos sin entuertos mayores en la relaci\u00f3n bilateral\u00bb, afirm\u00f3 con satisfacci\u00f3n, solicitando adem\u00e1s el mismo soporte y afecto para su sucesor y compa\u00f1ero de promoci\u00f3n, el embajador Roberto Ruiz.<br \/>\n\u201cMe voy con el coraz\u00f3n lleno por la calidez con la que este pa\u00eds y su gente me recibieron y acogieron&#8230; En el entramado de la diplomacia, son los lazos humanos los que sostienen los puentes m\u00e1s firmes\u201d, enfatiz\u00f3 visiblemente emocionado, extendiendo una gratitud especial al Nuncio Apost\u00f3lico y Decano del Cuerpo Diplom\u00e1tico, Ferm\u00edn Sosa.<br \/>\nM\u00e1s all\u00e1 de los brindis y las felicitaciones, su labor en el pa\u00eds deja un legado de entendimiento mutuo. Guiado por la convicci\u00f3n de que la vecindad es un destino compartido, Velasco impuls\u00f3 una agenda de \u00abpaso a paso\u00bb enfocada en la cultura, el comercio, el turismo y la integraci\u00f3n fronteriza.<br \/>\nBajo su liderazgo, se lograron reactivar instancias clave de di\u00e1logo bilateral que permanec\u00edan congeladas.<br \/>\nSu gesti\u00f3n destac\u00f3 especialmente por el trabajo conjunto en la optimizaci\u00f3n fronteriza para facilitar el libre tr\u00e1nsito en los complejos lim\u00edtrofes, lo que impact\u00f3 directamente en la calidad de vida de miles de ciudadanos. Asimismo, promovi\u00f3 un notable florecimiento cultural mediante el impulso a iniciativas art\u00edsticas y acad\u00e9micas bilaterales, bajo la premisa de que el arte une aquello que la pol\u00edtica a veces distancia, y consolid\u00f3 una gesti\u00f3n migratoria basada en una cooperaci\u00f3n vecinal eficiente y respetuosa ante los desaf\u00edos transfronterizos complejos.<\/p>\n<p>&nbsp;<\/p>\n","protected":false},"excerpt":{"rendered":"<p>Tras tres a\u00f1os y diez meses de gesti\u00f3n en el pa\u00eds, el C\u00f3nsul General de Chile, embajador Fernando Velasco, y su compa\u00f1era de vida, Ver\u00f3nica, fueron protagonistas de un acto de despedida organizado por el Cuerpo Diplom\u00e1tico acreditado en Bolivia. El encuentro, encabezado por el Nuncio Apost\u00f3lico, monse\u00f1or Ferm\u00edn Sosa, fue para reconocer los avances [&hellip;]<\/p>\n","protected":false},"author":1,"featured_media":401018,"comment_status":"closed","ping_status":"open","sticky":false,"template":"","format":"standard","meta":{"_acf_changed":false,"footnotes":""},"categories":[40],"tags":[],"class_list":["post-401016","post","type-post","status-publish","format-standard","has-post-thumbnail","category-sociales"],"acf":{"antetitulo":""},"yoast_head":"<!-- This site is optimized with the Yoast SEO plugin v28.4 - https:\/\/yoast.com\/product\/yoast-seo-wordpress\/ -->\n<title>Despedida del Cuerpo Diplom\u00e1tico en honor al C\u00f3nsul General de Chile - El Diario - Bolivia<\/title>\n<meta name=\"robots\" content=\"index, follow, max-snippet:-1, max-image-preview:large, max-video-preview:-1\" \/>\n<link rel=\"canonical\" href=\"https:\/\/www.eldiario.net\/portal\/2026\/06\/05\/despedida-del-cuerpo-diplomatico-en-honor-al-consul-general-de-chile\/\" \/>\n<meta property=\"og:locale\" content=\"es_ES\" \/>\n<meta property=\"og:type\" content=\"article\" \/>\n<meta property=\"og:title\" content=\"Despedida del Cuerpo Diplom\u00e1tico en honor al C\u00f3nsul General de Chile - El Diario - Bolivia\" \/>\n<meta property=\"og:description\" content=\"Tras tres a\u00f1os y diez meses de gesti\u00f3n en el pa\u00eds, el C\u00f3nsul General de Chile, embajador Fernando Velasco, y su compa\u00f1era de vida, Ver\u00f3nica, fueron protagonistas de un acto de despedida organizado por el Cuerpo Diplom\u00e1tico acreditado en Bolivia. El encuentro, encabezado por el Nuncio Apost\u00f3lico, monse\u00f1or Ferm\u00edn Sosa, fue para reconocer los avances [&hellip;]\" \/>\n<meta property=\"og:url\" content=\"https:\/\/www.eldiario.net\/portal\/2026\/06\/05\/despedida-del-cuerpo-diplomatico-en-honor-al-consul-general-de-chile\/\" \/>\n<meta property=\"og:site_name\" content=\"El Diario - Bolivia\" \/>\n<meta property=\"article:publisher\" content=\"https:\/\/www.facebook.com\/eldiario.bolivia\/\" \/>\n<meta property=\"article:published_time\" content=\"2026-06-05T12:34:59+00:00\" \/>\n<meta property=\"og:image\" content=\"https:\/\/www.eldiario.net\/portal\/wp-content\/uploads\/2026\/06\/FER-2.webp\" \/>\n\t<meta property=\"og:image:width\" content=\"1280\" \/>\n\t<meta property=\"og:image:height\" content=\"720\" \/>\n\t<meta property=\"og:image:type\" content=\"image\/webp\" \/>\n<meta name=\"author\" content=\"Jeanette\" \/>\n<meta name=\"twitter:card\" content=\"summary_large_image\" \/>\n<meta name=\"twitter:creator\" content=\"@eldiario_net\" \/>\n<meta name=\"twitter:site\" content=\"@eldiario_net\" \/>\n<meta name=\"twitter:label1\" content=\"Escrito por\" \/>\n\t<meta name=\"twitter:data1\" content=\"Jeanette\" \/>\n\t<meta name=\"twitter:label2\" content=\"Tiempo de lectura\" \/>\n\t<meta name=\"twitter:data2\" content=\"3 minutos\" \/>\n<script type=\"application\/ld+json\" class=\"yoast-schema-graph\">{\"@context\":\"https:\\\/\\\/schema.org\",\"@graph\":[{\"@type\":\"Article\",\"@id\":\"https:\\\/\\\/www.eldiario.net\\\/portal\\\/2026\\\/06\\\/05\\\/despedida-del-cuerpo-diplomatico-en-honor-al-consul-general-de-chile\\\/#article\",\"isPartOf\":{\"@id\":\"https:\\\/\\\/www.eldiario.net\\\/portal\\\/2026\\\/06\\\/05\\\/despedida-del-cuerpo-diplomatico-en-honor-al-consul-general-de-chile\\\/\"},\"author\":{\"name\":\"Jeanette\",\"@id\":\"https:\\\/\\\/www.eldiario.net\\\/portal\\\/#\\\/schema\\\/person\\\/2c57cf2b7a7ae032e449e4c9b1019eac\"},\"headline\":\"Despedida del Cuerpo Diplom\u00e1tico en honor al C\u00f3nsul General de Chile\",\"datePublished\":\"2026-06-05T12:34:59+00:00\",\"mainEntityOfPage\":{\"@id\":\"https:\\\/\\\/www.eldiario.net\\\/portal\\\/2026\\\/06\\\/05\\\/despedida-del-cuerpo-diplomatico-en-honor-al-consul-general-de-chile\\\/\"},\"wordCount\":540,\"publisher\":{\"@id\":\"https:\\\/\\\/www.eldiario.net\\\/portal\\\/#organization\"},\"image\":{\"@id\":\"https:\\\/\\\/www.eldiario.net\\\/portal\\\/2026\\\/06\\\/05\\\/despedida-del-cuerpo-diplomatico-en-honor-al-consul-general-de-chile\\\/#primaryimage\"},\"thumbnailUrl\":\"https:\\\/\\\/www.eldiario.net\\\/portal\\\/wp-content\\\/uploads\\\/2026\\\/06\\\/FER-2.webp\",\"articleSection\":[\"Sociales\"],\"inLanguage\":\"es\"},{\"@type\":\"WebPage\",\"@id\":\"https:\\\/\\\/www.eldiario.net\\\/portal\\\/2026\\\/06\\\/05\\\/despedida-del-cuerpo-diplomatico-en-honor-al-consul-general-de-chile\\\/\",\"url\":\"https:\\\/\\\/www.eldiario.net\\\/portal\\\/2026\\\/06\\\/05\\\/despedida-del-cuerpo-diplomatico-en-honor-al-consul-general-de-chile\\\/\",\"name\":\"Despedida del Cuerpo Diplom\u00e1tico en honor al C\u00f3nsul General de Chile - El Diario - Bolivia\",\"isPartOf\":{\"@id\":\"https:\\\/\\\/www.eldiario.net\\\/portal\\\/#website\"},\"primaryImageOfPage\":{\"@id\":\"https:\\\/\\\/www.eldiario.net\\\/portal\\\/2026\\\/06\\\/05\\\/despedida-del-cuerpo-diplomatico-en-honor-al-consul-general-de-chile\\\/#primaryimage\"},\"image\":{\"@id\":\"https:\\\/\\\/www.eldiario.net\\\/portal\\\/2026\\\/06\\\/05\\\/despedida-del-cuerpo-diplomatico-en-honor-al-consul-general-de-chile\\\/#primaryimage\"},\"thumbnailUrl\":\"https:\\\/\\\/www.eldiario.net\\\/portal\\\/wp-content\\\/uploads\\\/2026\\\/06\\\/FER-2.webp\",\"datePublished\":\"2026-06-05T12:34:59+00:00\",\"breadcrumb\":{\"@id\":\"https:\\\/\\\/www.eldiario.net\\\/portal\\\/2026\\\/06\\\/05\\\/despedida-del-cuerpo-diplomatico-en-honor-al-consul-general-de-chile\\\/#breadcrumb\"},\"inLanguage\":\"es\",\"potentialAction\":[{\"@type\":\"ReadAction\",\"target\":[\"https:\\\/\\\/www.eldiario.net\\\/portal\\\/2026\\\/06\\\/05\\\/despedida-del-cuerpo-diplomatico-en-honor-al-consul-general-de-chile\\\/\"]}]},{\"@type\":\"ImageObject\",\"inLanguage\":\"es\",\"@id\":\"https:\\\/\\\/www.eldiario.net\\\/portal\\\/2026\\\/06\\\/05\\\/despedida-del-cuerpo-diplomatico-en-honor-al-consul-general-de-chile\\\/#primaryimage\",\"url\":\"https:\\\/\\\/www.eldiario.net\\\/portal\\\/wp-content\\\/uploads\\\/2026\\\/06\\\/FER-2.webp\",\"contentUrl\":\"https:\\\/\\\/www.eldiario.net\\\/portal\\\/wp-content\\\/uploads\\\/2026\\\/06\\\/FER-2.webp\",\"width\":1280,\"height\":720,\"caption\":\"MIEMBROS DEL CUERPO DIPLOM\u00c1TICO ACREDITADO EN BOLIVIA JUNTO AL C\u00d3NSUL GENERAL DE CHILE, EMBAJADOR FERNANDO VELASCO, Y VER\u00d3NICA ROCHA, DURANTE EL ALMUERZO DE DESPEDIDA OFRECIDO EN SU HONOR TRAS CONCLUIR SU MISI\u00d3N EN EL PA\u00cdS.\"},{\"@type\":\"BreadcrumbList\",\"@id\":\"https:\\\/\\\/www.eldiario.net\\\/portal\\\/2026\\\/06\\\/05\\\/despedida-del-cuerpo-diplomatico-en-honor-al-consul-general-de-chile\\\/#breadcrumb\",\"itemListElement\":[{\"@type\":\"ListItem\",\"position\":1,\"name\":\"Portada\",\"item\":\"https:\\\/\\\/www.eldiario.net\\\/portal\\\/\"},{\"@type\":\"ListItem\",\"position\":2,\"name\":\"Despedida del Cuerpo Diplom\u00e1tico en honor al C\u00f3nsul General de Chile\"}]},{\"@type\":\"WebSite\",\"@id\":\"https:\\\/\\\/www.eldiario.net\\\/portal\\\/#website\",\"url\":\"https:\\\/\\\/www.eldiario.net\\\/portal\\\/\",\"name\":\"El Diario - Decano de la prensa nacional\",\"description\":\"El Diario - Decano de la prensa nacional\",\"publisher\":{\"@id\":\"https:\\\/\\\/www.eldiario.net\\\/portal\\\/#organization\"},\"potentialAction\":[{\"@type\":\"SearchAction\",\"target\":{\"@type\":\"EntryPoint\",\"urlTemplate\":\"https:\\\/\\\/www.eldiario.net\\\/portal\\\/?s={search_term_string}\"},\"query-input\":{\"@type\":\"PropertyValueSpecification\",\"valueRequired\":true,\"valueName\":\"search_term_string\"}}],\"inLanguage\":\"es\"},{\"@type\":\"Organization\",\"@id\":\"https:\\\/\\\/www.eldiario.net\\\/portal\\\/#organization\",\"name\":\"El Diario - Decano de la prensa nacional\",\"url\":\"https:\\\/\\\/www.eldiario.net\\\/portal\\\/\",\"logo\":{\"@type\":\"ImageObject\",\"inLanguage\":\"es\",\"@id\":\"https:\\\/\\\/www.eldiario.net\\\/portal\\\/#\\\/schema\\\/logo\\\/image\\\/\",\"url\":\"https:\\\/\\\/www.eldiario.net\\\/portal\\\/wp-content\\\/uploads\\\/2023\\\/07\\\/logo_ED.jpg\",\"contentUrl\":\"https:\\\/\\\/www.eldiario.net\\\/portal\\\/wp-content\\\/uploads\\\/2023\\\/07\\\/logo_ED.jpg\",\"width\":272,\"height\":52,\"caption\":\"El Diario - Decano de la prensa nacional\"},\"image\":{\"@id\":\"https:\\\/\\\/www.eldiario.net\\\/portal\\\/#\\\/schema\\\/logo\\\/image\\\/\"},\"sameAs\":[\"https:\\\/\\\/www.facebook.com\\\/eldiario.bolivia\\\/\",\"https:\\\/\\\/x.com\\\/eldiario_net\"]},{\"@type\":\"Person\",\"@id\":\"https:\\\/\\\/www.eldiario.net\\\/portal\\\/#\\\/schema\\\/person\\\/2c57cf2b7a7ae032e449e4c9b1019eac\",\"name\":\"Jeanette\",\"image\":{\"@type\":\"ImageObject\",\"inLanguage\":\"es\",\"@id\":\"https:\\\/\\\/secure.gravatar.com\\\/avatar\\\/3ea2118a5f7dad2b7138b1187a6b7ee55f160b9968b66013c3a3ef39dd7e5798?s=96&d=mm&r=g\",\"url\":\"https:\\\/\\\/secure.gravatar.com\\\/avatar\\\/3ea2118a5f7dad2b7138b1187a6b7ee55f160b9968b66013c3a3ef39dd7e5798?s=96&d=mm&r=g\",\"contentUrl\":\"https:\\\/\\\/secure.gravatar.com\\\/avatar\\\/3ea2118a5f7dad2b7138b1187a6b7ee55f160b9968b66013c3a3ef39dd7e5798?s=96&d=mm&r=g\",\"caption\":\"Jeanette\"},\"sameAs\":[\"https:\\\/\\\/www.eldiario.net\\\/portal\"],\"url\":\"https:\\\/\\\/www.eldiario.net\\\/portal\\\/author\\\/jeanette\\\/\"}]}<\/script>\n<!-- \/ Yoast SEO plugin. -->","yoast_head_json":{"title":"Despedida del Cuerpo Diplom\u00e1tico en honor al C\u00f3nsul General de Chile - El Diario - Bolivia","robots":{"index":"index","follow":"follow","max-snippet":"max-snippet:-1","max-image-preview":"max-image-preview:large","max-video-preview":"max-video-preview:-1"},"canonical":"https:\/\/www.eldiario.net\/portal\/2026\/06\/05\/despedida-del-cuerpo-diplomatico-en-honor-al-consul-general-de-chile\/","og_locale":"es_ES","og_type":"article","og_title":"Despedida del Cuerpo Diplom\u00e1tico en honor al C\u00f3nsul General de Chile - El Diario - Bolivia","og_description":"Tras tres a\u00f1os y diez meses de gesti\u00f3n en el pa\u00eds, el C\u00f3nsul General de Chile, embajador Fernando Velasco, y su compa\u00f1era de vida, Ver\u00f3nica, fueron protagonistas de un acto de despedida organizado por el Cuerpo Diplom\u00e1tico acreditado en Bolivia. El encuentro, encabezado por el Nuncio Apost\u00f3lico, monse\u00f1or Ferm\u00edn Sosa, fue para reconocer los avances [&hellip;]","og_url":"https:\/\/www.eldiario.net\/portal\/2026\/06\/05\/despedida-del-cuerpo-diplomatico-en-honor-al-consul-general-de-chile\/","og_site_name":"El Diario - Bolivia","article_publisher":"https:\/\/www.facebook.com\/eldiario.bolivia\/","article_published_time":"2026-06-05T12:34:59+00:00","og_image":[{"width":1280,"height":720,"url":"https:\/\/www.eldiario.net\/portal\/wp-content\/uploads\/2026\/06\/FER-2.webp","type":"image\/webp"}],"author":"Jeanette","twitter_card":"summary_large_image","twitter_creator":"@eldiario_net","twitter_site":"@eldiario_net","twitter_misc":{"Escrito por":"Jeanette","Tiempo de lectura":"3 minutos"},"schema":{"@context":"https:\/\/schema.org","@graph":[{"@type":"Article","@id":"https:\/\/www.eldiario.net\/portal\/2026\/06\/05\/despedida-del-cuerpo-diplomatico-en-honor-al-consul-general-de-chile\/#article","isPartOf":{"@id":"https:\/\/www.eldiario.net\/portal\/2026\/06\/05\/despedida-del-cuerpo-diplomatico-en-honor-al-consul-general-de-chile\/"},"author":{"name":"Jeanette","@id":"https:\/\/www.eldiario.net\/portal\/#\/schema\/person\/2c57cf2b7a7ae032e449e4c9b1019eac"},"headline":"Despedida del Cuerpo Diplom\u00e1tico en honor al C\u00f3nsul General de Chile","datePublished":"2026-06-05T12:34:59+00:00","mainEntityOfPage":{"@id":"https:\/\/www.eldiario.net\/portal\/2026\/06\/05\/despedida-del-cuerpo-diplomatico-en-honor-al-consul-general-de-chile\/"},"wordCount":540,"publisher":{"@id":"https:\/\/www.eldiario.net\/portal\/#organization"},"image":{"@id":"https:\/\/www.eldiario.net\/portal\/2026\/06\/05\/despedida-del-cuerpo-diplomatico-en-honor-al-consul-general-de-chile\/#primaryimage"},"thumbnailUrl":"https:\/\/www.eldiario.net\/portal\/wp-content\/uploads\/2026\/06\/FER-2.webp","articleSection":["Sociales"],"inLanguage":"es"},{"@type":"WebPage","@id":"https:\/\/www.eldiario.net\/portal\/2026\/06\/05\/despedida-del-cuerpo-diplomatico-en-honor-al-consul-general-de-chile\/","url":"https:\/\/www.eldiario.net\/portal\/2026\/06\/05\/despedida-del-cuerpo-diplomatico-en-honor-al-consul-general-de-chile\/","name":"Despedida del Cuerpo Diplom\u00e1tico en honor al C\u00f3nsul General de Chile - El Diario - Bolivia","isPartOf":{"@id":"https:\/\/www.eldiario.net\/portal\/#website"},"primaryImageOfPage":{"@id":"https:\/\/www.eldiario.net\/portal\/2026\/06\/05\/despedida-del-cuerpo-diplomatico-en-honor-al-consul-general-de-chile\/#primaryimage"},"image":{"@id":"https:\/\/www.eldiario.net\/portal\/2026\/06\/05\/despedida-del-cuerpo-diplomatico-en-honor-al-consul-general-de-chile\/#primaryimage"},"thumbnailUrl":"https:\/\/www.eldiario.net\/portal\/wp-content\/uploads\/2026\/06\/FER-2.webp","datePublished":"2026-06-05T12:34:59+00:00","breadcrumb":{"@id":"https:\/\/www.eldiario.net\/portal\/2026\/06\/05\/despedida-del-cuerpo-diplomatico-en-honor-al-consul-general-de-chile\/#breadcrumb"},"inLanguage":"es","potentialAction":[{"@type":"ReadAction","target":["https:\/\/www.eldiario.net\/portal\/2026\/06\/05\/despedida-del-cuerpo-diplomatico-en-honor-al-consul-general-de-chile\/"]}]},{"@type":"ImageObject","inLanguage":"es","@id":"https:\/\/www.eldiario.net\/portal\/2026\/06\/05\/despedida-del-cuerpo-diplomatico-en-honor-al-consul-general-de-chile\/#primaryimage","url":"https:\/\/www.eldiario.net\/portal\/wp-content\/uploads\/2026\/06\/FER-2.webp","contentUrl":"https:\/\/www.eldiario.net\/portal\/wp-content\/uploads\/2026\/06\/FER-2.webp","width":1280,"height":720,"caption":"MIEMBROS DEL CUERPO DIPLOM\u00c1TICO ACREDITADO EN BOLIVIA JUNTO AL C\u00d3NSUL GENERAL DE CHILE, EMBAJADOR FERNANDO VELASCO, Y VER\u00d3NICA ROCHA, DURANTE EL ALMUERZO DE DESPEDIDA OFRECIDO EN SU HONOR TRAS CONCLUIR SU MISI\u00d3N EN EL PA\u00cdS."},{"@type":"BreadcrumbList","@id":"https:\/\/www.eldiario.net\/portal\/2026\/06\/05\/despedida-del-cuerpo-diplomatico-en-honor-al-consul-general-de-chile\/#breadcrumb","itemListElement":[{"@type":"ListItem","position":1,"name":"Portada","item":"https:\/\/www.eldiario.net\/portal\/"},{"@type":"ListItem","position":2,"name":"Despedida del Cuerpo Diplom\u00e1tico en honor al C\u00f3nsul General de Chile"}]},{"@type":"WebSite","@id":"https:\/\/www.eldiario.net\/portal\/#website","url":"https:\/\/www.eldiario.net\/portal\/","name":"El Diario - Decano de la prensa nacional","description":"El Diario - Decano de la prensa nacional","publisher":{"@id":"https:\/\/www.eldiario.net\/portal\/#organization"},"potentialAction":[{"@type":"SearchAction","target":{"@type":"EntryPoint","urlTemplate":"https:\/\/www.eldiario.net\/portal\/?s={search_term_string}"},"query-input":{"@type":"PropertyValueSpecification","valueRequired":true,"valueName":"search_term_string"}}],"inLanguage":"es"},{"@type":"Organization","@id":"https:\/\/www.eldiario.net\/portal\/#organization","name":"El Diario - Decano de la prensa nacional","url":"https:\/\/www.eldiario.net\/portal\/","logo":{"@type":"ImageObject","inLanguage":"es","@id":"https:\/\/www.eldiario.net\/portal\/#\/schema\/logo\/image\/","url":"https:\/\/www.eldiario.net\/portal\/wp-content\/uploads\/2023\/07\/logo_ED.jpg","contentUrl":"https:\/\/www.eldiario.net\/portal\/wp-content\/uploads\/2023\/07\/logo_ED.jpg","width":272,"height":52,"caption":"El Diario - Decano de la prensa nacional"},"image":{"@id":"https:\/\/www.eldiario.net\/portal\/#\/schema\/logo\/image\/"},"sameAs":["https:\/\/www.facebook.com\/eldiario.bolivia\/","https:\/\/x.com\/eldiario_net"]},{"@type":"Person","@id":"https:\/\/www.eldiario.net\/portal\/#\/schema\/person\/2c57cf2b7a7ae032e449e4c9b1019eac","name":"Jeanette","image":{"@type":"ImageObject","inLanguage":"es","@id":"https:\/\/secure.gravatar.com\/avatar\/3ea2118a5f7dad2b7138b1187a6b7ee55f160b9968b66013c3a3ef39dd7e5798?s=96&d=mm&r=g","url":"https:\/\/secure.gravatar.com\/avatar\/3ea2118a5f7dad2b7138b1187a6b7ee55f160b9968b66013c3a3ef39dd7e5798?s=96&d=mm&r=g","contentUrl":"https:\/\/secure.gravatar.com\/avatar\/3ea2118a5f7dad2b7138b1187a6b7ee55f160b9968b66013c3a3ef39dd7e5798?s=96&d=mm&r=g","caption":"Jeanette"},"sameAs":["https:\/\/www.eldiario.net\/portal"],"url":"https:\/\/www.eldiario.net\/portal\/author\/jeanette\/"}]}},"_links":{"self":[{"href":"https:\/\/www.eldiario.net\/portal\/wp-json\/wp\/v2\/posts\/401016","targetHints":{"allow":["GET"]}}],"collection":[{"href":"https:\/\/www.eldiario.net\/portal\/wp-json\/wp\/v2\/posts"}],"about":[{"href":"https:\/\/www.eldiario.net\/portal\/wp-json\/wp\/v2\/types\/post"}],"author":[{"embeddable":true,"href":"https:\/\/www.eldiario.net\/portal\/wp-json\/wp\/v2\/users\/1"}],"replies":[{"embeddable":true,"href":"https:\/\/www.eldiario.net\/portal\/wp-json\/wp\/v2\/comments?post=401016"}],"version-history":[{"count":1,"href":"https:\/\/www.eldiario.net\/portal\/wp-json\/wp\/v2\/posts\/401016\/revisions"}],"predecessor-version":[{"id":401020,"href":"https:\/\/www.eldiario.net\/portal\/wp-json\/wp\/v2\/posts\/401016\/revisions\/401020"}],"wp:featuredmedia":[{"embeddable":true,"href":"https:\/\/www.eldiario.net\/portal\/wp-json\/wp\/v2\/media\/401018"}],"wp:attachment":[{"href":"https:\/\/www.eldiario.net\/portal\/wp-json\/wp\/v2\/media?parent=401016"}],"wp:term":[{"taxonomy":"category","embeddable":true,"href":"https:\/\/www.eldiario.net\/portal\/wp-json\/wp\/v2\/categories?post=401016"},{"taxonomy":"post_tag","embeddable":true,"href":"https:\/\/www.eldiario.net\/portal\/wp-json\/wp\/v2\/tags?post=401016"}],"curies":[{"name":"wp","href":"https:\/\/api.w.org\/{rel}","templated":true}]}}