{"id":401011,"date":"2026-06-05T08:32:27","date_gmt":"2026-06-05T12:32:27","guid":{"rendered":"https:\/\/www.eldiario.net\/portal\/?p=401011"},"modified":"2026-06-05T08:32:27","modified_gmt":"2026-06-05T12:32:27","slug":"pil-bolivia-reafirma-su-liderazgo-en-el-ranking-merco-dentro-del-top-10-nacional-y-el-top-3-de-alimentos","status":"publish","type":"post","link":"https:\/\/www.eldiario.net\/portal\/2026\/06\/05\/pil-bolivia-reafirma-su-liderazgo-en-el-ranking-merco-dentro-del-top-10-nacional-y-el-top-3-de-alimentos\/","title":{"rendered":"PIL Bolivia reafirma su liderazgo en el ranking MERCO dentro del Top 10 nacional y el Top 3 de alimentos"},"content":{"rendered":"<p>Hay marcas que no solo se compran, sino que se transforman en parte de la identidad de un pa\u00eds; nombres que evocan el desayuno en familia, el esfuerzo madrugador del campo y el sabor de lo nuestro. En una noche que celebr\u00f3 la excelencia corporativa a trav\u00e9s del ranking MERCO Empresas Bolivia 2026, PIL Bolivia fue reconocida nuevamente entre las compa\u00f1\u00edas con mejor reputaci\u00f3n del pa\u00eds al ocupar el s\u00e9ptimo lugar de la lista general.<br \/>\nAsimismo, la compa\u00f1\u00eda alcanz\u00f3 el segundo lugar en el ranking sectorial de alimentos, consolid\u00e1ndose dentro del Top 3 de las empresas m\u00e1s valoradas de la industria alimenticia en Bolivia.<br \/>\nEstos resultados demuestran el compromiso de la compa\u00f1\u00eda de alimentar a las familias bolivianas, crecer junto a toda su cadena de valor y aportar al desarrollo del pa\u00eds.<br \/>\n\u201cRecibimos este reconocimiento con profunda gratitud y responsabilidad. Para PIL Bolivia, ser parte del Top 10 de empresas con mayor reputaci\u00f3n es, sobre todo, un reflejo de la confianza de nuestros consumidores, clientes y de las miles de familias que forman parte de nuestra cadena productiva a lo largo y ancho del pa\u00eds\u201d, destac\u00f3 Daniel Aguilar Cabrera, gerente General de PIL Bolivia.<br \/>\nEl ejecutivo se\u00f1al\u00f3 adem\u00e1s que este reconocimiento impulsa a la compa\u00f1\u00eda a continuar trabajando con una visi\u00f3n de largo plazo, enfocada en la sostenibilidad, la innovaci\u00f3n y el bienestar de las familias bolivianas.<br \/>\n\u201cComo industria de alimentos, nuestro compromiso es continuar al servicio de Bolivia, acompa\u00f1ando cada mesa y cada hogar con un prop\u00f3sito que nos inspira todos los d\u00edas: alimentar juntos a Bolivia. Reconocimientos como este nos impulsan a seguir construyendo valor y bienestar para todos los bolivianos\u201d, afirm\u00f3 Aguilar.<br \/>\nCon presencia en los nueve departamentos del pa\u00eds, m\u00e1s de 300 productos en su portafolio y cerca de 40.000 puntos de venta, PIL Bolivia mantiene una de las cadenas de valor m\u00e1s importantes del sector alimenticio nacional, involucrando a m\u00e1s de 100.000 personas, entre ellas m\u00e1s de 5.000 familias de productores, adem\u00e1s de alrededor de 2000 colaboradores directos e indirectos.<br \/>\nEn sus 65 a\u00f1os de historia, la compa\u00f1\u00eda reafirma su prop\u00f3sito corporativo: \u201cCrecemos juntos alimentando Bolivia\u201d, impulsando iniciativas enfocadas en producci\u00f3n nacional, sostenibilidad, innovaci\u00f3n y desarrollo econ\u00f3mico para miles de familias bolivianas.<br \/>\nMERCO, Monitor Empresarial de Reputaci\u00f3n Corporativa, es uno de los monitores corporativos de referencia en Iberoam\u00e9rica y eval\u00faa la reputaci\u00f3n de las empresas mediante una metodolog\u00eda multistakeholder que incluye la percepci\u00f3n de ejecutivos, analistas, periodistas, consumidores y diversos actores sociales.<\/p>\n\r\n                <style type=\"text\/css\">\r\n                    \r\n                    #tdi_1  .td-doubleSlider-2 .td-item1 {\r\n                        background: url(https:\/\/www.eldiario.net\/portal\/wp-content\/uploads\/2026\/06\/P1-80x60.webp) 0 0 no-repeat;\r\n                    }\r\n                    #tdi_1  .td-doubleSlider-2 .td-item2 {\r\n                        background: url(https:\/\/www.eldiario.net\/portal\/wp-content\/uploads\/2026\/06\/P2-80x60.webp) 0 0 no-repeat;\r\n                    }\r\n                    #tdi_1  .td-doubleSlider-2 .td-item3 {\r\n                        background: url(https:\/\/www.eldiario.net\/portal\/wp-content\/uploads\/2026\/06\/P3-80x60.webp) 0 0 no-repeat;\r\n                    }\r\n                <\/style>\r\n\r\n                <div id=\"tdi_1\" class=\"td-gallery td-slide-on-2-columns\">\r\n                    <div class=\"post_td_gallery\">\r\n                        <div class=\"td-gallery-slide-top\">\r\n                           <div class=\"td-gallery-title\"><\/div>\r\n\r\n                            <div class=\"td-gallery-controls-wrapper\">\r\n                                <div class=\"td-gallery-slide-count\"><span class=\"td-gallery-slide-item-focus\">1<\/span> de 3<\/div>\r\n                                <div class=\"td-gallery-slide-prev-next-but\">\r\n                                    <i class = \"td-icon-left doubleSliderPrevButton\"><\/i>\r\n                                    <i class = \"td-icon-right doubleSliderNextButton\"><\/i>\r\n                                <\/div>\r\n                            <\/div>\r\n                        <\/div>\r\n\r\n                        <div class = \"td-doubleSlider-1 \">\r\n                            <div class = \"td-slider\">\r\n                                \r\n                    <div class = \"td-slide-item td-item1\">\r\n                        <figure class=\"td-slide-galery-figure td-slide-popup-gallery\">\r\n                            <a class=\"slide-gallery-image-link\" href=\"https:\/\/www.eldiario.net\/portal\/wp-content\/uploads\/2026\/06\/P1.webp\" title=\"P1\"  data-caption=\"JAVIER BASTA, DANIEL AGUILAR Y SAHARA GUIDI, EJECUTIVOS DE PIL.\"  data-description=\"JAVIER BASTA, DANIEL AGUILAR Y SAHARA GUIDI, EJECUTIVOS DE PIL.\">\r\n                                <img decoding=\"async\" src=\"https:\/\/www.eldiario.net\/portal\/wp-content\/uploads\/2026\/06\/P1-630x420.webp\" srcset=\"https:\/\/www.eldiario.net\/portal\/wp-content\/uploads\/2026\/06\/P1-630x420.webp 630w, https:\/\/www.eldiario.net\/portal\/wp-content\/uploads\/2026\/06\/P1-300x200.webp 300w, https:\/\/www.eldiario.net\/portal\/wp-content\/uploads\/2026\/06\/P1-1024x682.webp 1024w, https:\/\/www.eldiario.net\/portal\/wp-content\/uploads\/2026\/06\/P1-768x512.webp 768w, https:\/\/www.eldiario.net\/portal\/wp-content\/uploads\/2026\/06\/P1-150x100.webp 150w, https:\/\/www.eldiario.net\/portal\/wp-content\/uploads\/2026\/06\/P1-696x464.webp 696w, https:\/\/www.eldiario.net\/portal\/wp-content\/uploads\/2026\/06\/P1-1068x712.webp 1068w, https:\/\/www.eldiario.net\/portal\/wp-content\/uploads\/2026\/06\/P1.webp 1280w\" sizes=\"(max-width: 630px) 100vw, 630px\" alt=\"\">\r\n                            <\/a>\r\n                            <figcaption class = \"td-slide-caption td-gallery-slide-content\"><div class = \"td-gallery-slide-copywrite\">JAVIER BASTA, DANIEL AGUILAR Y SAHARA GUIDI, EJECUTIVOS DE PIL.<\/div><span>JAVIER BASTA, DANIEL AGUILAR Y SAHARA GUIDI, EJECUTIVOS DE PIL.<\/span><\/figcaption>\r\n                        <\/figure>\r\n                    <\/div>\r\n                    <div class = \"td-slide-item td-item2\">\r\n                        <figure class=\"td-slide-galery-figure td-slide-popup-gallery\">\r\n                            <a class=\"slide-gallery-image-link\" href=\"https:\/\/www.eldiario.net\/portal\/wp-content\/uploads\/2026\/06\/P2.webp\" title=\"P2\"  data-caption=\"DANIEL AGUILAR, GERENTE GENERAL PIL BOLIVIA.\"  data-description=\"DANIEL AGUILAR, GERENTE GENERAL PIL BOLIVIA.\">\r\n                                <img decoding=\"async\" src=\"https:\/\/www.eldiario.net\/portal\/wp-content\/uploads\/2026\/06\/P2-336x420.webp\" srcset=\"https:\/\/www.eldiario.net\/portal\/wp-content\/uploads\/2026\/06\/P2-336x420.webp 336w, https:\/\/www.eldiario.net\/portal\/wp-content\/uploads\/2026\/06\/P2-240x300.webp 240w, https:\/\/www.eldiario.net\/portal\/wp-content\/uploads\/2026\/06\/P2-819x1024.webp 819w, https:\/\/www.eldiario.net\/portal\/wp-content\/uploads\/2026\/06\/P2-768x960.webp 768w, https:\/\/www.eldiario.net\/portal\/wp-content\/uploads\/2026\/06\/P2-150x188.webp 150w, https:\/\/www.eldiario.net\/portal\/wp-content\/uploads\/2026\/06\/P2-300x375.webp 300w, https:\/\/www.eldiario.net\/portal\/wp-content\/uploads\/2026\/06\/P2-696x870.webp 696w, https:\/\/www.eldiario.net\/portal\/wp-content\/uploads\/2026\/06\/P2.webp 1024w\" sizes=\"(max-width: 336px) 100vw, 336px\" alt=\"\">\r\n                            <\/a>\r\n                            <figcaption class = \"td-slide-caption td-gallery-slide-content\"><div class = \"td-gallery-slide-copywrite\">DANIEL AGUILAR, GERENTE GENERAL PIL BOLIVIA.<\/div><span>DANIEL AGUILAR, GERENTE GENERAL PIL BOLIVIA.<\/span><\/figcaption>\r\n                        <\/figure>\r\n                    <\/div>\r\n                    <div class = \"td-slide-item td-item3\">\r\n                        <figure class=\"td-slide-galery-figure td-slide-popup-gallery\">\r\n                            <a class=\"slide-gallery-image-link\" href=\"https:\/\/www.eldiario.net\/portal\/wp-content\/uploads\/2026\/06\/P3.webp\" title=\"P3\"  data-caption=\"EL EQUIPO DE MERCO, QUE PRESIDE CAROLA CAPRA ENTREGA EL \nRECONOCIMIENTO A DANIEL AGUILAR, GTE. GRAL. PIL BOLIVIA.\"  data-description=\"EL EQUIPO DE MERCO, QUE PRESIDE CAROLA CAPRA ENTREGA EL \nRECONOCIMIENTO A DANIEL AGUILAR, GTE. GRAL. PIL BOLIVIA.\">\r\n                                <img decoding=\"async\" src=\"https:\/\/www.eldiario.net\/portal\/wp-content\/uploads\/2026\/06\/P3-336x420.webp\" srcset=\"https:\/\/www.eldiario.net\/portal\/wp-content\/uploads\/2026\/06\/P3-336x420.webp 336w, https:\/\/www.eldiario.net\/portal\/wp-content\/uploads\/2026\/06\/P3-240x300.webp 240w, https:\/\/www.eldiario.net\/portal\/wp-content\/uploads\/2026\/06\/P3-819x1024.webp 819w, https:\/\/www.eldiario.net\/portal\/wp-content\/uploads\/2026\/06\/P3-768x960.webp 768w, https:\/\/www.eldiario.net\/portal\/wp-content\/uploads\/2026\/06\/P3-150x188.webp 150w, https:\/\/www.eldiario.net\/portal\/wp-content\/uploads\/2026\/06\/P3-300x375.webp 300w, https:\/\/www.eldiario.net\/portal\/wp-content\/uploads\/2026\/06\/P3-696x870.webp 696w, https:\/\/www.eldiario.net\/portal\/wp-content\/uploads\/2026\/06\/P3.webp 1024w\" sizes=\"(max-width: 336px) 100vw, 336px\" alt=\"\">\r\n                            <\/a>\r\n                            <figcaption class = \"td-slide-caption td-gallery-slide-content\"><div class = \"td-gallery-slide-copywrite\">EL EQUIPO DE MERCO, QUE PRESIDE CAROLA CAPRA ENTREGA EL \nRECONOCIMIENTO A DANIEL AGUILAR, GTE. GRAL. PIL BOLIVIA.<\/div><span>EL EQUIPO DE MERCO, QUE PRESIDE CAROLA CAPRA ENTREGA EL \nRECONOCIMIENTO A DANIEL AGUILAR, GTE. GRAL. PIL BOLIVIA.<\/span><\/figcaption>\r\n                        <\/figure>\r\n                    <\/div>\r\n                            <\/div>\r\n                        <\/div>\r\n\r\n                        <div class = \"td-doubleSlider-2\">\r\n                            <div class = \"td-slider\">\r\n                                \r\n                    <div class = \"td-button td-item1\">\r\n                        <div class = \"td-border\"><\/div>\r\n                    <\/div>\r\n                    <div class = \"td-button td-item2\">\r\n                        <div class = \"td-border\"><\/div>\r\n                    <\/div>\r\n                    <div class = \"td-button td-item3\">\r\n                        <div class = \"td-border\"><\/div>\r\n                    <\/div>\r\n                            <\/div>\r\n                        <\/div>\r\n\r\n                    <\/div>\r\n\r\n                <\/div>\r\n                \n","protected":false},"excerpt":{"rendered":"<p>Hay marcas que no solo se compran, sino que se transforman en parte de la identidad de un pa\u00eds; nombres que evocan el desayuno en familia, el esfuerzo madrugador del campo y el sabor de lo nuestro. En una noche que celebr\u00f3 la excelencia corporativa a trav\u00e9s del ranking MERCO Empresas Bolivia 2026, PIL Bolivia [&hellip;]<\/p>\n","protected":false},"author":1,"featured_media":401014,"comment_status":"closed","ping_status":"open","sticky":false,"template":"","format":"standard","meta":{"_acf_changed":false,"footnotes":""},"categories":[40],"tags":[],"class_list":["post-401011","post","type-post","status-publish","format-standard","has-post-thumbnail","category-sociales"],"acf":{"antetitulo":""},"yoast_head":"<!-- This site is optimized with the Yoast SEO plugin v28.4 - https:\/\/yoast.com\/product\/yoast-seo-wordpress\/ -->\n<title>PIL Bolivia reafirma su liderazgo en el ranking MERCO dentro del Top 10 nacional y el Top 3 de alimentos - El Diario - Bolivia<\/title>\n<meta name=\"robots\" content=\"index, follow, max-snippet:-1, max-image-preview:large, max-video-preview:-1\" \/>\n<link rel=\"canonical\" href=\"https:\/\/www.eldiario.net\/portal\/2026\/06\/05\/pil-bolivia-reafirma-su-liderazgo-en-el-ranking-merco-dentro-del-top-10-nacional-y-el-top-3-de-alimentos\/\" \/>\n<meta property=\"og:locale\" content=\"es_ES\" \/>\n<meta property=\"og:type\" content=\"article\" \/>\n<meta property=\"og:title\" content=\"PIL Bolivia reafirma su liderazgo en el ranking MERCO dentro del Top 10 nacional y el Top 3 de alimentos - El Diario - Bolivia\" \/>\n<meta property=\"og:description\" content=\"Hay marcas que no solo se compran, sino que se transforman en parte de la identidad de un pa\u00eds; nombres que evocan el desayuno en familia, el esfuerzo madrugador del campo y el sabor de lo nuestro. En una noche que celebr\u00f3 la excelencia corporativa a trav\u00e9s del ranking MERCO Empresas Bolivia 2026, PIL Bolivia [&hellip;]\" \/>\n<meta property=\"og:url\" content=\"https:\/\/www.eldiario.net\/portal\/2026\/06\/05\/pil-bolivia-reafirma-su-liderazgo-en-el-ranking-merco-dentro-del-top-10-nacional-y-el-top-3-de-alimentos\/\" \/>\n<meta property=\"og:site_name\" content=\"El Diario - Bolivia\" \/>\n<meta property=\"article:publisher\" content=\"https:\/\/www.facebook.com\/eldiario.bolivia\/\" \/>\n<meta property=\"article:published_time\" content=\"2026-06-05T12:32:27+00:00\" \/>\n<meta property=\"og:image\" content=\"https:\/\/www.eldiario.net\/portal\/wp-content\/uploads\/2026\/06\/P3.webp\" \/>\n\t<meta property=\"og:image:width\" content=\"1024\" \/>\n\t<meta property=\"og:image:height\" content=\"1280\" \/>\n\t<meta property=\"og:image:type\" content=\"image\/webp\" \/>\n<meta name=\"author\" content=\"Jeanette\" \/>\n<meta name=\"twitter:card\" content=\"summary_large_image\" \/>\n<meta name=\"twitter:creator\" content=\"@eldiario_net\" \/>\n<meta name=\"twitter:site\" content=\"@eldiario_net\" \/>\n<meta name=\"twitter:label1\" content=\"Escrito por\" \/>\n\t<meta name=\"twitter:data1\" content=\"Jeanette\" \/>\n\t<meta name=\"twitter:label2\" content=\"Tiempo de lectura\" \/>\n\t<meta name=\"twitter:data2\" content=\"3 minutos\" \/>\n<script type=\"application\/ld+json\" class=\"yoast-schema-graph\">{\"@context\":\"https:\\\/\\\/schema.org\",\"@graph\":[{\"@type\":\"Article\",\"@id\":\"https:\\\/\\\/www.eldiario.net\\\/portal\\\/2026\\\/06\\\/05\\\/pil-bolivia-reafirma-su-liderazgo-en-el-ranking-merco-dentro-del-top-10-nacional-y-el-top-3-de-alimentos\\\/#article\",\"isPartOf\":{\"@id\":\"https:\\\/\\\/www.eldiario.net\\\/portal\\\/2026\\\/06\\\/05\\\/pil-bolivia-reafirma-su-liderazgo-en-el-ranking-merco-dentro-del-top-10-nacional-y-el-top-3-de-alimentos\\\/\"},\"author\":{\"name\":\"Jeanette\",\"@id\":\"https:\\\/\\\/www.eldiario.net\\\/portal\\\/#\\\/schema\\\/person\\\/2c57cf2b7a7ae032e449e4c9b1019eac\"},\"headline\":\"PIL Bolivia reafirma su liderazgo en el ranking MERCO dentro del Top 10 nacional y el Top 3 de alimentos\",\"datePublished\":\"2026-06-05T12:32:27+00:00\",\"mainEntityOfPage\":{\"@id\":\"https:\\\/\\\/www.eldiario.net\\\/portal\\\/2026\\\/06\\\/05\\\/pil-bolivia-reafirma-su-liderazgo-en-el-ranking-merco-dentro-del-top-10-nacional-y-el-top-3-de-alimentos\\\/\"},\"wordCount\":464,\"publisher\":{\"@id\":\"https:\\\/\\\/www.eldiario.net\\\/portal\\\/#organization\"},\"image\":{\"@id\":\"https:\\\/\\\/www.eldiario.net\\\/portal\\\/2026\\\/06\\\/05\\\/pil-bolivia-reafirma-su-liderazgo-en-el-ranking-merco-dentro-del-top-10-nacional-y-el-top-3-de-alimentos\\\/#primaryimage\"},\"thumbnailUrl\":\"https:\\\/\\\/www.eldiario.net\\\/portal\\\/wp-content\\\/uploads\\\/2026\\\/06\\\/P3.webp\",\"articleSection\":[\"Sociales\"],\"inLanguage\":\"es\"},{\"@type\":\"WebPage\",\"@id\":\"https:\\\/\\\/www.eldiario.net\\\/portal\\\/2026\\\/06\\\/05\\\/pil-bolivia-reafirma-su-liderazgo-en-el-ranking-merco-dentro-del-top-10-nacional-y-el-top-3-de-alimentos\\\/\",\"url\":\"https:\\\/\\\/www.eldiario.net\\\/portal\\\/2026\\\/06\\\/05\\\/pil-bolivia-reafirma-su-liderazgo-en-el-ranking-merco-dentro-del-top-10-nacional-y-el-top-3-de-alimentos\\\/\",\"name\":\"PIL Bolivia reafirma su liderazgo en el ranking MERCO dentro del Top 10 nacional y el Top 3 de alimentos - El Diario - Bolivia\",\"isPartOf\":{\"@id\":\"https:\\\/\\\/www.eldiario.net\\\/portal\\\/#website\"},\"primaryImageOfPage\":{\"@id\":\"https:\\\/\\\/www.eldiario.net\\\/portal\\\/2026\\\/06\\\/05\\\/pil-bolivia-reafirma-su-liderazgo-en-el-ranking-merco-dentro-del-top-10-nacional-y-el-top-3-de-alimentos\\\/#primaryimage\"},\"image\":{\"@id\":\"https:\\\/\\\/www.eldiario.net\\\/portal\\\/2026\\\/06\\\/05\\\/pil-bolivia-reafirma-su-liderazgo-en-el-ranking-merco-dentro-del-top-10-nacional-y-el-top-3-de-alimentos\\\/#primaryimage\"},\"thumbnailUrl\":\"https:\\\/\\\/www.eldiario.net\\\/portal\\\/wp-content\\\/uploads\\\/2026\\\/06\\\/P3.webp\",\"datePublished\":\"2026-06-05T12:32:27+00:00\",\"breadcrumb\":{\"@id\":\"https:\\\/\\\/www.eldiario.net\\\/portal\\\/2026\\\/06\\\/05\\\/pil-bolivia-reafirma-su-liderazgo-en-el-ranking-merco-dentro-del-top-10-nacional-y-el-top-3-de-alimentos\\\/#breadcrumb\"},\"inLanguage\":\"es\",\"potentialAction\":[{\"@type\":\"ReadAction\",\"target\":[\"https:\\\/\\\/www.eldiario.net\\\/portal\\\/2026\\\/06\\\/05\\\/pil-bolivia-reafirma-su-liderazgo-en-el-ranking-merco-dentro-del-top-10-nacional-y-el-top-3-de-alimentos\\\/\"]}]},{\"@type\":\"ImageObject\",\"inLanguage\":\"es\",\"@id\":\"https:\\\/\\\/www.eldiario.net\\\/portal\\\/2026\\\/06\\\/05\\\/pil-bolivia-reafirma-su-liderazgo-en-el-ranking-merco-dentro-del-top-10-nacional-y-el-top-3-de-alimentos\\\/#primaryimage\",\"url\":\"https:\\\/\\\/www.eldiario.net\\\/portal\\\/wp-content\\\/uploads\\\/2026\\\/06\\\/P3.webp\",\"contentUrl\":\"https:\\\/\\\/www.eldiario.net\\\/portal\\\/wp-content\\\/uploads\\\/2026\\\/06\\\/P3.webp\",\"width\":1024,\"height\":1280,\"caption\":\"EL EQUIPO DE MERCO, QUE PRESIDE CAROLA CAPRA ENTREGA EL RECONOCIMIENTO A DANIEL AGUILAR, GTE. GRAL. PIL BOLIVIA.\"},{\"@type\":\"BreadcrumbList\",\"@id\":\"https:\\\/\\\/www.eldiario.net\\\/portal\\\/2026\\\/06\\\/05\\\/pil-bolivia-reafirma-su-liderazgo-en-el-ranking-merco-dentro-del-top-10-nacional-y-el-top-3-de-alimentos\\\/#breadcrumb\",\"itemListElement\":[{\"@type\":\"ListItem\",\"position\":1,\"name\":\"Portada\",\"item\":\"https:\\\/\\\/www.eldiario.net\\\/portal\\\/\"},{\"@type\":\"ListItem\",\"position\":2,\"name\":\"PIL Bolivia reafirma su liderazgo en el ranking MERCO dentro del Top 10 nacional y el Top 3 de alimentos\"}]},{\"@type\":\"WebSite\",\"@id\":\"https:\\\/\\\/www.eldiario.net\\\/portal\\\/#website\",\"url\":\"https:\\\/\\\/www.eldiario.net\\\/portal\\\/\",\"name\":\"El Diario - Decano de la prensa nacional\",\"description\":\"El Diario - Decano de la prensa nacional\",\"publisher\":{\"@id\":\"https:\\\/\\\/www.eldiario.net\\\/portal\\\/#organization\"},\"potentialAction\":[{\"@type\":\"SearchAction\",\"target\":{\"@type\":\"EntryPoint\",\"urlTemplate\":\"https:\\\/\\\/www.eldiario.net\\\/portal\\\/?s={search_term_string}\"},\"query-input\":{\"@type\":\"PropertyValueSpecification\",\"valueRequired\":true,\"valueName\":\"search_term_string\"}}],\"inLanguage\":\"es\"},{\"@type\":\"Organization\",\"@id\":\"https:\\\/\\\/www.eldiario.net\\\/portal\\\/#organization\",\"name\":\"El Diario - Decano de la prensa nacional\",\"url\":\"https:\\\/\\\/www.eldiario.net\\\/portal\\\/\",\"logo\":{\"@type\":\"ImageObject\",\"inLanguage\":\"es\",\"@id\":\"https:\\\/\\\/www.eldiario.net\\\/portal\\\/#\\\/schema\\\/logo\\\/image\\\/\",\"url\":\"https:\\\/\\\/www.eldiario.net\\\/portal\\\/wp-content\\\/uploads\\\/2023\\\/07\\\/logo_ED.jpg\",\"contentUrl\":\"https:\\\/\\\/www.eldiario.net\\\/portal\\\/wp-content\\\/uploads\\\/2023\\\/07\\\/logo_ED.jpg\",\"width\":272,\"height\":52,\"caption\":\"El Diario - Decano de la prensa nacional\"},\"image\":{\"@id\":\"https:\\\/\\\/www.eldiario.net\\\/portal\\\/#\\\/schema\\\/logo\\\/image\\\/\"},\"sameAs\":[\"https:\\\/\\\/www.facebook.com\\\/eldiario.bolivia\\\/\",\"https:\\\/\\\/x.com\\\/eldiario_net\"]},{\"@type\":\"Person\",\"@id\":\"https:\\\/\\\/www.eldiario.net\\\/portal\\\/#\\\/schema\\\/person\\\/2c57cf2b7a7ae032e449e4c9b1019eac\",\"name\":\"Jeanette\",\"image\":{\"@type\":\"ImageObject\",\"inLanguage\":\"es\",\"@id\":\"https:\\\/\\\/secure.gravatar.com\\\/avatar\\\/3ea2118a5f7dad2b7138b1187a6b7ee55f160b9968b66013c3a3ef39dd7e5798?s=96&d=mm&r=g\",\"url\":\"https:\\\/\\\/secure.gravatar.com\\\/avatar\\\/3ea2118a5f7dad2b7138b1187a6b7ee55f160b9968b66013c3a3ef39dd7e5798?s=96&d=mm&r=g\",\"contentUrl\":\"https:\\\/\\\/secure.gravatar.com\\\/avatar\\\/3ea2118a5f7dad2b7138b1187a6b7ee55f160b9968b66013c3a3ef39dd7e5798?s=96&d=mm&r=g\",\"caption\":\"Jeanette\"},\"sameAs\":[\"https:\\\/\\\/www.eldiario.net\\\/portal\"],\"url\":\"https:\\\/\\\/www.eldiario.net\\\/portal\\\/author\\\/jeanette\\\/\"}]}<\/script>\n<!-- \/ Yoast SEO plugin. -->","yoast_head_json":{"title":"PIL Bolivia reafirma su liderazgo en el ranking MERCO dentro del Top 10 nacional y el Top 3 de alimentos - El Diario - Bolivia","robots":{"index":"index","follow":"follow","max-snippet":"max-snippet:-1","max-image-preview":"max-image-preview:large","max-video-preview":"max-video-preview:-1"},"canonical":"https:\/\/www.eldiario.net\/portal\/2026\/06\/05\/pil-bolivia-reafirma-su-liderazgo-en-el-ranking-merco-dentro-del-top-10-nacional-y-el-top-3-de-alimentos\/","og_locale":"es_ES","og_type":"article","og_title":"PIL Bolivia reafirma su liderazgo en el ranking MERCO dentro del Top 10 nacional y el Top 3 de alimentos - El Diario - Bolivia","og_description":"Hay marcas que no solo se compran, sino que se transforman en parte de la identidad de un pa\u00eds; nombres que evocan el desayuno en familia, el esfuerzo madrugador del campo y el sabor de lo nuestro. En una noche que celebr\u00f3 la excelencia corporativa a trav\u00e9s del ranking MERCO Empresas Bolivia 2026, PIL Bolivia [&hellip;]","og_url":"https:\/\/www.eldiario.net\/portal\/2026\/06\/05\/pil-bolivia-reafirma-su-liderazgo-en-el-ranking-merco-dentro-del-top-10-nacional-y-el-top-3-de-alimentos\/","og_site_name":"El Diario - Bolivia","article_publisher":"https:\/\/www.facebook.com\/eldiario.bolivia\/","article_published_time":"2026-06-05T12:32:27+00:00","og_image":[{"width":1024,"height":1280,"url":"https:\/\/www.eldiario.net\/portal\/wp-content\/uploads\/2026\/06\/P3.webp","type":"image\/webp"}],"author":"Jeanette","twitter_card":"summary_large_image","twitter_creator":"@eldiario_net","twitter_site":"@eldiario_net","twitter_misc":{"Escrito por":"Jeanette","Tiempo de lectura":"3 minutos"},"schema":{"@context":"https:\/\/schema.org","@graph":[{"@type":"Article","@id":"https:\/\/www.eldiario.net\/portal\/2026\/06\/05\/pil-bolivia-reafirma-su-liderazgo-en-el-ranking-merco-dentro-del-top-10-nacional-y-el-top-3-de-alimentos\/#article","isPartOf":{"@id":"https:\/\/www.eldiario.net\/portal\/2026\/06\/05\/pil-bolivia-reafirma-su-liderazgo-en-el-ranking-merco-dentro-del-top-10-nacional-y-el-top-3-de-alimentos\/"},"author":{"name":"Jeanette","@id":"https:\/\/www.eldiario.net\/portal\/#\/schema\/person\/2c57cf2b7a7ae032e449e4c9b1019eac"},"headline":"PIL Bolivia reafirma su liderazgo en el ranking MERCO dentro del Top 10 nacional y el Top 3 de alimentos","datePublished":"2026-06-05T12:32:27+00:00","mainEntityOfPage":{"@id":"https:\/\/www.eldiario.net\/portal\/2026\/06\/05\/pil-bolivia-reafirma-su-liderazgo-en-el-ranking-merco-dentro-del-top-10-nacional-y-el-top-3-de-alimentos\/"},"wordCount":464,"publisher":{"@id":"https:\/\/www.eldiario.net\/portal\/#organization"},"image":{"@id":"https:\/\/www.eldiario.net\/portal\/2026\/06\/05\/pil-bolivia-reafirma-su-liderazgo-en-el-ranking-merco-dentro-del-top-10-nacional-y-el-top-3-de-alimentos\/#primaryimage"},"thumbnailUrl":"https:\/\/www.eldiario.net\/portal\/wp-content\/uploads\/2026\/06\/P3.webp","articleSection":["Sociales"],"inLanguage":"es"},{"@type":"WebPage","@id":"https:\/\/www.eldiario.net\/portal\/2026\/06\/05\/pil-bolivia-reafirma-su-liderazgo-en-el-ranking-merco-dentro-del-top-10-nacional-y-el-top-3-de-alimentos\/","url":"https:\/\/www.eldiario.net\/portal\/2026\/06\/05\/pil-bolivia-reafirma-su-liderazgo-en-el-ranking-merco-dentro-del-top-10-nacional-y-el-top-3-de-alimentos\/","name":"PIL Bolivia reafirma su liderazgo en el ranking MERCO dentro del Top 10 nacional y el Top 3 de alimentos - El Diario - Bolivia","isPartOf":{"@id":"https:\/\/www.eldiario.net\/portal\/#website"},"primaryImageOfPage":{"@id":"https:\/\/www.eldiario.net\/portal\/2026\/06\/05\/pil-bolivia-reafirma-su-liderazgo-en-el-ranking-merco-dentro-del-top-10-nacional-y-el-top-3-de-alimentos\/#primaryimage"},"image":{"@id":"https:\/\/www.eldiario.net\/portal\/2026\/06\/05\/pil-bolivia-reafirma-su-liderazgo-en-el-ranking-merco-dentro-del-top-10-nacional-y-el-top-3-de-alimentos\/#primaryimage"},"thumbnailUrl":"https:\/\/www.eldiario.net\/portal\/wp-content\/uploads\/2026\/06\/P3.webp","datePublished":"2026-06-05T12:32:27+00:00","breadcrumb":{"@id":"https:\/\/www.eldiario.net\/portal\/2026\/06\/05\/pil-bolivia-reafirma-su-liderazgo-en-el-ranking-merco-dentro-del-top-10-nacional-y-el-top-3-de-alimentos\/#breadcrumb"},"inLanguage":"es","potentialAction":[{"@type":"ReadAction","target":["https:\/\/www.eldiario.net\/portal\/2026\/06\/05\/pil-bolivia-reafirma-su-liderazgo-en-el-ranking-merco-dentro-del-top-10-nacional-y-el-top-3-de-alimentos\/"]}]},{"@type":"ImageObject","inLanguage":"es","@id":"https:\/\/www.eldiario.net\/portal\/2026\/06\/05\/pil-bolivia-reafirma-su-liderazgo-en-el-ranking-merco-dentro-del-top-10-nacional-y-el-top-3-de-alimentos\/#primaryimage","url":"https:\/\/www.eldiario.net\/portal\/wp-content\/uploads\/2026\/06\/P3.webp","contentUrl":"https:\/\/www.eldiario.net\/portal\/wp-content\/uploads\/2026\/06\/P3.webp","width":1024,"height":1280,"caption":"EL EQUIPO DE MERCO, QUE PRESIDE CAROLA CAPRA ENTREGA EL RECONOCIMIENTO A DANIEL AGUILAR, GTE. GRAL. PIL BOLIVIA."},{"@type":"BreadcrumbList","@id":"https:\/\/www.eldiario.net\/portal\/2026\/06\/05\/pil-bolivia-reafirma-su-liderazgo-en-el-ranking-merco-dentro-del-top-10-nacional-y-el-top-3-de-alimentos\/#breadcrumb","itemListElement":[{"@type":"ListItem","position":1,"name":"Portada","item":"https:\/\/www.eldiario.net\/portal\/"},{"@type":"ListItem","position":2,"name":"PIL Bolivia reafirma su liderazgo en el ranking MERCO dentro del Top 10 nacional y el Top 3 de alimentos"}]},{"@type":"WebSite","@id":"https:\/\/www.eldiario.net\/portal\/#website","url":"https:\/\/www.eldiario.net\/portal\/","name":"El Diario - Decano de la prensa nacional","description":"El Diario - Decano de la prensa nacional","publisher":{"@id":"https:\/\/www.eldiario.net\/portal\/#organization"},"potentialAction":[{"@type":"SearchAction","target":{"@type":"EntryPoint","urlTemplate":"https:\/\/www.eldiario.net\/portal\/?s={search_term_string}"},"query-input":{"@type":"PropertyValueSpecification","valueRequired":true,"valueName":"search_term_string"}}],"inLanguage":"es"},{"@type":"Organization","@id":"https:\/\/www.eldiario.net\/portal\/#organization","name":"El Diario - Decano de la prensa nacional","url":"https:\/\/www.eldiario.net\/portal\/","logo":{"@type":"ImageObject","inLanguage":"es","@id":"https:\/\/www.eldiario.net\/portal\/#\/schema\/logo\/image\/","url":"https:\/\/www.eldiario.net\/portal\/wp-content\/uploads\/2023\/07\/logo_ED.jpg","contentUrl":"https:\/\/www.eldiario.net\/portal\/wp-content\/uploads\/2023\/07\/logo_ED.jpg","width":272,"height":52,"caption":"El Diario - Decano de la prensa nacional"},"image":{"@id":"https:\/\/www.eldiario.net\/portal\/#\/schema\/logo\/image\/"},"sameAs":["https:\/\/www.facebook.com\/eldiario.bolivia\/","https:\/\/x.com\/eldiario_net"]},{"@type":"Person","@id":"https:\/\/www.eldiario.net\/portal\/#\/schema\/person\/2c57cf2b7a7ae032e449e4c9b1019eac","name":"Jeanette","image":{"@type":"ImageObject","inLanguage":"es","@id":"https:\/\/secure.gravatar.com\/avatar\/3ea2118a5f7dad2b7138b1187a6b7ee55f160b9968b66013c3a3ef39dd7e5798?s=96&d=mm&r=g","url":"https:\/\/secure.gravatar.com\/avatar\/3ea2118a5f7dad2b7138b1187a6b7ee55f160b9968b66013c3a3ef39dd7e5798?s=96&d=mm&r=g","contentUrl":"https:\/\/secure.gravatar.com\/avatar\/3ea2118a5f7dad2b7138b1187a6b7ee55f160b9968b66013c3a3ef39dd7e5798?s=96&d=mm&r=g","caption":"Jeanette"},"sameAs":["https:\/\/www.eldiario.net\/portal"],"url":"https:\/\/www.eldiario.net\/portal\/author\/jeanette\/"}]}},"_links":{"self":[{"href":"https:\/\/www.eldiario.net\/portal\/wp-json\/wp\/v2\/posts\/401011","targetHints":{"allow":["GET"]}}],"collection":[{"href":"https:\/\/www.eldiario.net\/portal\/wp-json\/wp\/v2\/posts"}],"about":[{"href":"https:\/\/www.eldiario.net\/portal\/wp-json\/wp\/v2\/types\/post"}],"author":[{"embeddable":true,"href":"https:\/\/www.eldiario.net\/portal\/wp-json\/wp\/v2\/users\/1"}],"replies":[{"embeddable":true,"href":"https:\/\/www.eldiario.net\/portal\/wp-json\/wp\/v2\/comments?post=401011"}],"version-history":[{"count":1,"href":"https:\/\/www.eldiario.net\/portal\/wp-json\/wp\/v2\/posts\/401011\/revisions"}],"predecessor-version":[{"id":401015,"href":"https:\/\/www.eldiario.net\/portal\/wp-json\/wp\/v2\/posts\/401011\/revisions\/401015"}],"wp:featuredmedia":[{"embeddable":true,"href":"https:\/\/www.eldiario.net\/portal\/wp-json\/wp\/v2\/media\/401014"}],"wp:attachment":[{"href":"https:\/\/www.eldiario.net\/portal\/wp-json\/wp\/v2\/media?parent=401011"}],"wp:term":[{"taxonomy":"category","embeddable":true,"href":"https:\/\/www.eldiario.net\/portal\/wp-json\/wp\/v2\/categories?post=401011"},{"taxonomy":"post_tag","embeddable":true,"href":"https:\/\/www.eldiario.net\/portal\/wp-json\/wp\/v2\/tags?post=401011"}],"curies":[{"name":"wp","href":"https:\/\/api.w.org\/{rel}","templated":true}]}}