{"id":401003,"date":"2026-06-05T08:30:20","date_gmt":"2026-06-05T12:30:20","guid":{"rendered":"https:\/\/www.eldiario.net\/portal\/?p=401003"},"modified":"2026-06-05T08:30:20","modified_gmt":"2026-06-05T12:30:20","slug":"noche-de-suspenso-en-la-avant-premier-de-el-pasajero-del-diablo","status":"publish","type":"post","link":"https:\/\/www.eldiario.net\/portal\/2026\/06\/05\/noche-de-suspenso-en-la-avant-premier-de-el-pasajero-del-diablo\/","title":{"rendered":"Noche de suspenso en la avant premier de El pasajero del diablo"},"content":{"rendered":"<p>El Cine Center abri\u00f3 sus puertas para recibir la esperada avant premier de El pasajero del diablo, la nueva propuesta de Paramount Pictures distribuida por Andes Films. Al evento asistieron invitados especiales y fan\u00e1ticos del g\u00e9nero, quienes disfrutaron de una velada marcada por la tensi\u00f3n y la adrenalina.<br \/>\nLa atm\u00f3sfera inquietante de la pel\u00edcula \u2014que sigue la pesadilla en carretera de una pareja acechada por una presencia oscura\u2014 mantuvo al p\u00fablico al borde de sus asientos durante sus 94 minutos de duraci\u00f3n.<br \/>\n\u201cOfrece una experiencia intensa que combina misterio y tensi\u00f3n psicol\u00f3gica de principio a fin\u201d, destac\u00f3 Sandra Cortez, gerente de marketing de Andes Films, quien adem\u00e1s resalt\u00f3 la impecable direcci\u00f3n del aclamado cineasta Andr\u00e9 \u00d8vredal.<br \/>\nTras la funci\u00f3n, las reacciones del p\u00fablico confirmaron el impacto de esta nueva propuesta de terror, que ya se encuentra disponible en las principales salas del pa\u00eds.<\/p>\n\r\n                <style type=\"text\/css\">\r\n                    \r\n                    #tdi_1  .td-doubleSlider-2 .td-item1 {\r\n                        background: url(https:\/\/www.eldiario.net\/portal\/wp-content\/uploads\/2026\/06\/Anahy-Ruiz-gerente-de-marketing-de-Cine-Center-y-Sandra-Cortez-gerente-de-marketing-de-Andes-Films-80x60.webp) 0 0 no-repeat;\r\n                    }\r\n                    #tdi_1  .td-doubleSlider-2 .td-item2 {\r\n                        background: url(https:\/\/www.eldiario.net\/portal\/wp-content\/uploads\/2026\/06\/Angel-Ortiz-y-Manuel-Ortiz-80x60.webp) 0 0 no-repeat;\r\n                    }\r\n                    #tdi_1  .td-doubleSlider-2 .td-item3 {\r\n                        background: url(https:\/\/www.eldiario.net\/portal\/wp-content\/uploads\/2026\/06\/Diego-Lozen-y-Tintas-de-Sol-80x60.webp) 0 0 no-repeat;\r\n                    }\r\n                    #tdi_1  .td-doubleSlider-2 .td-item4 {\r\n                        background: url(https:\/\/www.eldiario.net\/portal\/wp-content\/uploads\/2026\/06\/Felipe-Ferreira-y-Carlos-Hugo-80x60.webp) 0 0 no-repeat;\r\n                    }\r\n                    #tdi_1  .td-doubleSlider-2 .td-item5 {\r\n                        background: url(https:\/\/www.eldiario.net\/portal\/wp-content\/uploads\/2026\/06\/Jacob-Scipio-Andre-Ovredal-y-Lou-Llobell-80x60.webp) 0 0 no-repeat;\r\n                    }\r\n                    #tdi_1  .td-doubleSlider-2 .td-item6 {\r\n                        background: url(https:\/\/www.eldiario.net\/portal\/wp-content\/uploads\/2026\/06\/Jhilary-Duran-y-Maicol-Zabala-80x60.webp) 0 0 no-repeat;\r\n                    }\r\n                <\/style>\r\n\r\n                <div id=\"tdi_1\" class=\"td-gallery td-slide-on-2-columns\">\r\n                    <div class=\"post_td_gallery\">\r\n                        <div class=\"td-gallery-slide-top\">\r\n                           <div class=\"td-gallery-title\"><\/div>\r\n\r\n                            <div class=\"td-gallery-controls-wrapper\">\r\n                                <div class=\"td-gallery-slide-count\"><span class=\"td-gallery-slide-item-focus\">1<\/span> de 6<\/div>\r\n                                <div class=\"td-gallery-slide-prev-next-but\">\r\n                                    <i class = \"td-icon-left doubleSliderPrevButton\"><\/i>\r\n                                    <i class = \"td-icon-right doubleSliderNextButton\"><\/i>\r\n                                <\/div>\r\n                            <\/div>\r\n                        <\/div>\r\n\r\n                        <div class = \"td-doubleSlider-1 \">\r\n                            <div class = \"td-slider\">\r\n                                \r\n                    <div class = \"td-slide-item td-item1\">\r\n                        <figure class=\"td-slide-galery-figure td-slide-popup-gallery\">\r\n                            <a class=\"slide-gallery-image-link\" href=\"https:\/\/www.eldiario.net\/portal\/wp-content\/uploads\/2026\/06\/Anahy-Ruiz-gerente-de-marketing-de-Cine-Center-y-Sandra-Cortez-gerente-de-marketing-de-Andes-Films.webp\" title=\"Anahy-Ruiz,-gerente-de-marketing-de-Cine-Center-y-Sandra-Cortez,-gerente-de-marketing-de-Andes-Films\"  data-caption=\"\nANAHY RUIZ, GERENTE DE MARKETING DE CINE \nCENTER Y \nSANDRA \nCORTEZ, GERENTE DE MARKETING DE ANDES FILMS.\"  data-description=\"\nANAHY RUIZ, GERENTE DE MARKETING DE CINE \nCENTER Y \nSANDRA \nCORTEZ, GERENTE DE MARKETING DE ANDES FILMS.\">\r\n                                <img decoding=\"async\" src=\"https:\/\/www.eldiario.net\/portal\/wp-content\/uploads\/2026\/06\/Anahy-Ruiz-gerente-de-marketing-de-Cine-Center-y-Sandra-Cortez-gerente-de-marketing-de-Andes-Films-470x420.webp\" srcset=\"https:\/\/www.eldiario.net\/portal\/wp-content\/uploads\/2026\/06\/Anahy-Ruiz-gerente-de-marketing-de-Cine-Center-y-Sandra-Cortez-gerente-de-marketing-de-Andes-Films-470x420.webp 470w, https:\/\/www.eldiario.net\/portal\/wp-content\/uploads\/2026\/06\/Anahy-Ruiz-gerente-de-marketing-de-Cine-Center-y-Sandra-Cortez-gerente-de-marketing-de-Andes-Films-300x268.webp 300w, https:\/\/www.eldiario.net\/portal\/wp-content\/uploads\/2026\/06\/Anahy-Ruiz-gerente-de-marketing-de-Cine-Center-y-Sandra-Cortez-gerente-de-marketing-de-Andes-Films-768x686.webp 768w, https:\/\/www.eldiario.net\/portal\/wp-content\/uploads\/2026\/06\/Anahy-Ruiz-gerente-de-marketing-de-Cine-Center-y-Sandra-Cortez-gerente-de-marketing-de-Andes-Films-150x134.webp 150w, https:\/\/www.eldiario.net\/portal\/wp-content\/uploads\/2026\/06\/Anahy-Ruiz-gerente-de-marketing-de-Cine-Center-y-Sandra-Cortez-gerente-de-marketing-de-Andes-Films-696x622.webp 696w, https:\/\/www.eldiario.net\/portal\/wp-content\/uploads\/2026\/06\/Anahy-Ruiz-gerente-de-marketing-de-Cine-Center-y-Sandra-Cortez-gerente-de-marketing-de-Andes-Films.webp 864w\" sizes=\"(max-width: 470px) 100vw, 470px\" alt=\"\">\r\n                            <\/a>\r\n                            <figcaption class = \"td-slide-caption td-gallery-slide-content\"><div class = \"td-gallery-slide-copywrite\">\nANAHY RUIZ, GERENTE DE MARKETING DE CINE \nCENTER Y \nSANDRA \nCORTEZ, GERENTE DE MARKETING DE ANDES FILMS.<\/div><span>\nANAHY RUIZ, GERENTE DE MARKETING DE CINE \nCENTER Y \nSANDRA \nCORTEZ, GERENTE DE MARKETING DE ANDES FILMS.<\/span><\/figcaption>\r\n                        <\/figure>\r\n                    <\/div>\r\n                    <div class = \"td-slide-item td-item2\">\r\n                        <figure class=\"td-slide-galery-figure td-slide-popup-gallery\">\r\n                            <a class=\"slide-gallery-image-link\" href=\"https:\/\/www.eldiario.net\/portal\/wp-content\/uploads\/2026\/06\/Angel-Ortiz-y-Manuel-Ortiz.webp\" title=\"\u00c1ngel-Ortiz-y-Manuel-Ortiz\"  data-caption=\"\n\u00c1NGEL ORTIZ Y MANUEL ORTIZ.\"  data-description=\"\n&Aacute;NGEL ORTIZ Y MANUEL ORTIZ.\">\r\n                                <img decoding=\"async\" src=\"https:\/\/www.eldiario.net\/portal\/wp-content\/uploads\/2026\/06\/Angel-Ortiz-y-Manuel-Ortiz-429x420.webp\" srcset=\"https:\/\/www.eldiario.net\/portal\/wp-content\/uploads\/2026\/06\/Angel-Ortiz-y-Manuel-Ortiz-429x420.webp 429w, https:\/\/www.eldiario.net\/portal\/wp-content\/uploads\/2026\/06\/Angel-Ortiz-y-Manuel-Ortiz-300x294.webp 300w, https:\/\/www.eldiario.net\/portal\/wp-content\/uploads\/2026\/06\/Angel-Ortiz-y-Manuel-Ortiz-768x752.webp 768w, https:\/\/www.eldiario.net\/portal\/wp-content\/uploads\/2026\/06\/Angel-Ortiz-y-Manuel-Ortiz-150x147.webp 150w, https:\/\/www.eldiario.net\/portal\/wp-content\/uploads\/2026\/06\/Angel-Ortiz-y-Manuel-Ortiz-696x682.webp 696w, https:\/\/www.eldiario.net\/portal\/wp-content\/uploads\/2026\/06\/Angel-Ortiz-y-Manuel-Ortiz.webp 864w\" sizes=\"(max-width: 429px) 100vw, 429px\" alt=\"\">\r\n                            <\/a>\r\n                            <figcaption class = \"td-slide-caption td-gallery-slide-content\"><div class = \"td-gallery-slide-copywrite\">\n\u00c1NGEL ORTIZ Y MANUEL ORTIZ.<\/div><span>\n\u00c1NGEL ORTIZ Y MANUEL ORTIZ.<\/span><\/figcaption>\r\n                        <\/figure>\r\n                    <\/div>\r\n                    <div class = \"td-slide-item td-item3\">\r\n                        <figure class=\"td-slide-galery-figure td-slide-popup-gallery\">\r\n                            <a class=\"slide-gallery-image-link\" href=\"https:\/\/www.eldiario.net\/portal\/wp-content\/uploads\/2026\/06\/Diego-Lozen-y-Tintas-de-Sol.webp\" title=\"Diego-Lozen-y-Tintas-de-Sol\"  data-caption=\"DIEGO LOZEN Y TINTAS DE SOL.\"  data-description=\"DIEGO LOZEN Y TINTAS DE SOL.\">\r\n                                <img decoding=\"async\" src=\"https:\/\/www.eldiario.net\/portal\/wp-content\/uploads\/2026\/06\/Diego-Lozen-y-Tintas-de-Sol-462x420.webp\" srcset=\"https:\/\/www.eldiario.net\/portal\/wp-content\/uploads\/2026\/06\/Diego-Lozen-y-Tintas-de-Sol-462x420.webp 462w, https:\/\/www.eldiario.net\/portal\/wp-content\/uploads\/2026\/06\/Diego-Lozen-y-Tintas-de-Sol-300x273.webp 300w, https:\/\/www.eldiario.net\/portal\/wp-content\/uploads\/2026\/06\/Diego-Lozen-y-Tintas-de-Sol-768x699.webp 768w, https:\/\/www.eldiario.net\/portal\/wp-content\/uploads\/2026\/06\/Diego-Lozen-y-Tintas-de-Sol-150x136.webp 150w, https:\/\/www.eldiario.net\/portal\/wp-content\/uploads\/2026\/06\/Diego-Lozen-y-Tintas-de-Sol-696x633.webp 696w, https:\/\/www.eldiario.net\/portal\/wp-content\/uploads\/2026\/06\/Diego-Lozen-y-Tintas-de-Sol.webp 864w\" sizes=\"(max-width: 462px) 100vw, 462px\" alt=\"\">\r\n                            <\/a>\r\n                            <figcaption class = \"td-slide-caption td-gallery-slide-content\"><div class = \"td-gallery-slide-copywrite\">DIEGO LOZEN Y TINTAS DE SOL.<\/div><span>DIEGO LOZEN Y TINTAS DE SOL.<\/span><\/figcaption>\r\n                        <\/figure>\r\n                    <\/div>\r\n                    <div class = \"td-slide-item td-item4\">\r\n                        <figure class=\"td-slide-galery-figure td-slide-popup-gallery\">\r\n                            <a class=\"slide-gallery-image-link\" href=\"https:\/\/www.eldiario.net\/portal\/wp-content\/uploads\/2026\/06\/Felipe-Ferreira-y-Carlos-Hugo.webp\" title=\"Felipe-Ferreira-y-Carlos-Hugo\"  data-caption=\"FELIPE FERREIRA Y CARLOS HUGO.\"  data-description=\"FELIPE FERREIRA Y CARLOS HUGO.\">\r\n                                <img decoding=\"async\" src=\"https:\/\/www.eldiario.net\/portal\/wp-content\/uploads\/2026\/06\/Felipe-Ferreira-y-Carlos-Hugo-423x420.webp\" srcset=\"https:\/\/www.eldiario.net\/portal\/wp-content\/uploads\/2026\/06\/Felipe-Ferreira-y-Carlos-Hugo-423x420.webp 423w, https:\/\/www.eldiario.net\/portal\/wp-content\/uploads\/2026\/06\/Felipe-Ferreira-y-Carlos-Hugo-300x298.webp 300w, https:\/\/www.eldiario.net\/portal\/wp-content\/uploads\/2026\/06\/Felipe-Ferreira-y-Carlos-Hugo-150x149.webp 150w, https:\/\/www.eldiario.net\/portal\/wp-content\/uploads\/2026\/06\/Felipe-Ferreira-y-Carlos-Hugo-768x762.webp 768w, https:\/\/www.eldiario.net\/portal\/wp-content\/uploads\/2026\/06\/Felipe-Ferreira-y-Carlos-Hugo-696x690.webp 696w, https:\/\/www.eldiario.net\/portal\/wp-content\/uploads\/2026\/06\/Felipe-Ferreira-y-Carlos-Hugo.webp 864w\" sizes=\"(max-width: 423px) 100vw, 423px\" alt=\"\">\r\n                            <\/a>\r\n                            <figcaption class = \"td-slide-caption td-gallery-slide-content\"><div class = \"td-gallery-slide-copywrite\">FELIPE FERREIRA Y CARLOS HUGO.<\/div><span>FELIPE FERREIRA Y CARLOS HUGO.<\/span><\/figcaption>\r\n                        <\/figure>\r\n                    <\/div>\r\n                    <div class = \"td-slide-item td-item5\">\r\n                        <figure class=\"td-slide-galery-figure td-slide-popup-gallery\">\r\n                            <a class=\"slide-gallery-image-link\" href=\"https:\/\/www.eldiario.net\/portal\/wp-content\/uploads\/2026\/06\/Jacob-Scipio-Andre-Ovredal-y-Lou-Llobell.webp\" title=\"Jacob-Scipio,-Andr\u00e9-\u00d8vredal-y-Lou-Llobell\"  data-caption=\"JACOB SCIPIO, ANDR\u00c9 \n\u00d8VREDAL Y LOU LLOBELL.\"  data-description=\"JACOB SCIPIO, ANDR&Eacute; \n&Oslash;VREDAL Y LOU LLOBELL.\">\r\n                                <img decoding=\"async\" src=\"https:\/\/www.eldiario.net\/portal\/wp-content\/uploads\/2026\/06\/Jacob-Scipio-Andre-Ovredal-y-Lou-Llobell-633x420.webp\" srcset=\"https:\/\/www.eldiario.net\/portal\/wp-content\/uploads\/2026\/06\/Jacob-Scipio-Andre-Ovredal-y-Lou-Llobell-633x420.webp 633w, https:\/\/www.eldiario.net\/portal\/wp-content\/uploads\/2026\/06\/Jacob-Scipio-Andre-Ovredal-y-Lou-Llobell-300x199.webp 300w, https:\/\/www.eldiario.net\/portal\/wp-content\/uploads\/2026\/06\/Jacob-Scipio-Andre-Ovredal-y-Lou-Llobell-768x510.webp 768w, https:\/\/www.eldiario.net\/portal\/wp-content\/uploads\/2026\/06\/Jacob-Scipio-Andre-Ovredal-y-Lou-Llobell-150x100.webp 150w, https:\/\/www.eldiario.net\/portal\/wp-content\/uploads\/2026\/06\/Jacob-Scipio-Andre-Ovredal-y-Lou-Llobell-696x462.webp 696w, https:\/\/www.eldiario.net\/portal\/wp-content\/uploads\/2026\/06\/Jacob-Scipio-Andre-Ovredal-y-Lou-Llobell.webp 990w\" sizes=\"(max-width: 633px) 100vw, 633px\" alt=\"\">\r\n                            <\/a>\r\n                            <figcaption class = \"td-slide-caption td-gallery-slide-content\"><div class = \"td-gallery-slide-copywrite\">JACOB SCIPIO, ANDR\u00c9 \n\u00d8VREDAL Y LOU LLOBELL.<\/div><span>JACOB SCIPIO, ANDR\u00c9 \n\u00d8VREDAL Y LOU LLOBELL.<\/span><\/figcaption>\r\n                        <\/figure>\r\n                    <\/div>\r\n                    <div class = \"td-slide-item td-item6\">\r\n                        <figure class=\"td-slide-galery-figure td-slide-popup-gallery\">\r\n                            <a class=\"slide-gallery-image-link\" href=\"https:\/\/www.eldiario.net\/portal\/wp-content\/uploads\/2026\/06\/Jhilary-Duran-y-Maicol-Zabala.webp\" title=\"Jhilary-Dur\u00e1n-y-Maicol-Zabala\"  data-caption=\"JHILARY DUR\u00c1N Y MAICOL ZABALA.\"  data-description=\"JHILARY DUR&Aacute;N Y MAICOL ZABALA.\">\r\n                                <img decoding=\"async\" src=\"https:\/\/www.eldiario.net\/portal\/wp-content\/uploads\/2026\/06\/Jhilary-Duran-y-Maicol-Zabala-358x420.webp\" srcset=\"https:\/\/www.eldiario.net\/portal\/wp-content\/uploads\/2026\/06\/Jhilary-Duran-y-Maicol-Zabala-358x420.webp 358w, https:\/\/www.eldiario.net\/portal\/wp-content\/uploads\/2026\/06\/Jhilary-Duran-y-Maicol-Zabala-256x300.webp 256w, https:\/\/www.eldiario.net\/portal\/wp-content\/uploads\/2026\/06\/Jhilary-Duran-y-Maicol-Zabala-768x901.webp 768w, https:\/\/www.eldiario.net\/portal\/wp-content\/uploads\/2026\/06\/Jhilary-Duran-y-Maicol-Zabala-150x176.webp 150w, https:\/\/www.eldiario.net\/portal\/wp-content\/uploads\/2026\/06\/Jhilary-Duran-y-Maicol-Zabala-300x352.webp 300w, https:\/\/www.eldiario.net\/portal\/wp-content\/uploads\/2026\/06\/Jhilary-Duran-y-Maicol-Zabala-696x817.webp 696w, https:\/\/www.eldiario.net\/portal\/wp-content\/uploads\/2026\/06\/Jhilary-Duran-y-Maicol-Zabala.webp 864w\" sizes=\"(max-width: 358px) 100vw, 358px\" alt=\"\">\r\n                            <\/a>\r\n                            <figcaption class = \"td-slide-caption td-gallery-slide-content\"><div class = \"td-gallery-slide-copywrite\">JHILARY DUR\u00c1N Y MAICOL ZABALA.<\/div><span>JHILARY DUR\u00c1N Y MAICOL ZABALA.<\/span><\/figcaption>\r\n                        <\/figure>\r\n                    <\/div>\r\n                            <\/div>\r\n                        <\/div>\r\n\r\n                        <div class = \"td-doubleSlider-2\">\r\n                            <div class = \"td-slider\">\r\n                                \r\n                    <div class = \"td-button td-item1\">\r\n                        <div class = \"td-border\"><\/div>\r\n                    <\/div>\r\n                    <div class = \"td-button td-item2\">\r\n                        <div class = \"td-border\"><\/div>\r\n                    <\/div>\r\n                    <div class = \"td-button td-item3\">\r\n                        <div class = \"td-border\"><\/div>\r\n                    <\/div>\r\n                    <div class = \"td-button td-item4\">\r\n                        <div class = \"td-border\"><\/div>\r\n                    <\/div>\r\n                    <div class = \"td-button td-item5\">\r\n                        <div class = \"td-border\"><\/div>\r\n                    <\/div>\r\n                    <div class = \"td-button td-item6\">\r\n                        <div class = \"td-border\"><\/div>\r\n                    <\/div>\r\n                            <\/div>\r\n                        <\/div>\r\n\r\n                    <\/div>\r\n\r\n                <\/div>\r\n                \n","protected":false},"excerpt":{"rendered":"<p>El Cine Center abri\u00f3 sus puertas para recibir la esperada avant premier de El pasajero del diablo, la nueva propuesta de Paramount Pictures distribuida por Andes Films. Al evento asistieron invitados especiales y fan\u00e1ticos del g\u00e9nero, quienes disfrutaron de una velada marcada por la tensi\u00f3n y la adrenalina. La atm\u00f3sfera inquietante de la pel\u00edcula \u2014que [&hellip;]<\/p>\n","protected":false},"author":1,"featured_media":401004,"comment_status":"closed","ping_status":"open","sticky":false,"template":"","format":"standard","meta":{"_acf_changed":false,"footnotes":""},"categories":[40],"tags":[],"class_list":["post-401003","post","type-post","status-publish","format-standard","has-post-thumbnail","category-sociales"],"acf":{"antetitulo":""},"yoast_head":"<!-- This site is optimized with the Yoast SEO plugin v28.4 - https:\/\/yoast.com\/product\/yoast-seo-wordpress\/ -->\n<title>Noche de suspenso en la avant premier de El pasajero del diablo - El Diario - Bolivia<\/title>\n<meta name=\"robots\" content=\"index, follow, max-snippet:-1, max-image-preview:large, max-video-preview:-1\" \/>\n<link rel=\"canonical\" href=\"https:\/\/www.eldiario.net\/portal\/2026\/06\/05\/noche-de-suspenso-en-la-avant-premier-de-el-pasajero-del-diablo\/\" \/>\n<meta property=\"og:locale\" content=\"es_ES\" \/>\n<meta property=\"og:type\" content=\"article\" \/>\n<meta property=\"og:title\" content=\"Noche de suspenso en la avant premier de El pasajero del diablo - El Diario - Bolivia\" \/>\n<meta property=\"og:description\" content=\"El Cine Center abri\u00f3 sus puertas para recibir la esperada avant premier de El pasajero del diablo, la nueva propuesta de Paramount Pictures distribuida por Andes Films. Al evento asistieron invitados especiales y fan\u00e1ticos del g\u00e9nero, quienes disfrutaron de una velada marcada por la tensi\u00f3n y la adrenalina. La atm\u00f3sfera inquietante de la pel\u00edcula \u2014que [&hellip;]\" \/>\n<meta property=\"og:url\" content=\"https:\/\/www.eldiario.net\/portal\/2026\/06\/05\/noche-de-suspenso-en-la-avant-premier-de-el-pasajero-del-diablo\/\" \/>\n<meta property=\"og:site_name\" content=\"El Diario - Bolivia\" \/>\n<meta property=\"article:publisher\" content=\"https:\/\/www.facebook.com\/eldiario.bolivia\/\" \/>\n<meta property=\"article:published_time\" content=\"2026-06-05T12:30:20+00:00\" \/>\n<meta property=\"og:image\" content=\"https:\/\/www.eldiario.net\/portal\/wp-content\/uploads\/2026\/06\/Anahy-Ruiz-gerente-de-marketing-de-Cine-Center-y-Sandra-Cortez-gerente-de-marketing-de-Andes-Films.webp\" \/>\n\t<meta property=\"og:image:width\" content=\"864\" \/>\n\t<meta property=\"og:image:height\" content=\"772\" \/>\n\t<meta property=\"og:image:type\" content=\"image\/webp\" \/>\n<meta name=\"author\" content=\"Jeanette\" \/>\n<meta name=\"twitter:card\" content=\"summary_large_image\" \/>\n<meta name=\"twitter:creator\" content=\"@eldiario_net\" \/>\n<meta name=\"twitter:site\" content=\"@eldiario_net\" \/>\n<meta name=\"twitter:label1\" content=\"Escrito por\" \/>\n\t<meta name=\"twitter:data1\" content=\"Jeanette\" \/>\n\t<meta name=\"twitter:label2\" content=\"Tiempo de lectura\" \/>\n\t<meta name=\"twitter:data2\" content=\"1 minuto\" \/>\n<script type=\"application\/ld+json\" class=\"yoast-schema-graph\">{\"@context\":\"https:\\\/\\\/schema.org\",\"@graph\":[{\"@type\":\"Article\",\"@id\":\"https:\\\/\\\/www.eldiario.net\\\/portal\\\/2026\\\/06\\\/05\\\/noche-de-suspenso-en-la-avant-premier-de-el-pasajero-del-diablo\\\/#article\",\"isPartOf\":{\"@id\":\"https:\\\/\\\/www.eldiario.net\\\/portal\\\/2026\\\/06\\\/05\\\/noche-de-suspenso-en-la-avant-premier-de-el-pasajero-del-diablo\\\/\"},\"author\":{\"name\":\"Jeanette\",\"@id\":\"https:\\\/\\\/www.eldiario.net\\\/portal\\\/#\\\/schema\\\/person\\\/2c57cf2b7a7ae032e449e4c9b1019eac\"},\"headline\":\"Noche de suspenso en la avant premier de El pasajero del diablo\",\"datePublished\":\"2026-06-05T12:30:20+00:00\",\"mainEntityOfPage\":{\"@id\":\"https:\\\/\\\/www.eldiario.net\\\/portal\\\/2026\\\/06\\\/05\\\/noche-de-suspenso-en-la-avant-premier-de-el-pasajero-del-diablo\\\/\"},\"wordCount\":177,\"publisher\":{\"@id\":\"https:\\\/\\\/www.eldiario.net\\\/portal\\\/#organization\"},\"image\":{\"@id\":\"https:\\\/\\\/www.eldiario.net\\\/portal\\\/2026\\\/06\\\/05\\\/noche-de-suspenso-en-la-avant-premier-de-el-pasajero-del-diablo\\\/#primaryimage\"},\"thumbnailUrl\":\"https:\\\/\\\/www.eldiario.net\\\/portal\\\/wp-content\\\/uploads\\\/2026\\\/06\\\/Anahy-Ruiz-gerente-de-marketing-de-Cine-Center-y-Sandra-Cortez-gerente-de-marketing-de-Andes-Films.webp\",\"articleSection\":[\"Sociales\"],\"inLanguage\":\"es\"},{\"@type\":\"WebPage\",\"@id\":\"https:\\\/\\\/www.eldiario.net\\\/portal\\\/2026\\\/06\\\/05\\\/noche-de-suspenso-en-la-avant-premier-de-el-pasajero-del-diablo\\\/\",\"url\":\"https:\\\/\\\/www.eldiario.net\\\/portal\\\/2026\\\/06\\\/05\\\/noche-de-suspenso-en-la-avant-premier-de-el-pasajero-del-diablo\\\/\",\"name\":\"Noche de suspenso en la avant premier de El pasajero del diablo - El Diario - Bolivia\",\"isPartOf\":{\"@id\":\"https:\\\/\\\/www.eldiario.net\\\/portal\\\/#website\"},\"primaryImageOfPage\":{\"@id\":\"https:\\\/\\\/www.eldiario.net\\\/portal\\\/2026\\\/06\\\/05\\\/noche-de-suspenso-en-la-avant-premier-de-el-pasajero-del-diablo\\\/#primaryimage\"},\"image\":{\"@id\":\"https:\\\/\\\/www.eldiario.net\\\/portal\\\/2026\\\/06\\\/05\\\/noche-de-suspenso-en-la-avant-premier-de-el-pasajero-del-diablo\\\/#primaryimage\"},\"thumbnailUrl\":\"https:\\\/\\\/www.eldiario.net\\\/portal\\\/wp-content\\\/uploads\\\/2026\\\/06\\\/Anahy-Ruiz-gerente-de-marketing-de-Cine-Center-y-Sandra-Cortez-gerente-de-marketing-de-Andes-Films.webp\",\"datePublished\":\"2026-06-05T12:30:20+00:00\",\"breadcrumb\":{\"@id\":\"https:\\\/\\\/www.eldiario.net\\\/portal\\\/2026\\\/06\\\/05\\\/noche-de-suspenso-en-la-avant-premier-de-el-pasajero-del-diablo\\\/#breadcrumb\"},\"inLanguage\":\"es\",\"potentialAction\":[{\"@type\":\"ReadAction\",\"target\":[\"https:\\\/\\\/www.eldiario.net\\\/portal\\\/2026\\\/06\\\/05\\\/noche-de-suspenso-en-la-avant-premier-de-el-pasajero-del-diablo\\\/\"]}]},{\"@type\":\"ImageObject\",\"inLanguage\":\"es\",\"@id\":\"https:\\\/\\\/www.eldiario.net\\\/portal\\\/2026\\\/06\\\/05\\\/noche-de-suspenso-en-la-avant-premier-de-el-pasajero-del-diablo\\\/#primaryimage\",\"url\":\"https:\\\/\\\/www.eldiario.net\\\/portal\\\/wp-content\\\/uploads\\\/2026\\\/06\\\/Anahy-Ruiz-gerente-de-marketing-de-Cine-Center-y-Sandra-Cortez-gerente-de-marketing-de-Andes-Films.webp\",\"contentUrl\":\"https:\\\/\\\/www.eldiario.net\\\/portal\\\/wp-content\\\/uploads\\\/2026\\\/06\\\/Anahy-Ruiz-gerente-de-marketing-de-Cine-Center-y-Sandra-Cortez-gerente-de-marketing-de-Andes-Films.webp\",\"width\":864,\"height\":772,\"caption\":\"ANAHY RUIZ, GERENTE DE MARKETING DE CINE CENTER Y SANDRA CORTEZ, GERENTE DE MARKETING DE ANDES FILMS.\"},{\"@type\":\"BreadcrumbList\",\"@id\":\"https:\\\/\\\/www.eldiario.net\\\/portal\\\/2026\\\/06\\\/05\\\/noche-de-suspenso-en-la-avant-premier-de-el-pasajero-del-diablo\\\/#breadcrumb\",\"itemListElement\":[{\"@type\":\"ListItem\",\"position\":1,\"name\":\"Portada\",\"item\":\"https:\\\/\\\/www.eldiario.net\\\/portal\\\/\"},{\"@type\":\"ListItem\",\"position\":2,\"name\":\"Noche de suspenso en la avant premier de El pasajero del diablo\"}]},{\"@type\":\"WebSite\",\"@id\":\"https:\\\/\\\/www.eldiario.net\\\/portal\\\/#website\",\"url\":\"https:\\\/\\\/www.eldiario.net\\\/portal\\\/\",\"name\":\"El Diario - Decano de la prensa nacional\",\"description\":\"El Diario - Decano de la prensa nacional\",\"publisher\":{\"@id\":\"https:\\\/\\\/www.eldiario.net\\\/portal\\\/#organization\"},\"potentialAction\":[{\"@type\":\"SearchAction\",\"target\":{\"@type\":\"EntryPoint\",\"urlTemplate\":\"https:\\\/\\\/www.eldiario.net\\\/portal\\\/?s={search_term_string}\"},\"query-input\":{\"@type\":\"PropertyValueSpecification\",\"valueRequired\":true,\"valueName\":\"search_term_string\"}}],\"inLanguage\":\"es\"},{\"@type\":\"Organization\",\"@id\":\"https:\\\/\\\/www.eldiario.net\\\/portal\\\/#organization\",\"name\":\"El Diario - Decano de la prensa nacional\",\"url\":\"https:\\\/\\\/www.eldiario.net\\\/portal\\\/\",\"logo\":{\"@type\":\"ImageObject\",\"inLanguage\":\"es\",\"@id\":\"https:\\\/\\\/www.eldiario.net\\\/portal\\\/#\\\/schema\\\/logo\\\/image\\\/\",\"url\":\"https:\\\/\\\/www.eldiario.net\\\/portal\\\/wp-content\\\/uploads\\\/2023\\\/07\\\/logo_ED.jpg\",\"contentUrl\":\"https:\\\/\\\/www.eldiario.net\\\/portal\\\/wp-content\\\/uploads\\\/2023\\\/07\\\/logo_ED.jpg\",\"width\":272,\"height\":52,\"caption\":\"El Diario - Decano de la prensa nacional\"},\"image\":{\"@id\":\"https:\\\/\\\/www.eldiario.net\\\/portal\\\/#\\\/schema\\\/logo\\\/image\\\/\"},\"sameAs\":[\"https:\\\/\\\/www.facebook.com\\\/eldiario.bolivia\\\/\",\"https:\\\/\\\/x.com\\\/eldiario_net\"]},{\"@type\":\"Person\",\"@id\":\"https:\\\/\\\/www.eldiario.net\\\/portal\\\/#\\\/schema\\\/person\\\/2c57cf2b7a7ae032e449e4c9b1019eac\",\"name\":\"Jeanette\",\"image\":{\"@type\":\"ImageObject\",\"inLanguage\":\"es\",\"@id\":\"https:\\\/\\\/secure.gravatar.com\\\/avatar\\\/3ea2118a5f7dad2b7138b1187a6b7ee55f160b9968b66013c3a3ef39dd7e5798?s=96&d=mm&r=g\",\"url\":\"https:\\\/\\\/secure.gravatar.com\\\/avatar\\\/3ea2118a5f7dad2b7138b1187a6b7ee55f160b9968b66013c3a3ef39dd7e5798?s=96&d=mm&r=g\",\"contentUrl\":\"https:\\\/\\\/secure.gravatar.com\\\/avatar\\\/3ea2118a5f7dad2b7138b1187a6b7ee55f160b9968b66013c3a3ef39dd7e5798?s=96&d=mm&r=g\",\"caption\":\"Jeanette\"},\"sameAs\":[\"https:\\\/\\\/www.eldiario.net\\\/portal\"],\"url\":\"https:\\\/\\\/www.eldiario.net\\\/portal\\\/author\\\/jeanette\\\/\"}]}<\/script>\n<!-- \/ Yoast SEO plugin. -->","yoast_head_json":{"title":"Noche de suspenso en la avant premier de El pasajero del diablo - El Diario - Bolivia","robots":{"index":"index","follow":"follow","max-snippet":"max-snippet:-1","max-image-preview":"max-image-preview:large","max-video-preview":"max-video-preview:-1"},"canonical":"https:\/\/www.eldiario.net\/portal\/2026\/06\/05\/noche-de-suspenso-en-la-avant-premier-de-el-pasajero-del-diablo\/","og_locale":"es_ES","og_type":"article","og_title":"Noche de suspenso en la avant premier de El pasajero del diablo - El Diario - Bolivia","og_description":"El Cine Center abri\u00f3 sus puertas para recibir la esperada avant premier de El pasajero del diablo, la nueva propuesta de Paramount Pictures distribuida por Andes Films. Al evento asistieron invitados especiales y fan\u00e1ticos del g\u00e9nero, quienes disfrutaron de una velada marcada por la tensi\u00f3n y la adrenalina. La atm\u00f3sfera inquietante de la pel\u00edcula \u2014que [&hellip;]","og_url":"https:\/\/www.eldiario.net\/portal\/2026\/06\/05\/noche-de-suspenso-en-la-avant-premier-de-el-pasajero-del-diablo\/","og_site_name":"El Diario - Bolivia","article_publisher":"https:\/\/www.facebook.com\/eldiario.bolivia\/","article_published_time":"2026-06-05T12:30:20+00:00","og_image":[{"width":864,"height":772,"url":"https:\/\/www.eldiario.net\/portal\/wp-content\/uploads\/2026\/06\/Anahy-Ruiz-gerente-de-marketing-de-Cine-Center-y-Sandra-Cortez-gerente-de-marketing-de-Andes-Films.webp","type":"image\/webp"}],"author":"Jeanette","twitter_card":"summary_large_image","twitter_creator":"@eldiario_net","twitter_site":"@eldiario_net","twitter_misc":{"Escrito por":"Jeanette","Tiempo de lectura":"1 minuto"},"schema":{"@context":"https:\/\/schema.org","@graph":[{"@type":"Article","@id":"https:\/\/www.eldiario.net\/portal\/2026\/06\/05\/noche-de-suspenso-en-la-avant-premier-de-el-pasajero-del-diablo\/#article","isPartOf":{"@id":"https:\/\/www.eldiario.net\/portal\/2026\/06\/05\/noche-de-suspenso-en-la-avant-premier-de-el-pasajero-del-diablo\/"},"author":{"name":"Jeanette","@id":"https:\/\/www.eldiario.net\/portal\/#\/schema\/person\/2c57cf2b7a7ae032e449e4c9b1019eac"},"headline":"Noche de suspenso en la avant premier de El pasajero del diablo","datePublished":"2026-06-05T12:30:20+00:00","mainEntityOfPage":{"@id":"https:\/\/www.eldiario.net\/portal\/2026\/06\/05\/noche-de-suspenso-en-la-avant-premier-de-el-pasajero-del-diablo\/"},"wordCount":177,"publisher":{"@id":"https:\/\/www.eldiario.net\/portal\/#organization"},"image":{"@id":"https:\/\/www.eldiario.net\/portal\/2026\/06\/05\/noche-de-suspenso-en-la-avant-premier-de-el-pasajero-del-diablo\/#primaryimage"},"thumbnailUrl":"https:\/\/www.eldiario.net\/portal\/wp-content\/uploads\/2026\/06\/Anahy-Ruiz-gerente-de-marketing-de-Cine-Center-y-Sandra-Cortez-gerente-de-marketing-de-Andes-Films.webp","articleSection":["Sociales"],"inLanguage":"es"},{"@type":"WebPage","@id":"https:\/\/www.eldiario.net\/portal\/2026\/06\/05\/noche-de-suspenso-en-la-avant-premier-de-el-pasajero-del-diablo\/","url":"https:\/\/www.eldiario.net\/portal\/2026\/06\/05\/noche-de-suspenso-en-la-avant-premier-de-el-pasajero-del-diablo\/","name":"Noche de suspenso en la avant premier de El pasajero del diablo - El Diario - Bolivia","isPartOf":{"@id":"https:\/\/www.eldiario.net\/portal\/#website"},"primaryImageOfPage":{"@id":"https:\/\/www.eldiario.net\/portal\/2026\/06\/05\/noche-de-suspenso-en-la-avant-premier-de-el-pasajero-del-diablo\/#primaryimage"},"image":{"@id":"https:\/\/www.eldiario.net\/portal\/2026\/06\/05\/noche-de-suspenso-en-la-avant-premier-de-el-pasajero-del-diablo\/#primaryimage"},"thumbnailUrl":"https:\/\/www.eldiario.net\/portal\/wp-content\/uploads\/2026\/06\/Anahy-Ruiz-gerente-de-marketing-de-Cine-Center-y-Sandra-Cortez-gerente-de-marketing-de-Andes-Films.webp","datePublished":"2026-06-05T12:30:20+00:00","breadcrumb":{"@id":"https:\/\/www.eldiario.net\/portal\/2026\/06\/05\/noche-de-suspenso-en-la-avant-premier-de-el-pasajero-del-diablo\/#breadcrumb"},"inLanguage":"es","potentialAction":[{"@type":"ReadAction","target":["https:\/\/www.eldiario.net\/portal\/2026\/06\/05\/noche-de-suspenso-en-la-avant-premier-de-el-pasajero-del-diablo\/"]}]},{"@type":"ImageObject","inLanguage":"es","@id":"https:\/\/www.eldiario.net\/portal\/2026\/06\/05\/noche-de-suspenso-en-la-avant-premier-de-el-pasajero-del-diablo\/#primaryimage","url":"https:\/\/www.eldiario.net\/portal\/wp-content\/uploads\/2026\/06\/Anahy-Ruiz-gerente-de-marketing-de-Cine-Center-y-Sandra-Cortez-gerente-de-marketing-de-Andes-Films.webp","contentUrl":"https:\/\/www.eldiario.net\/portal\/wp-content\/uploads\/2026\/06\/Anahy-Ruiz-gerente-de-marketing-de-Cine-Center-y-Sandra-Cortez-gerente-de-marketing-de-Andes-Films.webp","width":864,"height":772,"caption":"ANAHY RUIZ, GERENTE DE MARKETING DE CINE CENTER Y SANDRA CORTEZ, GERENTE DE MARKETING DE ANDES FILMS."},{"@type":"BreadcrumbList","@id":"https:\/\/www.eldiario.net\/portal\/2026\/06\/05\/noche-de-suspenso-en-la-avant-premier-de-el-pasajero-del-diablo\/#breadcrumb","itemListElement":[{"@type":"ListItem","position":1,"name":"Portada","item":"https:\/\/www.eldiario.net\/portal\/"},{"@type":"ListItem","position":2,"name":"Noche de suspenso en la avant premier de El pasajero del diablo"}]},{"@type":"WebSite","@id":"https:\/\/www.eldiario.net\/portal\/#website","url":"https:\/\/www.eldiario.net\/portal\/","name":"El Diario - Decano de la prensa nacional","description":"El Diario - Decano de la prensa nacional","publisher":{"@id":"https:\/\/www.eldiario.net\/portal\/#organization"},"potentialAction":[{"@type":"SearchAction","target":{"@type":"EntryPoint","urlTemplate":"https:\/\/www.eldiario.net\/portal\/?s={search_term_string}"},"query-input":{"@type":"PropertyValueSpecification","valueRequired":true,"valueName":"search_term_string"}}],"inLanguage":"es"},{"@type":"Organization","@id":"https:\/\/www.eldiario.net\/portal\/#organization","name":"El Diario - Decano de la prensa nacional","url":"https:\/\/www.eldiario.net\/portal\/","logo":{"@type":"ImageObject","inLanguage":"es","@id":"https:\/\/www.eldiario.net\/portal\/#\/schema\/logo\/image\/","url":"https:\/\/www.eldiario.net\/portal\/wp-content\/uploads\/2023\/07\/logo_ED.jpg","contentUrl":"https:\/\/www.eldiario.net\/portal\/wp-content\/uploads\/2023\/07\/logo_ED.jpg","width":272,"height":52,"caption":"El Diario - Decano de la prensa nacional"},"image":{"@id":"https:\/\/www.eldiario.net\/portal\/#\/schema\/logo\/image\/"},"sameAs":["https:\/\/www.facebook.com\/eldiario.bolivia\/","https:\/\/x.com\/eldiario_net"]},{"@type":"Person","@id":"https:\/\/www.eldiario.net\/portal\/#\/schema\/person\/2c57cf2b7a7ae032e449e4c9b1019eac","name":"Jeanette","image":{"@type":"ImageObject","inLanguage":"es","@id":"https:\/\/secure.gravatar.com\/avatar\/3ea2118a5f7dad2b7138b1187a6b7ee55f160b9968b66013c3a3ef39dd7e5798?s=96&d=mm&r=g","url":"https:\/\/secure.gravatar.com\/avatar\/3ea2118a5f7dad2b7138b1187a6b7ee55f160b9968b66013c3a3ef39dd7e5798?s=96&d=mm&r=g","contentUrl":"https:\/\/secure.gravatar.com\/avatar\/3ea2118a5f7dad2b7138b1187a6b7ee55f160b9968b66013c3a3ef39dd7e5798?s=96&d=mm&r=g","caption":"Jeanette"},"sameAs":["https:\/\/www.eldiario.net\/portal"],"url":"https:\/\/www.eldiario.net\/portal\/author\/jeanette\/"}]}},"_links":{"self":[{"href":"https:\/\/www.eldiario.net\/portal\/wp-json\/wp\/v2\/posts\/401003","targetHints":{"allow":["GET"]}}],"collection":[{"href":"https:\/\/www.eldiario.net\/portal\/wp-json\/wp\/v2\/posts"}],"about":[{"href":"https:\/\/www.eldiario.net\/portal\/wp-json\/wp\/v2\/types\/post"}],"author":[{"embeddable":true,"href":"https:\/\/www.eldiario.net\/portal\/wp-json\/wp\/v2\/users\/1"}],"replies":[{"embeddable":true,"href":"https:\/\/www.eldiario.net\/portal\/wp-json\/wp\/v2\/comments?post=401003"}],"version-history":[{"count":1,"href":"https:\/\/www.eldiario.net\/portal\/wp-json\/wp\/v2\/posts\/401003\/revisions"}],"predecessor-version":[{"id":401010,"href":"https:\/\/www.eldiario.net\/portal\/wp-json\/wp\/v2\/posts\/401003\/revisions\/401010"}],"wp:featuredmedia":[{"embeddable":true,"href":"https:\/\/www.eldiario.net\/portal\/wp-json\/wp\/v2\/media\/401004"}],"wp:attachment":[{"href":"https:\/\/www.eldiario.net\/portal\/wp-json\/wp\/v2\/media?parent=401003"}],"wp:term":[{"taxonomy":"category","embeddable":true,"href":"https:\/\/www.eldiario.net\/portal\/wp-json\/wp\/v2\/categories?post=401003"},{"taxonomy":"post_tag","embeddable":true,"href":"https:\/\/www.eldiario.net\/portal\/wp-json\/wp\/v2\/tags?post=401003"}],"curies":[{"name":"wp","href":"https:\/\/api.w.org\/{rel}","templated":true}]}}