{"id":400997,"date":"2026-06-05T08:17:42","date_gmt":"2026-06-05T12:17:42","guid":{"rendered":"https:\/\/www.eldiario.net\/portal\/?p=400997"},"modified":"2026-06-05T08:17:42","modified_gmt":"2026-06-05T12:17:42","slug":"exposicion-a-dispositivos-digitales-educacion-o-simple-sobreexposicion-4","status":"publish","type":"post","link":"https:\/\/www.eldiario.net\/portal\/2026\/06\/05\/exposicion-a-dispositivos-digitales-educacion-o-simple-sobreexposicion-4\/","title":{"rendered":"Exposici\u00f3n a dispositivos digitales Educaci\u00f3n o simple sobreexposici\u00f3n"},"content":{"rendered":"<p><strong>Por. Lic. H\u00e9ctor Molina<\/strong><\/p>\n<p>&nbsp;<\/p>\n<p><strong>Recordemos que\u2026<\/strong><\/p>\n<p>&nbsp;<\/p>\n<p>La comprensi\u00f3n del cerebro humano en la era contempor\u00e1nea exige un an\u00e1lisis profundo de c\u00f3mo los entornos artificiales modifican la arquitectura neuronal. La exposici\u00f3n a dispositivos digitales se define como el proceso de interacci\u00f3n sensorial, cognitiva y motriz entre un individuo y una interfaz electr\u00f3nica (smartphones, tablets, computadoras o consolas). Desde la biolog\u00eda celular y las neurociencias, esta interacci\u00f3n no es un acto pasivo; es un bombardeo de est\u00edmulos que activa circuitos espec\u00edficos y puede reconfigurar la sinapsis mediante la neuroplasticidad.<\/p>\n<p>&nbsp;<\/p>\n<p>La exposici\u00f3n a entornos digitales se ha convertido en un eje central de la vida de los adolescentes, influyendo de manera directa en su desarrollo cognitivo, emocional y social. Desde la perspectiva de las neurociencias y la psicolog\u00eda educativa, este fen\u00f3meno presenta una dualidad compleja que impacta la plasticidad cerebral, es decir, la capacidad del cerebro para adaptarse y reorganizarse seg\u00fan las experiencias vividas.<\/p>\n<p>&nbsp;<\/p>\n<p><strong>Cu\u00e1l es la exposici\u00f3n digital adecuada para un verdadero aprendizaje<\/strong><\/p>\n<p>&nbsp;<\/p>\n<p>El cerebro de un adolescente se encuentra en una de las etapas m\u00e1s fascinantes y cr\u00edticas de su desarrollo: la poda sin\u00e1ptica y la consolidaci\u00f3n de la corteza prefrontal. Esta zona es la encargada del control de los impulsos, la planificaci\u00f3n a largo plazo y la atenci\u00f3n sostenida. Cuando se analiza el impacto de las pantallas en este proceso, la neurociencia y la psicolog\u00eda demuestran que el cerebro no se transforma por el simple hecho de usar tecnolog\u00eda, sino por la forma y el tiempo en que se interact\u00faa con ella. Una exposici\u00f3n digital adecuada para un verdadero aprendizaje no se mide solo en horas, sino en la calidad de la actividad cerebral que esa exposici\u00f3n provoca.<\/p>\n<p>&nbsp;<\/p>\n<ol>\n<li><strong> La bioqu\u00edmica cerebral ante las pantallas &#8211; Aprendizaje vs. Distracci\u00f3n<\/strong><\/li>\n<\/ol>\n<p>&nbsp;<\/p>\n<p>Para que ocurra un aprendizaje real, el cerebro necesita activar un circuito conocido como la v\u00eda de la recompensa y asociarlo con el esfuerzo cognitivo. Sin embargo, el dise\u00f1o de la mayor\u00eda de las plataformas digitales actuales compite directamente con este mecanismo natural.<\/p>\n<p>&nbsp;<\/p>\n<p><strong>El secuestro de la dopamina<\/strong><\/p>\n<p>&nbsp;<\/p>\n<p>Cuando se navega de forma pasiva por redes sociales o se consumen videos cortos en r\u00e1pida sucesi\u00f3n, el cerebro experimenta microgoles de dopamina. Este neurotransmisor genera una sensaci\u00f3n inmediata de placer y novedad. El problema radica en que este flujo constante de dopamina barata acostumbra al cerebro a recibir recompensas sin invertir ning\u00fan esfuerzo. Cuando un estudiante intenta leer un art\u00edculo acad\u00e9mico o resolver un problema complejo, el cerebro percibe esa tarea como aburrida porque la velocidad de recompensa es mucho m\u00e1s lenta. Esto fragmenta la atenci\u00f3n y destruye la capacidad de concentraci\u00f3n profunda.<\/p>\n<p>&nbsp;<\/p>\n<p><strong>El papel del cortisol y el estr\u00e9s digital<\/strong><\/p>\n<p>&nbsp;<\/p>\n<p>La sobreexposici\u00f3n a notificaciones y el cambio constante entre pesta\u00f1as o aplicaciones activan la am\u00edgdala, el centro de alerta del cerebro. Esto eleva los niveles de cortisol, la hormona del estr\u00e9s. Un cerebro con niveles altos de cortisol prioriza la supervivencia y la reactividad por encima del almacenamiento de memoria a largo plazo, lo que impide que los nuevos conocimientos se consoliden en el hipocampo.<\/p>\n<p>&nbsp;<\/p>\n<ol start=\"2\">\n<li><strong> Consumo pasivo frente a creaci\u00f3n activa &#8211; El umbral del aprendizaje<\/strong><\/li>\n<\/ol>\n<p>&nbsp;<\/p>\n<p>La pedagog\u00eda moderna, respaldada por la psicolog\u00eda cognitiva, divide la exposici\u00f3n digital en dos categor\u00edas muy claras. De esta distinci\u00f3n depende que el uso de la tecnolog\u00eda sea una p\u00e9rdida de tiempo o una herramienta de alta productividad.<\/p>\n<p>&nbsp;<\/p>\n<p><strong>El peligro del consumo pasivo<\/strong><\/p>\n<p>&nbsp;<\/p>\n<p>Ver tutoriales de forma interminable, deslizar la pantalla para leer res\u00famenes hechos por otros o escuchar conferencias mientras se juega en l\u00ednea pertenece al consumo pasivo. En este estado, las ondas cerebrales predominantes son similares a las que se producen al ver la televisi\u00f3n. El cerebro procesa la informaci\u00f3n de manera superficial, creando una falsa ilusi\u00f3n de conocimiento: la persona siente que aprendi\u00f3, pero al cabo de unas horas es incapaz de explicar el concepto con sus propias palabras.<\/p>\n<p>&nbsp;<\/p>\n<p><strong>El poder de la creaci\u00f3n activa con IA y herramientas digitales<\/strong><\/p>\n<p>&nbsp;<\/p>\n<p>El verdadero aprendizaje ocurre cuando la pantalla se utiliza como un lienzo de desarrollo. Esto incluye programar, dise\u00f1ar un modelo en tres dimensiones, editar un podcast educativo o utilizar la inteligencia artificial no para que haga la tarea, sino como un tutor de debate. Cuando un estudiante interact\u00faa con una IA mediante una ingenier\u00eda de instrucciones (prompts) estructurada, cuestionando sus respuestas y pidiendo desgloses l\u00f3gicos, se estimula la neuroplasticidad. El cerebro se ve obligado a reorganizar la informaci\u00f3n, conectando los conceptos nuevos con los conocimientos previos, lo que garantiza una huella de memoria profunda y duradera.<\/p>\n<p>&nbsp;<\/p>\n<ol start=\"3\">\n<li><strong> La pauta ideal &#8211; Caracter\u00edsticas de una exposici\u00f3n digital saludable<\/strong><\/li>\n<\/ol>\n<p>&nbsp;<\/p>\n<p>La neuroeducaci\u00f3n propone un modelo de interacci\u00f3n digital que protege la salud mental y potencia el rendimiento acad\u00e9mico, basado en tres pilares fundamentales.<\/p>\n<p>&nbsp;<\/p>\n<p><strong>La regla del enfoque \u00fanico &#8211; Evitar la multitarea<\/strong><\/p>\n<p>&nbsp;<\/p>\n<p>El cerebro humano no es multitarea; lo que hace en realidad es alternar r\u00e1pidamente el foco de atenci\u00f3n de un est\u00edmulo a otro. Hacer una investigaci\u00f3n escolar mientras se responde un mensaje de texto y se escucha m\u00fasica con voz triplica la carga cognitiva de la memoria de trabajo. La exposici\u00f3n digital adecuada exige sesiones de trabajo en pantallas donde se bloquee cualquier elemento distractor, permitiendo que la corteza prefrontal trabaje en un solo problema a la vez durante periodos de 25 a 40 minutos.<\/p>\n<p>&nbsp;<\/p>\n<p><strong>El respeto a los ciclos circadianos y el sue\u00f1o<\/strong><\/p>\n<p>&nbsp;<\/p>\n<p>El aprendizaje no se fija en el cerebro durante el estudio, sino durante las fases de sue\u00f1o profundo. La exposici\u00f3n a la luz azul de las pantallas en las horas previas a dormir suprime la producci\u00f3n de melatonina, la hormona que le indica al cuerpo que es momento de descansar. Sin un sue\u00f1o de calidad, las c\u00e9lulas de soporte del cerebro no pueden limpiar los desechos metab\u00f3licos del d\u00eda, lo que provoca neblina mental y reduce la retenci\u00f3n de informaci\u00f3n al d\u00eda siguiente. La desconexi\u00f3n digital total debe ocurrir al menos una hora antes de dormir.<\/p>\n<p>&nbsp;<\/p>\n<p><strong>El equilibrio an\u00e1logo-digital<\/strong><\/p>\n<p>&nbsp;<\/p>\n<p>La tecnolog\u00eda potencia el intelecto, pero no reemplaza las necesidades biol\u00f3gicas del cerebro en desarrollo. La escritura a mano en papel, por ejemplo, activa \u00e1reas motoras y visuales que facilitan la memorizaci\u00f3n de una forma que el teclado no puede replicar. Asimismo, el aprendizaje se nutre de la socializaci\u00f3n real, el debate cara a cara y el movimiento f\u00edsico, actividades que oxigenan el cerebro y estimulan el factor neurotr\u00f3fico derivado del cerebro (BDNF), una prote\u00edna esencial para el nacimiento de nuevas neuronas. La exposici\u00f3n digital perfecta es aquella que sirve como un puente hacia el conocimiento, pero que sabe retirarse para permitir que el cerebro procese y viva en el mundo real.<\/p>\n\r\n                <style type=\"text\/css\">\r\n                    \r\n                    #tdi_1  .td-doubleSlider-2 .td-item1 {\r\n                        background: url(https:\/\/www.eldiario.net\/portal\/wp-content\/uploads\/2026\/06\/Socio-Multitarea-80x60.webp) 0 0 no-repeat;\r\n                    }\r\n                    #tdi_1  .td-doubleSlider-2 .td-item2 {\r\n                        background: url(https:\/\/www.eldiario.net\/portal\/wp-content\/uploads\/2026\/06\/Socio-Equilibrio-analogo-digital-80x60.webp) 0 0 no-repeat;\r\n                    }\r\n                    #tdi_1  .td-doubleSlider-2 .td-item3 {\r\n                        background: url(https:\/\/www.eldiario.net\/portal\/wp-content\/uploads\/2026\/06\/Socio-Estres-digital-80x60.webp) 0 0 no-repeat;\r\n                    }\r\n                <\/style>\r\n\r\n                <div id=\"tdi_1\" class=\"td-gallery td-slide-on-2-columns\">\r\n                    <div class=\"post_td_gallery\">\r\n                        <div class=\"td-gallery-slide-top\">\r\n                           <div class=\"td-gallery-title\"><\/div>\r\n\r\n                            <div class=\"td-gallery-controls-wrapper\">\r\n                                <div class=\"td-gallery-slide-count\"><span class=\"td-gallery-slide-item-focus\">1<\/span> de 3<\/div>\r\n                                <div class=\"td-gallery-slide-prev-next-but\">\r\n                                    <i class = \"td-icon-left doubleSliderPrevButton\"><\/i>\r\n                                    <i class = \"td-icon-right doubleSliderNextButton\"><\/i>\r\n                                <\/div>\r\n                            <\/div>\r\n                        <\/div>\r\n\r\n                        <div class = \"td-doubleSlider-1 \">\r\n                            <div class = \"td-slider\">\r\n                                \r\n                    <div class = \"td-slide-item td-item1\">\r\n                        <figure class=\"td-slide-galery-figure td-slide-popup-gallery\">\r\n                            <a class=\"slide-gallery-image-link\" href=\"https:\/\/www.eldiario.net\/portal\/wp-content\/uploads\/2026\/06\/Socio-Multitarea.webp\" title=\"Socio - Multitarea\"  data-caption=\"\"  data-description=\"\">\r\n                                <img decoding=\"async\" src=\"https:\/\/www.eldiario.net\/portal\/wp-content\/uploads\/2026\/06\/Socio-Multitarea-672x420.webp\" srcset=\"https:\/\/www.eldiario.net\/portal\/wp-content\/uploads\/2026\/06\/Socio-Multitarea-672x420.webp 672w, https:\/\/www.eldiario.net\/portal\/wp-content\/uploads\/2026\/06\/Socio-Multitarea-300x188.webp 300w, https:\/\/www.eldiario.net\/portal\/wp-content\/uploads\/2026\/06\/Socio-Multitarea-768x480.webp 768w, https:\/\/www.eldiario.net\/portal\/wp-content\/uploads\/2026\/06\/Socio-Multitarea-150x94.webp 150w, https:\/\/www.eldiario.net\/portal\/wp-content\/uploads\/2026\/06\/Socio-Multitarea-696x435.webp 696w, https:\/\/www.eldiario.net\/portal\/wp-content\/uploads\/2026\/06\/Socio-Multitarea.webp 1000w\" sizes=\"(max-width: 672px) 100vw, 672px\" alt=\"\">\r\n                            <\/a>\r\n                            \r\n                        <\/figure>\r\n                    <\/div>\r\n                    <div class = \"td-slide-item td-item2\">\r\n                        <figure class=\"td-slide-galery-figure td-slide-popup-gallery\">\r\n                            <a class=\"slide-gallery-image-link\" href=\"https:\/\/www.eldiario.net\/portal\/wp-content\/uploads\/2026\/06\/Socio-Equilibrio-analogo-digital.webp\" title=\"Socio - Equilibrio an\u00e1logo-digital\"  data-caption=\"\"  data-description=\"\">\r\n                                <img decoding=\"async\" src=\"https:\/\/www.eldiario.net\/portal\/wp-content\/uploads\/2026\/06\/Socio-Equilibrio-analogo-digital.webp\" srcset=\"https:\/\/www.eldiario.net\/portal\/wp-content\/uploads\/2026\/06\/Socio-Equilibrio-analogo-digital.webp 251w, https:\/\/www.eldiario.net\/portal\/wp-content\/uploads\/2026\/06\/Socio-Equilibrio-analogo-digital-150x96.webp 150w\" sizes=\"(max-width: 251px) 100vw, 251px\" alt=\"\">\r\n                            <\/a>\r\n                            \r\n                        <\/figure>\r\n                    <\/div>\r\n                    <div class = \"td-slide-item td-item3\">\r\n                        <figure class=\"td-slide-galery-figure td-slide-popup-gallery\">\r\n                            <a class=\"slide-gallery-image-link\" href=\"https:\/\/www.eldiario.net\/portal\/wp-content\/uploads\/2026\/06\/Socio-Estres-digital.webp\" title=\"Socio - Estr\u00e9s digital\"  data-caption=\"\"  data-description=\"\">\r\n                                <img decoding=\"async\" src=\"https:\/\/www.eldiario.net\/portal\/wp-content\/uploads\/2026\/06\/Socio-Estres-digital-630x420.webp\" srcset=\"https:\/\/www.eldiario.net\/portal\/wp-content\/uploads\/2026\/06\/Socio-Estres-digital-630x420.webp 630w, https:\/\/www.eldiario.net\/portal\/wp-content\/uploads\/2026\/06\/Socio-Estres-digital-300x200.webp 300w, https:\/\/www.eldiario.net\/portal\/wp-content\/uploads\/2026\/06\/Socio-Estres-digital-768x512.webp 768w, https:\/\/www.eldiario.net\/portal\/wp-content\/uploads\/2026\/06\/Socio-Estres-digital-150x100.webp 150w, https:\/\/www.eldiario.net\/portal\/wp-content\/uploads\/2026\/06\/Socio-Estres-digital-696x464.webp 696w, https:\/\/www.eldiario.net\/portal\/wp-content\/uploads\/2026\/06\/Socio-Estres-digital.webp 1024w\" sizes=\"(max-width: 630px) 100vw, 630px\" alt=\"\">\r\n                            <\/a>\r\n                            \r\n                        <\/figure>\r\n                    <\/div>\r\n                            <\/div>\r\n                        <\/div>\r\n\r\n                        <div class = \"td-doubleSlider-2\">\r\n                            <div class = \"td-slider\">\r\n                                \r\n                    <div class = \"td-button td-item1\">\r\n                        <div class = \"td-border\"><\/div>\r\n                    <\/div>\r\n                    <div class = \"td-button td-item2\">\r\n                        <div class = \"td-border\"><\/div>\r\n                    <\/div>\r\n                    <div class = \"td-button td-item3\">\r\n                        <div class = \"td-border\"><\/div>\r\n                    <\/div>\r\n                            <\/div>\r\n                        <\/div>\r\n\r\n                    <\/div>\r\n\r\n                <\/div>\r\n                \n","protected":false},"excerpt":{"rendered":"<p>Por. Lic. H\u00e9ctor Molina &nbsp; Recordemos que\u2026 &nbsp; La comprensi\u00f3n del cerebro humano en la era contempor\u00e1nea exige un an\u00e1lisis profundo de c\u00f3mo los entornos artificiales modifican la arquitectura neuronal. La exposici\u00f3n a dispositivos digitales se define como el proceso de interacci\u00f3n sensorial, cognitiva y motriz entre un individuo y una interfaz electr\u00f3nica (smartphones, tablets, [&hellip;]<\/p>\n","protected":false},"author":1,"featured_media":400998,"comment_status":"closed","ping_status":"open","sticky":false,"template":"","format":"standard","meta":{"_acf_changed":false,"footnotes":""},"categories":[43],"tags":[],"class_list":["post-400997","post","type-post","status-publish","format-standard","has-post-thumbnail","category-nuevos-horizontes"],"acf":{"antetitulo":"Cuarta Parte"},"yoast_head":"<!-- This site is optimized with the Yoast SEO plugin v28.4 - https:\/\/yoast.com\/product\/yoast-seo-wordpress\/ -->\n<title>Exposici\u00f3n a dispositivos digitales Educaci\u00f3n o simple sobreexposici\u00f3n - El Diario - Bolivia<\/title>\n<meta name=\"robots\" content=\"index, follow, max-snippet:-1, max-image-preview:large, max-video-preview:-1\" \/>\n<link rel=\"canonical\" href=\"https:\/\/www.eldiario.net\/portal\/2026\/06\/05\/exposicion-a-dispositivos-digitales-educacion-o-simple-sobreexposicion-4\/\" \/>\n<meta property=\"og:locale\" content=\"es_ES\" \/>\n<meta property=\"og:type\" content=\"article\" \/>\n<meta property=\"og:title\" content=\"Exposici\u00f3n a dispositivos digitales Educaci\u00f3n o simple sobreexposici\u00f3n - El Diario - Bolivia\" \/>\n<meta property=\"og:description\" content=\"Por. Lic. H\u00e9ctor Molina &nbsp; Recordemos que\u2026 &nbsp; La comprensi\u00f3n del cerebro humano en la era contempor\u00e1nea exige un an\u00e1lisis profundo de c\u00f3mo los entornos artificiales modifican la arquitectura neuronal. La exposici\u00f3n a dispositivos digitales se define como el proceso de interacci\u00f3n sensorial, cognitiva y motriz entre un individuo y una interfaz electr\u00f3nica (smartphones, tablets, [&hellip;]\" \/>\n<meta property=\"og:url\" content=\"https:\/\/www.eldiario.net\/portal\/2026\/06\/05\/exposicion-a-dispositivos-digitales-educacion-o-simple-sobreexposicion-4\/\" \/>\n<meta property=\"og:site_name\" content=\"El Diario - Bolivia\" \/>\n<meta property=\"article:publisher\" content=\"https:\/\/www.facebook.com\/eldiario.bolivia\/\" \/>\n<meta property=\"article:published_time\" content=\"2026-06-05T12:17:42+00:00\" \/>\n<meta property=\"og:image\" content=\"https:\/\/www.eldiario.net\/portal\/wp-content\/uploads\/2026\/06\/Socio-Multitarea.webp\" \/>\n\t<meta property=\"og:image:width\" content=\"1000\" \/>\n\t<meta property=\"og:image:height\" content=\"625\" \/>\n\t<meta property=\"og:image:type\" content=\"image\/webp\" \/>\n<meta name=\"author\" content=\"Jeanette\" \/>\n<meta name=\"twitter:card\" content=\"summary_large_image\" \/>\n<meta name=\"twitter:creator\" content=\"@eldiario_net\" \/>\n<meta name=\"twitter:site\" content=\"@eldiario_net\" \/>\n<meta name=\"twitter:label1\" content=\"Escrito por\" \/>\n\t<meta name=\"twitter:data1\" content=\"Jeanette\" \/>\n\t<meta name=\"twitter:label2\" content=\"Tiempo de lectura\" \/>\n\t<meta name=\"twitter:data2\" content=\"6 minutos\" \/>\n<script type=\"application\/ld+json\" class=\"yoast-schema-graph\">{\"@context\":\"https:\\\/\\\/schema.org\",\"@graph\":[{\"@type\":\"Article\",\"@id\":\"https:\\\/\\\/www.eldiario.net\\\/portal\\\/2026\\\/06\\\/05\\\/exposicion-a-dispositivos-digitales-educacion-o-simple-sobreexposicion-4\\\/#article\",\"isPartOf\":{\"@id\":\"https:\\\/\\\/www.eldiario.net\\\/portal\\\/2026\\\/06\\\/05\\\/exposicion-a-dispositivos-digitales-educacion-o-simple-sobreexposicion-4\\\/\"},\"author\":{\"name\":\"Jeanette\",\"@id\":\"https:\\\/\\\/www.eldiario.net\\\/portal\\\/#\\\/schema\\\/person\\\/2c57cf2b7a7ae032e449e4c9b1019eac\"},\"headline\":\"Exposici\u00f3n a dispositivos digitales Educaci\u00f3n o simple sobreexposici\u00f3n\",\"datePublished\":\"2026-06-05T12:17:42+00:00\",\"mainEntityOfPage\":{\"@id\":\"https:\\\/\\\/www.eldiario.net\\\/portal\\\/2026\\\/06\\\/05\\\/exposicion-a-dispositivos-digitales-educacion-o-simple-sobreexposicion-4\\\/\"},\"wordCount\":1232,\"publisher\":{\"@id\":\"https:\\\/\\\/www.eldiario.net\\\/portal\\\/#organization\"},\"image\":{\"@id\":\"https:\\\/\\\/www.eldiario.net\\\/portal\\\/2026\\\/06\\\/05\\\/exposicion-a-dispositivos-digitales-educacion-o-simple-sobreexposicion-4\\\/#primaryimage\"},\"thumbnailUrl\":\"https:\\\/\\\/www.eldiario.net\\\/portal\\\/wp-content\\\/uploads\\\/2026\\\/06\\\/Socio-Multitarea.webp\",\"articleSection\":[\"Nuevos Horizontes\"],\"inLanguage\":\"es\"},{\"@type\":\"WebPage\",\"@id\":\"https:\\\/\\\/www.eldiario.net\\\/portal\\\/2026\\\/06\\\/05\\\/exposicion-a-dispositivos-digitales-educacion-o-simple-sobreexposicion-4\\\/\",\"url\":\"https:\\\/\\\/www.eldiario.net\\\/portal\\\/2026\\\/06\\\/05\\\/exposicion-a-dispositivos-digitales-educacion-o-simple-sobreexposicion-4\\\/\",\"name\":\"Exposici\u00f3n a dispositivos digitales Educaci\u00f3n o simple sobreexposici\u00f3n - El Diario - Bolivia\",\"isPartOf\":{\"@id\":\"https:\\\/\\\/www.eldiario.net\\\/portal\\\/#website\"},\"primaryImageOfPage\":{\"@id\":\"https:\\\/\\\/www.eldiario.net\\\/portal\\\/2026\\\/06\\\/05\\\/exposicion-a-dispositivos-digitales-educacion-o-simple-sobreexposicion-4\\\/#primaryimage\"},\"image\":{\"@id\":\"https:\\\/\\\/www.eldiario.net\\\/portal\\\/2026\\\/06\\\/05\\\/exposicion-a-dispositivos-digitales-educacion-o-simple-sobreexposicion-4\\\/#primaryimage\"},\"thumbnailUrl\":\"https:\\\/\\\/www.eldiario.net\\\/portal\\\/wp-content\\\/uploads\\\/2026\\\/06\\\/Socio-Multitarea.webp\",\"datePublished\":\"2026-06-05T12:17:42+00:00\",\"breadcrumb\":{\"@id\":\"https:\\\/\\\/www.eldiario.net\\\/portal\\\/2026\\\/06\\\/05\\\/exposicion-a-dispositivos-digitales-educacion-o-simple-sobreexposicion-4\\\/#breadcrumb\"},\"inLanguage\":\"es\",\"potentialAction\":[{\"@type\":\"ReadAction\",\"target\":[\"https:\\\/\\\/www.eldiario.net\\\/portal\\\/2026\\\/06\\\/05\\\/exposicion-a-dispositivos-digitales-educacion-o-simple-sobreexposicion-4\\\/\"]}]},{\"@type\":\"ImageObject\",\"inLanguage\":\"es\",\"@id\":\"https:\\\/\\\/www.eldiario.net\\\/portal\\\/2026\\\/06\\\/05\\\/exposicion-a-dispositivos-digitales-educacion-o-simple-sobreexposicion-4\\\/#primaryimage\",\"url\":\"https:\\\/\\\/www.eldiario.net\\\/portal\\\/wp-content\\\/uploads\\\/2026\\\/06\\\/Socio-Multitarea.webp\",\"contentUrl\":\"https:\\\/\\\/www.eldiario.net\\\/portal\\\/wp-content\\\/uploads\\\/2026\\\/06\\\/Socio-Multitarea.webp\",\"width\":1000,\"height\":625},{\"@type\":\"BreadcrumbList\",\"@id\":\"https:\\\/\\\/www.eldiario.net\\\/portal\\\/2026\\\/06\\\/05\\\/exposicion-a-dispositivos-digitales-educacion-o-simple-sobreexposicion-4\\\/#breadcrumb\",\"itemListElement\":[{\"@type\":\"ListItem\",\"position\":1,\"name\":\"Portada\",\"item\":\"https:\\\/\\\/www.eldiario.net\\\/portal\\\/\"},{\"@type\":\"ListItem\",\"position\":2,\"name\":\"Exposici\u00f3n a dispositivos digitales Educaci\u00f3n o simple sobreexposici\u00f3n\"}]},{\"@type\":\"WebSite\",\"@id\":\"https:\\\/\\\/www.eldiario.net\\\/portal\\\/#website\",\"url\":\"https:\\\/\\\/www.eldiario.net\\\/portal\\\/\",\"name\":\"El Diario - Decano de la prensa nacional\",\"description\":\"El Diario - Decano de la prensa nacional\",\"publisher\":{\"@id\":\"https:\\\/\\\/www.eldiario.net\\\/portal\\\/#organization\"},\"potentialAction\":[{\"@type\":\"SearchAction\",\"target\":{\"@type\":\"EntryPoint\",\"urlTemplate\":\"https:\\\/\\\/www.eldiario.net\\\/portal\\\/?s={search_term_string}\"},\"query-input\":{\"@type\":\"PropertyValueSpecification\",\"valueRequired\":true,\"valueName\":\"search_term_string\"}}],\"inLanguage\":\"es\"},{\"@type\":\"Organization\",\"@id\":\"https:\\\/\\\/www.eldiario.net\\\/portal\\\/#organization\",\"name\":\"El Diario - Decano de la prensa nacional\",\"url\":\"https:\\\/\\\/www.eldiario.net\\\/portal\\\/\",\"logo\":{\"@type\":\"ImageObject\",\"inLanguage\":\"es\",\"@id\":\"https:\\\/\\\/www.eldiario.net\\\/portal\\\/#\\\/schema\\\/logo\\\/image\\\/\",\"url\":\"https:\\\/\\\/www.eldiario.net\\\/portal\\\/wp-content\\\/uploads\\\/2023\\\/07\\\/logo_ED.jpg\",\"contentUrl\":\"https:\\\/\\\/www.eldiario.net\\\/portal\\\/wp-content\\\/uploads\\\/2023\\\/07\\\/logo_ED.jpg\",\"width\":272,\"height\":52,\"caption\":\"El Diario - Decano de la prensa nacional\"},\"image\":{\"@id\":\"https:\\\/\\\/www.eldiario.net\\\/portal\\\/#\\\/schema\\\/logo\\\/image\\\/\"},\"sameAs\":[\"https:\\\/\\\/www.facebook.com\\\/eldiario.bolivia\\\/\",\"https:\\\/\\\/x.com\\\/eldiario_net\"]},{\"@type\":\"Person\",\"@id\":\"https:\\\/\\\/www.eldiario.net\\\/portal\\\/#\\\/schema\\\/person\\\/2c57cf2b7a7ae032e449e4c9b1019eac\",\"name\":\"Jeanette\",\"image\":{\"@type\":\"ImageObject\",\"inLanguage\":\"es\",\"@id\":\"https:\\\/\\\/secure.gravatar.com\\\/avatar\\\/3ea2118a5f7dad2b7138b1187a6b7ee55f160b9968b66013c3a3ef39dd7e5798?s=96&d=mm&r=g\",\"url\":\"https:\\\/\\\/secure.gravatar.com\\\/avatar\\\/3ea2118a5f7dad2b7138b1187a6b7ee55f160b9968b66013c3a3ef39dd7e5798?s=96&d=mm&r=g\",\"contentUrl\":\"https:\\\/\\\/secure.gravatar.com\\\/avatar\\\/3ea2118a5f7dad2b7138b1187a6b7ee55f160b9968b66013c3a3ef39dd7e5798?s=96&d=mm&r=g\",\"caption\":\"Jeanette\"},\"sameAs\":[\"https:\\\/\\\/www.eldiario.net\\\/portal\"],\"url\":\"https:\\\/\\\/www.eldiario.net\\\/portal\\\/author\\\/jeanette\\\/\"}]}<\/script>\n<!-- \/ Yoast SEO plugin. -->","yoast_head_json":{"title":"Exposici\u00f3n a dispositivos digitales Educaci\u00f3n o simple sobreexposici\u00f3n - El Diario - Bolivia","robots":{"index":"index","follow":"follow","max-snippet":"max-snippet:-1","max-image-preview":"max-image-preview:large","max-video-preview":"max-video-preview:-1"},"canonical":"https:\/\/www.eldiario.net\/portal\/2026\/06\/05\/exposicion-a-dispositivos-digitales-educacion-o-simple-sobreexposicion-4\/","og_locale":"es_ES","og_type":"article","og_title":"Exposici\u00f3n a dispositivos digitales Educaci\u00f3n o simple sobreexposici\u00f3n - El Diario - Bolivia","og_description":"Por. Lic. H\u00e9ctor Molina &nbsp; Recordemos que\u2026 &nbsp; La comprensi\u00f3n del cerebro humano en la era contempor\u00e1nea exige un an\u00e1lisis profundo de c\u00f3mo los entornos artificiales modifican la arquitectura neuronal. La exposici\u00f3n a dispositivos digitales se define como el proceso de interacci\u00f3n sensorial, cognitiva y motriz entre un individuo y una interfaz electr\u00f3nica (smartphones, tablets, [&hellip;]","og_url":"https:\/\/www.eldiario.net\/portal\/2026\/06\/05\/exposicion-a-dispositivos-digitales-educacion-o-simple-sobreexposicion-4\/","og_site_name":"El Diario - Bolivia","article_publisher":"https:\/\/www.facebook.com\/eldiario.bolivia\/","article_published_time":"2026-06-05T12:17:42+00:00","og_image":[{"width":1000,"height":625,"url":"https:\/\/www.eldiario.net\/portal\/wp-content\/uploads\/2026\/06\/Socio-Multitarea.webp","type":"image\/webp"}],"author":"Jeanette","twitter_card":"summary_large_image","twitter_creator":"@eldiario_net","twitter_site":"@eldiario_net","twitter_misc":{"Escrito por":"Jeanette","Tiempo de lectura":"6 minutos"},"schema":{"@context":"https:\/\/schema.org","@graph":[{"@type":"Article","@id":"https:\/\/www.eldiario.net\/portal\/2026\/06\/05\/exposicion-a-dispositivos-digitales-educacion-o-simple-sobreexposicion-4\/#article","isPartOf":{"@id":"https:\/\/www.eldiario.net\/portal\/2026\/06\/05\/exposicion-a-dispositivos-digitales-educacion-o-simple-sobreexposicion-4\/"},"author":{"name":"Jeanette","@id":"https:\/\/www.eldiario.net\/portal\/#\/schema\/person\/2c57cf2b7a7ae032e449e4c9b1019eac"},"headline":"Exposici\u00f3n a dispositivos digitales Educaci\u00f3n o simple sobreexposici\u00f3n","datePublished":"2026-06-05T12:17:42+00:00","mainEntityOfPage":{"@id":"https:\/\/www.eldiario.net\/portal\/2026\/06\/05\/exposicion-a-dispositivos-digitales-educacion-o-simple-sobreexposicion-4\/"},"wordCount":1232,"publisher":{"@id":"https:\/\/www.eldiario.net\/portal\/#organization"},"image":{"@id":"https:\/\/www.eldiario.net\/portal\/2026\/06\/05\/exposicion-a-dispositivos-digitales-educacion-o-simple-sobreexposicion-4\/#primaryimage"},"thumbnailUrl":"https:\/\/www.eldiario.net\/portal\/wp-content\/uploads\/2026\/06\/Socio-Multitarea.webp","articleSection":["Nuevos Horizontes"],"inLanguage":"es"},{"@type":"WebPage","@id":"https:\/\/www.eldiario.net\/portal\/2026\/06\/05\/exposicion-a-dispositivos-digitales-educacion-o-simple-sobreexposicion-4\/","url":"https:\/\/www.eldiario.net\/portal\/2026\/06\/05\/exposicion-a-dispositivos-digitales-educacion-o-simple-sobreexposicion-4\/","name":"Exposici\u00f3n a dispositivos digitales Educaci\u00f3n o simple sobreexposici\u00f3n - El Diario - Bolivia","isPartOf":{"@id":"https:\/\/www.eldiario.net\/portal\/#website"},"primaryImageOfPage":{"@id":"https:\/\/www.eldiario.net\/portal\/2026\/06\/05\/exposicion-a-dispositivos-digitales-educacion-o-simple-sobreexposicion-4\/#primaryimage"},"image":{"@id":"https:\/\/www.eldiario.net\/portal\/2026\/06\/05\/exposicion-a-dispositivos-digitales-educacion-o-simple-sobreexposicion-4\/#primaryimage"},"thumbnailUrl":"https:\/\/www.eldiario.net\/portal\/wp-content\/uploads\/2026\/06\/Socio-Multitarea.webp","datePublished":"2026-06-05T12:17:42+00:00","breadcrumb":{"@id":"https:\/\/www.eldiario.net\/portal\/2026\/06\/05\/exposicion-a-dispositivos-digitales-educacion-o-simple-sobreexposicion-4\/#breadcrumb"},"inLanguage":"es","potentialAction":[{"@type":"ReadAction","target":["https:\/\/www.eldiario.net\/portal\/2026\/06\/05\/exposicion-a-dispositivos-digitales-educacion-o-simple-sobreexposicion-4\/"]}]},{"@type":"ImageObject","inLanguage":"es","@id":"https:\/\/www.eldiario.net\/portal\/2026\/06\/05\/exposicion-a-dispositivos-digitales-educacion-o-simple-sobreexposicion-4\/#primaryimage","url":"https:\/\/www.eldiario.net\/portal\/wp-content\/uploads\/2026\/06\/Socio-Multitarea.webp","contentUrl":"https:\/\/www.eldiario.net\/portal\/wp-content\/uploads\/2026\/06\/Socio-Multitarea.webp","width":1000,"height":625},{"@type":"BreadcrumbList","@id":"https:\/\/www.eldiario.net\/portal\/2026\/06\/05\/exposicion-a-dispositivos-digitales-educacion-o-simple-sobreexposicion-4\/#breadcrumb","itemListElement":[{"@type":"ListItem","position":1,"name":"Portada","item":"https:\/\/www.eldiario.net\/portal\/"},{"@type":"ListItem","position":2,"name":"Exposici\u00f3n a dispositivos digitales Educaci\u00f3n o simple sobreexposici\u00f3n"}]},{"@type":"WebSite","@id":"https:\/\/www.eldiario.net\/portal\/#website","url":"https:\/\/www.eldiario.net\/portal\/","name":"El Diario - Decano de la prensa nacional","description":"El Diario - Decano de la prensa nacional","publisher":{"@id":"https:\/\/www.eldiario.net\/portal\/#organization"},"potentialAction":[{"@type":"SearchAction","target":{"@type":"EntryPoint","urlTemplate":"https:\/\/www.eldiario.net\/portal\/?s={search_term_string}"},"query-input":{"@type":"PropertyValueSpecification","valueRequired":true,"valueName":"search_term_string"}}],"inLanguage":"es"},{"@type":"Organization","@id":"https:\/\/www.eldiario.net\/portal\/#organization","name":"El Diario - Decano de la prensa nacional","url":"https:\/\/www.eldiario.net\/portal\/","logo":{"@type":"ImageObject","inLanguage":"es","@id":"https:\/\/www.eldiario.net\/portal\/#\/schema\/logo\/image\/","url":"https:\/\/www.eldiario.net\/portal\/wp-content\/uploads\/2023\/07\/logo_ED.jpg","contentUrl":"https:\/\/www.eldiario.net\/portal\/wp-content\/uploads\/2023\/07\/logo_ED.jpg","width":272,"height":52,"caption":"El Diario - Decano de la prensa nacional"},"image":{"@id":"https:\/\/www.eldiario.net\/portal\/#\/schema\/logo\/image\/"},"sameAs":["https:\/\/www.facebook.com\/eldiario.bolivia\/","https:\/\/x.com\/eldiario_net"]},{"@type":"Person","@id":"https:\/\/www.eldiario.net\/portal\/#\/schema\/person\/2c57cf2b7a7ae032e449e4c9b1019eac","name":"Jeanette","image":{"@type":"ImageObject","inLanguage":"es","@id":"https:\/\/secure.gravatar.com\/avatar\/3ea2118a5f7dad2b7138b1187a6b7ee55f160b9968b66013c3a3ef39dd7e5798?s=96&d=mm&r=g","url":"https:\/\/secure.gravatar.com\/avatar\/3ea2118a5f7dad2b7138b1187a6b7ee55f160b9968b66013c3a3ef39dd7e5798?s=96&d=mm&r=g","contentUrl":"https:\/\/secure.gravatar.com\/avatar\/3ea2118a5f7dad2b7138b1187a6b7ee55f160b9968b66013c3a3ef39dd7e5798?s=96&d=mm&r=g","caption":"Jeanette"},"sameAs":["https:\/\/www.eldiario.net\/portal"],"url":"https:\/\/www.eldiario.net\/portal\/author\/jeanette\/"}]}},"_links":{"self":[{"href":"https:\/\/www.eldiario.net\/portal\/wp-json\/wp\/v2\/posts\/400997","targetHints":{"allow":["GET"]}}],"collection":[{"href":"https:\/\/www.eldiario.net\/portal\/wp-json\/wp\/v2\/posts"}],"about":[{"href":"https:\/\/www.eldiario.net\/portal\/wp-json\/wp\/v2\/types\/post"}],"author":[{"embeddable":true,"href":"https:\/\/www.eldiario.net\/portal\/wp-json\/wp\/v2\/users\/1"}],"replies":[{"embeddable":true,"href":"https:\/\/www.eldiario.net\/portal\/wp-json\/wp\/v2\/comments?post=400997"}],"version-history":[{"count":1,"href":"https:\/\/www.eldiario.net\/portal\/wp-json\/wp\/v2\/posts\/400997\/revisions"}],"predecessor-version":[{"id":401001,"href":"https:\/\/www.eldiario.net\/portal\/wp-json\/wp\/v2\/posts\/400997\/revisions\/401001"}],"wp:featuredmedia":[{"embeddable":true,"href":"https:\/\/www.eldiario.net\/portal\/wp-json\/wp\/v2\/media\/400998"}],"wp:attachment":[{"href":"https:\/\/www.eldiario.net\/portal\/wp-json\/wp\/v2\/media?parent=400997"}],"wp:term":[{"taxonomy":"category","embeddable":true,"href":"https:\/\/www.eldiario.net\/portal\/wp-json\/wp\/v2\/categories?post=400997"},{"taxonomy":"post_tag","embeddable":true,"href":"https:\/\/www.eldiario.net\/portal\/wp-json\/wp\/v2\/tags?post=400997"}],"curies":[{"name":"wp","href":"https:\/\/api.w.org\/{rel}","templated":true}]}}