{"id":400992,"date":"2026-06-05T08:13:42","date_gmt":"2026-06-05T12:13:42","guid":{"rendered":"https:\/\/www.eldiario.net\/portal\/?p=400992"},"modified":"2026-06-05T08:13:42","modified_gmt":"2026-06-05T12:13:42","slug":"argumentacion-y-debate-el-poder-de-la-persuasion","status":"publish","type":"post","link":"https:\/\/www.eldiario.net\/portal\/2026\/06\/05\/argumentacion-y-debate-el-poder-de-la-persuasion\/","title":{"rendered":"Argumentaci\u00f3n y debate El poder de la persuasi\u00f3n"},"content":{"rendered":"<p><strong>Por. Lic. H\u00e9ctor Molina<\/strong><\/p>\n<p>&nbsp;<\/p>\n<p><strong>Recordemos que\u2026<\/strong><\/p>\n<p>&nbsp;<\/p>\n<p>La argumentaci\u00f3n se define como el proceso cognitivo y ling\u00fc\u00edstico mediante el cual se construyen razonamientos l\u00f3gicos con el objetivo de demostrar, justificar o refutar una postura determinada. No consiste en una simple manifestaci\u00f3n de opiniones o preferencias personales, sino en la articulaci\u00f3n estructurada de ideas respaldadas por evidencias, hechos comprobables y fundamentos s\u00f3lidos.<\/p>\n<p>&nbsp;<\/p>\n<p>Asimismo, el debate es una t\u00e9cnica pedag\u00f3gica y una pr\u00e1ctica comunicativa formal en la que dos o m\u00e1s personas exponen y confrontan sus diferentes puntos de vista sobre un tema determinado. Se rige por un marco de reglas preestablecidas, tiempos de intervenci\u00f3n delimitados y la presencia de un moderador, transformando la discrepancia verbal en un ejercicio de construcci\u00f3n intelectual respetuoso.<\/p>\n<p>&nbsp;<\/p>\n<p>Y por \u00faltimo, pero no menos importante, recordar que la persuasi\u00f3n es el arte y la ciencia de influir en las creencias, actitudes, intenciones o comportamientos de los dem\u00e1s a trav\u00e9s del uso de la palabra. A diferencia de la manipulaci\u00f3n o la coacci\u00f3n (que anulan la libertad del individuo mediante el enga\u00f1o o la fuerza), la persuasi\u00f3n busca convencer de manera voluntaria, utilizando herramientas ret\u00f3ricas que conectan la l\u00f3gica del mensaje con la psicolog\u00eda del receptor.<\/p>\n<p>&nbsp;<\/p>\n<p><strong>Cu\u00e1l es la relaci\u00f3n entre debate, argumentaci\u00f3n y persuasi\u00f3n<\/strong><\/p>\n<p>&nbsp;<\/p>\n<p>El debate, la argumentaci\u00f3n y la persuasi\u00f3n son tres engranajes de una misma m\u00e1quina: la comunicaci\u00f3n estrat\u00e9gica. Aunque a menudo se usan como sin\u00f3nimos, cada uno cumple una funci\u00f3n \u00fanica y se conecta con los dem\u00e1s a trav\u00e9s de procesos cognitivos y sociales espec\u00edficos.<\/p>\n<p>&nbsp;<\/p>\n<p>Para comprender c\u00f3mo se relacionan, es necesario analizar el papel que juega el cerebro, la estructura del pensamiento y el arte de conectar con los dem\u00e1s.<\/p>\n<p>&nbsp;<\/p>\n<p><strong>La relaci\u00f3n de interdependencia &#8211; \u00bfC\u00f3mo se conectan?<\/strong><\/p>\n<p>&nbsp;<\/p>\n<p>La relaci\u00f3n entre estos tres conceptos es de inclusi\u00f3n y complementariedad, funcionando como una estructura escalonada.<\/p>\n<p>&nbsp;<\/p>\n<ol>\n<li><strong> La argumentaci\u00f3n es la materia prima de la persuasi\u00f3n<\/strong><\/li>\n<\/ol>\n<p>&nbsp;<\/p>\n<p>Una persuasi\u00f3n que carece de argumentos se convierte en manipulaci\u00f3n o en simple palabrer\u00eda vac\u00eda. El cerebro humano genera resistencia natural ante los intentos de convencimiento que percibe como falsos. Por lo tanto, la argumentaci\u00f3n s\u00f3lida proporciona la base de credibilidad necesaria para que los mecanismos de la persuasi\u00f3n funcionen. Se persuade con la emoci\u00f3n, pero se respalda con la raz\u00f3n.<\/p>\n<p>&nbsp;<\/p>\n<ol start=\"2\">\n<li><strong> El debate es el campo de juego<\/strong><\/li>\n<\/ol>\n<p>&nbsp;<\/p>\n<p>El debate necesita obligatoriamente de la argumentaci\u00f3n para existir; sin argumentos, un debate se degrada y se transforma en una discusi\u00f3n sin sentido. A su vez, el prop\u00f3sito final de los participantes en un debate es la persuasi\u00f3n: se busca convencer a un jurado, a una audiencia o al p\u00fablico presente de que una postura es m\u00e1s razonable o beneficiosa que la otra.<\/p>\n<p>&nbsp;<\/p>\n<ol start=\"3\">\n<li><strong> El ciclo completo en la pr\u00e1ctica<\/strong><\/li>\n<\/ol>\n<p>&nbsp;<\/p>\n<p>En una conferencia o debate de alto nivel, el proceso se ejecuta de manera fluida. El orador utiliza t\u00e9cnicas de estudio y estructuraci\u00f3n del pensamiento para organizar sus ideas (argumentaci\u00f3n). Luego, aplica estrategias de relaciones p\u00fablicas, modulaci\u00f3n de voz y lenguaje corporal para conectar con las emociones del p\u00fablico (persuasi\u00f3n). Todo esto ocurre bajo las reglas y los tiempos espec\u00edficos que estipula el encuentro (debate).<\/p>\n<p>&nbsp;<\/p>\n<p>En el cerebro, una idea se asimila mejor cuando se activa tanto el hemisferio izquierdo (asociado al an\u00e1lisis secuencial y l\u00f3gico de los argumentos) como el derecho (vinculado a la interpretaci\u00f3n global y emocional de la persuasi\u00f3n).<\/p>\n<p>&nbsp;<\/p>\n<p><strong>Beneficios cognitivos y pedag\u00f3gicos de esta relaci\u00f3n<\/strong><\/p>\n<p>&nbsp;<\/p>\n<p>El dominio conjunto de la argumentaci\u00f3n, la persuasi\u00f3n y el debate funciona como una de las mejores t\u00e9cnicas de estudio y desarrollo intelectual. Cuando un individuo se prepara para un debate, activa la neuroplasticidad, que es la capacidad del cerebro para formar nuevas conexiones neuronales.<\/p>\n<p>&nbsp;<\/p>\n<p>Este ejercicio potencia habilidades esenciales como la escucha activa (necesaria para refutar los argumentos contrarios), el control del estr\u00e9s (regulado por la am\u00edgdala cerebral) y el pensamiento \u00e1gil. En \u00faltima instancia, entender c\u00f3mo se entrelazan estos conceptos permite pasar de ser un espectador pasivo de la informaci\u00f3n a convertirse en un pensador cr\u00edtico capaz de defender ideas con elegancia, rigor cient\u00edfico y empat\u00eda social.<\/p>\n\r\n                <style type=\"text\/css\">\r\n                    \r\n                    #tdi_1  .td-doubleSlider-2 .td-item1 {\r\n                        background: url(https:\/\/www.eldiario.net\/portal\/wp-content\/uploads\/2026\/06\/Len-Persuasion-80x60.webp) 0 0 no-repeat;\r\n                    }\r\n                    #tdi_1  .td-doubleSlider-2 .td-item2 {\r\n                        background: url(https:\/\/www.eldiario.net\/portal\/wp-content\/uploads\/2026\/06\/Len-Argumentacion-80x60.webp) 0 0 no-repeat;\r\n                    }\r\n                    #tdi_1  .td-doubleSlider-2 .td-item3 {\r\n                        background: url(https:\/\/www.eldiario.net\/portal\/wp-content\/uploads\/2026\/06\/Len-Debate-80x60.webp) 0 0 no-repeat;\r\n                    }\r\n                <\/style>\r\n\r\n                <div id=\"tdi_1\" class=\"td-gallery td-slide-on-2-columns\">\r\n                    <div class=\"post_td_gallery\">\r\n                        <div class=\"td-gallery-slide-top\">\r\n                           <div class=\"td-gallery-title\"><\/div>\r\n\r\n                            <div class=\"td-gallery-controls-wrapper\">\r\n                                <div class=\"td-gallery-slide-count\"><span class=\"td-gallery-slide-item-focus\">1<\/span> de 3<\/div>\r\n                                <div class=\"td-gallery-slide-prev-next-but\">\r\n                                    <i class = \"td-icon-left doubleSliderPrevButton\"><\/i>\r\n                                    <i class = \"td-icon-right doubleSliderNextButton\"><\/i>\r\n                                <\/div>\r\n                            <\/div>\r\n                        <\/div>\r\n\r\n                        <div class = \"td-doubleSlider-1 \">\r\n                            <div class = \"td-slider\">\r\n                                \r\n                    <div class = \"td-slide-item td-item1\">\r\n                        <figure class=\"td-slide-galery-figure td-slide-popup-gallery\">\r\n                            <a class=\"slide-gallery-image-link\" href=\"https:\/\/www.eldiario.net\/portal\/wp-content\/uploads\/2026\/06\/Len-Persuasion.webp\" title=\"Len - Persuasi\u00f3n\"  data-caption=\"\"  data-description=\"\">\r\n                                <img decoding=\"async\" src=\"https:\/\/www.eldiario.net\/portal\/wp-content\/uploads\/2026\/06\/Len-Persuasion.webp\" srcset=\"https:\/\/www.eldiario.net\/portal\/wp-content\/uploads\/2026\/06\/Len-Persuasion.webp 620w, https:\/\/www.eldiario.net\/portal\/wp-content\/uploads\/2026\/06\/Len-Persuasion-300x171.webp 300w, https:\/\/www.eldiario.net\/portal\/wp-content\/uploads\/2026\/06\/Len-Persuasion-150x85.webp 150w\" sizes=\"(max-width: 620px) 100vw, 620px\" alt=\"\">\r\n                            <\/a>\r\n                            \r\n                        <\/figure>\r\n                    <\/div>\r\n                    <div class = \"td-slide-item td-item2\">\r\n                        <figure class=\"td-slide-galery-figure td-slide-popup-gallery\">\r\n                            <a class=\"slide-gallery-image-link\" href=\"https:\/\/www.eldiario.net\/portal\/wp-content\/uploads\/2026\/06\/Len-Argumentacion.webp\" title=\"Len - Argumentaci\u00f3n\"  data-caption=\"\"  data-description=\"\">\r\n                                <img decoding=\"async\" src=\"https:\/\/www.eldiario.net\/portal\/wp-content\/uploads\/2026\/06\/Len-Argumentacion.webp\" srcset=\"https:\/\/www.eldiario.net\/portal\/wp-content\/uploads\/2026\/06\/Len-Argumentacion.webp 512w, https:\/\/www.eldiario.net\/portal\/wp-content\/uploads\/2026\/06\/Len-Argumentacion-300x169.webp 300w, https:\/\/www.eldiario.net\/portal\/wp-content\/uploads\/2026\/06\/Len-Argumentacion-150x84.webp 150w\" sizes=\"(max-width: 512px) 100vw, 512px\" alt=\"\">\r\n                            <\/a>\r\n                            \r\n                        <\/figure>\r\n                    <\/div>\r\n                    <div class = \"td-slide-item td-item3\">\r\n                        <figure class=\"td-slide-galery-figure td-slide-popup-gallery\">\r\n                            <a class=\"slide-gallery-image-link\" href=\"https:\/\/www.eldiario.net\/portal\/wp-content\/uploads\/2026\/06\/Len-Debate.webp\" title=\"Len - Debate\"  data-caption=\"\"  data-description=\"\">\r\n                                <img decoding=\"async\" src=\"https:\/\/www.eldiario.net\/portal\/wp-content\/uploads\/2026\/06\/Len-Debate-800x420.webp\" srcset=\"https:\/\/www.eldiario.net\/portal\/wp-content\/uploads\/2026\/06\/Len-Debate-800x420.webp 800w, https:\/\/www.eldiario.net\/portal\/wp-content\/uploads\/2026\/06\/Len-Debate-300x158.webp 300w, https:\/\/www.eldiario.net\/portal\/wp-content\/uploads\/2026\/06\/Len-Debate-1024x538.webp 1024w, https:\/\/www.eldiario.net\/portal\/wp-content\/uploads\/2026\/06\/Len-Debate-768x403.webp 768w, https:\/\/www.eldiario.net\/portal\/wp-content\/uploads\/2026\/06\/Len-Debate-150x79.webp 150w, https:\/\/www.eldiario.net\/portal\/wp-content\/uploads\/2026\/06\/Len-Debate-696x365.webp 696w, https:\/\/www.eldiario.net\/portal\/wp-content\/uploads\/2026\/06\/Len-Debate-1068x561.webp 1068w, https:\/\/www.eldiario.net\/portal\/wp-content\/uploads\/2026\/06\/Len-Debate.webp 1200w\" sizes=\"(max-width: 800px) 100vw, 800px\" alt=\"\">\r\n                            <\/a>\r\n                            \r\n                        <\/figure>\r\n                    <\/div>\r\n                            <\/div>\r\n                        <\/div>\r\n\r\n                        <div class = \"td-doubleSlider-2\">\r\n                            <div class = \"td-slider\">\r\n                                \r\n                    <div class = \"td-button td-item1\">\r\n                        <div class = \"td-border\"><\/div>\r\n                    <\/div>\r\n                    <div class = \"td-button td-item2\">\r\n                        <div class = \"td-border\"><\/div>\r\n                    <\/div>\r\n                    <div class = \"td-button td-item3\">\r\n                        <div class = \"td-border\"><\/div>\r\n                    <\/div>\r\n                            <\/div>\r\n                        <\/div>\r\n\r\n                    <\/div>\r\n\r\n                <\/div>\r\n                \n","protected":false},"excerpt":{"rendered":"<p>Por. Lic. H\u00e9ctor Molina &nbsp; Recordemos que\u2026 &nbsp; La argumentaci\u00f3n se define como el proceso cognitivo y ling\u00fc\u00edstico mediante el cual se construyen razonamientos l\u00f3gicos con el objetivo de demostrar, justificar o refutar una postura determinada. No consiste en una simple manifestaci\u00f3n de opiniones o preferencias personales, sino en la articulaci\u00f3n estructurada de ideas respaldadas [&hellip;]<\/p>\n","protected":false},"author":1,"featured_media":400993,"comment_status":"closed","ping_status":"open","sticky":false,"template":"","format":"standard","meta":{"_acf_changed":false,"footnotes":""},"categories":[43],"tags":[],"class_list":["post-400992","post","type-post","status-publish","format-standard","has-post-thumbnail","category-nuevos-horizontes"],"acf":{"antetitulo":"Segunda Parte"},"yoast_head":"<!-- This site is optimized with the Yoast SEO plugin v28.4 - https:\/\/yoast.com\/product\/yoast-seo-wordpress\/ -->\n<title>Argumentaci\u00f3n y debate El poder de la persuasi\u00f3n - El Diario - Bolivia<\/title>\n<meta name=\"robots\" content=\"index, follow, max-snippet:-1, max-image-preview:large, max-video-preview:-1\" \/>\n<link rel=\"canonical\" href=\"https:\/\/www.eldiario.net\/portal\/2026\/06\/05\/argumentacion-y-debate-el-poder-de-la-persuasion\/\" \/>\n<meta property=\"og:locale\" content=\"es_ES\" \/>\n<meta property=\"og:type\" content=\"article\" \/>\n<meta property=\"og:title\" content=\"Argumentaci\u00f3n y debate El poder de la persuasi\u00f3n - El Diario - Bolivia\" \/>\n<meta property=\"og:description\" content=\"Por. Lic. H\u00e9ctor Molina &nbsp; Recordemos que\u2026 &nbsp; La argumentaci\u00f3n se define como el proceso cognitivo y ling\u00fc\u00edstico mediante el cual se construyen razonamientos l\u00f3gicos con el objetivo de demostrar, justificar o refutar una postura determinada. No consiste en una simple manifestaci\u00f3n de opiniones o preferencias personales, sino en la articulaci\u00f3n estructurada de ideas respaldadas [&hellip;]\" \/>\n<meta property=\"og:url\" content=\"https:\/\/www.eldiario.net\/portal\/2026\/06\/05\/argumentacion-y-debate-el-poder-de-la-persuasion\/\" \/>\n<meta property=\"og:site_name\" content=\"El Diario - Bolivia\" \/>\n<meta property=\"article:publisher\" content=\"https:\/\/www.facebook.com\/eldiario.bolivia\/\" \/>\n<meta property=\"article:published_time\" content=\"2026-06-05T12:13:42+00:00\" \/>\n<meta property=\"og:image\" content=\"https:\/\/www.eldiario.net\/portal\/wp-content\/uploads\/2026\/06\/Len-Persuasion.webp\" \/>\n\t<meta property=\"og:image:width\" content=\"620\" \/>\n\t<meta property=\"og:image:height\" content=\"353\" \/>\n\t<meta property=\"og:image:type\" content=\"image\/webp\" \/>\n<meta name=\"author\" content=\"Jeanette\" \/>\n<meta name=\"twitter:card\" content=\"summary_large_image\" \/>\n<meta name=\"twitter:creator\" content=\"@eldiario_net\" \/>\n<meta name=\"twitter:site\" content=\"@eldiario_net\" \/>\n<meta name=\"twitter:label1\" content=\"Escrito por\" \/>\n\t<meta name=\"twitter:data1\" content=\"Jeanette\" \/>\n\t<meta name=\"twitter:label2\" content=\"Tiempo de lectura\" \/>\n\t<meta name=\"twitter:data2\" content=\"4 minutos\" \/>\n<script type=\"application\/ld+json\" class=\"yoast-schema-graph\">{\"@context\":\"https:\\\/\\\/schema.org\",\"@graph\":[{\"@type\":\"Article\",\"@id\":\"https:\\\/\\\/www.eldiario.net\\\/portal\\\/2026\\\/06\\\/05\\\/argumentacion-y-debate-el-poder-de-la-persuasion\\\/#article\",\"isPartOf\":{\"@id\":\"https:\\\/\\\/www.eldiario.net\\\/portal\\\/2026\\\/06\\\/05\\\/argumentacion-y-debate-el-poder-de-la-persuasion\\\/\"},\"author\":{\"name\":\"Jeanette\",\"@id\":\"https:\\\/\\\/www.eldiario.net\\\/portal\\\/#\\\/schema\\\/person\\\/2c57cf2b7a7ae032e449e4c9b1019eac\"},\"headline\":\"Argumentaci\u00f3n y debate El poder de la persuasi\u00f3n\",\"datePublished\":\"2026-06-05T12:13:42+00:00\",\"mainEntityOfPage\":{\"@id\":\"https:\\\/\\\/www.eldiario.net\\\/portal\\\/2026\\\/06\\\/05\\\/argumentacion-y-debate-el-poder-de-la-persuasion\\\/\"},\"wordCount\":787,\"publisher\":{\"@id\":\"https:\\\/\\\/www.eldiario.net\\\/portal\\\/#organization\"},\"image\":{\"@id\":\"https:\\\/\\\/www.eldiario.net\\\/portal\\\/2026\\\/06\\\/05\\\/argumentacion-y-debate-el-poder-de-la-persuasion\\\/#primaryimage\"},\"thumbnailUrl\":\"https:\\\/\\\/www.eldiario.net\\\/portal\\\/wp-content\\\/uploads\\\/2026\\\/06\\\/Len-Persuasion.webp\",\"articleSection\":[\"Nuevos Horizontes\"],\"inLanguage\":\"es\"},{\"@type\":\"WebPage\",\"@id\":\"https:\\\/\\\/www.eldiario.net\\\/portal\\\/2026\\\/06\\\/05\\\/argumentacion-y-debate-el-poder-de-la-persuasion\\\/\",\"url\":\"https:\\\/\\\/www.eldiario.net\\\/portal\\\/2026\\\/06\\\/05\\\/argumentacion-y-debate-el-poder-de-la-persuasion\\\/\",\"name\":\"Argumentaci\u00f3n y debate El poder de la persuasi\u00f3n - El Diario - Bolivia\",\"isPartOf\":{\"@id\":\"https:\\\/\\\/www.eldiario.net\\\/portal\\\/#website\"},\"primaryImageOfPage\":{\"@id\":\"https:\\\/\\\/www.eldiario.net\\\/portal\\\/2026\\\/06\\\/05\\\/argumentacion-y-debate-el-poder-de-la-persuasion\\\/#primaryimage\"},\"image\":{\"@id\":\"https:\\\/\\\/www.eldiario.net\\\/portal\\\/2026\\\/06\\\/05\\\/argumentacion-y-debate-el-poder-de-la-persuasion\\\/#primaryimage\"},\"thumbnailUrl\":\"https:\\\/\\\/www.eldiario.net\\\/portal\\\/wp-content\\\/uploads\\\/2026\\\/06\\\/Len-Persuasion.webp\",\"datePublished\":\"2026-06-05T12:13:42+00:00\",\"breadcrumb\":{\"@id\":\"https:\\\/\\\/www.eldiario.net\\\/portal\\\/2026\\\/06\\\/05\\\/argumentacion-y-debate-el-poder-de-la-persuasion\\\/#breadcrumb\"},\"inLanguage\":\"es\",\"potentialAction\":[{\"@type\":\"ReadAction\",\"target\":[\"https:\\\/\\\/www.eldiario.net\\\/portal\\\/2026\\\/06\\\/05\\\/argumentacion-y-debate-el-poder-de-la-persuasion\\\/\"]}]},{\"@type\":\"ImageObject\",\"inLanguage\":\"es\",\"@id\":\"https:\\\/\\\/www.eldiario.net\\\/portal\\\/2026\\\/06\\\/05\\\/argumentacion-y-debate-el-poder-de-la-persuasion\\\/#primaryimage\",\"url\":\"https:\\\/\\\/www.eldiario.net\\\/portal\\\/wp-content\\\/uploads\\\/2026\\\/06\\\/Len-Persuasion.webp\",\"contentUrl\":\"https:\\\/\\\/www.eldiario.net\\\/portal\\\/wp-content\\\/uploads\\\/2026\\\/06\\\/Len-Persuasion.webp\",\"width\":620,\"height\":353},{\"@type\":\"BreadcrumbList\",\"@id\":\"https:\\\/\\\/www.eldiario.net\\\/portal\\\/2026\\\/06\\\/05\\\/argumentacion-y-debate-el-poder-de-la-persuasion\\\/#breadcrumb\",\"itemListElement\":[{\"@type\":\"ListItem\",\"position\":1,\"name\":\"Portada\",\"item\":\"https:\\\/\\\/www.eldiario.net\\\/portal\\\/\"},{\"@type\":\"ListItem\",\"position\":2,\"name\":\"Argumentaci\u00f3n y debate El poder de la persuasi\u00f3n\"}]},{\"@type\":\"WebSite\",\"@id\":\"https:\\\/\\\/www.eldiario.net\\\/portal\\\/#website\",\"url\":\"https:\\\/\\\/www.eldiario.net\\\/portal\\\/\",\"name\":\"El Diario - Decano de la prensa nacional\",\"description\":\"El Diario - Decano de la prensa nacional\",\"publisher\":{\"@id\":\"https:\\\/\\\/www.eldiario.net\\\/portal\\\/#organization\"},\"potentialAction\":[{\"@type\":\"SearchAction\",\"target\":{\"@type\":\"EntryPoint\",\"urlTemplate\":\"https:\\\/\\\/www.eldiario.net\\\/portal\\\/?s={search_term_string}\"},\"query-input\":{\"@type\":\"PropertyValueSpecification\",\"valueRequired\":true,\"valueName\":\"search_term_string\"}}],\"inLanguage\":\"es\"},{\"@type\":\"Organization\",\"@id\":\"https:\\\/\\\/www.eldiario.net\\\/portal\\\/#organization\",\"name\":\"El Diario - Decano de la prensa nacional\",\"url\":\"https:\\\/\\\/www.eldiario.net\\\/portal\\\/\",\"logo\":{\"@type\":\"ImageObject\",\"inLanguage\":\"es\",\"@id\":\"https:\\\/\\\/www.eldiario.net\\\/portal\\\/#\\\/schema\\\/logo\\\/image\\\/\",\"url\":\"https:\\\/\\\/www.eldiario.net\\\/portal\\\/wp-content\\\/uploads\\\/2023\\\/07\\\/logo_ED.jpg\",\"contentUrl\":\"https:\\\/\\\/www.eldiario.net\\\/portal\\\/wp-content\\\/uploads\\\/2023\\\/07\\\/logo_ED.jpg\",\"width\":272,\"height\":52,\"caption\":\"El Diario - Decano de la prensa nacional\"},\"image\":{\"@id\":\"https:\\\/\\\/www.eldiario.net\\\/portal\\\/#\\\/schema\\\/logo\\\/image\\\/\"},\"sameAs\":[\"https:\\\/\\\/www.facebook.com\\\/eldiario.bolivia\\\/\",\"https:\\\/\\\/x.com\\\/eldiario_net\"]},{\"@type\":\"Person\",\"@id\":\"https:\\\/\\\/www.eldiario.net\\\/portal\\\/#\\\/schema\\\/person\\\/2c57cf2b7a7ae032e449e4c9b1019eac\",\"name\":\"Jeanette\",\"image\":{\"@type\":\"ImageObject\",\"inLanguage\":\"es\",\"@id\":\"https:\\\/\\\/secure.gravatar.com\\\/avatar\\\/3ea2118a5f7dad2b7138b1187a6b7ee55f160b9968b66013c3a3ef39dd7e5798?s=96&d=mm&r=g\",\"url\":\"https:\\\/\\\/secure.gravatar.com\\\/avatar\\\/3ea2118a5f7dad2b7138b1187a6b7ee55f160b9968b66013c3a3ef39dd7e5798?s=96&d=mm&r=g\",\"contentUrl\":\"https:\\\/\\\/secure.gravatar.com\\\/avatar\\\/3ea2118a5f7dad2b7138b1187a6b7ee55f160b9968b66013c3a3ef39dd7e5798?s=96&d=mm&r=g\",\"caption\":\"Jeanette\"},\"sameAs\":[\"https:\\\/\\\/www.eldiario.net\\\/portal\"],\"url\":\"https:\\\/\\\/www.eldiario.net\\\/portal\\\/author\\\/jeanette\\\/\"}]}<\/script>\n<!-- \/ Yoast SEO plugin. -->","yoast_head_json":{"title":"Argumentaci\u00f3n y debate El poder de la persuasi\u00f3n - El Diario - Bolivia","robots":{"index":"index","follow":"follow","max-snippet":"max-snippet:-1","max-image-preview":"max-image-preview:large","max-video-preview":"max-video-preview:-1"},"canonical":"https:\/\/www.eldiario.net\/portal\/2026\/06\/05\/argumentacion-y-debate-el-poder-de-la-persuasion\/","og_locale":"es_ES","og_type":"article","og_title":"Argumentaci\u00f3n y debate El poder de la persuasi\u00f3n - El Diario - Bolivia","og_description":"Por. Lic. H\u00e9ctor Molina &nbsp; Recordemos que\u2026 &nbsp; La argumentaci\u00f3n se define como el proceso cognitivo y ling\u00fc\u00edstico mediante el cual se construyen razonamientos l\u00f3gicos con el objetivo de demostrar, justificar o refutar una postura determinada. No consiste en una simple manifestaci\u00f3n de opiniones o preferencias personales, sino en la articulaci\u00f3n estructurada de ideas respaldadas [&hellip;]","og_url":"https:\/\/www.eldiario.net\/portal\/2026\/06\/05\/argumentacion-y-debate-el-poder-de-la-persuasion\/","og_site_name":"El Diario - Bolivia","article_publisher":"https:\/\/www.facebook.com\/eldiario.bolivia\/","article_published_time":"2026-06-05T12:13:42+00:00","og_image":[{"width":620,"height":353,"url":"https:\/\/www.eldiario.net\/portal\/wp-content\/uploads\/2026\/06\/Len-Persuasion.webp","type":"image\/webp"}],"author":"Jeanette","twitter_card":"summary_large_image","twitter_creator":"@eldiario_net","twitter_site":"@eldiario_net","twitter_misc":{"Escrito por":"Jeanette","Tiempo de lectura":"4 minutos"},"schema":{"@context":"https:\/\/schema.org","@graph":[{"@type":"Article","@id":"https:\/\/www.eldiario.net\/portal\/2026\/06\/05\/argumentacion-y-debate-el-poder-de-la-persuasion\/#article","isPartOf":{"@id":"https:\/\/www.eldiario.net\/portal\/2026\/06\/05\/argumentacion-y-debate-el-poder-de-la-persuasion\/"},"author":{"name":"Jeanette","@id":"https:\/\/www.eldiario.net\/portal\/#\/schema\/person\/2c57cf2b7a7ae032e449e4c9b1019eac"},"headline":"Argumentaci\u00f3n y debate El poder de la persuasi\u00f3n","datePublished":"2026-06-05T12:13:42+00:00","mainEntityOfPage":{"@id":"https:\/\/www.eldiario.net\/portal\/2026\/06\/05\/argumentacion-y-debate-el-poder-de-la-persuasion\/"},"wordCount":787,"publisher":{"@id":"https:\/\/www.eldiario.net\/portal\/#organization"},"image":{"@id":"https:\/\/www.eldiario.net\/portal\/2026\/06\/05\/argumentacion-y-debate-el-poder-de-la-persuasion\/#primaryimage"},"thumbnailUrl":"https:\/\/www.eldiario.net\/portal\/wp-content\/uploads\/2026\/06\/Len-Persuasion.webp","articleSection":["Nuevos Horizontes"],"inLanguage":"es"},{"@type":"WebPage","@id":"https:\/\/www.eldiario.net\/portal\/2026\/06\/05\/argumentacion-y-debate-el-poder-de-la-persuasion\/","url":"https:\/\/www.eldiario.net\/portal\/2026\/06\/05\/argumentacion-y-debate-el-poder-de-la-persuasion\/","name":"Argumentaci\u00f3n y debate El poder de la persuasi\u00f3n - El Diario - Bolivia","isPartOf":{"@id":"https:\/\/www.eldiario.net\/portal\/#website"},"primaryImageOfPage":{"@id":"https:\/\/www.eldiario.net\/portal\/2026\/06\/05\/argumentacion-y-debate-el-poder-de-la-persuasion\/#primaryimage"},"image":{"@id":"https:\/\/www.eldiario.net\/portal\/2026\/06\/05\/argumentacion-y-debate-el-poder-de-la-persuasion\/#primaryimage"},"thumbnailUrl":"https:\/\/www.eldiario.net\/portal\/wp-content\/uploads\/2026\/06\/Len-Persuasion.webp","datePublished":"2026-06-05T12:13:42+00:00","breadcrumb":{"@id":"https:\/\/www.eldiario.net\/portal\/2026\/06\/05\/argumentacion-y-debate-el-poder-de-la-persuasion\/#breadcrumb"},"inLanguage":"es","potentialAction":[{"@type":"ReadAction","target":["https:\/\/www.eldiario.net\/portal\/2026\/06\/05\/argumentacion-y-debate-el-poder-de-la-persuasion\/"]}]},{"@type":"ImageObject","inLanguage":"es","@id":"https:\/\/www.eldiario.net\/portal\/2026\/06\/05\/argumentacion-y-debate-el-poder-de-la-persuasion\/#primaryimage","url":"https:\/\/www.eldiario.net\/portal\/wp-content\/uploads\/2026\/06\/Len-Persuasion.webp","contentUrl":"https:\/\/www.eldiario.net\/portal\/wp-content\/uploads\/2026\/06\/Len-Persuasion.webp","width":620,"height":353},{"@type":"BreadcrumbList","@id":"https:\/\/www.eldiario.net\/portal\/2026\/06\/05\/argumentacion-y-debate-el-poder-de-la-persuasion\/#breadcrumb","itemListElement":[{"@type":"ListItem","position":1,"name":"Portada","item":"https:\/\/www.eldiario.net\/portal\/"},{"@type":"ListItem","position":2,"name":"Argumentaci\u00f3n y debate El poder de la persuasi\u00f3n"}]},{"@type":"WebSite","@id":"https:\/\/www.eldiario.net\/portal\/#website","url":"https:\/\/www.eldiario.net\/portal\/","name":"El Diario - Decano de la prensa nacional","description":"El Diario - Decano de la prensa nacional","publisher":{"@id":"https:\/\/www.eldiario.net\/portal\/#organization"},"potentialAction":[{"@type":"SearchAction","target":{"@type":"EntryPoint","urlTemplate":"https:\/\/www.eldiario.net\/portal\/?s={search_term_string}"},"query-input":{"@type":"PropertyValueSpecification","valueRequired":true,"valueName":"search_term_string"}}],"inLanguage":"es"},{"@type":"Organization","@id":"https:\/\/www.eldiario.net\/portal\/#organization","name":"El Diario - Decano de la prensa nacional","url":"https:\/\/www.eldiario.net\/portal\/","logo":{"@type":"ImageObject","inLanguage":"es","@id":"https:\/\/www.eldiario.net\/portal\/#\/schema\/logo\/image\/","url":"https:\/\/www.eldiario.net\/portal\/wp-content\/uploads\/2023\/07\/logo_ED.jpg","contentUrl":"https:\/\/www.eldiario.net\/portal\/wp-content\/uploads\/2023\/07\/logo_ED.jpg","width":272,"height":52,"caption":"El Diario - Decano de la prensa nacional"},"image":{"@id":"https:\/\/www.eldiario.net\/portal\/#\/schema\/logo\/image\/"},"sameAs":["https:\/\/www.facebook.com\/eldiario.bolivia\/","https:\/\/x.com\/eldiario_net"]},{"@type":"Person","@id":"https:\/\/www.eldiario.net\/portal\/#\/schema\/person\/2c57cf2b7a7ae032e449e4c9b1019eac","name":"Jeanette","image":{"@type":"ImageObject","inLanguage":"es","@id":"https:\/\/secure.gravatar.com\/avatar\/3ea2118a5f7dad2b7138b1187a6b7ee55f160b9968b66013c3a3ef39dd7e5798?s=96&d=mm&r=g","url":"https:\/\/secure.gravatar.com\/avatar\/3ea2118a5f7dad2b7138b1187a6b7ee55f160b9968b66013c3a3ef39dd7e5798?s=96&d=mm&r=g","contentUrl":"https:\/\/secure.gravatar.com\/avatar\/3ea2118a5f7dad2b7138b1187a6b7ee55f160b9968b66013c3a3ef39dd7e5798?s=96&d=mm&r=g","caption":"Jeanette"},"sameAs":["https:\/\/www.eldiario.net\/portal"],"url":"https:\/\/www.eldiario.net\/portal\/author\/jeanette\/"}]}},"_links":{"self":[{"href":"https:\/\/www.eldiario.net\/portal\/wp-json\/wp\/v2\/posts\/400992","targetHints":{"allow":["GET"]}}],"collection":[{"href":"https:\/\/www.eldiario.net\/portal\/wp-json\/wp\/v2\/posts"}],"about":[{"href":"https:\/\/www.eldiario.net\/portal\/wp-json\/wp\/v2\/types\/post"}],"author":[{"embeddable":true,"href":"https:\/\/www.eldiario.net\/portal\/wp-json\/wp\/v2\/users\/1"}],"replies":[{"embeddable":true,"href":"https:\/\/www.eldiario.net\/portal\/wp-json\/wp\/v2\/comments?post=400992"}],"version-history":[{"count":1,"href":"https:\/\/www.eldiario.net\/portal\/wp-json\/wp\/v2\/posts\/400992\/revisions"}],"predecessor-version":[{"id":400996,"href":"https:\/\/www.eldiario.net\/portal\/wp-json\/wp\/v2\/posts\/400992\/revisions\/400996"}],"wp:featuredmedia":[{"embeddable":true,"href":"https:\/\/www.eldiario.net\/portal\/wp-json\/wp\/v2\/media\/400993"}],"wp:attachment":[{"href":"https:\/\/www.eldiario.net\/portal\/wp-json\/wp\/v2\/media?parent=400992"}],"wp:term":[{"taxonomy":"category","embeddable":true,"href":"https:\/\/www.eldiario.net\/portal\/wp-json\/wp\/v2\/categories?post=400992"},{"taxonomy":"post_tag","embeddable":true,"href":"https:\/\/www.eldiario.net\/portal\/wp-json\/wp\/v2\/tags?post=400992"}],"curies":[{"name":"wp","href":"https:\/\/api.w.org\/{rel}","templated":true}]}}