{"id":400984,"date":"2026-06-05T08:07:58","date_gmt":"2026-06-05T12:07:58","guid":{"rendered":"https:\/\/www.eldiario.net\/portal\/?p=400984"},"modified":"2026-06-05T08:07:58","modified_gmt":"2026-06-05T12:07:58","slug":"los-ciclos-se-cierran-y-el-mio-se-cerro","status":"publish","type":"post","link":"https:\/\/www.eldiario.net\/portal\/2026\/06\/05\/los-ciclos-se-cierran-y-el-mio-se-cerro\/","title":{"rendered":"\u00abLos ciclos se cierran y el m\u00edo se cerr\u00f3\u00bb"},"content":{"rendered":"<p>El f\u00fatbol profesional boliviano registr\u00f3 la baja definitiva de su m\u00e1ximo referente ofensivo de las \u00faltimas d\u00e9cadas. Marcelo Martins confirm\u00f3 ayer su retiro definitivo de la actividad oficial. De esta manera, concluyeron los rumores e idas y vueltas sobre una posible continuidad en Oriente Petrolero, club al que regres\u00f3 este a\u00f1o para disputar la Divisi\u00f3n Profesional.<br \/>\nLa decisi\u00f3n qued\u00f3 ratificada de forma p\u00fablica cuando Marcelo Martins se expres\u00f3 en el medio cruce\u00f1o Diez. En esta charla descart\u00f3 la opci\u00f3n de continuar ligado a la actividad profesional. Se trata del segundo retiro de su carrera, luego de anunciar su despedida inicial en 2023.<br \/>\n\u201cLos ciclos se cierran y el m\u00edo se cerr\u00f3 en Oriente\u201d, expres\u00f3 Martins de manera directa, cerrando las especulaciones sobre su futuro en la instituci\u00f3n refinera.<br \/>\nDesde la interna de Oriente Petrolero exist\u00eda el deseo de que el \u201cFlecheiro\u201d permaneciera en el plantel para lo que resta de la temporada. Sin embargo, el atacante explic\u00f3 que no encontr\u00f3 un proyecto deportivo que terminara de convencerlo para continuar en el equipo albiverde.<br \/>\nMartins asegur\u00f3 que toma esta decisi\u00f3n con tranquilidad y satisfacci\u00f3n por el momento futbol\u00edstico con el que se despide. \u201cMe voy tranquilo, en paz, como quer\u00eda, siendo goleador del f\u00fatbol boliviano\u201d, afirm\u00f3 el experimentado atacante.<br \/>\nEl delantero tambi\u00e9n se\u00f1al\u00f3 que afronta esta despedida de una manera muy diferente a la de 2023, cuando dej\u00f3 el f\u00fatbol en medio de un duro momento personal tras el fallecimiento de su padre. Aquella decisi\u00f3n lleg\u00f3 apenas un a\u00f1o despu\u00e9s de consagrarse como goleador de las Eliminatorias Sudamericanas.<br \/>\n\u201cMe quedo con este retiro\u201d, agreg\u00f3 Martins, fijando su postura de cerrar su carrera de la forma que deseaba, dentro de una cancha y compitiendo nuevamente en el f\u00fatbol boliviano.<br \/>\nEl exgoleador de la selecci\u00f3n boliviana se marcha de Oriente Petrolero siendo el m\u00e1ximo artillero del campeonato en la actualidad. Martins anot\u00f3 seis goles en cinco partidos, convirti\u00e9ndose en una de las principales figuras del torneo pese al corto tiempo que permaneci\u00f3 en actividad.<br \/>\nCon esta decisi\u00f3n, Marcelo Martins le pone punto final a una extensa y exitosa trayectoria profesional que lo llev\u00f3 a jugar en clubes de Sudam\u00e9rica, Europa y Asia, adem\u00e1s de convertirse en el m\u00e1ximo goleador hist\u00f3rico de Bolivia y uno de los futbolistas m\u00e1s importantes del pa\u00eds en las \u00faltimas d\u00e9cadas.<\/p>\n<p>6 GOLES MARC\u00d3 MARCELO MARTINS TRAS SU RETORNO. FINALIZA SU CARRERA COMO GOLEADOR.<\/p>\n<p>\u00abMe voy tranquilo, en paz, como quer\u00eda, siendo goleador del f\u00fatbol boliviano\u00bb Marcelo Martins Oriente Petrolero<\/p>\n<p><strong>TABLA DE GOLEADORES<\/strong><\/p>\n<p>CON SEIS GOLES<br \/>\nMarcelo Martins &#8211; Oriente Petrolero<br \/>\nCON CINCO GOLES<br \/>\nMart\u00edn Cauteruccio &#8211; Bol\u00edvar<br \/>\nWillie Barbosa &#8211; Independiente<br \/>\nCON CUATRO GOLES<br \/>\nRodderyck Perozo &#8211; ABB<br \/>\nBayron Garc\u00e9s &#8211; Blooming<br \/>\nRafael Menacho &#8211; San Antonio<br \/>\nDarwin Lom &#8211; The Strongest<br \/>\nCON TRES GOLES<br \/>\nEnrique Triverio &#8211; Always Ready<br \/>\nRodrigo Ramallo &#8211; Aurora<br \/>\nLeonardo Viviani &#8211; Aurora<br \/>\nC\u00e9sar Menacho &#8211; Blooming<br \/>\nLeonel Justiniano &#8211; Bol\u00edvar<br \/>\nAlex C\u00e1ceres &#8211; G. Villarroel San Jos\u00e9<br \/>\nDaniel Porozo &#8211; Totora Real Oruro<\/p>\n<p><em>ERWIN QUISPE PERCA<\/em><\/p>\n<p><img loading=\"lazy\" decoding=\"async\" class=\"alignleft  wp-image-400986\" src=\"https:\/\/www.eldiario.net\/portal\/wp-content\/uploads\/2026\/06\/Frase.webp\" alt=\"\" width=\"532\" height=\"354\" srcset=\"https:\/\/www.eldiario.net\/portal\/wp-content\/uploads\/2026\/06\/Frase.webp 1024w, https:\/\/www.eldiario.net\/portal\/wp-content\/uploads\/2026\/06\/Frase-300x200.webp 300w, https:\/\/www.eldiario.net\/portal\/wp-content\/uploads\/2026\/06\/Frase-768x512.webp 768w, https:\/\/www.eldiario.net\/portal\/wp-content\/uploads\/2026\/06\/Frase-631x420.webp 631w, https:\/\/www.eldiario.net\/portal\/wp-content\/uploads\/2026\/06\/Frase-150x100.webp 150w, https:\/\/www.eldiario.net\/portal\/wp-content\/uploads\/2026\/06\/Frase-696x464.webp 696w\" sizes=\"auto, (max-width: 532px) 100vw, 532px\" \/><\/p>\n","protected":false},"excerpt":{"rendered":"<p>El f\u00fatbol profesional boliviano registr\u00f3 la baja definitiva de su m\u00e1ximo referente ofensivo de las \u00faltimas d\u00e9cadas. Marcelo Martins confirm\u00f3 ayer su retiro definitivo de la actividad oficial. De esta manera, concluyeron los rumores e idas y vueltas sobre una posible continuidad en Oriente Petrolero, club al que regres\u00f3 este a\u00f1o para disputar la Divisi\u00f3n [&hellip;]<\/p>\n","protected":false},"author":1,"featured_media":400985,"comment_status":"closed","ping_status":"open","sticky":false,"template":"","format":"standard","meta":{"_acf_changed":false,"footnotes":""},"categories":[6],"tags":[],"class_list":["post-400984","post","type-post","status-publish","format-standard","has-post-thumbnail","category-deportes"],"acf":{"antetitulo":""},"yoast_head":"<!-- This site is optimized with the Yoast SEO plugin v28.4 - https:\/\/yoast.com\/product\/yoast-seo-wordpress\/ -->\n<title>&quot;Los ciclos se cierran y el m\u00edo se cerr\u00f3&quot; - El Diario - Bolivia<\/title>\n<meta name=\"robots\" content=\"index, follow, max-snippet:-1, max-image-preview:large, max-video-preview:-1\" \/>\n<link rel=\"canonical\" href=\"https:\/\/www.eldiario.net\/portal\/2026\/06\/05\/los-ciclos-se-cierran-y-el-mio-se-cerro\/\" \/>\n<meta property=\"og:locale\" content=\"es_ES\" \/>\n<meta property=\"og:type\" content=\"article\" \/>\n<meta property=\"og:title\" content=\"&quot;Los ciclos se cierran y el m\u00edo se cerr\u00f3&quot; - El Diario - Bolivia\" \/>\n<meta property=\"og:description\" content=\"El f\u00fatbol profesional boliviano registr\u00f3 la baja definitiva de su m\u00e1ximo referente ofensivo de las \u00faltimas d\u00e9cadas. Marcelo Martins confirm\u00f3 ayer su retiro definitivo de la actividad oficial. De esta manera, concluyeron los rumores e idas y vueltas sobre una posible continuidad en Oriente Petrolero, club al que regres\u00f3 este a\u00f1o para disputar la Divisi\u00f3n [&hellip;]\" \/>\n<meta property=\"og:url\" content=\"https:\/\/www.eldiario.net\/portal\/2026\/06\/05\/los-ciclos-se-cierran-y-el-mio-se-cerro\/\" \/>\n<meta property=\"og:site_name\" content=\"El Diario - Bolivia\" \/>\n<meta property=\"article:publisher\" content=\"https:\/\/www.facebook.com\/eldiario.bolivia\/\" \/>\n<meta property=\"article:published_time\" content=\"2026-06-05T12:07:58+00:00\" \/>\n<meta property=\"og:image\" content=\"https:\/\/www.eldiario.net\/portal\/wp-content\/uploads\/2026\/06\/Principal.webp\" \/>\n\t<meta property=\"og:image:width\" content=\"1024\" \/>\n\t<meta property=\"og:image:height\" content=\"682\" \/>\n\t<meta property=\"og:image:type\" content=\"image\/webp\" \/>\n<meta name=\"author\" content=\"Jeanette\" \/>\n<meta name=\"twitter:card\" content=\"summary_large_image\" \/>\n<meta name=\"twitter:creator\" content=\"@eldiario_net\" \/>\n<meta name=\"twitter:site\" content=\"@eldiario_net\" \/>\n<meta name=\"twitter:label1\" content=\"Escrito por\" \/>\n\t<meta name=\"twitter:data1\" content=\"Jeanette\" \/>\n\t<meta name=\"twitter:label2\" content=\"Tiempo de lectura\" \/>\n\t<meta name=\"twitter:data2\" content=\"3 minutos\" \/>\n<script type=\"application\/ld+json\" class=\"yoast-schema-graph\">{\"@context\":\"https:\\\/\\\/schema.org\",\"@graph\":[{\"@type\":\"Article\",\"@id\":\"https:\\\/\\\/www.eldiario.net\\\/portal\\\/2026\\\/06\\\/05\\\/los-ciclos-se-cierran-y-el-mio-se-cerro\\\/#article\",\"isPartOf\":{\"@id\":\"https:\\\/\\\/www.eldiario.net\\\/portal\\\/2026\\\/06\\\/05\\\/los-ciclos-se-cierran-y-el-mio-se-cerro\\\/\"},\"author\":{\"name\":\"Jeanette\",\"@id\":\"https:\\\/\\\/www.eldiario.net\\\/portal\\\/#\\\/schema\\\/person\\\/2c57cf2b7a7ae032e449e4c9b1019eac\"},\"headline\":\"\u00abLos ciclos se cierran y el m\u00edo se cerr\u00f3\u00bb\",\"datePublished\":\"2026-06-05T12:07:58+00:00\",\"mainEntityOfPage\":{\"@id\":\"https:\\\/\\\/www.eldiario.net\\\/portal\\\/2026\\\/06\\\/05\\\/los-ciclos-se-cierran-y-el-mio-se-cerro\\\/\"},\"wordCount\":544,\"publisher\":{\"@id\":\"https:\\\/\\\/www.eldiario.net\\\/portal\\\/#organization\"},\"image\":{\"@id\":\"https:\\\/\\\/www.eldiario.net\\\/portal\\\/2026\\\/06\\\/05\\\/los-ciclos-se-cierran-y-el-mio-se-cerro\\\/#primaryimage\"},\"thumbnailUrl\":\"https:\\\/\\\/www.eldiario.net\\\/portal\\\/wp-content\\\/uploads\\\/2026\\\/06\\\/Principal.webp\",\"articleSection\":[\"Deportes\"],\"inLanguage\":\"es\"},{\"@type\":\"WebPage\",\"@id\":\"https:\\\/\\\/www.eldiario.net\\\/portal\\\/2026\\\/06\\\/05\\\/los-ciclos-se-cierran-y-el-mio-se-cerro\\\/\",\"url\":\"https:\\\/\\\/www.eldiario.net\\\/portal\\\/2026\\\/06\\\/05\\\/los-ciclos-se-cierran-y-el-mio-se-cerro\\\/\",\"name\":\"\\\"Los ciclos se cierran y el m\u00edo se cerr\u00f3\\\" - El Diario - Bolivia\",\"isPartOf\":{\"@id\":\"https:\\\/\\\/www.eldiario.net\\\/portal\\\/#website\"},\"primaryImageOfPage\":{\"@id\":\"https:\\\/\\\/www.eldiario.net\\\/portal\\\/2026\\\/06\\\/05\\\/los-ciclos-se-cierran-y-el-mio-se-cerro\\\/#primaryimage\"},\"image\":{\"@id\":\"https:\\\/\\\/www.eldiario.net\\\/portal\\\/2026\\\/06\\\/05\\\/los-ciclos-se-cierran-y-el-mio-se-cerro\\\/#primaryimage\"},\"thumbnailUrl\":\"https:\\\/\\\/www.eldiario.net\\\/portal\\\/wp-content\\\/uploads\\\/2026\\\/06\\\/Principal.webp\",\"datePublished\":\"2026-06-05T12:07:58+00:00\",\"breadcrumb\":{\"@id\":\"https:\\\/\\\/www.eldiario.net\\\/portal\\\/2026\\\/06\\\/05\\\/los-ciclos-se-cierran-y-el-mio-se-cerro\\\/#breadcrumb\"},\"inLanguage\":\"es\",\"potentialAction\":[{\"@type\":\"ReadAction\",\"target\":[\"https:\\\/\\\/www.eldiario.net\\\/portal\\\/2026\\\/06\\\/05\\\/los-ciclos-se-cierran-y-el-mio-se-cerro\\\/\"]}]},{\"@type\":\"ImageObject\",\"inLanguage\":\"es\",\"@id\":\"https:\\\/\\\/www.eldiario.net\\\/portal\\\/2026\\\/06\\\/05\\\/los-ciclos-se-cierran-y-el-mio-se-cerro\\\/#primaryimage\",\"url\":\"https:\\\/\\\/www.eldiario.net\\\/portal\\\/wp-content\\\/uploads\\\/2026\\\/06\\\/Principal.webp\",\"contentUrl\":\"https:\\\/\\\/www.eldiario.net\\\/portal\\\/wp-content\\\/uploads\\\/2026\\\/06\\\/Principal.webp\",\"width\":1024,\"height\":682,\"caption\":\"Marcelo Martins, durante su despedida en el Tahuichi Aguilera.\"},{\"@type\":\"BreadcrumbList\",\"@id\":\"https:\\\/\\\/www.eldiario.net\\\/portal\\\/2026\\\/06\\\/05\\\/los-ciclos-se-cierran-y-el-mio-se-cerro\\\/#breadcrumb\",\"itemListElement\":[{\"@type\":\"ListItem\",\"position\":1,\"name\":\"Portada\",\"item\":\"https:\\\/\\\/www.eldiario.net\\\/portal\\\/\"},{\"@type\":\"ListItem\",\"position\":2,\"name\":\"\u00abLos ciclos se cierran y el m\u00edo se cerr\u00f3\u00bb\"}]},{\"@type\":\"WebSite\",\"@id\":\"https:\\\/\\\/www.eldiario.net\\\/portal\\\/#website\",\"url\":\"https:\\\/\\\/www.eldiario.net\\\/portal\\\/\",\"name\":\"El Diario - Decano de la prensa nacional\",\"description\":\"El Diario - Decano de la prensa nacional\",\"publisher\":{\"@id\":\"https:\\\/\\\/www.eldiario.net\\\/portal\\\/#organization\"},\"potentialAction\":[{\"@type\":\"SearchAction\",\"target\":{\"@type\":\"EntryPoint\",\"urlTemplate\":\"https:\\\/\\\/www.eldiario.net\\\/portal\\\/?s={search_term_string}\"},\"query-input\":{\"@type\":\"PropertyValueSpecification\",\"valueRequired\":true,\"valueName\":\"search_term_string\"}}],\"inLanguage\":\"es\"},{\"@type\":\"Organization\",\"@id\":\"https:\\\/\\\/www.eldiario.net\\\/portal\\\/#organization\",\"name\":\"El Diario - Decano de la prensa nacional\",\"url\":\"https:\\\/\\\/www.eldiario.net\\\/portal\\\/\",\"logo\":{\"@type\":\"ImageObject\",\"inLanguage\":\"es\",\"@id\":\"https:\\\/\\\/www.eldiario.net\\\/portal\\\/#\\\/schema\\\/logo\\\/image\\\/\",\"url\":\"https:\\\/\\\/www.eldiario.net\\\/portal\\\/wp-content\\\/uploads\\\/2023\\\/07\\\/logo_ED.jpg\",\"contentUrl\":\"https:\\\/\\\/www.eldiario.net\\\/portal\\\/wp-content\\\/uploads\\\/2023\\\/07\\\/logo_ED.jpg\",\"width\":272,\"height\":52,\"caption\":\"El Diario - Decano de la prensa nacional\"},\"image\":{\"@id\":\"https:\\\/\\\/www.eldiario.net\\\/portal\\\/#\\\/schema\\\/logo\\\/image\\\/\"},\"sameAs\":[\"https:\\\/\\\/www.facebook.com\\\/eldiario.bolivia\\\/\",\"https:\\\/\\\/x.com\\\/eldiario_net\"]},{\"@type\":\"Person\",\"@id\":\"https:\\\/\\\/www.eldiario.net\\\/portal\\\/#\\\/schema\\\/person\\\/2c57cf2b7a7ae032e449e4c9b1019eac\",\"name\":\"Jeanette\",\"image\":{\"@type\":\"ImageObject\",\"inLanguage\":\"es\",\"@id\":\"https:\\\/\\\/secure.gravatar.com\\\/avatar\\\/3ea2118a5f7dad2b7138b1187a6b7ee55f160b9968b66013c3a3ef39dd7e5798?s=96&d=mm&r=g\",\"url\":\"https:\\\/\\\/secure.gravatar.com\\\/avatar\\\/3ea2118a5f7dad2b7138b1187a6b7ee55f160b9968b66013c3a3ef39dd7e5798?s=96&d=mm&r=g\",\"contentUrl\":\"https:\\\/\\\/secure.gravatar.com\\\/avatar\\\/3ea2118a5f7dad2b7138b1187a6b7ee55f160b9968b66013c3a3ef39dd7e5798?s=96&d=mm&r=g\",\"caption\":\"Jeanette\"},\"sameAs\":[\"https:\\\/\\\/www.eldiario.net\\\/portal\"],\"url\":\"https:\\\/\\\/www.eldiario.net\\\/portal\\\/author\\\/jeanette\\\/\"}]}<\/script>\n<!-- \/ Yoast SEO plugin. -->","yoast_head_json":{"title":"\"Los ciclos se cierran y el m\u00edo se cerr\u00f3\" - El Diario - Bolivia","robots":{"index":"index","follow":"follow","max-snippet":"max-snippet:-1","max-image-preview":"max-image-preview:large","max-video-preview":"max-video-preview:-1"},"canonical":"https:\/\/www.eldiario.net\/portal\/2026\/06\/05\/los-ciclos-se-cierran-y-el-mio-se-cerro\/","og_locale":"es_ES","og_type":"article","og_title":"\"Los ciclos se cierran y el m\u00edo se cerr\u00f3\" - El Diario - Bolivia","og_description":"El f\u00fatbol profesional boliviano registr\u00f3 la baja definitiva de su m\u00e1ximo referente ofensivo de las \u00faltimas d\u00e9cadas. Marcelo Martins confirm\u00f3 ayer su retiro definitivo de la actividad oficial. De esta manera, concluyeron los rumores e idas y vueltas sobre una posible continuidad en Oriente Petrolero, club al que regres\u00f3 este a\u00f1o para disputar la Divisi\u00f3n [&hellip;]","og_url":"https:\/\/www.eldiario.net\/portal\/2026\/06\/05\/los-ciclos-se-cierran-y-el-mio-se-cerro\/","og_site_name":"El Diario - Bolivia","article_publisher":"https:\/\/www.facebook.com\/eldiario.bolivia\/","article_published_time":"2026-06-05T12:07:58+00:00","og_image":[{"width":1024,"height":682,"url":"https:\/\/www.eldiario.net\/portal\/wp-content\/uploads\/2026\/06\/Principal.webp","type":"image\/webp"}],"author":"Jeanette","twitter_card":"summary_large_image","twitter_creator":"@eldiario_net","twitter_site":"@eldiario_net","twitter_misc":{"Escrito por":"Jeanette","Tiempo de lectura":"3 minutos"},"schema":{"@context":"https:\/\/schema.org","@graph":[{"@type":"Article","@id":"https:\/\/www.eldiario.net\/portal\/2026\/06\/05\/los-ciclos-se-cierran-y-el-mio-se-cerro\/#article","isPartOf":{"@id":"https:\/\/www.eldiario.net\/portal\/2026\/06\/05\/los-ciclos-se-cierran-y-el-mio-se-cerro\/"},"author":{"name":"Jeanette","@id":"https:\/\/www.eldiario.net\/portal\/#\/schema\/person\/2c57cf2b7a7ae032e449e4c9b1019eac"},"headline":"\u00abLos ciclos se cierran y el m\u00edo se cerr\u00f3\u00bb","datePublished":"2026-06-05T12:07:58+00:00","mainEntityOfPage":{"@id":"https:\/\/www.eldiario.net\/portal\/2026\/06\/05\/los-ciclos-se-cierran-y-el-mio-se-cerro\/"},"wordCount":544,"publisher":{"@id":"https:\/\/www.eldiario.net\/portal\/#organization"},"image":{"@id":"https:\/\/www.eldiario.net\/portal\/2026\/06\/05\/los-ciclos-se-cierran-y-el-mio-se-cerro\/#primaryimage"},"thumbnailUrl":"https:\/\/www.eldiario.net\/portal\/wp-content\/uploads\/2026\/06\/Principal.webp","articleSection":["Deportes"],"inLanguage":"es"},{"@type":"WebPage","@id":"https:\/\/www.eldiario.net\/portal\/2026\/06\/05\/los-ciclos-se-cierran-y-el-mio-se-cerro\/","url":"https:\/\/www.eldiario.net\/portal\/2026\/06\/05\/los-ciclos-se-cierran-y-el-mio-se-cerro\/","name":"\"Los ciclos se cierran y el m\u00edo se cerr\u00f3\" - El Diario - Bolivia","isPartOf":{"@id":"https:\/\/www.eldiario.net\/portal\/#website"},"primaryImageOfPage":{"@id":"https:\/\/www.eldiario.net\/portal\/2026\/06\/05\/los-ciclos-se-cierran-y-el-mio-se-cerro\/#primaryimage"},"image":{"@id":"https:\/\/www.eldiario.net\/portal\/2026\/06\/05\/los-ciclos-se-cierran-y-el-mio-se-cerro\/#primaryimage"},"thumbnailUrl":"https:\/\/www.eldiario.net\/portal\/wp-content\/uploads\/2026\/06\/Principal.webp","datePublished":"2026-06-05T12:07:58+00:00","breadcrumb":{"@id":"https:\/\/www.eldiario.net\/portal\/2026\/06\/05\/los-ciclos-se-cierran-y-el-mio-se-cerro\/#breadcrumb"},"inLanguage":"es","potentialAction":[{"@type":"ReadAction","target":["https:\/\/www.eldiario.net\/portal\/2026\/06\/05\/los-ciclos-se-cierran-y-el-mio-se-cerro\/"]}]},{"@type":"ImageObject","inLanguage":"es","@id":"https:\/\/www.eldiario.net\/portal\/2026\/06\/05\/los-ciclos-se-cierran-y-el-mio-se-cerro\/#primaryimage","url":"https:\/\/www.eldiario.net\/portal\/wp-content\/uploads\/2026\/06\/Principal.webp","contentUrl":"https:\/\/www.eldiario.net\/portal\/wp-content\/uploads\/2026\/06\/Principal.webp","width":1024,"height":682,"caption":"Marcelo Martins, durante su despedida en el Tahuichi Aguilera."},{"@type":"BreadcrumbList","@id":"https:\/\/www.eldiario.net\/portal\/2026\/06\/05\/los-ciclos-se-cierran-y-el-mio-se-cerro\/#breadcrumb","itemListElement":[{"@type":"ListItem","position":1,"name":"Portada","item":"https:\/\/www.eldiario.net\/portal\/"},{"@type":"ListItem","position":2,"name":"\u00abLos ciclos se cierran y el m\u00edo se cerr\u00f3\u00bb"}]},{"@type":"WebSite","@id":"https:\/\/www.eldiario.net\/portal\/#website","url":"https:\/\/www.eldiario.net\/portal\/","name":"El Diario - Decano de la prensa nacional","description":"El Diario - Decano de la prensa nacional","publisher":{"@id":"https:\/\/www.eldiario.net\/portal\/#organization"},"potentialAction":[{"@type":"SearchAction","target":{"@type":"EntryPoint","urlTemplate":"https:\/\/www.eldiario.net\/portal\/?s={search_term_string}"},"query-input":{"@type":"PropertyValueSpecification","valueRequired":true,"valueName":"search_term_string"}}],"inLanguage":"es"},{"@type":"Organization","@id":"https:\/\/www.eldiario.net\/portal\/#organization","name":"El Diario - Decano de la prensa nacional","url":"https:\/\/www.eldiario.net\/portal\/","logo":{"@type":"ImageObject","inLanguage":"es","@id":"https:\/\/www.eldiario.net\/portal\/#\/schema\/logo\/image\/","url":"https:\/\/www.eldiario.net\/portal\/wp-content\/uploads\/2023\/07\/logo_ED.jpg","contentUrl":"https:\/\/www.eldiario.net\/portal\/wp-content\/uploads\/2023\/07\/logo_ED.jpg","width":272,"height":52,"caption":"El Diario - Decano de la prensa nacional"},"image":{"@id":"https:\/\/www.eldiario.net\/portal\/#\/schema\/logo\/image\/"},"sameAs":["https:\/\/www.facebook.com\/eldiario.bolivia\/","https:\/\/x.com\/eldiario_net"]},{"@type":"Person","@id":"https:\/\/www.eldiario.net\/portal\/#\/schema\/person\/2c57cf2b7a7ae032e449e4c9b1019eac","name":"Jeanette","image":{"@type":"ImageObject","inLanguage":"es","@id":"https:\/\/secure.gravatar.com\/avatar\/3ea2118a5f7dad2b7138b1187a6b7ee55f160b9968b66013c3a3ef39dd7e5798?s=96&d=mm&r=g","url":"https:\/\/secure.gravatar.com\/avatar\/3ea2118a5f7dad2b7138b1187a6b7ee55f160b9968b66013c3a3ef39dd7e5798?s=96&d=mm&r=g","contentUrl":"https:\/\/secure.gravatar.com\/avatar\/3ea2118a5f7dad2b7138b1187a6b7ee55f160b9968b66013c3a3ef39dd7e5798?s=96&d=mm&r=g","caption":"Jeanette"},"sameAs":["https:\/\/www.eldiario.net\/portal"],"url":"https:\/\/www.eldiario.net\/portal\/author\/jeanette\/"}]}},"_links":{"self":[{"href":"https:\/\/www.eldiario.net\/portal\/wp-json\/wp\/v2\/posts\/400984","targetHints":{"allow":["GET"]}}],"collection":[{"href":"https:\/\/www.eldiario.net\/portal\/wp-json\/wp\/v2\/posts"}],"about":[{"href":"https:\/\/www.eldiario.net\/portal\/wp-json\/wp\/v2\/types\/post"}],"author":[{"embeddable":true,"href":"https:\/\/www.eldiario.net\/portal\/wp-json\/wp\/v2\/users\/1"}],"replies":[{"embeddable":true,"href":"https:\/\/www.eldiario.net\/portal\/wp-json\/wp\/v2\/comments?post=400984"}],"version-history":[{"count":1,"href":"https:\/\/www.eldiario.net\/portal\/wp-json\/wp\/v2\/posts\/400984\/revisions"}],"predecessor-version":[{"id":400987,"href":"https:\/\/www.eldiario.net\/portal\/wp-json\/wp\/v2\/posts\/400984\/revisions\/400987"}],"wp:featuredmedia":[{"embeddable":true,"href":"https:\/\/www.eldiario.net\/portal\/wp-json\/wp\/v2\/media\/400985"}],"wp:attachment":[{"href":"https:\/\/www.eldiario.net\/portal\/wp-json\/wp\/v2\/media?parent=400984"}],"wp:term":[{"taxonomy":"category","embeddable":true,"href":"https:\/\/www.eldiario.net\/portal\/wp-json\/wp\/v2\/categories?post=400984"},{"taxonomy":"post_tag","embeddable":true,"href":"https:\/\/www.eldiario.net\/portal\/wp-json\/wp\/v2\/tags?post=400984"}],"curies":[{"name":"wp","href":"https:\/\/api.w.org\/{rel}","templated":true}]}}