{"id":399768,"date":"2026-06-01T01:24:08","date_gmt":"2026-06-01T05:24:08","guid":{"rendered":"https:\/\/www.eldiario.net\/portal\/?p=399768"},"modified":"2026-05-31T22:24:47","modified_gmt":"2026-06-01T02:24:47","slug":"pobreza-desabastecimiento-y-abandono-en-comunidades-indigenas-por-bloqueos","status":"publish","type":"post","link":"https:\/\/www.eldiario.net\/portal\/2026\/06\/01\/pobreza-desabastecimiento-y-abandono-en-comunidades-indigenas-por-bloqueos\/","title":{"rendered":"Pobreza, desabastecimiento y abandono en comunidades ind\u00edgenas por bloqueos"},"content":{"rendered":"<p>La Confederaci\u00f3n de Pueblos Ind\u00edgenas del Oriente, Chaco y Amazon\u00eda de Bolivia (Cidob) exige el cese de los bloqueos que se prolongan por un mes en distintas regiones del pa\u00eds. Adem\u00e1s, denunci\u00f3 que varias comunidades ind\u00edgenas permanecen aisladas y cautivas debido a las restricciones en las carreteras. Tambi\u00e9n piden al Gobierno aplicar los mecanismos constitucionales y legales necesarios para garantizar la libre transitabilidad.<br \/>\nA trav\u00e9s de un pronunciamiento suscrito por su directiva nacional y sus 15 organizaciones regionales, la entidad expres\u00f3 su preocupaci\u00f3n por los hechos de violencia, confrontaci\u00f3n y vandalismo registrados en el marco de los conflictos sociales, as\u00ed como por las consecuencias econ\u00f3micas y sociales derivadas de los bloqueos.<br \/>\nLa organizaci\u00f3n ind\u00edgena afirm\u00f3 que las medidas de presi\u00f3n est\u00e1n afectando principalmente a las poblaciones m\u00e1s vulnerables, especialmente en el norte del departamento de La Paz, donde varias comunidades se encuentran \u201cpr\u00e1cticamente aisladas y cautivas\u201d por la interrupci\u00f3n de las rutas de comunicaci\u00f3n.<br \/>\nSeg\u00fan la Cidob, los bloqueos est\u00e1n provocando dificultades para el abastecimiento de alimentos, combustible y medicamentos, adem\u00e1s de limitar el acceso a servicios de salud, educaci\u00f3n y transporte.<br \/>\n\u201cLos bloqueos no solo paralizan caminos; generan m\u00e1s pobreza, desabastecimiento, incertidumbre y abandono en las comunidades ind\u00edgenas, que dependen de las rutas terrestres y fluviales para acceder a alimentos, combustible, medicamentos, atenci\u00f3n m\u00e9dica, educaci\u00f3n y comunicaci\u00f3n con los centros urbanos\u201d, se\u00f1ala el pronunciamiento.<br \/>\nLa entidad reafirm\u00f3 su compromiso con la democracia, el respeto a los derechos humanos, la institucionalidad del Estado y el voto ciudadano, y sostuvo que, si bien las demandas sociales son leg\u00edtimas, ninguna reivindicaci\u00f3n puede justificar hechos de violencia, destrucci\u00f3n de bienes p\u00fablicos o privados ni acciones que afecten la estabilidad democr\u00e1tica y la paz social.<br \/>\nEn ese marco, exhort\u00f3 a las organizaciones movilizadas, a las autoridades del Estado y a la sociedad civil a priorizar el di\u00e1logo y la b\u00fasqueda de soluciones pac\u00edficas para evitar una mayor profundizaci\u00f3n de la crisis social y econ\u00f3mica.<br \/>\nAsimismo, demand\u00f3 al Gobierno nacional que, en el marco de la Constituci\u00f3n Pol\u00edtica del Estado (CPE) y las leyes vigentes, adopte las acciones necesarias para impedir la prolongaci\u00f3n de los bloqueos, resguardar los derechos fundamentales de la poblaci\u00f3n y garantizar el libre tr\u00e1nsito, el abastecimiento y la seguridad de las comunidades afectadas.<br \/>\nIndic\u00f3 que la protesta social debe ejercerse con responsabilidad y respeto a los derechos de terceros, y ratific\u00f3 su compromiso con la defensa de los pueblos ind\u00edgenas, la democracia, los derechos humanos y la paz social. (EL DIARIO\/Abi)<\/p>\n","protected":false},"excerpt":{"rendered":"<p>La Confederaci\u00f3n de Pueblos Ind\u00edgenas del Oriente, Chaco y Amazon\u00eda de Bolivia (Cidob) exige el cese de los bloqueos que se prolongan por un mes en distintas regiones del pa\u00eds. Adem\u00e1s, denunci\u00f3 que varias comunidades ind\u00edgenas permanecen aisladas y cautivas debido a las restricciones en las carreteras. Tambi\u00e9n piden al Gobierno aplicar los mecanismos constitucionales [&hellip;]<\/p>\n","protected":false},"author":1,"featured_media":399769,"comment_status":"closed","ping_status":"open","sticky":false,"template":"","format":"standard","meta":{"_acf_changed":false,"footnotes":""},"categories":[12],"tags":[],"class_list":["post-399768","post","type-post","status-publish","format-standard","has-post-thumbnail","category-nacional"],"acf":{"antetitulo":"Exigen garantizar la libre transitabilidad"},"yoast_head":"<!-- This site is optimized with the Yoast SEO plugin v28.4 - https:\/\/yoast.com\/product\/yoast-seo-wordpress\/ -->\n<title>Pobreza, desabastecimiento y abandono en comunidades ind\u00edgenas por bloqueos - El Diario - Bolivia<\/title>\n<meta name=\"robots\" content=\"index, follow, max-snippet:-1, max-image-preview:large, max-video-preview:-1\" \/>\n<link rel=\"canonical\" href=\"https:\/\/www.eldiario.net\/portal\/2026\/06\/01\/pobreza-desabastecimiento-y-abandono-en-comunidades-indigenas-por-bloqueos\/\" \/>\n<meta property=\"og:locale\" content=\"es_ES\" \/>\n<meta property=\"og:type\" content=\"article\" \/>\n<meta property=\"og:title\" content=\"Pobreza, desabastecimiento y abandono en comunidades ind\u00edgenas por bloqueos - El Diario - Bolivia\" \/>\n<meta property=\"og:description\" content=\"La Confederaci\u00f3n de Pueblos Ind\u00edgenas del Oriente, Chaco y Amazon\u00eda de Bolivia (Cidob) exige el cese de los bloqueos que se prolongan por un mes en distintas regiones del pa\u00eds. Adem\u00e1s, denunci\u00f3 que varias comunidades ind\u00edgenas permanecen aisladas y cautivas debido a las restricciones en las carreteras. Tambi\u00e9n piden al Gobierno aplicar los mecanismos constitucionales [&hellip;]\" \/>\n<meta property=\"og:url\" content=\"https:\/\/www.eldiario.net\/portal\/2026\/06\/01\/pobreza-desabastecimiento-y-abandono-en-comunidades-indigenas-por-bloqueos\/\" \/>\n<meta property=\"og:site_name\" content=\"El Diario - Bolivia\" \/>\n<meta property=\"article:publisher\" content=\"https:\/\/www.facebook.com\/eldiario.bolivia\/\" \/>\n<meta property=\"article:published_time\" content=\"2026-06-01T05:24:08+00:00\" \/>\n<meta property=\"og:image\" content=\"https:\/\/www.eldiario.net\/portal\/wp-content\/uploads\/2026\/05\/indigenas-ANA-COLOR.webp\" \/>\n\t<meta property=\"og:image:width\" content=\"750\" \/>\n\t<meta property=\"og:image:height\" content=\"375\" \/>\n\t<meta property=\"og:image:type\" content=\"image\/webp\" \/>\n<meta name=\"author\" content=\"Jeanette\" \/>\n<meta name=\"twitter:card\" content=\"summary_large_image\" \/>\n<meta name=\"twitter:creator\" content=\"@eldiario_net\" \/>\n<meta name=\"twitter:site\" content=\"@eldiario_net\" \/>\n<meta name=\"twitter:label1\" content=\"Escrito por\" \/>\n\t<meta name=\"twitter:data1\" content=\"Jeanette\" \/>\n\t<meta name=\"twitter:label2\" content=\"Tiempo de lectura\" \/>\n\t<meta name=\"twitter:data2\" content=\"3 minutos\" \/>\n<script type=\"application\/ld+json\" class=\"yoast-schema-graph\">{\"@context\":\"https:\\\/\\\/schema.org\",\"@graph\":[{\"@type\":\"Article\",\"@id\":\"https:\\\/\\\/www.eldiario.net\\\/portal\\\/2026\\\/06\\\/01\\\/pobreza-desabastecimiento-y-abandono-en-comunidades-indigenas-por-bloqueos\\\/#article\",\"isPartOf\":{\"@id\":\"https:\\\/\\\/www.eldiario.net\\\/portal\\\/2026\\\/06\\\/01\\\/pobreza-desabastecimiento-y-abandono-en-comunidades-indigenas-por-bloqueos\\\/\"},\"author\":{\"name\":\"Jeanette\",\"@id\":\"https:\\\/\\\/www.eldiario.net\\\/portal\\\/#\\\/schema\\\/person\\\/2c57cf2b7a7ae032e449e4c9b1019eac\"},\"headline\":\"Pobreza, desabastecimiento y abandono en comunidades ind\u00edgenas por bloqueos\",\"datePublished\":\"2026-06-01T05:24:08+00:00\",\"mainEntityOfPage\":{\"@id\":\"https:\\\/\\\/www.eldiario.net\\\/portal\\\/2026\\\/06\\\/01\\\/pobreza-desabastecimiento-y-abandono-en-comunidades-indigenas-por-bloqueos\\\/\"},\"wordCount\":466,\"publisher\":{\"@id\":\"https:\\\/\\\/www.eldiario.net\\\/portal\\\/#organization\"},\"image\":{\"@id\":\"https:\\\/\\\/www.eldiario.net\\\/portal\\\/2026\\\/06\\\/01\\\/pobreza-desabastecimiento-y-abandono-en-comunidades-indigenas-por-bloqueos\\\/#primaryimage\"},\"thumbnailUrl\":\"https:\\\/\\\/www.eldiario.net\\\/portal\\\/wp-content\\\/uploads\\\/2026\\\/05\\\/indigenas-ANA-COLOR.webp\",\"articleSection\":[\"Nacional\"],\"inLanguage\":\"es\"},{\"@type\":\"WebPage\",\"@id\":\"https:\\\/\\\/www.eldiario.net\\\/portal\\\/2026\\\/06\\\/01\\\/pobreza-desabastecimiento-y-abandono-en-comunidades-indigenas-por-bloqueos\\\/\",\"url\":\"https:\\\/\\\/www.eldiario.net\\\/portal\\\/2026\\\/06\\\/01\\\/pobreza-desabastecimiento-y-abandono-en-comunidades-indigenas-por-bloqueos\\\/\",\"name\":\"Pobreza, desabastecimiento y abandono en comunidades ind\u00edgenas por bloqueos - El Diario - Bolivia\",\"isPartOf\":{\"@id\":\"https:\\\/\\\/www.eldiario.net\\\/portal\\\/#website\"},\"primaryImageOfPage\":{\"@id\":\"https:\\\/\\\/www.eldiario.net\\\/portal\\\/2026\\\/06\\\/01\\\/pobreza-desabastecimiento-y-abandono-en-comunidades-indigenas-por-bloqueos\\\/#primaryimage\"},\"image\":{\"@id\":\"https:\\\/\\\/www.eldiario.net\\\/portal\\\/2026\\\/06\\\/01\\\/pobreza-desabastecimiento-y-abandono-en-comunidades-indigenas-por-bloqueos\\\/#primaryimage\"},\"thumbnailUrl\":\"https:\\\/\\\/www.eldiario.net\\\/portal\\\/wp-content\\\/uploads\\\/2026\\\/05\\\/indigenas-ANA-COLOR.webp\",\"datePublished\":\"2026-06-01T05:24:08+00:00\",\"breadcrumb\":{\"@id\":\"https:\\\/\\\/www.eldiario.net\\\/portal\\\/2026\\\/06\\\/01\\\/pobreza-desabastecimiento-y-abandono-en-comunidades-indigenas-por-bloqueos\\\/#breadcrumb\"},\"inLanguage\":\"es\",\"potentialAction\":[{\"@type\":\"ReadAction\",\"target\":[\"https:\\\/\\\/www.eldiario.net\\\/portal\\\/2026\\\/06\\\/01\\\/pobreza-desabastecimiento-y-abandono-en-comunidades-indigenas-por-bloqueos\\\/\"]}]},{\"@type\":\"ImageObject\",\"inLanguage\":\"es\",\"@id\":\"https:\\\/\\\/www.eldiario.net\\\/portal\\\/2026\\\/06\\\/01\\\/pobreza-desabastecimiento-y-abandono-en-comunidades-indigenas-por-bloqueos\\\/#primaryimage\",\"url\":\"https:\\\/\\\/www.eldiario.net\\\/portal\\\/wp-content\\\/uploads\\\/2026\\\/05\\\/indigenas-ANA-COLOR.webp\",\"contentUrl\":\"https:\\\/\\\/www.eldiario.net\\\/portal\\\/wp-content\\\/uploads\\\/2026\\\/05\\\/indigenas-ANA-COLOR.webp\",\"width\":750,\"height\":375,\"caption\":\"El cierre de v\u00edas afecta a las familias ind\u00edgenas, dej\u00e1ndolos en situaci\u00f3n de abandono.\"},{\"@type\":\"BreadcrumbList\",\"@id\":\"https:\\\/\\\/www.eldiario.net\\\/portal\\\/2026\\\/06\\\/01\\\/pobreza-desabastecimiento-y-abandono-en-comunidades-indigenas-por-bloqueos\\\/#breadcrumb\",\"itemListElement\":[{\"@type\":\"ListItem\",\"position\":1,\"name\":\"Portada\",\"item\":\"https:\\\/\\\/www.eldiario.net\\\/portal\\\/\"},{\"@type\":\"ListItem\",\"position\":2,\"name\":\"Pobreza, desabastecimiento y abandono en comunidades ind\u00edgenas por bloqueos\"}]},{\"@type\":\"WebSite\",\"@id\":\"https:\\\/\\\/www.eldiario.net\\\/portal\\\/#website\",\"url\":\"https:\\\/\\\/www.eldiario.net\\\/portal\\\/\",\"name\":\"El Diario - Decano de la prensa nacional\",\"description\":\"El Diario - Decano de la prensa nacional\",\"publisher\":{\"@id\":\"https:\\\/\\\/www.eldiario.net\\\/portal\\\/#organization\"},\"potentialAction\":[{\"@type\":\"SearchAction\",\"target\":{\"@type\":\"EntryPoint\",\"urlTemplate\":\"https:\\\/\\\/www.eldiario.net\\\/portal\\\/?s={search_term_string}\"},\"query-input\":{\"@type\":\"PropertyValueSpecification\",\"valueRequired\":true,\"valueName\":\"search_term_string\"}}],\"inLanguage\":\"es\"},{\"@type\":\"Organization\",\"@id\":\"https:\\\/\\\/www.eldiario.net\\\/portal\\\/#organization\",\"name\":\"El Diario - Decano de la prensa nacional\",\"url\":\"https:\\\/\\\/www.eldiario.net\\\/portal\\\/\",\"logo\":{\"@type\":\"ImageObject\",\"inLanguage\":\"es\",\"@id\":\"https:\\\/\\\/www.eldiario.net\\\/portal\\\/#\\\/schema\\\/logo\\\/image\\\/\",\"url\":\"https:\\\/\\\/www.eldiario.net\\\/portal\\\/wp-content\\\/uploads\\\/2023\\\/07\\\/logo_ED.jpg\",\"contentUrl\":\"https:\\\/\\\/www.eldiario.net\\\/portal\\\/wp-content\\\/uploads\\\/2023\\\/07\\\/logo_ED.jpg\",\"width\":272,\"height\":52,\"caption\":\"El Diario - Decano de la prensa nacional\"},\"image\":{\"@id\":\"https:\\\/\\\/www.eldiario.net\\\/portal\\\/#\\\/schema\\\/logo\\\/image\\\/\"},\"sameAs\":[\"https:\\\/\\\/www.facebook.com\\\/eldiario.bolivia\\\/\",\"https:\\\/\\\/x.com\\\/eldiario_net\"]},{\"@type\":\"Person\",\"@id\":\"https:\\\/\\\/www.eldiario.net\\\/portal\\\/#\\\/schema\\\/person\\\/2c57cf2b7a7ae032e449e4c9b1019eac\",\"name\":\"Jeanette\",\"image\":{\"@type\":\"ImageObject\",\"inLanguage\":\"es\",\"@id\":\"https:\\\/\\\/secure.gravatar.com\\\/avatar\\\/3ea2118a5f7dad2b7138b1187a6b7ee55f160b9968b66013c3a3ef39dd7e5798?s=96&d=mm&r=g\",\"url\":\"https:\\\/\\\/secure.gravatar.com\\\/avatar\\\/3ea2118a5f7dad2b7138b1187a6b7ee55f160b9968b66013c3a3ef39dd7e5798?s=96&d=mm&r=g\",\"contentUrl\":\"https:\\\/\\\/secure.gravatar.com\\\/avatar\\\/3ea2118a5f7dad2b7138b1187a6b7ee55f160b9968b66013c3a3ef39dd7e5798?s=96&d=mm&r=g\",\"caption\":\"Jeanette\"},\"sameAs\":[\"https:\\\/\\\/www.eldiario.net\\\/portal\"],\"url\":\"https:\\\/\\\/www.eldiario.net\\\/portal\\\/author\\\/jeanette\\\/\"}]}<\/script>\n<!-- \/ Yoast SEO plugin. -->","yoast_head_json":{"title":"Pobreza, desabastecimiento y abandono en comunidades ind\u00edgenas por bloqueos - El Diario - Bolivia","robots":{"index":"index","follow":"follow","max-snippet":"max-snippet:-1","max-image-preview":"max-image-preview:large","max-video-preview":"max-video-preview:-1"},"canonical":"https:\/\/www.eldiario.net\/portal\/2026\/06\/01\/pobreza-desabastecimiento-y-abandono-en-comunidades-indigenas-por-bloqueos\/","og_locale":"es_ES","og_type":"article","og_title":"Pobreza, desabastecimiento y abandono en comunidades ind\u00edgenas por bloqueos - El Diario - Bolivia","og_description":"La Confederaci\u00f3n de Pueblos Ind\u00edgenas del Oriente, Chaco y Amazon\u00eda de Bolivia (Cidob) exige el cese de los bloqueos que se prolongan por un mes en distintas regiones del pa\u00eds. Adem\u00e1s, denunci\u00f3 que varias comunidades ind\u00edgenas permanecen aisladas y cautivas debido a las restricciones en las carreteras. Tambi\u00e9n piden al Gobierno aplicar los mecanismos constitucionales [&hellip;]","og_url":"https:\/\/www.eldiario.net\/portal\/2026\/06\/01\/pobreza-desabastecimiento-y-abandono-en-comunidades-indigenas-por-bloqueos\/","og_site_name":"El Diario - Bolivia","article_publisher":"https:\/\/www.facebook.com\/eldiario.bolivia\/","article_published_time":"2026-06-01T05:24:08+00:00","og_image":[{"width":750,"height":375,"url":"https:\/\/www.eldiario.net\/portal\/wp-content\/uploads\/2026\/05\/indigenas-ANA-COLOR.webp","type":"image\/webp"}],"author":"Jeanette","twitter_card":"summary_large_image","twitter_creator":"@eldiario_net","twitter_site":"@eldiario_net","twitter_misc":{"Escrito por":"Jeanette","Tiempo de lectura":"3 minutos"},"schema":{"@context":"https:\/\/schema.org","@graph":[{"@type":"Article","@id":"https:\/\/www.eldiario.net\/portal\/2026\/06\/01\/pobreza-desabastecimiento-y-abandono-en-comunidades-indigenas-por-bloqueos\/#article","isPartOf":{"@id":"https:\/\/www.eldiario.net\/portal\/2026\/06\/01\/pobreza-desabastecimiento-y-abandono-en-comunidades-indigenas-por-bloqueos\/"},"author":{"name":"Jeanette","@id":"https:\/\/www.eldiario.net\/portal\/#\/schema\/person\/2c57cf2b7a7ae032e449e4c9b1019eac"},"headline":"Pobreza, desabastecimiento y abandono en comunidades ind\u00edgenas por bloqueos","datePublished":"2026-06-01T05:24:08+00:00","mainEntityOfPage":{"@id":"https:\/\/www.eldiario.net\/portal\/2026\/06\/01\/pobreza-desabastecimiento-y-abandono-en-comunidades-indigenas-por-bloqueos\/"},"wordCount":466,"publisher":{"@id":"https:\/\/www.eldiario.net\/portal\/#organization"},"image":{"@id":"https:\/\/www.eldiario.net\/portal\/2026\/06\/01\/pobreza-desabastecimiento-y-abandono-en-comunidades-indigenas-por-bloqueos\/#primaryimage"},"thumbnailUrl":"https:\/\/www.eldiario.net\/portal\/wp-content\/uploads\/2026\/05\/indigenas-ANA-COLOR.webp","articleSection":["Nacional"],"inLanguage":"es"},{"@type":"WebPage","@id":"https:\/\/www.eldiario.net\/portal\/2026\/06\/01\/pobreza-desabastecimiento-y-abandono-en-comunidades-indigenas-por-bloqueos\/","url":"https:\/\/www.eldiario.net\/portal\/2026\/06\/01\/pobreza-desabastecimiento-y-abandono-en-comunidades-indigenas-por-bloqueos\/","name":"Pobreza, desabastecimiento y abandono en comunidades ind\u00edgenas por bloqueos - El Diario - Bolivia","isPartOf":{"@id":"https:\/\/www.eldiario.net\/portal\/#website"},"primaryImageOfPage":{"@id":"https:\/\/www.eldiario.net\/portal\/2026\/06\/01\/pobreza-desabastecimiento-y-abandono-en-comunidades-indigenas-por-bloqueos\/#primaryimage"},"image":{"@id":"https:\/\/www.eldiario.net\/portal\/2026\/06\/01\/pobreza-desabastecimiento-y-abandono-en-comunidades-indigenas-por-bloqueos\/#primaryimage"},"thumbnailUrl":"https:\/\/www.eldiario.net\/portal\/wp-content\/uploads\/2026\/05\/indigenas-ANA-COLOR.webp","datePublished":"2026-06-01T05:24:08+00:00","breadcrumb":{"@id":"https:\/\/www.eldiario.net\/portal\/2026\/06\/01\/pobreza-desabastecimiento-y-abandono-en-comunidades-indigenas-por-bloqueos\/#breadcrumb"},"inLanguage":"es","potentialAction":[{"@type":"ReadAction","target":["https:\/\/www.eldiario.net\/portal\/2026\/06\/01\/pobreza-desabastecimiento-y-abandono-en-comunidades-indigenas-por-bloqueos\/"]}]},{"@type":"ImageObject","inLanguage":"es","@id":"https:\/\/www.eldiario.net\/portal\/2026\/06\/01\/pobreza-desabastecimiento-y-abandono-en-comunidades-indigenas-por-bloqueos\/#primaryimage","url":"https:\/\/www.eldiario.net\/portal\/wp-content\/uploads\/2026\/05\/indigenas-ANA-COLOR.webp","contentUrl":"https:\/\/www.eldiario.net\/portal\/wp-content\/uploads\/2026\/05\/indigenas-ANA-COLOR.webp","width":750,"height":375,"caption":"El cierre de v\u00edas afecta a las familias ind\u00edgenas, dej\u00e1ndolos en situaci\u00f3n de abandono."},{"@type":"BreadcrumbList","@id":"https:\/\/www.eldiario.net\/portal\/2026\/06\/01\/pobreza-desabastecimiento-y-abandono-en-comunidades-indigenas-por-bloqueos\/#breadcrumb","itemListElement":[{"@type":"ListItem","position":1,"name":"Portada","item":"https:\/\/www.eldiario.net\/portal\/"},{"@type":"ListItem","position":2,"name":"Pobreza, desabastecimiento y abandono en comunidades ind\u00edgenas por bloqueos"}]},{"@type":"WebSite","@id":"https:\/\/www.eldiario.net\/portal\/#website","url":"https:\/\/www.eldiario.net\/portal\/","name":"El Diario - Decano de la prensa nacional","description":"El Diario - Decano de la prensa nacional","publisher":{"@id":"https:\/\/www.eldiario.net\/portal\/#organization"},"potentialAction":[{"@type":"SearchAction","target":{"@type":"EntryPoint","urlTemplate":"https:\/\/www.eldiario.net\/portal\/?s={search_term_string}"},"query-input":{"@type":"PropertyValueSpecification","valueRequired":true,"valueName":"search_term_string"}}],"inLanguage":"es"},{"@type":"Organization","@id":"https:\/\/www.eldiario.net\/portal\/#organization","name":"El Diario - Decano de la prensa nacional","url":"https:\/\/www.eldiario.net\/portal\/","logo":{"@type":"ImageObject","inLanguage":"es","@id":"https:\/\/www.eldiario.net\/portal\/#\/schema\/logo\/image\/","url":"https:\/\/www.eldiario.net\/portal\/wp-content\/uploads\/2023\/07\/logo_ED.jpg","contentUrl":"https:\/\/www.eldiario.net\/portal\/wp-content\/uploads\/2023\/07\/logo_ED.jpg","width":272,"height":52,"caption":"El Diario - Decano de la prensa nacional"},"image":{"@id":"https:\/\/www.eldiario.net\/portal\/#\/schema\/logo\/image\/"},"sameAs":["https:\/\/www.facebook.com\/eldiario.bolivia\/","https:\/\/x.com\/eldiario_net"]},{"@type":"Person","@id":"https:\/\/www.eldiario.net\/portal\/#\/schema\/person\/2c57cf2b7a7ae032e449e4c9b1019eac","name":"Jeanette","image":{"@type":"ImageObject","inLanguage":"es","@id":"https:\/\/secure.gravatar.com\/avatar\/3ea2118a5f7dad2b7138b1187a6b7ee55f160b9968b66013c3a3ef39dd7e5798?s=96&d=mm&r=g","url":"https:\/\/secure.gravatar.com\/avatar\/3ea2118a5f7dad2b7138b1187a6b7ee55f160b9968b66013c3a3ef39dd7e5798?s=96&d=mm&r=g","contentUrl":"https:\/\/secure.gravatar.com\/avatar\/3ea2118a5f7dad2b7138b1187a6b7ee55f160b9968b66013c3a3ef39dd7e5798?s=96&d=mm&r=g","caption":"Jeanette"},"sameAs":["https:\/\/www.eldiario.net\/portal"],"url":"https:\/\/www.eldiario.net\/portal\/author\/jeanette\/"}]}},"_links":{"self":[{"href":"https:\/\/www.eldiario.net\/portal\/wp-json\/wp\/v2\/posts\/399768","targetHints":{"allow":["GET"]}}],"collection":[{"href":"https:\/\/www.eldiario.net\/portal\/wp-json\/wp\/v2\/posts"}],"about":[{"href":"https:\/\/www.eldiario.net\/portal\/wp-json\/wp\/v2\/types\/post"}],"author":[{"embeddable":true,"href":"https:\/\/www.eldiario.net\/portal\/wp-json\/wp\/v2\/users\/1"}],"replies":[{"embeddable":true,"href":"https:\/\/www.eldiario.net\/portal\/wp-json\/wp\/v2\/comments?post=399768"}],"version-history":[{"count":1,"href":"https:\/\/www.eldiario.net\/portal\/wp-json\/wp\/v2\/posts\/399768\/revisions"}],"predecessor-version":[{"id":399770,"href":"https:\/\/www.eldiario.net\/portal\/wp-json\/wp\/v2\/posts\/399768\/revisions\/399770"}],"wp:featuredmedia":[{"embeddable":true,"href":"https:\/\/www.eldiario.net\/portal\/wp-json\/wp\/v2\/media\/399769"}],"wp:attachment":[{"href":"https:\/\/www.eldiario.net\/portal\/wp-json\/wp\/v2\/media?parent=399768"}],"wp:term":[{"taxonomy":"category","embeddable":true,"href":"https:\/\/www.eldiario.net\/portal\/wp-json\/wp\/v2\/categories?post=399768"},{"taxonomy":"post_tag","embeddable":true,"href":"https:\/\/www.eldiario.net\/portal\/wp-json\/wp\/v2\/tags?post=399768"}],"curies":[{"name":"wp","href":"https:\/\/api.w.org\/{rel}","templated":true}]}}