{"id":399765,"date":"2026-06-01T01:23:02","date_gmt":"2026-06-01T05:23:02","guid":{"rendered":"https:\/\/www.eldiario.net\/portal\/?p=399765"},"modified":"2026-05-31T22:23:40","modified_gmt":"2026-06-01T02:23:40","slug":"ultiman-preparativos-para-gala-final-del-miss-santa-cruz-2026","status":"publish","type":"post","link":"https:\/\/www.eldiario.net\/portal\/2026\/06\/01\/ultiman-preparativos-para-gala-final-del-miss-santa-cruz-2026\/","title":{"rendered":"Ultiman preparativos para Gala Final del Miss Santa Cruz 2026"},"content":{"rendered":"<p>El departamento cruce\u00f1o ya vive la emoci\u00f3n de \u201cMiss Santa Cruz 2026\u201d, la gala final del evento de belleza se desarrollar\u00e1 el s\u00e1bado 13 de junio en el Sal\u00f3n Sirion\u00f3 de Fexpocruz. El certamen reunir\u00e1 a 20 candidatas oficiales que competir\u00e1n por la corona departamental para representar a la regi\u00f3n en el \u201cMiss Bolivia 2026\u201d.<br \/>\nCon una atm\u00f3sfera llena de glamour y entusiasmo, se realiz\u00f3 el pasado lunes 25 de mayo del a\u00f1o en curso, la esperada presentaci\u00f3n oficial de las candidatas a Miss Santa Cruz 2026 en los elegantes espacios de Radisson Hotel Santa Cruz.<br \/>\nLas 20 aspirantes deslumbraron en una noche especial, donde dieron inicio oficialmente a su camino rumbo a la corona, compartiendo con invitados especiales, prensa y seguidores de esta gran organizaci\u00f3n.<br \/>\nCada momento estuvo marcado por la emoci\u00f3n, la belleza y el orgullo de conocer a las j\u00f3venes que representar\u00e1n el talento y la esencia cruce\u00f1a en esta nueva edici\u00f3n de @pgloriaoficial.<br \/>\nPromociones Gloria expres\u00f3 tambi\u00e9n su agradecimiento a sus aliados Sefora Bareket @sefora_makeup, Solaris @solaris_bolivia y Estrada Active Sport @estradaactivesport por consentir a sus candidatas con detalles y obsequios durante esta inolvidable velada.<br \/>\nRECHAZAN ATAQUES<br \/>\nEN REDES<br \/>\nPor otro lado, Promociones Gloria se pronunci\u00f3 recientemente mediante un comunicado oficial para pedir a la poblaci\u00f3n frenar los comentarios ofensivos y ataques dirigidos hacia las candidatas del Miss Santa Cruz 2026 en redes sociales.<br \/>\nLa organizaci\u00f3n sostiene que detr\u00e1s de cada participante hay j\u00f3venes con sue\u00f1os, esfuerzo y emociones, por lo que pidi\u00f3 mayor empat\u00eda y respeto durante el certamen.<br \/>\nAsimismo, advirti\u00f3 que las cr\u00edticas destructivas y el ciberbullying pueden afectar emocionalmente a las concursantes, por lo que inst\u00f3 a construir espacios digitales m\u00e1s positivos y conscientes.<br \/>\nFinalmente, Promociones Gloria invit\u00f3 a los usuarios a apoyar a las candidatas con mensajes de aliento y evitar las humillaciones o agresiones personales en internet.<\/p>\n","protected":false},"excerpt":{"rendered":"<p>El departamento cruce\u00f1o ya vive la emoci\u00f3n de \u201cMiss Santa Cruz 2026\u201d, la gala final del evento de belleza se desarrollar\u00e1 el s\u00e1bado 13 de junio en el Sal\u00f3n Sirion\u00f3 de Fexpocruz. El certamen reunir\u00e1 a 20 candidatas oficiales que competir\u00e1n por la corona departamental para representar a la regi\u00f3n en el \u201cMiss Bolivia 2026\u201d. [&hellip;]<\/p>\n","protected":false},"author":1,"featured_media":399766,"comment_status":"closed","ping_status":"open","sticky":false,"template":"","format":"standard","meta":{"_acf_changed":false,"footnotes":""},"categories":[12],"tags":[],"class_list":["post-399765","post","type-post","status-publish","format-standard","has-post-thumbnail","category-nacional"],"acf":{"antetitulo":"El certamen ser\u00e1 el 13 de junio"},"yoast_head":"<!-- This site is optimized with the Yoast SEO plugin v28.4 - https:\/\/yoast.com\/product\/yoast-seo-wordpress\/ -->\n<title>Ultiman preparativos para Gala Final del Miss Santa Cruz 2026 - El Diario - Bolivia<\/title>\n<meta name=\"robots\" content=\"index, follow, max-snippet:-1, max-image-preview:large, max-video-preview:-1\" \/>\n<link rel=\"canonical\" href=\"https:\/\/www.eldiario.net\/portal\/2026\/06\/01\/ultiman-preparativos-para-gala-final-del-miss-santa-cruz-2026\/\" \/>\n<meta property=\"og:locale\" content=\"es_ES\" \/>\n<meta property=\"og:type\" content=\"article\" \/>\n<meta property=\"og:title\" content=\"Ultiman preparativos para Gala Final del Miss Santa Cruz 2026 - El Diario - Bolivia\" \/>\n<meta property=\"og:description\" content=\"El departamento cruce\u00f1o ya vive la emoci\u00f3n de \u201cMiss Santa Cruz 2026\u201d, la gala final del evento de belleza se desarrollar\u00e1 el s\u00e1bado 13 de junio en el Sal\u00f3n Sirion\u00f3 de Fexpocruz. El certamen reunir\u00e1 a 20 candidatas oficiales que competir\u00e1n por la corona departamental para representar a la regi\u00f3n en el \u201cMiss Bolivia 2026\u201d. [&hellip;]\" \/>\n<meta property=\"og:url\" content=\"https:\/\/www.eldiario.net\/portal\/2026\/06\/01\/ultiman-preparativos-para-gala-final-del-miss-santa-cruz-2026\/\" \/>\n<meta property=\"og:site_name\" content=\"El Diario - Bolivia\" \/>\n<meta property=\"article:publisher\" content=\"https:\/\/www.facebook.com\/eldiario.bolivia\/\" \/>\n<meta property=\"article:published_time\" content=\"2026-06-01T05:23:02+00:00\" \/>\n<meta property=\"og:image\" content=\"https:\/\/www.eldiario.net\/portal\/wp-content\/uploads\/2026\/05\/Miss-Santa-Cruz-PG-COLOR.webp\" \/>\n\t<meta property=\"og:image:width\" content=\"1172\" \/>\n\t<meta property=\"og:image:height\" content=\"857\" \/>\n\t<meta property=\"og:image:type\" content=\"image\/webp\" \/>\n<meta name=\"author\" content=\"Jeanette\" \/>\n<meta name=\"twitter:card\" content=\"summary_large_image\" \/>\n<meta name=\"twitter:creator\" content=\"@eldiario_net\" \/>\n<meta name=\"twitter:site\" content=\"@eldiario_net\" \/>\n<meta name=\"twitter:label1\" content=\"Escrito por\" \/>\n\t<meta name=\"twitter:data1\" content=\"Jeanette\" \/>\n\t<meta name=\"twitter:label2\" content=\"Tiempo de lectura\" \/>\n\t<meta name=\"twitter:data2\" content=\"2 minutos\" \/>\n<script type=\"application\/ld+json\" class=\"yoast-schema-graph\">{\"@context\":\"https:\\\/\\\/schema.org\",\"@graph\":[{\"@type\":\"Article\",\"@id\":\"https:\\\/\\\/www.eldiario.net\\\/portal\\\/2026\\\/06\\\/01\\\/ultiman-preparativos-para-gala-final-del-miss-santa-cruz-2026\\\/#article\",\"isPartOf\":{\"@id\":\"https:\\\/\\\/www.eldiario.net\\\/portal\\\/2026\\\/06\\\/01\\\/ultiman-preparativos-para-gala-final-del-miss-santa-cruz-2026\\\/\"},\"author\":{\"name\":\"Jeanette\",\"@id\":\"https:\\\/\\\/www.eldiario.net\\\/portal\\\/#\\\/schema\\\/person\\\/2c57cf2b7a7ae032e449e4c9b1019eac\"},\"headline\":\"Ultiman preparativos para Gala Final del Miss Santa Cruz 2026\",\"datePublished\":\"2026-06-01T05:23:02+00:00\",\"mainEntityOfPage\":{\"@id\":\"https:\\\/\\\/www.eldiario.net\\\/portal\\\/2026\\\/06\\\/01\\\/ultiman-preparativos-para-gala-final-del-miss-santa-cruz-2026\\\/\"},\"wordCount\":333,\"publisher\":{\"@id\":\"https:\\\/\\\/www.eldiario.net\\\/portal\\\/#organization\"},\"image\":{\"@id\":\"https:\\\/\\\/www.eldiario.net\\\/portal\\\/2026\\\/06\\\/01\\\/ultiman-preparativos-para-gala-final-del-miss-santa-cruz-2026\\\/#primaryimage\"},\"thumbnailUrl\":\"https:\\\/\\\/www.eldiario.net\\\/portal\\\/wp-content\\\/uploads\\\/2026\\\/05\\\/Miss-Santa-Cruz-PG-COLOR.webp\",\"articleSection\":[\"Nacional\"],\"inLanguage\":\"es\"},{\"@type\":\"WebPage\",\"@id\":\"https:\\\/\\\/www.eldiario.net\\\/portal\\\/2026\\\/06\\\/01\\\/ultiman-preparativos-para-gala-final-del-miss-santa-cruz-2026\\\/\",\"url\":\"https:\\\/\\\/www.eldiario.net\\\/portal\\\/2026\\\/06\\\/01\\\/ultiman-preparativos-para-gala-final-del-miss-santa-cruz-2026\\\/\",\"name\":\"Ultiman preparativos para Gala Final del Miss Santa Cruz 2026 - El Diario - Bolivia\",\"isPartOf\":{\"@id\":\"https:\\\/\\\/www.eldiario.net\\\/portal\\\/#website\"},\"primaryImageOfPage\":{\"@id\":\"https:\\\/\\\/www.eldiario.net\\\/portal\\\/2026\\\/06\\\/01\\\/ultiman-preparativos-para-gala-final-del-miss-santa-cruz-2026\\\/#primaryimage\"},\"image\":{\"@id\":\"https:\\\/\\\/www.eldiario.net\\\/portal\\\/2026\\\/06\\\/01\\\/ultiman-preparativos-para-gala-final-del-miss-santa-cruz-2026\\\/#primaryimage\"},\"thumbnailUrl\":\"https:\\\/\\\/www.eldiario.net\\\/portal\\\/wp-content\\\/uploads\\\/2026\\\/05\\\/Miss-Santa-Cruz-PG-COLOR.webp\",\"datePublished\":\"2026-06-01T05:23:02+00:00\",\"breadcrumb\":{\"@id\":\"https:\\\/\\\/www.eldiario.net\\\/portal\\\/2026\\\/06\\\/01\\\/ultiman-preparativos-para-gala-final-del-miss-santa-cruz-2026\\\/#breadcrumb\"},\"inLanguage\":\"es\",\"potentialAction\":[{\"@type\":\"ReadAction\",\"target\":[\"https:\\\/\\\/www.eldiario.net\\\/portal\\\/2026\\\/06\\\/01\\\/ultiman-preparativos-para-gala-final-del-miss-santa-cruz-2026\\\/\"]}]},{\"@type\":\"ImageObject\",\"inLanguage\":\"es\",\"@id\":\"https:\\\/\\\/www.eldiario.net\\\/portal\\\/2026\\\/06\\\/01\\\/ultiman-preparativos-para-gala-final-del-miss-santa-cruz-2026\\\/#primaryimage\",\"url\":\"https:\\\/\\\/www.eldiario.net\\\/portal\\\/wp-content\\\/uploads\\\/2026\\\/05\\\/Miss-Santa-Cruz-PG-COLOR.webp\",\"contentUrl\":\"https:\\\/\\\/www.eldiario.net\\\/portal\\\/wp-content\\\/uploads\\\/2026\\\/05\\\/Miss-Santa-Cruz-PG-COLOR.webp\",\"width\":1172,\"height\":857},{\"@type\":\"BreadcrumbList\",\"@id\":\"https:\\\/\\\/www.eldiario.net\\\/portal\\\/2026\\\/06\\\/01\\\/ultiman-preparativos-para-gala-final-del-miss-santa-cruz-2026\\\/#breadcrumb\",\"itemListElement\":[{\"@type\":\"ListItem\",\"position\":1,\"name\":\"Portada\",\"item\":\"https:\\\/\\\/www.eldiario.net\\\/portal\\\/\"},{\"@type\":\"ListItem\",\"position\":2,\"name\":\"Ultiman preparativos para Gala Final del Miss Santa Cruz 2026\"}]},{\"@type\":\"WebSite\",\"@id\":\"https:\\\/\\\/www.eldiario.net\\\/portal\\\/#website\",\"url\":\"https:\\\/\\\/www.eldiario.net\\\/portal\\\/\",\"name\":\"El Diario - Decano de la prensa nacional\",\"description\":\"El Diario - Decano de la prensa nacional\",\"publisher\":{\"@id\":\"https:\\\/\\\/www.eldiario.net\\\/portal\\\/#organization\"},\"potentialAction\":[{\"@type\":\"SearchAction\",\"target\":{\"@type\":\"EntryPoint\",\"urlTemplate\":\"https:\\\/\\\/www.eldiario.net\\\/portal\\\/?s={search_term_string}\"},\"query-input\":{\"@type\":\"PropertyValueSpecification\",\"valueRequired\":true,\"valueName\":\"search_term_string\"}}],\"inLanguage\":\"es\"},{\"@type\":\"Organization\",\"@id\":\"https:\\\/\\\/www.eldiario.net\\\/portal\\\/#organization\",\"name\":\"El Diario - Decano de la prensa nacional\",\"url\":\"https:\\\/\\\/www.eldiario.net\\\/portal\\\/\",\"logo\":{\"@type\":\"ImageObject\",\"inLanguage\":\"es\",\"@id\":\"https:\\\/\\\/www.eldiario.net\\\/portal\\\/#\\\/schema\\\/logo\\\/image\\\/\",\"url\":\"https:\\\/\\\/www.eldiario.net\\\/portal\\\/wp-content\\\/uploads\\\/2023\\\/07\\\/logo_ED.jpg\",\"contentUrl\":\"https:\\\/\\\/www.eldiario.net\\\/portal\\\/wp-content\\\/uploads\\\/2023\\\/07\\\/logo_ED.jpg\",\"width\":272,\"height\":52,\"caption\":\"El Diario - Decano de la prensa nacional\"},\"image\":{\"@id\":\"https:\\\/\\\/www.eldiario.net\\\/portal\\\/#\\\/schema\\\/logo\\\/image\\\/\"},\"sameAs\":[\"https:\\\/\\\/www.facebook.com\\\/eldiario.bolivia\\\/\",\"https:\\\/\\\/x.com\\\/eldiario_net\"]},{\"@type\":\"Person\",\"@id\":\"https:\\\/\\\/www.eldiario.net\\\/portal\\\/#\\\/schema\\\/person\\\/2c57cf2b7a7ae032e449e4c9b1019eac\",\"name\":\"Jeanette\",\"image\":{\"@type\":\"ImageObject\",\"inLanguage\":\"es\",\"@id\":\"https:\\\/\\\/secure.gravatar.com\\\/avatar\\\/3ea2118a5f7dad2b7138b1187a6b7ee55f160b9968b66013c3a3ef39dd7e5798?s=96&d=mm&r=g\",\"url\":\"https:\\\/\\\/secure.gravatar.com\\\/avatar\\\/3ea2118a5f7dad2b7138b1187a6b7ee55f160b9968b66013c3a3ef39dd7e5798?s=96&d=mm&r=g\",\"contentUrl\":\"https:\\\/\\\/secure.gravatar.com\\\/avatar\\\/3ea2118a5f7dad2b7138b1187a6b7ee55f160b9968b66013c3a3ef39dd7e5798?s=96&d=mm&r=g\",\"caption\":\"Jeanette\"},\"sameAs\":[\"https:\\\/\\\/www.eldiario.net\\\/portal\"],\"url\":\"https:\\\/\\\/www.eldiario.net\\\/portal\\\/author\\\/jeanette\\\/\"}]}<\/script>\n<!-- \/ Yoast SEO plugin. -->","yoast_head_json":{"title":"Ultiman preparativos para Gala Final del Miss Santa Cruz 2026 - El Diario - Bolivia","robots":{"index":"index","follow":"follow","max-snippet":"max-snippet:-1","max-image-preview":"max-image-preview:large","max-video-preview":"max-video-preview:-1"},"canonical":"https:\/\/www.eldiario.net\/portal\/2026\/06\/01\/ultiman-preparativos-para-gala-final-del-miss-santa-cruz-2026\/","og_locale":"es_ES","og_type":"article","og_title":"Ultiman preparativos para Gala Final del Miss Santa Cruz 2026 - El Diario - Bolivia","og_description":"El departamento cruce\u00f1o ya vive la emoci\u00f3n de \u201cMiss Santa Cruz 2026\u201d, la gala final del evento de belleza se desarrollar\u00e1 el s\u00e1bado 13 de junio en el Sal\u00f3n Sirion\u00f3 de Fexpocruz. El certamen reunir\u00e1 a 20 candidatas oficiales que competir\u00e1n por la corona departamental para representar a la regi\u00f3n en el \u201cMiss Bolivia 2026\u201d. [&hellip;]","og_url":"https:\/\/www.eldiario.net\/portal\/2026\/06\/01\/ultiman-preparativos-para-gala-final-del-miss-santa-cruz-2026\/","og_site_name":"El Diario - Bolivia","article_publisher":"https:\/\/www.facebook.com\/eldiario.bolivia\/","article_published_time":"2026-06-01T05:23:02+00:00","og_image":[{"width":1172,"height":857,"url":"https:\/\/www.eldiario.net\/portal\/wp-content\/uploads\/2026\/05\/Miss-Santa-Cruz-PG-COLOR.webp","type":"image\/webp"}],"author":"Jeanette","twitter_card":"summary_large_image","twitter_creator":"@eldiario_net","twitter_site":"@eldiario_net","twitter_misc":{"Escrito por":"Jeanette","Tiempo de lectura":"2 minutos"},"schema":{"@context":"https:\/\/schema.org","@graph":[{"@type":"Article","@id":"https:\/\/www.eldiario.net\/portal\/2026\/06\/01\/ultiman-preparativos-para-gala-final-del-miss-santa-cruz-2026\/#article","isPartOf":{"@id":"https:\/\/www.eldiario.net\/portal\/2026\/06\/01\/ultiman-preparativos-para-gala-final-del-miss-santa-cruz-2026\/"},"author":{"name":"Jeanette","@id":"https:\/\/www.eldiario.net\/portal\/#\/schema\/person\/2c57cf2b7a7ae032e449e4c9b1019eac"},"headline":"Ultiman preparativos para Gala Final del Miss Santa Cruz 2026","datePublished":"2026-06-01T05:23:02+00:00","mainEntityOfPage":{"@id":"https:\/\/www.eldiario.net\/portal\/2026\/06\/01\/ultiman-preparativos-para-gala-final-del-miss-santa-cruz-2026\/"},"wordCount":333,"publisher":{"@id":"https:\/\/www.eldiario.net\/portal\/#organization"},"image":{"@id":"https:\/\/www.eldiario.net\/portal\/2026\/06\/01\/ultiman-preparativos-para-gala-final-del-miss-santa-cruz-2026\/#primaryimage"},"thumbnailUrl":"https:\/\/www.eldiario.net\/portal\/wp-content\/uploads\/2026\/05\/Miss-Santa-Cruz-PG-COLOR.webp","articleSection":["Nacional"],"inLanguage":"es"},{"@type":"WebPage","@id":"https:\/\/www.eldiario.net\/portal\/2026\/06\/01\/ultiman-preparativos-para-gala-final-del-miss-santa-cruz-2026\/","url":"https:\/\/www.eldiario.net\/portal\/2026\/06\/01\/ultiman-preparativos-para-gala-final-del-miss-santa-cruz-2026\/","name":"Ultiman preparativos para Gala Final del Miss Santa Cruz 2026 - El Diario - Bolivia","isPartOf":{"@id":"https:\/\/www.eldiario.net\/portal\/#website"},"primaryImageOfPage":{"@id":"https:\/\/www.eldiario.net\/portal\/2026\/06\/01\/ultiman-preparativos-para-gala-final-del-miss-santa-cruz-2026\/#primaryimage"},"image":{"@id":"https:\/\/www.eldiario.net\/portal\/2026\/06\/01\/ultiman-preparativos-para-gala-final-del-miss-santa-cruz-2026\/#primaryimage"},"thumbnailUrl":"https:\/\/www.eldiario.net\/portal\/wp-content\/uploads\/2026\/05\/Miss-Santa-Cruz-PG-COLOR.webp","datePublished":"2026-06-01T05:23:02+00:00","breadcrumb":{"@id":"https:\/\/www.eldiario.net\/portal\/2026\/06\/01\/ultiman-preparativos-para-gala-final-del-miss-santa-cruz-2026\/#breadcrumb"},"inLanguage":"es","potentialAction":[{"@type":"ReadAction","target":["https:\/\/www.eldiario.net\/portal\/2026\/06\/01\/ultiman-preparativos-para-gala-final-del-miss-santa-cruz-2026\/"]}]},{"@type":"ImageObject","inLanguage":"es","@id":"https:\/\/www.eldiario.net\/portal\/2026\/06\/01\/ultiman-preparativos-para-gala-final-del-miss-santa-cruz-2026\/#primaryimage","url":"https:\/\/www.eldiario.net\/portal\/wp-content\/uploads\/2026\/05\/Miss-Santa-Cruz-PG-COLOR.webp","contentUrl":"https:\/\/www.eldiario.net\/portal\/wp-content\/uploads\/2026\/05\/Miss-Santa-Cruz-PG-COLOR.webp","width":1172,"height":857},{"@type":"BreadcrumbList","@id":"https:\/\/www.eldiario.net\/portal\/2026\/06\/01\/ultiman-preparativos-para-gala-final-del-miss-santa-cruz-2026\/#breadcrumb","itemListElement":[{"@type":"ListItem","position":1,"name":"Portada","item":"https:\/\/www.eldiario.net\/portal\/"},{"@type":"ListItem","position":2,"name":"Ultiman preparativos para Gala Final del Miss Santa Cruz 2026"}]},{"@type":"WebSite","@id":"https:\/\/www.eldiario.net\/portal\/#website","url":"https:\/\/www.eldiario.net\/portal\/","name":"El Diario - Decano de la prensa nacional","description":"El Diario - Decano de la prensa nacional","publisher":{"@id":"https:\/\/www.eldiario.net\/portal\/#organization"},"potentialAction":[{"@type":"SearchAction","target":{"@type":"EntryPoint","urlTemplate":"https:\/\/www.eldiario.net\/portal\/?s={search_term_string}"},"query-input":{"@type":"PropertyValueSpecification","valueRequired":true,"valueName":"search_term_string"}}],"inLanguage":"es"},{"@type":"Organization","@id":"https:\/\/www.eldiario.net\/portal\/#organization","name":"El Diario - Decano de la prensa nacional","url":"https:\/\/www.eldiario.net\/portal\/","logo":{"@type":"ImageObject","inLanguage":"es","@id":"https:\/\/www.eldiario.net\/portal\/#\/schema\/logo\/image\/","url":"https:\/\/www.eldiario.net\/portal\/wp-content\/uploads\/2023\/07\/logo_ED.jpg","contentUrl":"https:\/\/www.eldiario.net\/portal\/wp-content\/uploads\/2023\/07\/logo_ED.jpg","width":272,"height":52,"caption":"El Diario - Decano de la prensa nacional"},"image":{"@id":"https:\/\/www.eldiario.net\/portal\/#\/schema\/logo\/image\/"},"sameAs":["https:\/\/www.facebook.com\/eldiario.bolivia\/","https:\/\/x.com\/eldiario_net"]},{"@type":"Person","@id":"https:\/\/www.eldiario.net\/portal\/#\/schema\/person\/2c57cf2b7a7ae032e449e4c9b1019eac","name":"Jeanette","image":{"@type":"ImageObject","inLanguage":"es","@id":"https:\/\/secure.gravatar.com\/avatar\/3ea2118a5f7dad2b7138b1187a6b7ee55f160b9968b66013c3a3ef39dd7e5798?s=96&d=mm&r=g","url":"https:\/\/secure.gravatar.com\/avatar\/3ea2118a5f7dad2b7138b1187a6b7ee55f160b9968b66013c3a3ef39dd7e5798?s=96&d=mm&r=g","contentUrl":"https:\/\/secure.gravatar.com\/avatar\/3ea2118a5f7dad2b7138b1187a6b7ee55f160b9968b66013c3a3ef39dd7e5798?s=96&d=mm&r=g","caption":"Jeanette"},"sameAs":["https:\/\/www.eldiario.net\/portal"],"url":"https:\/\/www.eldiario.net\/portal\/author\/jeanette\/"}]}},"_links":{"self":[{"href":"https:\/\/www.eldiario.net\/portal\/wp-json\/wp\/v2\/posts\/399765","targetHints":{"allow":["GET"]}}],"collection":[{"href":"https:\/\/www.eldiario.net\/portal\/wp-json\/wp\/v2\/posts"}],"about":[{"href":"https:\/\/www.eldiario.net\/portal\/wp-json\/wp\/v2\/types\/post"}],"author":[{"embeddable":true,"href":"https:\/\/www.eldiario.net\/portal\/wp-json\/wp\/v2\/users\/1"}],"replies":[{"embeddable":true,"href":"https:\/\/www.eldiario.net\/portal\/wp-json\/wp\/v2\/comments?post=399765"}],"version-history":[{"count":1,"href":"https:\/\/www.eldiario.net\/portal\/wp-json\/wp\/v2\/posts\/399765\/revisions"}],"predecessor-version":[{"id":399767,"href":"https:\/\/www.eldiario.net\/portal\/wp-json\/wp\/v2\/posts\/399765\/revisions\/399767"}],"wp:featuredmedia":[{"embeddable":true,"href":"https:\/\/www.eldiario.net\/portal\/wp-json\/wp\/v2\/media\/399766"}],"wp:attachment":[{"href":"https:\/\/www.eldiario.net\/portal\/wp-json\/wp\/v2\/media?parent=399765"}],"wp:term":[{"taxonomy":"category","embeddable":true,"href":"https:\/\/www.eldiario.net\/portal\/wp-json\/wp\/v2\/categories?post=399765"},{"taxonomy":"post_tag","embeddable":true,"href":"https:\/\/www.eldiario.net\/portal\/wp-json\/wp\/v2\/tags?post=399765"}],"curies":[{"name":"wp","href":"https:\/\/api.w.org\/{rel}","templated":true}]}}