{"id":399760,"date":"2026-06-01T01:19:16","date_gmt":"2026-06-01T05:19:16","guid":{"rendered":"https:\/\/www.eldiario.net\/portal\/?p=399760"},"modified":"2026-05-31T22:21:04","modified_gmt":"2026-06-01T02:21:04","slug":"las-perdidas-economicas-alcanzan-a-casi-us-2-000-millones-en-un-mes-de-bloqueo","status":"publish","type":"post","link":"https:\/\/www.eldiario.net\/portal\/2026\/06\/01\/las-perdidas-economicas-alcanzan-a-casi-us-2-000-millones-en-un-mes-de-bloqueo\/","title":{"rendered":"Las p\u00e9rdidas econ\u00f3micas alcanzan a casi  $us 2.000 millones en un mes de bloqueo"},"content":{"rendered":"<p>Diferentes sectores lanzaron sus cifras de p\u00e9rdidas econ\u00f3micas, pero tambi\u00e9n tomando en cuenta al sector p\u00fablico y a los informales, la cifra oscila entre 1.800 a 2.000 millones de d\u00f3lares en un mes de bloqueo. El financiamiento a los bloqueadores estar\u00eda en 6 millones de bolivianos d\u00eda.<br \/>\nEl economista y docente de la Universidad T\u00e9cnica de Oruro (UTO), Ernesto Bernal, sostiene que las cifras que presentan diferentes sectores econ\u00f3micos en p\u00e9rdidas, de 1.600 a 1.700 millones de d\u00f3lares, puede aproximarse o pasar los 2.000 millones.<br \/>\nSe estima que las la afectaci\u00f3n a la econom\u00eda nacional representa m\u00e1s del 2% del Producto Interno Bruto (PIB), debido a que los bloqueos paralizan la econom\u00eda del pa\u00eds y los afectados son transportistas, productores, exportadores e importadores, indic\u00f3.<br \/>\nLamenta la actual situaci\u00f3n en Bolivia, en especial la afectaci\u00f3n a las exportaciones, ya que por la venta de productos llegan divisas al pa\u00eds.<br \/>\nMientras tanto, el economista e investigador Fernando Romero estima que las p\u00e9rdidas oscilan entre 1.800 millones a 2.000 millones de d\u00f3lares de sectores macroecon\u00f3micos importantes y tambi\u00e9n de la microeconom\u00eda.<br \/>\nSe\u00f1al\u00f3 que la afectaci\u00f3n es social, educativa y de salud, dado que los bloqueos impiden que sectores se movilicen de un lugar a otro. Otros no puedan recibir atenci\u00f3n m\u00e9dica y los ni\u00f1os no pueden asistir a sus establecimientos educativos con normalidad.<br \/>\nAdem\u00e1s, de la destrucci\u00f3n de la imagen del pa\u00eds a nivel internacional, la cifra podr\u00eda subir si el conflicto se extiende por m\u00e1s tiempo.<br \/>\nEl entrevistado lament\u00f3 que no se llegue al di\u00e1logo para dar una soluci\u00f3n al respecto, ante la falta de una soluci\u00f3n podr\u00eda provocar m\u00e1s problemas econ\u00f3micos. \u201cDebi\u00f3 cortarse hace tiempo\u201d, reflexion\u00f3 sobre el inicio de los conflictos.<br \/>\nExplic\u00f3 que cuantificar los da\u00f1os provocados por los conflictos son complejos de cuantificar, debido a que hay afectaci\u00f3n a la infraestructura y estructura p\u00fablica, a las cosechas, al sector av\u00edcola, al soyero, as\u00ed como al exportador e importador, en mayor o menor medida.<br \/>\nEl da\u00f1o global est\u00e1 dado a la infraestructura, a la producci\u00f3n de alimentos, a los negocios y a la log\u00edstica por los bloqueos instaurados en ciertas regiones del pa\u00eds.<br \/>\nExpres\u00f3 que luego que pase el mal momento en el pa\u00eds, nadie se haga cargo de los da\u00f1os por parte de los organizadores.<br \/>\nInflaci\u00f3n<br \/>\nTanto Bernal como Romero, coinciden que la cifra de la inflaci\u00f3n subir\u00e1 y afectar\u00e1 a los m\u00e1s vulnerables, en especial en el eje central, con m\u00e1s peso sobre el departamento de La Paz, que es la regi\u00f3n m\u00e1s afectada del pa\u00eds.<br \/>\nRomero explic\u00f3 que al principio se observaba decrecimiento de la inflaci\u00f3n, pero la conflictividad y los bloqueos provocaron un aumento del valor de los productos de la canasta familiar.<br \/>\nMientras Bernal se\u00f1ala que la microeconom\u00eda sentir\u00e1 el alza del precio de los productos, la gente que vive al d\u00eda, como los informales, que representan entre 80% a 85%. Los ciudadanos que con capital de 30 a 50 bolivianos deben enfrentar los precios caros de productos de la canasta familiar.<br \/>\nInform\u00f3 que a 12 meses ya se registraba una inflaci\u00f3n de 15%, los conflictos repercutir\u00e1n en las cifras de finales de a\u00f1o y puede estar entre 17% a 18%, probablemente llegue a 20%, similar a la pasada gesti\u00f3n.<br \/>\nConsidera necesario frenar los bloqueos y que ya no haya este tipo de medidas de presi\u00f3n para salir de la recesi\u00f3n econ\u00f3mica en la que se encuentra Bolivia. Record\u00f3 que el Fondo Monetario Internacional (FMI) y el Banco Mundial estiman una contracci\u00f3n de -3,3% y s\u00f3lo la Comisi\u00f3n Econ\u00f3mica para Am\u00e9rica Latina y el Caribe (Cepal) proyecta un crecimiento de 0,5%.<br \/>\nTambi\u00e9n es de la idea de que se piense primero en la patria y que podr\u00eda dar un paso al costado el presidente.<br \/>\nSin embargo, polit\u00f3logos recuerdan que no se puede volver al pasado, donde el presidente Gonzalo S\u00e1nchez de Lozada tambi\u00e9n fue obligado a dirimir y pas\u00f3 lo mismo con Carlos Mesa, quien adem\u00e1s dio indulto a todos los bloqueadores, incluyendo a Evo Morales. Luego vino un gobierno socialista de 20 a\u00f1os que dej\u00f3 a la econom\u00eda nacional en la lona o quebrada.<br \/>\nSector agropecuario<br \/>\nEntretanto, el investigador y docente de la Universidad Mayor de San Andr\u00e9s (UMSA), Lucio Tito, dijo que el sector agropecuario de Bolivia se encuentra en un estado de quiebra inminente y asfixia log\u00edstica, acumulando p\u00e9rdidas que superan los 150 millones de d\u00f3lares en total, de acuerdo con datos de la C\u00e1mara Agropecuaria del Oriente (CAO) debido a los bloqueos de carreteras que paralizan el pa\u00eds.<br \/>\n\u201cAunque se han anunciado incentivos y millonarias inversiones estatales en el pasado, la realidad actual muestra que la falta de libre tr\u00e1nsito y la escasez de insumos han destruido los ciclos de producci\u00f3n. El aparato productivo agropecuario est\u00e1 fracturado, dejando p\u00e9rdidas millonarias en cada rubro\u201d, advirti\u00f3.<br \/>\nEn las \u00faltimas d\u00e9cadas, se ha sumado los efectos de la variabilidad clim\u00e1tica, presentada por per\u00edodos de lluvia m\u00e1s cortos, en otras m\u00e1s intensos o bien per\u00edodos secos m\u00e1s prolongados. Los fen\u00f3menos conocidos como El Ni\u00f1o y La Ni\u00f1a han sido causantes de p\u00e9rdidas agropecuarias importantes, lo que, sumado a las malas pr\u00e1cticas, ha incrementado la vulnerabilidad de las poblaciones rurales de manera directa y de las urbanas de manera indirecta.<br \/>\nEsos fen\u00f3menos no solo causan p\u00e9rdidas econ\u00f3micas e inseguridad alimentaria, sino que tambi\u00e9n causan migraciones de poblaciones, desintegraci\u00f3n familiar y acent\u00faan la pobreza rural y la pobreza en regiones periurbanas.<br \/>\nEl car\u00e1cter repetitivo de esos eventos y la intensificaci\u00f3n de los mismos hace necesario plantear respuestas coordinadas de gesti\u00f3n de riesgos en sus tres fases: en la fase previa, es decir en la prevenci\u00f3n frente a la ocurrencia del desastre, durante la ocurrencia del mismo y con acciones posteriores que permitan recuperar la capacidad productiva.<br \/>\nSi bien en el pa\u00eds existen las iniciativas ligadas a defensa civil desde hace varias d\u00e9cadas, que se encarga de la gesti\u00f3n de riesgo en general, se ha identificado la necesidad de reforzar las acciones relacionadas al seguro agrario, la gesti\u00f3n del riesgo agropecuario, dada la variabilidad clim\u00e1tica y la mayor frecuencia de desastres naturales.<br \/>\n\u201cEs necesario gestionar una estrategia territorial espacial respetando las capacidades productivas de todo nuestro territorio nacional, lamentablemente nadie obedece esta simple propuesta y ejecutan proyectos sin enfoque estrat\u00e9gico respetando los sistemas de producci\u00f3n agraria actualmente\u201d, observ\u00f3.<\/p>\n<p><strong>P\u00e9rdidas<\/strong><\/p>\n<p>Sector Av\u00edcola<br \/>\n\u2022 P\u00e9rdidas acumuladas: Suman m\u00e1s de Bs 400 millones, con da\u00f1os diarios que escalan a los Bs 20 millones.<br \/>\n\u2022 Mercado fracturado en dos: En Santa Cruz hay sobreoferta atrapada; el precio cay\u00f3 a Bs 15 por kilo, cubriendo apenas el 50% de los costos de producci\u00f3n.<br \/>\n\u2022 Desabastecimiento y muertes: En Cochabamba las granjas se quedaron sin ma\u00edz ni soya; m\u00e1s de 100.000 pollos murieron de hambre y la reposici\u00f3n de pollito beb\u00e9 cay\u00f3 en 500.000 unidades.<br \/>\n\u2022 Impacto al consumidor: En las ciudades de La Paz y El Alto el desabastecimiento dispar\u00f3 el precio del pollo disponible hasta los Bs 31 el kilo.<br \/>\nSector Ganadero (Res y Leche)<br \/>\n\u2022 P\u00e9rdidas econ\u00f3micas: La Federaci\u00f3n de Ganaderos de Santa Cruz (Fegasacruz) reporta p\u00e9rdidas de 1.5 millones de d\u00f3lares por d\u00eda.<br \/>\n\u2022 Exportaciones frenadas: Entre 30 y 35 contenedores (unas 500 toneladas de carne) est\u00e1n varados en las carreteras, rompiendo contratos internacionales.<br \/>\n\u2022 Emergencia l\u00e1ctea: Los productores de leche en Cochabamba se ven obligados a regalar o vender su producci\u00f3n en las plazas p\u00fablicas al no poder enviarla a las plantas de procesamiento, acumulando p\u00e9rdidas sectoriales de Bs 10 millones.<br \/>\nSector Agr\u00edcola y Oleaginosas<br \/>\n\u2022 Crisis soyera: La Asociaci\u00f3n de Productores de Oleaginosas y Trigo (Anapo) reporta una p\u00e9rdida de 3 millones de d\u00f3lares diarios, superando los 80 millones de d\u00f3lares en p\u00e9rdidas globales de comercio andino.<br \/>\n\u2022 Alimentos descompuestos: Toneladas de tomates, verduras, frutas y hortalizas procedentes de los valles cruce\u00f1os y cochabambinos se pudren en los camiones bloqueados bajo el sol.<br \/>\nExportadores e industriales<br \/>\nEn 28 d\u00edas de bloqueos las p\u00e9rdidas acumuladas de la econom\u00eda nacional alcanzan a 1.680 millones de d\u00f3lares, una afectaci\u00f3n al PIB de 2,26%.<br \/>\nLa afectaci\u00f3n a la industria nacional suma 336 millones de d\u00f3lares y el impacto en la industria pace\u00f1a est\u00e1 en 84 millones.<br \/>\nLos exportadores se\u00f1alan que las p\u00e9rdidas suman alrededor de 720 millones de d\u00f3lares hasta la fecha.<br \/>\nFuente: Lucio Tito en base a fuentes de productores, CAO, Anapo, Av\u00edcolas y EL DIARIO<\/p>\n\r\n                <style type=\"text\/css\">\r\n                    \r\n                    #tdi_1  .td-doubleSlider-2 .td-item1 {\r\n                        background: url(https:\/\/www.eldiario.net\/portal\/wp-content\/uploads\/2026\/05\/tito-80x60.webp) 0 0 no-repeat;\r\n                    }\r\n                    #tdi_1  .td-doubleSlider-2 .td-item2 {\r\n                        background: url(https:\/\/www.eldiario.net\/portal\/wp-content\/uploads\/2026\/05\/tito-2-80x60.webp) 0 0 no-repeat;\r\n                    }\r\n                    #tdi_1  .td-doubleSlider-2 .td-item3 {\r\n                        background: url(https:\/\/www.eldiario.net\/portal\/wp-content\/uploads\/2026\/05\/tito-3-80x60.webp) 0 0 no-repeat;\r\n                    }\r\n                <\/style>\r\n\r\n                <div id=\"tdi_1\" class=\"td-gallery td-slide-on-2-columns\">\r\n                    <div class=\"post_td_gallery\">\r\n                        <div class=\"td-gallery-slide-top\">\r\n                           <div class=\"td-gallery-title\"><\/div>\r\n\r\n                            <div class=\"td-gallery-controls-wrapper\">\r\n                                <div class=\"td-gallery-slide-count\"><span class=\"td-gallery-slide-item-focus\">1<\/span> de 3<\/div>\r\n                                <div class=\"td-gallery-slide-prev-next-but\">\r\n                                    <i class = \"td-icon-left doubleSliderPrevButton\"><\/i>\r\n                                    <i class = \"td-icon-right doubleSliderNextButton\"><\/i>\r\n                                <\/div>\r\n                            <\/div>\r\n                        <\/div>\r\n\r\n                        <div class = \"td-doubleSlider-1 \">\r\n                            <div class = \"td-slider\">\r\n                                \r\n                    <div class = \"td-slide-item td-item1\">\r\n                        <figure class=\"td-slide-galery-figure td-slide-popup-gallery\">\r\n                            <a class=\"slide-gallery-image-link\" href=\"https:\/\/www.eldiario.net\/portal\/wp-content\/uploads\/2026\/05\/tito.webp\" title=\"tito\"  data-caption=\"Lucio Tito\"  data-description=\"\">\r\n                                <img decoding=\"async\" src=\"https:\/\/www.eldiario.net\/portal\/wp-content\/uploads\/2026\/05\/tito-322x420.webp\" srcset=\"https:\/\/www.eldiario.net\/portal\/wp-content\/uploads\/2026\/05\/tito-322x420.webp 322w, https:\/\/www.eldiario.net\/portal\/wp-content\/uploads\/2026\/05\/tito-230x300.webp 230w, https:\/\/www.eldiario.net\/portal\/wp-content\/uploads\/2026\/05\/tito-150x196.webp 150w, https:\/\/www.eldiario.net\/portal\/wp-content\/uploads\/2026\/05\/tito-300x391.webp 300w, https:\/\/www.eldiario.net\/portal\/wp-content\/uploads\/2026\/05\/tito.webp 486w\" sizes=\"(max-width: 322px) 100vw, 322px\" alt=\"\">\r\n                            <\/a>\r\n                            <figcaption class = \"td-slide-caption td-gallery-slide-content\"><div class = \"td-gallery-slide-copywrite\">Lucio Tito<\/div><\/figcaption>\r\n                        <\/figure>\r\n                    <\/div>\r\n                    <div class = \"td-slide-item td-item2\">\r\n                        <figure class=\"td-slide-galery-figure td-slide-popup-gallery\">\r\n                            <a class=\"slide-gallery-image-link\" href=\"https:\/\/www.eldiario.net\/portal\/wp-content\/uploads\/2026\/05\/tito-2.webp\" title=\"tito 2\"  data-caption=\"Fernando Romero\"  data-description=\"\">\r\n                                <img decoding=\"async\" src=\"https:\/\/www.eldiario.net\/portal\/wp-content\/uploads\/2026\/05\/tito-2.webp\" srcset=\"https:\/\/www.eldiario.net\/portal\/wp-content\/uploads\/2026\/05\/tito-2.webp 259w, https:\/\/www.eldiario.net\/portal\/wp-content\/uploads\/2026\/05\/tito-2-80x60.webp 80w, https:\/\/www.eldiario.net\/portal\/wp-content\/uploads\/2026\/05\/tito-2-150x112.webp 150w\" sizes=\"(max-width: 259px) 100vw, 259px\" alt=\"\">\r\n                            <\/a>\r\n                            <figcaption class = \"td-slide-caption td-gallery-slide-content\"><div class = \"td-gallery-slide-copywrite\">Fernando Romero<\/div><\/figcaption>\r\n                        <\/figure>\r\n                    <\/div>\r\n                    <div class = \"td-slide-item td-item3\">\r\n                        <figure class=\"td-slide-galery-figure td-slide-popup-gallery\">\r\n                            <a class=\"slide-gallery-image-link\" href=\"https:\/\/www.eldiario.net\/portal\/wp-content\/uploads\/2026\/05\/tito-3.webp\" title=\"tito 3\"  data-caption=\"Ernesto Bernal\"  data-description=\"\">\r\n                                <img decoding=\"async\" src=\"https:\/\/www.eldiario.net\/portal\/wp-content\/uploads\/2026\/05\/tito-3.webp\" srcset=\"https:\/\/www.eldiario.net\/portal\/wp-content\/uploads\/2026\/05\/tito-3.webp 225w, https:\/\/www.eldiario.net\/portal\/wp-content\/uploads\/2026\/05\/tito-3-150x150.webp 150w\" sizes=\"(max-width: 225px) 100vw, 225px\" alt=\"\">\r\n                            <\/a>\r\n                            <figcaption class = \"td-slide-caption td-gallery-slide-content\"><div class = \"td-gallery-slide-copywrite\">Ernesto Bernal<\/div><\/figcaption>\r\n                        <\/figure>\r\n                    <\/div>\r\n                            <\/div>\r\n                        <\/div>\r\n\r\n                        <div class = \"td-doubleSlider-2\">\r\n                            <div class = \"td-slider\">\r\n                                \r\n                    <div class = \"td-button td-item1\">\r\n                        <div class = \"td-border\"><\/div>\r\n                    <\/div>\r\n                    <div class = \"td-button td-item2\">\r\n                        <div class = \"td-border\"><\/div>\r\n                    <\/div>\r\n                    <div class = \"td-button td-item3\">\r\n                        <div class = \"td-border\"><\/div>\r\n                    <\/div>\r\n                            <\/div>\r\n                        <\/div>\r\n\r\n                    <\/div>\r\n\r\n                <\/div>\r\n                \n","protected":false},"excerpt":{"rendered":"<p>Diferentes sectores lanzaron sus cifras de p\u00e9rdidas econ\u00f3micas, pero tambi\u00e9n tomando en cuenta al sector p\u00fablico y a los informales, la cifra oscila entre 1.800 a 2.000 millones de d\u00f3lares en un mes de bloqueo. El financiamiento a los bloqueadores estar\u00eda en 6 millones de bolivianos d\u00eda. El economista y docente de la Universidad T\u00e9cnica [&hellip;]<\/p>\n","protected":false},"author":1,"featured_media":399761,"comment_status":"closed","ping_status":"open","sticky":false,"template":"","format":"standard","meta":{"_acf_changed":false,"footnotes":""},"categories":[7],"tags":[],"class_list":["post-399760","post","type-post","status-publish","format-standard","has-post-thumbnail","category-economia"],"acf":{"antetitulo":""},"yoast_head":"<!-- This site is optimized with the Yoast SEO plugin v28.4 - https:\/\/yoast.com\/product\/yoast-seo-wordpress\/ -->\n<title>Las p\u00e9rdidas econ\u00f3micas alcanzan a casi $us 2.000 millones en un mes de bloqueo - El Diario - Bolivia<\/title>\n<meta name=\"robots\" content=\"index, follow, max-snippet:-1, max-image-preview:large, max-video-preview:-1\" \/>\n<link rel=\"canonical\" href=\"https:\/\/www.eldiario.net\/portal\/2026\/06\/01\/las-perdidas-economicas-alcanzan-a-casi-us-2-000-millones-en-un-mes-de-bloqueo\/\" \/>\n<meta property=\"og:locale\" content=\"es_ES\" \/>\n<meta property=\"og:type\" content=\"article\" \/>\n<meta property=\"og:title\" content=\"Las p\u00e9rdidas econ\u00f3micas alcanzan a casi $us 2.000 millones en un mes de bloqueo - El Diario - Bolivia\" \/>\n<meta property=\"og:description\" content=\"Diferentes sectores lanzaron sus cifras de p\u00e9rdidas econ\u00f3micas, pero tambi\u00e9n tomando en cuenta al sector p\u00fablico y a los informales, la cifra oscila entre 1.800 a 2.000 millones de d\u00f3lares en un mes de bloqueo. El financiamiento a los bloqueadores estar\u00eda en 6 millones de bolivianos d\u00eda. El economista y docente de la Universidad T\u00e9cnica [&hellip;]\" \/>\n<meta property=\"og:url\" content=\"https:\/\/www.eldiario.net\/portal\/2026\/06\/01\/las-perdidas-economicas-alcanzan-a-casi-us-2-000-millones-en-un-mes-de-bloqueo\/\" \/>\n<meta property=\"og:site_name\" content=\"El Diario - Bolivia\" \/>\n<meta property=\"article:publisher\" content=\"https:\/\/www.facebook.com\/eldiario.bolivia\/\" \/>\n<meta property=\"article:published_time\" content=\"2026-06-01T05:19:16+00:00\" \/>\n<meta property=\"og:image\" content=\"https:\/\/www.eldiario.net\/portal\/wp-content\/uploads\/2026\/05\/tito.webp\" \/>\n\t<meta property=\"og:image:width\" content=\"486\" \/>\n\t<meta property=\"og:image:height\" content=\"634\" \/>\n\t<meta property=\"og:image:type\" content=\"image\/webp\" \/>\n<meta name=\"author\" content=\"Jeanette\" \/>\n<meta name=\"twitter:card\" content=\"summary_large_image\" \/>\n<meta name=\"twitter:creator\" content=\"@eldiario_net\" \/>\n<meta name=\"twitter:site\" content=\"@eldiario_net\" \/>\n<meta name=\"twitter:label1\" content=\"Escrito por\" \/>\n\t<meta name=\"twitter:data1\" content=\"Jeanette\" \/>\n\t<meta name=\"twitter:label2\" content=\"Tiempo de lectura\" \/>\n\t<meta name=\"twitter:data2\" content=\"7 minutos\" \/>\n<script type=\"application\/ld+json\" class=\"yoast-schema-graph\">{\"@context\":\"https:\\\/\\\/schema.org\",\"@graph\":[{\"@type\":\"Article\",\"@id\":\"https:\\\/\\\/www.eldiario.net\\\/portal\\\/2026\\\/06\\\/01\\\/las-perdidas-economicas-alcanzan-a-casi-us-2-000-millones-en-un-mes-de-bloqueo\\\/#article\",\"isPartOf\":{\"@id\":\"https:\\\/\\\/www.eldiario.net\\\/portal\\\/2026\\\/06\\\/01\\\/las-perdidas-economicas-alcanzan-a-casi-us-2-000-millones-en-un-mes-de-bloqueo\\\/\"},\"author\":{\"name\":\"Jeanette\",\"@id\":\"https:\\\/\\\/www.eldiario.net\\\/portal\\\/#\\\/schema\\\/person\\\/2c57cf2b7a7ae032e449e4c9b1019eac\"},\"headline\":\"Las p\u00e9rdidas econ\u00f3micas alcanzan a casi $us 2.000 millones en un mes de bloqueo\",\"datePublished\":\"2026-06-01T05:19:16+00:00\",\"mainEntityOfPage\":{\"@id\":\"https:\\\/\\\/www.eldiario.net\\\/portal\\\/2026\\\/06\\\/01\\\/las-perdidas-economicas-alcanzan-a-casi-us-2-000-millones-en-un-mes-de-bloqueo\\\/\"},\"wordCount\":1507,\"publisher\":{\"@id\":\"https:\\\/\\\/www.eldiario.net\\\/portal\\\/#organization\"},\"image\":{\"@id\":\"https:\\\/\\\/www.eldiario.net\\\/portal\\\/2026\\\/06\\\/01\\\/las-perdidas-economicas-alcanzan-a-casi-us-2-000-millones-en-un-mes-de-bloqueo\\\/#primaryimage\"},\"thumbnailUrl\":\"https:\\\/\\\/www.eldiario.net\\\/portal\\\/wp-content\\\/uploads\\\/2026\\\/05\\\/tito.webp\",\"articleSection\":[\"Econom\u00eda\"],\"inLanguage\":\"es\"},{\"@type\":\"WebPage\",\"@id\":\"https:\\\/\\\/www.eldiario.net\\\/portal\\\/2026\\\/06\\\/01\\\/las-perdidas-economicas-alcanzan-a-casi-us-2-000-millones-en-un-mes-de-bloqueo\\\/\",\"url\":\"https:\\\/\\\/www.eldiario.net\\\/portal\\\/2026\\\/06\\\/01\\\/las-perdidas-economicas-alcanzan-a-casi-us-2-000-millones-en-un-mes-de-bloqueo\\\/\",\"name\":\"Las p\u00e9rdidas econ\u00f3micas alcanzan a casi $us 2.000 millones en un mes de bloqueo - El Diario - Bolivia\",\"isPartOf\":{\"@id\":\"https:\\\/\\\/www.eldiario.net\\\/portal\\\/#website\"},\"primaryImageOfPage\":{\"@id\":\"https:\\\/\\\/www.eldiario.net\\\/portal\\\/2026\\\/06\\\/01\\\/las-perdidas-economicas-alcanzan-a-casi-us-2-000-millones-en-un-mes-de-bloqueo\\\/#primaryimage\"},\"image\":{\"@id\":\"https:\\\/\\\/www.eldiario.net\\\/portal\\\/2026\\\/06\\\/01\\\/las-perdidas-economicas-alcanzan-a-casi-us-2-000-millones-en-un-mes-de-bloqueo\\\/#primaryimage\"},\"thumbnailUrl\":\"https:\\\/\\\/www.eldiario.net\\\/portal\\\/wp-content\\\/uploads\\\/2026\\\/05\\\/tito.webp\",\"datePublished\":\"2026-06-01T05:19:16+00:00\",\"breadcrumb\":{\"@id\":\"https:\\\/\\\/www.eldiario.net\\\/portal\\\/2026\\\/06\\\/01\\\/las-perdidas-economicas-alcanzan-a-casi-us-2-000-millones-en-un-mes-de-bloqueo\\\/#breadcrumb\"},\"inLanguage\":\"es\",\"potentialAction\":[{\"@type\":\"ReadAction\",\"target\":[\"https:\\\/\\\/www.eldiario.net\\\/portal\\\/2026\\\/06\\\/01\\\/las-perdidas-economicas-alcanzan-a-casi-us-2-000-millones-en-un-mes-de-bloqueo\\\/\"]}]},{\"@type\":\"ImageObject\",\"inLanguage\":\"es\",\"@id\":\"https:\\\/\\\/www.eldiario.net\\\/portal\\\/2026\\\/06\\\/01\\\/las-perdidas-economicas-alcanzan-a-casi-us-2-000-millones-en-un-mes-de-bloqueo\\\/#primaryimage\",\"url\":\"https:\\\/\\\/www.eldiario.net\\\/portal\\\/wp-content\\\/uploads\\\/2026\\\/05\\\/tito.webp\",\"contentUrl\":\"https:\\\/\\\/www.eldiario.net\\\/portal\\\/wp-content\\\/uploads\\\/2026\\\/05\\\/tito.webp\",\"width\":486,\"height\":634,\"caption\":\"Lucio Tito\"},{\"@type\":\"BreadcrumbList\",\"@id\":\"https:\\\/\\\/www.eldiario.net\\\/portal\\\/2026\\\/06\\\/01\\\/las-perdidas-economicas-alcanzan-a-casi-us-2-000-millones-en-un-mes-de-bloqueo\\\/#breadcrumb\",\"itemListElement\":[{\"@type\":\"ListItem\",\"position\":1,\"name\":\"Portada\",\"item\":\"https:\\\/\\\/www.eldiario.net\\\/portal\\\/\"},{\"@type\":\"ListItem\",\"position\":2,\"name\":\"Las p\u00e9rdidas econ\u00f3micas alcanzan a casi $us 2.000 millones en un mes de bloqueo\"}]},{\"@type\":\"WebSite\",\"@id\":\"https:\\\/\\\/www.eldiario.net\\\/portal\\\/#website\",\"url\":\"https:\\\/\\\/www.eldiario.net\\\/portal\\\/\",\"name\":\"El Diario - Decano de la prensa nacional\",\"description\":\"El Diario - Decano de la prensa nacional\",\"publisher\":{\"@id\":\"https:\\\/\\\/www.eldiario.net\\\/portal\\\/#organization\"},\"potentialAction\":[{\"@type\":\"SearchAction\",\"target\":{\"@type\":\"EntryPoint\",\"urlTemplate\":\"https:\\\/\\\/www.eldiario.net\\\/portal\\\/?s={search_term_string}\"},\"query-input\":{\"@type\":\"PropertyValueSpecification\",\"valueRequired\":true,\"valueName\":\"search_term_string\"}}],\"inLanguage\":\"es\"},{\"@type\":\"Organization\",\"@id\":\"https:\\\/\\\/www.eldiario.net\\\/portal\\\/#organization\",\"name\":\"El Diario - Decano de la prensa nacional\",\"url\":\"https:\\\/\\\/www.eldiario.net\\\/portal\\\/\",\"logo\":{\"@type\":\"ImageObject\",\"inLanguage\":\"es\",\"@id\":\"https:\\\/\\\/www.eldiario.net\\\/portal\\\/#\\\/schema\\\/logo\\\/image\\\/\",\"url\":\"https:\\\/\\\/www.eldiario.net\\\/portal\\\/wp-content\\\/uploads\\\/2023\\\/07\\\/logo_ED.jpg\",\"contentUrl\":\"https:\\\/\\\/www.eldiario.net\\\/portal\\\/wp-content\\\/uploads\\\/2023\\\/07\\\/logo_ED.jpg\",\"width\":272,\"height\":52,\"caption\":\"El Diario - Decano de la prensa nacional\"},\"image\":{\"@id\":\"https:\\\/\\\/www.eldiario.net\\\/portal\\\/#\\\/schema\\\/logo\\\/image\\\/\"},\"sameAs\":[\"https:\\\/\\\/www.facebook.com\\\/eldiario.bolivia\\\/\",\"https:\\\/\\\/x.com\\\/eldiario_net\"]},{\"@type\":\"Person\",\"@id\":\"https:\\\/\\\/www.eldiario.net\\\/portal\\\/#\\\/schema\\\/person\\\/2c57cf2b7a7ae032e449e4c9b1019eac\",\"name\":\"Jeanette\",\"image\":{\"@type\":\"ImageObject\",\"inLanguage\":\"es\",\"@id\":\"https:\\\/\\\/secure.gravatar.com\\\/avatar\\\/3ea2118a5f7dad2b7138b1187a6b7ee55f160b9968b66013c3a3ef39dd7e5798?s=96&d=mm&r=g\",\"url\":\"https:\\\/\\\/secure.gravatar.com\\\/avatar\\\/3ea2118a5f7dad2b7138b1187a6b7ee55f160b9968b66013c3a3ef39dd7e5798?s=96&d=mm&r=g\",\"contentUrl\":\"https:\\\/\\\/secure.gravatar.com\\\/avatar\\\/3ea2118a5f7dad2b7138b1187a6b7ee55f160b9968b66013c3a3ef39dd7e5798?s=96&d=mm&r=g\",\"caption\":\"Jeanette\"},\"sameAs\":[\"https:\\\/\\\/www.eldiario.net\\\/portal\"],\"url\":\"https:\\\/\\\/www.eldiario.net\\\/portal\\\/author\\\/jeanette\\\/\"}]}<\/script>\n<!-- \/ Yoast SEO plugin. -->","yoast_head_json":{"title":"Las p\u00e9rdidas econ\u00f3micas alcanzan a casi $us 2.000 millones en un mes de bloqueo - El Diario - Bolivia","robots":{"index":"index","follow":"follow","max-snippet":"max-snippet:-1","max-image-preview":"max-image-preview:large","max-video-preview":"max-video-preview:-1"},"canonical":"https:\/\/www.eldiario.net\/portal\/2026\/06\/01\/las-perdidas-economicas-alcanzan-a-casi-us-2-000-millones-en-un-mes-de-bloqueo\/","og_locale":"es_ES","og_type":"article","og_title":"Las p\u00e9rdidas econ\u00f3micas alcanzan a casi $us 2.000 millones en un mes de bloqueo - El Diario - Bolivia","og_description":"Diferentes sectores lanzaron sus cifras de p\u00e9rdidas econ\u00f3micas, pero tambi\u00e9n tomando en cuenta al sector p\u00fablico y a los informales, la cifra oscila entre 1.800 a 2.000 millones de d\u00f3lares en un mes de bloqueo. El financiamiento a los bloqueadores estar\u00eda en 6 millones de bolivianos d\u00eda. El economista y docente de la Universidad T\u00e9cnica [&hellip;]","og_url":"https:\/\/www.eldiario.net\/portal\/2026\/06\/01\/las-perdidas-economicas-alcanzan-a-casi-us-2-000-millones-en-un-mes-de-bloqueo\/","og_site_name":"El Diario - Bolivia","article_publisher":"https:\/\/www.facebook.com\/eldiario.bolivia\/","article_published_time":"2026-06-01T05:19:16+00:00","og_image":[{"width":486,"height":634,"url":"https:\/\/www.eldiario.net\/portal\/wp-content\/uploads\/2026\/05\/tito.webp","type":"image\/webp"}],"author":"Jeanette","twitter_card":"summary_large_image","twitter_creator":"@eldiario_net","twitter_site":"@eldiario_net","twitter_misc":{"Escrito por":"Jeanette","Tiempo de lectura":"7 minutos"},"schema":{"@context":"https:\/\/schema.org","@graph":[{"@type":"Article","@id":"https:\/\/www.eldiario.net\/portal\/2026\/06\/01\/las-perdidas-economicas-alcanzan-a-casi-us-2-000-millones-en-un-mes-de-bloqueo\/#article","isPartOf":{"@id":"https:\/\/www.eldiario.net\/portal\/2026\/06\/01\/las-perdidas-economicas-alcanzan-a-casi-us-2-000-millones-en-un-mes-de-bloqueo\/"},"author":{"name":"Jeanette","@id":"https:\/\/www.eldiario.net\/portal\/#\/schema\/person\/2c57cf2b7a7ae032e449e4c9b1019eac"},"headline":"Las p\u00e9rdidas econ\u00f3micas alcanzan a casi $us 2.000 millones en un mes de bloqueo","datePublished":"2026-06-01T05:19:16+00:00","mainEntityOfPage":{"@id":"https:\/\/www.eldiario.net\/portal\/2026\/06\/01\/las-perdidas-economicas-alcanzan-a-casi-us-2-000-millones-en-un-mes-de-bloqueo\/"},"wordCount":1507,"publisher":{"@id":"https:\/\/www.eldiario.net\/portal\/#organization"},"image":{"@id":"https:\/\/www.eldiario.net\/portal\/2026\/06\/01\/las-perdidas-economicas-alcanzan-a-casi-us-2-000-millones-en-un-mes-de-bloqueo\/#primaryimage"},"thumbnailUrl":"https:\/\/www.eldiario.net\/portal\/wp-content\/uploads\/2026\/05\/tito.webp","articleSection":["Econom\u00eda"],"inLanguage":"es"},{"@type":"WebPage","@id":"https:\/\/www.eldiario.net\/portal\/2026\/06\/01\/las-perdidas-economicas-alcanzan-a-casi-us-2-000-millones-en-un-mes-de-bloqueo\/","url":"https:\/\/www.eldiario.net\/portal\/2026\/06\/01\/las-perdidas-economicas-alcanzan-a-casi-us-2-000-millones-en-un-mes-de-bloqueo\/","name":"Las p\u00e9rdidas econ\u00f3micas alcanzan a casi $us 2.000 millones en un mes de bloqueo - El Diario - Bolivia","isPartOf":{"@id":"https:\/\/www.eldiario.net\/portal\/#website"},"primaryImageOfPage":{"@id":"https:\/\/www.eldiario.net\/portal\/2026\/06\/01\/las-perdidas-economicas-alcanzan-a-casi-us-2-000-millones-en-un-mes-de-bloqueo\/#primaryimage"},"image":{"@id":"https:\/\/www.eldiario.net\/portal\/2026\/06\/01\/las-perdidas-economicas-alcanzan-a-casi-us-2-000-millones-en-un-mes-de-bloqueo\/#primaryimage"},"thumbnailUrl":"https:\/\/www.eldiario.net\/portal\/wp-content\/uploads\/2026\/05\/tito.webp","datePublished":"2026-06-01T05:19:16+00:00","breadcrumb":{"@id":"https:\/\/www.eldiario.net\/portal\/2026\/06\/01\/las-perdidas-economicas-alcanzan-a-casi-us-2-000-millones-en-un-mes-de-bloqueo\/#breadcrumb"},"inLanguage":"es","potentialAction":[{"@type":"ReadAction","target":["https:\/\/www.eldiario.net\/portal\/2026\/06\/01\/las-perdidas-economicas-alcanzan-a-casi-us-2-000-millones-en-un-mes-de-bloqueo\/"]}]},{"@type":"ImageObject","inLanguage":"es","@id":"https:\/\/www.eldiario.net\/portal\/2026\/06\/01\/las-perdidas-economicas-alcanzan-a-casi-us-2-000-millones-en-un-mes-de-bloqueo\/#primaryimage","url":"https:\/\/www.eldiario.net\/portal\/wp-content\/uploads\/2026\/05\/tito.webp","contentUrl":"https:\/\/www.eldiario.net\/portal\/wp-content\/uploads\/2026\/05\/tito.webp","width":486,"height":634,"caption":"Lucio Tito"},{"@type":"BreadcrumbList","@id":"https:\/\/www.eldiario.net\/portal\/2026\/06\/01\/las-perdidas-economicas-alcanzan-a-casi-us-2-000-millones-en-un-mes-de-bloqueo\/#breadcrumb","itemListElement":[{"@type":"ListItem","position":1,"name":"Portada","item":"https:\/\/www.eldiario.net\/portal\/"},{"@type":"ListItem","position":2,"name":"Las p\u00e9rdidas econ\u00f3micas alcanzan a casi $us 2.000 millones en un mes de bloqueo"}]},{"@type":"WebSite","@id":"https:\/\/www.eldiario.net\/portal\/#website","url":"https:\/\/www.eldiario.net\/portal\/","name":"El Diario - Decano de la prensa nacional","description":"El Diario - Decano de la prensa nacional","publisher":{"@id":"https:\/\/www.eldiario.net\/portal\/#organization"},"potentialAction":[{"@type":"SearchAction","target":{"@type":"EntryPoint","urlTemplate":"https:\/\/www.eldiario.net\/portal\/?s={search_term_string}"},"query-input":{"@type":"PropertyValueSpecification","valueRequired":true,"valueName":"search_term_string"}}],"inLanguage":"es"},{"@type":"Organization","@id":"https:\/\/www.eldiario.net\/portal\/#organization","name":"El Diario - Decano de la prensa nacional","url":"https:\/\/www.eldiario.net\/portal\/","logo":{"@type":"ImageObject","inLanguage":"es","@id":"https:\/\/www.eldiario.net\/portal\/#\/schema\/logo\/image\/","url":"https:\/\/www.eldiario.net\/portal\/wp-content\/uploads\/2023\/07\/logo_ED.jpg","contentUrl":"https:\/\/www.eldiario.net\/portal\/wp-content\/uploads\/2023\/07\/logo_ED.jpg","width":272,"height":52,"caption":"El Diario - Decano de la prensa nacional"},"image":{"@id":"https:\/\/www.eldiario.net\/portal\/#\/schema\/logo\/image\/"},"sameAs":["https:\/\/www.facebook.com\/eldiario.bolivia\/","https:\/\/x.com\/eldiario_net"]},{"@type":"Person","@id":"https:\/\/www.eldiario.net\/portal\/#\/schema\/person\/2c57cf2b7a7ae032e449e4c9b1019eac","name":"Jeanette","image":{"@type":"ImageObject","inLanguage":"es","@id":"https:\/\/secure.gravatar.com\/avatar\/3ea2118a5f7dad2b7138b1187a6b7ee55f160b9968b66013c3a3ef39dd7e5798?s=96&d=mm&r=g","url":"https:\/\/secure.gravatar.com\/avatar\/3ea2118a5f7dad2b7138b1187a6b7ee55f160b9968b66013c3a3ef39dd7e5798?s=96&d=mm&r=g","contentUrl":"https:\/\/secure.gravatar.com\/avatar\/3ea2118a5f7dad2b7138b1187a6b7ee55f160b9968b66013c3a3ef39dd7e5798?s=96&d=mm&r=g","caption":"Jeanette"},"sameAs":["https:\/\/www.eldiario.net\/portal"],"url":"https:\/\/www.eldiario.net\/portal\/author\/jeanette\/"}]}},"_links":{"self":[{"href":"https:\/\/www.eldiario.net\/portal\/wp-json\/wp\/v2\/posts\/399760","targetHints":{"allow":["GET"]}}],"collection":[{"href":"https:\/\/www.eldiario.net\/portal\/wp-json\/wp\/v2\/posts"}],"about":[{"href":"https:\/\/www.eldiario.net\/portal\/wp-json\/wp\/v2\/types\/post"}],"author":[{"embeddable":true,"href":"https:\/\/www.eldiario.net\/portal\/wp-json\/wp\/v2\/users\/1"}],"replies":[{"embeddable":true,"href":"https:\/\/www.eldiario.net\/portal\/wp-json\/wp\/v2\/comments?post=399760"}],"version-history":[{"count":1,"href":"https:\/\/www.eldiario.net\/portal\/wp-json\/wp\/v2\/posts\/399760\/revisions"}],"predecessor-version":[{"id":399764,"href":"https:\/\/www.eldiario.net\/portal\/wp-json\/wp\/v2\/posts\/399760\/revisions\/399764"}],"wp:featuredmedia":[{"embeddable":true,"href":"https:\/\/www.eldiario.net\/portal\/wp-json\/wp\/v2\/media\/399761"}],"wp:attachment":[{"href":"https:\/\/www.eldiario.net\/portal\/wp-json\/wp\/v2\/media?parent=399760"}],"wp:term":[{"taxonomy":"category","embeddable":true,"href":"https:\/\/www.eldiario.net\/portal\/wp-json\/wp\/v2\/categories?post=399760"},{"taxonomy":"post_tag","embeddable":true,"href":"https:\/\/www.eldiario.net\/portal\/wp-json\/wp\/v2\/tags?post=399760"}],"curies":[{"name":"wp","href":"https:\/\/api.w.org\/{rel}","templated":true}]}}