{"id":399754,"date":"2026-06-01T01:15:23","date_gmt":"2026-06-01T05:15:23","guid":{"rendered":"https:\/\/www.eldiario.net\/portal\/?p=399754"},"modified":"2026-05-31T22:16:36","modified_gmt":"2026-06-01T02:16:36","slug":"bloqueadores-destruyen-carreteras-a-nivel-nacional-y-la-paz-el-mas-golpeado","status":"publish","type":"post","link":"https:\/\/www.eldiario.net\/portal\/2026\/06\/01\/bloqueadores-destruyen-carreteras-a-nivel-nacional-y-la-paz-el-mas-golpeado\/","title":{"rendered":"Bloqueadores destruyen carreteras a  nivel nacional y La Paz el m\u00e1s golpeado"},"content":{"rendered":"<p>Los bloqueadores no s\u00f3lo no dejan pasar veh\u00edculos, sino con el af\u00e1n de destruir la econom\u00eda del departamento de La Paz, destruyen carreteras internacionales y troncales, pagadas por el pueblo en su conjunto. La regi\u00f3n pace\u00f1a, aparte de no contar con muchas v\u00edas nuevas, es el m\u00e1s golpeado a nivel nacional.<br \/>\nLos reportes de la Administradora Boliviana de Carreteras (ABC) se\u00f1alan que los bloqueadores cavaron zanjas de nueve metros de ancho y 50 cent\u00edmetros de profundidad. Tambi\u00e9n se difundieron im\u00e1genes de que los responsables en algunas v\u00edas colocan escombros cada 10 metros, con el objetivo de dejar el lugar e ir a sus casas.<br \/>\nLas cortinas de piedras, escombros, destrucci\u00f3n del asfalto y ahora el cavado de zanjas, s\u00f3lo muestran que la gente busca destruir lo que no cost\u00f3 nada a ellos, sino al pa\u00eds entero con los impuestos pagados.<br \/>\nLas acciones de los bloqueadores responden a una medida destructiva debido a que la reposici\u00f3n y el limpiado de las v\u00edas tomar\u00e1 su tiempo, as\u00ed como representar\u00e1 una inversi\u00f3n significativa, a pesar de los pocos recursos que tienen el Gobierno.<br \/>\nAyer, la ABC advirti\u00f3 sobre el acelerado deterioro que registra la carretera Oruro-Cochabamba, especialmente en el tramo Caracollo\u2013Confital\u2013Bombeo, como consecuencia de los bloqueos instalados durante los \u00faltimos d\u00edas, que provocaron da\u00f1os en la plataforma asf\u00e1ltica, elementos de seguridad vial y taludes.<br \/>\nEl gerente regional de la ABC en Oruro, Igor Murillo, inform\u00f3, en conferencia de prensa, que las afectaciones fueron identificadas por las microempresas encargadas del monitoreo y conservaci\u00f3n de la Red Vial Fundamental (RVF), las cuales reportaron da\u00f1os ocasionados por la quema de llantas, fogatas sobre la v\u00eda, desplazamiento de barreras de seguridad y uso de explosivos cerca de la carretera.<br \/>\n\u201cLa situaci\u00f3n es particularmente cr\u00edtica en varios puntos de bloqueo, donde las acciones registradas no solo afectan la circulaci\u00f3n vehicular, sino que generan da\u00f1os directos a la infraestructura caminera\u201d, se\u00f1al\u00f3 la autoridad.<br \/>\nSeg\u00fan el reporte, las comunidades de Aranjuez y Japo Kasa figuran entre los sectores m\u00e1s afectados, en el que se evidenci\u00f3 la quema de llantas sobre la carpeta asf\u00e1ltica y el movimiento de barreras de seguridad tipo New Jersey instaladas en la doble v\u00eda Caracollo\u2013Confital\u2013Bombeo.<br \/>\nAdem\u00e1s, en los sectores de Sayari, Tuku\u00f1i y Cruce Tacopaya se report\u00f3 el uso de dinamita para provocar la ca\u00edda de rocas sobre la carretera, situaci\u00f3n que, seg\u00fan la ABC, pone en riesgo la seguridad de los usuarios y compromete la estabilidad de taludes y formaciones rocosas aleda\u00f1as.<br \/>\nMurillo advirti\u00f3 que los da\u00f1os podr\u00edan ser mayores una vez que concluyan los bloqueos, debido a la posible aparici\u00f3n de baches de gran magnitud, acumulaci\u00f3n de material rocoso sobre la plataforma, afectaci\u00f3n de la se\u00f1alizaci\u00f3n vial y otros deterioros que requerir\u00e1n trabajos de emergencia para restablecer las condiciones de transitabilidad.<br \/>\nLa entidad se\u00f1al\u00f3 que estas afectaciones implicar\u00e1n costos adicionales para el Estado, porque las reparaciones no est\u00e1n contempladas en la programaci\u00f3n regular de conservaci\u00f3n y mantenimiento de la Red Vial Fundamental.<br \/>\nEn ese contexto, la ABC exhort\u00f3 a la poblaci\u00f3n y a los sectores movilizados a preservar la infraestructura vial, al considerar que las carreteras constituyen un patrimonio estrat\u00e9gico para la integraci\u00f3n del pa\u00eds, la actividad econ\u00f3mica y la seguridad de los usuarios.<br \/>\nMientras tanto, La Paz es la m\u00e1s afectada por los bloqueos que se registran a nivel departamental, ya que las principales v\u00edas est\u00e1n cortadas, y para evitar el tr\u00e1nsito vehicular colocaron montos de tierra, en otras hicieron da\u00f1os con el uso de dinamitas, as\u00ed como destruyeron cerros con el fin de frenar el paso.<br \/>\nLa quema de llantas en plena v\u00eda asfaltada ya provoc\u00f3 da\u00f1os a la infraestructura p\u00fablica.<\/p>\n","protected":false},"excerpt":{"rendered":"<p>Los bloqueadores no s\u00f3lo no dejan pasar veh\u00edculos, sino con el af\u00e1n de destruir la econom\u00eda del departamento de La Paz, destruyen carreteras internacionales y troncales, pagadas por el pueblo en su conjunto. La regi\u00f3n pace\u00f1a, aparte de no contar con muchas v\u00edas nuevas, es el m\u00e1s golpeado a nivel nacional. Los reportes de la [&hellip;]<\/p>\n","protected":false},"author":1,"featured_media":399755,"comment_status":"closed","ping_status":"open","sticky":false,"template":"","format":"standard","meta":{"_acf_changed":false,"footnotes":""},"categories":[7],"tags":[],"class_list":["post-399754","post","type-post","status-publish","format-standard","has-post-thumbnail","category-economia"],"acf":{"antetitulo":""},"yoast_head":"<!-- This site is optimized with the Yoast SEO plugin v28.4 - https:\/\/yoast.com\/product\/yoast-seo-wordpress\/ -->\n<title>Bloqueadores destruyen carreteras a nivel nacional y La Paz el m\u00e1s golpeado - El Diario - Bolivia<\/title>\n<meta name=\"robots\" content=\"index, follow, max-snippet:-1, max-image-preview:large, max-video-preview:-1\" \/>\n<link rel=\"canonical\" href=\"https:\/\/www.eldiario.net\/portal\/2026\/06\/01\/bloqueadores-destruyen-carreteras-a-nivel-nacional-y-la-paz-el-mas-golpeado\/\" \/>\n<meta property=\"og:locale\" content=\"es_ES\" \/>\n<meta property=\"og:type\" content=\"article\" \/>\n<meta property=\"og:title\" content=\"Bloqueadores destruyen carreteras a nivel nacional y La Paz el m\u00e1s golpeado - El Diario - Bolivia\" \/>\n<meta property=\"og:description\" content=\"Los bloqueadores no s\u00f3lo no dejan pasar veh\u00edculos, sino con el af\u00e1n de destruir la econom\u00eda del departamento de La Paz, destruyen carreteras internacionales y troncales, pagadas por el pueblo en su conjunto. La regi\u00f3n pace\u00f1a, aparte de no contar con muchas v\u00edas nuevas, es el m\u00e1s golpeado a nivel nacional. Los reportes de la [&hellip;]\" \/>\n<meta property=\"og:url\" content=\"https:\/\/www.eldiario.net\/portal\/2026\/06\/01\/bloqueadores-destruyen-carreteras-a-nivel-nacional-y-la-paz-el-mas-golpeado\/\" \/>\n<meta property=\"og:site_name\" content=\"El Diario - Bolivia\" \/>\n<meta property=\"article:publisher\" content=\"https:\/\/www.facebook.com\/eldiario.bolivia\/\" \/>\n<meta property=\"article:published_time\" content=\"2026-06-01T05:15:23+00:00\" \/>\n<meta property=\"og:image\" content=\"https:\/\/www.eldiario.net\/portal\/wp-content\/uploads\/2026\/05\/vias-2.webp\" \/>\n\t<meta property=\"og:image:width\" content=\"1024\" \/>\n\t<meta property=\"og:image:height\" content=\"768\" \/>\n\t<meta property=\"og:image:type\" content=\"image\/webp\" \/>\n<meta name=\"author\" content=\"Jeanette\" \/>\n<meta name=\"twitter:card\" content=\"summary_large_image\" \/>\n<meta name=\"twitter:creator\" content=\"@eldiario_net\" \/>\n<meta name=\"twitter:site\" content=\"@eldiario_net\" \/>\n<meta name=\"twitter:label1\" content=\"Escrito por\" \/>\n\t<meta name=\"twitter:data1\" content=\"Jeanette\" \/>\n\t<meta name=\"twitter:label2\" content=\"Tiempo de lectura\" \/>\n\t<meta name=\"twitter:data2\" content=\"3 minutos\" \/>\n<script type=\"application\/ld+json\" class=\"yoast-schema-graph\">{\"@context\":\"https:\\\/\\\/schema.org\",\"@graph\":[{\"@type\":\"Article\",\"@id\":\"https:\\\/\\\/www.eldiario.net\\\/portal\\\/2026\\\/06\\\/01\\\/bloqueadores-destruyen-carreteras-a-nivel-nacional-y-la-paz-el-mas-golpeado\\\/#article\",\"isPartOf\":{\"@id\":\"https:\\\/\\\/www.eldiario.net\\\/portal\\\/2026\\\/06\\\/01\\\/bloqueadores-destruyen-carreteras-a-nivel-nacional-y-la-paz-el-mas-golpeado\\\/\"},\"author\":{\"name\":\"Jeanette\",\"@id\":\"https:\\\/\\\/www.eldiario.net\\\/portal\\\/#\\\/schema\\\/person\\\/2c57cf2b7a7ae032e449e4c9b1019eac\"},\"headline\":\"Bloqueadores destruyen carreteras a nivel nacional y La Paz el m\u00e1s golpeado\",\"datePublished\":\"2026-06-01T05:15:23+00:00\",\"mainEntityOfPage\":{\"@id\":\"https:\\\/\\\/www.eldiario.net\\\/portal\\\/2026\\\/06\\\/01\\\/bloqueadores-destruyen-carreteras-a-nivel-nacional-y-la-paz-el-mas-golpeado\\\/\"},\"wordCount\":680,\"publisher\":{\"@id\":\"https:\\\/\\\/www.eldiario.net\\\/portal\\\/#organization\"},\"image\":{\"@id\":\"https:\\\/\\\/www.eldiario.net\\\/portal\\\/2026\\\/06\\\/01\\\/bloqueadores-destruyen-carreteras-a-nivel-nacional-y-la-paz-el-mas-golpeado\\\/#primaryimage\"},\"thumbnailUrl\":\"https:\\\/\\\/www.eldiario.net\\\/portal\\\/wp-content\\\/uploads\\\/2026\\\/05\\\/vias-2.webp\",\"articleSection\":[\"Econom\u00eda\"],\"inLanguage\":\"es\"},{\"@type\":\"WebPage\",\"@id\":\"https:\\\/\\\/www.eldiario.net\\\/portal\\\/2026\\\/06\\\/01\\\/bloqueadores-destruyen-carreteras-a-nivel-nacional-y-la-paz-el-mas-golpeado\\\/\",\"url\":\"https:\\\/\\\/www.eldiario.net\\\/portal\\\/2026\\\/06\\\/01\\\/bloqueadores-destruyen-carreteras-a-nivel-nacional-y-la-paz-el-mas-golpeado\\\/\",\"name\":\"Bloqueadores destruyen carreteras a nivel nacional y La Paz el m\u00e1s golpeado - El Diario - Bolivia\",\"isPartOf\":{\"@id\":\"https:\\\/\\\/www.eldiario.net\\\/portal\\\/#website\"},\"primaryImageOfPage\":{\"@id\":\"https:\\\/\\\/www.eldiario.net\\\/portal\\\/2026\\\/06\\\/01\\\/bloqueadores-destruyen-carreteras-a-nivel-nacional-y-la-paz-el-mas-golpeado\\\/#primaryimage\"},\"image\":{\"@id\":\"https:\\\/\\\/www.eldiario.net\\\/portal\\\/2026\\\/06\\\/01\\\/bloqueadores-destruyen-carreteras-a-nivel-nacional-y-la-paz-el-mas-golpeado\\\/#primaryimage\"},\"thumbnailUrl\":\"https:\\\/\\\/www.eldiario.net\\\/portal\\\/wp-content\\\/uploads\\\/2026\\\/05\\\/vias-2.webp\",\"datePublished\":\"2026-06-01T05:15:23+00:00\",\"breadcrumb\":{\"@id\":\"https:\\\/\\\/www.eldiario.net\\\/portal\\\/2026\\\/06\\\/01\\\/bloqueadores-destruyen-carreteras-a-nivel-nacional-y-la-paz-el-mas-golpeado\\\/#breadcrumb\"},\"inLanguage\":\"es\",\"potentialAction\":[{\"@type\":\"ReadAction\",\"target\":[\"https:\\\/\\\/www.eldiario.net\\\/portal\\\/2026\\\/06\\\/01\\\/bloqueadores-destruyen-carreteras-a-nivel-nacional-y-la-paz-el-mas-golpeado\\\/\"]}]},{\"@type\":\"ImageObject\",\"inLanguage\":\"es\",\"@id\":\"https:\\\/\\\/www.eldiario.net\\\/portal\\\/2026\\\/06\\\/01\\\/bloqueadores-destruyen-carreteras-a-nivel-nacional-y-la-paz-el-mas-golpeado\\\/#primaryimage\",\"url\":\"https:\\\/\\\/www.eldiario.net\\\/portal\\\/wp-content\\\/uploads\\\/2026\\\/05\\\/vias-2.webp\",\"contentUrl\":\"https:\\\/\\\/www.eldiario.net\\\/portal\\\/wp-content\\\/uploads\\\/2026\\\/05\\\/vias-2.webp\",\"width\":1024,\"height\":768,\"caption\":\"v\u00edas destrozadas\"},{\"@type\":\"BreadcrumbList\",\"@id\":\"https:\\\/\\\/www.eldiario.net\\\/portal\\\/2026\\\/06\\\/01\\\/bloqueadores-destruyen-carreteras-a-nivel-nacional-y-la-paz-el-mas-golpeado\\\/#breadcrumb\",\"itemListElement\":[{\"@type\":\"ListItem\",\"position\":1,\"name\":\"Portada\",\"item\":\"https:\\\/\\\/www.eldiario.net\\\/portal\\\/\"},{\"@type\":\"ListItem\",\"position\":2,\"name\":\"Bloqueadores destruyen carreteras a nivel nacional y La Paz el m\u00e1s golpeado\"}]},{\"@type\":\"WebSite\",\"@id\":\"https:\\\/\\\/www.eldiario.net\\\/portal\\\/#website\",\"url\":\"https:\\\/\\\/www.eldiario.net\\\/portal\\\/\",\"name\":\"El Diario - Decano de la prensa nacional\",\"description\":\"El Diario - Decano de la prensa nacional\",\"publisher\":{\"@id\":\"https:\\\/\\\/www.eldiario.net\\\/portal\\\/#organization\"},\"potentialAction\":[{\"@type\":\"SearchAction\",\"target\":{\"@type\":\"EntryPoint\",\"urlTemplate\":\"https:\\\/\\\/www.eldiario.net\\\/portal\\\/?s={search_term_string}\"},\"query-input\":{\"@type\":\"PropertyValueSpecification\",\"valueRequired\":true,\"valueName\":\"search_term_string\"}}],\"inLanguage\":\"es\"},{\"@type\":\"Organization\",\"@id\":\"https:\\\/\\\/www.eldiario.net\\\/portal\\\/#organization\",\"name\":\"El Diario - Decano de la prensa nacional\",\"url\":\"https:\\\/\\\/www.eldiario.net\\\/portal\\\/\",\"logo\":{\"@type\":\"ImageObject\",\"inLanguage\":\"es\",\"@id\":\"https:\\\/\\\/www.eldiario.net\\\/portal\\\/#\\\/schema\\\/logo\\\/image\\\/\",\"url\":\"https:\\\/\\\/www.eldiario.net\\\/portal\\\/wp-content\\\/uploads\\\/2023\\\/07\\\/logo_ED.jpg\",\"contentUrl\":\"https:\\\/\\\/www.eldiario.net\\\/portal\\\/wp-content\\\/uploads\\\/2023\\\/07\\\/logo_ED.jpg\",\"width\":272,\"height\":52,\"caption\":\"El Diario - Decano de la prensa nacional\"},\"image\":{\"@id\":\"https:\\\/\\\/www.eldiario.net\\\/portal\\\/#\\\/schema\\\/logo\\\/image\\\/\"},\"sameAs\":[\"https:\\\/\\\/www.facebook.com\\\/eldiario.bolivia\\\/\",\"https:\\\/\\\/x.com\\\/eldiario_net\"]},{\"@type\":\"Person\",\"@id\":\"https:\\\/\\\/www.eldiario.net\\\/portal\\\/#\\\/schema\\\/person\\\/2c57cf2b7a7ae032e449e4c9b1019eac\",\"name\":\"Jeanette\",\"image\":{\"@type\":\"ImageObject\",\"inLanguage\":\"es\",\"@id\":\"https:\\\/\\\/secure.gravatar.com\\\/avatar\\\/3ea2118a5f7dad2b7138b1187a6b7ee55f160b9968b66013c3a3ef39dd7e5798?s=96&d=mm&r=g\",\"url\":\"https:\\\/\\\/secure.gravatar.com\\\/avatar\\\/3ea2118a5f7dad2b7138b1187a6b7ee55f160b9968b66013c3a3ef39dd7e5798?s=96&d=mm&r=g\",\"contentUrl\":\"https:\\\/\\\/secure.gravatar.com\\\/avatar\\\/3ea2118a5f7dad2b7138b1187a6b7ee55f160b9968b66013c3a3ef39dd7e5798?s=96&d=mm&r=g\",\"caption\":\"Jeanette\"},\"sameAs\":[\"https:\\\/\\\/www.eldiario.net\\\/portal\"],\"url\":\"https:\\\/\\\/www.eldiario.net\\\/portal\\\/author\\\/jeanette\\\/\"}]}<\/script>\n<!-- \/ Yoast SEO plugin. -->","yoast_head_json":{"title":"Bloqueadores destruyen carreteras a nivel nacional y La Paz el m\u00e1s golpeado - El Diario - Bolivia","robots":{"index":"index","follow":"follow","max-snippet":"max-snippet:-1","max-image-preview":"max-image-preview:large","max-video-preview":"max-video-preview:-1"},"canonical":"https:\/\/www.eldiario.net\/portal\/2026\/06\/01\/bloqueadores-destruyen-carreteras-a-nivel-nacional-y-la-paz-el-mas-golpeado\/","og_locale":"es_ES","og_type":"article","og_title":"Bloqueadores destruyen carreteras a nivel nacional y La Paz el m\u00e1s golpeado - El Diario - Bolivia","og_description":"Los bloqueadores no s\u00f3lo no dejan pasar veh\u00edculos, sino con el af\u00e1n de destruir la econom\u00eda del departamento de La Paz, destruyen carreteras internacionales y troncales, pagadas por el pueblo en su conjunto. La regi\u00f3n pace\u00f1a, aparte de no contar con muchas v\u00edas nuevas, es el m\u00e1s golpeado a nivel nacional. Los reportes de la [&hellip;]","og_url":"https:\/\/www.eldiario.net\/portal\/2026\/06\/01\/bloqueadores-destruyen-carreteras-a-nivel-nacional-y-la-paz-el-mas-golpeado\/","og_site_name":"El Diario - Bolivia","article_publisher":"https:\/\/www.facebook.com\/eldiario.bolivia\/","article_published_time":"2026-06-01T05:15:23+00:00","og_image":[{"width":1024,"height":768,"url":"https:\/\/www.eldiario.net\/portal\/wp-content\/uploads\/2026\/05\/vias-2.webp","type":"image\/webp"}],"author":"Jeanette","twitter_card":"summary_large_image","twitter_creator":"@eldiario_net","twitter_site":"@eldiario_net","twitter_misc":{"Escrito por":"Jeanette","Tiempo de lectura":"3 minutos"},"schema":{"@context":"https:\/\/schema.org","@graph":[{"@type":"Article","@id":"https:\/\/www.eldiario.net\/portal\/2026\/06\/01\/bloqueadores-destruyen-carreteras-a-nivel-nacional-y-la-paz-el-mas-golpeado\/#article","isPartOf":{"@id":"https:\/\/www.eldiario.net\/portal\/2026\/06\/01\/bloqueadores-destruyen-carreteras-a-nivel-nacional-y-la-paz-el-mas-golpeado\/"},"author":{"name":"Jeanette","@id":"https:\/\/www.eldiario.net\/portal\/#\/schema\/person\/2c57cf2b7a7ae032e449e4c9b1019eac"},"headline":"Bloqueadores destruyen carreteras a nivel nacional y La Paz el m\u00e1s golpeado","datePublished":"2026-06-01T05:15:23+00:00","mainEntityOfPage":{"@id":"https:\/\/www.eldiario.net\/portal\/2026\/06\/01\/bloqueadores-destruyen-carreteras-a-nivel-nacional-y-la-paz-el-mas-golpeado\/"},"wordCount":680,"publisher":{"@id":"https:\/\/www.eldiario.net\/portal\/#organization"},"image":{"@id":"https:\/\/www.eldiario.net\/portal\/2026\/06\/01\/bloqueadores-destruyen-carreteras-a-nivel-nacional-y-la-paz-el-mas-golpeado\/#primaryimage"},"thumbnailUrl":"https:\/\/www.eldiario.net\/portal\/wp-content\/uploads\/2026\/05\/vias-2.webp","articleSection":["Econom\u00eda"],"inLanguage":"es"},{"@type":"WebPage","@id":"https:\/\/www.eldiario.net\/portal\/2026\/06\/01\/bloqueadores-destruyen-carreteras-a-nivel-nacional-y-la-paz-el-mas-golpeado\/","url":"https:\/\/www.eldiario.net\/portal\/2026\/06\/01\/bloqueadores-destruyen-carreteras-a-nivel-nacional-y-la-paz-el-mas-golpeado\/","name":"Bloqueadores destruyen carreteras a nivel nacional y La Paz el m\u00e1s golpeado - El Diario - Bolivia","isPartOf":{"@id":"https:\/\/www.eldiario.net\/portal\/#website"},"primaryImageOfPage":{"@id":"https:\/\/www.eldiario.net\/portal\/2026\/06\/01\/bloqueadores-destruyen-carreteras-a-nivel-nacional-y-la-paz-el-mas-golpeado\/#primaryimage"},"image":{"@id":"https:\/\/www.eldiario.net\/portal\/2026\/06\/01\/bloqueadores-destruyen-carreteras-a-nivel-nacional-y-la-paz-el-mas-golpeado\/#primaryimage"},"thumbnailUrl":"https:\/\/www.eldiario.net\/portal\/wp-content\/uploads\/2026\/05\/vias-2.webp","datePublished":"2026-06-01T05:15:23+00:00","breadcrumb":{"@id":"https:\/\/www.eldiario.net\/portal\/2026\/06\/01\/bloqueadores-destruyen-carreteras-a-nivel-nacional-y-la-paz-el-mas-golpeado\/#breadcrumb"},"inLanguage":"es","potentialAction":[{"@type":"ReadAction","target":["https:\/\/www.eldiario.net\/portal\/2026\/06\/01\/bloqueadores-destruyen-carreteras-a-nivel-nacional-y-la-paz-el-mas-golpeado\/"]}]},{"@type":"ImageObject","inLanguage":"es","@id":"https:\/\/www.eldiario.net\/portal\/2026\/06\/01\/bloqueadores-destruyen-carreteras-a-nivel-nacional-y-la-paz-el-mas-golpeado\/#primaryimage","url":"https:\/\/www.eldiario.net\/portal\/wp-content\/uploads\/2026\/05\/vias-2.webp","contentUrl":"https:\/\/www.eldiario.net\/portal\/wp-content\/uploads\/2026\/05\/vias-2.webp","width":1024,"height":768,"caption":"v\u00edas destrozadas"},{"@type":"BreadcrumbList","@id":"https:\/\/www.eldiario.net\/portal\/2026\/06\/01\/bloqueadores-destruyen-carreteras-a-nivel-nacional-y-la-paz-el-mas-golpeado\/#breadcrumb","itemListElement":[{"@type":"ListItem","position":1,"name":"Portada","item":"https:\/\/www.eldiario.net\/portal\/"},{"@type":"ListItem","position":2,"name":"Bloqueadores destruyen carreteras a nivel nacional y La Paz el m\u00e1s golpeado"}]},{"@type":"WebSite","@id":"https:\/\/www.eldiario.net\/portal\/#website","url":"https:\/\/www.eldiario.net\/portal\/","name":"El Diario - Decano de la prensa nacional","description":"El Diario - Decano de la prensa nacional","publisher":{"@id":"https:\/\/www.eldiario.net\/portal\/#organization"},"potentialAction":[{"@type":"SearchAction","target":{"@type":"EntryPoint","urlTemplate":"https:\/\/www.eldiario.net\/portal\/?s={search_term_string}"},"query-input":{"@type":"PropertyValueSpecification","valueRequired":true,"valueName":"search_term_string"}}],"inLanguage":"es"},{"@type":"Organization","@id":"https:\/\/www.eldiario.net\/portal\/#organization","name":"El Diario - Decano de la prensa nacional","url":"https:\/\/www.eldiario.net\/portal\/","logo":{"@type":"ImageObject","inLanguage":"es","@id":"https:\/\/www.eldiario.net\/portal\/#\/schema\/logo\/image\/","url":"https:\/\/www.eldiario.net\/portal\/wp-content\/uploads\/2023\/07\/logo_ED.jpg","contentUrl":"https:\/\/www.eldiario.net\/portal\/wp-content\/uploads\/2023\/07\/logo_ED.jpg","width":272,"height":52,"caption":"El Diario - Decano de la prensa nacional"},"image":{"@id":"https:\/\/www.eldiario.net\/portal\/#\/schema\/logo\/image\/"},"sameAs":["https:\/\/www.facebook.com\/eldiario.bolivia\/","https:\/\/x.com\/eldiario_net"]},{"@type":"Person","@id":"https:\/\/www.eldiario.net\/portal\/#\/schema\/person\/2c57cf2b7a7ae032e449e4c9b1019eac","name":"Jeanette","image":{"@type":"ImageObject","inLanguage":"es","@id":"https:\/\/secure.gravatar.com\/avatar\/3ea2118a5f7dad2b7138b1187a6b7ee55f160b9968b66013c3a3ef39dd7e5798?s=96&d=mm&r=g","url":"https:\/\/secure.gravatar.com\/avatar\/3ea2118a5f7dad2b7138b1187a6b7ee55f160b9968b66013c3a3ef39dd7e5798?s=96&d=mm&r=g","contentUrl":"https:\/\/secure.gravatar.com\/avatar\/3ea2118a5f7dad2b7138b1187a6b7ee55f160b9968b66013c3a3ef39dd7e5798?s=96&d=mm&r=g","caption":"Jeanette"},"sameAs":["https:\/\/www.eldiario.net\/portal"],"url":"https:\/\/www.eldiario.net\/portal\/author\/jeanette\/"}]}},"_links":{"self":[{"href":"https:\/\/www.eldiario.net\/portal\/wp-json\/wp\/v2\/posts\/399754","targetHints":{"allow":["GET"]}}],"collection":[{"href":"https:\/\/www.eldiario.net\/portal\/wp-json\/wp\/v2\/posts"}],"about":[{"href":"https:\/\/www.eldiario.net\/portal\/wp-json\/wp\/v2\/types\/post"}],"author":[{"embeddable":true,"href":"https:\/\/www.eldiario.net\/portal\/wp-json\/wp\/v2\/users\/1"}],"replies":[{"embeddable":true,"href":"https:\/\/www.eldiario.net\/portal\/wp-json\/wp\/v2\/comments?post=399754"}],"version-history":[{"count":1,"href":"https:\/\/www.eldiario.net\/portal\/wp-json\/wp\/v2\/posts\/399754\/revisions"}],"predecessor-version":[{"id":399756,"href":"https:\/\/www.eldiario.net\/portal\/wp-json\/wp\/v2\/posts\/399754\/revisions\/399756"}],"wp:featuredmedia":[{"embeddable":true,"href":"https:\/\/www.eldiario.net\/portal\/wp-json\/wp\/v2\/media\/399755"}],"wp:attachment":[{"href":"https:\/\/www.eldiario.net\/portal\/wp-json\/wp\/v2\/media?parent=399754"}],"wp:term":[{"taxonomy":"category","embeddable":true,"href":"https:\/\/www.eldiario.net\/portal\/wp-json\/wp\/v2\/categories?post=399754"},{"taxonomy":"post_tag","embeddable":true,"href":"https:\/\/www.eldiario.net\/portal\/wp-json\/wp\/v2\/tags?post=399754"}],"curies":[{"name":"wp","href":"https:\/\/api.w.org\/{rel}","templated":true}]}}