{"id":399730,"date":"2026-06-01T00:56:13","date_gmt":"2026-06-01T04:56:13","guid":{"rendered":"https:\/\/www.eldiario.net\/portal\/?p=399730"},"modified":"2026-05-31T21:57:57","modified_gmt":"2026-06-01T01:57:57","slug":"benita-parra-vuelve-a-romper-su-record","status":"publish","type":"post","link":"https:\/\/www.eldiario.net\/portal\/2026\/06\/01\/benita-parra-vuelve-a-romper-su-record\/","title":{"rendered":"BENITA PARRA VUELVE A ROMPER SU R\u00c9CORD"},"content":{"rendered":"<p>Sigue haciendo historia. La atleta cochabambina Benita Parra obtuvo la medalla de bronce en la prueba de 5.000 metros planos del Campeonato Iberoamericano de Atletismo, desarrollado en el Estadio Atl\u00e9tico de la Videna.<br \/>\nLa fondista nacional detuvo el cron\u00f3metro en 16 minutos, cinco segundos y 64 cent\u00e9simas. Con este registro, super\u00f3 la marca nacional previa de 16&#8217;07&#8243;12, la cual pertenec\u00eda a ella misma desde hac\u00eda tres semanas en esta misma pista.<br \/>\nLa competencia demand\u00f3 un recorrido de 12 vueltas y media al circuito. Parra permaneci\u00f3 en el pelot\u00f3n de l\u00edderes durante todo el trayecto y finaliz\u00f3 la prueba detr\u00e1s de la argentina Micaela Levaggi, ganadora del oro, y de la peruana Ver\u00f3nica Huacasi, quien obtuvo la plata.<br \/>\nEl certamen internacional, que concluy\u00f3 ayer, cont\u00f3 con la participaci\u00f3n de una delegaci\u00f3n boliviana integrada por cuatro deportistas en distintas disciplinas de fondo y marcha.<br \/>\nEn otras participaciones de la jornada previa, Parra compiti\u00f3 el s\u00e1bado en los 1.500 metros planos, especialidad en la cual ocup\u00f3 la quinta posici\u00f3n general.<br \/>\nPor su parte, los dem\u00e1s representantes nacionales completaron el calendario del torneo en sus respectivas modalidades. V\u00edctor Aguilar se posicion\u00f3 en el s\u00e9ptimo lugar de los 10.000 metros, mientras que \u00c1ngela Castro finaliz\u00f3 quinta en los 10.000 metros marcha.<br \/>\nAl finalizar, el fondista David Ninavia compiti\u00f3 en la prueba de los 5.000 metros y no pudo conseguir el podio al ocupar el und\u00e9cimo lugar con un tiempo de 14 minutos, 35 segundos y 53 cent\u00e9simas.<br \/>\nSER\u00cdA LA \u00daLTIMA PRUEBA DE PARRA<br \/>\nLa fondista nacional declar\u00f3 hace semanas sobre su futuro, indicando que ser\u00eda su \u00faltima competencia representando al pa\u00eds, debido a la falta de apoyo del Gobierno. El pa\u00eds que habr\u00eda dado cabida a Parra fue Brasil, lo cual determin\u00f3 en la salida de la boliviana, quien ahora posee r\u00e9cord nacionales.<br \/>\n\u201cEs la \u00faltima competencia que vamos a hacer y despu\u00e9s de esto vamos a tomar una decisi\u00f3n de dejar las cosas y hacer algo por m\u00ed misma\u201d, expres\u00f3 Parra a Deporte Total, hace semanas.<br \/>\n\u201cTengo m\u00e1s posibilidades para Brasil, ya que me invitaron para este pa\u00eds y creo que tomar\u00e9 este camino, porque todo el trabajo que hago aqu\u00ed en Bolivia no es valorado. Es una l\u00e1stima que en Bolivia no haya apoyo, que en Bolivia no valoren el trabajo que hacen para los deportistas, no solo para m\u00ed\u201d, a\u00f1adi\u00f3.<br \/>\nDentro de sus otros logros se encuentra lo que marc\u00f3 historia al ganar la medalla de oro en los 5000 metros del Campeonato Sudamericano de Atletismo U23, realizado en Bucaramanga, Colombia.<\/p>\n<p>23 A\u00d1OS TIENE PARRA. NACI\u00d3 EL 14 DE JULIO DE 2002 EN PUNATA, COCHABAMBA Y TIENE DOS R\u00c9CORS.<\/p>\n<p><em>\u00abTengo m\u00e1s posibilidades para Brasil y creo que tomar\u00e9 este camino\u00bb Benita Parra Atleta boliviana<\/em><\/p>\n<p><em>ERWIN QUISPE PERCA<\/em><\/p>\n<p><img loading=\"lazy\" decoding=\"async\" class=\"aligncenter  wp-image-399732\" src=\"https:\/\/www.eldiario.net\/portal\/wp-content\/uploads\/2026\/05\/frase-ok.webp\" alt=\"\" width=\"623\" height=\"669\" srcset=\"https:\/\/www.eldiario.net\/portal\/wp-content\/uploads\/2026\/05\/frase-ok.webp 922w, https:\/\/www.eldiario.net\/portal\/wp-content\/uploads\/2026\/05\/frase-ok-280x300.webp 280w, https:\/\/www.eldiario.net\/portal\/wp-content\/uploads\/2026\/05\/frase-ok-768x824.webp 768w, https:\/\/www.eldiario.net\/portal\/wp-content\/uploads\/2026\/05\/frase-ok-392x420.webp 392w, https:\/\/www.eldiario.net\/portal\/wp-content\/uploads\/2026\/05\/frase-ok-150x161.webp 150w, https:\/\/www.eldiario.net\/portal\/wp-content\/uploads\/2026\/05\/frase-ok-300x322.webp 300w, https:\/\/www.eldiario.net\/portal\/wp-content\/uploads\/2026\/05\/frase-ok-696x747.webp 696w\" sizes=\"auto, (max-width: 623px) 100vw, 623px\" \/><\/p>\n","protected":false},"excerpt":{"rendered":"<p>Sigue haciendo historia. La atleta cochabambina Benita Parra obtuvo la medalla de bronce en la prueba de 5.000 metros planos del Campeonato Iberoamericano de Atletismo, desarrollado en el Estadio Atl\u00e9tico de la Videna. La fondista nacional detuvo el cron\u00f3metro en 16 minutos, cinco segundos y 64 cent\u00e9simas. Con este registro, super\u00f3 la marca nacional previa [&hellip;]<\/p>\n","protected":false},"author":1,"featured_media":399731,"comment_status":"closed","ping_status":"open","sticky":false,"template":"","format":"standard","meta":{"_acf_changed":false,"footnotes":""},"categories":[6],"tags":[],"class_list":["post-399730","post","type-post","status-publish","format-standard","has-post-thumbnail","category-deportes"],"acf":{"antetitulo":""},"yoast_head":"<!-- This site is optimized with the Yoast SEO plugin v28.4 - https:\/\/yoast.com\/product\/yoast-seo-wordpress\/ -->\n<title>BENITA PARRA VUELVE A ROMPER SU R\u00c9CORD - El Diario - Bolivia<\/title>\n<meta name=\"robots\" content=\"index, follow, max-snippet:-1, max-image-preview:large, max-video-preview:-1\" \/>\n<link rel=\"canonical\" href=\"https:\/\/www.eldiario.net\/portal\/2026\/06\/01\/benita-parra-vuelve-a-romper-su-record\/\" \/>\n<meta property=\"og:locale\" content=\"es_ES\" \/>\n<meta property=\"og:type\" content=\"article\" \/>\n<meta property=\"og:title\" content=\"BENITA PARRA VUELVE A ROMPER SU R\u00c9CORD - El Diario - Bolivia\" \/>\n<meta property=\"og:description\" content=\"Sigue haciendo historia. La atleta cochabambina Benita Parra obtuvo la medalla de bronce en la prueba de 5.000 metros planos del Campeonato Iberoamericano de Atletismo, desarrollado en el Estadio Atl\u00e9tico de la Videna. La fondista nacional detuvo el cron\u00f3metro en 16 minutos, cinco segundos y 64 cent\u00e9simas. Con este registro, super\u00f3 la marca nacional previa [&hellip;]\" \/>\n<meta property=\"og:url\" content=\"https:\/\/www.eldiario.net\/portal\/2026\/06\/01\/benita-parra-vuelve-a-romper-su-record\/\" \/>\n<meta property=\"og:site_name\" content=\"El Diario - Bolivia\" \/>\n<meta property=\"article:publisher\" content=\"https:\/\/www.facebook.com\/eldiario.bolivia\/\" \/>\n<meta property=\"article:published_time\" content=\"2026-06-01T04:56:13+00:00\" \/>\n<meta property=\"og:image\" content=\"https:\/\/www.eldiario.net\/portal\/wp-content\/uploads\/2026\/05\/principal-ok-2.webp\" \/>\n\t<meta property=\"og:image:width\" content=\"1200\" \/>\n\t<meta property=\"og:image:height\" content=\"800\" \/>\n\t<meta property=\"og:image:type\" content=\"image\/webp\" \/>\n<meta name=\"author\" content=\"Jeanette\" \/>\n<meta name=\"twitter:card\" content=\"summary_large_image\" \/>\n<meta name=\"twitter:creator\" content=\"@eldiario_net\" \/>\n<meta name=\"twitter:site\" content=\"@eldiario_net\" \/>\n<meta name=\"twitter:label1\" content=\"Escrito por\" \/>\n\t<meta name=\"twitter:data1\" content=\"Jeanette\" \/>\n\t<meta name=\"twitter:label2\" content=\"Tiempo de lectura\" \/>\n\t<meta name=\"twitter:data2\" content=\"3 minutos\" \/>\n<script type=\"application\/ld+json\" class=\"yoast-schema-graph\">{\"@context\":\"https:\\\/\\\/schema.org\",\"@graph\":[{\"@type\":\"Article\",\"@id\":\"https:\\\/\\\/www.eldiario.net\\\/portal\\\/2026\\\/06\\\/01\\\/benita-parra-vuelve-a-romper-su-record\\\/#article\",\"isPartOf\":{\"@id\":\"https:\\\/\\\/www.eldiario.net\\\/portal\\\/2026\\\/06\\\/01\\\/benita-parra-vuelve-a-romper-su-record\\\/\"},\"author\":{\"name\":\"Jeanette\",\"@id\":\"https:\\\/\\\/www.eldiario.net\\\/portal\\\/#\\\/schema\\\/person\\\/2c57cf2b7a7ae032e449e4c9b1019eac\"},\"headline\":\"BENITA PARRA VUELVE A ROMPER SU R\u00c9CORD\",\"datePublished\":\"2026-06-01T04:56:13+00:00\",\"mainEntityOfPage\":{\"@id\":\"https:\\\/\\\/www.eldiario.net\\\/portal\\\/2026\\\/06\\\/01\\\/benita-parra-vuelve-a-romper-su-record\\\/\"},\"wordCount\":480,\"publisher\":{\"@id\":\"https:\\\/\\\/www.eldiario.net\\\/portal\\\/#organization\"},\"image\":{\"@id\":\"https:\\\/\\\/www.eldiario.net\\\/portal\\\/2026\\\/06\\\/01\\\/benita-parra-vuelve-a-romper-su-record\\\/#primaryimage\"},\"thumbnailUrl\":\"https:\\\/\\\/www.eldiario.net\\\/portal\\\/wp-content\\\/uploads\\\/2026\\\/05\\\/principal-ok-2.webp\",\"articleSection\":[\"Deportes\"],\"inLanguage\":\"es\"},{\"@type\":\"WebPage\",\"@id\":\"https:\\\/\\\/www.eldiario.net\\\/portal\\\/2026\\\/06\\\/01\\\/benita-parra-vuelve-a-romper-su-record\\\/\",\"url\":\"https:\\\/\\\/www.eldiario.net\\\/portal\\\/2026\\\/06\\\/01\\\/benita-parra-vuelve-a-romper-su-record\\\/\",\"name\":\"BENITA PARRA VUELVE A ROMPER SU R\u00c9CORD - El Diario - Bolivia\",\"isPartOf\":{\"@id\":\"https:\\\/\\\/www.eldiario.net\\\/portal\\\/#website\"},\"primaryImageOfPage\":{\"@id\":\"https:\\\/\\\/www.eldiario.net\\\/portal\\\/2026\\\/06\\\/01\\\/benita-parra-vuelve-a-romper-su-record\\\/#primaryimage\"},\"image\":{\"@id\":\"https:\\\/\\\/www.eldiario.net\\\/portal\\\/2026\\\/06\\\/01\\\/benita-parra-vuelve-a-romper-su-record\\\/#primaryimage\"},\"thumbnailUrl\":\"https:\\\/\\\/www.eldiario.net\\\/portal\\\/wp-content\\\/uploads\\\/2026\\\/05\\\/principal-ok-2.webp\",\"datePublished\":\"2026-06-01T04:56:13+00:00\",\"breadcrumb\":{\"@id\":\"https:\\\/\\\/www.eldiario.net\\\/portal\\\/2026\\\/06\\\/01\\\/benita-parra-vuelve-a-romper-su-record\\\/#breadcrumb\"},\"inLanguage\":\"es\",\"potentialAction\":[{\"@type\":\"ReadAction\",\"target\":[\"https:\\\/\\\/www.eldiario.net\\\/portal\\\/2026\\\/06\\\/01\\\/benita-parra-vuelve-a-romper-su-record\\\/\"]}]},{\"@type\":\"ImageObject\",\"inLanguage\":\"es\",\"@id\":\"https:\\\/\\\/www.eldiario.net\\\/portal\\\/2026\\\/06\\\/01\\\/benita-parra-vuelve-a-romper-su-record\\\/#primaryimage\",\"url\":\"https:\\\/\\\/www.eldiario.net\\\/portal\\\/wp-content\\\/uploads\\\/2026\\\/05\\\/principal-ok-2.webp\",\"contentUrl\":\"https:\\\/\\\/www.eldiario.net\\\/portal\\\/wp-content\\\/uploads\\\/2026\\\/05\\\/principal-ok-2.webp\",\"width\":1200,\"height\":800,\"caption\":\"La fondista cochabambina en plena competencia internacional, vistiendo la indumentaria que representa a Bolivia.\"},{\"@type\":\"BreadcrumbList\",\"@id\":\"https:\\\/\\\/www.eldiario.net\\\/portal\\\/2026\\\/06\\\/01\\\/benita-parra-vuelve-a-romper-su-record\\\/#breadcrumb\",\"itemListElement\":[{\"@type\":\"ListItem\",\"position\":1,\"name\":\"Portada\",\"item\":\"https:\\\/\\\/www.eldiario.net\\\/portal\\\/\"},{\"@type\":\"ListItem\",\"position\":2,\"name\":\"BENITA PARRA VUELVE A ROMPER SU R\u00c9CORD\"}]},{\"@type\":\"WebSite\",\"@id\":\"https:\\\/\\\/www.eldiario.net\\\/portal\\\/#website\",\"url\":\"https:\\\/\\\/www.eldiario.net\\\/portal\\\/\",\"name\":\"El Diario - Decano de la prensa nacional\",\"description\":\"El Diario - Decano de la prensa nacional\",\"publisher\":{\"@id\":\"https:\\\/\\\/www.eldiario.net\\\/portal\\\/#organization\"},\"potentialAction\":[{\"@type\":\"SearchAction\",\"target\":{\"@type\":\"EntryPoint\",\"urlTemplate\":\"https:\\\/\\\/www.eldiario.net\\\/portal\\\/?s={search_term_string}\"},\"query-input\":{\"@type\":\"PropertyValueSpecification\",\"valueRequired\":true,\"valueName\":\"search_term_string\"}}],\"inLanguage\":\"es\"},{\"@type\":\"Organization\",\"@id\":\"https:\\\/\\\/www.eldiario.net\\\/portal\\\/#organization\",\"name\":\"El Diario - Decano de la prensa nacional\",\"url\":\"https:\\\/\\\/www.eldiario.net\\\/portal\\\/\",\"logo\":{\"@type\":\"ImageObject\",\"inLanguage\":\"es\",\"@id\":\"https:\\\/\\\/www.eldiario.net\\\/portal\\\/#\\\/schema\\\/logo\\\/image\\\/\",\"url\":\"https:\\\/\\\/www.eldiario.net\\\/portal\\\/wp-content\\\/uploads\\\/2023\\\/07\\\/logo_ED.jpg\",\"contentUrl\":\"https:\\\/\\\/www.eldiario.net\\\/portal\\\/wp-content\\\/uploads\\\/2023\\\/07\\\/logo_ED.jpg\",\"width\":272,\"height\":52,\"caption\":\"El Diario - Decano de la prensa nacional\"},\"image\":{\"@id\":\"https:\\\/\\\/www.eldiario.net\\\/portal\\\/#\\\/schema\\\/logo\\\/image\\\/\"},\"sameAs\":[\"https:\\\/\\\/www.facebook.com\\\/eldiario.bolivia\\\/\",\"https:\\\/\\\/x.com\\\/eldiario_net\"]},{\"@type\":\"Person\",\"@id\":\"https:\\\/\\\/www.eldiario.net\\\/portal\\\/#\\\/schema\\\/person\\\/2c57cf2b7a7ae032e449e4c9b1019eac\",\"name\":\"Jeanette\",\"image\":{\"@type\":\"ImageObject\",\"inLanguage\":\"es\",\"@id\":\"https:\\\/\\\/secure.gravatar.com\\\/avatar\\\/3ea2118a5f7dad2b7138b1187a6b7ee55f160b9968b66013c3a3ef39dd7e5798?s=96&d=mm&r=g\",\"url\":\"https:\\\/\\\/secure.gravatar.com\\\/avatar\\\/3ea2118a5f7dad2b7138b1187a6b7ee55f160b9968b66013c3a3ef39dd7e5798?s=96&d=mm&r=g\",\"contentUrl\":\"https:\\\/\\\/secure.gravatar.com\\\/avatar\\\/3ea2118a5f7dad2b7138b1187a6b7ee55f160b9968b66013c3a3ef39dd7e5798?s=96&d=mm&r=g\",\"caption\":\"Jeanette\"},\"sameAs\":[\"https:\\\/\\\/www.eldiario.net\\\/portal\"],\"url\":\"https:\\\/\\\/www.eldiario.net\\\/portal\\\/author\\\/jeanette\\\/\"}]}<\/script>\n<!-- \/ Yoast SEO plugin. -->","yoast_head_json":{"title":"BENITA PARRA VUELVE A ROMPER SU R\u00c9CORD - El Diario - Bolivia","robots":{"index":"index","follow":"follow","max-snippet":"max-snippet:-1","max-image-preview":"max-image-preview:large","max-video-preview":"max-video-preview:-1"},"canonical":"https:\/\/www.eldiario.net\/portal\/2026\/06\/01\/benita-parra-vuelve-a-romper-su-record\/","og_locale":"es_ES","og_type":"article","og_title":"BENITA PARRA VUELVE A ROMPER SU R\u00c9CORD - El Diario - Bolivia","og_description":"Sigue haciendo historia. La atleta cochabambina Benita Parra obtuvo la medalla de bronce en la prueba de 5.000 metros planos del Campeonato Iberoamericano de Atletismo, desarrollado en el Estadio Atl\u00e9tico de la Videna. La fondista nacional detuvo el cron\u00f3metro en 16 minutos, cinco segundos y 64 cent\u00e9simas. Con este registro, super\u00f3 la marca nacional previa [&hellip;]","og_url":"https:\/\/www.eldiario.net\/portal\/2026\/06\/01\/benita-parra-vuelve-a-romper-su-record\/","og_site_name":"El Diario - Bolivia","article_publisher":"https:\/\/www.facebook.com\/eldiario.bolivia\/","article_published_time":"2026-06-01T04:56:13+00:00","og_image":[{"width":1200,"height":800,"url":"https:\/\/www.eldiario.net\/portal\/wp-content\/uploads\/2026\/05\/principal-ok-2.webp","type":"image\/webp"}],"author":"Jeanette","twitter_card":"summary_large_image","twitter_creator":"@eldiario_net","twitter_site":"@eldiario_net","twitter_misc":{"Escrito por":"Jeanette","Tiempo de lectura":"3 minutos"},"schema":{"@context":"https:\/\/schema.org","@graph":[{"@type":"Article","@id":"https:\/\/www.eldiario.net\/portal\/2026\/06\/01\/benita-parra-vuelve-a-romper-su-record\/#article","isPartOf":{"@id":"https:\/\/www.eldiario.net\/portal\/2026\/06\/01\/benita-parra-vuelve-a-romper-su-record\/"},"author":{"name":"Jeanette","@id":"https:\/\/www.eldiario.net\/portal\/#\/schema\/person\/2c57cf2b7a7ae032e449e4c9b1019eac"},"headline":"BENITA PARRA VUELVE A ROMPER SU R\u00c9CORD","datePublished":"2026-06-01T04:56:13+00:00","mainEntityOfPage":{"@id":"https:\/\/www.eldiario.net\/portal\/2026\/06\/01\/benita-parra-vuelve-a-romper-su-record\/"},"wordCount":480,"publisher":{"@id":"https:\/\/www.eldiario.net\/portal\/#organization"},"image":{"@id":"https:\/\/www.eldiario.net\/portal\/2026\/06\/01\/benita-parra-vuelve-a-romper-su-record\/#primaryimage"},"thumbnailUrl":"https:\/\/www.eldiario.net\/portal\/wp-content\/uploads\/2026\/05\/principal-ok-2.webp","articleSection":["Deportes"],"inLanguage":"es"},{"@type":"WebPage","@id":"https:\/\/www.eldiario.net\/portal\/2026\/06\/01\/benita-parra-vuelve-a-romper-su-record\/","url":"https:\/\/www.eldiario.net\/portal\/2026\/06\/01\/benita-parra-vuelve-a-romper-su-record\/","name":"BENITA PARRA VUELVE A ROMPER SU R\u00c9CORD - El Diario - Bolivia","isPartOf":{"@id":"https:\/\/www.eldiario.net\/portal\/#website"},"primaryImageOfPage":{"@id":"https:\/\/www.eldiario.net\/portal\/2026\/06\/01\/benita-parra-vuelve-a-romper-su-record\/#primaryimage"},"image":{"@id":"https:\/\/www.eldiario.net\/portal\/2026\/06\/01\/benita-parra-vuelve-a-romper-su-record\/#primaryimage"},"thumbnailUrl":"https:\/\/www.eldiario.net\/portal\/wp-content\/uploads\/2026\/05\/principal-ok-2.webp","datePublished":"2026-06-01T04:56:13+00:00","breadcrumb":{"@id":"https:\/\/www.eldiario.net\/portal\/2026\/06\/01\/benita-parra-vuelve-a-romper-su-record\/#breadcrumb"},"inLanguage":"es","potentialAction":[{"@type":"ReadAction","target":["https:\/\/www.eldiario.net\/portal\/2026\/06\/01\/benita-parra-vuelve-a-romper-su-record\/"]}]},{"@type":"ImageObject","inLanguage":"es","@id":"https:\/\/www.eldiario.net\/portal\/2026\/06\/01\/benita-parra-vuelve-a-romper-su-record\/#primaryimage","url":"https:\/\/www.eldiario.net\/portal\/wp-content\/uploads\/2026\/05\/principal-ok-2.webp","contentUrl":"https:\/\/www.eldiario.net\/portal\/wp-content\/uploads\/2026\/05\/principal-ok-2.webp","width":1200,"height":800,"caption":"La fondista cochabambina en plena competencia internacional, vistiendo la indumentaria que representa a Bolivia."},{"@type":"BreadcrumbList","@id":"https:\/\/www.eldiario.net\/portal\/2026\/06\/01\/benita-parra-vuelve-a-romper-su-record\/#breadcrumb","itemListElement":[{"@type":"ListItem","position":1,"name":"Portada","item":"https:\/\/www.eldiario.net\/portal\/"},{"@type":"ListItem","position":2,"name":"BENITA PARRA VUELVE A ROMPER SU R\u00c9CORD"}]},{"@type":"WebSite","@id":"https:\/\/www.eldiario.net\/portal\/#website","url":"https:\/\/www.eldiario.net\/portal\/","name":"El Diario - Decano de la prensa nacional","description":"El Diario - Decano de la prensa nacional","publisher":{"@id":"https:\/\/www.eldiario.net\/portal\/#organization"},"potentialAction":[{"@type":"SearchAction","target":{"@type":"EntryPoint","urlTemplate":"https:\/\/www.eldiario.net\/portal\/?s={search_term_string}"},"query-input":{"@type":"PropertyValueSpecification","valueRequired":true,"valueName":"search_term_string"}}],"inLanguage":"es"},{"@type":"Organization","@id":"https:\/\/www.eldiario.net\/portal\/#organization","name":"El Diario - Decano de la prensa nacional","url":"https:\/\/www.eldiario.net\/portal\/","logo":{"@type":"ImageObject","inLanguage":"es","@id":"https:\/\/www.eldiario.net\/portal\/#\/schema\/logo\/image\/","url":"https:\/\/www.eldiario.net\/portal\/wp-content\/uploads\/2023\/07\/logo_ED.jpg","contentUrl":"https:\/\/www.eldiario.net\/portal\/wp-content\/uploads\/2023\/07\/logo_ED.jpg","width":272,"height":52,"caption":"El Diario - Decano de la prensa nacional"},"image":{"@id":"https:\/\/www.eldiario.net\/portal\/#\/schema\/logo\/image\/"},"sameAs":["https:\/\/www.facebook.com\/eldiario.bolivia\/","https:\/\/x.com\/eldiario_net"]},{"@type":"Person","@id":"https:\/\/www.eldiario.net\/portal\/#\/schema\/person\/2c57cf2b7a7ae032e449e4c9b1019eac","name":"Jeanette","image":{"@type":"ImageObject","inLanguage":"es","@id":"https:\/\/secure.gravatar.com\/avatar\/3ea2118a5f7dad2b7138b1187a6b7ee55f160b9968b66013c3a3ef39dd7e5798?s=96&d=mm&r=g","url":"https:\/\/secure.gravatar.com\/avatar\/3ea2118a5f7dad2b7138b1187a6b7ee55f160b9968b66013c3a3ef39dd7e5798?s=96&d=mm&r=g","contentUrl":"https:\/\/secure.gravatar.com\/avatar\/3ea2118a5f7dad2b7138b1187a6b7ee55f160b9968b66013c3a3ef39dd7e5798?s=96&d=mm&r=g","caption":"Jeanette"},"sameAs":["https:\/\/www.eldiario.net\/portal"],"url":"https:\/\/www.eldiario.net\/portal\/author\/jeanette\/"}]}},"_links":{"self":[{"href":"https:\/\/www.eldiario.net\/portal\/wp-json\/wp\/v2\/posts\/399730","targetHints":{"allow":["GET"]}}],"collection":[{"href":"https:\/\/www.eldiario.net\/portal\/wp-json\/wp\/v2\/posts"}],"about":[{"href":"https:\/\/www.eldiario.net\/portal\/wp-json\/wp\/v2\/types\/post"}],"author":[{"embeddable":true,"href":"https:\/\/www.eldiario.net\/portal\/wp-json\/wp\/v2\/users\/1"}],"replies":[{"embeddable":true,"href":"https:\/\/www.eldiario.net\/portal\/wp-json\/wp\/v2\/comments?post=399730"}],"version-history":[{"count":1,"href":"https:\/\/www.eldiario.net\/portal\/wp-json\/wp\/v2\/posts\/399730\/revisions"}],"predecessor-version":[{"id":399733,"href":"https:\/\/www.eldiario.net\/portal\/wp-json\/wp\/v2\/posts\/399730\/revisions\/399733"}],"wp:featuredmedia":[{"embeddable":true,"href":"https:\/\/www.eldiario.net\/portal\/wp-json\/wp\/v2\/media\/399731"}],"wp:attachment":[{"href":"https:\/\/www.eldiario.net\/portal\/wp-json\/wp\/v2\/media?parent=399730"}],"wp:term":[{"taxonomy":"category","embeddable":true,"href":"https:\/\/www.eldiario.net\/portal\/wp-json\/wp\/v2\/categories?post=399730"},{"taxonomy":"post_tag","embeddable":true,"href":"https:\/\/www.eldiario.net\/portal\/wp-json\/wp\/v2\/tags?post=399730"}],"curies":[{"name":"wp","href":"https:\/\/api.w.org\/{rel}","templated":true}]}}