{"id":399709,"date":"2026-06-01T00:47:43","date_gmt":"2026-06-01T04:47:43","guid":{"rendered":"https:\/\/www.eldiario.net\/portal\/?p=399709"},"modified":"2026-05-31T21:49:25","modified_gmt":"2026-06-01T01:49:25","slug":"octavia-y-orquesta-sinfonica-nacional-conquistan-la-paz-con-un-historico-concierto-de-rock-fusion","status":"publish","type":"post","link":"https:\/\/www.eldiario.net\/portal\/2026\/06\/01\/octavia-y-orquesta-sinfonica-nacional-conquistan-la-paz-con-un-historico-concierto-de-rock-fusion\/","title":{"rendered":"Octavia y Orquesta Sinf\u00f3nica Nacional conquistan La Paz con un hist\u00f3rico concierto de rock fusi\u00f3n"},"content":{"rendered":"<p>Por Susana Guti\u00e9rrez<\/p>\n<p>La Paz es una ciudad que respira intensidad. Sus calles, acostumbradas al eco de las demandas sociales, se convirtieron la pasada semana en el escenario de un laberinto de bloqueos y resguardos policiales que obligaron a la Orquesta Sinf\u00f3nica Nacional de Bolivia (OSNB) a abandonar temporalmente su emblem\u00e1tica sede de la calle Ayacucho, en inmediaciones de una blindada Plaza Murillo. Sin embargo, cuando la geograf\u00eda urbana pace\u00f1a parece cerrarse sobre s\u00ed misma, el arte suele encontrar una grieta para florecer. Lo que debi\u00f3 ser un contratiempo log\u00edstico se convirti\u00f3 en un acontecimiento inolvidable. El traslado de las fechas al Cine Teatro Municipal 6 de Agosto solo sirvi\u00f3 para demostrar que el p\u00fablico de la sede de Gobierno no entiende de cancelaciones cuando la banda sonora de su vida est\u00e1 en juego.<\/p>\n<p>El marco era inmejorable. El Festival Sinf\u00f3nica Fusi\u00f3n, una iniciativa de la OSNB que busca dinamitar las fronteras invisibles entre la rigidez acad\u00e9mica y los g\u00e9neros populares, propici\u00f3 el encuentro m\u00e1s esperado por los amantes del rock boliviano. Por primera vez en su historia, Octavia uni\u00f3 sus fuerzas a la instituci\u00f3n sinf\u00f3nica m\u00e1s importante del pa\u00eds. El resultado fue un doblete hist\u00f3rico con un lleno total absoluto en las funciones del mi\u00e9rcoles 27 de mayo, donde las largas filas alrededor del teatro recordaron que la nostalgia y la vanguardia pueden convivir en un mismo acorde.<\/p>\n<p><strong>Superar la adversidad<\/strong><\/p>\n<p>Dirigidos por el maestro invitado Christian Asturizaga, los m\u00fasicos de la orquesta y los integrantes de Octavia tejieron un puente sonoro que borr\u00f3 cualquier rastro de la tensi\u00f3n que se viv\u00eda a solo unas calles de distancia. No es la primera vez que la banda explora la grandilocuencia de una orquesta \u2014ya lo hizo en 2011 junto a la Orquesta Filarm\u00f3nica de Cochabamba\u2014, pero presentarse ante el p\u00fablico pace\u00f1o bajo este ropaje institucional, y bajo la tutela del Ministerio de Turismo Sostenible, Culturas, Folklore y Gastronom\u00eda, revisti\u00f3 el concierto de una solemnidad \u00fanica.<\/p>\n<p>El p\u00fablico respondi\u00f3 con una mezcla de paciencia, devoci\u00f3n y entusiasmo. Las butacas agotadas fueron el testimonio de una complicidad inquebrantable. \u00abQueremos agradecer profundamente a todo el p\u00fablico por acompa\u00f1arnos, por su cari\u00f1o y tambi\u00e9n por la paciencia y comprensi\u00f3n ante los cambios de fecha y locaci\u00f3n\u00bb, manifestaba la banda a trav\u00e9s de sus redes sociales al concluir las funciones, asombrados por la respuesta de una audiencia que se neg\u00f3 a dejar que los conflictos sociales ensombrecieran la cita.<\/p>\n<p>El Festival Sinf\u00f3nica Fusi\u00f3n no se detiene. El ciclo de fusiones de la OSNB cerrar\u00e1 con broche de oro el pr\u00f3ximo martes 2 de junio, cuando la emblem\u00e1tica agrupaci\u00f3n M\u00fasica de Maestros suba al escenario para clausurar esta temporada de di\u00e1logos musicales.<\/p>\n<p><strong>Di\u00e1logo transdisciplinar: m\u00fasica, \u00f3leo y emoci\u00f3n<\/strong><\/p>\n<p>El concierto no se limit\u00f3 a la reinterpretaci\u00f3n de los cl\u00e1sicos del grupo. El festival apost\u00f3 por la sinestesia pura al incorporar las artes pl\u00e1sticas al directo. Mientras los violines dialogaban con los sintetizadores y la inconfundible voz de Omar Gonz\u00e1lez llenaba el teatro, la maestra Adda Donato creaba una obra pict\u00f3rica en tiempo real sobre el escenario. El lienzo se fue ti\u00f1endo de trazos y colores a la par de la m\u00fasica, ofreciendo a los asistentes una experiencia inmersiva donde el sonido se pod\u00eda ver y el color se pod\u00eda escuchar.<\/p>\n<p>Con m\u00e1s de 36 a\u00f1os de trayectoria ininterrumpida, Octavia demostr\u00f3 por qu\u00e9 es el pilar fundamental del rock-pop boliviano. El repertorio fue un viaje emocional que recorri\u00f3 himnos intergeneracionales como Ajayu, Eternidad, Ser\u00e9 tu m\u00fasica, La noche y Despu\u00e9s de ti. La solemnidad de los arreglos orquestales realz\u00f3 la melancol\u00eda y la fuerza de las composiciones originales, transformando el Cine Teatro 6 de Agosto, en un templo de comuni\u00f3n colectiva donde cada fila core\u00f3 las canciones de principio a fin.<\/p>\n<p>\u00abEstuvo hermoso, much\u00edsimas felicidades, que se vuelva a repetir pronto, fue una presentaci\u00f3n \u00fanica\u00bb, comentaban emocionados asistentes como Adriana Mendoza, Sandra Guti\u00e9rrez y Pablo Bol\u00edvar al abandonar la sala, reflejando el sentir de una audiencia conmovida.<\/p>\n<p>El \u00e9xito de estas dos funciones deja una lecci\u00f3n de resistencia cultural. En tiempos donde la realidad social parece imponer la pausa, la Orquesta Sinf\u00f3nica Nacional y Octavia demostraron que la m\u00fasica es un refugio necesario y un catalizador capaz de unir a toda una ciudad.<\/p>\n\r\n                <style type=\"text\/css\">\r\n                    \r\n                    #tdi_1  .td-doubleSlider-2 .td-item1 {\r\n                        background: url(https:\/\/www.eldiario.net\/portal\/wp-content\/uploads\/2026\/05\/CON1-80x60.webp) 0 0 no-repeat;\r\n                    }\r\n                    #tdi_1  .td-doubleSlider-2 .td-item2 {\r\n                        background: url(https:\/\/www.eldiario.net\/portal\/wp-content\/uploads\/2026\/05\/CON2-80x60.webp) 0 0 no-repeat;\r\n                    }\r\n                    #tdi_1  .td-doubleSlider-2 .td-item3 {\r\n                        background: url(https:\/\/www.eldiario.net\/portal\/wp-content\/uploads\/2026\/05\/CON3-80x60.webp) 0 0 no-repeat;\r\n                    }\r\n                    #tdi_1  .td-doubleSlider-2 .td-item4 {\r\n                        background: url(https:\/\/www.eldiario.net\/portal\/wp-content\/uploads\/2026\/05\/CON4-80x60.webp) 0 0 no-repeat;\r\n                    }\r\n                    #tdi_1  .td-doubleSlider-2 .td-item5 {\r\n                        background: url(https:\/\/www.eldiario.net\/portal\/wp-content\/uploads\/2026\/05\/CON5-80x60.webp) 0 0 no-repeat;\r\n                    }\r\n                    #tdi_1  .td-doubleSlider-2 .td-item6 {\r\n                        background: url(https:\/\/www.eldiario.net\/portal\/wp-content\/uploads\/2026\/05\/CON6-80x60.webp) 0 0 no-repeat;\r\n                    }\r\n                <\/style>\r\n\r\n                <div id=\"tdi_1\" class=\"td-gallery td-slide-on-2-columns\">\r\n                    <div class=\"post_td_gallery\">\r\n                        <div class=\"td-gallery-slide-top\">\r\n                           <div class=\"td-gallery-title\"><\/div>\r\n\r\n                            <div class=\"td-gallery-controls-wrapper\">\r\n                                <div class=\"td-gallery-slide-count\"><span class=\"td-gallery-slide-item-focus\">1<\/span> de 6<\/div>\r\n                                <div class=\"td-gallery-slide-prev-next-but\">\r\n                                    <i class = \"td-icon-left doubleSliderPrevButton\"><\/i>\r\n                                    <i class = \"td-icon-right doubleSliderNextButton\"><\/i>\r\n                                <\/div>\r\n                            <\/div>\r\n                        <\/div>\r\n\r\n                        <div class = \"td-doubleSlider-1 \">\r\n                            <div class = \"td-slider\">\r\n                                \r\n                    <div class = \"td-slide-item td-item1\">\r\n                        <figure class=\"td-slide-galery-figure td-slide-popup-gallery\">\r\n                            <a class=\"slide-gallery-image-link\" href=\"https:\/\/www.eldiario.net\/portal\/wp-content\/uploads\/2026\/05\/CON1.webp\" title=\"CON1\"  data-caption=\"\"  data-description=\"\">\r\n                                <img decoding=\"async\" src=\"https:\/\/www.eldiario.net\/portal\/wp-content\/uploads\/2026\/05\/CON1-560x420.webp\" srcset=\"https:\/\/www.eldiario.net\/portal\/wp-content\/uploads\/2026\/05\/CON1-560x420.webp 560w, https:\/\/www.eldiario.net\/portal\/wp-content\/uploads\/2026\/05\/CON1-300x225.webp 300w, https:\/\/www.eldiario.net\/portal\/wp-content\/uploads\/2026\/05\/CON1-1024x768.webp 1024w, https:\/\/www.eldiario.net\/portal\/wp-content\/uploads\/2026\/05\/CON1-768x576.webp 768w, https:\/\/www.eldiario.net\/portal\/wp-content\/uploads\/2026\/05\/CON1-80x60.webp 80w, https:\/\/www.eldiario.net\/portal\/wp-content\/uploads\/2026\/05\/CON1-150x113.webp 150w, https:\/\/www.eldiario.net\/portal\/wp-content\/uploads\/2026\/05\/CON1-696x522.webp 696w, https:\/\/www.eldiario.net\/portal\/wp-content\/uploads\/2026\/05\/CON1-1068x801.webp 1068w, https:\/\/www.eldiario.net\/portal\/wp-content\/uploads\/2026\/05\/CON1.webp 1280w\" sizes=\"(max-width: 560px) 100vw, 560px\" alt=\"\">\r\n                            <\/a>\r\n                            \r\n                        <\/figure>\r\n                    <\/div>\r\n                    <div class = \"td-slide-item td-item2\">\r\n                        <figure class=\"td-slide-galery-figure td-slide-popup-gallery\">\r\n                            <a class=\"slide-gallery-image-link\" href=\"https:\/\/www.eldiario.net\/portal\/wp-content\/uploads\/2026\/05\/CON2.webp\" title=\"CON2\"  data-caption=\"\"  data-description=\"\">\r\n                                <img decoding=\"async\" src=\"https:\/\/www.eldiario.net\/portal\/wp-content\/uploads\/2026\/05\/CON2-531x420.webp\" srcset=\"https:\/\/www.eldiario.net\/portal\/wp-content\/uploads\/2026\/05\/CON2-531x420.webp 531w, https:\/\/www.eldiario.net\/portal\/wp-content\/uploads\/2026\/05\/CON2-300x237.webp 300w, https:\/\/www.eldiario.net\/portal\/wp-content\/uploads\/2026\/05\/CON2-1024x810.webp 1024w, https:\/\/www.eldiario.net\/portal\/wp-content\/uploads\/2026\/05\/CON2-768x607.webp 768w, https:\/\/www.eldiario.net\/portal\/wp-content\/uploads\/2026\/05\/CON2-150x119.webp 150w, https:\/\/www.eldiario.net\/portal\/wp-content\/uploads\/2026\/05\/CON2-696x550.webp 696w, https:\/\/www.eldiario.net\/portal\/wp-content\/uploads\/2026\/05\/CON2-1068x845.webp 1068w, https:\/\/www.eldiario.net\/portal\/wp-content\/uploads\/2026\/05\/CON2.webp 1090w\" sizes=\"(max-width: 531px) 100vw, 531px\" alt=\"\">\r\n                            <\/a>\r\n                            \r\n                        <\/figure>\r\n                    <\/div>\r\n                    <div class = \"td-slide-item td-item3\">\r\n                        <figure class=\"td-slide-galery-figure td-slide-popup-gallery\">\r\n                            <a class=\"slide-gallery-image-link\" href=\"https:\/\/www.eldiario.net\/portal\/wp-content\/uploads\/2026\/05\/CON3.webp\" title=\"CON3\"  data-caption=\"\"  data-description=\"\">\r\n                                <img decoding=\"async\" src=\"https:\/\/www.eldiario.net\/portal\/wp-content\/uploads\/2026\/05\/CON3-627x420.webp\" srcset=\"https:\/\/www.eldiario.net\/portal\/wp-content\/uploads\/2026\/05\/CON3-627x420.webp 627w, https:\/\/www.eldiario.net\/portal\/wp-content\/uploads\/2026\/05\/CON3-300x201.webp 300w, https:\/\/www.eldiario.net\/portal\/wp-content\/uploads\/2026\/05\/CON3-1024x686.webp 1024w, https:\/\/www.eldiario.net\/portal\/wp-content\/uploads\/2026\/05\/CON3-768x514.webp 768w, https:\/\/www.eldiario.net\/portal\/wp-content\/uploads\/2026\/05\/CON3-150x100.webp 150w, https:\/\/www.eldiario.net\/portal\/wp-content\/uploads\/2026\/05\/CON3-696x466.webp 696w, https:\/\/www.eldiario.net\/portal\/wp-content\/uploads\/2026\/05\/CON3-1068x715.webp 1068w, https:\/\/www.eldiario.net\/portal\/wp-content\/uploads\/2026\/05\/CON3.webp 1280w\" sizes=\"(max-width: 627px) 100vw, 627px\" alt=\"\">\r\n                            <\/a>\r\n                            \r\n                        <\/figure>\r\n                    <\/div>\r\n                    <div class = \"td-slide-item td-item4\">\r\n                        <figure class=\"td-slide-galery-figure td-slide-popup-gallery\">\r\n                            <a class=\"slide-gallery-image-link\" href=\"https:\/\/www.eldiario.net\/portal\/wp-content\/uploads\/2026\/05\/CON4.webp\" title=\"CON4\"  data-caption=\"\"  data-description=\"\">\r\n                                <img decoding=\"async\" src=\"https:\/\/www.eldiario.net\/portal\/wp-content\/uploads\/2026\/05\/CON4-560x420.webp\" srcset=\"https:\/\/www.eldiario.net\/portal\/wp-content\/uploads\/2026\/05\/CON4-560x420.webp 560w, https:\/\/www.eldiario.net\/portal\/wp-content\/uploads\/2026\/05\/CON4-300x225.webp 300w, https:\/\/www.eldiario.net\/portal\/wp-content\/uploads\/2026\/05\/CON4-1024x768.webp 1024w, https:\/\/www.eldiario.net\/portal\/wp-content\/uploads\/2026\/05\/CON4-768x576.webp 768w, https:\/\/www.eldiario.net\/portal\/wp-content\/uploads\/2026\/05\/CON4-80x60.webp 80w, https:\/\/www.eldiario.net\/portal\/wp-content\/uploads\/2026\/05\/CON4-150x113.webp 150w, https:\/\/www.eldiario.net\/portal\/wp-content\/uploads\/2026\/05\/CON4-696x522.webp 696w, https:\/\/www.eldiario.net\/portal\/wp-content\/uploads\/2026\/05\/CON4-1068x801.webp 1068w, https:\/\/www.eldiario.net\/portal\/wp-content\/uploads\/2026\/05\/CON4.webp 1280w\" sizes=\"(max-width: 560px) 100vw, 560px\" alt=\"\">\r\n                            <\/a>\r\n                            \r\n                        <\/figure>\r\n                    <\/div>\r\n                    <div class = \"td-slide-item td-item5\">\r\n                        <figure class=\"td-slide-galery-figure td-slide-popup-gallery\">\r\n                            <a class=\"slide-gallery-image-link\" href=\"https:\/\/www.eldiario.net\/portal\/wp-content\/uploads\/2026\/05\/CON5.webp\" title=\"CON5\"  data-caption=\"\"  data-description=\"\">\r\n                                <img decoding=\"async\" src=\"https:\/\/www.eldiario.net\/portal\/wp-content\/uploads\/2026\/05\/CON5-561x420.webp\" srcset=\"https:\/\/www.eldiario.net\/portal\/wp-content\/uploads\/2026\/05\/CON5-561x420.webp 561w, https:\/\/www.eldiario.net\/portal\/wp-content\/uploads\/2026\/05\/CON5-300x224.webp 300w, https:\/\/www.eldiario.net\/portal\/wp-content\/uploads\/2026\/05\/CON5-1024x766.webp 1024w, https:\/\/www.eldiario.net\/portal\/wp-content\/uploads\/2026\/05\/CON5-768x575.webp 768w, https:\/\/www.eldiario.net\/portal\/wp-content\/uploads\/2026\/05\/CON5-80x60.webp 80w, https:\/\/www.eldiario.net\/portal\/wp-content\/uploads\/2026\/05\/CON5-150x112.webp 150w, https:\/\/www.eldiario.net\/portal\/wp-content\/uploads\/2026\/05\/CON5-696x521.webp 696w, https:\/\/www.eldiario.net\/portal\/wp-content\/uploads\/2026\/05\/CON5-1068x799.webp 1068w, https:\/\/www.eldiario.net\/portal\/wp-content\/uploads\/2026\/05\/CON5.webp 1152w\" sizes=\"(max-width: 561px) 100vw, 561px\" alt=\"\">\r\n                            <\/a>\r\n                            \r\n                        <\/figure>\r\n                    <\/div>\r\n                    <div class = \"td-slide-item td-item6\">\r\n                        <figure class=\"td-slide-galery-figure td-slide-popup-gallery\">\r\n                            <a class=\"slide-gallery-image-link\" href=\"https:\/\/www.eldiario.net\/portal\/wp-content\/uploads\/2026\/05\/CON6.webp\" title=\"CON6\"  data-caption=\"\"  data-description=\"\">\r\n                                <img decoding=\"async\" src=\"https:\/\/www.eldiario.net\/portal\/wp-content\/uploads\/2026\/05\/CON6-560x420.webp\" srcset=\"https:\/\/www.eldiario.net\/portal\/wp-content\/uploads\/2026\/05\/CON6-560x420.webp 560w, https:\/\/www.eldiario.net\/portal\/wp-content\/uploads\/2026\/05\/CON6-300x225.webp 300w, https:\/\/www.eldiario.net\/portal\/wp-content\/uploads\/2026\/05\/CON6-1024x768.webp 1024w, https:\/\/www.eldiario.net\/portal\/wp-content\/uploads\/2026\/05\/CON6-768x576.webp 768w, https:\/\/www.eldiario.net\/portal\/wp-content\/uploads\/2026\/05\/CON6-80x60.webp 80w, https:\/\/www.eldiario.net\/portal\/wp-content\/uploads\/2026\/05\/CON6-150x113.webp 150w, https:\/\/www.eldiario.net\/portal\/wp-content\/uploads\/2026\/05\/CON6-696x522.webp 696w, https:\/\/www.eldiario.net\/portal\/wp-content\/uploads\/2026\/05\/CON6-1068x801.webp 1068w, https:\/\/www.eldiario.net\/portal\/wp-content\/uploads\/2026\/05\/CON6.webp 1280w\" sizes=\"(max-width: 560px) 100vw, 560px\" alt=\"\">\r\n                            <\/a>\r\n                            \r\n                        <\/figure>\r\n                    <\/div>\r\n                            <\/div>\r\n                        <\/div>\r\n\r\n                        <div class = \"td-doubleSlider-2\">\r\n                            <div class = \"td-slider\">\r\n                                \r\n                    <div class = \"td-button td-item1\">\r\n                        <div class = \"td-border\"><\/div>\r\n                    <\/div>\r\n                    <div class = \"td-button td-item2\">\r\n                        <div class = \"td-border\"><\/div>\r\n                    <\/div>\r\n                    <div class = \"td-button td-item3\">\r\n                        <div class = \"td-border\"><\/div>\r\n                    <\/div>\r\n                    <div class = \"td-button td-item4\">\r\n                        <div class = \"td-border\"><\/div>\r\n                    <\/div>\r\n                    <div class = \"td-button td-item5\">\r\n                        <div class = \"td-border\"><\/div>\r\n                    <\/div>\r\n                    <div class = \"td-button td-item6\">\r\n                        <div class = \"td-border\"><\/div>\r\n                    <\/div>\r\n                            <\/div>\r\n                        <\/div>\r\n\r\n                    <\/div>\r\n\r\n                <\/div>\r\n                \n","protected":false},"excerpt":{"rendered":"<p>Por Susana Guti\u00e9rrez La Paz es una ciudad que respira intensidad. Sus calles, acostumbradas al eco de las demandas sociales, se convirtieron la pasada semana en el escenario de un laberinto de bloqueos y resguardos policiales que obligaron a la Orquesta Sinf\u00f3nica Nacional de Bolivia (OSNB) a abandonar temporalmente su emblem\u00e1tica sede de la calle [&hellip;]<\/p>\n","protected":false},"author":1,"featured_media":399710,"comment_status":"closed","ping_status":"open","sticky":false,"template":"","format":"standard","meta":{"_acf_changed":false,"footnotes":""},"categories":[8],"tags":[],"class_list":["post-399709","post","type-post","status-publish","format-standard","has-post-thumbnail","category-cultural"],"acf":{"antetitulo":"Reencuentro hist\u00f3rico en el teatro 6 de agosto"},"yoast_head":"<!-- This site is optimized with the Yoast SEO plugin v28.4 - https:\/\/yoast.com\/product\/yoast-seo-wordpress\/ -->\n<title>Octavia y Orquesta Sinf\u00f3nica Nacional conquistan La Paz con un hist\u00f3rico concierto de rock fusi\u00f3n - El Diario - Bolivia<\/title>\n<meta name=\"robots\" content=\"index, follow, max-snippet:-1, max-image-preview:large, max-video-preview:-1\" \/>\n<link rel=\"canonical\" href=\"https:\/\/www.eldiario.net\/portal\/2026\/06\/01\/octavia-y-orquesta-sinfonica-nacional-conquistan-la-paz-con-un-historico-concierto-de-rock-fusion\/\" \/>\n<meta property=\"og:locale\" content=\"es_ES\" \/>\n<meta property=\"og:type\" content=\"article\" \/>\n<meta property=\"og:title\" content=\"Octavia y Orquesta Sinf\u00f3nica Nacional conquistan La Paz con un hist\u00f3rico concierto de rock fusi\u00f3n - El Diario - Bolivia\" \/>\n<meta property=\"og:description\" content=\"Por Susana Guti\u00e9rrez La Paz es una ciudad que respira intensidad. Sus calles, acostumbradas al eco de las demandas sociales, se convirtieron la pasada semana en el escenario de un laberinto de bloqueos y resguardos policiales que obligaron a la Orquesta Sinf\u00f3nica Nacional de Bolivia (OSNB) a abandonar temporalmente su emblem\u00e1tica sede de la calle [&hellip;]\" \/>\n<meta property=\"og:url\" content=\"https:\/\/www.eldiario.net\/portal\/2026\/06\/01\/octavia-y-orquesta-sinfonica-nacional-conquistan-la-paz-con-un-historico-concierto-de-rock-fusion\/\" \/>\n<meta property=\"og:site_name\" content=\"El Diario - Bolivia\" \/>\n<meta property=\"article:publisher\" content=\"https:\/\/www.facebook.com\/eldiario.bolivia\/\" \/>\n<meta property=\"article:published_time\" content=\"2026-06-01T04:47:43+00:00\" \/>\n<meta property=\"og:image\" content=\"https:\/\/www.eldiario.net\/portal\/wp-content\/uploads\/2026\/05\/CON1.webp\" \/>\n\t<meta property=\"og:image:width\" content=\"1280\" \/>\n\t<meta property=\"og:image:height\" content=\"960\" \/>\n\t<meta property=\"og:image:type\" content=\"image\/webp\" \/>\n<meta name=\"author\" content=\"Jeanette\" \/>\n<meta name=\"twitter:card\" content=\"summary_large_image\" \/>\n<meta name=\"twitter:creator\" content=\"@eldiario_net\" \/>\n<meta name=\"twitter:site\" content=\"@eldiario_net\" \/>\n<meta name=\"twitter:label1\" content=\"Escrito por\" \/>\n\t<meta name=\"twitter:data1\" content=\"Jeanette\" \/>\n\t<meta name=\"twitter:label2\" content=\"Tiempo de lectura\" \/>\n\t<meta name=\"twitter:data2\" content=\"4 minutos\" \/>\n<script type=\"application\/ld+json\" class=\"yoast-schema-graph\">{\"@context\":\"https:\\\/\\\/schema.org\",\"@graph\":[{\"@type\":\"Article\",\"@id\":\"https:\\\/\\\/www.eldiario.net\\\/portal\\\/2026\\\/06\\\/01\\\/octavia-y-orquesta-sinfonica-nacional-conquistan-la-paz-con-un-historico-concierto-de-rock-fusion\\\/#article\",\"isPartOf\":{\"@id\":\"https:\\\/\\\/www.eldiario.net\\\/portal\\\/2026\\\/06\\\/01\\\/octavia-y-orquesta-sinfonica-nacional-conquistan-la-paz-con-un-historico-concierto-de-rock-fusion\\\/\"},\"author\":{\"name\":\"Jeanette\",\"@id\":\"https:\\\/\\\/www.eldiario.net\\\/portal\\\/#\\\/schema\\\/person\\\/2c57cf2b7a7ae032e449e4c9b1019eac\"},\"headline\":\"Octavia y Orquesta Sinf\u00f3nica Nacional conquistan La Paz con un hist\u00f3rico concierto de rock fusi\u00f3n\",\"datePublished\":\"2026-06-01T04:47:43+00:00\",\"mainEntityOfPage\":{\"@id\":\"https:\\\/\\\/www.eldiario.net\\\/portal\\\/2026\\\/06\\\/01\\\/octavia-y-orquesta-sinfonica-nacional-conquistan-la-paz-con-un-historico-concierto-de-rock-fusion\\\/\"},\"wordCount\":793,\"publisher\":{\"@id\":\"https:\\\/\\\/www.eldiario.net\\\/portal\\\/#organization\"},\"image\":{\"@id\":\"https:\\\/\\\/www.eldiario.net\\\/portal\\\/2026\\\/06\\\/01\\\/octavia-y-orquesta-sinfonica-nacional-conquistan-la-paz-con-un-historico-concierto-de-rock-fusion\\\/#primaryimage\"},\"thumbnailUrl\":\"https:\\\/\\\/www.eldiario.net\\\/portal\\\/wp-content\\\/uploads\\\/2026\\\/05\\\/CON1.webp\",\"articleSection\":[\"Cultural\"],\"inLanguage\":\"es\"},{\"@type\":\"WebPage\",\"@id\":\"https:\\\/\\\/www.eldiario.net\\\/portal\\\/2026\\\/06\\\/01\\\/octavia-y-orquesta-sinfonica-nacional-conquistan-la-paz-con-un-historico-concierto-de-rock-fusion\\\/\",\"url\":\"https:\\\/\\\/www.eldiario.net\\\/portal\\\/2026\\\/06\\\/01\\\/octavia-y-orquesta-sinfonica-nacional-conquistan-la-paz-con-un-historico-concierto-de-rock-fusion\\\/\",\"name\":\"Octavia y Orquesta Sinf\u00f3nica Nacional conquistan La Paz con un hist\u00f3rico concierto de rock fusi\u00f3n - El Diario - Bolivia\",\"isPartOf\":{\"@id\":\"https:\\\/\\\/www.eldiario.net\\\/portal\\\/#website\"},\"primaryImageOfPage\":{\"@id\":\"https:\\\/\\\/www.eldiario.net\\\/portal\\\/2026\\\/06\\\/01\\\/octavia-y-orquesta-sinfonica-nacional-conquistan-la-paz-con-un-historico-concierto-de-rock-fusion\\\/#primaryimage\"},\"image\":{\"@id\":\"https:\\\/\\\/www.eldiario.net\\\/portal\\\/2026\\\/06\\\/01\\\/octavia-y-orquesta-sinfonica-nacional-conquistan-la-paz-con-un-historico-concierto-de-rock-fusion\\\/#primaryimage\"},\"thumbnailUrl\":\"https:\\\/\\\/www.eldiario.net\\\/portal\\\/wp-content\\\/uploads\\\/2026\\\/05\\\/CON1.webp\",\"datePublished\":\"2026-06-01T04:47:43+00:00\",\"breadcrumb\":{\"@id\":\"https:\\\/\\\/www.eldiario.net\\\/portal\\\/2026\\\/06\\\/01\\\/octavia-y-orquesta-sinfonica-nacional-conquistan-la-paz-con-un-historico-concierto-de-rock-fusion\\\/#breadcrumb\"},\"inLanguage\":\"es\",\"potentialAction\":[{\"@type\":\"ReadAction\",\"target\":[\"https:\\\/\\\/www.eldiario.net\\\/portal\\\/2026\\\/06\\\/01\\\/octavia-y-orquesta-sinfonica-nacional-conquistan-la-paz-con-un-historico-concierto-de-rock-fusion\\\/\"]}]},{\"@type\":\"ImageObject\",\"inLanguage\":\"es\",\"@id\":\"https:\\\/\\\/www.eldiario.net\\\/portal\\\/2026\\\/06\\\/01\\\/octavia-y-orquesta-sinfonica-nacional-conquistan-la-paz-con-un-historico-concierto-de-rock-fusion\\\/#primaryimage\",\"url\":\"https:\\\/\\\/www.eldiario.net\\\/portal\\\/wp-content\\\/uploads\\\/2026\\\/05\\\/CON1.webp\",\"contentUrl\":\"https:\\\/\\\/www.eldiario.net\\\/portal\\\/wp-content\\\/uploads\\\/2026\\\/05\\\/CON1.webp\",\"width\":1280,\"height\":960},{\"@type\":\"BreadcrumbList\",\"@id\":\"https:\\\/\\\/www.eldiario.net\\\/portal\\\/2026\\\/06\\\/01\\\/octavia-y-orquesta-sinfonica-nacional-conquistan-la-paz-con-un-historico-concierto-de-rock-fusion\\\/#breadcrumb\",\"itemListElement\":[{\"@type\":\"ListItem\",\"position\":1,\"name\":\"Portada\",\"item\":\"https:\\\/\\\/www.eldiario.net\\\/portal\\\/\"},{\"@type\":\"ListItem\",\"position\":2,\"name\":\"Octavia y Orquesta Sinf\u00f3nica Nacional conquistan La Paz con un hist\u00f3rico concierto de rock fusi\u00f3n\"}]},{\"@type\":\"WebSite\",\"@id\":\"https:\\\/\\\/www.eldiario.net\\\/portal\\\/#website\",\"url\":\"https:\\\/\\\/www.eldiario.net\\\/portal\\\/\",\"name\":\"El Diario - Decano de la prensa nacional\",\"description\":\"El Diario - Decano de la prensa nacional\",\"publisher\":{\"@id\":\"https:\\\/\\\/www.eldiario.net\\\/portal\\\/#organization\"},\"potentialAction\":[{\"@type\":\"SearchAction\",\"target\":{\"@type\":\"EntryPoint\",\"urlTemplate\":\"https:\\\/\\\/www.eldiario.net\\\/portal\\\/?s={search_term_string}\"},\"query-input\":{\"@type\":\"PropertyValueSpecification\",\"valueRequired\":true,\"valueName\":\"search_term_string\"}}],\"inLanguage\":\"es\"},{\"@type\":\"Organization\",\"@id\":\"https:\\\/\\\/www.eldiario.net\\\/portal\\\/#organization\",\"name\":\"El Diario - Decano de la prensa nacional\",\"url\":\"https:\\\/\\\/www.eldiario.net\\\/portal\\\/\",\"logo\":{\"@type\":\"ImageObject\",\"inLanguage\":\"es\",\"@id\":\"https:\\\/\\\/www.eldiario.net\\\/portal\\\/#\\\/schema\\\/logo\\\/image\\\/\",\"url\":\"https:\\\/\\\/www.eldiario.net\\\/portal\\\/wp-content\\\/uploads\\\/2023\\\/07\\\/logo_ED.jpg\",\"contentUrl\":\"https:\\\/\\\/www.eldiario.net\\\/portal\\\/wp-content\\\/uploads\\\/2023\\\/07\\\/logo_ED.jpg\",\"width\":272,\"height\":52,\"caption\":\"El Diario - Decano de la prensa nacional\"},\"image\":{\"@id\":\"https:\\\/\\\/www.eldiario.net\\\/portal\\\/#\\\/schema\\\/logo\\\/image\\\/\"},\"sameAs\":[\"https:\\\/\\\/www.facebook.com\\\/eldiario.bolivia\\\/\",\"https:\\\/\\\/x.com\\\/eldiario_net\"]},{\"@type\":\"Person\",\"@id\":\"https:\\\/\\\/www.eldiario.net\\\/portal\\\/#\\\/schema\\\/person\\\/2c57cf2b7a7ae032e449e4c9b1019eac\",\"name\":\"Jeanette\",\"image\":{\"@type\":\"ImageObject\",\"inLanguage\":\"es\",\"@id\":\"https:\\\/\\\/secure.gravatar.com\\\/avatar\\\/3ea2118a5f7dad2b7138b1187a6b7ee55f160b9968b66013c3a3ef39dd7e5798?s=96&d=mm&r=g\",\"url\":\"https:\\\/\\\/secure.gravatar.com\\\/avatar\\\/3ea2118a5f7dad2b7138b1187a6b7ee55f160b9968b66013c3a3ef39dd7e5798?s=96&d=mm&r=g\",\"contentUrl\":\"https:\\\/\\\/secure.gravatar.com\\\/avatar\\\/3ea2118a5f7dad2b7138b1187a6b7ee55f160b9968b66013c3a3ef39dd7e5798?s=96&d=mm&r=g\",\"caption\":\"Jeanette\"},\"sameAs\":[\"https:\\\/\\\/www.eldiario.net\\\/portal\"],\"url\":\"https:\\\/\\\/www.eldiario.net\\\/portal\\\/author\\\/jeanette\\\/\"}]}<\/script>\n<!-- \/ Yoast SEO plugin. -->","yoast_head_json":{"title":"Octavia y Orquesta Sinf\u00f3nica Nacional conquistan La Paz con un hist\u00f3rico concierto de rock fusi\u00f3n - El Diario - Bolivia","robots":{"index":"index","follow":"follow","max-snippet":"max-snippet:-1","max-image-preview":"max-image-preview:large","max-video-preview":"max-video-preview:-1"},"canonical":"https:\/\/www.eldiario.net\/portal\/2026\/06\/01\/octavia-y-orquesta-sinfonica-nacional-conquistan-la-paz-con-un-historico-concierto-de-rock-fusion\/","og_locale":"es_ES","og_type":"article","og_title":"Octavia y Orquesta Sinf\u00f3nica Nacional conquistan La Paz con un hist\u00f3rico concierto de rock fusi\u00f3n - El Diario - Bolivia","og_description":"Por Susana Guti\u00e9rrez La Paz es una ciudad que respira intensidad. Sus calles, acostumbradas al eco de las demandas sociales, se convirtieron la pasada semana en el escenario de un laberinto de bloqueos y resguardos policiales que obligaron a la Orquesta Sinf\u00f3nica Nacional de Bolivia (OSNB) a abandonar temporalmente su emblem\u00e1tica sede de la calle [&hellip;]","og_url":"https:\/\/www.eldiario.net\/portal\/2026\/06\/01\/octavia-y-orquesta-sinfonica-nacional-conquistan-la-paz-con-un-historico-concierto-de-rock-fusion\/","og_site_name":"El Diario - Bolivia","article_publisher":"https:\/\/www.facebook.com\/eldiario.bolivia\/","article_published_time":"2026-06-01T04:47:43+00:00","og_image":[{"width":1280,"height":960,"url":"https:\/\/www.eldiario.net\/portal\/wp-content\/uploads\/2026\/05\/CON1.webp","type":"image\/webp"}],"author":"Jeanette","twitter_card":"summary_large_image","twitter_creator":"@eldiario_net","twitter_site":"@eldiario_net","twitter_misc":{"Escrito por":"Jeanette","Tiempo de lectura":"4 minutos"},"schema":{"@context":"https:\/\/schema.org","@graph":[{"@type":"Article","@id":"https:\/\/www.eldiario.net\/portal\/2026\/06\/01\/octavia-y-orquesta-sinfonica-nacional-conquistan-la-paz-con-un-historico-concierto-de-rock-fusion\/#article","isPartOf":{"@id":"https:\/\/www.eldiario.net\/portal\/2026\/06\/01\/octavia-y-orquesta-sinfonica-nacional-conquistan-la-paz-con-un-historico-concierto-de-rock-fusion\/"},"author":{"name":"Jeanette","@id":"https:\/\/www.eldiario.net\/portal\/#\/schema\/person\/2c57cf2b7a7ae032e449e4c9b1019eac"},"headline":"Octavia y Orquesta Sinf\u00f3nica Nacional conquistan La Paz con un hist\u00f3rico concierto de rock fusi\u00f3n","datePublished":"2026-06-01T04:47:43+00:00","mainEntityOfPage":{"@id":"https:\/\/www.eldiario.net\/portal\/2026\/06\/01\/octavia-y-orquesta-sinfonica-nacional-conquistan-la-paz-con-un-historico-concierto-de-rock-fusion\/"},"wordCount":793,"publisher":{"@id":"https:\/\/www.eldiario.net\/portal\/#organization"},"image":{"@id":"https:\/\/www.eldiario.net\/portal\/2026\/06\/01\/octavia-y-orquesta-sinfonica-nacional-conquistan-la-paz-con-un-historico-concierto-de-rock-fusion\/#primaryimage"},"thumbnailUrl":"https:\/\/www.eldiario.net\/portal\/wp-content\/uploads\/2026\/05\/CON1.webp","articleSection":["Cultural"],"inLanguage":"es"},{"@type":"WebPage","@id":"https:\/\/www.eldiario.net\/portal\/2026\/06\/01\/octavia-y-orquesta-sinfonica-nacional-conquistan-la-paz-con-un-historico-concierto-de-rock-fusion\/","url":"https:\/\/www.eldiario.net\/portal\/2026\/06\/01\/octavia-y-orquesta-sinfonica-nacional-conquistan-la-paz-con-un-historico-concierto-de-rock-fusion\/","name":"Octavia y Orquesta Sinf\u00f3nica Nacional conquistan La Paz con un hist\u00f3rico concierto de rock fusi\u00f3n - El Diario - Bolivia","isPartOf":{"@id":"https:\/\/www.eldiario.net\/portal\/#website"},"primaryImageOfPage":{"@id":"https:\/\/www.eldiario.net\/portal\/2026\/06\/01\/octavia-y-orquesta-sinfonica-nacional-conquistan-la-paz-con-un-historico-concierto-de-rock-fusion\/#primaryimage"},"image":{"@id":"https:\/\/www.eldiario.net\/portal\/2026\/06\/01\/octavia-y-orquesta-sinfonica-nacional-conquistan-la-paz-con-un-historico-concierto-de-rock-fusion\/#primaryimage"},"thumbnailUrl":"https:\/\/www.eldiario.net\/portal\/wp-content\/uploads\/2026\/05\/CON1.webp","datePublished":"2026-06-01T04:47:43+00:00","breadcrumb":{"@id":"https:\/\/www.eldiario.net\/portal\/2026\/06\/01\/octavia-y-orquesta-sinfonica-nacional-conquistan-la-paz-con-un-historico-concierto-de-rock-fusion\/#breadcrumb"},"inLanguage":"es","potentialAction":[{"@type":"ReadAction","target":["https:\/\/www.eldiario.net\/portal\/2026\/06\/01\/octavia-y-orquesta-sinfonica-nacional-conquistan-la-paz-con-un-historico-concierto-de-rock-fusion\/"]}]},{"@type":"ImageObject","inLanguage":"es","@id":"https:\/\/www.eldiario.net\/portal\/2026\/06\/01\/octavia-y-orquesta-sinfonica-nacional-conquistan-la-paz-con-un-historico-concierto-de-rock-fusion\/#primaryimage","url":"https:\/\/www.eldiario.net\/portal\/wp-content\/uploads\/2026\/05\/CON1.webp","contentUrl":"https:\/\/www.eldiario.net\/portal\/wp-content\/uploads\/2026\/05\/CON1.webp","width":1280,"height":960},{"@type":"BreadcrumbList","@id":"https:\/\/www.eldiario.net\/portal\/2026\/06\/01\/octavia-y-orquesta-sinfonica-nacional-conquistan-la-paz-con-un-historico-concierto-de-rock-fusion\/#breadcrumb","itemListElement":[{"@type":"ListItem","position":1,"name":"Portada","item":"https:\/\/www.eldiario.net\/portal\/"},{"@type":"ListItem","position":2,"name":"Octavia y Orquesta Sinf\u00f3nica Nacional conquistan La Paz con un hist\u00f3rico concierto de rock fusi\u00f3n"}]},{"@type":"WebSite","@id":"https:\/\/www.eldiario.net\/portal\/#website","url":"https:\/\/www.eldiario.net\/portal\/","name":"El Diario - Decano de la prensa nacional","description":"El Diario - Decano de la prensa nacional","publisher":{"@id":"https:\/\/www.eldiario.net\/portal\/#organization"},"potentialAction":[{"@type":"SearchAction","target":{"@type":"EntryPoint","urlTemplate":"https:\/\/www.eldiario.net\/portal\/?s={search_term_string}"},"query-input":{"@type":"PropertyValueSpecification","valueRequired":true,"valueName":"search_term_string"}}],"inLanguage":"es"},{"@type":"Organization","@id":"https:\/\/www.eldiario.net\/portal\/#organization","name":"El Diario - Decano de la prensa nacional","url":"https:\/\/www.eldiario.net\/portal\/","logo":{"@type":"ImageObject","inLanguage":"es","@id":"https:\/\/www.eldiario.net\/portal\/#\/schema\/logo\/image\/","url":"https:\/\/www.eldiario.net\/portal\/wp-content\/uploads\/2023\/07\/logo_ED.jpg","contentUrl":"https:\/\/www.eldiario.net\/portal\/wp-content\/uploads\/2023\/07\/logo_ED.jpg","width":272,"height":52,"caption":"El Diario - Decano de la prensa nacional"},"image":{"@id":"https:\/\/www.eldiario.net\/portal\/#\/schema\/logo\/image\/"},"sameAs":["https:\/\/www.facebook.com\/eldiario.bolivia\/","https:\/\/x.com\/eldiario_net"]},{"@type":"Person","@id":"https:\/\/www.eldiario.net\/portal\/#\/schema\/person\/2c57cf2b7a7ae032e449e4c9b1019eac","name":"Jeanette","image":{"@type":"ImageObject","inLanguage":"es","@id":"https:\/\/secure.gravatar.com\/avatar\/3ea2118a5f7dad2b7138b1187a6b7ee55f160b9968b66013c3a3ef39dd7e5798?s=96&d=mm&r=g","url":"https:\/\/secure.gravatar.com\/avatar\/3ea2118a5f7dad2b7138b1187a6b7ee55f160b9968b66013c3a3ef39dd7e5798?s=96&d=mm&r=g","contentUrl":"https:\/\/secure.gravatar.com\/avatar\/3ea2118a5f7dad2b7138b1187a6b7ee55f160b9968b66013c3a3ef39dd7e5798?s=96&d=mm&r=g","caption":"Jeanette"},"sameAs":["https:\/\/www.eldiario.net\/portal"],"url":"https:\/\/www.eldiario.net\/portal\/author\/jeanette\/"}]}},"_links":{"self":[{"href":"https:\/\/www.eldiario.net\/portal\/wp-json\/wp\/v2\/posts\/399709","targetHints":{"allow":["GET"]}}],"collection":[{"href":"https:\/\/www.eldiario.net\/portal\/wp-json\/wp\/v2\/posts"}],"about":[{"href":"https:\/\/www.eldiario.net\/portal\/wp-json\/wp\/v2\/types\/post"}],"author":[{"embeddable":true,"href":"https:\/\/www.eldiario.net\/portal\/wp-json\/wp\/v2\/users\/1"}],"replies":[{"embeddable":true,"href":"https:\/\/www.eldiario.net\/portal\/wp-json\/wp\/v2\/comments?post=399709"}],"version-history":[{"count":1,"href":"https:\/\/www.eldiario.net\/portal\/wp-json\/wp\/v2\/posts\/399709\/revisions"}],"predecessor-version":[{"id":399716,"href":"https:\/\/www.eldiario.net\/portal\/wp-json\/wp\/v2\/posts\/399709\/revisions\/399716"}],"wp:featuredmedia":[{"embeddable":true,"href":"https:\/\/www.eldiario.net\/portal\/wp-json\/wp\/v2\/media\/399710"}],"wp:attachment":[{"href":"https:\/\/www.eldiario.net\/portal\/wp-json\/wp\/v2\/media?parent=399709"}],"wp:term":[{"taxonomy":"category","embeddable":true,"href":"https:\/\/www.eldiario.net\/portal\/wp-json\/wp\/v2\/categories?post=399709"},{"taxonomy":"post_tag","embeddable":true,"href":"https:\/\/www.eldiario.net\/portal\/wp-json\/wp\/v2\/tags?post=399709"}],"curies":[{"name":"wp","href":"https:\/\/api.w.org\/{rel}","templated":true}]}}