{"id":399606,"date":"2026-05-31T08:29:27","date_gmt":"2026-05-31T12:29:27","guid":{"rendered":"https:\/\/www.eldiario.net\/portal\/?p=399606"},"modified":"2026-05-31T08:29:27","modified_gmt":"2026-05-31T12:29:27","slug":"que-es-el-cancer-de-colon-3","status":"publish","type":"post","link":"https:\/\/www.eldiario.net\/portal\/2026\/05\/31\/que-es-el-cancer-de-colon-3\/","title":{"rendered":"\u00bfQU\u00c9 ES EL C\u00c1NCER DE COLON?"},"content":{"rendered":"<p>La importancia de prevenirlo a tiempo<\/p>\n<p>&nbsp;<\/p>\n<p>Dr. Jos\u00e9 Alberto Gonz\u00e1lez Ram\u00edrez &#8211; Cirujano General y Oncologo<\/p>\n<p>&nbsp;<\/p>\n<p>Esta patolog\u00eda comienza en el intestino grueso (colon), regularmente empieza con el crecimiento de tejido o un tumor al que se le llama p\u00f3lipo no canceroso, el cual puede comenzar a crecer en el espesor de la pared del colon o del recto y al paso del tiempo volverse canceroso. La posibilidad de padecer este tipo de c\u00e1ncer es mayor en las personas adultas (despu\u00e9s de los 50 a\u00f1os de edad).<\/p>\n<p>&nbsp;<\/p>\n<p><strong>Tipos<\/strong> <strong>de<\/strong> <strong>c\u00e1ncer<\/strong> <strong>de<\/strong> <strong>colon:<\/strong><\/p>\n<p><strong>Adenocarcinoma:<\/strong> Son las c\u00e9lulas que recubren la superficie interna del colon.<\/p>\n<p><strong>Tumores carcinoides:<\/strong> Tumor canceroso de crecimiento lento que se forma en el revestimiento del tubo gastrointestinal.<\/p>\n<p><strong>Linfoma:<\/strong> Es el c\u00e1ncer del sistema inmunitario que puede comenzar en el colon.<\/p>\n<p><strong>C\u00e1ncer de colon hereditario:<\/strong> En \u00e9l se estima que entre el 5 y 10% de los casos son hereditarios.<\/p>\n<p><strong>En su etapa inicial no muestra s\u00edntomas, pero en un estado m\u00e1s avanzado se presenta:<\/strong><\/p>\n<p><strong>\u00a0<\/strong><\/p>\n<ul>\n<li>Cambio en los h\u00e1bitos de evacuaci\u00f3n, como es la diarrea.<\/li>\n<li>Estre\u00f1imiento o reducci\u00f3n del di\u00e1metro de las heces por varios d\u00edas.<\/li>\n<li>Sensaci\u00f3n de que se necesita defecar y que no desaparece despu\u00e9s de hacerlo.<\/li>\n<li>Sangrado rectal, color del excremento oscuro o sangre fresca en las heces.<\/li>\n<li>C\u00f3licos o dolor abdominal, debilidad y cansancio.<\/li>\n<li>P\u00e9rdida inexplicable de peso.<\/li>\n<\/ul>\n<p>&nbsp;<\/p>\n<p><strong>Las etapas del c\u00e1ncer de colon se indican mediante n\u00fameros romanos que van del 0 al <em>IV.<\/em><\/strong> En las etapas m\u00e1s bajas, el c\u00e1ncer se limita al revestimiento del interior del colon. Cuando alcanza la etapa IV, el c\u00e1ncer se considera avanzado y se ha diseminado (ha hecho met\u00e1stasis) a otras \u00e1reas del cuerpo.<\/p>\n<p>&nbsp;<\/p>\n<p>Ante los pocos o nulos s\u00edntomas del c\u00e1ncer de colon en sus primeras etapas, la detecci\u00f3n temprana resulta dif\u00edcil.<\/p>\n<p>&nbsp;<\/p>\n<p><strong>Dentro de las pruebas de diagn\u00f3stico se encuentran:<\/strong><\/p>\n<p><strong>\u00a0<\/strong><\/p>\n<p><strong>Inmunohistoqu\u00edmica:<\/strong> Se trata de un m\u00e9todo de laboratorio que se utiliza para encontrar sangre oculta en heces.<\/p>\n<p><strong>El enema de bario<\/strong>: Prueba de diagn\u00f3stico por radiograf\u00eda que permite ver el colon y el recto.<\/p>\n<p><strong>La endoscopia rectal:<\/strong> Es una prueba que le permite al m\u00e9dico observar las paredes de la porci\u00f3n baja del tubo digestivo.<\/p>\n<p><strong>Colonoscop\u00eda:<\/strong> Su m\u00e9dico puede examinar el colon entero y el recto durante la colonoscop\u00eda. Este procedimiento se utiliza para buscar los signos tempranos de un c\u00e1ncer en el colon y recto.<\/p>\n<p>&nbsp;<\/p>\n<p><strong>Prevenci\u00f3n:<\/strong><\/p>\n<p>Es posible prevenirlo siguiendo estos sencillos consejos: Incluye en tu dieta diaria vegetales, verduras, frutas y granos integrales, practica ejercicio regularmente, mant\u00e9n tu peso ideal de acuerdo con la edad y sexo, evita el tabaquismo y el consumo de alcohol. El m\u00e9dico especialista recomienda ciertos ex\u00e1menes de detecci\u00f3n para personas sanas sin signos ni s\u00edntomas con el fin de buscar indicios de c\u00e1ncer de colon o p\u00f3lipos no cancerosos en el colon.<\/p>\n<p>&nbsp;<\/p>\n<p><strong><em>Detectar el c\u00e1ncer de colon en su etapa m\u00e1s temprana proporciona la mayor posibilidad de curaci\u00f3n. <\/em><\/strong><\/p>\n","protected":false},"excerpt":{"rendered":"<p>La importancia de prevenirlo a tiempo &nbsp; Dr. Jos\u00e9 Alberto Gonz\u00e1lez Ram\u00edrez &#8211; Cirujano General y Oncologo &nbsp; Esta patolog\u00eda comienza en el intestino grueso (colon), regularmente empieza con el crecimiento de tejido o un tumor al que se le llama p\u00f3lipo no canceroso, el cual puede comenzar a crecer en el espesor de la [&hellip;]<\/p>\n","protected":false},"author":1,"featured_media":399607,"comment_status":"closed","ping_status":"open","sticky":false,"template":"","format":"standard","meta":{"_acf_changed":false,"footnotes":""},"categories":[52],"tags":[],"class_list":["post-399606","post","type-post","status-publish","format-standard","has-post-thumbnail","category-de-salud-mas-vida"],"acf":{"antetitulo":""},"yoast_head":"<!-- This site is optimized with the Yoast SEO plugin v28.4 - https:\/\/yoast.com\/product\/yoast-seo-wordpress\/ -->\n<title>\u00bfQU\u00c9 ES EL C\u00c1NCER DE COLON? - El Diario - Bolivia<\/title>\n<meta name=\"robots\" content=\"index, follow, max-snippet:-1, max-image-preview:large, max-video-preview:-1\" \/>\n<link rel=\"canonical\" href=\"https:\/\/www.eldiario.net\/portal\/2026\/05\/31\/que-es-el-cancer-de-colon-3\/\" \/>\n<meta property=\"og:locale\" content=\"es_ES\" \/>\n<meta property=\"og:type\" content=\"article\" \/>\n<meta property=\"og:title\" content=\"\u00bfQU\u00c9 ES EL C\u00c1NCER DE COLON? - El Diario - Bolivia\" \/>\n<meta property=\"og:description\" content=\"La importancia de prevenirlo a tiempo &nbsp; Dr. Jos\u00e9 Alberto Gonz\u00e1lez Ram\u00edrez &#8211; Cirujano General y Oncologo &nbsp; Esta patolog\u00eda comienza en el intestino grueso (colon), regularmente empieza con el crecimiento de tejido o un tumor al que se le llama p\u00f3lipo no canceroso, el cual puede comenzar a crecer en el espesor de la [&hellip;]\" \/>\n<meta property=\"og:url\" content=\"https:\/\/www.eldiario.net\/portal\/2026\/05\/31\/que-es-el-cancer-de-colon-3\/\" \/>\n<meta property=\"og:site_name\" content=\"El Diario - Bolivia\" \/>\n<meta property=\"article:publisher\" content=\"https:\/\/www.facebook.com\/eldiario.bolivia\/\" \/>\n<meta property=\"article:published_time\" content=\"2026-05-31T12:29:27+00:00\" \/>\n<meta property=\"og:image\" content=\"https:\/\/www.eldiario.net\/portal\/wp-content\/uploads\/2026\/05\/\u00bfQUE-ES-EL-CANCER-DE-COLON.webp\" \/>\n\t<meta property=\"og:image:width\" content=\"1200\" \/>\n\t<meta property=\"og:image:height\" content=\"675\" \/>\n\t<meta property=\"og:image:type\" content=\"image\/webp\" \/>\n<meta name=\"author\" content=\"Jeanette\" \/>\n<meta name=\"twitter:card\" content=\"summary_large_image\" \/>\n<meta name=\"twitter:creator\" content=\"@eldiario_net\" \/>\n<meta name=\"twitter:site\" content=\"@eldiario_net\" \/>\n<meta name=\"twitter:label1\" content=\"Escrito por\" \/>\n\t<meta name=\"twitter:data1\" content=\"Jeanette\" \/>\n\t<meta name=\"twitter:label2\" content=\"Tiempo de lectura\" \/>\n\t<meta name=\"twitter:data2\" content=\"3 minutos\" \/>\n<script type=\"application\/ld+json\" class=\"yoast-schema-graph\">{\"@context\":\"https:\\\/\\\/schema.org\",\"@graph\":[{\"@type\":\"Article\",\"@id\":\"https:\\\/\\\/www.eldiario.net\\\/portal\\\/2026\\\/05\\\/31\\\/que-es-el-cancer-de-colon-3\\\/#article\",\"isPartOf\":{\"@id\":\"https:\\\/\\\/www.eldiario.net\\\/portal\\\/2026\\\/05\\\/31\\\/que-es-el-cancer-de-colon-3\\\/\"},\"author\":{\"name\":\"Jeanette\",\"@id\":\"https:\\\/\\\/www.eldiario.net\\\/portal\\\/#\\\/schema\\\/person\\\/2c57cf2b7a7ae032e449e4c9b1019eac\"},\"headline\":\"\u00bfQU\u00c9 ES EL C\u00c1NCER DE COLON?\",\"datePublished\":\"2026-05-31T12:29:27+00:00\",\"mainEntityOfPage\":{\"@id\":\"https:\\\/\\\/www.eldiario.net\\\/portal\\\/2026\\\/05\\\/31\\\/que-es-el-cancer-de-colon-3\\\/\"},\"wordCount\":545,\"publisher\":{\"@id\":\"https:\\\/\\\/www.eldiario.net\\\/portal\\\/#organization\"},\"image\":{\"@id\":\"https:\\\/\\\/www.eldiario.net\\\/portal\\\/2026\\\/05\\\/31\\\/que-es-el-cancer-de-colon-3\\\/#primaryimage\"},\"thumbnailUrl\":\"https:\\\/\\\/www.eldiario.net\\\/portal\\\/wp-content\\\/uploads\\\/2026\\\/05\\\/\u00bfQUE-ES-EL-CANCER-DE-COLON.webp\",\"articleSection\":[\"De Salud + vida\"],\"inLanguage\":\"es\"},{\"@type\":\"WebPage\",\"@id\":\"https:\\\/\\\/www.eldiario.net\\\/portal\\\/2026\\\/05\\\/31\\\/que-es-el-cancer-de-colon-3\\\/\",\"url\":\"https:\\\/\\\/www.eldiario.net\\\/portal\\\/2026\\\/05\\\/31\\\/que-es-el-cancer-de-colon-3\\\/\",\"name\":\"\u00bfQU\u00c9 ES EL C\u00c1NCER DE COLON? - El Diario - Bolivia\",\"isPartOf\":{\"@id\":\"https:\\\/\\\/www.eldiario.net\\\/portal\\\/#website\"},\"primaryImageOfPage\":{\"@id\":\"https:\\\/\\\/www.eldiario.net\\\/portal\\\/2026\\\/05\\\/31\\\/que-es-el-cancer-de-colon-3\\\/#primaryimage\"},\"image\":{\"@id\":\"https:\\\/\\\/www.eldiario.net\\\/portal\\\/2026\\\/05\\\/31\\\/que-es-el-cancer-de-colon-3\\\/#primaryimage\"},\"thumbnailUrl\":\"https:\\\/\\\/www.eldiario.net\\\/portal\\\/wp-content\\\/uploads\\\/2026\\\/05\\\/\u00bfQUE-ES-EL-CANCER-DE-COLON.webp\",\"datePublished\":\"2026-05-31T12:29:27+00:00\",\"breadcrumb\":{\"@id\":\"https:\\\/\\\/www.eldiario.net\\\/portal\\\/2026\\\/05\\\/31\\\/que-es-el-cancer-de-colon-3\\\/#breadcrumb\"},\"inLanguage\":\"es\",\"potentialAction\":[{\"@type\":\"ReadAction\",\"target\":[\"https:\\\/\\\/www.eldiario.net\\\/portal\\\/2026\\\/05\\\/31\\\/que-es-el-cancer-de-colon-3\\\/\"]}]},{\"@type\":\"ImageObject\",\"inLanguage\":\"es\",\"@id\":\"https:\\\/\\\/www.eldiario.net\\\/portal\\\/2026\\\/05\\\/31\\\/que-es-el-cancer-de-colon-3\\\/#primaryimage\",\"url\":\"https:\\\/\\\/www.eldiario.net\\\/portal\\\/wp-content\\\/uploads\\\/2026\\\/05\\\/\u00bfQUE-ES-EL-CANCER-DE-COLON.webp\",\"contentUrl\":\"https:\\\/\\\/www.eldiario.net\\\/portal\\\/wp-content\\\/uploads\\\/2026\\\/05\\\/\u00bfQUE-ES-EL-CANCER-DE-COLON.webp\",\"width\":1200,\"height\":675},{\"@type\":\"BreadcrumbList\",\"@id\":\"https:\\\/\\\/www.eldiario.net\\\/portal\\\/2026\\\/05\\\/31\\\/que-es-el-cancer-de-colon-3\\\/#breadcrumb\",\"itemListElement\":[{\"@type\":\"ListItem\",\"position\":1,\"name\":\"Portada\",\"item\":\"https:\\\/\\\/www.eldiario.net\\\/portal\\\/\"},{\"@type\":\"ListItem\",\"position\":2,\"name\":\"\u00bfQU\u00c9 ES EL C\u00c1NCER DE COLON?\"}]},{\"@type\":\"WebSite\",\"@id\":\"https:\\\/\\\/www.eldiario.net\\\/portal\\\/#website\",\"url\":\"https:\\\/\\\/www.eldiario.net\\\/portal\\\/\",\"name\":\"El Diario - Decano de la prensa nacional\",\"description\":\"El Diario - Decano de la prensa nacional\",\"publisher\":{\"@id\":\"https:\\\/\\\/www.eldiario.net\\\/portal\\\/#organization\"},\"potentialAction\":[{\"@type\":\"SearchAction\",\"target\":{\"@type\":\"EntryPoint\",\"urlTemplate\":\"https:\\\/\\\/www.eldiario.net\\\/portal\\\/?s={search_term_string}\"},\"query-input\":{\"@type\":\"PropertyValueSpecification\",\"valueRequired\":true,\"valueName\":\"search_term_string\"}}],\"inLanguage\":\"es\"},{\"@type\":\"Organization\",\"@id\":\"https:\\\/\\\/www.eldiario.net\\\/portal\\\/#organization\",\"name\":\"El Diario - Decano de la prensa nacional\",\"url\":\"https:\\\/\\\/www.eldiario.net\\\/portal\\\/\",\"logo\":{\"@type\":\"ImageObject\",\"inLanguage\":\"es\",\"@id\":\"https:\\\/\\\/www.eldiario.net\\\/portal\\\/#\\\/schema\\\/logo\\\/image\\\/\",\"url\":\"https:\\\/\\\/www.eldiario.net\\\/portal\\\/wp-content\\\/uploads\\\/2023\\\/07\\\/logo_ED.jpg\",\"contentUrl\":\"https:\\\/\\\/www.eldiario.net\\\/portal\\\/wp-content\\\/uploads\\\/2023\\\/07\\\/logo_ED.jpg\",\"width\":272,\"height\":52,\"caption\":\"El Diario - Decano de la prensa nacional\"},\"image\":{\"@id\":\"https:\\\/\\\/www.eldiario.net\\\/portal\\\/#\\\/schema\\\/logo\\\/image\\\/\"},\"sameAs\":[\"https:\\\/\\\/www.facebook.com\\\/eldiario.bolivia\\\/\",\"https:\\\/\\\/x.com\\\/eldiario_net\"]},{\"@type\":\"Person\",\"@id\":\"https:\\\/\\\/www.eldiario.net\\\/portal\\\/#\\\/schema\\\/person\\\/2c57cf2b7a7ae032e449e4c9b1019eac\",\"name\":\"Jeanette\",\"image\":{\"@type\":\"ImageObject\",\"inLanguage\":\"es\",\"@id\":\"https:\\\/\\\/secure.gravatar.com\\\/avatar\\\/3ea2118a5f7dad2b7138b1187a6b7ee55f160b9968b66013c3a3ef39dd7e5798?s=96&d=mm&r=g\",\"url\":\"https:\\\/\\\/secure.gravatar.com\\\/avatar\\\/3ea2118a5f7dad2b7138b1187a6b7ee55f160b9968b66013c3a3ef39dd7e5798?s=96&d=mm&r=g\",\"contentUrl\":\"https:\\\/\\\/secure.gravatar.com\\\/avatar\\\/3ea2118a5f7dad2b7138b1187a6b7ee55f160b9968b66013c3a3ef39dd7e5798?s=96&d=mm&r=g\",\"caption\":\"Jeanette\"},\"sameAs\":[\"https:\\\/\\\/www.eldiario.net\\\/portal\"],\"url\":\"https:\\\/\\\/www.eldiario.net\\\/portal\\\/author\\\/jeanette\\\/\"}]}<\/script>\n<!-- \/ Yoast SEO plugin. -->","yoast_head_json":{"title":"\u00bfQU\u00c9 ES EL C\u00c1NCER DE COLON? - El Diario - Bolivia","robots":{"index":"index","follow":"follow","max-snippet":"max-snippet:-1","max-image-preview":"max-image-preview:large","max-video-preview":"max-video-preview:-1"},"canonical":"https:\/\/www.eldiario.net\/portal\/2026\/05\/31\/que-es-el-cancer-de-colon-3\/","og_locale":"es_ES","og_type":"article","og_title":"\u00bfQU\u00c9 ES EL C\u00c1NCER DE COLON? - El Diario - Bolivia","og_description":"La importancia de prevenirlo a tiempo &nbsp; Dr. Jos\u00e9 Alberto Gonz\u00e1lez Ram\u00edrez &#8211; Cirujano General y Oncologo &nbsp; Esta patolog\u00eda comienza en el intestino grueso (colon), regularmente empieza con el crecimiento de tejido o un tumor al que se le llama p\u00f3lipo no canceroso, el cual puede comenzar a crecer en el espesor de la [&hellip;]","og_url":"https:\/\/www.eldiario.net\/portal\/2026\/05\/31\/que-es-el-cancer-de-colon-3\/","og_site_name":"El Diario - Bolivia","article_publisher":"https:\/\/www.facebook.com\/eldiario.bolivia\/","article_published_time":"2026-05-31T12:29:27+00:00","og_image":[{"width":1200,"height":675,"url":"https:\/\/www.eldiario.net\/portal\/wp-content\/uploads\/2026\/05\/\u00bfQUE-ES-EL-CANCER-DE-COLON.webp","type":"image\/webp"}],"author":"Jeanette","twitter_card":"summary_large_image","twitter_creator":"@eldiario_net","twitter_site":"@eldiario_net","twitter_misc":{"Escrito por":"Jeanette","Tiempo de lectura":"3 minutos"},"schema":{"@context":"https:\/\/schema.org","@graph":[{"@type":"Article","@id":"https:\/\/www.eldiario.net\/portal\/2026\/05\/31\/que-es-el-cancer-de-colon-3\/#article","isPartOf":{"@id":"https:\/\/www.eldiario.net\/portal\/2026\/05\/31\/que-es-el-cancer-de-colon-3\/"},"author":{"name":"Jeanette","@id":"https:\/\/www.eldiario.net\/portal\/#\/schema\/person\/2c57cf2b7a7ae032e449e4c9b1019eac"},"headline":"\u00bfQU\u00c9 ES EL C\u00c1NCER DE COLON?","datePublished":"2026-05-31T12:29:27+00:00","mainEntityOfPage":{"@id":"https:\/\/www.eldiario.net\/portal\/2026\/05\/31\/que-es-el-cancer-de-colon-3\/"},"wordCount":545,"publisher":{"@id":"https:\/\/www.eldiario.net\/portal\/#organization"},"image":{"@id":"https:\/\/www.eldiario.net\/portal\/2026\/05\/31\/que-es-el-cancer-de-colon-3\/#primaryimage"},"thumbnailUrl":"https:\/\/www.eldiario.net\/portal\/wp-content\/uploads\/2026\/05\/\u00bfQUE-ES-EL-CANCER-DE-COLON.webp","articleSection":["De Salud + vida"],"inLanguage":"es"},{"@type":"WebPage","@id":"https:\/\/www.eldiario.net\/portal\/2026\/05\/31\/que-es-el-cancer-de-colon-3\/","url":"https:\/\/www.eldiario.net\/portal\/2026\/05\/31\/que-es-el-cancer-de-colon-3\/","name":"\u00bfQU\u00c9 ES EL C\u00c1NCER DE COLON? - El Diario - Bolivia","isPartOf":{"@id":"https:\/\/www.eldiario.net\/portal\/#website"},"primaryImageOfPage":{"@id":"https:\/\/www.eldiario.net\/portal\/2026\/05\/31\/que-es-el-cancer-de-colon-3\/#primaryimage"},"image":{"@id":"https:\/\/www.eldiario.net\/portal\/2026\/05\/31\/que-es-el-cancer-de-colon-3\/#primaryimage"},"thumbnailUrl":"https:\/\/www.eldiario.net\/portal\/wp-content\/uploads\/2026\/05\/\u00bfQUE-ES-EL-CANCER-DE-COLON.webp","datePublished":"2026-05-31T12:29:27+00:00","breadcrumb":{"@id":"https:\/\/www.eldiario.net\/portal\/2026\/05\/31\/que-es-el-cancer-de-colon-3\/#breadcrumb"},"inLanguage":"es","potentialAction":[{"@type":"ReadAction","target":["https:\/\/www.eldiario.net\/portal\/2026\/05\/31\/que-es-el-cancer-de-colon-3\/"]}]},{"@type":"ImageObject","inLanguage":"es","@id":"https:\/\/www.eldiario.net\/portal\/2026\/05\/31\/que-es-el-cancer-de-colon-3\/#primaryimage","url":"https:\/\/www.eldiario.net\/portal\/wp-content\/uploads\/2026\/05\/\u00bfQUE-ES-EL-CANCER-DE-COLON.webp","contentUrl":"https:\/\/www.eldiario.net\/portal\/wp-content\/uploads\/2026\/05\/\u00bfQUE-ES-EL-CANCER-DE-COLON.webp","width":1200,"height":675},{"@type":"BreadcrumbList","@id":"https:\/\/www.eldiario.net\/portal\/2026\/05\/31\/que-es-el-cancer-de-colon-3\/#breadcrumb","itemListElement":[{"@type":"ListItem","position":1,"name":"Portada","item":"https:\/\/www.eldiario.net\/portal\/"},{"@type":"ListItem","position":2,"name":"\u00bfQU\u00c9 ES EL C\u00c1NCER DE COLON?"}]},{"@type":"WebSite","@id":"https:\/\/www.eldiario.net\/portal\/#website","url":"https:\/\/www.eldiario.net\/portal\/","name":"El Diario - Decano de la prensa nacional","description":"El Diario - Decano de la prensa nacional","publisher":{"@id":"https:\/\/www.eldiario.net\/portal\/#organization"},"potentialAction":[{"@type":"SearchAction","target":{"@type":"EntryPoint","urlTemplate":"https:\/\/www.eldiario.net\/portal\/?s={search_term_string}"},"query-input":{"@type":"PropertyValueSpecification","valueRequired":true,"valueName":"search_term_string"}}],"inLanguage":"es"},{"@type":"Organization","@id":"https:\/\/www.eldiario.net\/portal\/#organization","name":"El Diario - Decano de la prensa nacional","url":"https:\/\/www.eldiario.net\/portal\/","logo":{"@type":"ImageObject","inLanguage":"es","@id":"https:\/\/www.eldiario.net\/portal\/#\/schema\/logo\/image\/","url":"https:\/\/www.eldiario.net\/portal\/wp-content\/uploads\/2023\/07\/logo_ED.jpg","contentUrl":"https:\/\/www.eldiario.net\/portal\/wp-content\/uploads\/2023\/07\/logo_ED.jpg","width":272,"height":52,"caption":"El Diario - Decano de la prensa nacional"},"image":{"@id":"https:\/\/www.eldiario.net\/portal\/#\/schema\/logo\/image\/"},"sameAs":["https:\/\/www.facebook.com\/eldiario.bolivia\/","https:\/\/x.com\/eldiario_net"]},{"@type":"Person","@id":"https:\/\/www.eldiario.net\/portal\/#\/schema\/person\/2c57cf2b7a7ae032e449e4c9b1019eac","name":"Jeanette","image":{"@type":"ImageObject","inLanguage":"es","@id":"https:\/\/secure.gravatar.com\/avatar\/3ea2118a5f7dad2b7138b1187a6b7ee55f160b9968b66013c3a3ef39dd7e5798?s=96&d=mm&r=g","url":"https:\/\/secure.gravatar.com\/avatar\/3ea2118a5f7dad2b7138b1187a6b7ee55f160b9968b66013c3a3ef39dd7e5798?s=96&d=mm&r=g","contentUrl":"https:\/\/secure.gravatar.com\/avatar\/3ea2118a5f7dad2b7138b1187a6b7ee55f160b9968b66013c3a3ef39dd7e5798?s=96&d=mm&r=g","caption":"Jeanette"},"sameAs":["https:\/\/www.eldiario.net\/portal"],"url":"https:\/\/www.eldiario.net\/portal\/author\/jeanette\/"}]}},"_links":{"self":[{"href":"https:\/\/www.eldiario.net\/portal\/wp-json\/wp\/v2\/posts\/399606","targetHints":{"allow":["GET"]}}],"collection":[{"href":"https:\/\/www.eldiario.net\/portal\/wp-json\/wp\/v2\/posts"}],"about":[{"href":"https:\/\/www.eldiario.net\/portal\/wp-json\/wp\/v2\/types\/post"}],"author":[{"embeddable":true,"href":"https:\/\/www.eldiario.net\/portal\/wp-json\/wp\/v2\/users\/1"}],"replies":[{"embeddable":true,"href":"https:\/\/www.eldiario.net\/portal\/wp-json\/wp\/v2\/comments?post=399606"}],"version-history":[{"count":1,"href":"https:\/\/www.eldiario.net\/portal\/wp-json\/wp\/v2\/posts\/399606\/revisions"}],"predecessor-version":[{"id":399608,"href":"https:\/\/www.eldiario.net\/portal\/wp-json\/wp\/v2\/posts\/399606\/revisions\/399608"}],"wp:featuredmedia":[{"embeddable":true,"href":"https:\/\/www.eldiario.net\/portal\/wp-json\/wp\/v2\/media\/399607"}],"wp:attachment":[{"href":"https:\/\/www.eldiario.net\/portal\/wp-json\/wp\/v2\/media?parent=399606"}],"wp:term":[{"taxonomy":"category","embeddable":true,"href":"https:\/\/www.eldiario.net\/portal\/wp-json\/wp\/v2\/categories?post=399606"},{"taxonomy":"post_tag","embeddable":true,"href":"https:\/\/www.eldiario.net\/portal\/wp-json\/wp\/v2\/tags?post=399606"}],"curies":[{"name":"wp","href":"https:\/\/api.w.org\/{rel}","templated":true}]}}