{"id":399589,"date":"2026-05-31T08:23:16","date_gmt":"2026-05-31T12:23:16","guid":{"rendered":"https:\/\/www.eldiario.net\/portal\/?p=399589"},"modified":"2026-05-31T08:23:16","modified_gmt":"2026-05-31T12:23:16","slug":"propiedades-de-los-arandanos-2","status":"publish","type":"post","link":"https:\/\/www.eldiario.net\/portal\/2026\/05\/31\/propiedades-de-los-arandanos-2\/","title":{"rendered":"PROPIEDADES DE LOS AR\u00c1NDANOS"},"content":{"rendered":"<p>Sin duda las propiedades de los ar\u00e1ndanos son m\u00faltiples: aportan nutrientes que refuerzan el sistema inmunitario y protegen la salud del coraz\u00f3n, el sistema digestivo y el cerebro.<\/p>\n<p><strong>Muy rico en antioxidantes<\/strong><\/p>\n<p>Las investigaciones de las propiedades de los ar\u00e1ndanos califican al ar\u00e1ndano como<strong> el alimento de mayor poder antioxidante<\/strong>.<\/p>\n<p>Este poder antioxidante es debido a la acci\u00f3n combinada de sus \u00e1cidos org\u00e1nicos y las 15 antocianinas que les confieren su peculiar color, entre las que cabe citar la mirtilina, la cianidina, la definidina, la malvidina, la peonidina y la petunidida.<\/p>\n<p>Adem\u00e1s, contienen proantocianidinas, una docena de flavonoides y taninos de efecto similar. Uno de ellos es el <strong>resveratrol<\/strong>, que tambi\u00e9n se halla en las uvas negras y que es conocido por su efecto anticancer\u00edgeno.<\/p>\n<p><strong>Vitamina C<\/strong><\/p>\n<p>Los ar\u00e1ndanos contienen una amplia <strong>diversidad de micronutrientes,<\/strong> con niveles notables de minerales esenciales como el manganeso (100 g de ar\u00e1ndanos procuran el 20% del que se precisa al d\u00eda), la vitamina C (el 17%) y varias vitaminas del grupo B.<\/p>\n<p><strong>Informaci\u00f3n nutricional de los ar\u00e1ndanos (por cada 100 g)<\/strong><\/p>\n<ul>\n<li>Calorias: 57 (239 kJ)<\/li>\n<li>Carbohidratos: 14,5 g<\/li>\n<li>Grasas: 03 g (todas insaturadas)<\/li>\n<li>Prote\u00ednas: 0,7 g<\/li>\n<li>Vitamina A 54,0 IU<\/li>\n<li>Vitamina C: 9,7 mg<\/li>\n<li>Vitamina K: 19,3 mcg<\/li>\n<li>Calcio: 6,0 mg<\/li>\n<li>Hierro: 0,3 mg<\/li>\n<li>Manganesio: 6,0 mg<\/li>\n<\/ul>\n<p><strong>Beneficios de los ar\u00e1ndanos<\/strong><\/p>\n<p>Los componentes m\u00e1s destacados de los ar\u00e1ndanos son las antocianinas que les dan color, que son las responsables de muchos de los beneficios de los ar\u00e1ndanos. Se hallan en mayor proporci\u00f3n en los ar\u00e1ndanos silvestres de pulpa oscura y poseen propiedades <strong>antioxidantes y antiinflamatorias. <\/strong><\/p>\n<p>Si se consumen en cantidades suficientes reducen el riesgo de sufrir una variedad de enfermedades al contrarrestar el efecto de los radicales libres.<\/p>\n<p>No dejan de aparecer estudios que revelan sus efectos positivos sobre la salud, que sorprenden incluso a los investigadores y que han llevado a calificarlos frecuentemente como <strong>\u201cla fruta del siglo XXI\u201d. Estos son los principales beneficios de los ar\u00e1ndanos:<\/strong><\/p>\n<ol>\n<li><strong> Previenen la degeneraci\u00f3n del cerebro<\/strong><\/li>\n<\/ol>\n<p><a href=\"https:\/\/pubmed.ncbi.nlm.nih.gov\/30999017\/\">Varios estudios<\/a> indican que su consumo habitual hace m\u00e1s lento el <strong>declive cognitivo <\/strong>asociado al Alzheimer y otras enfermedades degenerativas.<\/p>\n<ol start=\"2\">\n<li><strong> Frenan las infecciones de orina<\/strong><\/li>\n<\/ol>\n<p>Una indicaci\u00f3n tradicional del ar\u00e1ndano que los estudios cient\u00edficos han confirmado es la prevenci\u00f3n y el tratamiento de<strong> infecciones urinarias. <\/strong>Los ind\u00edgenas americanos ya los usaban con este fin.<\/p>\n<p>Act\u00faan mediante un doble efecto. Por una parte, la abundancia de \u00e1cidos org\u00e1nicos aumenta la acidez de la orina e impide la proliferaci\u00f3n de bacterias. Por otra, los flavonoides desinflaman las paredes venosas e impiden que los <strong>microorganismos se adhieran <\/strong>y se multipliquen.<\/p>\n<p>Tambi\u00e9n act\u00faan contra las infecciones digestivas. Varios <a href=\"https:\/\/www.researchgate.net\/publication\/267303100_Inhibition_of_Helicobacter_pylori_by_Wild_Blueberry_Phenolics\">estudios<\/a> realizados en Estados Unidos, Israel y China han demostrado que los componentes del ar\u00e1ndano combaten los virus que causan afecciones digestivas, e impiden que bacterias como la Helicobacter pylori se fijen a las paredes del est\u00f3mago y causen \u00falcera e<strong> incluso c\u00e1ncer. <\/strong><\/p>\n<p>Los \u00e1cidos org\u00e1nicos el\u00e1gico, clorag\u00e9nico y cum\u00e1rico refuerzan este efecto anticancer\u00edgeno, especialmente frente a los tumores de est\u00f3mago, h\u00edgado, colon y piel.<\/p>\n<ol start=\"3\">\n<li><strong> Buenos para la circulaci\u00f3n<\/strong><\/li>\n<\/ol>\n<p>Otros <a href=\"https:\/\/www.health.harvard.edu\/staying-healthy\/blueberries-may-help-lower-blood-pressure\">estudios<\/a> se\u00f1alan su eficacia para <strong>controlar la hipertensi\u00f3n, <\/strong>reducir los triglic\u00e9ridos, aumentar el colesterol \u201cbueno\u201d y prevenir la oxidaci\u00f3n del \u201cmalo\u201d. Estos efectos ayudan a prevenir las enfermedades circulatorias y del coraz\u00f3n.<\/p>\n","protected":false},"excerpt":{"rendered":"<p>Sin duda las propiedades de los ar\u00e1ndanos son m\u00faltiples: aportan nutrientes que refuerzan el sistema inmunitario y protegen la salud del coraz\u00f3n, el sistema digestivo y el cerebro. Muy rico en antioxidantes Las investigaciones de las propiedades de los ar\u00e1ndanos califican al ar\u00e1ndano como el alimento de mayor poder antioxidante. Este poder antioxidante es debido [&hellip;]<\/p>\n","protected":false},"author":1,"featured_media":399590,"comment_status":"closed","ping_status":"open","sticky":false,"template":"","format":"standard","meta":{"_acf_changed":false,"footnotes":""},"categories":[52],"tags":[],"class_list":["post-399589","post","type-post","status-publish","format-standard","has-post-thumbnail","category-de-salud-mas-vida"],"acf":{"antetitulo":""},"yoast_head":"<!-- This site is optimized with the Yoast SEO plugin v28.4 - https:\/\/yoast.com\/product\/yoast-seo-wordpress\/ -->\n<title>PROPIEDADES DE LOS AR\u00c1NDANOS - El Diario - Bolivia<\/title>\n<meta name=\"robots\" content=\"index, follow, max-snippet:-1, max-image-preview:large, max-video-preview:-1\" \/>\n<link rel=\"canonical\" href=\"https:\/\/www.eldiario.net\/portal\/2026\/05\/31\/propiedades-de-los-arandanos-2\/\" \/>\n<meta property=\"og:locale\" content=\"es_ES\" \/>\n<meta property=\"og:type\" content=\"article\" \/>\n<meta property=\"og:title\" content=\"PROPIEDADES DE LOS AR\u00c1NDANOS - El Diario - Bolivia\" \/>\n<meta property=\"og:description\" content=\"Sin duda las propiedades de los ar\u00e1ndanos son m\u00faltiples: aportan nutrientes que refuerzan el sistema inmunitario y protegen la salud del coraz\u00f3n, el sistema digestivo y el cerebro. Muy rico en antioxidantes Las investigaciones de las propiedades de los ar\u00e1ndanos califican al ar\u00e1ndano como el alimento de mayor poder antioxidante. Este poder antioxidante es debido [&hellip;]\" \/>\n<meta property=\"og:url\" content=\"https:\/\/www.eldiario.net\/portal\/2026\/05\/31\/propiedades-de-los-arandanos-2\/\" \/>\n<meta property=\"og:site_name\" content=\"El Diario - Bolivia\" \/>\n<meta property=\"article:publisher\" content=\"https:\/\/www.facebook.com\/eldiario.bolivia\/\" \/>\n<meta property=\"article:published_time\" content=\"2026-05-31T12:23:16+00:00\" \/>\n<meta property=\"og:image\" content=\"https:\/\/www.eldiario.net\/portal\/wp-content\/uploads\/2026\/05\/PROPIEDADES-DE-LOS-ARANDANOS.webp\" \/>\n\t<meta property=\"og:image:width\" content=\"1380\" \/>\n\t<meta property=\"og:image:height\" content=\"1851\" \/>\n\t<meta property=\"og:image:type\" content=\"image\/webp\" \/>\n<meta name=\"author\" content=\"Jeanette\" \/>\n<meta name=\"twitter:card\" content=\"summary_large_image\" \/>\n<meta name=\"twitter:creator\" content=\"@eldiario_net\" \/>\n<meta name=\"twitter:site\" content=\"@eldiario_net\" \/>\n<meta name=\"twitter:label1\" content=\"Escrito por\" \/>\n\t<meta name=\"twitter:data1\" content=\"Jeanette\" \/>\n\t<meta name=\"twitter:label2\" content=\"Tiempo de lectura\" \/>\n\t<meta name=\"twitter:data2\" content=\"3 minutos\" \/>\n<script type=\"application\/ld+json\" class=\"yoast-schema-graph\">{\"@context\":\"https:\\\/\\\/schema.org\",\"@graph\":[{\"@type\":\"Article\",\"@id\":\"https:\\\/\\\/www.eldiario.net\\\/portal\\\/2026\\\/05\\\/31\\\/propiedades-de-los-arandanos-2\\\/#article\",\"isPartOf\":{\"@id\":\"https:\\\/\\\/www.eldiario.net\\\/portal\\\/2026\\\/05\\\/31\\\/propiedades-de-los-arandanos-2\\\/\"},\"author\":{\"name\":\"Jeanette\",\"@id\":\"https:\\\/\\\/www.eldiario.net\\\/portal\\\/#\\\/schema\\\/person\\\/2c57cf2b7a7ae032e449e4c9b1019eac\"},\"headline\":\"PROPIEDADES DE LOS AR\u00c1NDANOS\",\"datePublished\":\"2026-05-31T12:23:16+00:00\",\"mainEntityOfPage\":{\"@id\":\"https:\\\/\\\/www.eldiario.net\\\/portal\\\/2026\\\/05\\\/31\\\/propiedades-de-los-arandanos-2\\\/\"},\"wordCount\":575,\"publisher\":{\"@id\":\"https:\\\/\\\/www.eldiario.net\\\/portal\\\/#organization\"},\"image\":{\"@id\":\"https:\\\/\\\/www.eldiario.net\\\/portal\\\/2026\\\/05\\\/31\\\/propiedades-de-los-arandanos-2\\\/#primaryimage\"},\"thumbnailUrl\":\"https:\\\/\\\/www.eldiario.net\\\/portal\\\/wp-content\\\/uploads\\\/2026\\\/05\\\/PROPIEDADES-DE-LOS-ARANDANOS.webp\",\"articleSection\":[\"De Salud + vida\"],\"inLanguage\":\"es\"},{\"@type\":\"WebPage\",\"@id\":\"https:\\\/\\\/www.eldiario.net\\\/portal\\\/2026\\\/05\\\/31\\\/propiedades-de-los-arandanos-2\\\/\",\"url\":\"https:\\\/\\\/www.eldiario.net\\\/portal\\\/2026\\\/05\\\/31\\\/propiedades-de-los-arandanos-2\\\/\",\"name\":\"PROPIEDADES DE LOS AR\u00c1NDANOS - El Diario - Bolivia\",\"isPartOf\":{\"@id\":\"https:\\\/\\\/www.eldiario.net\\\/portal\\\/#website\"},\"primaryImageOfPage\":{\"@id\":\"https:\\\/\\\/www.eldiario.net\\\/portal\\\/2026\\\/05\\\/31\\\/propiedades-de-los-arandanos-2\\\/#primaryimage\"},\"image\":{\"@id\":\"https:\\\/\\\/www.eldiario.net\\\/portal\\\/2026\\\/05\\\/31\\\/propiedades-de-los-arandanos-2\\\/#primaryimage\"},\"thumbnailUrl\":\"https:\\\/\\\/www.eldiario.net\\\/portal\\\/wp-content\\\/uploads\\\/2026\\\/05\\\/PROPIEDADES-DE-LOS-ARANDANOS.webp\",\"datePublished\":\"2026-05-31T12:23:16+00:00\",\"breadcrumb\":{\"@id\":\"https:\\\/\\\/www.eldiario.net\\\/portal\\\/2026\\\/05\\\/31\\\/propiedades-de-los-arandanos-2\\\/#breadcrumb\"},\"inLanguage\":\"es\",\"potentialAction\":[{\"@type\":\"ReadAction\",\"target\":[\"https:\\\/\\\/www.eldiario.net\\\/portal\\\/2026\\\/05\\\/31\\\/propiedades-de-los-arandanos-2\\\/\"]}]},{\"@type\":\"ImageObject\",\"inLanguage\":\"es\",\"@id\":\"https:\\\/\\\/www.eldiario.net\\\/portal\\\/2026\\\/05\\\/31\\\/propiedades-de-los-arandanos-2\\\/#primaryimage\",\"url\":\"https:\\\/\\\/www.eldiario.net\\\/portal\\\/wp-content\\\/uploads\\\/2026\\\/05\\\/PROPIEDADES-DE-LOS-ARANDANOS.webp\",\"contentUrl\":\"https:\\\/\\\/www.eldiario.net\\\/portal\\\/wp-content\\\/uploads\\\/2026\\\/05\\\/PROPIEDADES-DE-LOS-ARANDANOS.webp\",\"width\":1380,\"height\":1851},{\"@type\":\"BreadcrumbList\",\"@id\":\"https:\\\/\\\/www.eldiario.net\\\/portal\\\/2026\\\/05\\\/31\\\/propiedades-de-los-arandanos-2\\\/#breadcrumb\",\"itemListElement\":[{\"@type\":\"ListItem\",\"position\":1,\"name\":\"Portada\",\"item\":\"https:\\\/\\\/www.eldiario.net\\\/portal\\\/\"},{\"@type\":\"ListItem\",\"position\":2,\"name\":\"PROPIEDADES DE LOS AR\u00c1NDANOS\"}]},{\"@type\":\"WebSite\",\"@id\":\"https:\\\/\\\/www.eldiario.net\\\/portal\\\/#website\",\"url\":\"https:\\\/\\\/www.eldiario.net\\\/portal\\\/\",\"name\":\"El Diario - Decano de la prensa nacional\",\"description\":\"El Diario - Decano de la prensa nacional\",\"publisher\":{\"@id\":\"https:\\\/\\\/www.eldiario.net\\\/portal\\\/#organization\"},\"potentialAction\":[{\"@type\":\"SearchAction\",\"target\":{\"@type\":\"EntryPoint\",\"urlTemplate\":\"https:\\\/\\\/www.eldiario.net\\\/portal\\\/?s={search_term_string}\"},\"query-input\":{\"@type\":\"PropertyValueSpecification\",\"valueRequired\":true,\"valueName\":\"search_term_string\"}}],\"inLanguage\":\"es\"},{\"@type\":\"Organization\",\"@id\":\"https:\\\/\\\/www.eldiario.net\\\/portal\\\/#organization\",\"name\":\"El Diario - Decano de la prensa nacional\",\"url\":\"https:\\\/\\\/www.eldiario.net\\\/portal\\\/\",\"logo\":{\"@type\":\"ImageObject\",\"inLanguage\":\"es\",\"@id\":\"https:\\\/\\\/www.eldiario.net\\\/portal\\\/#\\\/schema\\\/logo\\\/image\\\/\",\"url\":\"https:\\\/\\\/www.eldiario.net\\\/portal\\\/wp-content\\\/uploads\\\/2023\\\/07\\\/logo_ED.jpg\",\"contentUrl\":\"https:\\\/\\\/www.eldiario.net\\\/portal\\\/wp-content\\\/uploads\\\/2023\\\/07\\\/logo_ED.jpg\",\"width\":272,\"height\":52,\"caption\":\"El Diario - Decano de la prensa nacional\"},\"image\":{\"@id\":\"https:\\\/\\\/www.eldiario.net\\\/portal\\\/#\\\/schema\\\/logo\\\/image\\\/\"},\"sameAs\":[\"https:\\\/\\\/www.facebook.com\\\/eldiario.bolivia\\\/\",\"https:\\\/\\\/x.com\\\/eldiario_net\"]},{\"@type\":\"Person\",\"@id\":\"https:\\\/\\\/www.eldiario.net\\\/portal\\\/#\\\/schema\\\/person\\\/2c57cf2b7a7ae032e449e4c9b1019eac\",\"name\":\"Jeanette\",\"image\":{\"@type\":\"ImageObject\",\"inLanguage\":\"es\",\"@id\":\"https:\\\/\\\/secure.gravatar.com\\\/avatar\\\/3ea2118a5f7dad2b7138b1187a6b7ee55f160b9968b66013c3a3ef39dd7e5798?s=96&d=mm&r=g\",\"url\":\"https:\\\/\\\/secure.gravatar.com\\\/avatar\\\/3ea2118a5f7dad2b7138b1187a6b7ee55f160b9968b66013c3a3ef39dd7e5798?s=96&d=mm&r=g\",\"contentUrl\":\"https:\\\/\\\/secure.gravatar.com\\\/avatar\\\/3ea2118a5f7dad2b7138b1187a6b7ee55f160b9968b66013c3a3ef39dd7e5798?s=96&d=mm&r=g\",\"caption\":\"Jeanette\"},\"sameAs\":[\"https:\\\/\\\/www.eldiario.net\\\/portal\"],\"url\":\"https:\\\/\\\/www.eldiario.net\\\/portal\\\/author\\\/jeanette\\\/\"}]}<\/script>\n<!-- \/ Yoast SEO plugin. -->","yoast_head_json":{"title":"PROPIEDADES DE LOS AR\u00c1NDANOS - El Diario - Bolivia","robots":{"index":"index","follow":"follow","max-snippet":"max-snippet:-1","max-image-preview":"max-image-preview:large","max-video-preview":"max-video-preview:-1"},"canonical":"https:\/\/www.eldiario.net\/portal\/2026\/05\/31\/propiedades-de-los-arandanos-2\/","og_locale":"es_ES","og_type":"article","og_title":"PROPIEDADES DE LOS AR\u00c1NDANOS - El Diario - Bolivia","og_description":"Sin duda las propiedades de los ar\u00e1ndanos son m\u00faltiples: aportan nutrientes que refuerzan el sistema inmunitario y protegen la salud del coraz\u00f3n, el sistema digestivo y el cerebro. Muy rico en antioxidantes Las investigaciones de las propiedades de los ar\u00e1ndanos califican al ar\u00e1ndano como el alimento de mayor poder antioxidante. Este poder antioxidante es debido [&hellip;]","og_url":"https:\/\/www.eldiario.net\/portal\/2026\/05\/31\/propiedades-de-los-arandanos-2\/","og_site_name":"El Diario - Bolivia","article_publisher":"https:\/\/www.facebook.com\/eldiario.bolivia\/","article_published_time":"2026-05-31T12:23:16+00:00","og_image":[{"width":1380,"height":1851,"url":"https:\/\/www.eldiario.net\/portal\/wp-content\/uploads\/2026\/05\/PROPIEDADES-DE-LOS-ARANDANOS.webp","type":"image\/webp"}],"author":"Jeanette","twitter_card":"summary_large_image","twitter_creator":"@eldiario_net","twitter_site":"@eldiario_net","twitter_misc":{"Escrito por":"Jeanette","Tiempo de lectura":"3 minutos"},"schema":{"@context":"https:\/\/schema.org","@graph":[{"@type":"Article","@id":"https:\/\/www.eldiario.net\/portal\/2026\/05\/31\/propiedades-de-los-arandanos-2\/#article","isPartOf":{"@id":"https:\/\/www.eldiario.net\/portal\/2026\/05\/31\/propiedades-de-los-arandanos-2\/"},"author":{"name":"Jeanette","@id":"https:\/\/www.eldiario.net\/portal\/#\/schema\/person\/2c57cf2b7a7ae032e449e4c9b1019eac"},"headline":"PROPIEDADES DE LOS AR\u00c1NDANOS","datePublished":"2026-05-31T12:23:16+00:00","mainEntityOfPage":{"@id":"https:\/\/www.eldiario.net\/portal\/2026\/05\/31\/propiedades-de-los-arandanos-2\/"},"wordCount":575,"publisher":{"@id":"https:\/\/www.eldiario.net\/portal\/#organization"},"image":{"@id":"https:\/\/www.eldiario.net\/portal\/2026\/05\/31\/propiedades-de-los-arandanos-2\/#primaryimage"},"thumbnailUrl":"https:\/\/www.eldiario.net\/portal\/wp-content\/uploads\/2026\/05\/PROPIEDADES-DE-LOS-ARANDANOS.webp","articleSection":["De Salud + vida"],"inLanguage":"es"},{"@type":"WebPage","@id":"https:\/\/www.eldiario.net\/portal\/2026\/05\/31\/propiedades-de-los-arandanos-2\/","url":"https:\/\/www.eldiario.net\/portal\/2026\/05\/31\/propiedades-de-los-arandanos-2\/","name":"PROPIEDADES DE LOS AR\u00c1NDANOS - El Diario - Bolivia","isPartOf":{"@id":"https:\/\/www.eldiario.net\/portal\/#website"},"primaryImageOfPage":{"@id":"https:\/\/www.eldiario.net\/portal\/2026\/05\/31\/propiedades-de-los-arandanos-2\/#primaryimage"},"image":{"@id":"https:\/\/www.eldiario.net\/portal\/2026\/05\/31\/propiedades-de-los-arandanos-2\/#primaryimage"},"thumbnailUrl":"https:\/\/www.eldiario.net\/portal\/wp-content\/uploads\/2026\/05\/PROPIEDADES-DE-LOS-ARANDANOS.webp","datePublished":"2026-05-31T12:23:16+00:00","breadcrumb":{"@id":"https:\/\/www.eldiario.net\/portal\/2026\/05\/31\/propiedades-de-los-arandanos-2\/#breadcrumb"},"inLanguage":"es","potentialAction":[{"@type":"ReadAction","target":["https:\/\/www.eldiario.net\/portal\/2026\/05\/31\/propiedades-de-los-arandanos-2\/"]}]},{"@type":"ImageObject","inLanguage":"es","@id":"https:\/\/www.eldiario.net\/portal\/2026\/05\/31\/propiedades-de-los-arandanos-2\/#primaryimage","url":"https:\/\/www.eldiario.net\/portal\/wp-content\/uploads\/2026\/05\/PROPIEDADES-DE-LOS-ARANDANOS.webp","contentUrl":"https:\/\/www.eldiario.net\/portal\/wp-content\/uploads\/2026\/05\/PROPIEDADES-DE-LOS-ARANDANOS.webp","width":1380,"height":1851},{"@type":"BreadcrumbList","@id":"https:\/\/www.eldiario.net\/portal\/2026\/05\/31\/propiedades-de-los-arandanos-2\/#breadcrumb","itemListElement":[{"@type":"ListItem","position":1,"name":"Portada","item":"https:\/\/www.eldiario.net\/portal\/"},{"@type":"ListItem","position":2,"name":"PROPIEDADES DE LOS AR\u00c1NDANOS"}]},{"@type":"WebSite","@id":"https:\/\/www.eldiario.net\/portal\/#website","url":"https:\/\/www.eldiario.net\/portal\/","name":"El Diario - Decano de la prensa nacional","description":"El Diario - Decano de la prensa nacional","publisher":{"@id":"https:\/\/www.eldiario.net\/portal\/#organization"},"potentialAction":[{"@type":"SearchAction","target":{"@type":"EntryPoint","urlTemplate":"https:\/\/www.eldiario.net\/portal\/?s={search_term_string}"},"query-input":{"@type":"PropertyValueSpecification","valueRequired":true,"valueName":"search_term_string"}}],"inLanguage":"es"},{"@type":"Organization","@id":"https:\/\/www.eldiario.net\/portal\/#organization","name":"El Diario - Decano de la prensa nacional","url":"https:\/\/www.eldiario.net\/portal\/","logo":{"@type":"ImageObject","inLanguage":"es","@id":"https:\/\/www.eldiario.net\/portal\/#\/schema\/logo\/image\/","url":"https:\/\/www.eldiario.net\/portal\/wp-content\/uploads\/2023\/07\/logo_ED.jpg","contentUrl":"https:\/\/www.eldiario.net\/portal\/wp-content\/uploads\/2023\/07\/logo_ED.jpg","width":272,"height":52,"caption":"El Diario - Decano de la prensa nacional"},"image":{"@id":"https:\/\/www.eldiario.net\/portal\/#\/schema\/logo\/image\/"},"sameAs":["https:\/\/www.facebook.com\/eldiario.bolivia\/","https:\/\/x.com\/eldiario_net"]},{"@type":"Person","@id":"https:\/\/www.eldiario.net\/portal\/#\/schema\/person\/2c57cf2b7a7ae032e449e4c9b1019eac","name":"Jeanette","image":{"@type":"ImageObject","inLanguage":"es","@id":"https:\/\/secure.gravatar.com\/avatar\/3ea2118a5f7dad2b7138b1187a6b7ee55f160b9968b66013c3a3ef39dd7e5798?s=96&d=mm&r=g","url":"https:\/\/secure.gravatar.com\/avatar\/3ea2118a5f7dad2b7138b1187a6b7ee55f160b9968b66013c3a3ef39dd7e5798?s=96&d=mm&r=g","contentUrl":"https:\/\/secure.gravatar.com\/avatar\/3ea2118a5f7dad2b7138b1187a6b7ee55f160b9968b66013c3a3ef39dd7e5798?s=96&d=mm&r=g","caption":"Jeanette"},"sameAs":["https:\/\/www.eldiario.net\/portal"],"url":"https:\/\/www.eldiario.net\/portal\/author\/jeanette\/"}]}},"_links":{"self":[{"href":"https:\/\/www.eldiario.net\/portal\/wp-json\/wp\/v2\/posts\/399589","targetHints":{"allow":["GET"]}}],"collection":[{"href":"https:\/\/www.eldiario.net\/portal\/wp-json\/wp\/v2\/posts"}],"about":[{"href":"https:\/\/www.eldiario.net\/portal\/wp-json\/wp\/v2\/types\/post"}],"author":[{"embeddable":true,"href":"https:\/\/www.eldiario.net\/portal\/wp-json\/wp\/v2\/users\/1"}],"replies":[{"embeddable":true,"href":"https:\/\/www.eldiario.net\/portal\/wp-json\/wp\/v2\/comments?post=399589"}],"version-history":[{"count":1,"href":"https:\/\/www.eldiario.net\/portal\/wp-json\/wp\/v2\/posts\/399589\/revisions"}],"predecessor-version":[{"id":399591,"href":"https:\/\/www.eldiario.net\/portal\/wp-json\/wp\/v2\/posts\/399589\/revisions\/399591"}],"wp:featuredmedia":[{"embeddable":true,"href":"https:\/\/www.eldiario.net\/portal\/wp-json\/wp\/v2\/media\/399590"}],"wp:attachment":[{"href":"https:\/\/www.eldiario.net\/portal\/wp-json\/wp\/v2\/media?parent=399589"}],"wp:term":[{"taxonomy":"category","embeddable":true,"href":"https:\/\/www.eldiario.net\/portal\/wp-json\/wp\/v2\/categories?post=399589"},{"taxonomy":"post_tag","embeddable":true,"href":"https:\/\/www.eldiario.net\/portal\/wp-json\/wp\/v2\/tags?post=399589"}],"curies":[{"name":"wp","href":"https:\/\/api.w.org\/{rel}","templated":true}]}}