{"id":399586,"date":"2026-05-31T08:21:45","date_gmt":"2026-05-31T12:21:45","guid":{"rendered":"https:\/\/www.eldiario.net\/portal\/?p=399586"},"modified":"2026-05-31T08:21:45","modified_gmt":"2026-05-31T12:21:45","slug":"que-es-el-sindrome-de-la-persona-rigida","status":"publish","type":"post","link":"https:\/\/www.eldiario.net\/portal\/2026\/05\/31\/que-es-el-sindrome-de-la-persona-rigida\/","title":{"rendered":"\u00bfQU\u00c9 ES EL S\u00cdNDROME DE LA PERSONA RIGIDA?"},"content":{"rendered":"<p>Lic. Lupe Fern\u00e1ndez Calix Enfermera UMSA<\/p>\n<p>El s\u00edndrome de la persona r\u00edgida(SPR) es un trastorn\u00f3 neurol\u00f3gico cr\u00f3nico afecta al sistema nervioso central \u00a0\u00a0al tronco y abdomen ocacionando una rigidez muscular\u00a0 \u00a0y \u00a0espasmos dolorosos as\u00ed como en \u00a0\u00a0otros m\u00fasculos del cuerpo\u00a0 las piernas \u00a0ocacionando ca\u00eddas, accidentes , fracturas al que padece esta enfermedad afecta generalmente a mujeres desde los 40 a\u00f1os un ejemplo es \u00a0\u00a0la afecci\u00f3n conocida por el mundo la cantante Celine Dion\u00a0 qui\u00e9n padece de esta enfermedad \u00a0es lento y progresivo con el tiempo la limitaci\u00f3n de la marcha puede producir discapacidad en la persona que la padece. El S\u00edndrome paciente r\u00edgido se asocia con altos\u00a0 niveles \u00a0de anticuerpos(prote\u00ednas sangu\u00edneas producidas para proteger el organismo contra las infecciones ) en el caso del SPR \u00a0atacan a una enzima descarboxilasa del \u00e1cido \u00a0glut\u00e1mico ( GAD o GAD 65 ) personas con rigidez presentan GAD en sangre est\u00e1s de encuentran en varias c\u00e9lulas del cuerpo y participa en la producci\u00f3n de\u00e1ciamingammabutirico (GABA) el sistema inmunitario y los\u00a0 anticuerpos reducen la producci\u00f3n funci\u00f3n del GABA \u00a0lo que provoca una hiperactividad nerviosa que env\u00eda se\u00f1ales a los m\u00fasculos para que se contraigan y se pongan r\u00edgidos.<\/p>\n<p><strong>SINDROME DE PERSONA R\u00cdGIDA <\/strong><\/p>\n<p><strong>Encefalomielitis progresiva con rigidez y mioclanias: <\/strong>\u00a0Es una variante grave causa disminuci\u00f3n de la conciencia problemas en los movimientos oculares, ataxia, disfunci\u00f3n autom\u00e1tica<\/p>\n<p><strong>S\u00edndrome cl\u00e1sico de rigidez: <\/strong>La mas com\u00fan presentan afecta al tronco y al abdomen<\/p>\n<p><strong>SIGNOS Y SINTOMAS <\/strong><\/p>\n<p>Movimiento involuntario faciales<\/p>\n<p>Dificultad para articular palabras<\/p>\n<p>Contracciones musculares dolorosas<\/p>\n<p>Debilidad distal en los miembros inferiores (debilidad pies piernas)<\/p>\n<p>Marcha lenta<\/p>\n<p>Discapacidad motora (uso de silla de ruedas)<\/p>\n<p>Ataxia<\/p>\n<p>Por la importancia si presenta algunos s\u00edntomas acudir a Centros Hospitalarios para su tratamiento<\/p>\n<p><strong>\u201cVALORA Y APRECIA TU SALUD TODOS LOS D\u00cdAS \u201c<\/strong><\/p>\n<p>&nbsp;<\/p>\n","protected":false},"excerpt":{"rendered":"<p>Lic. Lupe Fern\u00e1ndez Calix Enfermera UMSA El s\u00edndrome de la persona r\u00edgida(SPR) es un trastorn\u00f3 neurol\u00f3gico cr\u00f3nico afecta al sistema nervioso central \u00a0\u00a0al tronco y abdomen ocacionando una rigidez muscular\u00a0 \u00a0y \u00a0espasmos dolorosos as\u00ed como en \u00a0\u00a0otros m\u00fasculos del cuerpo\u00a0 las piernas \u00a0ocacionando ca\u00eddas, accidentes , fracturas al que padece esta enfermedad afecta generalmente a [&hellip;]<\/p>\n","protected":false},"author":1,"featured_media":399587,"comment_status":"closed","ping_status":"open","sticky":false,"template":"","format":"standard","meta":{"_acf_changed":false,"footnotes":""},"categories":[52],"tags":[],"class_list":["post-399586","post","type-post","status-publish","format-standard","has-post-thumbnail","category-de-salud-mas-vida"],"acf":{"antetitulo":""},"yoast_head":"<!-- This site is optimized with the Yoast SEO plugin v28.4 - https:\/\/yoast.com\/product\/yoast-seo-wordpress\/ -->\n<title>\u00bfQU\u00c9 ES EL S\u00cdNDROME DE LA PERSONA RIGIDA? - El Diario - Bolivia<\/title>\n<meta name=\"robots\" content=\"index, follow, max-snippet:-1, max-image-preview:large, max-video-preview:-1\" \/>\n<link rel=\"canonical\" href=\"https:\/\/www.eldiario.net\/portal\/2026\/05\/31\/que-es-el-sindrome-de-la-persona-rigida\/\" \/>\n<meta property=\"og:locale\" content=\"es_ES\" \/>\n<meta property=\"og:type\" content=\"article\" \/>\n<meta property=\"og:title\" content=\"\u00bfQU\u00c9 ES EL S\u00cdNDROME DE LA PERSONA RIGIDA? - El Diario - Bolivia\" \/>\n<meta property=\"og:description\" content=\"Lic. Lupe Fern\u00e1ndez Calix Enfermera UMSA El s\u00edndrome de la persona r\u00edgida(SPR) es un trastorn\u00f3 neurol\u00f3gico cr\u00f3nico afecta al sistema nervioso central \u00a0\u00a0al tronco y abdomen ocacionando una rigidez muscular\u00a0 \u00a0y \u00a0espasmos dolorosos as\u00ed como en \u00a0\u00a0otros m\u00fasculos del cuerpo\u00a0 las piernas \u00a0ocacionando ca\u00eddas, accidentes , fracturas al que padece esta enfermedad afecta generalmente a [&hellip;]\" \/>\n<meta property=\"og:url\" content=\"https:\/\/www.eldiario.net\/portal\/2026\/05\/31\/que-es-el-sindrome-de-la-persona-rigida\/\" \/>\n<meta property=\"og:site_name\" content=\"El Diario - Bolivia\" \/>\n<meta property=\"article:publisher\" content=\"https:\/\/www.facebook.com\/eldiario.bolivia\/\" \/>\n<meta property=\"article:published_time\" content=\"2026-05-31T12:21:45+00:00\" \/>\n<meta property=\"og:image\" content=\"https:\/\/www.eldiario.net\/portal\/wp-content\/uploads\/2026\/05\/QUE-ES-EL-SINDROME-DE-LA-PERSONA-RIGIDA1.webp\" \/>\n\t<meta property=\"og:image:width\" content=\"635\" \/>\n\t<meta property=\"og:image:height\" content=\"442\" \/>\n\t<meta property=\"og:image:type\" content=\"image\/webp\" \/>\n<meta name=\"author\" content=\"Jeanette\" \/>\n<meta name=\"twitter:card\" content=\"summary_large_image\" \/>\n<meta name=\"twitter:creator\" content=\"@eldiario_net\" \/>\n<meta name=\"twitter:site\" content=\"@eldiario_net\" \/>\n<meta name=\"twitter:label1\" content=\"Escrito por\" \/>\n\t<meta name=\"twitter:data1\" content=\"Jeanette\" \/>\n\t<meta name=\"twitter:label2\" content=\"Tiempo de lectura\" \/>\n\t<meta name=\"twitter:data2\" content=\"2 minutos\" \/>\n<script type=\"application\/ld+json\" class=\"yoast-schema-graph\">{\"@context\":\"https:\\\/\\\/schema.org\",\"@graph\":[{\"@type\":\"Article\",\"@id\":\"https:\\\/\\\/www.eldiario.net\\\/portal\\\/2026\\\/05\\\/31\\\/que-es-el-sindrome-de-la-persona-rigida\\\/#article\",\"isPartOf\":{\"@id\":\"https:\\\/\\\/www.eldiario.net\\\/portal\\\/2026\\\/05\\\/31\\\/que-es-el-sindrome-de-la-persona-rigida\\\/\"},\"author\":{\"name\":\"Jeanette\",\"@id\":\"https:\\\/\\\/www.eldiario.net\\\/portal\\\/#\\\/schema\\\/person\\\/2c57cf2b7a7ae032e449e4c9b1019eac\"},\"headline\":\"\u00bfQU\u00c9 ES EL S\u00cdNDROME DE LA PERSONA RIGIDA?\",\"datePublished\":\"2026-05-31T12:21:45+00:00\",\"mainEntityOfPage\":{\"@id\":\"https:\\\/\\\/www.eldiario.net\\\/portal\\\/2026\\\/05\\\/31\\\/que-es-el-sindrome-de-la-persona-rigida\\\/\"},\"wordCount\":329,\"publisher\":{\"@id\":\"https:\\\/\\\/www.eldiario.net\\\/portal\\\/#organization\"},\"image\":{\"@id\":\"https:\\\/\\\/www.eldiario.net\\\/portal\\\/2026\\\/05\\\/31\\\/que-es-el-sindrome-de-la-persona-rigida\\\/#primaryimage\"},\"thumbnailUrl\":\"https:\\\/\\\/www.eldiario.net\\\/portal\\\/wp-content\\\/uploads\\\/2026\\\/05\\\/QUE-ES-EL-SINDROME-DE-LA-PERSONA-RIGIDA1.webp\",\"articleSection\":[\"De Salud + vida\"],\"inLanguage\":\"es\"},{\"@type\":\"WebPage\",\"@id\":\"https:\\\/\\\/www.eldiario.net\\\/portal\\\/2026\\\/05\\\/31\\\/que-es-el-sindrome-de-la-persona-rigida\\\/\",\"url\":\"https:\\\/\\\/www.eldiario.net\\\/portal\\\/2026\\\/05\\\/31\\\/que-es-el-sindrome-de-la-persona-rigida\\\/\",\"name\":\"\u00bfQU\u00c9 ES EL S\u00cdNDROME DE LA PERSONA RIGIDA? - El Diario - Bolivia\",\"isPartOf\":{\"@id\":\"https:\\\/\\\/www.eldiario.net\\\/portal\\\/#website\"},\"primaryImageOfPage\":{\"@id\":\"https:\\\/\\\/www.eldiario.net\\\/portal\\\/2026\\\/05\\\/31\\\/que-es-el-sindrome-de-la-persona-rigida\\\/#primaryimage\"},\"image\":{\"@id\":\"https:\\\/\\\/www.eldiario.net\\\/portal\\\/2026\\\/05\\\/31\\\/que-es-el-sindrome-de-la-persona-rigida\\\/#primaryimage\"},\"thumbnailUrl\":\"https:\\\/\\\/www.eldiario.net\\\/portal\\\/wp-content\\\/uploads\\\/2026\\\/05\\\/QUE-ES-EL-SINDROME-DE-LA-PERSONA-RIGIDA1.webp\",\"datePublished\":\"2026-05-31T12:21:45+00:00\",\"breadcrumb\":{\"@id\":\"https:\\\/\\\/www.eldiario.net\\\/portal\\\/2026\\\/05\\\/31\\\/que-es-el-sindrome-de-la-persona-rigida\\\/#breadcrumb\"},\"inLanguage\":\"es\",\"potentialAction\":[{\"@type\":\"ReadAction\",\"target\":[\"https:\\\/\\\/www.eldiario.net\\\/portal\\\/2026\\\/05\\\/31\\\/que-es-el-sindrome-de-la-persona-rigida\\\/\"]}]},{\"@type\":\"ImageObject\",\"inLanguage\":\"es\",\"@id\":\"https:\\\/\\\/www.eldiario.net\\\/portal\\\/2026\\\/05\\\/31\\\/que-es-el-sindrome-de-la-persona-rigida\\\/#primaryimage\",\"url\":\"https:\\\/\\\/www.eldiario.net\\\/portal\\\/wp-content\\\/uploads\\\/2026\\\/05\\\/QUE-ES-EL-SINDROME-DE-LA-PERSONA-RIGIDA1.webp\",\"contentUrl\":\"https:\\\/\\\/www.eldiario.net\\\/portal\\\/wp-content\\\/uploads\\\/2026\\\/05\\\/QUE-ES-EL-SINDROME-DE-LA-PERSONA-RIGIDA1.webp\",\"width\":635,\"height\":442},{\"@type\":\"BreadcrumbList\",\"@id\":\"https:\\\/\\\/www.eldiario.net\\\/portal\\\/2026\\\/05\\\/31\\\/que-es-el-sindrome-de-la-persona-rigida\\\/#breadcrumb\",\"itemListElement\":[{\"@type\":\"ListItem\",\"position\":1,\"name\":\"Portada\",\"item\":\"https:\\\/\\\/www.eldiario.net\\\/portal\\\/\"},{\"@type\":\"ListItem\",\"position\":2,\"name\":\"\u00bfQU\u00c9 ES EL S\u00cdNDROME DE LA PERSONA RIGIDA?\"}]},{\"@type\":\"WebSite\",\"@id\":\"https:\\\/\\\/www.eldiario.net\\\/portal\\\/#website\",\"url\":\"https:\\\/\\\/www.eldiario.net\\\/portal\\\/\",\"name\":\"El Diario - Decano de la prensa nacional\",\"description\":\"El Diario - Decano de la prensa nacional\",\"publisher\":{\"@id\":\"https:\\\/\\\/www.eldiario.net\\\/portal\\\/#organization\"},\"potentialAction\":[{\"@type\":\"SearchAction\",\"target\":{\"@type\":\"EntryPoint\",\"urlTemplate\":\"https:\\\/\\\/www.eldiario.net\\\/portal\\\/?s={search_term_string}\"},\"query-input\":{\"@type\":\"PropertyValueSpecification\",\"valueRequired\":true,\"valueName\":\"search_term_string\"}}],\"inLanguage\":\"es\"},{\"@type\":\"Organization\",\"@id\":\"https:\\\/\\\/www.eldiario.net\\\/portal\\\/#organization\",\"name\":\"El Diario - Decano de la prensa nacional\",\"url\":\"https:\\\/\\\/www.eldiario.net\\\/portal\\\/\",\"logo\":{\"@type\":\"ImageObject\",\"inLanguage\":\"es\",\"@id\":\"https:\\\/\\\/www.eldiario.net\\\/portal\\\/#\\\/schema\\\/logo\\\/image\\\/\",\"url\":\"https:\\\/\\\/www.eldiario.net\\\/portal\\\/wp-content\\\/uploads\\\/2023\\\/07\\\/logo_ED.jpg\",\"contentUrl\":\"https:\\\/\\\/www.eldiario.net\\\/portal\\\/wp-content\\\/uploads\\\/2023\\\/07\\\/logo_ED.jpg\",\"width\":272,\"height\":52,\"caption\":\"El Diario - Decano de la prensa nacional\"},\"image\":{\"@id\":\"https:\\\/\\\/www.eldiario.net\\\/portal\\\/#\\\/schema\\\/logo\\\/image\\\/\"},\"sameAs\":[\"https:\\\/\\\/www.facebook.com\\\/eldiario.bolivia\\\/\",\"https:\\\/\\\/x.com\\\/eldiario_net\"]},{\"@type\":\"Person\",\"@id\":\"https:\\\/\\\/www.eldiario.net\\\/portal\\\/#\\\/schema\\\/person\\\/2c57cf2b7a7ae032e449e4c9b1019eac\",\"name\":\"Jeanette\",\"image\":{\"@type\":\"ImageObject\",\"inLanguage\":\"es\",\"@id\":\"https:\\\/\\\/secure.gravatar.com\\\/avatar\\\/3ea2118a5f7dad2b7138b1187a6b7ee55f160b9968b66013c3a3ef39dd7e5798?s=96&d=mm&r=g\",\"url\":\"https:\\\/\\\/secure.gravatar.com\\\/avatar\\\/3ea2118a5f7dad2b7138b1187a6b7ee55f160b9968b66013c3a3ef39dd7e5798?s=96&d=mm&r=g\",\"contentUrl\":\"https:\\\/\\\/secure.gravatar.com\\\/avatar\\\/3ea2118a5f7dad2b7138b1187a6b7ee55f160b9968b66013c3a3ef39dd7e5798?s=96&d=mm&r=g\",\"caption\":\"Jeanette\"},\"sameAs\":[\"https:\\\/\\\/www.eldiario.net\\\/portal\"],\"url\":\"https:\\\/\\\/www.eldiario.net\\\/portal\\\/author\\\/jeanette\\\/\"}]}<\/script>\n<!-- \/ Yoast SEO plugin. -->","yoast_head_json":{"title":"\u00bfQU\u00c9 ES EL S\u00cdNDROME DE LA PERSONA RIGIDA? - El Diario - Bolivia","robots":{"index":"index","follow":"follow","max-snippet":"max-snippet:-1","max-image-preview":"max-image-preview:large","max-video-preview":"max-video-preview:-1"},"canonical":"https:\/\/www.eldiario.net\/portal\/2026\/05\/31\/que-es-el-sindrome-de-la-persona-rigida\/","og_locale":"es_ES","og_type":"article","og_title":"\u00bfQU\u00c9 ES EL S\u00cdNDROME DE LA PERSONA RIGIDA? - El Diario - Bolivia","og_description":"Lic. Lupe Fern\u00e1ndez Calix Enfermera UMSA El s\u00edndrome de la persona r\u00edgida(SPR) es un trastorn\u00f3 neurol\u00f3gico cr\u00f3nico afecta al sistema nervioso central \u00a0\u00a0al tronco y abdomen ocacionando una rigidez muscular\u00a0 \u00a0y \u00a0espasmos dolorosos as\u00ed como en \u00a0\u00a0otros m\u00fasculos del cuerpo\u00a0 las piernas \u00a0ocacionando ca\u00eddas, accidentes , fracturas al que padece esta enfermedad afecta generalmente a [&hellip;]","og_url":"https:\/\/www.eldiario.net\/portal\/2026\/05\/31\/que-es-el-sindrome-de-la-persona-rigida\/","og_site_name":"El Diario - Bolivia","article_publisher":"https:\/\/www.facebook.com\/eldiario.bolivia\/","article_published_time":"2026-05-31T12:21:45+00:00","og_image":[{"width":635,"height":442,"url":"https:\/\/www.eldiario.net\/portal\/wp-content\/uploads\/2026\/05\/QUE-ES-EL-SINDROME-DE-LA-PERSONA-RIGIDA1.webp","type":"image\/webp"}],"author":"Jeanette","twitter_card":"summary_large_image","twitter_creator":"@eldiario_net","twitter_site":"@eldiario_net","twitter_misc":{"Escrito por":"Jeanette","Tiempo de lectura":"2 minutos"},"schema":{"@context":"https:\/\/schema.org","@graph":[{"@type":"Article","@id":"https:\/\/www.eldiario.net\/portal\/2026\/05\/31\/que-es-el-sindrome-de-la-persona-rigida\/#article","isPartOf":{"@id":"https:\/\/www.eldiario.net\/portal\/2026\/05\/31\/que-es-el-sindrome-de-la-persona-rigida\/"},"author":{"name":"Jeanette","@id":"https:\/\/www.eldiario.net\/portal\/#\/schema\/person\/2c57cf2b7a7ae032e449e4c9b1019eac"},"headline":"\u00bfQU\u00c9 ES EL S\u00cdNDROME DE LA PERSONA RIGIDA?","datePublished":"2026-05-31T12:21:45+00:00","mainEntityOfPage":{"@id":"https:\/\/www.eldiario.net\/portal\/2026\/05\/31\/que-es-el-sindrome-de-la-persona-rigida\/"},"wordCount":329,"publisher":{"@id":"https:\/\/www.eldiario.net\/portal\/#organization"},"image":{"@id":"https:\/\/www.eldiario.net\/portal\/2026\/05\/31\/que-es-el-sindrome-de-la-persona-rigida\/#primaryimage"},"thumbnailUrl":"https:\/\/www.eldiario.net\/portal\/wp-content\/uploads\/2026\/05\/QUE-ES-EL-SINDROME-DE-LA-PERSONA-RIGIDA1.webp","articleSection":["De Salud + vida"],"inLanguage":"es"},{"@type":"WebPage","@id":"https:\/\/www.eldiario.net\/portal\/2026\/05\/31\/que-es-el-sindrome-de-la-persona-rigida\/","url":"https:\/\/www.eldiario.net\/portal\/2026\/05\/31\/que-es-el-sindrome-de-la-persona-rigida\/","name":"\u00bfQU\u00c9 ES EL S\u00cdNDROME DE LA PERSONA RIGIDA? - El Diario - Bolivia","isPartOf":{"@id":"https:\/\/www.eldiario.net\/portal\/#website"},"primaryImageOfPage":{"@id":"https:\/\/www.eldiario.net\/portal\/2026\/05\/31\/que-es-el-sindrome-de-la-persona-rigida\/#primaryimage"},"image":{"@id":"https:\/\/www.eldiario.net\/portal\/2026\/05\/31\/que-es-el-sindrome-de-la-persona-rigida\/#primaryimage"},"thumbnailUrl":"https:\/\/www.eldiario.net\/portal\/wp-content\/uploads\/2026\/05\/QUE-ES-EL-SINDROME-DE-LA-PERSONA-RIGIDA1.webp","datePublished":"2026-05-31T12:21:45+00:00","breadcrumb":{"@id":"https:\/\/www.eldiario.net\/portal\/2026\/05\/31\/que-es-el-sindrome-de-la-persona-rigida\/#breadcrumb"},"inLanguage":"es","potentialAction":[{"@type":"ReadAction","target":["https:\/\/www.eldiario.net\/portal\/2026\/05\/31\/que-es-el-sindrome-de-la-persona-rigida\/"]}]},{"@type":"ImageObject","inLanguage":"es","@id":"https:\/\/www.eldiario.net\/portal\/2026\/05\/31\/que-es-el-sindrome-de-la-persona-rigida\/#primaryimage","url":"https:\/\/www.eldiario.net\/portal\/wp-content\/uploads\/2026\/05\/QUE-ES-EL-SINDROME-DE-LA-PERSONA-RIGIDA1.webp","contentUrl":"https:\/\/www.eldiario.net\/portal\/wp-content\/uploads\/2026\/05\/QUE-ES-EL-SINDROME-DE-LA-PERSONA-RIGIDA1.webp","width":635,"height":442},{"@type":"BreadcrumbList","@id":"https:\/\/www.eldiario.net\/portal\/2026\/05\/31\/que-es-el-sindrome-de-la-persona-rigida\/#breadcrumb","itemListElement":[{"@type":"ListItem","position":1,"name":"Portada","item":"https:\/\/www.eldiario.net\/portal\/"},{"@type":"ListItem","position":2,"name":"\u00bfQU\u00c9 ES EL S\u00cdNDROME DE LA PERSONA RIGIDA?"}]},{"@type":"WebSite","@id":"https:\/\/www.eldiario.net\/portal\/#website","url":"https:\/\/www.eldiario.net\/portal\/","name":"El Diario - Decano de la prensa nacional","description":"El Diario - Decano de la prensa nacional","publisher":{"@id":"https:\/\/www.eldiario.net\/portal\/#organization"},"potentialAction":[{"@type":"SearchAction","target":{"@type":"EntryPoint","urlTemplate":"https:\/\/www.eldiario.net\/portal\/?s={search_term_string}"},"query-input":{"@type":"PropertyValueSpecification","valueRequired":true,"valueName":"search_term_string"}}],"inLanguage":"es"},{"@type":"Organization","@id":"https:\/\/www.eldiario.net\/portal\/#organization","name":"El Diario - Decano de la prensa nacional","url":"https:\/\/www.eldiario.net\/portal\/","logo":{"@type":"ImageObject","inLanguage":"es","@id":"https:\/\/www.eldiario.net\/portal\/#\/schema\/logo\/image\/","url":"https:\/\/www.eldiario.net\/portal\/wp-content\/uploads\/2023\/07\/logo_ED.jpg","contentUrl":"https:\/\/www.eldiario.net\/portal\/wp-content\/uploads\/2023\/07\/logo_ED.jpg","width":272,"height":52,"caption":"El Diario - Decano de la prensa nacional"},"image":{"@id":"https:\/\/www.eldiario.net\/portal\/#\/schema\/logo\/image\/"},"sameAs":["https:\/\/www.facebook.com\/eldiario.bolivia\/","https:\/\/x.com\/eldiario_net"]},{"@type":"Person","@id":"https:\/\/www.eldiario.net\/portal\/#\/schema\/person\/2c57cf2b7a7ae032e449e4c9b1019eac","name":"Jeanette","image":{"@type":"ImageObject","inLanguage":"es","@id":"https:\/\/secure.gravatar.com\/avatar\/3ea2118a5f7dad2b7138b1187a6b7ee55f160b9968b66013c3a3ef39dd7e5798?s=96&d=mm&r=g","url":"https:\/\/secure.gravatar.com\/avatar\/3ea2118a5f7dad2b7138b1187a6b7ee55f160b9968b66013c3a3ef39dd7e5798?s=96&d=mm&r=g","contentUrl":"https:\/\/secure.gravatar.com\/avatar\/3ea2118a5f7dad2b7138b1187a6b7ee55f160b9968b66013c3a3ef39dd7e5798?s=96&d=mm&r=g","caption":"Jeanette"},"sameAs":["https:\/\/www.eldiario.net\/portal"],"url":"https:\/\/www.eldiario.net\/portal\/author\/jeanette\/"}]}},"_links":{"self":[{"href":"https:\/\/www.eldiario.net\/portal\/wp-json\/wp\/v2\/posts\/399586","targetHints":{"allow":["GET"]}}],"collection":[{"href":"https:\/\/www.eldiario.net\/portal\/wp-json\/wp\/v2\/posts"}],"about":[{"href":"https:\/\/www.eldiario.net\/portal\/wp-json\/wp\/v2\/types\/post"}],"author":[{"embeddable":true,"href":"https:\/\/www.eldiario.net\/portal\/wp-json\/wp\/v2\/users\/1"}],"replies":[{"embeddable":true,"href":"https:\/\/www.eldiario.net\/portal\/wp-json\/wp\/v2\/comments?post=399586"}],"version-history":[{"count":1,"href":"https:\/\/www.eldiario.net\/portal\/wp-json\/wp\/v2\/posts\/399586\/revisions"}],"predecessor-version":[{"id":399588,"href":"https:\/\/www.eldiario.net\/portal\/wp-json\/wp\/v2\/posts\/399586\/revisions\/399588"}],"wp:featuredmedia":[{"embeddable":true,"href":"https:\/\/www.eldiario.net\/portal\/wp-json\/wp\/v2\/media\/399587"}],"wp:attachment":[{"href":"https:\/\/www.eldiario.net\/portal\/wp-json\/wp\/v2\/media?parent=399586"}],"wp:term":[{"taxonomy":"category","embeddable":true,"href":"https:\/\/www.eldiario.net\/portal\/wp-json\/wp\/v2\/categories?post=399586"},{"taxonomy":"post_tag","embeddable":true,"href":"https:\/\/www.eldiario.net\/portal\/wp-json\/wp\/v2\/tags?post=399586"}],"curies":[{"name":"wp","href":"https:\/\/api.w.org\/{rel}","templated":true}]}}