{"id":399269,"date":"2026-05-30T07:38:05","date_gmt":"2026-05-30T11:38:05","guid":{"rendered":"https:\/\/www.eldiario.net\/portal\/?p=399269"},"modified":"2026-05-30T07:38:05","modified_gmt":"2026-05-30T11:38:05","slug":"bolivia-tiene-otra-oportunidad-para-impulsar-la-integracion-energetica","status":"publish","type":"post","link":"https:\/\/www.eldiario.net\/portal\/2026\/05\/30\/bolivia-tiene-otra-oportunidad-para-impulsar-la-integracion-energetica\/","title":{"rendered":"Bolivia tiene otra oportunidad para impulsar la integraci\u00f3n energ\u00e9tica"},"content":{"rendered":"<p>Al ingresar en la d\u00e9cada de los 2000, Bolivia estaba en la mira de la regi\u00f3n por el potencial en la producci\u00f3n de gas y las autoridades de entonces apuntaban a convertir al pa\u00eds como el centro energ\u00e9tico, pero a partir del 2006 perdi\u00f3 terreno y ahora se ha vuelto un neto importador. Actualmente llega una nueva oportunidad, impulsar la integraci\u00f3n energ\u00e9tica, as\u00ed lo asegura el experto Boris G\u00f3mez \u00dazqueda, expresidente del Comit\u00e9 Boliviano de la Comisi\u00f3n de Integraci\u00f3n Energ\u00e9tica Regional de Latinoam\u00e9rica y el Caribe (CIER).<br \/>\nIndic\u00f3 que Bolivia tiene la oportunidad de impulsar modelos de integraci\u00f3n energ\u00e9tica a trav\u00e9s de los mecanismos diplom\u00e1ticos de integraci\u00f3n del Mercado Com\u00fan del Sur (Mercosur), Urupabol y Siesur, durante un webinar en donde se analiz\u00f3 la oportunidad que tiene los gobiernos democr\u00e1ticos de la regi\u00f3n en fortalecer capacidades productivas, industriales y de inversi\u00f3n, siempre y cuando haya estabilidad y democracia.<br \/>\nG\u00f3mez abog\u00f3 por la urgente din\u00e1mica de relanzar, reformar, modernizar y fortalecer al Grupo Urupabol (organismo de \u00e1mbito internacional conformado por Uruguay, Paraguay y Bolivia con objetivos de coordinar la representaci\u00f3n de las Partes en el Directorio del Banco Interamericano de Desarrollo (BID), organismo internacional de car\u00e1cter financiero) y dar mayor \u00e9nfasis en acciones para el mejoramiento de las condiciones de navegabilidad de sus r\u00edos y principalmente la integraci\u00f3n energ\u00e9tica.<br \/>\nD\u00edas atr\u00e1s, la CAF tambi\u00e9n anunci\u00f3 una inversi\u00f3n de 10.000 millones de d\u00f3lares para la integraci\u00f3n de la regi\u00f3n, en todos los sectores, haciendo \u00e9nfasis en la construcci\u00f3n de carreteras y energ\u00e9ticas.<br \/>\nSeg\u00fan el expresidente del Comit\u00e9 Boliviano de CIER, \u201cla batuta de la integraci\u00f3n la llevar\u00e1 el sector privado, el capital privado, a trav\u00e9s de compa\u00f1\u00edas generadoras, banca especializada, fondos de infraestructura, operadores el\u00e9ctricos y compa\u00f1\u00edas tecnol\u00f3gicas\u201d. El Estado debe jugar un rol de estabilidad, normativa eficiente y de respeto a la inversi\u00f3n.<br \/>\nLa interconexi\u00f3n el\u00e9ctrica representa uno de los proyectos estrat\u00e9gicos m\u00e1s importantes para el futuro econ\u00f3mico de Am\u00e9rica del Sur, en el marco del Mercosur.<br \/>\nPara el analista, es importante el permanente relanzamiento y fortalecimiento del Sistema de Integraci\u00f3n Energ\u00e9tica de los Pa\u00edses del Cono Sur (Siesur) como iniciativa regional de cooperaci\u00f3n e integraci\u00f3n energ\u00e9tica en Am\u00e9rica del Sur, enfocada principalmente en el sector el\u00e9ctrico, impulsado con apoyo del BID, Organizaci\u00f3n Latinoamericana de Energ\u00eda (Olade) y CIER.<br \/>\nArgentina, Uruguay, Paraguay, Bolivia y Brasil es un conglomerado de personas, industrias, comercio y oportunidades de negocio en el sur del Continente que, para continuar creciendo, necesitan energ\u00eda.<br \/>\n\u201cSiempre abogamos por la integraci\u00f3n y complementariedad energ\u00e9tica donde los Estados tendr\u00e1n un rol central como reguladores y garantes de la estabilidad jur\u00eddica, con permanente coordinaci\u00f3n diplom\u00e1tica, acuerdos regulatorios uniformes y principalmente estabilidad democr\u00e1tica. Organismos como CAF, BID, Fonplata, Olade y el Focem del Mercosur ser\u00e1n fundamentales para estructurar financiamiento regional para esa integraci\u00f3n\u201d, indic\u00f3.<br \/>\nEsa interconexi\u00f3n no s\u00f3lo permitir\u00eda optimizar recursos energ\u00e9ticos, sino tambi\u00e9n garantizar seguridad de suministro, estabilidad de precios, transici\u00f3n energ\u00e9tica y atracci\u00f3n de inversiones industriales vinculadas a centros de datos para inteligencia artificial (IA), electromovilidad y pr\u00f3ximos proyectos en hidr\u00f3geno verde, temas que Boris Santos G\u00f3mez los viene impulsando de forma permanente.<br \/>\nLa regi\u00f3n posee una combinaci\u00f3n (un mix) energ\u00e9tica extraordinariamente complementaria. Por ejemplo, Brasil dispone del mayor sistema el\u00e9ctrico sudamericano, con predominio hidroel\u00e9ctrico, creciente expansi\u00f3n solar y e\u00f3lica, una demanda industrial gigantesca, sostiene.<br \/>\nActualmente, Brasil consume m\u00e1s de 700 TWh anuales y requiere complementariedad estacional y respaldo regional para estabilizar su enorme sistema el\u00e9ctrico. Brasil proyecta inversiones superiores a 2.000 millones de d\u00f3lares para fortalecer la interconexi\u00f3n el\u00e9ctrica con Bolivia, incluyendo infraestructura y refuerzos de transmisi\u00f3n.<br \/>\nParaguay posee uno de los mayores excedentes hidroel\u00e9ctricos del mundo (con sus generadoras hidro Itaip\u00fa y Yacyret\u00e1) y con potencial de generaci\u00f3n el\u00e9ctrica solar.<br \/>\nArgentina cuenta con enormes reservas de gas natural en Vaca Muerta, adem\u00e1s de potencial e\u00f3lico y solar. Las nuevas regulaciones en energ\u00eda dan pie a un impulso absoluto en generaci\u00f3n el\u00e9ctrica v\u00eda nuclear.<br \/>\nUruguay desarroll\u00f3 una de las matrices renovables m\u00e1s avanzadas del continente, junto a Costa Rica en el centro del continente. Bolivia, por su parte, conserva una ubicaci\u00f3n geogr\u00e1fica estrat\u00e9gica y potencial gas\u00edfero relevante y a\u00fan inexplorado para procesos de transici\u00f3n y complementariedad el\u00e9ctrica regional.<br \/>\nSon mercados con fuerte crecimiento industrial proyectado, especialmente Paraguay con su continuo \u00e9xito econ\u00f3mico y estabilidad democr\u00e1tica.<br \/>\nLa demanda regional continuar\u00e1 aumentando debido a la digitalizaci\u00f3n, urbanizaci\u00f3n y nuevos polos industriales vinculados a tecnolog\u00eda y manufactura.<br \/>\n\u201cUno de los principales desaf\u00edos de la regi\u00f3n consiste en transformar excedentes nacionales aislados en una verdadera red regional complementaria. Donde haya excedentes el\u00e9ctricos que sean utilizados por otra regi\u00f3n\u201d, sostuvo.<br \/>\nSeg\u00fan sus c\u00e1lculos, las inversiones requeridas para una integraci\u00f3n plena podr\u00edan superar los 50.000 millones de d\u00f3lares durante la pr\u00f3xima d\u00e9cada.<br \/>\na) l\u00edneas de transmisi\u00f3n de alta tensi\u00f3n, con sistemas High Voltage Direct Current, que utiliza corriente continua en lugar de la tradicional corriente alterna (AC) para transportar grandes cantidades de energ\u00eda a largas distancias con p\u00e9rdidas m\u00ednimas,<br \/>\nb) digitalizaci\u00f3n de redes,<br \/>\nc) modelos de almacenamiento energ\u00e9tico,<br \/>\nd) proyectos para upgrade de plantas hidroel\u00e9ctricas,<br \/>\ne) nuevas terminales de gas natural (LNG, caso argentina venta a Europa),<br \/>\nf) promoci\u00f3n intensa de generaci\u00f3n el\u00e9ctrica v\u00eda energ\u00edas renovables (solar, e\u00f3lica),<br \/>\ng) mejora e inversiones a termoel\u00e9ctricas de gas, con consecuente inversi\u00f3n en exploraci\u00f3n\/explotaci\u00f3n de gas natural, dado que el gas es elemento principal en la transici\u00f3n de f\u00f3siles a renovables,<br \/>\nh) infraestructura de respaldo y ciberseguridad energ\u00e9tica.<br \/>\ni) inversiones en generaci\u00f3n el\u00e9ctrica nuclear.<br \/>\n\u201cTodo depende de abandonar visiones nacionales fragmentadas y avanzar hacia una arquitectura energ\u00e9tica continental\u201d, agreg\u00f3.<\/p>\n","protected":false},"excerpt":{"rendered":"<p>Al ingresar en la d\u00e9cada de los 2000, Bolivia estaba en la mira de la regi\u00f3n por el potencial en la producci\u00f3n de gas y las autoridades de entonces apuntaban a convertir al pa\u00eds como el centro energ\u00e9tico, pero a partir del 2006 perdi\u00f3 terreno y ahora se ha vuelto un neto importador. Actualmente llega [&hellip;]<\/p>\n","protected":false},"author":1,"featured_media":399270,"comment_status":"closed","ping_status":"open","sticky":false,"template":"","format":"standard","meta":{"_acf_changed":false,"footnotes":""},"categories":[7],"tags":[],"class_list":["post-399269","post","type-post","status-publish","format-standard","has-post-thumbnail","category-economia"],"acf":{"antetitulo":""},"yoast_head":"<!-- This site is optimized with the Yoast SEO plugin v28.4 - https:\/\/yoast.com\/product\/yoast-seo-wordpress\/ -->\n<title>Bolivia tiene otra oportunidad para impulsar la integraci\u00f3n energ\u00e9tica - El Diario - Bolivia<\/title>\n<meta name=\"robots\" content=\"index, follow, max-snippet:-1, max-image-preview:large, max-video-preview:-1\" \/>\n<link rel=\"canonical\" href=\"https:\/\/www.eldiario.net\/portal\/2026\/05\/30\/bolivia-tiene-otra-oportunidad-para-impulsar-la-integracion-energetica\/\" \/>\n<meta property=\"og:locale\" content=\"es_ES\" \/>\n<meta property=\"og:type\" content=\"article\" \/>\n<meta property=\"og:title\" content=\"Bolivia tiene otra oportunidad para impulsar la integraci\u00f3n energ\u00e9tica - El Diario - Bolivia\" \/>\n<meta property=\"og:description\" content=\"Al ingresar en la d\u00e9cada de los 2000, Bolivia estaba en la mira de la regi\u00f3n por el potencial en la producci\u00f3n de gas y las autoridades de entonces apuntaban a convertir al pa\u00eds como el centro energ\u00e9tico, pero a partir del 2006 perdi\u00f3 terreno y ahora se ha vuelto un neto importador. Actualmente llega [&hellip;]\" \/>\n<meta property=\"og:url\" content=\"https:\/\/www.eldiario.net\/portal\/2026\/05\/30\/bolivia-tiene-otra-oportunidad-para-impulsar-la-integracion-energetica\/\" \/>\n<meta property=\"og:site_name\" content=\"El Diario - Bolivia\" \/>\n<meta property=\"article:publisher\" content=\"https:\/\/www.facebook.com\/eldiario.bolivia\/\" \/>\n<meta property=\"article:published_time\" content=\"2026-05-30T11:38:05+00:00\" \/>\n<meta property=\"og:image\" content=\"https:\/\/www.eldiario.net\/portal\/wp-content\/uploads\/2026\/05\/boris-1.webp\" \/>\n\t<meta property=\"og:image:width\" content=\"1080\" \/>\n\t<meta property=\"og:image:height\" content=\"1155\" \/>\n\t<meta property=\"og:image:type\" content=\"image\/webp\" \/>\n<meta name=\"author\" content=\"Jeanette\" \/>\n<meta name=\"twitter:card\" content=\"summary_large_image\" \/>\n<meta name=\"twitter:creator\" content=\"@eldiario_net\" \/>\n<meta name=\"twitter:site\" content=\"@eldiario_net\" \/>\n<meta name=\"twitter:label1\" content=\"Escrito por\" \/>\n\t<meta name=\"twitter:data1\" content=\"Jeanette\" \/>\n\t<meta name=\"twitter:label2\" content=\"Tiempo de lectura\" \/>\n\t<meta name=\"twitter:data2\" content=\"5 minutos\" \/>\n<script type=\"application\/ld+json\" class=\"yoast-schema-graph\">{\"@context\":\"https:\\\/\\\/schema.org\",\"@graph\":[{\"@type\":\"Article\",\"@id\":\"https:\\\/\\\/www.eldiario.net\\\/portal\\\/2026\\\/05\\\/30\\\/bolivia-tiene-otra-oportunidad-para-impulsar-la-integracion-energetica\\\/#article\",\"isPartOf\":{\"@id\":\"https:\\\/\\\/www.eldiario.net\\\/portal\\\/2026\\\/05\\\/30\\\/bolivia-tiene-otra-oportunidad-para-impulsar-la-integracion-energetica\\\/\"},\"author\":{\"name\":\"Jeanette\",\"@id\":\"https:\\\/\\\/www.eldiario.net\\\/portal\\\/#\\\/schema\\\/person\\\/f46445640444750d7d753ccd04ae01b7\"},\"headline\":\"Bolivia tiene otra oportunidad para impulsar la integraci\u00f3n energ\u00e9tica\",\"datePublished\":\"2026-05-30T11:38:05+00:00\",\"mainEntityOfPage\":{\"@id\":\"https:\\\/\\\/www.eldiario.net\\\/portal\\\/2026\\\/05\\\/30\\\/bolivia-tiene-otra-oportunidad-para-impulsar-la-integracion-energetica\\\/\"},\"wordCount\":1069,\"publisher\":{\"@id\":\"https:\\\/\\\/www.eldiario.net\\\/portal\\\/#organization\"},\"image\":{\"@id\":\"https:\\\/\\\/www.eldiario.net\\\/portal\\\/2026\\\/05\\\/30\\\/bolivia-tiene-otra-oportunidad-para-impulsar-la-integracion-energetica\\\/#primaryimage\"},\"thumbnailUrl\":\"https:\\\/\\\/www.eldiario.net\\\/portal\\\/wp-content\\\/uploads\\\/2026\\\/05\\\/boris-1.webp\",\"articleSection\":[\"Econom\u00eda\"],\"inLanguage\":\"es\"},{\"@type\":\"WebPage\",\"@id\":\"https:\\\/\\\/www.eldiario.net\\\/portal\\\/2026\\\/05\\\/30\\\/bolivia-tiene-otra-oportunidad-para-impulsar-la-integracion-energetica\\\/\",\"url\":\"https:\\\/\\\/www.eldiario.net\\\/portal\\\/2026\\\/05\\\/30\\\/bolivia-tiene-otra-oportunidad-para-impulsar-la-integracion-energetica\\\/\",\"name\":\"Bolivia tiene otra oportunidad para impulsar la integraci\u00f3n energ\u00e9tica - El Diario - Bolivia\",\"isPartOf\":{\"@id\":\"https:\\\/\\\/www.eldiario.net\\\/portal\\\/#website\"},\"primaryImageOfPage\":{\"@id\":\"https:\\\/\\\/www.eldiario.net\\\/portal\\\/2026\\\/05\\\/30\\\/bolivia-tiene-otra-oportunidad-para-impulsar-la-integracion-energetica\\\/#primaryimage\"},\"image\":{\"@id\":\"https:\\\/\\\/www.eldiario.net\\\/portal\\\/2026\\\/05\\\/30\\\/bolivia-tiene-otra-oportunidad-para-impulsar-la-integracion-energetica\\\/#primaryimage\"},\"thumbnailUrl\":\"https:\\\/\\\/www.eldiario.net\\\/portal\\\/wp-content\\\/uploads\\\/2026\\\/05\\\/boris-1.webp\",\"datePublished\":\"2026-05-30T11:38:05+00:00\",\"breadcrumb\":{\"@id\":\"https:\\\/\\\/www.eldiario.net\\\/portal\\\/2026\\\/05\\\/30\\\/bolivia-tiene-otra-oportunidad-para-impulsar-la-integracion-energetica\\\/#breadcrumb\"},\"inLanguage\":\"es\",\"potentialAction\":[{\"@type\":\"ReadAction\",\"target\":[\"https:\\\/\\\/www.eldiario.net\\\/portal\\\/2026\\\/05\\\/30\\\/bolivia-tiene-otra-oportunidad-para-impulsar-la-integracion-energetica\\\/\"]}]},{\"@type\":\"ImageObject\",\"inLanguage\":\"es\",\"@id\":\"https:\\\/\\\/www.eldiario.net\\\/portal\\\/2026\\\/05\\\/30\\\/bolivia-tiene-otra-oportunidad-para-impulsar-la-integracion-energetica\\\/#primaryimage\",\"url\":\"https:\\\/\\\/www.eldiario.net\\\/portal\\\/wp-content\\\/uploads\\\/2026\\\/05\\\/boris-1.webp\",\"contentUrl\":\"https:\\\/\\\/www.eldiario.net\\\/portal\\\/wp-content\\\/uploads\\\/2026\\\/05\\\/boris-1.webp\",\"width\":1080,\"height\":1155,\"caption\":\"Boris SAntos G\u00f3mez \u00dazqueda\"},{\"@type\":\"BreadcrumbList\",\"@id\":\"https:\\\/\\\/www.eldiario.net\\\/portal\\\/2026\\\/05\\\/30\\\/bolivia-tiene-otra-oportunidad-para-impulsar-la-integracion-energetica\\\/#breadcrumb\",\"itemListElement\":[{\"@type\":\"ListItem\",\"position\":1,\"name\":\"Portada\",\"item\":\"https:\\\/\\\/www.eldiario.net\\\/portal\\\/\"},{\"@type\":\"ListItem\",\"position\":2,\"name\":\"Bolivia tiene otra oportunidad para impulsar la integraci\u00f3n energ\u00e9tica\"}]},{\"@type\":\"WebSite\",\"@id\":\"https:\\\/\\\/www.eldiario.net\\\/portal\\\/#website\",\"url\":\"https:\\\/\\\/www.eldiario.net\\\/portal\\\/\",\"name\":\"El Diario - Decano de la prensa nacional\",\"description\":\"El Diario - Decano de la prensa nacional\",\"publisher\":{\"@id\":\"https:\\\/\\\/www.eldiario.net\\\/portal\\\/#organization\"},\"potentialAction\":[{\"@type\":\"SearchAction\",\"target\":{\"@type\":\"EntryPoint\",\"urlTemplate\":\"https:\\\/\\\/www.eldiario.net\\\/portal\\\/?s={search_term_string}\"},\"query-input\":{\"@type\":\"PropertyValueSpecification\",\"valueRequired\":true,\"valueName\":\"search_term_string\"}}],\"inLanguage\":\"es\"},{\"@type\":\"Organization\",\"@id\":\"https:\\\/\\\/www.eldiario.net\\\/portal\\\/#organization\",\"name\":\"El Diario - Decano de la prensa nacional\",\"url\":\"https:\\\/\\\/www.eldiario.net\\\/portal\\\/\",\"logo\":{\"@type\":\"ImageObject\",\"inLanguage\":\"es\",\"@id\":\"https:\\\/\\\/www.eldiario.net\\\/portal\\\/#\\\/schema\\\/logo\\\/image\\\/\",\"url\":\"https:\\\/\\\/www.eldiario.net\\\/portal\\\/wp-content\\\/uploads\\\/2023\\\/07\\\/logo_ED.jpg\",\"contentUrl\":\"https:\\\/\\\/www.eldiario.net\\\/portal\\\/wp-content\\\/uploads\\\/2023\\\/07\\\/logo_ED.jpg\",\"width\":272,\"height\":52,\"caption\":\"El Diario - Decano de la prensa nacional\"},\"image\":{\"@id\":\"https:\\\/\\\/www.eldiario.net\\\/portal\\\/#\\\/schema\\\/logo\\\/image\\\/\"},\"sameAs\":[\"https:\\\/\\\/www.facebook.com\\\/eldiario.bolivia\\\/\",\"https:\\\/\\\/x.com\\\/eldiario_net\"]},{\"@type\":\"Person\",\"@id\":\"https:\\\/\\\/www.eldiario.net\\\/portal\\\/#\\\/schema\\\/person\\\/f46445640444750d7d753ccd04ae01b7\",\"name\":\"Jeanette\",\"image\":{\"@type\":\"ImageObject\",\"inLanguage\":\"es\",\"@id\":\"https:\\\/\\\/secure.gravatar.com\\\/avatar\\\/3ea2118a5f7dad2b7138b1187a6b7ee55f160b9968b66013c3a3ef39dd7e5798?s=96&d=mm&r=g\",\"url\":\"https:\\\/\\\/secure.gravatar.com\\\/avatar\\\/3ea2118a5f7dad2b7138b1187a6b7ee55f160b9968b66013c3a3ef39dd7e5798?s=96&d=mm&r=g\",\"contentUrl\":\"https:\\\/\\\/secure.gravatar.com\\\/avatar\\\/3ea2118a5f7dad2b7138b1187a6b7ee55f160b9968b66013c3a3ef39dd7e5798?s=96&d=mm&r=g\",\"caption\":\"Jeanette\"},\"sameAs\":[\"https:\\\/\\\/www.eldiario.net\\\/portal\"],\"url\":\"https:\\\/\\\/www.eldiario.net\\\/portal\\\/author\\\/jeanette\\\/\"}]}<\/script>\n<!-- \/ Yoast SEO plugin. -->","yoast_head_json":{"title":"Bolivia tiene otra oportunidad para impulsar la integraci\u00f3n energ\u00e9tica - El Diario - Bolivia","robots":{"index":"index","follow":"follow","max-snippet":"max-snippet:-1","max-image-preview":"max-image-preview:large","max-video-preview":"max-video-preview:-1"},"canonical":"https:\/\/www.eldiario.net\/portal\/2026\/05\/30\/bolivia-tiene-otra-oportunidad-para-impulsar-la-integracion-energetica\/","og_locale":"es_ES","og_type":"article","og_title":"Bolivia tiene otra oportunidad para impulsar la integraci\u00f3n energ\u00e9tica - El Diario - Bolivia","og_description":"Al ingresar en la d\u00e9cada de los 2000, Bolivia estaba en la mira de la regi\u00f3n por el potencial en la producci\u00f3n de gas y las autoridades de entonces apuntaban a convertir al pa\u00eds como el centro energ\u00e9tico, pero a partir del 2006 perdi\u00f3 terreno y ahora se ha vuelto un neto importador. Actualmente llega [&hellip;]","og_url":"https:\/\/www.eldiario.net\/portal\/2026\/05\/30\/bolivia-tiene-otra-oportunidad-para-impulsar-la-integracion-energetica\/","og_site_name":"El Diario - Bolivia","article_publisher":"https:\/\/www.facebook.com\/eldiario.bolivia\/","article_published_time":"2026-05-30T11:38:05+00:00","og_image":[{"width":1080,"height":1155,"url":"https:\/\/www.eldiario.net\/portal\/wp-content\/uploads\/2026\/05\/boris-1.webp","type":"image\/webp"}],"author":"Jeanette","twitter_card":"summary_large_image","twitter_creator":"@eldiario_net","twitter_site":"@eldiario_net","twitter_misc":{"Escrito por":"Jeanette","Tiempo de lectura":"5 minutos"},"schema":{"@context":"https:\/\/schema.org","@graph":[{"@type":"Article","@id":"https:\/\/www.eldiario.net\/portal\/2026\/05\/30\/bolivia-tiene-otra-oportunidad-para-impulsar-la-integracion-energetica\/#article","isPartOf":{"@id":"https:\/\/www.eldiario.net\/portal\/2026\/05\/30\/bolivia-tiene-otra-oportunidad-para-impulsar-la-integracion-energetica\/"},"author":{"name":"Jeanette","@id":"https:\/\/www.eldiario.net\/portal\/#\/schema\/person\/f46445640444750d7d753ccd04ae01b7"},"headline":"Bolivia tiene otra oportunidad para impulsar la integraci\u00f3n energ\u00e9tica","datePublished":"2026-05-30T11:38:05+00:00","mainEntityOfPage":{"@id":"https:\/\/www.eldiario.net\/portal\/2026\/05\/30\/bolivia-tiene-otra-oportunidad-para-impulsar-la-integracion-energetica\/"},"wordCount":1069,"publisher":{"@id":"https:\/\/www.eldiario.net\/portal\/#organization"},"image":{"@id":"https:\/\/www.eldiario.net\/portal\/2026\/05\/30\/bolivia-tiene-otra-oportunidad-para-impulsar-la-integracion-energetica\/#primaryimage"},"thumbnailUrl":"https:\/\/www.eldiario.net\/portal\/wp-content\/uploads\/2026\/05\/boris-1.webp","articleSection":["Econom\u00eda"],"inLanguage":"es"},{"@type":"WebPage","@id":"https:\/\/www.eldiario.net\/portal\/2026\/05\/30\/bolivia-tiene-otra-oportunidad-para-impulsar-la-integracion-energetica\/","url":"https:\/\/www.eldiario.net\/portal\/2026\/05\/30\/bolivia-tiene-otra-oportunidad-para-impulsar-la-integracion-energetica\/","name":"Bolivia tiene otra oportunidad para impulsar la integraci\u00f3n energ\u00e9tica - El Diario - Bolivia","isPartOf":{"@id":"https:\/\/www.eldiario.net\/portal\/#website"},"primaryImageOfPage":{"@id":"https:\/\/www.eldiario.net\/portal\/2026\/05\/30\/bolivia-tiene-otra-oportunidad-para-impulsar-la-integracion-energetica\/#primaryimage"},"image":{"@id":"https:\/\/www.eldiario.net\/portal\/2026\/05\/30\/bolivia-tiene-otra-oportunidad-para-impulsar-la-integracion-energetica\/#primaryimage"},"thumbnailUrl":"https:\/\/www.eldiario.net\/portal\/wp-content\/uploads\/2026\/05\/boris-1.webp","datePublished":"2026-05-30T11:38:05+00:00","breadcrumb":{"@id":"https:\/\/www.eldiario.net\/portal\/2026\/05\/30\/bolivia-tiene-otra-oportunidad-para-impulsar-la-integracion-energetica\/#breadcrumb"},"inLanguage":"es","potentialAction":[{"@type":"ReadAction","target":["https:\/\/www.eldiario.net\/portal\/2026\/05\/30\/bolivia-tiene-otra-oportunidad-para-impulsar-la-integracion-energetica\/"]}]},{"@type":"ImageObject","inLanguage":"es","@id":"https:\/\/www.eldiario.net\/portal\/2026\/05\/30\/bolivia-tiene-otra-oportunidad-para-impulsar-la-integracion-energetica\/#primaryimage","url":"https:\/\/www.eldiario.net\/portal\/wp-content\/uploads\/2026\/05\/boris-1.webp","contentUrl":"https:\/\/www.eldiario.net\/portal\/wp-content\/uploads\/2026\/05\/boris-1.webp","width":1080,"height":1155,"caption":"Boris SAntos G\u00f3mez \u00dazqueda"},{"@type":"BreadcrumbList","@id":"https:\/\/www.eldiario.net\/portal\/2026\/05\/30\/bolivia-tiene-otra-oportunidad-para-impulsar-la-integracion-energetica\/#breadcrumb","itemListElement":[{"@type":"ListItem","position":1,"name":"Portada","item":"https:\/\/www.eldiario.net\/portal\/"},{"@type":"ListItem","position":2,"name":"Bolivia tiene otra oportunidad para impulsar la integraci\u00f3n energ\u00e9tica"}]},{"@type":"WebSite","@id":"https:\/\/www.eldiario.net\/portal\/#website","url":"https:\/\/www.eldiario.net\/portal\/","name":"El Diario - Decano de la prensa nacional","description":"El Diario - Decano de la prensa nacional","publisher":{"@id":"https:\/\/www.eldiario.net\/portal\/#organization"},"potentialAction":[{"@type":"SearchAction","target":{"@type":"EntryPoint","urlTemplate":"https:\/\/www.eldiario.net\/portal\/?s={search_term_string}"},"query-input":{"@type":"PropertyValueSpecification","valueRequired":true,"valueName":"search_term_string"}}],"inLanguage":"es"},{"@type":"Organization","@id":"https:\/\/www.eldiario.net\/portal\/#organization","name":"El Diario - Decano de la prensa nacional","url":"https:\/\/www.eldiario.net\/portal\/","logo":{"@type":"ImageObject","inLanguage":"es","@id":"https:\/\/www.eldiario.net\/portal\/#\/schema\/logo\/image\/","url":"https:\/\/www.eldiario.net\/portal\/wp-content\/uploads\/2023\/07\/logo_ED.jpg","contentUrl":"https:\/\/www.eldiario.net\/portal\/wp-content\/uploads\/2023\/07\/logo_ED.jpg","width":272,"height":52,"caption":"El Diario - Decano de la prensa nacional"},"image":{"@id":"https:\/\/www.eldiario.net\/portal\/#\/schema\/logo\/image\/"},"sameAs":["https:\/\/www.facebook.com\/eldiario.bolivia\/","https:\/\/x.com\/eldiario_net"]},{"@type":"Person","@id":"https:\/\/www.eldiario.net\/portal\/#\/schema\/person\/f46445640444750d7d753ccd04ae01b7","name":"Jeanette","image":{"@type":"ImageObject","inLanguage":"es","@id":"https:\/\/secure.gravatar.com\/avatar\/3ea2118a5f7dad2b7138b1187a6b7ee55f160b9968b66013c3a3ef39dd7e5798?s=96&d=mm&r=g","url":"https:\/\/secure.gravatar.com\/avatar\/3ea2118a5f7dad2b7138b1187a6b7ee55f160b9968b66013c3a3ef39dd7e5798?s=96&d=mm&r=g","contentUrl":"https:\/\/secure.gravatar.com\/avatar\/3ea2118a5f7dad2b7138b1187a6b7ee55f160b9968b66013c3a3ef39dd7e5798?s=96&d=mm&r=g","caption":"Jeanette"},"sameAs":["https:\/\/www.eldiario.net\/portal"],"url":"https:\/\/www.eldiario.net\/portal\/author\/jeanette\/"}]}},"_links":{"self":[{"href":"https:\/\/www.eldiario.net\/portal\/wp-json\/wp\/v2\/posts\/399269","targetHints":{"allow":["GET"]}}],"collection":[{"href":"https:\/\/www.eldiario.net\/portal\/wp-json\/wp\/v2\/posts"}],"about":[{"href":"https:\/\/www.eldiario.net\/portal\/wp-json\/wp\/v2\/types\/post"}],"author":[{"embeddable":true,"href":"https:\/\/www.eldiario.net\/portal\/wp-json\/wp\/v2\/users\/1"}],"replies":[{"embeddable":true,"href":"https:\/\/www.eldiario.net\/portal\/wp-json\/wp\/v2\/comments?post=399269"}],"version-history":[{"count":1,"href":"https:\/\/www.eldiario.net\/portal\/wp-json\/wp\/v2\/posts\/399269\/revisions"}],"predecessor-version":[{"id":399271,"href":"https:\/\/www.eldiario.net\/portal\/wp-json\/wp\/v2\/posts\/399269\/revisions\/399271"}],"wp:featuredmedia":[{"embeddable":true,"href":"https:\/\/www.eldiario.net\/portal\/wp-json\/wp\/v2\/media\/399270"}],"wp:attachment":[{"href":"https:\/\/www.eldiario.net\/portal\/wp-json\/wp\/v2\/media?parent=399269"}],"wp:term":[{"taxonomy":"category","embeddable":true,"href":"https:\/\/www.eldiario.net\/portal\/wp-json\/wp\/v2\/categories?post=399269"},{"taxonomy":"post_tag","embeddable":true,"href":"https:\/\/www.eldiario.net\/portal\/wp-json\/wp\/v2\/tags?post=399269"}],"curies":[{"name":"wp","href":"https:\/\/api.w.org\/{rel}","templated":true}]}}