{"id":399266,"date":"2026-05-30T07:37:10","date_gmt":"2026-05-30T11:37:10","guid":{"rendered":"https:\/\/www.eldiario.net\/portal\/?p=399266"},"modified":"2026-05-30T07:37:10","modified_gmt":"2026-05-30T11:37:10","slug":"empresarios-anuncian-acciones-contra-quienes-atenten-a-la-economia-boliviana-2","status":"publish","type":"post","link":"https:\/\/www.eldiario.net\/portal\/2026\/05\/30\/empresarios-anuncian-acciones-contra-quienes-atenten-a-la-economia-boliviana-2\/","title":{"rendered":"Empresarios anuncian acciones contra quienes atenten a la econom\u00eda boliviana"},"content":{"rendered":"<p>La C\u00e1mara Nacional de Comercio (CNC) a trav\u00e9s de su presidente Eduardo Olivo y representantes de las departamentales se\u00f1alan que los bloqueos afectan a todos los sectores de la sociedad y atenta a la vida humana. En ese sentido, piden al Ejecutivo a restituir el orden y tambi\u00e9n anuncian acciones legales contra quienes atenten con los bolivianos y la econom\u00eda nacional.<br \/>\nEl presidente de la CNC advirti\u00f3 que impulsar\u00e1n todas las acciones legales contra quienes atenten la vida de los bolivianos y la econom\u00eda nacional, refiri\u00e9ndose al estado cr\u00edtico que vive el pa\u00eds, en especial La Paz, con la instauraci\u00f3n de bloqueos que ya van por 29 d\u00edas.<br \/>\nLos peque\u00f1os emprendimientos exigen levantar los bloqueos y al gobierno a restablecer el orden, por ello apoyan el estado de excepci\u00f3n que pueda aplicar el Gobierno.<br \/>\nMientras tanto, el Ejecutivo denuncia que los bloqueadores hacen zanjas en la v\u00eda a Desaguadero, dejando afectado el tramo p\u00fablico, pagado con recursos de los bolivianos.<br \/>\n\u201cNo hay democracia sin respeto a la Constituci\u00f3n\u201d, dijo Oliva a tiempo de se\u00f1alar que Bolivia necesita empresas, empleo inversi\u00f3n y unidad, pero todo se puede, s\u00ed el Gobierno restablece los derechos de toda la poblaci\u00f3n.<br \/>\nLos representantes de las c\u00e1maras departamentales, cada uno, expres\u00f3 lo que sucede en la actual coyuntura como el sufrimiento de los enfermos que no pueden acceder a medicamentos ni a la atenci\u00f3n, donde los m\u00e1s afectados son los ni\u00f1os y adolescentes.<br \/>\nTambi\u00e9n indicaron que las familias bolivianas necesitan vivir con seguridad y tranquilidad, y acceder a los productos de la canasta familiar a precios estables; e indicaron que no se puede normalizar los bloqueos y la violencia como medida de presi\u00f3n y afecta a millones de bolivianos.<br \/>\nSostienen que ning\u00fan sector puede tener m\u00e1s derechos que otros sectores, e imponer demandas limitando la movilidad de los bolivianos y destruyendo infraestructura urbana y vial.<br \/>\nHoy m\u00e1s que nunca, Bolivia necesita paz, libre transitabilidad, que es un derecho; y la conflictividad a la larga afecta la imagen del pa\u00eds, lamentaron.<br \/>\nV\u00edas afectadas<br \/>\nLa Administradora Boliviana de Carreteras (ABC) inform\u00f3 que el sector afectado en ruta a Desaguadero, se encuentra pasando el municipio de Laja, a la altura del Puente Pallina, donde se evidenci\u00f3 una excavaci\u00f3n profunda de aproximadamente nueve metros de ancho, correspondiente a toda la plataforma de la v\u00eda y una profundidad cercana a los 50 cent\u00edmetros.<br \/>\nEsa medida provoc\u00f3 que la carretera quede totalmente intransitable, generando perjuicios a transportistas, productores, comerciantes y poblaci\u00f3n, que utilizan esta importante ruta de la Red Vial Fundamental (RVF). Personal t\u00e9cnico de la ABC verific\u00f3 los da\u00f1os en el lugar y realiz\u00f3 el registro correspondiente para sustentar la denuncia ante las instancias competentes.<br \/>\nEl ministro de Obras P\u00fablicas, Mauricio Zamora, lament\u00f3 ese atentado contra la infraestructura vial del Estado. Inst\u00f3 al di\u00e1logo y a concertar acuerdos para trabajar de forma coordinada con el presidente Rodrigo Paz.<br \/>\nLa ABC establecer\u00e1 las acciones necesarias para restablecer las condiciones de circulaci\u00f3n en el sector afectado a la brevedad posible. Asimismo, exhorta a la poblaci\u00f3n y a los diferentes sectores sociales a evitar medidas que da\u00f1en la infraestructura vial, considerando que estas afectan directamente a miles de usuarios y generan riesgos para la seguridad de quienes transitan por las carreteras del pa\u00eds.<\/p>\n","protected":false},"excerpt":{"rendered":"<p>La C\u00e1mara Nacional de Comercio (CNC) a trav\u00e9s de su presidente Eduardo Olivo y representantes de las departamentales se\u00f1alan que los bloqueos afectan a todos los sectores de la sociedad y atenta a la vida humana. En ese sentido, piden al Ejecutivo a restituir el orden y tambi\u00e9n anuncian acciones legales contra quienes atenten con [&hellip;]<\/p>\n","protected":false},"author":1,"featured_media":399267,"comment_status":"closed","ping_status":"open","sticky":false,"template":"","format":"standard","meta":{"_acf_changed":false,"footnotes":""},"categories":[7],"tags":[],"class_list":["post-399266","post","type-post","status-publish","format-standard","has-post-thumbnail","category-economia"],"acf":{"antetitulo":""},"yoast_head":"<!-- This site is optimized with the Yoast SEO plugin v28.3 - https:\/\/yoast.com\/product\/yoast-seo-wordpress\/ -->\n<title>Empresarios anuncian acciones contra quienes atenten a la econom\u00eda boliviana - El Diario - Bolivia<\/title>\n<meta name=\"robots\" content=\"index, follow, max-snippet:-1, max-image-preview:large, max-video-preview:-1\" \/>\n<link rel=\"canonical\" href=\"https:\/\/www.eldiario.net\/portal\/2026\/05\/30\/empresarios-anuncian-acciones-contra-quienes-atenten-a-la-economia-boliviana-2\/\" \/>\n<meta property=\"og:locale\" content=\"es_ES\" \/>\n<meta property=\"og:type\" content=\"article\" \/>\n<meta property=\"og:title\" content=\"Empresarios anuncian acciones contra quienes atenten a la econom\u00eda boliviana - El Diario - Bolivia\" \/>\n<meta property=\"og:description\" content=\"La C\u00e1mara Nacional de Comercio (CNC) a trav\u00e9s de su presidente Eduardo Olivo y representantes de las departamentales se\u00f1alan que los bloqueos afectan a todos los sectores de la sociedad y atenta a la vida humana. En ese sentido, piden al Ejecutivo a restituir el orden y tambi\u00e9n anuncian acciones legales contra quienes atenten con [&hellip;]\" \/>\n<meta property=\"og:url\" content=\"https:\/\/www.eldiario.net\/portal\/2026\/05\/30\/empresarios-anuncian-acciones-contra-quienes-atenten-a-la-economia-boliviana-2\/\" \/>\n<meta property=\"og:site_name\" content=\"El Diario - Bolivia\" \/>\n<meta property=\"article:publisher\" content=\"https:\/\/www.facebook.com\/eldiario.bolivia\/\" \/>\n<meta property=\"article:published_time\" content=\"2026-05-30T11:37:10+00:00\" \/>\n<meta property=\"og:image\" content=\"https:\/\/www.eldiario.net\/portal\/wp-content\/uploads\/2026\/05\/30-ZANJA-1.webp\" \/>\n\t<meta property=\"og:image:width\" content=\"900\" \/>\n\t<meta property=\"og:image:height\" content=\"547\" \/>\n\t<meta property=\"og:image:type\" content=\"image\/webp\" \/>\n<meta name=\"author\" content=\"Jeanette\" \/>\n<meta name=\"twitter:card\" content=\"summary_large_image\" \/>\n<meta name=\"twitter:creator\" content=\"@eldiario_net\" \/>\n<meta name=\"twitter:site\" content=\"@eldiario_net\" \/>\n<meta name=\"twitter:label1\" content=\"Escrito por\" \/>\n\t<meta name=\"twitter:data1\" content=\"Jeanette\" \/>\n\t<meta name=\"twitter:label2\" content=\"Tiempo de lectura\" \/>\n\t<meta name=\"twitter:data2\" content=\"3 minutos\" \/>\n<script type=\"application\/ld+json\" class=\"yoast-schema-graph\">{\"@context\":\"https:\\\/\\\/schema.org\",\"@graph\":[{\"@type\":\"Article\",\"@id\":\"https:\\\/\\\/www.eldiario.net\\\/portal\\\/2026\\\/05\\\/30\\\/empresarios-anuncian-acciones-contra-quienes-atenten-a-la-economia-boliviana-2\\\/#article\",\"isPartOf\":{\"@id\":\"https:\\\/\\\/www.eldiario.net\\\/portal\\\/2026\\\/05\\\/30\\\/empresarios-anuncian-acciones-contra-quienes-atenten-a-la-economia-boliviana-2\\\/\"},\"author\":{\"name\":\"Jeanette\",\"@id\":\"https:\\\/\\\/www.eldiario.net\\\/portal\\\/#\\\/schema\\\/person\\\/f46445640444750d7d753ccd04ae01b7\"},\"headline\":\"Empresarios anuncian acciones contra quienes atenten a la econom\u00eda boliviana\",\"datePublished\":\"2026-05-30T11:37:10+00:00\",\"mainEntityOfPage\":{\"@id\":\"https:\\\/\\\/www.eldiario.net\\\/portal\\\/2026\\\/05\\\/30\\\/empresarios-anuncian-acciones-contra-quienes-atenten-a-la-economia-boliviana-2\\\/\"},\"wordCount\":591,\"publisher\":{\"@id\":\"https:\\\/\\\/www.eldiario.net\\\/portal\\\/#organization\"},\"image\":{\"@id\":\"https:\\\/\\\/www.eldiario.net\\\/portal\\\/2026\\\/05\\\/30\\\/empresarios-anuncian-acciones-contra-quienes-atenten-a-la-economia-boliviana-2\\\/#primaryimage\"},\"thumbnailUrl\":\"https:\\\/\\\/www.eldiario.net\\\/portal\\\/wp-content\\\/uploads\\\/2026\\\/05\\\/30-ZANJA-1.webp\",\"articleSection\":[\"Econom\u00eda\"],\"inLanguage\":\"es\"},{\"@type\":\"WebPage\",\"@id\":\"https:\\\/\\\/www.eldiario.net\\\/portal\\\/2026\\\/05\\\/30\\\/empresarios-anuncian-acciones-contra-quienes-atenten-a-la-economia-boliviana-2\\\/\",\"url\":\"https:\\\/\\\/www.eldiario.net\\\/portal\\\/2026\\\/05\\\/30\\\/empresarios-anuncian-acciones-contra-quienes-atenten-a-la-economia-boliviana-2\\\/\",\"name\":\"Empresarios anuncian acciones contra quienes atenten a la econom\u00eda boliviana - El Diario - Bolivia\",\"isPartOf\":{\"@id\":\"https:\\\/\\\/www.eldiario.net\\\/portal\\\/#website\"},\"primaryImageOfPage\":{\"@id\":\"https:\\\/\\\/www.eldiario.net\\\/portal\\\/2026\\\/05\\\/30\\\/empresarios-anuncian-acciones-contra-quienes-atenten-a-la-economia-boliviana-2\\\/#primaryimage\"},\"image\":{\"@id\":\"https:\\\/\\\/www.eldiario.net\\\/portal\\\/2026\\\/05\\\/30\\\/empresarios-anuncian-acciones-contra-quienes-atenten-a-la-economia-boliviana-2\\\/#primaryimage\"},\"thumbnailUrl\":\"https:\\\/\\\/www.eldiario.net\\\/portal\\\/wp-content\\\/uploads\\\/2026\\\/05\\\/30-ZANJA-1.webp\",\"datePublished\":\"2026-05-30T11:37:10+00:00\",\"breadcrumb\":{\"@id\":\"https:\\\/\\\/www.eldiario.net\\\/portal\\\/2026\\\/05\\\/30\\\/empresarios-anuncian-acciones-contra-quienes-atenten-a-la-economia-boliviana-2\\\/#breadcrumb\"},\"inLanguage\":\"es\",\"potentialAction\":[{\"@type\":\"ReadAction\",\"target\":[\"https:\\\/\\\/www.eldiario.net\\\/portal\\\/2026\\\/05\\\/30\\\/empresarios-anuncian-acciones-contra-quienes-atenten-a-la-economia-boliviana-2\\\/\"]}]},{\"@type\":\"ImageObject\",\"inLanguage\":\"es\",\"@id\":\"https:\\\/\\\/www.eldiario.net\\\/portal\\\/2026\\\/05\\\/30\\\/empresarios-anuncian-acciones-contra-quienes-atenten-a-la-economia-boliviana-2\\\/#primaryimage\",\"url\":\"https:\\\/\\\/www.eldiario.net\\\/portal\\\/wp-content\\\/uploads\\\/2026\\\/05\\\/30-ZANJA-1.webp\",\"contentUrl\":\"https:\\\/\\\/www.eldiario.net\\\/portal\\\/wp-content\\\/uploads\\\/2026\\\/05\\\/30-ZANJA-1.webp\",\"width\":900,\"height\":547,\"caption\":\"Zanjas cavadas por bloqueadores destruyen obras p\u00fablicas que los bolivianos pagan con sus impuestos. Por ello, algunos sectores piden que todas las corporaciones sindicales que toman estas acciones deben asumir responsabilidades.\"},{\"@type\":\"BreadcrumbList\",\"@id\":\"https:\\\/\\\/www.eldiario.net\\\/portal\\\/2026\\\/05\\\/30\\\/empresarios-anuncian-acciones-contra-quienes-atenten-a-la-economia-boliviana-2\\\/#breadcrumb\",\"itemListElement\":[{\"@type\":\"ListItem\",\"position\":1,\"name\":\"Portada\",\"item\":\"https:\\\/\\\/www.eldiario.net\\\/portal\\\/\"},{\"@type\":\"ListItem\",\"position\":2,\"name\":\"Empresarios anuncian acciones contra quienes atenten a la econom\u00eda boliviana\"}]},{\"@type\":\"WebSite\",\"@id\":\"https:\\\/\\\/www.eldiario.net\\\/portal\\\/#website\",\"url\":\"https:\\\/\\\/www.eldiario.net\\\/portal\\\/\",\"name\":\"El Diario - Decano de la prensa nacional\",\"description\":\"El Diario - Decano de la prensa nacional\",\"publisher\":{\"@id\":\"https:\\\/\\\/www.eldiario.net\\\/portal\\\/#organization\"},\"potentialAction\":[{\"@type\":\"SearchAction\",\"target\":{\"@type\":\"EntryPoint\",\"urlTemplate\":\"https:\\\/\\\/www.eldiario.net\\\/portal\\\/?s={search_term_string}\"},\"query-input\":{\"@type\":\"PropertyValueSpecification\",\"valueRequired\":true,\"valueName\":\"search_term_string\"}}],\"inLanguage\":\"es\"},{\"@type\":\"Organization\",\"@id\":\"https:\\\/\\\/www.eldiario.net\\\/portal\\\/#organization\",\"name\":\"El Diario - Decano de la prensa nacional\",\"url\":\"https:\\\/\\\/www.eldiario.net\\\/portal\\\/\",\"logo\":{\"@type\":\"ImageObject\",\"inLanguage\":\"es\",\"@id\":\"https:\\\/\\\/www.eldiario.net\\\/portal\\\/#\\\/schema\\\/logo\\\/image\\\/\",\"url\":\"https:\\\/\\\/www.eldiario.net\\\/portal\\\/wp-content\\\/uploads\\\/2023\\\/07\\\/logo_ED.jpg\",\"contentUrl\":\"https:\\\/\\\/www.eldiario.net\\\/portal\\\/wp-content\\\/uploads\\\/2023\\\/07\\\/logo_ED.jpg\",\"width\":272,\"height\":52,\"caption\":\"El Diario - Decano de la prensa nacional\"},\"image\":{\"@id\":\"https:\\\/\\\/www.eldiario.net\\\/portal\\\/#\\\/schema\\\/logo\\\/image\\\/\"},\"sameAs\":[\"https:\\\/\\\/www.facebook.com\\\/eldiario.bolivia\\\/\",\"https:\\\/\\\/x.com\\\/eldiario_net\"]},{\"@type\":\"Person\",\"@id\":\"https:\\\/\\\/www.eldiario.net\\\/portal\\\/#\\\/schema\\\/person\\\/f46445640444750d7d753ccd04ae01b7\",\"name\":\"Jeanette\",\"image\":{\"@type\":\"ImageObject\",\"inLanguage\":\"es\",\"@id\":\"https:\\\/\\\/secure.gravatar.com\\\/avatar\\\/3ea2118a5f7dad2b7138b1187a6b7ee55f160b9968b66013c3a3ef39dd7e5798?s=96&d=mm&r=g\",\"url\":\"https:\\\/\\\/secure.gravatar.com\\\/avatar\\\/3ea2118a5f7dad2b7138b1187a6b7ee55f160b9968b66013c3a3ef39dd7e5798?s=96&d=mm&r=g\",\"contentUrl\":\"https:\\\/\\\/secure.gravatar.com\\\/avatar\\\/3ea2118a5f7dad2b7138b1187a6b7ee55f160b9968b66013c3a3ef39dd7e5798?s=96&d=mm&r=g\",\"caption\":\"Jeanette\"},\"sameAs\":[\"https:\\\/\\\/www.eldiario.net\\\/portal\"],\"url\":\"https:\\\/\\\/www.eldiario.net\\\/portal\\\/author\\\/jeanette\\\/\"}]}<\/script>\n<!-- \/ Yoast SEO plugin. -->","yoast_head_json":{"title":"Empresarios anuncian acciones contra quienes atenten a la econom\u00eda boliviana - El Diario - Bolivia","robots":{"index":"index","follow":"follow","max-snippet":"max-snippet:-1","max-image-preview":"max-image-preview:large","max-video-preview":"max-video-preview:-1"},"canonical":"https:\/\/www.eldiario.net\/portal\/2026\/05\/30\/empresarios-anuncian-acciones-contra-quienes-atenten-a-la-economia-boliviana-2\/","og_locale":"es_ES","og_type":"article","og_title":"Empresarios anuncian acciones contra quienes atenten a la econom\u00eda boliviana - El Diario - Bolivia","og_description":"La C\u00e1mara Nacional de Comercio (CNC) a trav\u00e9s de su presidente Eduardo Olivo y representantes de las departamentales se\u00f1alan que los bloqueos afectan a todos los sectores de la sociedad y atenta a la vida humana. En ese sentido, piden al Ejecutivo a restituir el orden y tambi\u00e9n anuncian acciones legales contra quienes atenten con [&hellip;]","og_url":"https:\/\/www.eldiario.net\/portal\/2026\/05\/30\/empresarios-anuncian-acciones-contra-quienes-atenten-a-la-economia-boliviana-2\/","og_site_name":"El Diario - Bolivia","article_publisher":"https:\/\/www.facebook.com\/eldiario.bolivia\/","article_published_time":"2026-05-30T11:37:10+00:00","og_image":[{"width":900,"height":547,"url":"https:\/\/www.eldiario.net\/portal\/wp-content\/uploads\/2026\/05\/30-ZANJA-1.webp","type":"image\/webp"}],"author":"Jeanette","twitter_card":"summary_large_image","twitter_creator":"@eldiario_net","twitter_site":"@eldiario_net","twitter_misc":{"Escrito por":"Jeanette","Tiempo de lectura":"3 minutos"},"schema":{"@context":"https:\/\/schema.org","@graph":[{"@type":"Article","@id":"https:\/\/www.eldiario.net\/portal\/2026\/05\/30\/empresarios-anuncian-acciones-contra-quienes-atenten-a-la-economia-boliviana-2\/#article","isPartOf":{"@id":"https:\/\/www.eldiario.net\/portal\/2026\/05\/30\/empresarios-anuncian-acciones-contra-quienes-atenten-a-la-economia-boliviana-2\/"},"author":{"name":"Jeanette","@id":"https:\/\/www.eldiario.net\/portal\/#\/schema\/person\/f46445640444750d7d753ccd04ae01b7"},"headline":"Empresarios anuncian acciones contra quienes atenten a la econom\u00eda boliviana","datePublished":"2026-05-30T11:37:10+00:00","mainEntityOfPage":{"@id":"https:\/\/www.eldiario.net\/portal\/2026\/05\/30\/empresarios-anuncian-acciones-contra-quienes-atenten-a-la-economia-boliviana-2\/"},"wordCount":591,"publisher":{"@id":"https:\/\/www.eldiario.net\/portal\/#organization"},"image":{"@id":"https:\/\/www.eldiario.net\/portal\/2026\/05\/30\/empresarios-anuncian-acciones-contra-quienes-atenten-a-la-economia-boliviana-2\/#primaryimage"},"thumbnailUrl":"https:\/\/www.eldiario.net\/portal\/wp-content\/uploads\/2026\/05\/30-ZANJA-1.webp","articleSection":["Econom\u00eda"],"inLanguage":"es"},{"@type":"WebPage","@id":"https:\/\/www.eldiario.net\/portal\/2026\/05\/30\/empresarios-anuncian-acciones-contra-quienes-atenten-a-la-economia-boliviana-2\/","url":"https:\/\/www.eldiario.net\/portal\/2026\/05\/30\/empresarios-anuncian-acciones-contra-quienes-atenten-a-la-economia-boliviana-2\/","name":"Empresarios anuncian acciones contra quienes atenten a la econom\u00eda boliviana - El Diario - Bolivia","isPartOf":{"@id":"https:\/\/www.eldiario.net\/portal\/#website"},"primaryImageOfPage":{"@id":"https:\/\/www.eldiario.net\/portal\/2026\/05\/30\/empresarios-anuncian-acciones-contra-quienes-atenten-a-la-economia-boliviana-2\/#primaryimage"},"image":{"@id":"https:\/\/www.eldiario.net\/portal\/2026\/05\/30\/empresarios-anuncian-acciones-contra-quienes-atenten-a-la-economia-boliviana-2\/#primaryimage"},"thumbnailUrl":"https:\/\/www.eldiario.net\/portal\/wp-content\/uploads\/2026\/05\/30-ZANJA-1.webp","datePublished":"2026-05-30T11:37:10+00:00","breadcrumb":{"@id":"https:\/\/www.eldiario.net\/portal\/2026\/05\/30\/empresarios-anuncian-acciones-contra-quienes-atenten-a-la-economia-boliviana-2\/#breadcrumb"},"inLanguage":"es","potentialAction":[{"@type":"ReadAction","target":["https:\/\/www.eldiario.net\/portal\/2026\/05\/30\/empresarios-anuncian-acciones-contra-quienes-atenten-a-la-economia-boliviana-2\/"]}]},{"@type":"ImageObject","inLanguage":"es","@id":"https:\/\/www.eldiario.net\/portal\/2026\/05\/30\/empresarios-anuncian-acciones-contra-quienes-atenten-a-la-economia-boliviana-2\/#primaryimage","url":"https:\/\/www.eldiario.net\/portal\/wp-content\/uploads\/2026\/05\/30-ZANJA-1.webp","contentUrl":"https:\/\/www.eldiario.net\/portal\/wp-content\/uploads\/2026\/05\/30-ZANJA-1.webp","width":900,"height":547,"caption":"Zanjas cavadas por bloqueadores destruyen obras p\u00fablicas que los bolivianos pagan con sus impuestos. Por ello, algunos sectores piden que todas las corporaciones sindicales que toman estas acciones deben asumir responsabilidades."},{"@type":"BreadcrumbList","@id":"https:\/\/www.eldiario.net\/portal\/2026\/05\/30\/empresarios-anuncian-acciones-contra-quienes-atenten-a-la-economia-boliviana-2\/#breadcrumb","itemListElement":[{"@type":"ListItem","position":1,"name":"Portada","item":"https:\/\/www.eldiario.net\/portal\/"},{"@type":"ListItem","position":2,"name":"Empresarios anuncian acciones contra quienes atenten a la econom\u00eda boliviana"}]},{"@type":"WebSite","@id":"https:\/\/www.eldiario.net\/portal\/#website","url":"https:\/\/www.eldiario.net\/portal\/","name":"El Diario - Decano de la prensa nacional","description":"El Diario - Decano de la prensa nacional","publisher":{"@id":"https:\/\/www.eldiario.net\/portal\/#organization"},"potentialAction":[{"@type":"SearchAction","target":{"@type":"EntryPoint","urlTemplate":"https:\/\/www.eldiario.net\/portal\/?s={search_term_string}"},"query-input":{"@type":"PropertyValueSpecification","valueRequired":true,"valueName":"search_term_string"}}],"inLanguage":"es"},{"@type":"Organization","@id":"https:\/\/www.eldiario.net\/portal\/#organization","name":"El Diario - Decano de la prensa nacional","url":"https:\/\/www.eldiario.net\/portal\/","logo":{"@type":"ImageObject","inLanguage":"es","@id":"https:\/\/www.eldiario.net\/portal\/#\/schema\/logo\/image\/","url":"https:\/\/www.eldiario.net\/portal\/wp-content\/uploads\/2023\/07\/logo_ED.jpg","contentUrl":"https:\/\/www.eldiario.net\/portal\/wp-content\/uploads\/2023\/07\/logo_ED.jpg","width":272,"height":52,"caption":"El Diario - Decano de la prensa nacional"},"image":{"@id":"https:\/\/www.eldiario.net\/portal\/#\/schema\/logo\/image\/"},"sameAs":["https:\/\/www.facebook.com\/eldiario.bolivia\/","https:\/\/x.com\/eldiario_net"]},{"@type":"Person","@id":"https:\/\/www.eldiario.net\/portal\/#\/schema\/person\/f46445640444750d7d753ccd04ae01b7","name":"Jeanette","image":{"@type":"ImageObject","inLanguage":"es","@id":"https:\/\/secure.gravatar.com\/avatar\/3ea2118a5f7dad2b7138b1187a6b7ee55f160b9968b66013c3a3ef39dd7e5798?s=96&d=mm&r=g","url":"https:\/\/secure.gravatar.com\/avatar\/3ea2118a5f7dad2b7138b1187a6b7ee55f160b9968b66013c3a3ef39dd7e5798?s=96&d=mm&r=g","contentUrl":"https:\/\/secure.gravatar.com\/avatar\/3ea2118a5f7dad2b7138b1187a6b7ee55f160b9968b66013c3a3ef39dd7e5798?s=96&d=mm&r=g","caption":"Jeanette"},"sameAs":["https:\/\/www.eldiario.net\/portal"],"url":"https:\/\/www.eldiario.net\/portal\/author\/jeanette\/"}]}},"_links":{"self":[{"href":"https:\/\/www.eldiario.net\/portal\/wp-json\/wp\/v2\/posts\/399266","targetHints":{"allow":["GET"]}}],"collection":[{"href":"https:\/\/www.eldiario.net\/portal\/wp-json\/wp\/v2\/posts"}],"about":[{"href":"https:\/\/www.eldiario.net\/portal\/wp-json\/wp\/v2\/types\/post"}],"author":[{"embeddable":true,"href":"https:\/\/www.eldiario.net\/portal\/wp-json\/wp\/v2\/users\/1"}],"replies":[{"embeddable":true,"href":"https:\/\/www.eldiario.net\/portal\/wp-json\/wp\/v2\/comments?post=399266"}],"version-history":[{"count":1,"href":"https:\/\/www.eldiario.net\/portal\/wp-json\/wp\/v2\/posts\/399266\/revisions"}],"predecessor-version":[{"id":399268,"href":"https:\/\/www.eldiario.net\/portal\/wp-json\/wp\/v2\/posts\/399266\/revisions\/399268"}],"wp:featuredmedia":[{"embeddable":true,"href":"https:\/\/www.eldiario.net\/portal\/wp-json\/wp\/v2\/media\/399267"}],"wp:attachment":[{"href":"https:\/\/www.eldiario.net\/portal\/wp-json\/wp\/v2\/media?parent=399266"}],"wp:term":[{"taxonomy":"category","embeddable":true,"href":"https:\/\/www.eldiario.net\/portal\/wp-json\/wp\/v2\/categories?post=399266"},{"taxonomy":"post_tag","embeddable":true,"href":"https:\/\/www.eldiario.net\/portal\/wp-json\/wp\/v2\/tags?post=399266"}],"curies":[{"name":"wp","href":"https:\/\/api.w.org\/{rel}","templated":true}]}}