{"id":399260,"date":"2026-05-30T07:34:56","date_gmt":"2026-05-30T11:34:56","guid":{"rendered":"https:\/\/www.eldiario.net\/portal\/?p=399260"},"modified":"2026-05-30T07:34:56","modified_gmt":"2026-05-30T11:34:56","slug":"promociones-empresariales-ya-no-requieren-autorizacion-de-la-aj-2","status":"publish","type":"post","link":"https:\/\/www.eldiario.net\/portal\/2026\/05\/30\/promociones-empresariales-ya-no-requieren-autorizacion-de-la-aj-2\/","title":{"rendered":"Promociones empresariales ya no  requieren autorizaci\u00f3n de la AJ"},"content":{"rendered":"<p>Las promociones empresariales en Bolivia ya no requieren autorizaci\u00f3n de la Autoridad de Fiscalizaci\u00f3n del Juego (AJ) ni estar\u00e1n sujetas al pago de impuestos o sanciones vinculadas a este tipo de actividades, tras la promulgaci\u00f3n de la Ley 1733 de Alivio Tributario, inform\u00f3 la entidad reguladora.<br \/>\n\u201cLa Autoridad de Fiscalizaci\u00f3n del Juego comunica a la poblaci\u00f3n en general y a las empresas que realizan promociones empresariales que, tras la promulgaci\u00f3n de la Ley 1733 de Alivio Tributario, las promociones empresariales ya no requieren autorizaci\u00f3n de la AJ\u201d, se\u00f1ala el comunicado difundido por la instituci\u00f3n.<br \/>\nLa medida entr\u00f3 en vigencia el 27 de mayo de 2026 y elimina procedimientos que anteriormente obligaban a empresas y emprendimientos a tramitar permisos ante la entidad reguladora para ejecutar campa\u00f1as promocionales.<br \/>\nEl ministro de Econom\u00eda y Finanzas P\u00fablicas, Jos\u00e9 Gabriel Espinoza, afirm\u00f3 que la decisi\u00f3n busca aliviar cargas econ\u00f3micas y administrativas, que durante a\u00f1os afectaron principalmente a peque\u00f1as y medianas empresas.<br \/>\n\u201cLas promociones empresariales ya no est\u00e1n sujetas a autorizaciones, impuestos y, m\u00e1s importante, a sanciones en muchos casos abusivas\u201d, sostuvo la autoridad.<br \/>\nEspinoza se\u00f1al\u00f3 adem\u00e1s que las anteriores disposiciones perjudicaban especialmente a emprendimientos y peque\u00f1os negocios. \u201cAvanzamos en ordenar y facilitar la vida a quienes construyen la econom\u00eda de Bolivia\u201d, asever\u00f3.<br \/>\nLa AJ aclar\u00f3 tambi\u00e9n que las promociones empresariales autorizadas antes de la vigencia de la nueva ley mantienen su eficacia y validez, por lo que deber\u00e1n continuar bajo las condiciones establecidas al momento de su aprobaci\u00f3n.<\/p>\n","protected":false},"excerpt":{"rendered":"<p>Las promociones empresariales en Bolivia ya no requieren autorizaci\u00f3n de la Autoridad de Fiscalizaci\u00f3n del Juego (AJ) ni estar\u00e1n sujetas al pago de impuestos o sanciones vinculadas a este tipo de actividades, tras la promulgaci\u00f3n de la Ley 1733 de Alivio Tributario, inform\u00f3 la entidad reguladora. \u201cLa Autoridad de Fiscalizaci\u00f3n del Juego comunica a la [&hellip;]<\/p>\n","protected":false},"author":1,"featured_media":399261,"comment_status":"closed","ping_status":"open","sticky":false,"template":"","format":"standard","meta":{"_acf_changed":false,"footnotes":""},"categories":[7],"tags":[],"class_list":["post-399260","post","type-post","status-publish","format-standard","has-post-thumbnail","category-economia"],"acf":{"antetitulo":""},"yoast_head":"<!-- This site is optimized with the Yoast SEO plugin v28.4 - https:\/\/yoast.com\/product\/yoast-seo-wordpress\/ -->\n<title>Promociones empresariales ya no requieren autorizaci\u00f3n de la AJ - El Diario - Bolivia<\/title>\n<meta name=\"robots\" content=\"index, follow, max-snippet:-1, max-image-preview:large, max-video-preview:-1\" \/>\n<link rel=\"canonical\" href=\"https:\/\/www.eldiario.net\/portal\/2026\/05\/30\/promociones-empresariales-ya-no-requieren-autorizacion-de-la-aj-2\/\" \/>\n<meta property=\"og:locale\" content=\"es_ES\" \/>\n<meta property=\"og:type\" content=\"article\" \/>\n<meta property=\"og:title\" content=\"Promociones empresariales ya no requieren autorizaci\u00f3n de la AJ - El Diario - Bolivia\" \/>\n<meta property=\"og:description\" content=\"Las promociones empresariales en Bolivia ya no requieren autorizaci\u00f3n de la Autoridad de Fiscalizaci\u00f3n del Juego (AJ) ni estar\u00e1n sujetas al pago de impuestos o sanciones vinculadas a este tipo de actividades, tras la promulgaci\u00f3n de la Ley 1733 de Alivio Tributario, inform\u00f3 la entidad reguladora. \u201cLa Autoridad de Fiscalizaci\u00f3n del Juego comunica a la [&hellip;]\" \/>\n<meta property=\"og:url\" content=\"https:\/\/www.eldiario.net\/portal\/2026\/05\/30\/promociones-empresariales-ya-no-requieren-autorizacion-de-la-aj-2\/\" \/>\n<meta property=\"og:site_name\" content=\"El Diario - Bolivia\" \/>\n<meta property=\"article:publisher\" content=\"https:\/\/www.facebook.com\/eldiario.bolivia\/\" \/>\n<meta property=\"article:published_time\" content=\"2026-05-30T11:34:56+00:00\" \/>\n<meta property=\"og:image\" content=\"https:\/\/www.eldiario.net\/portal\/wp-content\/uploads\/2026\/05\/juego.webp\" \/>\n\t<meta property=\"og:image:width\" content=\"268\" \/>\n\t<meta property=\"og:image:height\" content=\"188\" \/>\n\t<meta property=\"og:image:type\" content=\"image\/webp\" \/>\n<meta name=\"author\" content=\"Jeanette\" \/>\n<meta name=\"twitter:card\" content=\"summary_large_image\" \/>\n<meta name=\"twitter:creator\" content=\"@eldiario_net\" \/>\n<meta name=\"twitter:site\" content=\"@eldiario_net\" \/>\n<meta name=\"twitter:label1\" content=\"Escrito por\" \/>\n\t<meta name=\"twitter:data1\" content=\"Jeanette\" \/>\n\t<meta name=\"twitter:label2\" content=\"Tiempo de lectura\" \/>\n\t<meta name=\"twitter:data2\" content=\"2 minutos\" \/>\n<script type=\"application\/ld+json\" class=\"yoast-schema-graph\">{\"@context\":\"https:\\\/\\\/schema.org\",\"@graph\":[{\"@type\":\"Article\",\"@id\":\"https:\\\/\\\/www.eldiario.net\\\/portal\\\/2026\\\/05\\\/30\\\/promociones-empresariales-ya-no-requieren-autorizacion-de-la-aj-2\\\/#article\",\"isPartOf\":{\"@id\":\"https:\\\/\\\/www.eldiario.net\\\/portal\\\/2026\\\/05\\\/30\\\/promociones-empresariales-ya-no-requieren-autorizacion-de-la-aj-2\\\/\"},\"author\":{\"name\":\"Jeanette\",\"@id\":\"https:\\\/\\\/www.eldiario.net\\\/portal\\\/#\\\/schema\\\/person\\\/f46445640444750d7d753ccd04ae01b7\"},\"headline\":\"Promociones empresariales ya no requieren autorizaci\u00f3n de la AJ\",\"datePublished\":\"2026-05-30T11:34:56+00:00\",\"mainEntityOfPage\":{\"@id\":\"https:\\\/\\\/www.eldiario.net\\\/portal\\\/2026\\\/05\\\/30\\\/promociones-empresariales-ya-no-requieren-autorizacion-de-la-aj-2\\\/\"},\"wordCount\":275,\"publisher\":{\"@id\":\"https:\\\/\\\/www.eldiario.net\\\/portal\\\/#organization\"},\"image\":{\"@id\":\"https:\\\/\\\/www.eldiario.net\\\/portal\\\/2026\\\/05\\\/30\\\/promociones-empresariales-ya-no-requieren-autorizacion-de-la-aj-2\\\/#primaryimage\"},\"thumbnailUrl\":\"https:\\\/\\\/www.eldiario.net\\\/portal\\\/wp-content\\\/uploads\\\/2026\\\/05\\\/juego.webp\",\"articleSection\":[\"Econom\u00eda\"],\"inLanguage\":\"es\"},{\"@type\":\"WebPage\",\"@id\":\"https:\\\/\\\/www.eldiario.net\\\/portal\\\/2026\\\/05\\\/30\\\/promociones-empresariales-ya-no-requieren-autorizacion-de-la-aj-2\\\/\",\"url\":\"https:\\\/\\\/www.eldiario.net\\\/portal\\\/2026\\\/05\\\/30\\\/promociones-empresariales-ya-no-requieren-autorizacion-de-la-aj-2\\\/\",\"name\":\"Promociones empresariales ya no requieren autorizaci\u00f3n de la AJ - El Diario - Bolivia\",\"isPartOf\":{\"@id\":\"https:\\\/\\\/www.eldiario.net\\\/portal\\\/#website\"},\"primaryImageOfPage\":{\"@id\":\"https:\\\/\\\/www.eldiario.net\\\/portal\\\/2026\\\/05\\\/30\\\/promociones-empresariales-ya-no-requieren-autorizacion-de-la-aj-2\\\/#primaryimage\"},\"image\":{\"@id\":\"https:\\\/\\\/www.eldiario.net\\\/portal\\\/2026\\\/05\\\/30\\\/promociones-empresariales-ya-no-requieren-autorizacion-de-la-aj-2\\\/#primaryimage\"},\"thumbnailUrl\":\"https:\\\/\\\/www.eldiario.net\\\/portal\\\/wp-content\\\/uploads\\\/2026\\\/05\\\/juego.webp\",\"datePublished\":\"2026-05-30T11:34:56+00:00\",\"breadcrumb\":{\"@id\":\"https:\\\/\\\/www.eldiario.net\\\/portal\\\/2026\\\/05\\\/30\\\/promociones-empresariales-ya-no-requieren-autorizacion-de-la-aj-2\\\/#breadcrumb\"},\"inLanguage\":\"es\",\"potentialAction\":[{\"@type\":\"ReadAction\",\"target\":[\"https:\\\/\\\/www.eldiario.net\\\/portal\\\/2026\\\/05\\\/30\\\/promociones-empresariales-ya-no-requieren-autorizacion-de-la-aj-2\\\/\"]}]},{\"@type\":\"ImageObject\",\"inLanguage\":\"es\",\"@id\":\"https:\\\/\\\/www.eldiario.net\\\/portal\\\/2026\\\/05\\\/30\\\/promociones-empresariales-ya-no-requieren-autorizacion-de-la-aj-2\\\/#primaryimage\",\"url\":\"https:\\\/\\\/www.eldiario.net\\\/portal\\\/wp-content\\\/uploads\\\/2026\\\/05\\\/juego.webp\",\"contentUrl\":\"https:\\\/\\\/www.eldiario.net\\\/portal\\\/wp-content\\\/uploads\\\/2026\\\/05\\\/juego.webp\",\"width\":268,\"height\":188},{\"@type\":\"BreadcrumbList\",\"@id\":\"https:\\\/\\\/www.eldiario.net\\\/portal\\\/2026\\\/05\\\/30\\\/promociones-empresariales-ya-no-requieren-autorizacion-de-la-aj-2\\\/#breadcrumb\",\"itemListElement\":[{\"@type\":\"ListItem\",\"position\":1,\"name\":\"Portada\",\"item\":\"https:\\\/\\\/www.eldiario.net\\\/portal\\\/\"},{\"@type\":\"ListItem\",\"position\":2,\"name\":\"Promociones empresariales ya no requieren autorizaci\u00f3n de la AJ\"}]},{\"@type\":\"WebSite\",\"@id\":\"https:\\\/\\\/www.eldiario.net\\\/portal\\\/#website\",\"url\":\"https:\\\/\\\/www.eldiario.net\\\/portal\\\/\",\"name\":\"El Diario - Decano de la prensa nacional\",\"description\":\"El Diario - Decano de la prensa nacional\",\"publisher\":{\"@id\":\"https:\\\/\\\/www.eldiario.net\\\/portal\\\/#organization\"},\"potentialAction\":[{\"@type\":\"SearchAction\",\"target\":{\"@type\":\"EntryPoint\",\"urlTemplate\":\"https:\\\/\\\/www.eldiario.net\\\/portal\\\/?s={search_term_string}\"},\"query-input\":{\"@type\":\"PropertyValueSpecification\",\"valueRequired\":true,\"valueName\":\"search_term_string\"}}],\"inLanguage\":\"es\"},{\"@type\":\"Organization\",\"@id\":\"https:\\\/\\\/www.eldiario.net\\\/portal\\\/#organization\",\"name\":\"El Diario - Decano de la prensa nacional\",\"url\":\"https:\\\/\\\/www.eldiario.net\\\/portal\\\/\",\"logo\":{\"@type\":\"ImageObject\",\"inLanguage\":\"es\",\"@id\":\"https:\\\/\\\/www.eldiario.net\\\/portal\\\/#\\\/schema\\\/logo\\\/image\\\/\",\"url\":\"https:\\\/\\\/www.eldiario.net\\\/portal\\\/wp-content\\\/uploads\\\/2023\\\/07\\\/logo_ED.jpg\",\"contentUrl\":\"https:\\\/\\\/www.eldiario.net\\\/portal\\\/wp-content\\\/uploads\\\/2023\\\/07\\\/logo_ED.jpg\",\"width\":272,\"height\":52,\"caption\":\"El Diario - Decano de la prensa nacional\"},\"image\":{\"@id\":\"https:\\\/\\\/www.eldiario.net\\\/portal\\\/#\\\/schema\\\/logo\\\/image\\\/\"},\"sameAs\":[\"https:\\\/\\\/www.facebook.com\\\/eldiario.bolivia\\\/\",\"https:\\\/\\\/x.com\\\/eldiario_net\"]},{\"@type\":\"Person\",\"@id\":\"https:\\\/\\\/www.eldiario.net\\\/portal\\\/#\\\/schema\\\/person\\\/f46445640444750d7d753ccd04ae01b7\",\"name\":\"Jeanette\",\"image\":{\"@type\":\"ImageObject\",\"inLanguage\":\"es\",\"@id\":\"https:\\\/\\\/secure.gravatar.com\\\/avatar\\\/3ea2118a5f7dad2b7138b1187a6b7ee55f160b9968b66013c3a3ef39dd7e5798?s=96&d=mm&r=g\",\"url\":\"https:\\\/\\\/secure.gravatar.com\\\/avatar\\\/3ea2118a5f7dad2b7138b1187a6b7ee55f160b9968b66013c3a3ef39dd7e5798?s=96&d=mm&r=g\",\"contentUrl\":\"https:\\\/\\\/secure.gravatar.com\\\/avatar\\\/3ea2118a5f7dad2b7138b1187a6b7ee55f160b9968b66013c3a3ef39dd7e5798?s=96&d=mm&r=g\",\"caption\":\"Jeanette\"},\"sameAs\":[\"https:\\\/\\\/www.eldiario.net\\\/portal\"],\"url\":\"https:\\\/\\\/www.eldiario.net\\\/portal\\\/author\\\/jeanette\\\/\"}]}<\/script>\n<!-- \/ Yoast SEO plugin. -->","yoast_head_json":{"title":"Promociones empresariales ya no requieren autorizaci\u00f3n de la AJ - El Diario - Bolivia","robots":{"index":"index","follow":"follow","max-snippet":"max-snippet:-1","max-image-preview":"max-image-preview:large","max-video-preview":"max-video-preview:-1"},"canonical":"https:\/\/www.eldiario.net\/portal\/2026\/05\/30\/promociones-empresariales-ya-no-requieren-autorizacion-de-la-aj-2\/","og_locale":"es_ES","og_type":"article","og_title":"Promociones empresariales ya no requieren autorizaci\u00f3n de la AJ - El Diario - Bolivia","og_description":"Las promociones empresariales en Bolivia ya no requieren autorizaci\u00f3n de la Autoridad de Fiscalizaci\u00f3n del Juego (AJ) ni estar\u00e1n sujetas al pago de impuestos o sanciones vinculadas a este tipo de actividades, tras la promulgaci\u00f3n de la Ley 1733 de Alivio Tributario, inform\u00f3 la entidad reguladora. \u201cLa Autoridad de Fiscalizaci\u00f3n del Juego comunica a la [&hellip;]","og_url":"https:\/\/www.eldiario.net\/portal\/2026\/05\/30\/promociones-empresariales-ya-no-requieren-autorizacion-de-la-aj-2\/","og_site_name":"El Diario - Bolivia","article_publisher":"https:\/\/www.facebook.com\/eldiario.bolivia\/","article_published_time":"2026-05-30T11:34:56+00:00","og_image":[{"width":268,"height":188,"url":"https:\/\/www.eldiario.net\/portal\/wp-content\/uploads\/2026\/05\/juego.webp","type":"image\/webp"}],"author":"Jeanette","twitter_card":"summary_large_image","twitter_creator":"@eldiario_net","twitter_site":"@eldiario_net","twitter_misc":{"Escrito por":"Jeanette","Tiempo de lectura":"2 minutos"},"schema":{"@context":"https:\/\/schema.org","@graph":[{"@type":"Article","@id":"https:\/\/www.eldiario.net\/portal\/2026\/05\/30\/promociones-empresariales-ya-no-requieren-autorizacion-de-la-aj-2\/#article","isPartOf":{"@id":"https:\/\/www.eldiario.net\/portal\/2026\/05\/30\/promociones-empresariales-ya-no-requieren-autorizacion-de-la-aj-2\/"},"author":{"name":"Jeanette","@id":"https:\/\/www.eldiario.net\/portal\/#\/schema\/person\/f46445640444750d7d753ccd04ae01b7"},"headline":"Promociones empresariales ya no requieren autorizaci\u00f3n de la AJ","datePublished":"2026-05-30T11:34:56+00:00","mainEntityOfPage":{"@id":"https:\/\/www.eldiario.net\/portal\/2026\/05\/30\/promociones-empresariales-ya-no-requieren-autorizacion-de-la-aj-2\/"},"wordCount":275,"publisher":{"@id":"https:\/\/www.eldiario.net\/portal\/#organization"},"image":{"@id":"https:\/\/www.eldiario.net\/portal\/2026\/05\/30\/promociones-empresariales-ya-no-requieren-autorizacion-de-la-aj-2\/#primaryimage"},"thumbnailUrl":"https:\/\/www.eldiario.net\/portal\/wp-content\/uploads\/2026\/05\/juego.webp","articleSection":["Econom\u00eda"],"inLanguage":"es"},{"@type":"WebPage","@id":"https:\/\/www.eldiario.net\/portal\/2026\/05\/30\/promociones-empresariales-ya-no-requieren-autorizacion-de-la-aj-2\/","url":"https:\/\/www.eldiario.net\/portal\/2026\/05\/30\/promociones-empresariales-ya-no-requieren-autorizacion-de-la-aj-2\/","name":"Promociones empresariales ya no requieren autorizaci\u00f3n de la AJ - El Diario - Bolivia","isPartOf":{"@id":"https:\/\/www.eldiario.net\/portal\/#website"},"primaryImageOfPage":{"@id":"https:\/\/www.eldiario.net\/portal\/2026\/05\/30\/promociones-empresariales-ya-no-requieren-autorizacion-de-la-aj-2\/#primaryimage"},"image":{"@id":"https:\/\/www.eldiario.net\/portal\/2026\/05\/30\/promociones-empresariales-ya-no-requieren-autorizacion-de-la-aj-2\/#primaryimage"},"thumbnailUrl":"https:\/\/www.eldiario.net\/portal\/wp-content\/uploads\/2026\/05\/juego.webp","datePublished":"2026-05-30T11:34:56+00:00","breadcrumb":{"@id":"https:\/\/www.eldiario.net\/portal\/2026\/05\/30\/promociones-empresariales-ya-no-requieren-autorizacion-de-la-aj-2\/#breadcrumb"},"inLanguage":"es","potentialAction":[{"@type":"ReadAction","target":["https:\/\/www.eldiario.net\/portal\/2026\/05\/30\/promociones-empresariales-ya-no-requieren-autorizacion-de-la-aj-2\/"]}]},{"@type":"ImageObject","inLanguage":"es","@id":"https:\/\/www.eldiario.net\/portal\/2026\/05\/30\/promociones-empresariales-ya-no-requieren-autorizacion-de-la-aj-2\/#primaryimage","url":"https:\/\/www.eldiario.net\/portal\/wp-content\/uploads\/2026\/05\/juego.webp","contentUrl":"https:\/\/www.eldiario.net\/portal\/wp-content\/uploads\/2026\/05\/juego.webp","width":268,"height":188},{"@type":"BreadcrumbList","@id":"https:\/\/www.eldiario.net\/portal\/2026\/05\/30\/promociones-empresariales-ya-no-requieren-autorizacion-de-la-aj-2\/#breadcrumb","itemListElement":[{"@type":"ListItem","position":1,"name":"Portada","item":"https:\/\/www.eldiario.net\/portal\/"},{"@type":"ListItem","position":2,"name":"Promociones empresariales ya no requieren autorizaci\u00f3n de la AJ"}]},{"@type":"WebSite","@id":"https:\/\/www.eldiario.net\/portal\/#website","url":"https:\/\/www.eldiario.net\/portal\/","name":"El Diario - Decano de la prensa nacional","description":"El Diario - Decano de la prensa nacional","publisher":{"@id":"https:\/\/www.eldiario.net\/portal\/#organization"},"potentialAction":[{"@type":"SearchAction","target":{"@type":"EntryPoint","urlTemplate":"https:\/\/www.eldiario.net\/portal\/?s={search_term_string}"},"query-input":{"@type":"PropertyValueSpecification","valueRequired":true,"valueName":"search_term_string"}}],"inLanguage":"es"},{"@type":"Organization","@id":"https:\/\/www.eldiario.net\/portal\/#organization","name":"El Diario - Decano de la prensa nacional","url":"https:\/\/www.eldiario.net\/portal\/","logo":{"@type":"ImageObject","inLanguage":"es","@id":"https:\/\/www.eldiario.net\/portal\/#\/schema\/logo\/image\/","url":"https:\/\/www.eldiario.net\/portal\/wp-content\/uploads\/2023\/07\/logo_ED.jpg","contentUrl":"https:\/\/www.eldiario.net\/portal\/wp-content\/uploads\/2023\/07\/logo_ED.jpg","width":272,"height":52,"caption":"El Diario - Decano de la prensa nacional"},"image":{"@id":"https:\/\/www.eldiario.net\/portal\/#\/schema\/logo\/image\/"},"sameAs":["https:\/\/www.facebook.com\/eldiario.bolivia\/","https:\/\/x.com\/eldiario_net"]},{"@type":"Person","@id":"https:\/\/www.eldiario.net\/portal\/#\/schema\/person\/f46445640444750d7d753ccd04ae01b7","name":"Jeanette","image":{"@type":"ImageObject","inLanguage":"es","@id":"https:\/\/secure.gravatar.com\/avatar\/3ea2118a5f7dad2b7138b1187a6b7ee55f160b9968b66013c3a3ef39dd7e5798?s=96&d=mm&r=g","url":"https:\/\/secure.gravatar.com\/avatar\/3ea2118a5f7dad2b7138b1187a6b7ee55f160b9968b66013c3a3ef39dd7e5798?s=96&d=mm&r=g","contentUrl":"https:\/\/secure.gravatar.com\/avatar\/3ea2118a5f7dad2b7138b1187a6b7ee55f160b9968b66013c3a3ef39dd7e5798?s=96&d=mm&r=g","caption":"Jeanette"},"sameAs":["https:\/\/www.eldiario.net\/portal"],"url":"https:\/\/www.eldiario.net\/portal\/author\/jeanette\/"}]}},"_links":{"self":[{"href":"https:\/\/www.eldiario.net\/portal\/wp-json\/wp\/v2\/posts\/399260","targetHints":{"allow":["GET"]}}],"collection":[{"href":"https:\/\/www.eldiario.net\/portal\/wp-json\/wp\/v2\/posts"}],"about":[{"href":"https:\/\/www.eldiario.net\/portal\/wp-json\/wp\/v2\/types\/post"}],"author":[{"embeddable":true,"href":"https:\/\/www.eldiario.net\/portal\/wp-json\/wp\/v2\/users\/1"}],"replies":[{"embeddable":true,"href":"https:\/\/www.eldiario.net\/portal\/wp-json\/wp\/v2\/comments?post=399260"}],"version-history":[{"count":1,"href":"https:\/\/www.eldiario.net\/portal\/wp-json\/wp\/v2\/posts\/399260\/revisions"}],"predecessor-version":[{"id":399262,"href":"https:\/\/www.eldiario.net\/portal\/wp-json\/wp\/v2\/posts\/399260\/revisions\/399262"}],"wp:featuredmedia":[{"embeddable":true,"href":"https:\/\/www.eldiario.net\/portal\/wp-json\/wp\/v2\/media\/399261"}],"wp:attachment":[{"href":"https:\/\/www.eldiario.net\/portal\/wp-json\/wp\/v2\/media?parent=399260"}],"wp:term":[{"taxonomy":"category","embeddable":true,"href":"https:\/\/www.eldiario.net\/portal\/wp-json\/wp\/v2\/categories?post=399260"},{"taxonomy":"post_tag","embeddable":true,"href":"https:\/\/www.eldiario.net\/portal\/wp-json\/wp\/v2\/tags?post=399260"}],"curies":[{"name":"wp","href":"https:\/\/api.w.org\/{rel}","templated":true}]}}