{"id":399023,"date":"2026-05-29T07:41:11","date_gmt":"2026-05-29T11:41:11","guid":{"rendered":"https:\/\/www.eldiario.net\/portal\/?p=399023"},"modified":"2026-05-29T07:41:11","modified_gmt":"2026-05-29T11:41:11","slug":"exposicion-a-dispositivos-digitales-educacion-o-simple-sobreexposicion-3","status":"publish","type":"post","link":"https:\/\/www.eldiario.net\/portal\/2026\/05\/29\/exposicion-a-dispositivos-digitales-educacion-o-simple-sobreexposicion-3\/","title":{"rendered":"Exposici\u00f3n a dispositivos digitales Educaci\u00f3n o simple sobreexposici\u00f3n"},"content":{"rendered":"<p><strong>Por. Lic. H\u00e9ctor Molina<\/strong><\/p>\n<p>&nbsp;<\/p>\n<p><strong>Recordemos que\u2026<\/strong><\/p>\n<p>&nbsp;<\/p>\n<p>La comprensi\u00f3n del cerebro humano en la era contempor\u00e1nea exige un an\u00e1lisis profundo de c\u00f3mo los entornos artificiales modifican la arquitectura neuronal. La exposici\u00f3n a dispositivos digitales se define como el proceso de interacci\u00f3n sensorial, cognitiva y motriz entre un individuo y una interfaz electr\u00f3nica (smartphones, tablets, computadoras o consolas). Desde la biolog\u00eda celular y las neurociencias, esta interacci\u00f3n no es un acto pasivo; es un bombardeo de est\u00edmulos que activa circuitos espec\u00edficos y puede reconfigurar la sinapsis mediante la neuroplasticidad.<\/p>\n<p>&nbsp;<\/p>\n<p>La exposici\u00f3n a entornos digitales se ha convertido en un eje central de la vida de los adolescentes, influyendo de manera directa en su desarrollo cognitivo, emocional y social. Desde la perspectiva de las neurociencias y la psicolog\u00eda educativa, este fen\u00f3meno presenta una dualidad compleja que impacta la plasticidad cerebral, es decir, la capacidad del cerebro para adaptarse y reorganizarse seg\u00fan las experiencias vividas.<\/p>\n<p>&nbsp;<\/p>\n<p>Por lo que ahora se ver\u00e1 y analizar\u00e1 los principales beneficios y desventajas de esta interacci\u00f3n constante con la tecnolog\u00eda.<\/p>\n<p>&nbsp;<\/p>\n<p><strong>Indicadores de alerta de exposici\u00f3n digital excesiva<\/strong><\/p>\n<p>&nbsp;<\/p>\n<p>El uso de la tecnolog\u00eda y las pantallas se ha convertido en una parte fundamental de la vida diaria. Sin embargo, cuando la interacci\u00f3n con el entorno virtual supera ciertos l\u00edmites, el sistema nervioso y el comportamiento de los adolescentes comienzan a emitir se\u00f1ales de saturaci\u00f3n. Desde la perspectiva de la psicolog\u00eda, las neurociencias y la pedagog\u00eda, la exposici\u00f3n digital excesiva no se mide \u00fanicamente por la cantidad de horas frente a un dispositivo, sino por el impacto directo que este consumo tiene en la maduraci\u00f3n cerebral y en la din\u00e1mica social.<\/p>\n<p>&nbsp;<\/p>\n<p>Para estar conscientes de esta situaci\u00f3n debemos considerar los principales indicadores de alerta ante una sobreexposici\u00f3n digital.<\/p>\n<p>&nbsp;<\/p>\n<ol>\n<li><strong> Alteraciones en la regulaci\u00f3n emocional y neurocognici\u00f3n<\/strong><\/li>\n<\/ol>\n<p>&nbsp;<\/p>\n<p>El cerebro adolescente se encuentra en una etapa cr\u00edtica de desarrollo, especialmente en la corteza prefrontal, el \u00e1rea encargada del autocontrol, la toma de decisiones y la empat\u00eda. La sobreestimulaci\u00f3n por recompensas inmediatas, como los likes o los videos de reproducci\u00f3n autom\u00e1tica, altera la din\u00e1mica de la dopamina, un neurotransmisor vinculado al placer y la motivaci\u00f3n.<\/p>\n<p>&nbsp;<\/p>\n<ul>\n<li><strong>Irritabilidad ante la desconexi\u00f3n.<\/strong> Se observa una respuesta de enojo desproporcionado, frustraci\u00f3n o ansiedad cuando se solicita interrumpir el uso del dispositivo o cuando se pierde el acceso a internet.<\/li>\n<\/ul>\n<p>&nbsp;<\/p>\n<ul>\n<li><strong>Apat\u00eda por el entorno anal\u00f3gico.<\/strong> Aparece un desinter\u00e9s marcado por actividades del mundo real que antes resultaban gratificantes, como pasatiempos, deportes o conversaciones familiares. La realidad f\u00edsica empieza a percibirse como \u201caburrida\u201d o lenta en comparaci\u00f3n con la velocidad del entorno digital.<\/li>\n<\/ul>\n<p>&nbsp;<\/p>\n<ul>\n<li><strong>Dificultad para mantener la atenci\u00f3n.<\/strong> Se manifiesta una notable dispersi\u00f3n mental al realizar tareas acad\u00e9micas o seguir conversaciones largas. El cerebro se habit\u00faa al ritmo fragmentado de las redes sociales, lo que debilita la capacidad de concentraci\u00f3n sostenida y de memoria de trabajo.<\/li>\n<\/ul>\n<p>&nbsp;<\/p>\n<ol start=\"2\">\n<li><strong> Desajustes en los ritmos biol\u00f3gicos y el autocuidado<\/strong><\/li>\n<\/ol>\n<p>&nbsp;<\/p>\n<p>La exposici\u00f3n prolongada a la luz azul que emiten las pantallas interfiere directamente con la producci\u00f3n de melatonina, la hormona responsable de inducir el sue\u00f1o. Esto genera un desfase en los ritmos circadianos (el reloj biol\u00f3gico interno).<\/p>\n<p>&nbsp;<\/p>\n<ul>\n<li><strong>Alteraciones del sue\u00f1o.<\/strong> Se identifican dificultades persistentes para conciliar el sue\u00f1o, despertares nocturnos para revisar el tel\u00e9fono o un cansancio cr\u00f3nico durante el d\u00eda debido a la p\u00e9rdida de horas de descanso (fen\u00f3meno conocido como vamping o insomnio tecnol\u00f3gico).<\/li>\n<\/ul>\n<p>&nbsp;<\/p>\n<ul>\n<li><strong>Desatenci\u00f3n de necesidades f\u00edsicas.<\/strong> Existe una tendencia a postergar o ignorar alarmas corporales b\u00e1sicas, como los horarios de alimentaci\u00f3n, la hidrataci\u00f3n o la higiene personal, por el deseo de no interrumpir la actividad en l\u00ednea.<\/li>\n<\/ul>\n<p>&nbsp;<\/p>\n<ul>\n<li><strong>Fatiga f\u00edsica y malestar corporal.<\/strong> Se presentan dolores de cabeza recurrentes, tensi\u00f3n muscular en el cuello y la espalda, asociados a la postura de mirar hacia abajo, y sequedad ocular por la disminuci\u00f3n del parpadeo frente a las pantallas.<\/li>\n<\/ul>\n<p>&nbsp;<\/p>\n<ol start=\"3\">\n<li><strong> Indicadores sociol\u00f3gicos y relacionales<\/strong><\/li>\n<\/ol>\n<p>&nbsp;<\/p>\n<p>Desde un enfoque sociol\u00f3gico, la identidad en la adolescencia se construye a trav\u00e9s de la interacci\u00f3n con los pares. Cuando esta interacci\u00f3n ocurre casi exclusivamente en espacios virtuales, los mecanismos de socializaci\u00f3n tradicionales sufren modificaciones.<\/p>\n<p>&nbsp;<\/p>\n<ul>\n<li><strong>Aislamiento social progresivo.<\/strong> El individuo prefiere el contacto a trav\u00e9s de avatares, mensajes o comunidades en l\u00ednea en lugar de los encuentros cara a cara. Aunque se perciba una alta conectividad virtual, los lazos afectivos en el entorno inmediato tienden a debilitarse.<\/li>\n<\/ul>\n<p>&nbsp;<\/p>\n<ul>\n<li><strong>Dependencia de la validaci\u00f3n externa digital.<\/strong> La autoestima y el estado de \u00e1nimo quedan fuertemente condicionados por la interacci\u00f3n recibida en las plataformas. La falta de respuestas o comentarios en las publicaciones genera sentimientos de rechazo o exclusi\u00f3n social.<\/li>\n<\/ul>\n<p>&nbsp;<\/p>\n<ul>\n<li><strong>Evasi\u00f3n sistem\u00e1tica de conflictos.<\/strong> Se utiliza el dispositivo como un mecanismo de escape emocional ante las tensiones del mundo real. En lugar de procesar la frustraci\u00f3n, la tristeza o la incomodidad de una situaci\u00f3n cotidiana, se recurre a la pantalla para anestesiar temporalmente el malestar.<\/li>\n<\/ul>\n<p>&nbsp;<\/p>\n<ol start=\"4\">\n<li><strong> Rendimiento acad\u00e9mico y gesti\u00f3n del tiempo<\/strong><\/li>\n<\/ol>\n<p>&nbsp;<\/p>\n<p>En el \u00e1mbito pedag\u00f3gico, la sobreexposici\u00f3n digital impacta en la organizaci\u00f3n y en la ejecuci\u00f3n de metas a mediano y largo plazo.<\/p>\n<p>&nbsp;<\/p>\n<ul>\n<li><strong>Procrastinaci\u00f3n tecnol\u00f3gica.<\/strong> Las responsabilidades escolares se postergan de manera sistem\u00e1tica debido a las constantes interrupciones del tel\u00e9fono o la navegaci\u00f3n inconsciente. Esto genera entregas de \u00faltima hora o el incumplimiento de deberes.<\/li>\n<\/ul>\n<p>&nbsp;<\/p>\n<ul>\n<li><strong>P\u00e9rdida de la noci\u00f3n del tiempo.<\/strong> Se experimentan episodios de \u201cdistorsi\u00f3n temporal\u201d, donde se planifica revisar un dispositivo por cinco minutos y la actividad se extiende por horas sin que el individuo sea consciente del tiempo transcurrido.<\/li>\n<\/ul>\n<p>&nbsp;<\/p>\n<p>Es importante entender que el reconocimiento temprano de estos indicadores permite intervenir antes de que la conducta se consolide como un patr\u00f3n de neurodependencia, protegiendo as\u00ed la plasticidad cerebral y el bienestar integral durante una de las etapas m\u00e1s significativas de la vida.<\/p>\n\r\n                <style type=\"text\/css\">\r\n                    \r\n                    #tdi_1  .td-doubleSlider-2 .td-item1 {\r\n                        background: url(https:\/\/www.eldiario.net\/portal\/wp-content\/uploads\/2026\/05\/Socio-Rendimiento-academico-y-gestion-del-tiempo-80x60.webp) 0 0 no-repeat;\r\n                    }\r\n                    #tdi_1  .td-doubleSlider-2 .td-item2 {\r\n                        background: url(https:\/\/www.eldiario.net\/portal\/wp-content\/uploads\/2026\/05\/Socio-Exposicion-digital-excesiva-80x60.webp) 0 0 no-repeat;\r\n                    }\r\n                    #tdi_1  .td-doubleSlider-2 .td-item3 {\r\n                        background: url(https:\/\/www.eldiario.net\/portal\/wp-content\/uploads\/2026\/05\/Socio-Alteraciones-en-la-regulacion-emocional-80x60.webp) 0 0 no-repeat;\r\n                    }\r\n                    #tdi_1  .td-doubleSlider-2 .td-item4 {\r\n                        background: url(https:\/\/www.eldiario.net\/portal\/wp-content\/uploads\/2026\/05\/Socio-Desajustes-en-los-ritmos-biologicos-80x60.webp) 0 0 no-repeat;\r\n                    }\r\n                <\/style>\r\n\r\n                <div id=\"tdi_1\" class=\"td-gallery td-slide-on-2-columns\">\r\n                    <div class=\"post_td_gallery\">\r\n                        <div class=\"td-gallery-slide-top\">\r\n                           <div class=\"td-gallery-title\"><\/div>\r\n\r\n                            <div class=\"td-gallery-controls-wrapper\">\r\n                                <div class=\"td-gallery-slide-count\"><span class=\"td-gallery-slide-item-focus\">1<\/span> de 4<\/div>\r\n                                <div class=\"td-gallery-slide-prev-next-but\">\r\n                                    <i class = \"td-icon-left doubleSliderPrevButton\"><\/i>\r\n                                    <i class = \"td-icon-right doubleSliderNextButton\"><\/i>\r\n                                <\/div>\r\n                            <\/div>\r\n                        <\/div>\r\n\r\n                        <div class = \"td-doubleSlider-1 \">\r\n                            <div class = \"td-slider\">\r\n                                \r\n                    <div class = \"td-slide-item td-item1\">\r\n                        <figure class=\"td-slide-galery-figure td-slide-popup-gallery\">\r\n                            <a class=\"slide-gallery-image-link\" href=\"https:\/\/www.eldiario.net\/portal\/wp-content\/uploads\/2026\/05\/Socio-Rendimiento-academico-y-gestion-del-tiempo.webp\" title=\"Socio---Rendimiento-acad\u00e9mico-y-gesti\u00f3n-del-tiempo\"  data-caption=\"\"  data-description=\"\">\r\n                                <img decoding=\"async\" src=\"https:\/\/www.eldiario.net\/portal\/wp-content\/uploads\/2026\/05\/Socio-Rendimiento-academico-y-gestion-del-tiempo.webp\" srcset=\"https:\/\/www.eldiario.net\/portal\/wp-content\/uploads\/2026\/05\/Socio-Rendimiento-academico-y-gestion-del-tiempo.webp 166w, https:\/\/www.eldiario.net\/portal\/wp-content\/uploads\/2026\/05\/Socio-Rendimiento-academico-y-gestion-del-tiempo-150x175.webp 150w\" sizes=\"(max-width: 166px) 100vw, 166px\" alt=\"\">\r\n                            <\/a>\r\n                            \r\n                        <\/figure>\r\n                    <\/div>\r\n                    <div class = \"td-slide-item td-item2\">\r\n                        <figure class=\"td-slide-galery-figure td-slide-popup-gallery\">\r\n                            <a class=\"slide-gallery-image-link\" href=\"https:\/\/www.eldiario.net\/portal\/wp-content\/uploads\/2026\/05\/Socio-Exposicion-digital-excesiva.webp\" title=\"Socio - Exposici\u00f3n digital excesiva\"  data-caption=\"\"  data-description=\"\">\r\n                                <img decoding=\"async\" src=\"https:\/\/www.eldiario.net\/portal\/wp-content\/uploads\/2026\/05\/Socio-Exposicion-digital-excesiva-769x420.webp\" srcset=\"https:\/\/www.eldiario.net\/portal\/wp-content\/uploads\/2026\/05\/Socio-Exposicion-digital-excesiva-769x420.webp 769w, https:\/\/www.eldiario.net\/portal\/wp-content\/uploads\/2026\/05\/Socio-Exposicion-digital-excesiva-300x164.webp 300w, https:\/\/www.eldiario.net\/portal\/wp-content\/uploads\/2026\/05\/Socio-Exposicion-digital-excesiva-768x419.webp 768w, https:\/\/www.eldiario.net\/portal\/wp-content\/uploads\/2026\/05\/Socio-Exposicion-digital-excesiva-150x82.webp 150w, https:\/\/www.eldiario.net\/portal\/wp-content\/uploads\/2026\/05\/Socio-Exposicion-digital-excesiva-696x380.webp 696w, https:\/\/www.eldiario.net\/portal\/wp-content\/uploads\/2026\/05\/Socio-Exposicion-digital-excesiva.webp 1024w\" sizes=\"(max-width: 769px) 100vw, 769px\" alt=\"\">\r\n                            <\/a>\r\n                            \r\n                        <\/figure>\r\n                    <\/div>\r\n                    <div class = \"td-slide-item td-item3\">\r\n                        <figure class=\"td-slide-galery-figure td-slide-popup-gallery\">\r\n                            <a class=\"slide-gallery-image-link\" href=\"https:\/\/www.eldiario.net\/portal\/wp-content\/uploads\/2026\/05\/Socio-Alteraciones-en-la-regulacion-emocional.webp\" title=\"Socio - Alteraciones en la regulaci\u00f3n emocional\"  data-caption=\"\"  data-description=\"\">\r\n                                <img decoding=\"async\" src=\"https:\/\/www.eldiario.net\/portal\/wp-content\/uploads\/2026\/05\/Socio-Alteraciones-en-la-regulacion-emocional.webp\" srcset=\"https:\/\/www.eldiario.net\/portal\/wp-content\/uploads\/2026\/05\/Socio-Alteraciones-en-la-regulacion-emocional.webp 800w, https:\/\/www.eldiario.net\/portal\/wp-content\/uploads\/2026\/05\/Socio-Alteraciones-en-la-regulacion-emocional-300x113.webp 300w, https:\/\/www.eldiario.net\/portal\/wp-content\/uploads\/2026\/05\/Socio-Alteraciones-en-la-regulacion-emocional-768x288.webp 768w, https:\/\/www.eldiario.net\/portal\/wp-content\/uploads\/2026\/05\/Socio-Alteraciones-en-la-regulacion-emocional-150x56.webp 150w, https:\/\/www.eldiario.net\/portal\/wp-content\/uploads\/2026\/05\/Socio-Alteraciones-en-la-regulacion-emocional-696x261.webp 696w\" sizes=\"(max-width: 800px) 100vw, 800px\" alt=\"\">\r\n                            <\/a>\r\n                            \r\n                        <\/figure>\r\n                    <\/div>\r\n                    <div class = \"td-slide-item td-item4\">\r\n                        <figure class=\"td-slide-galery-figure td-slide-popup-gallery\">\r\n                            <a class=\"slide-gallery-image-link\" href=\"https:\/\/www.eldiario.net\/portal\/wp-content\/uploads\/2026\/05\/Socio-Desajustes-en-los-ritmos-biologicos.webp\" title=\"Socio - Desajustes en los ritmos biol\u00f3gicos\"  data-caption=\"\"  data-description=\"\">\r\n                                <img decoding=\"async\" src=\"https:\/\/www.eldiario.net\/portal\/wp-content\/uploads\/2026\/05\/Socio-Desajustes-en-los-ritmos-biologicos-584x420.webp\" srcset=\"https:\/\/www.eldiario.net\/portal\/wp-content\/uploads\/2026\/05\/Socio-Desajustes-en-los-ritmos-biologicos-584x420.webp 584w, https:\/\/www.eldiario.net\/portal\/wp-content\/uploads\/2026\/05\/Socio-Desajustes-en-los-ritmos-biologicos-300x216.webp 300w, https:\/\/www.eldiario.net\/portal\/wp-content\/uploads\/2026\/05\/Socio-Desajustes-en-los-ritmos-biologicos-1024x737.webp 1024w, https:\/\/www.eldiario.net\/portal\/wp-content\/uploads\/2026\/05\/Socio-Desajustes-en-los-ritmos-biologicos-768x552.webp 768w, https:\/\/www.eldiario.net\/portal\/wp-content\/uploads\/2026\/05\/Socio-Desajustes-en-los-ritmos-biologicos-150x108.webp 150w, https:\/\/www.eldiario.net\/portal\/wp-content\/uploads\/2026\/05\/Socio-Desajustes-en-los-ritmos-biologicos-696x501.webp 696w, https:\/\/www.eldiario.net\/portal\/wp-content\/uploads\/2026\/05\/Socio-Desajustes-en-los-ritmos-biologicos-1068x768.webp 1068w, https:\/\/www.eldiario.net\/portal\/wp-content\/uploads\/2026\/05\/Socio-Desajustes-en-los-ritmos-biologicos.webp 1158w\" sizes=\"(max-width: 584px) 100vw, 584px\" alt=\"\">\r\n                            <\/a>\r\n                            \r\n                        <\/figure>\r\n                    <\/div>\r\n                            <\/div>\r\n                        <\/div>\r\n\r\n                        <div class = \"td-doubleSlider-2\">\r\n                            <div class = \"td-slider\">\r\n                                \r\n                    <div class = \"td-button td-item1\">\r\n                        <div class = \"td-border\"><\/div>\r\n                    <\/div>\r\n                    <div class = \"td-button td-item2\">\r\n                        <div class = \"td-border\"><\/div>\r\n                    <\/div>\r\n                    <div class = \"td-button td-item3\">\r\n                        <div class = \"td-border\"><\/div>\r\n                    <\/div>\r\n                    <div class = \"td-button td-item4\">\r\n                        <div class = \"td-border\"><\/div>\r\n                    <\/div>\r\n                            <\/div>\r\n                        <\/div>\r\n\r\n                    <\/div>\r\n\r\n                <\/div>\r\n                \n","protected":false},"excerpt":{"rendered":"<p>Por. Lic. H\u00e9ctor Molina &nbsp; Recordemos que\u2026 &nbsp; La comprensi\u00f3n del cerebro humano en la era contempor\u00e1nea exige un an\u00e1lisis profundo de c\u00f3mo los entornos artificiales modifican la arquitectura neuronal. La exposici\u00f3n a dispositivos digitales se define como el proceso de interacci\u00f3n sensorial, cognitiva y motriz entre un individuo y una interfaz electr\u00f3nica (smartphones, tablets, [&hellip;]<\/p>\n","protected":false},"author":1,"featured_media":399025,"comment_status":"closed","ping_status":"open","sticky":false,"template":"","format":"standard","meta":{"_acf_changed":false,"footnotes":""},"categories":[43],"tags":[],"class_list":["post-399023","post","type-post","status-publish","format-standard","has-post-thumbnail","category-nuevos-horizontes"],"acf":{"antetitulo":"Tercera Parte"},"yoast_head":"<!-- This site is optimized with the Yoast SEO plugin v28.4 - https:\/\/yoast.com\/product\/yoast-seo-wordpress\/ -->\n<title>Exposici\u00f3n a dispositivos digitales Educaci\u00f3n o simple sobreexposici\u00f3n - El Diario - Bolivia<\/title>\n<meta name=\"robots\" content=\"index, follow, max-snippet:-1, max-image-preview:large, max-video-preview:-1\" \/>\n<link rel=\"canonical\" href=\"https:\/\/www.eldiario.net\/portal\/2026\/05\/29\/exposicion-a-dispositivos-digitales-educacion-o-simple-sobreexposicion-3\/\" \/>\n<meta property=\"og:locale\" content=\"es_ES\" \/>\n<meta property=\"og:type\" content=\"article\" \/>\n<meta property=\"og:title\" content=\"Exposici\u00f3n a dispositivos digitales Educaci\u00f3n o simple sobreexposici\u00f3n - El Diario - Bolivia\" \/>\n<meta property=\"og:description\" content=\"Por. Lic. H\u00e9ctor Molina &nbsp; Recordemos que\u2026 &nbsp; La comprensi\u00f3n del cerebro humano en la era contempor\u00e1nea exige un an\u00e1lisis profundo de c\u00f3mo los entornos artificiales modifican la arquitectura neuronal. La exposici\u00f3n a dispositivos digitales se define como el proceso de interacci\u00f3n sensorial, cognitiva y motriz entre un individuo y una interfaz electr\u00f3nica (smartphones, tablets, [&hellip;]\" \/>\n<meta property=\"og:url\" content=\"https:\/\/www.eldiario.net\/portal\/2026\/05\/29\/exposicion-a-dispositivos-digitales-educacion-o-simple-sobreexposicion-3\/\" \/>\n<meta property=\"og:site_name\" content=\"El Diario - Bolivia\" \/>\n<meta property=\"article:publisher\" content=\"https:\/\/www.facebook.com\/eldiario.bolivia\/\" \/>\n<meta property=\"article:published_time\" content=\"2026-05-29T11:41:11+00:00\" \/>\n<meta property=\"og:image\" content=\"https:\/\/www.eldiario.net\/portal\/wp-content\/uploads\/2026\/05\/Socio-Exposicion-digital-excesiva.webp\" \/>\n\t<meta property=\"og:image:width\" content=\"1024\" \/>\n\t<meta property=\"og:image:height\" content=\"559\" \/>\n\t<meta property=\"og:image:type\" content=\"image\/webp\" \/>\n<meta name=\"author\" content=\"Jeanette\" \/>\n<meta name=\"twitter:card\" content=\"summary_large_image\" \/>\n<meta name=\"twitter:creator\" content=\"@eldiario_net\" \/>\n<meta name=\"twitter:site\" content=\"@eldiario_net\" \/>\n<meta name=\"twitter:label1\" content=\"Escrito por\" \/>\n\t<meta name=\"twitter:data1\" content=\"Jeanette\" \/>\n\t<meta name=\"twitter:label2\" content=\"Tiempo de lectura\" \/>\n\t<meta name=\"twitter:data2\" content=\"5 minutos\" \/>\n<script type=\"application\/ld+json\" class=\"yoast-schema-graph\">{\"@context\":\"https:\\\/\\\/schema.org\",\"@graph\":[{\"@type\":\"Article\",\"@id\":\"https:\\\/\\\/www.eldiario.net\\\/portal\\\/2026\\\/05\\\/29\\\/exposicion-a-dispositivos-digitales-educacion-o-simple-sobreexposicion-3\\\/#article\",\"isPartOf\":{\"@id\":\"https:\\\/\\\/www.eldiario.net\\\/portal\\\/2026\\\/05\\\/29\\\/exposicion-a-dispositivos-digitales-educacion-o-simple-sobreexposicion-3\\\/\"},\"author\":{\"name\":\"Jeanette\",\"@id\":\"https:\\\/\\\/www.eldiario.net\\\/portal\\\/#\\\/schema\\\/person\\\/2c57cf2b7a7ae032e449e4c9b1019eac\"},\"headline\":\"Exposici\u00f3n a dispositivos digitales Educaci\u00f3n o simple sobreexposici\u00f3n\",\"datePublished\":\"2026-05-29T11:41:11+00:00\",\"mainEntityOfPage\":{\"@id\":\"https:\\\/\\\/www.eldiario.net\\\/portal\\\/2026\\\/05\\\/29\\\/exposicion-a-dispositivos-digitales-educacion-o-simple-sobreexposicion-3\\\/\"},\"wordCount\":1080,\"publisher\":{\"@id\":\"https:\\\/\\\/www.eldiario.net\\\/portal\\\/#organization\"},\"image\":{\"@id\":\"https:\\\/\\\/www.eldiario.net\\\/portal\\\/2026\\\/05\\\/29\\\/exposicion-a-dispositivos-digitales-educacion-o-simple-sobreexposicion-3\\\/#primaryimage\"},\"thumbnailUrl\":\"https:\\\/\\\/www.eldiario.net\\\/portal\\\/wp-content\\\/uploads\\\/2026\\\/05\\\/Socio-Exposicion-digital-excesiva.webp\",\"articleSection\":[\"Nuevos Horizontes\"],\"inLanguage\":\"es\"},{\"@type\":\"WebPage\",\"@id\":\"https:\\\/\\\/www.eldiario.net\\\/portal\\\/2026\\\/05\\\/29\\\/exposicion-a-dispositivos-digitales-educacion-o-simple-sobreexposicion-3\\\/\",\"url\":\"https:\\\/\\\/www.eldiario.net\\\/portal\\\/2026\\\/05\\\/29\\\/exposicion-a-dispositivos-digitales-educacion-o-simple-sobreexposicion-3\\\/\",\"name\":\"Exposici\u00f3n a dispositivos digitales Educaci\u00f3n o simple sobreexposici\u00f3n - El Diario - Bolivia\",\"isPartOf\":{\"@id\":\"https:\\\/\\\/www.eldiario.net\\\/portal\\\/#website\"},\"primaryImageOfPage\":{\"@id\":\"https:\\\/\\\/www.eldiario.net\\\/portal\\\/2026\\\/05\\\/29\\\/exposicion-a-dispositivos-digitales-educacion-o-simple-sobreexposicion-3\\\/#primaryimage\"},\"image\":{\"@id\":\"https:\\\/\\\/www.eldiario.net\\\/portal\\\/2026\\\/05\\\/29\\\/exposicion-a-dispositivos-digitales-educacion-o-simple-sobreexposicion-3\\\/#primaryimage\"},\"thumbnailUrl\":\"https:\\\/\\\/www.eldiario.net\\\/portal\\\/wp-content\\\/uploads\\\/2026\\\/05\\\/Socio-Exposicion-digital-excesiva.webp\",\"datePublished\":\"2026-05-29T11:41:11+00:00\",\"breadcrumb\":{\"@id\":\"https:\\\/\\\/www.eldiario.net\\\/portal\\\/2026\\\/05\\\/29\\\/exposicion-a-dispositivos-digitales-educacion-o-simple-sobreexposicion-3\\\/#breadcrumb\"},\"inLanguage\":\"es\",\"potentialAction\":[{\"@type\":\"ReadAction\",\"target\":[\"https:\\\/\\\/www.eldiario.net\\\/portal\\\/2026\\\/05\\\/29\\\/exposicion-a-dispositivos-digitales-educacion-o-simple-sobreexposicion-3\\\/\"]}]},{\"@type\":\"ImageObject\",\"inLanguage\":\"es\",\"@id\":\"https:\\\/\\\/www.eldiario.net\\\/portal\\\/2026\\\/05\\\/29\\\/exposicion-a-dispositivos-digitales-educacion-o-simple-sobreexposicion-3\\\/#primaryimage\",\"url\":\"https:\\\/\\\/www.eldiario.net\\\/portal\\\/wp-content\\\/uploads\\\/2026\\\/05\\\/Socio-Exposicion-digital-excesiva.webp\",\"contentUrl\":\"https:\\\/\\\/www.eldiario.net\\\/portal\\\/wp-content\\\/uploads\\\/2026\\\/05\\\/Socio-Exposicion-digital-excesiva.webp\",\"width\":1024,\"height\":559},{\"@type\":\"BreadcrumbList\",\"@id\":\"https:\\\/\\\/www.eldiario.net\\\/portal\\\/2026\\\/05\\\/29\\\/exposicion-a-dispositivos-digitales-educacion-o-simple-sobreexposicion-3\\\/#breadcrumb\",\"itemListElement\":[{\"@type\":\"ListItem\",\"position\":1,\"name\":\"Portada\",\"item\":\"https:\\\/\\\/www.eldiario.net\\\/portal\\\/\"},{\"@type\":\"ListItem\",\"position\":2,\"name\":\"Exposici\u00f3n a dispositivos digitales Educaci\u00f3n o simple sobreexposici\u00f3n\"}]},{\"@type\":\"WebSite\",\"@id\":\"https:\\\/\\\/www.eldiario.net\\\/portal\\\/#website\",\"url\":\"https:\\\/\\\/www.eldiario.net\\\/portal\\\/\",\"name\":\"El Diario - Decano de la prensa nacional\",\"description\":\"El Diario - Decano de la prensa nacional\",\"publisher\":{\"@id\":\"https:\\\/\\\/www.eldiario.net\\\/portal\\\/#organization\"},\"potentialAction\":[{\"@type\":\"SearchAction\",\"target\":{\"@type\":\"EntryPoint\",\"urlTemplate\":\"https:\\\/\\\/www.eldiario.net\\\/portal\\\/?s={search_term_string}\"},\"query-input\":{\"@type\":\"PropertyValueSpecification\",\"valueRequired\":true,\"valueName\":\"search_term_string\"}}],\"inLanguage\":\"es\"},{\"@type\":\"Organization\",\"@id\":\"https:\\\/\\\/www.eldiario.net\\\/portal\\\/#organization\",\"name\":\"El Diario - Decano de la prensa nacional\",\"url\":\"https:\\\/\\\/www.eldiario.net\\\/portal\\\/\",\"logo\":{\"@type\":\"ImageObject\",\"inLanguage\":\"es\",\"@id\":\"https:\\\/\\\/www.eldiario.net\\\/portal\\\/#\\\/schema\\\/logo\\\/image\\\/\",\"url\":\"https:\\\/\\\/www.eldiario.net\\\/portal\\\/wp-content\\\/uploads\\\/2023\\\/07\\\/logo_ED.jpg\",\"contentUrl\":\"https:\\\/\\\/www.eldiario.net\\\/portal\\\/wp-content\\\/uploads\\\/2023\\\/07\\\/logo_ED.jpg\",\"width\":272,\"height\":52,\"caption\":\"El Diario - Decano de la prensa nacional\"},\"image\":{\"@id\":\"https:\\\/\\\/www.eldiario.net\\\/portal\\\/#\\\/schema\\\/logo\\\/image\\\/\"},\"sameAs\":[\"https:\\\/\\\/www.facebook.com\\\/eldiario.bolivia\\\/\",\"https:\\\/\\\/x.com\\\/eldiario_net\"]},{\"@type\":\"Person\",\"@id\":\"https:\\\/\\\/www.eldiario.net\\\/portal\\\/#\\\/schema\\\/person\\\/2c57cf2b7a7ae032e449e4c9b1019eac\",\"name\":\"Jeanette\",\"image\":{\"@type\":\"ImageObject\",\"inLanguage\":\"es\",\"@id\":\"https:\\\/\\\/secure.gravatar.com\\\/avatar\\\/3ea2118a5f7dad2b7138b1187a6b7ee55f160b9968b66013c3a3ef39dd7e5798?s=96&d=mm&r=g\",\"url\":\"https:\\\/\\\/secure.gravatar.com\\\/avatar\\\/3ea2118a5f7dad2b7138b1187a6b7ee55f160b9968b66013c3a3ef39dd7e5798?s=96&d=mm&r=g\",\"contentUrl\":\"https:\\\/\\\/secure.gravatar.com\\\/avatar\\\/3ea2118a5f7dad2b7138b1187a6b7ee55f160b9968b66013c3a3ef39dd7e5798?s=96&d=mm&r=g\",\"caption\":\"Jeanette\"},\"sameAs\":[\"https:\\\/\\\/www.eldiario.net\\\/portal\"],\"url\":\"https:\\\/\\\/www.eldiario.net\\\/portal\\\/author\\\/jeanette\\\/\"}]}<\/script>\n<!-- \/ Yoast SEO plugin. -->","yoast_head_json":{"title":"Exposici\u00f3n a dispositivos digitales Educaci\u00f3n o simple sobreexposici\u00f3n - El Diario - Bolivia","robots":{"index":"index","follow":"follow","max-snippet":"max-snippet:-1","max-image-preview":"max-image-preview:large","max-video-preview":"max-video-preview:-1"},"canonical":"https:\/\/www.eldiario.net\/portal\/2026\/05\/29\/exposicion-a-dispositivos-digitales-educacion-o-simple-sobreexposicion-3\/","og_locale":"es_ES","og_type":"article","og_title":"Exposici\u00f3n a dispositivos digitales Educaci\u00f3n o simple sobreexposici\u00f3n - El Diario - Bolivia","og_description":"Por. Lic. H\u00e9ctor Molina &nbsp; Recordemos que\u2026 &nbsp; La comprensi\u00f3n del cerebro humano en la era contempor\u00e1nea exige un an\u00e1lisis profundo de c\u00f3mo los entornos artificiales modifican la arquitectura neuronal. La exposici\u00f3n a dispositivos digitales se define como el proceso de interacci\u00f3n sensorial, cognitiva y motriz entre un individuo y una interfaz electr\u00f3nica (smartphones, tablets, [&hellip;]","og_url":"https:\/\/www.eldiario.net\/portal\/2026\/05\/29\/exposicion-a-dispositivos-digitales-educacion-o-simple-sobreexposicion-3\/","og_site_name":"El Diario - Bolivia","article_publisher":"https:\/\/www.facebook.com\/eldiario.bolivia\/","article_published_time":"2026-05-29T11:41:11+00:00","og_image":[{"width":1024,"height":559,"url":"https:\/\/www.eldiario.net\/portal\/wp-content\/uploads\/2026\/05\/Socio-Exposicion-digital-excesiva.webp","type":"image\/webp"}],"author":"Jeanette","twitter_card":"summary_large_image","twitter_creator":"@eldiario_net","twitter_site":"@eldiario_net","twitter_misc":{"Escrito por":"Jeanette","Tiempo de lectura":"5 minutos"},"schema":{"@context":"https:\/\/schema.org","@graph":[{"@type":"Article","@id":"https:\/\/www.eldiario.net\/portal\/2026\/05\/29\/exposicion-a-dispositivos-digitales-educacion-o-simple-sobreexposicion-3\/#article","isPartOf":{"@id":"https:\/\/www.eldiario.net\/portal\/2026\/05\/29\/exposicion-a-dispositivos-digitales-educacion-o-simple-sobreexposicion-3\/"},"author":{"name":"Jeanette","@id":"https:\/\/www.eldiario.net\/portal\/#\/schema\/person\/2c57cf2b7a7ae032e449e4c9b1019eac"},"headline":"Exposici\u00f3n a dispositivos digitales Educaci\u00f3n o simple sobreexposici\u00f3n","datePublished":"2026-05-29T11:41:11+00:00","mainEntityOfPage":{"@id":"https:\/\/www.eldiario.net\/portal\/2026\/05\/29\/exposicion-a-dispositivos-digitales-educacion-o-simple-sobreexposicion-3\/"},"wordCount":1080,"publisher":{"@id":"https:\/\/www.eldiario.net\/portal\/#organization"},"image":{"@id":"https:\/\/www.eldiario.net\/portal\/2026\/05\/29\/exposicion-a-dispositivos-digitales-educacion-o-simple-sobreexposicion-3\/#primaryimage"},"thumbnailUrl":"https:\/\/www.eldiario.net\/portal\/wp-content\/uploads\/2026\/05\/Socio-Exposicion-digital-excesiva.webp","articleSection":["Nuevos Horizontes"],"inLanguage":"es"},{"@type":"WebPage","@id":"https:\/\/www.eldiario.net\/portal\/2026\/05\/29\/exposicion-a-dispositivos-digitales-educacion-o-simple-sobreexposicion-3\/","url":"https:\/\/www.eldiario.net\/portal\/2026\/05\/29\/exposicion-a-dispositivos-digitales-educacion-o-simple-sobreexposicion-3\/","name":"Exposici\u00f3n a dispositivos digitales Educaci\u00f3n o simple sobreexposici\u00f3n - El Diario - Bolivia","isPartOf":{"@id":"https:\/\/www.eldiario.net\/portal\/#website"},"primaryImageOfPage":{"@id":"https:\/\/www.eldiario.net\/portal\/2026\/05\/29\/exposicion-a-dispositivos-digitales-educacion-o-simple-sobreexposicion-3\/#primaryimage"},"image":{"@id":"https:\/\/www.eldiario.net\/portal\/2026\/05\/29\/exposicion-a-dispositivos-digitales-educacion-o-simple-sobreexposicion-3\/#primaryimage"},"thumbnailUrl":"https:\/\/www.eldiario.net\/portal\/wp-content\/uploads\/2026\/05\/Socio-Exposicion-digital-excesiva.webp","datePublished":"2026-05-29T11:41:11+00:00","breadcrumb":{"@id":"https:\/\/www.eldiario.net\/portal\/2026\/05\/29\/exposicion-a-dispositivos-digitales-educacion-o-simple-sobreexposicion-3\/#breadcrumb"},"inLanguage":"es","potentialAction":[{"@type":"ReadAction","target":["https:\/\/www.eldiario.net\/portal\/2026\/05\/29\/exposicion-a-dispositivos-digitales-educacion-o-simple-sobreexposicion-3\/"]}]},{"@type":"ImageObject","inLanguage":"es","@id":"https:\/\/www.eldiario.net\/portal\/2026\/05\/29\/exposicion-a-dispositivos-digitales-educacion-o-simple-sobreexposicion-3\/#primaryimage","url":"https:\/\/www.eldiario.net\/portal\/wp-content\/uploads\/2026\/05\/Socio-Exposicion-digital-excesiva.webp","contentUrl":"https:\/\/www.eldiario.net\/portal\/wp-content\/uploads\/2026\/05\/Socio-Exposicion-digital-excesiva.webp","width":1024,"height":559},{"@type":"BreadcrumbList","@id":"https:\/\/www.eldiario.net\/portal\/2026\/05\/29\/exposicion-a-dispositivos-digitales-educacion-o-simple-sobreexposicion-3\/#breadcrumb","itemListElement":[{"@type":"ListItem","position":1,"name":"Portada","item":"https:\/\/www.eldiario.net\/portal\/"},{"@type":"ListItem","position":2,"name":"Exposici\u00f3n a dispositivos digitales Educaci\u00f3n o simple sobreexposici\u00f3n"}]},{"@type":"WebSite","@id":"https:\/\/www.eldiario.net\/portal\/#website","url":"https:\/\/www.eldiario.net\/portal\/","name":"El Diario - Decano de la prensa nacional","description":"El Diario - Decano de la prensa nacional","publisher":{"@id":"https:\/\/www.eldiario.net\/portal\/#organization"},"potentialAction":[{"@type":"SearchAction","target":{"@type":"EntryPoint","urlTemplate":"https:\/\/www.eldiario.net\/portal\/?s={search_term_string}"},"query-input":{"@type":"PropertyValueSpecification","valueRequired":true,"valueName":"search_term_string"}}],"inLanguage":"es"},{"@type":"Organization","@id":"https:\/\/www.eldiario.net\/portal\/#organization","name":"El Diario - Decano de la prensa nacional","url":"https:\/\/www.eldiario.net\/portal\/","logo":{"@type":"ImageObject","inLanguage":"es","@id":"https:\/\/www.eldiario.net\/portal\/#\/schema\/logo\/image\/","url":"https:\/\/www.eldiario.net\/portal\/wp-content\/uploads\/2023\/07\/logo_ED.jpg","contentUrl":"https:\/\/www.eldiario.net\/portal\/wp-content\/uploads\/2023\/07\/logo_ED.jpg","width":272,"height":52,"caption":"El Diario - Decano de la prensa nacional"},"image":{"@id":"https:\/\/www.eldiario.net\/portal\/#\/schema\/logo\/image\/"},"sameAs":["https:\/\/www.facebook.com\/eldiario.bolivia\/","https:\/\/x.com\/eldiario_net"]},{"@type":"Person","@id":"https:\/\/www.eldiario.net\/portal\/#\/schema\/person\/2c57cf2b7a7ae032e449e4c9b1019eac","name":"Jeanette","image":{"@type":"ImageObject","inLanguage":"es","@id":"https:\/\/secure.gravatar.com\/avatar\/3ea2118a5f7dad2b7138b1187a6b7ee55f160b9968b66013c3a3ef39dd7e5798?s=96&d=mm&r=g","url":"https:\/\/secure.gravatar.com\/avatar\/3ea2118a5f7dad2b7138b1187a6b7ee55f160b9968b66013c3a3ef39dd7e5798?s=96&d=mm&r=g","contentUrl":"https:\/\/secure.gravatar.com\/avatar\/3ea2118a5f7dad2b7138b1187a6b7ee55f160b9968b66013c3a3ef39dd7e5798?s=96&d=mm&r=g","caption":"Jeanette"},"sameAs":["https:\/\/www.eldiario.net\/portal"],"url":"https:\/\/www.eldiario.net\/portal\/author\/jeanette\/"}]}},"_links":{"self":[{"href":"https:\/\/www.eldiario.net\/portal\/wp-json\/wp\/v2\/posts\/399023","targetHints":{"allow":["GET"]}}],"collection":[{"href":"https:\/\/www.eldiario.net\/portal\/wp-json\/wp\/v2\/posts"}],"about":[{"href":"https:\/\/www.eldiario.net\/portal\/wp-json\/wp\/v2\/types\/post"}],"author":[{"embeddable":true,"href":"https:\/\/www.eldiario.net\/portal\/wp-json\/wp\/v2\/users\/1"}],"replies":[{"embeddable":true,"href":"https:\/\/www.eldiario.net\/portal\/wp-json\/wp\/v2\/comments?post=399023"}],"version-history":[{"count":1,"href":"https:\/\/www.eldiario.net\/portal\/wp-json\/wp\/v2\/posts\/399023\/revisions"}],"predecessor-version":[{"id":399028,"href":"https:\/\/www.eldiario.net\/portal\/wp-json\/wp\/v2\/posts\/399023\/revisions\/399028"}],"wp:featuredmedia":[{"embeddable":true,"href":"https:\/\/www.eldiario.net\/portal\/wp-json\/wp\/v2\/media\/399025"}],"wp:attachment":[{"href":"https:\/\/www.eldiario.net\/portal\/wp-json\/wp\/v2\/media?parent=399023"}],"wp:term":[{"taxonomy":"category","embeddable":true,"href":"https:\/\/www.eldiario.net\/portal\/wp-json\/wp\/v2\/categories?post=399023"},{"taxonomy":"post_tag","embeddable":true,"href":"https:\/\/www.eldiario.net\/portal\/wp-json\/wp\/v2\/tags?post=399023"}],"curies":[{"name":"wp","href":"https:\/\/api.w.org\/{rel}","templated":true}]}}