{"id":399014,"date":"2026-05-29T07:39:06","date_gmt":"2026-05-29T11:39:06","guid":{"rendered":"https:\/\/www.eldiario.net\/portal\/?p=399014"},"modified":"2026-05-29T07:39:06","modified_gmt":"2026-05-29T11:39:06","slug":"la-serotonina-y-como-descargarla-2","status":"publish","type":"post","link":"https:\/\/www.eldiario.net\/portal\/2026\/05\/29\/la-serotonina-y-como-descargarla-2\/","title":{"rendered":"La serotonina Y c\u00f3mo descargarla"},"content":{"rendered":"<p><strong>Por. Lic. H\u00e9ctor Molina<\/strong><\/p>\n<p>&nbsp;<\/p>\n<p><strong>Recordemos que\u2026<\/strong><\/p>\n<p>&nbsp;<\/p>\n<p>La serotonina es considerada una de las mol\u00e9culas maestras en la arquitectura de la regulaci\u00f3n emocional y el equilibrio del sistema nervioso. En t\u00e9rminos cient\u00edficos, se denomina 5-hidroxitriptamina (5-HT) y act\u00faa como un neurotransmisor, una especie de mensajero qu\u00edmico que permite que las neuronas se comuniquen entre s\u00ed para organizar funciones vitales.<\/p>\n<p>&nbsp;<\/p>\n<p><strong>Consecuencias de poca descarga de Serotonina en el cuerpo<\/strong><\/p>\n<p>&nbsp;<\/p>\n<p>La serotonina es un neurotransmisor, es decir, una sustancia qu\u00edmica que funciona como un mensajero dentro del sistema nervioso. Su papel principal es conectar diferentes \u00e1reas del cerebro para coordinar funciones vitales que van desde el estado de \u00e1nimo hasta el control de los impulsos. Cuando los niveles de este mensajero disminuyen o su descarga es insuficiente, la comunicaci\u00f3n interna se altera, lo que genera un impacto directo en el bienestar f\u00edsico y emocional del individuo.<\/p>\n<p>&nbsp;<\/p>\n<p><strong>Alteraciones en el estado de \u00e1nimo y la regulaci\u00f3n emocional<\/strong><\/p>\n<p>&nbsp;<\/p>\n<p>La consecuencia m\u00e1s evidente de una baja descarga de serotonina es la inestabilidad emocional. Este compuesto qu\u00edmico act\u00faa como un estabilizador natural del \u00e1nimo. Al escasear, el cerebro pierde su capacidad para procesar de forma equilibrada los est\u00edmulos del entorno, lo que suele manifestarse a trav\u00e9s de una constante sensaci\u00f3n de irritabilidad, tristeza profunda o desmotivaci\u00f3n.<\/p>\n<p>&nbsp;<\/p>\n<p>Asimismo, la falta de este neurotransmisor reduce la tolerancia a la frustraci\u00f3n. Las situaciones cotidianas que normalmente se resolver\u00edan con calma empiezan a percibirse como problemas abrumadores. Esto ocurre porque las \u00e1reas cerebrales encargadas de frenar las reacciones autom\u00e1ticas de enojo o ansiedad no reciben la se\u00f1al suficiente para activarse, lo que facilita la aparici\u00f3n de crisis de ansiedad o cambios bruscos de humor.<\/p>\n<p>&nbsp;<\/p>\n<p><strong>Impacto en el ciclo del sue\u00f1o y la energ\u00eda diaria<\/strong><\/p>\n<p>&nbsp;<\/p>\n<p>El descanso nocturno se ve profundamente afectado por la falta de serotonina, ya que esta sustancia es la materia prima indispensable para que el cerebro fabrique melatonina, la hormona responsable de inducir el sue\u00f1o. Cuando la producci\u00f3n de serotonina cae, el ciclo circadiano, el reloj interno del cuerpo, se desajusta.<\/p>\n<p>&nbsp;<\/p>\n<p>Como consecuencia de este desbalance, las personas experimentan dificultades para conciliar el sue\u00f1o o sufren de despertares frecuentes durante la noche. Un descanso fragmentado impide que el cuerpo entre en las fases de sue\u00f1o profundo necesarias para la restauraci\u00f3n celular. Al d\u00eda siguiente, el resultado es un estado de fatiga persistente, somnolencia y una sensaci\u00f3n de falta de energ\u00eda que afecta el rendimiento en las actividades diarias.<\/p>\n<p>&nbsp;<\/p>\n<p><strong>Consecuencias cognitivas y rendimiento mental<\/strong><\/p>\n<p>&nbsp;<\/p>\n<p>La capacidad de concentraci\u00f3n y el procesamiento de informaci\u00f3n dependen en gran medida de un ambiente qu\u00edmico equilibrado. La baja descarga de serotonina ralentiza la comunicaci\u00f3n entre las neuronas de la corteza prefrontal, la zona del cerebro encargada de las funciones ejecutivas.<\/p>\n<p>&nbsp;<\/p>\n<p>Debido a esto, se vuelve com\u00fan experimentar dificultades para mantener la atenci\u00f3n en una sola tarea, problemas de memoria a corto plazo y una notable lentitud al momento de tomar decisiones. El cerebro se fatiga con mayor rapidez ante el esfuerzo mental, lo que suele traducirse en bloqueos cognitivos o en la sensaci\u00f3n de tener la mente nublada.<\/p>\n<p>&nbsp;<\/p>\n<p><strong>Cambios en el apetito y la salud f\u00edsica<\/strong><\/p>\n<p>&nbsp;<\/p>\n<p>La serotonina no solo habita en el cerebro; de hecho, la mayor parte de este neurotransmisor se encuentra y se produce en el sistema digestivo, donde regula los movimientos intestinales. Una descarga deficiente altera la comunicaci\u00f3n entre el intestino y el cerebro, lo que puede provocar malestares estomacales recurrentes, digesti\u00f3n lenta o colon irritable.<\/p>\n<p>&nbsp;<\/p>\n<p>Adem\u00e1s, este mensajero qu\u00edmico es el encargado de enviar la se\u00f1al de saciedad al cerebro. Cuando sus niveles son bajos, el sistema nervioso interpreta que necesita energ\u00eda inmediata, lo que desata antojos intensos por alimentos ricos en carbohidratos y az\u00facares. Esto ocurre porque el consumo de estos alimentos provoca un aumento r\u00e1pido, aunque temporal, de serotonina, generando un ciclo de compensaci\u00f3n que puede alterar los h\u00e1bitos alimenticios saludables.<\/p>\n\r\n                <style type=\"text\/css\">\r\n                    \r\n                    #tdi_1  .td-doubleSlider-2 .td-item1 {\r\n                        background: url(https:\/\/www.eldiario.net\/portal\/wp-content\/uploads\/2026\/05\/Bio-Rendimiento-mental-80x60.webp) 0 0 no-repeat;\r\n                    }\r\n                    #tdi_1  .td-doubleSlider-2 .td-item2 {\r\n                        background: url(https:\/\/www.eldiario.net\/portal\/wp-content\/uploads\/2026\/05\/Bio-Cambios-en-el-apetito-y-la-salud-fisica-80x60.webp) 0 0 no-repeat;\r\n                    }\r\n                    #tdi_1  .td-doubleSlider-2 .td-item3 {\r\n                        background: url(https:\/\/www.eldiario.net\/portal\/wp-content\/uploads\/2026\/05\/Bio-Regulacion-emocional-1-80x60.webp) 0 0 no-repeat;\r\n                    }\r\n                <\/style>\r\n\r\n                <div id=\"tdi_1\" class=\"td-gallery td-slide-on-2-columns\">\r\n                    <div class=\"post_td_gallery\">\r\n                        <div class=\"td-gallery-slide-top\">\r\n                           <div class=\"td-gallery-title\"><\/div>\r\n\r\n                            <div class=\"td-gallery-controls-wrapper\">\r\n                                <div class=\"td-gallery-slide-count\"><span class=\"td-gallery-slide-item-focus\">1<\/span> de 3<\/div>\r\n                                <div class=\"td-gallery-slide-prev-next-but\">\r\n                                    <i class = \"td-icon-left doubleSliderPrevButton\"><\/i>\r\n                                    <i class = \"td-icon-right doubleSliderNextButton\"><\/i>\r\n                                <\/div>\r\n                            <\/div>\r\n                        <\/div>\r\n\r\n                        <div class = \"td-doubleSlider-1 \">\r\n                            <div class = \"td-slider\">\r\n                                \r\n                    <div class = \"td-slide-item td-item1\">\r\n                        <figure class=\"td-slide-galery-figure td-slide-popup-gallery\">\r\n                            <a class=\"slide-gallery-image-link\" href=\"https:\/\/www.eldiario.net\/portal\/wp-content\/uploads\/2026\/05\/Bio-Rendimiento-mental.webp\" title=\"Bio - Rendimiento mental\"  data-caption=\"\"  data-description=\"\">\r\n                                <img decoding=\"async\" src=\"https:\/\/www.eldiario.net\/portal\/wp-content\/uploads\/2026\/05\/Bio-Rendimiento-mental-747x420.webp\" srcset=\"https:\/\/www.eldiario.net\/portal\/wp-content\/uploads\/2026\/05\/Bio-Rendimiento-mental-747x420.webp 747w, https:\/\/www.eldiario.net\/portal\/wp-content\/uploads\/2026\/05\/Bio-Rendimiento-mental-300x169.webp 300w, https:\/\/www.eldiario.net\/portal\/wp-content\/uploads\/2026\/05\/Bio-Rendimiento-mental-1024x576.webp 1024w, https:\/\/www.eldiario.net\/portal\/wp-content\/uploads\/2026\/05\/Bio-Rendimiento-mental-768x432.webp 768w, https:\/\/www.eldiario.net\/portal\/wp-content\/uploads\/2026\/05\/Bio-Rendimiento-mental-1536x864.webp 1536w, https:\/\/www.eldiario.net\/portal\/wp-content\/uploads\/2026\/05\/Bio-Rendimiento-mental-150x84.webp 150w, https:\/\/www.eldiario.net\/portal\/wp-content\/uploads\/2026\/05\/Bio-Rendimiento-mental-696x392.webp 696w, https:\/\/www.eldiario.net\/portal\/wp-content\/uploads\/2026\/05\/Bio-Rendimiento-mental-1068x601.webp 1068w, https:\/\/www.eldiario.net\/portal\/wp-content\/uploads\/2026\/05\/Bio-Rendimiento-mental.webp 1600w\" sizes=\"(max-width: 747px) 100vw, 747px\" alt=\"\">\r\n                            <\/a>\r\n                            \r\n                        <\/figure>\r\n                    <\/div>\r\n                    <div class = \"td-slide-item td-item2\">\r\n                        <figure class=\"td-slide-galery-figure td-slide-popup-gallery\">\r\n                            <a class=\"slide-gallery-image-link\" href=\"https:\/\/www.eldiario.net\/portal\/wp-content\/uploads\/2026\/05\/Bio-Cambios-en-el-apetito-y-la-salud-fisica.webp\" title=\"Bio - Cambios en el apetito y la salud f\u00edsica\"  data-caption=\"\"  data-description=\"\">\r\n                                <img decoding=\"async\" src=\"https:\/\/www.eldiario.net\/portal\/wp-content\/uploads\/2026\/05\/Bio-Cambios-en-el-apetito-y-la-salud-fisica-769x420.webp\" srcset=\"https:\/\/www.eldiario.net\/portal\/wp-content\/uploads\/2026\/05\/Bio-Cambios-en-el-apetito-y-la-salud-fisica-769x420.webp 769w, https:\/\/www.eldiario.net\/portal\/wp-content\/uploads\/2026\/05\/Bio-Cambios-en-el-apetito-y-la-salud-fisica-300x164.webp 300w, https:\/\/www.eldiario.net\/portal\/wp-content\/uploads\/2026\/05\/Bio-Cambios-en-el-apetito-y-la-salud-fisica-768x419.webp 768w, https:\/\/www.eldiario.net\/portal\/wp-content\/uploads\/2026\/05\/Bio-Cambios-en-el-apetito-y-la-salud-fisica-150x82.webp 150w, https:\/\/www.eldiario.net\/portal\/wp-content\/uploads\/2026\/05\/Bio-Cambios-en-el-apetito-y-la-salud-fisica-696x380.webp 696w, https:\/\/www.eldiario.net\/portal\/wp-content\/uploads\/2026\/05\/Bio-Cambios-en-el-apetito-y-la-salud-fisica.webp 1024w\" sizes=\"(max-width: 769px) 100vw, 769px\" alt=\"\">\r\n                            <\/a>\r\n                            \r\n                        <\/figure>\r\n                    <\/div>\r\n                    <div class = \"td-slide-item td-item3\">\r\n                        <figure class=\"td-slide-galery-figure td-slide-popup-gallery\">\r\n                            <a class=\"slide-gallery-image-link\" href=\"https:\/\/www.eldiario.net\/portal\/wp-content\/uploads\/2026\/05\/Bio-Regulacion-emocional-1.webp\" title=\"Bio - Regulaci\u00f3n emocional\"  data-caption=\"\"  data-description=\"\">\r\n                                <img decoding=\"async\" src=\"https:\/\/www.eldiario.net\/portal\/wp-content\/uploads\/2026\/05\/Bio-Regulacion-emocional-1.webp\" srcset=\"https:\/\/www.eldiario.net\/portal\/wp-content\/uploads\/2026\/05\/Bio-Regulacion-emocional-1.webp 568w, https:\/\/www.eldiario.net\/portal\/wp-content\/uploads\/2026\/05\/Bio-Regulacion-emocional-1-300x167.webp 300w, https:\/\/www.eldiario.net\/portal\/wp-content\/uploads\/2026\/05\/Bio-Regulacion-emocional-1-150x84.webp 150w\" sizes=\"(max-width: 568px) 100vw, 568px\" alt=\"\">\r\n                            <\/a>\r\n                            \r\n                        <\/figure>\r\n                    <\/div>\r\n                            <\/div>\r\n                        <\/div>\r\n\r\n                        <div class = \"td-doubleSlider-2\">\r\n                            <div class = \"td-slider\">\r\n                                \r\n                    <div class = \"td-button td-item1\">\r\n                        <div class = \"td-border\"><\/div>\r\n                    <\/div>\r\n                    <div class = \"td-button td-item2\">\r\n                        <div class = \"td-border\"><\/div>\r\n                    <\/div>\r\n                    <div class = \"td-button td-item3\">\r\n                        <div class = \"td-border\"><\/div>\r\n                    <\/div>\r\n                            <\/div>\r\n                        <\/div>\r\n\r\n                    <\/div>\r\n\r\n                <\/div>\r\n                \n","protected":false},"excerpt":{"rendered":"<p>Por. Lic. H\u00e9ctor Molina &nbsp; Recordemos que\u2026 &nbsp; La serotonina es considerada una de las mol\u00e9culas maestras en la arquitectura de la regulaci\u00f3n emocional y el equilibrio del sistema nervioso. En t\u00e9rminos cient\u00edficos, se denomina 5-hidroxitriptamina (5-HT) y act\u00faa como un neurotransmisor, una especie de mensajero qu\u00edmico que permite que las neuronas se comuniquen entre [&hellip;]<\/p>\n","protected":false},"author":1,"featured_media":399015,"comment_status":"closed","ping_status":"open","sticky":false,"template":"","format":"standard","meta":{"_acf_changed":false,"footnotes":""},"categories":[43],"tags":[],"class_list":["post-399014","post","type-post","status-publish","format-standard","has-post-thumbnail","category-nuevos-horizontes"],"acf":{"antetitulo":"Tercera Parte"},"yoast_head":"<!-- This site is optimized with the Yoast SEO plugin v28.4 - https:\/\/yoast.com\/product\/yoast-seo-wordpress\/ -->\n<title>La serotonina Y c\u00f3mo descargarla - El Diario - Bolivia<\/title>\n<meta name=\"robots\" content=\"index, follow, max-snippet:-1, max-image-preview:large, max-video-preview:-1\" \/>\n<link rel=\"canonical\" href=\"https:\/\/www.eldiario.net\/portal\/2026\/05\/29\/la-serotonina-y-como-descargarla-2\/\" \/>\n<meta property=\"og:locale\" content=\"es_ES\" \/>\n<meta property=\"og:type\" content=\"article\" \/>\n<meta property=\"og:title\" content=\"La serotonina Y c\u00f3mo descargarla - El Diario - Bolivia\" \/>\n<meta property=\"og:description\" content=\"Por. Lic. H\u00e9ctor Molina &nbsp; Recordemos que\u2026 &nbsp; La serotonina es considerada una de las mol\u00e9culas maestras en la arquitectura de la regulaci\u00f3n emocional y el equilibrio del sistema nervioso. En t\u00e9rminos cient\u00edficos, se denomina 5-hidroxitriptamina (5-HT) y act\u00faa como un neurotransmisor, una especie de mensajero qu\u00edmico que permite que las neuronas se comuniquen entre [&hellip;]\" \/>\n<meta property=\"og:url\" content=\"https:\/\/www.eldiario.net\/portal\/2026\/05\/29\/la-serotonina-y-como-descargarla-2\/\" \/>\n<meta property=\"og:site_name\" content=\"El Diario - Bolivia\" \/>\n<meta property=\"article:publisher\" content=\"https:\/\/www.facebook.com\/eldiario.bolivia\/\" \/>\n<meta property=\"article:published_time\" content=\"2026-05-29T11:39:06+00:00\" \/>\n<meta property=\"og:image\" content=\"https:\/\/www.eldiario.net\/portal\/wp-content\/uploads\/2026\/05\/Bio-Rendimiento-mental.webp\" \/>\n\t<meta property=\"og:image:width\" content=\"1600\" \/>\n\t<meta property=\"og:image:height\" content=\"900\" \/>\n\t<meta property=\"og:image:type\" content=\"image\/webp\" \/>\n<meta name=\"author\" content=\"Jeanette\" \/>\n<meta name=\"twitter:card\" content=\"summary_large_image\" \/>\n<meta name=\"twitter:creator\" content=\"@eldiario_net\" \/>\n<meta name=\"twitter:site\" content=\"@eldiario_net\" \/>\n<meta name=\"twitter:label1\" content=\"Escrito por\" \/>\n\t<meta name=\"twitter:data1\" content=\"Jeanette\" \/>\n\t<meta name=\"twitter:label2\" content=\"Tiempo de lectura\" \/>\n\t<meta name=\"twitter:data2\" content=\"4 minutos\" \/>\n<script type=\"application\/ld+json\" class=\"yoast-schema-graph\">{\"@context\":\"https:\\\/\\\/schema.org\",\"@graph\":[{\"@type\":\"Article\",\"@id\":\"https:\\\/\\\/www.eldiario.net\\\/portal\\\/2026\\\/05\\\/29\\\/la-serotonina-y-como-descargarla-2\\\/#article\",\"isPartOf\":{\"@id\":\"https:\\\/\\\/www.eldiario.net\\\/portal\\\/2026\\\/05\\\/29\\\/la-serotonina-y-como-descargarla-2\\\/\"},\"author\":{\"name\":\"Jeanette\",\"@id\":\"https:\\\/\\\/www.eldiario.net\\\/portal\\\/#\\\/schema\\\/person\\\/2c57cf2b7a7ae032e449e4c9b1019eac\"},\"headline\":\"La serotonina Y c\u00f3mo descargarla\",\"datePublished\":\"2026-05-29T11:39:06+00:00\",\"mainEntityOfPage\":{\"@id\":\"https:\\\/\\\/www.eldiario.net\\\/portal\\\/2026\\\/05\\\/29\\\/la-serotonina-y-como-descargarla-2\\\/\"},\"wordCount\":717,\"publisher\":{\"@id\":\"https:\\\/\\\/www.eldiario.net\\\/portal\\\/#organization\"},\"image\":{\"@id\":\"https:\\\/\\\/www.eldiario.net\\\/portal\\\/2026\\\/05\\\/29\\\/la-serotonina-y-como-descargarla-2\\\/#primaryimage\"},\"thumbnailUrl\":\"https:\\\/\\\/www.eldiario.net\\\/portal\\\/wp-content\\\/uploads\\\/2026\\\/05\\\/Bio-Rendimiento-mental.webp\",\"articleSection\":[\"Nuevos Horizontes\"],\"inLanguage\":\"es\"},{\"@type\":\"WebPage\",\"@id\":\"https:\\\/\\\/www.eldiario.net\\\/portal\\\/2026\\\/05\\\/29\\\/la-serotonina-y-como-descargarla-2\\\/\",\"url\":\"https:\\\/\\\/www.eldiario.net\\\/portal\\\/2026\\\/05\\\/29\\\/la-serotonina-y-como-descargarla-2\\\/\",\"name\":\"La serotonina Y c\u00f3mo descargarla - El Diario - Bolivia\",\"isPartOf\":{\"@id\":\"https:\\\/\\\/www.eldiario.net\\\/portal\\\/#website\"},\"primaryImageOfPage\":{\"@id\":\"https:\\\/\\\/www.eldiario.net\\\/portal\\\/2026\\\/05\\\/29\\\/la-serotonina-y-como-descargarla-2\\\/#primaryimage\"},\"image\":{\"@id\":\"https:\\\/\\\/www.eldiario.net\\\/portal\\\/2026\\\/05\\\/29\\\/la-serotonina-y-como-descargarla-2\\\/#primaryimage\"},\"thumbnailUrl\":\"https:\\\/\\\/www.eldiario.net\\\/portal\\\/wp-content\\\/uploads\\\/2026\\\/05\\\/Bio-Rendimiento-mental.webp\",\"datePublished\":\"2026-05-29T11:39:06+00:00\",\"breadcrumb\":{\"@id\":\"https:\\\/\\\/www.eldiario.net\\\/portal\\\/2026\\\/05\\\/29\\\/la-serotonina-y-como-descargarla-2\\\/#breadcrumb\"},\"inLanguage\":\"es\",\"potentialAction\":[{\"@type\":\"ReadAction\",\"target\":[\"https:\\\/\\\/www.eldiario.net\\\/portal\\\/2026\\\/05\\\/29\\\/la-serotonina-y-como-descargarla-2\\\/\"]}]},{\"@type\":\"ImageObject\",\"inLanguage\":\"es\",\"@id\":\"https:\\\/\\\/www.eldiario.net\\\/portal\\\/2026\\\/05\\\/29\\\/la-serotonina-y-como-descargarla-2\\\/#primaryimage\",\"url\":\"https:\\\/\\\/www.eldiario.net\\\/portal\\\/wp-content\\\/uploads\\\/2026\\\/05\\\/Bio-Rendimiento-mental.webp\",\"contentUrl\":\"https:\\\/\\\/www.eldiario.net\\\/portal\\\/wp-content\\\/uploads\\\/2026\\\/05\\\/Bio-Rendimiento-mental.webp\",\"width\":1600,\"height\":900},{\"@type\":\"BreadcrumbList\",\"@id\":\"https:\\\/\\\/www.eldiario.net\\\/portal\\\/2026\\\/05\\\/29\\\/la-serotonina-y-como-descargarla-2\\\/#breadcrumb\",\"itemListElement\":[{\"@type\":\"ListItem\",\"position\":1,\"name\":\"Portada\",\"item\":\"https:\\\/\\\/www.eldiario.net\\\/portal\\\/\"},{\"@type\":\"ListItem\",\"position\":2,\"name\":\"La serotonina Y c\u00f3mo descargarla\"}]},{\"@type\":\"WebSite\",\"@id\":\"https:\\\/\\\/www.eldiario.net\\\/portal\\\/#website\",\"url\":\"https:\\\/\\\/www.eldiario.net\\\/portal\\\/\",\"name\":\"El Diario - Decano de la prensa nacional\",\"description\":\"El Diario - Decano de la prensa nacional\",\"publisher\":{\"@id\":\"https:\\\/\\\/www.eldiario.net\\\/portal\\\/#organization\"},\"potentialAction\":[{\"@type\":\"SearchAction\",\"target\":{\"@type\":\"EntryPoint\",\"urlTemplate\":\"https:\\\/\\\/www.eldiario.net\\\/portal\\\/?s={search_term_string}\"},\"query-input\":{\"@type\":\"PropertyValueSpecification\",\"valueRequired\":true,\"valueName\":\"search_term_string\"}}],\"inLanguage\":\"es\"},{\"@type\":\"Organization\",\"@id\":\"https:\\\/\\\/www.eldiario.net\\\/portal\\\/#organization\",\"name\":\"El Diario - Decano de la prensa nacional\",\"url\":\"https:\\\/\\\/www.eldiario.net\\\/portal\\\/\",\"logo\":{\"@type\":\"ImageObject\",\"inLanguage\":\"es\",\"@id\":\"https:\\\/\\\/www.eldiario.net\\\/portal\\\/#\\\/schema\\\/logo\\\/image\\\/\",\"url\":\"https:\\\/\\\/www.eldiario.net\\\/portal\\\/wp-content\\\/uploads\\\/2023\\\/07\\\/logo_ED.jpg\",\"contentUrl\":\"https:\\\/\\\/www.eldiario.net\\\/portal\\\/wp-content\\\/uploads\\\/2023\\\/07\\\/logo_ED.jpg\",\"width\":272,\"height\":52,\"caption\":\"El Diario - Decano de la prensa nacional\"},\"image\":{\"@id\":\"https:\\\/\\\/www.eldiario.net\\\/portal\\\/#\\\/schema\\\/logo\\\/image\\\/\"},\"sameAs\":[\"https:\\\/\\\/www.facebook.com\\\/eldiario.bolivia\\\/\",\"https:\\\/\\\/x.com\\\/eldiario_net\"]},{\"@type\":\"Person\",\"@id\":\"https:\\\/\\\/www.eldiario.net\\\/portal\\\/#\\\/schema\\\/person\\\/2c57cf2b7a7ae032e449e4c9b1019eac\",\"name\":\"Jeanette\",\"image\":{\"@type\":\"ImageObject\",\"inLanguage\":\"es\",\"@id\":\"https:\\\/\\\/secure.gravatar.com\\\/avatar\\\/3ea2118a5f7dad2b7138b1187a6b7ee55f160b9968b66013c3a3ef39dd7e5798?s=96&d=mm&r=g\",\"url\":\"https:\\\/\\\/secure.gravatar.com\\\/avatar\\\/3ea2118a5f7dad2b7138b1187a6b7ee55f160b9968b66013c3a3ef39dd7e5798?s=96&d=mm&r=g\",\"contentUrl\":\"https:\\\/\\\/secure.gravatar.com\\\/avatar\\\/3ea2118a5f7dad2b7138b1187a6b7ee55f160b9968b66013c3a3ef39dd7e5798?s=96&d=mm&r=g\",\"caption\":\"Jeanette\"},\"sameAs\":[\"https:\\\/\\\/www.eldiario.net\\\/portal\"],\"url\":\"https:\\\/\\\/www.eldiario.net\\\/portal\\\/author\\\/jeanette\\\/\"}]}<\/script>\n<!-- \/ Yoast SEO plugin. -->","yoast_head_json":{"title":"La serotonina Y c\u00f3mo descargarla - El Diario - Bolivia","robots":{"index":"index","follow":"follow","max-snippet":"max-snippet:-1","max-image-preview":"max-image-preview:large","max-video-preview":"max-video-preview:-1"},"canonical":"https:\/\/www.eldiario.net\/portal\/2026\/05\/29\/la-serotonina-y-como-descargarla-2\/","og_locale":"es_ES","og_type":"article","og_title":"La serotonina Y c\u00f3mo descargarla - El Diario - Bolivia","og_description":"Por. Lic. H\u00e9ctor Molina &nbsp; Recordemos que\u2026 &nbsp; La serotonina es considerada una de las mol\u00e9culas maestras en la arquitectura de la regulaci\u00f3n emocional y el equilibrio del sistema nervioso. En t\u00e9rminos cient\u00edficos, se denomina 5-hidroxitriptamina (5-HT) y act\u00faa como un neurotransmisor, una especie de mensajero qu\u00edmico que permite que las neuronas se comuniquen entre [&hellip;]","og_url":"https:\/\/www.eldiario.net\/portal\/2026\/05\/29\/la-serotonina-y-como-descargarla-2\/","og_site_name":"El Diario - Bolivia","article_publisher":"https:\/\/www.facebook.com\/eldiario.bolivia\/","article_published_time":"2026-05-29T11:39:06+00:00","og_image":[{"width":1600,"height":900,"url":"https:\/\/www.eldiario.net\/portal\/wp-content\/uploads\/2026\/05\/Bio-Rendimiento-mental.webp","type":"image\/webp"}],"author":"Jeanette","twitter_card":"summary_large_image","twitter_creator":"@eldiario_net","twitter_site":"@eldiario_net","twitter_misc":{"Escrito por":"Jeanette","Tiempo de lectura":"4 minutos"},"schema":{"@context":"https:\/\/schema.org","@graph":[{"@type":"Article","@id":"https:\/\/www.eldiario.net\/portal\/2026\/05\/29\/la-serotonina-y-como-descargarla-2\/#article","isPartOf":{"@id":"https:\/\/www.eldiario.net\/portal\/2026\/05\/29\/la-serotonina-y-como-descargarla-2\/"},"author":{"name":"Jeanette","@id":"https:\/\/www.eldiario.net\/portal\/#\/schema\/person\/2c57cf2b7a7ae032e449e4c9b1019eac"},"headline":"La serotonina Y c\u00f3mo descargarla","datePublished":"2026-05-29T11:39:06+00:00","mainEntityOfPage":{"@id":"https:\/\/www.eldiario.net\/portal\/2026\/05\/29\/la-serotonina-y-como-descargarla-2\/"},"wordCount":717,"publisher":{"@id":"https:\/\/www.eldiario.net\/portal\/#organization"},"image":{"@id":"https:\/\/www.eldiario.net\/portal\/2026\/05\/29\/la-serotonina-y-como-descargarla-2\/#primaryimage"},"thumbnailUrl":"https:\/\/www.eldiario.net\/portal\/wp-content\/uploads\/2026\/05\/Bio-Rendimiento-mental.webp","articleSection":["Nuevos Horizontes"],"inLanguage":"es"},{"@type":"WebPage","@id":"https:\/\/www.eldiario.net\/portal\/2026\/05\/29\/la-serotonina-y-como-descargarla-2\/","url":"https:\/\/www.eldiario.net\/portal\/2026\/05\/29\/la-serotonina-y-como-descargarla-2\/","name":"La serotonina Y c\u00f3mo descargarla - El Diario - Bolivia","isPartOf":{"@id":"https:\/\/www.eldiario.net\/portal\/#website"},"primaryImageOfPage":{"@id":"https:\/\/www.eldiario.net\/portal\/2026\/05\/29\/la-serotonina-y-como-descargarla-2\/#primaryimage"},"image":{"@id":"https:\/\/www.eldiario.net\/portal\/2026\/05\/29\/la-serotonina-y-como-descargarla-2\/#primaryimage"},"thumbnailUrl":"https:\/\/www.eldiario.net\/portal\/wp-content\/uploads\/2026\/05\/Bio-Rendimiento-mental.webp","datePublished":"2026-05-29T11:39:06+00:00","breadcrumb":{"@id":"https:\/\/www.eldiario.net\/portal\/2026\/05\/29\/la-serotonina-y-como-descargarla-2\/#breadcrumb"},"inLanguage":"es","potentialAction":[{"@type":"ReadAction","target":["https:\/\/www.eldiario.net\/portal\/2026\/05\/29\/la-serotonina-y-como-descargarla-2\/"]}]},{"@type":"ImageObject","inLanguage":"es","@id":"https:\/\/www.eldiario.net\/portal\/2026\/05\/29\/la-serotonina-y-como-descargarla-2\/#primaryimage","url":"https:\/\/www.eldiario.net\/portal\/wp-content\/uploads\/2026\/05\/Bio-Rendimiento-mental.webp","contentUrl":"https:\/\/www.eldiario.net\/portal\/wp-content\/uploads\/2026\/05\/Bio-Rendimiento-mental.webp","width":1600,"height":900},{"@type":"BreadcrumbList","@id":"https:\/\/www.eldiario.net\/portal\/2026\/05\/29\/la-serotonina-y-como-descargarla-2\/#breadcrumb","itemListElement":[{"@type":"ListItem","position":1,"name":"Portada","item":"https:\/\/www.eldiario.net\/portal\/"},{"@type":"ListItem","position":2,"name":"La serotonina Y c\u00f3mo descargarla"}]},{"@type":"WebSite","@id":"https:\/\/www.eldiario.net\/portal\/#website","url":"https:\/\/www.eldiario.net\/portal\/","name":"El Diario - Decano de la prensa nacional","description":"El Diario - Decano de la prensa nacional","publisher":{"@id":"https:\/\/www.eldiario.net\/portal\/#organization"},"potentialAction":[{"@type":"SearchAction","target":{"@type":"EntryPoint","urlTemplate":"https:\/\/www.eldiario.net\/portal\/?s={search_term_string}"},"query-input":{"@type":"PropertyValueSpecification","valueRequired":true,"valueName":"search_term_string"}}],"inLanguage":"es"},{"@type":"Organization","@id":"https:\/\/www.eldiario.net\/portal\/#organization","name":"El Diario - Decano de la prensa nacional","url":"https:\/\/www.eldiario.net\/portal\/","logo":{"@type":"ImageObject","inLanguage":"es","@id":"https:\/\/www.eldiario.net\/portal\/#\/schema\/logo\/image\/","url":"https:\/\/www.eldiario.net\/portal\/wp-content\/uploads\/2023\/07\/logo_ED.jpg","contentUrl":"https:\/\/www.eldiario.net\/portal\/wp-content\/uploads\/2023\/07\/logo_ED.jpg","width":272,"height":52,"caption":"El Diario - Decano de la prensa nacional"},"image":{"@id":"https:\/\/www.eldiario.net\/portal\/#\/schema\/logo\/image\/"},"sameAs":["https:\/\/www.facebook.com\/eldiario.bolivia\/","https:\/\/x.com\/eldiario_net"]},{"@type":"Person","@id":"https:\/\/www.eldiario.net\/portal\/#\/schema\/person\/2c57cf2b7a7ae032e449e4c9b1019eac","name":"Jeanette","image":{"@type":"ImageObject","inLanguage":"es","@id":"https:\/\/secure.gravatar.com\/avatar\/3ea2118a5f7dad2b7138b1187a6b7ee55f160b9968b66013c3a3ef39dd7e5798?s=96&d=mm&r=g","url":"https:\/\/secure.gravatar.com\/avatar\/3ea2118a5f7dad2b7138b1187a6b7ee55f160b9968b66013c3a3ef39dd7e5798?s=96&d=mm&r=g","contentUrl":"https:\/\/secure.gravatar.com\/avatar\/3ea2118a5f7dad2b7138b1187a6b7ee55f160b9968b66013c3a3ef39dd7e5798?s=96&d=mm&r=g","caption":"Jeanette"},"sameAs":["https:\/\/www.eldiario.net\/portal"],"url":"https:\/\/www.eldiario.net\/portal\/author\/jeanette\/"}]}},"_links":{"self":[{"href":"https:\/\/www.eldiario.net\/portal\/wp-json\/wp\/v2\/posts\/399014","targetHints":{"allow":["GET"]}}],"collection":[{"href":"https:\/\/www.eldiario.net\/portal\/wp-json\/wp\/v2\/posts"}],"about":[{"href":"https:\/\/www.eldiario.net\/portal\/wp-json\/wp\/v2\/types\/post"}],"author":[{"embeddable":true,"href":"https:\/\/www.eldiario.net\/portal\/wp-json\/wp\/v2\/users\/1"}],"replies":[{"embeddable":true,"href":"https:\/\/www.eldiario.net\/portal\/wp-json\/wp\/v2\/comments?post=399014"}],"version-history":[{"count":1,"href":"https:\/\/www.eldiario.net\/portal\/wp-json\/wp\/v2\/posts\/399014\/revisions"}],"predecessor-version":[{"id":399018,"href":"https:\/\/www.eldiario.net\/portal\/wp-json\/wp\/v2\/posts\/399014\/revisions\/399018"}],"wp:featuredmedia":[{"embeddable":true,"href":"https:\/\/www.eldiario.net\/portal\/wp-json\/wp\/v2\/media\/399015"}],"wp:attachment":[{"href":"https:\/\/www.eldiario.net\/portal\/wp-json\/wp\/v2\/media?parent=399014"}],"wp:term":[{"taxonomy":"category","embeddable":true,"href":"https:\/\/www.eldiario.net\/portal\/wp-json\/wp\/v2\/categories?post=399014"},{"taxonomy":"post_tag","embeddable":true,"href":"https:\/\/www.eldiario.net\/portal\/wp-json\/wp\/v2\/tags?post=399014"}],"curies":[{"name":"wp","href":"https:\/\/api.w.org\/{rel}","templated":true}]}}