{"id":399011,"date":"2026-05-29T07:37:32","date_gmt":"2026-05-29T11:37:32","guid":{"rendered":"https:\/\/www.eldiario.net\/portal\/?p=399011"},"modified":"2026-05-29T07:37:32","modified_gmt":"2026-05-29T11:37:32","slug":"fallecen-medicos-y-enfermeros-en-primera-linea-de-lucha-contra-ebola","status":"publish","type":"post","link":"https:\/\/www.eldiario.net\/portal\/2026\/05\/29\/fallecen-medicos-y-enfermeros-en-primera-linea-de-lucha-contra-ebola\/","title":{"rendered":"Fallecen m\u00e9dicos y enfermeros en primera l\u00ednea de lucha contra \u00e9bola"},"content":{"rendered":"<p>Cuando el doctor Vladimir Maduali falleci\u00f3 de \u00e9bola en la madrugada del domingo, se convirti\u00f3 en el cuarto miembro del personal de su hospital en morir a causa de la enfermedad en igual n\u00famero de d\u00edas. Dos d\u00edas despu\u00e9s, su colega, el doctor Tibenderana Katho Blaise, tambi\u00e9n muri\u00f3 a causa de la enfermedad en el centro m\u00e9dico evang\u00e9lico de Bunia, en la Rep\u00fablica Democr\u00e1tica del Congo.<br \/>\nMaduali se gradu\u00f3 de la Universidad de Bunia hace apenas tres a\u00f1os y trabajaba en la regi\u00f3n de Rwampara, una de las zonas de la provincia de Ituri, en el este de la Rep\u00fablica Democr\u00e1tica del Congo, m\u00e1s afectadas por el \u00e9bola. Seg\u00fan su familia, el joven de 30 a\u00f1os falleci\u00f3 en el centro de aislamiento de Rwampara, donde hab\u00eda pasado dos d\u00edas recibiendo oxigenoterapia.<br \/>\n\u201cEra una persona profundamente comprometida con marcar la diferencia en la vida de las comunidades\u201d, afirma su colega, el doctor Richard Lokudu, director m\u00e9dico del hospital de Mongbwalu, situado a 70 km de Bunia, la capital de Ituri. \u201cEstaba entregado a su trabajo\u201d.<br \/>\nDesde que se identific\u00f3 el brote este mes, Lokudu afirma que se cree que otros cinco miembros de su personal contrajeron el virus, tres de los cuales fallecieron, aunque las pruebas para detectar la enfermedad a\u00fan no se han puesto al d\u00eda con el n\u00famero de contagios o muertes.<br \/>\n\u201cYa hemos perdido a tres enfermeras en nuestro hospital. Suponemos que estuvieron en contacto con portadores del \u00e9bola; los resultados de las pruebas podr\u00edan confirmar o desmentir esta suposici\u00f3n. Estas enfermeras trabajaban aqu\u00ed con pasi\u00f3n y, lamentablemente, ya no est\u00e1n con nosotros\u201d, sostuvo Lokudu, quien agrega que las otras dos enfermeras siguen muy enfermas.<br \/>\nLokudu asegur\u00f3 que las condiciones en las que trabajan para combatir el \u00e9bola son \u201cprecarias y angustiosas\u201d.<br \/>\n\u201cQuienes luchamos contra el \u00e9bola trabajamos como soldados. Es muy posible que otros, incluy\u00e9ndome a m\u00ed, sigamos el ejemplo de Vladimir ma\u00f1ana. Luchamos por la misma causa: salvar vidas humanas de esta epidemia de \u00e9bola\u201d, asever\u00f3.<br \/>\nMaduali naci\u00f3 en Kisangani, al noreste de la Rep\u00fablica Democr\u00e1tica del Congo, siendo el segundo hijo de su madre. En 2019 se mud\u00f3 a Bunia, a casi 640 kil\u00f3metros de distancia, para continuar sus estudios. Su muerte devast\u00f3 a su familia, de la que era el principal sost\u00e9n.<br \/>\nJosu\u00e9 Maduali, su hermano menor, coment\u00f3: \u201cLe apasionaba la medicina. Desde muy joven, ve\u00eda su futuro exclusivamente en ella. Por eso estudi\u00f3 matem\u00e1ticas y f\u00edsica en la secundaria y medicina en la universidad, con el objetivo de salvar vidas\u201d.<br \/>\nSeg\u00fan cuenta, su t\u00eda hab\u00eda abierto un peque\u00f1o restaurante en Kisangani para recaudar dinero para pagar sus estudios. \u201cEl objetivo final era que alg\u00fan d\u00eda fuera \u00fatil a la sociedad\u201d.<br \/>\nTres voluntarios de la Cruz Roja Congole\u00f1a, que trabajaban en el hospital Mongbwalu de Ituri, tambi\u00e9n fallecieron en un lapso de 11 d\u00edas. Se cree que contrajeron el \u00e9bola mientras trasladaban cad\u00e1veres.<br \/>\n\u201cSe cree que los voluntarios, Alikana Udumusi Augustin, Sezabo Katanabo y Ajiko Chandiru Viviane, contrajeron el virus del \u00e9bola en el cumplimiento de su deber, mientras realizaban actividades de gesti\u00f3n de cad\u00e1veres como parte de una misi\u00f3n humanitaria no relacionada con el \u00e9bola\u201d, declar\u00f3 la Federaci\u00f3n Internacional de Sociedades de la Cruz Roja y de la Media Luna Roja en un comunicado el s\u00e1bado.<br \/>\nEl Ministerio de Salud congole\u00f1o anunci\u00f3 el martes que el director general de la Organizaci\u00f3n Mundial de la Salud (OMS), Tedros Adhanom Ghebreyesus, visitar\u00eda el pa\u00eds para presenciar la respuesta sobre el terreno y que hasta el 25 de mayo se hab\u00edan notificado m\u00e1s de 900 casos sospechosos y 220 muertes en las provincias de Kivu del Norte, Kivu del Sur e Ituri.<br \/>\nSeg\u00fan los profesionales de la salud, el brote de \u00e9bola, el decimos\u00e9ptimo en la Rep\u00fablica Democr\u00e1tica del Congo desde que se identific\u00f3 el virus por primera vez en 1976, esta vez de una nueva cepa, no se detect\u00f3 con rapidez. Se cree que esto contribuy\u00f3 a su propagaci\u00f3n.<br \/>\nLa OMS inst\u00f3 a los pa\u00edses vecinos de la Rep\u00fablica Democr\u00e1tica del Congo a coordinar sus esfuerzos transfronterizos para evitar que el virus se propague regionalmente.<br \/>\n\u201cEl problema es que la enfermedad no se reconoci\u00f3 al principio. Solo cuando notamos las muertes de personas en primera l\u00ednea, nos dimos cuenta de que el problema se estaba volviendo cada vez m\u00e1s grave y que necesit\u00e1bamos investigar para averiguar qu\u00e9 estaba causando la ola de muertes\u201d, dijo Lokudu.<br \/>\nKoko Buroko, analista de relaciones internacionales, cree que el desmantelamiento de los programas de ayuda al desarrollo occidentales aument\u00f3 la vulnerabilidad de las comunidades rurales al \u00e9bola.<br \/>\n\u201cLa mayor\u00eda de los pa\u00edses africanos cuyos sectores de salud no han progresado dependen de la ayuda internacional. En un pa\u00eds como la Rep\u00fablica Democr\u00e1tica del Congo, los servicios de salud son gestionados por numerosas organizaciones. Muchas ONG del sector del desarrollo fueron financiadas por Usaid, que ya no existe\u201d, explic\u00f3.<br \/>\nJean-Jacques Tamfum Muyembe, director del Instituto Nacional de Investigaci\u00f3n Biom\u00e9dica y codescubridor del virus del \u00e9bola en 1976, reconoci\u00f3 la amenaza que supone para el personal de primera l\u00ednea en la lucha contra el \u00e9bola.<br \/>\n\u201cNo existe cura para esta enfermedad\u201d, indic\u00f3. \u201cJunto con nuestros socios, estamos analizando c\u00f3mo proteger a quienes est\u00e1n en primera l\u00ednea, incluidos los trabajadores sanitarios\u201d.<br \/>\nJosu\u00e9 Maduali cuenta que la \u00faltima vez que habl\u00f3 con su hermano, el joven m\u00e9dico se qued\u00f3 at\u00f3nito al pensar que podr\u00eda haber contra\u00eddo el \u00e9bola. \u201cEntre sus mayores temores estaba la muerte. Cuando lo ingresaron en el hospital, no cre\u00eda que pudieran sospechar que tuviera \u00e9bola. Se qued\u00f3 boquiabierto\u201d, detall\u00f3.<br \/>\n\u201cCuando dio positivo en la prueba del \u00e9bola, qued\u00f3 psicol\u00f3gicamente devastado\u201d, sostiene su hermano. \u201cCuando lo llevaron a aislamiento en el hospital de Mongbwalu, me dijo que ten\u00eda m\u00e1s posibilidades de sobrevivir a esta peligrosa enfermedad\u201d, agreg\u00f3.<br \/>\nMaduali espera que los l\u00edderes de la Rep\u00fablica Democr\u00e1tica del Congo honren el trabajo que realizaron su hermano y otros trabajadores de la salud. (The Guardian)<\/p>\n","protected":false},"excerpt":{"rendered":"<p>Cuando el doctor Vladimir Maduali falleci\u00f3 de \u00e9bola en la madrugada del domingo, se convirti\u00f3 en el cuarto miembro del personal de su hospital en morir a causa de la enfermedad en igual n\u00famero de d\u00edas. Dos d\u00edas despu\u00e9s, su colega, el doctor Tibenderana Katho Blaise, tambi\u00e9n muri\u00f3 a causa de la enfermedad en el [&hellip;]<\/p>\n","protected":false},"author":1,"featured_media":399012,"comment_status":"closed","ping_status":"open","sticky":false,"template":"","format":"standard","meta":{"_acf_changed":false,"footnotes":""},"categories":[3],"tags":[],"class_list":["post-399011","post","type-post","status-publish","format-standard","has-post-thumbnail","category-internacional"],"acf":{"antetitulo":"Rep\u00fablica Democr\u00e1tica de Congo"},"yoast_head":"<!-- This site is optimized with the Yoast SEO plugin v28.4 - https:\/\/yoast.com\/product\/yoast-seo-wordpress\/ -->\n<title>Fallecen m\u00e9dicos y enfermeros en primera l\u00ednea de lucha contra \u00e9bola - El Diario - Bolivia<\/title>\n<meta name=\"robots\" content=\"index, follow, max-snippet:-1, max-image-preview:large, max-video-preview:-1\" \/>\n<link rel=\"canonical\" href=\"https:\/\/www.eldiario.net\/portal\/2026\/05\/29\/fallecen-medicos-y-enfermeros-en-primera-linea-de-lucha-contra-ebola\/\" \/>\n<meta property=\"og:locale\" content=\"es_ES\" \/>\n<meta property=\"og:type\" content=\"article\" \/>\n<meta property=\"og:title\" content=\"Fallecen m\u00e9dicos y enfermeros en primera l\u00ednea de lucha contra \u00e9bola - El Diario - Bolivia\" \/>\n<meta property=\"og:description\" content=\"Cuando el doctor Vladimir Maduali falleci\u00f3 de \u00e9bola en la madrugada del domingo, se convirti\u00f3 en el cuarto miembro del personal de su hospital en morir a causa de la enfermedad en igual n\u00famero de d\u00edas. Dos d\u00edas despu\u00e9s, su colega, el doctor Tibenderana Katho Blaise, tambi\u00e9n muri\u00f3 a causa de la enfermedad en el [&hellip;]\" \/>\n<meta property=\"og:url\" content=\"https:\/\/www.eldiario.net\/portal\/2026\/05\/29\/fallecen-medicos-y-enfermeros-en-primera-linea-de-lucha-contra-ebola\/\" \/>\n<meta property=\"og:site_name\" content=\"El Diario - Bolivia\" \/>\n<meta property=\"article:publisher\" content=\"https:\/\/www.facebook.com\/eldiario.bolivia\/\" \/>\n<meta property=\"article:published_time\" content=\"2026-05-29T11:37:32+00:00\" \/>\n<meta property=\"og:image\" content=\"https:\/\/www.eldiario.net\/portal\/wp-content\/uploads\/2026\/05\/EBOLA-Reuters.webp\" \/>\n\t<meta property=\"og:image:width\" content=\"620\" \/>\n\t<meta property=\"og:image:height\" content=\"409\" \/>\n\t<meta property=\"og:image:type\" content=\"image\/webp\" \/>\n<meta name=\"author\" content=\"Jeanette\" \/>\n<meta name=\"twitter:card\" content=\"summary_large_image\" \/>\n<meta name=\"twitter:creator\" content=\"@eldiario_net\" \/>\n<meta name=\"twitter:site\" content=\"@eldiario_net\" \/>\n<meta name=\"twitter:label1\" content=\"Escrito por\" \/>\n\t<meta name=\"twitter:data1\" content=\"Jeanette\" \/>\n\t<meta name=\"twitter:label2\" content=\"Tiempo de lectura\" \/>\n\t<meta name=\"twitter:data2\" content=\"5 minutos\" \/>\n<script type=\"application\/ld+json\" class=\"yoast-schema-graph\">{\"@context\":\"https:\\\/\\\/schema.org\",\"@graph\":[{\"@type\":\"Article\",\"@id\":\"https:\\\/\\\/www.eldiario.net\\\/portal\\\/2026\\\/05\\\/29\\\/fallecen-medicos-y-enfermeros-en-primera-linea-de-lucha-contra-ebola\\\/#article\",\"isPartOf\":{\"@id\":\"https:\\\/\\\/www.eldiario.net\\\/portal\\\/2026\\\/05\\\/29\\\/fallecen-medicos-y-enfermeros-en-primera-linea-de-lucha-contra-ebola\\\/\"},\"author\":{\"name\":\"Jeanette\",\"@id\":\"https:\\\/\\\/www.eldiario.net\\\/portal\\\/#\\\/schema\\\/person\\\/2c57cf2b7a7ae032e449e4c9b1019eac\"},\"headline\":\"Fallecen m\u00e9dicos y enfermeros en primera l\u00ednea de lucha contra \u00e9bola\",\"datePublished\":\"2026-05-29T11:37:32+00:00\",\"mainEntityOfPage\":{\"@id\":\"https:\\\/\\\/www.eldiario.net\\\/portal\\\/2026\\\/05\\\/29\\\/fallecen-medicos-y-enfermeros-en-primera-linea-de-lucha-contra-ebola\\\/\"},\"wordCount\":1074,\"publisher\":{\"@id\":\"https:\\\/\\\/www.eldiario.net\\\/portal\\\/#organization\"},\"image\":{\"@id\":\"https:\\\/\\\/www.eldiario.net\\\/portal\\\/2026\\\/05\\\/29\\\/fallecen-medicos-y-enfermeros-en-primera-linea-de-lucha-contra-ebola\\\/#primaryimage\"},\"thumbnailUrl\":\"https:\\\/\\\/www.eldiario.net\\\/portal\\\/wp-content\\\/uploads\\\/2026\\\/05\\\/EBOLA-Reuters.webp\",\"articleSection\":[\"Internacional\"],\"inLanguage\":\"es\"},{\"@type\":\"WebPage\",\"@id\":\"https:\\\/\\\/www.eldiario.net\\\/portal\\\/2026\\\/05\\\/29\\\/fallecen-medicos-y-enfermeros-en-primera-linea-de-lucha-contra-ebola\\\/\",\"url\":\"https:\\\/\\\/www.eldiario.net\\\/portal\\\/2026\\\/05\\\/29\\\/fallecen-medicos-y-enfermeros-en-primera-linea-de-lucha-contra-ebola\\\/\",\"name\":\"Fallecen m\u00e9dicos y enfermeros en primera l\u00ednea de lucha contra \u00e9bola - El Diario - Bolivia\",\"isPartOf\":{\"@id\":\"https:\\\/\\\/www.eldiario.net\\\/portal\\\/#website\"},\"primaryImageOfPage\":{\"@id\":\"https:\\\/\\\/www.eldiario.net\\\/portal\\\/2026\\\/05\\\/29\\\/fallecen-medicos-y-enfermeros-en-primera-linea-de-lucha-contra-ebola\\\/#primaryimage\"},\"image\":{\"@id\":\"https:\\\/\\\/www.eldiario.net\\\/portal\\\/2026\\\/05\\\/29\\\/fallecen-medicos-y-enfermeros-en-primera-linea-de-lucha-contra-ebola\\\/#primaryimage\"},\"thumbnailUrl\":\"https:\\\/\\\/www.eldiario.net\\\/portal\\\/wp-content\\\/uploads\\\/2026\\\/05\\\/EBOLA-Reuters.webp\",\"datePublished\":\"2026-05-29T11:37:32+00:00\",\"breadcrumb\":{\"@id\":\"https:\\\/\\\/www.eldiario.net\\\/portal\\\/2026\\\/05\\\/29\\\/fallecen-medicos-y-enfermeros-en-primera-linea-de-lucha-contra-ebola\\\/#breadcrumb\"},\"inLanguage\":\"es\",\"potentialAction\":[{\"@type\":\"ReadAction\",\"target\":[\"https:\\\/\\\/www.eldiario.net\\\/portal\\\/2026\\\/05\\\/29\\\/fallecen-medicos-y-enfermeros-en-primera-linea-de-lucha-contra-ebola\\\/\"]}]},{\"@type\":\"ImageObject\",\"inLanguage\":\"es\",\"@id\":\"https:\\\/\\\/www.eldiario.net\\\/portal\\\/2026\\\/05\\\/29\\\/fallecen-medicos-y-enfermeros-en-primera-linea-de-lucha-contra-ebola\\\/#primaryimage\",\"url\":\"https:\\\/\\\/www.eldiario.net\\\/portal\\\/wp-content\\\/uploads\\\/2026\\\/05\\\/EBOLA-Reuters.webp\",\"contentUrl\":\"https:\\\/\\\/www.eldiario.net\\\/portal\\\/wp-content\\\/uploads\\\/2026\\\/05\\\/EBOLA-Reuters.webp\",\"width\":620,\"height\":409,\"caption\":\"El doctor Tibenderana Katho Blaise falleci\u00f3 de \u00e9bola en Bunia.\"},{\"@type\":\"BreadcrumbList\",\"@id\":\"https:\\\/\\\/www.eldiario.net\\\/portal\\\/2026\\\/05\\\/29\\\/fallecen-medicos-y-enfermeros-en-primera-linea-de-lucha-contra-ebola\\\/#breadcrumb\",\"itemListElement\":[{\"@type\":\"ListItem\",\"position\":1,\"name\":\"Portada\",\"item\":\"https:\\\/\\\/www.eldiario.net\\\/portal\\\/\"},{\"@type\":\"ListItem\",\"position\":2,\"name\":\"Fallecen m\u00e9dicos y enfermeros en primera l\u00ednea de lucha contra \u00e9bola\"}]},{\"@type\":\"WebSite\",\"@id\":\"https:\\\/\\\/www.eldiario.net\\\/portal\\\/#website\",\"url\":\"https:\\\/\\\/www.eldiario.net\\\/portal\\\/\",\"name\":\"El Diario - Decano de la prensa nacional\",\"description\":\"El Diario - Decano de la prensa nacional\",\"publisher\":{\"@id\":\"https:\\\/\\\/www.eldiario.net\\\/portal\\\/#organization\"},\"potentialAction\":[{\"@type\":\"SearchAction\",\"target\":{\"@type\":\"EntryPoint\",\"urlTemplate\":\"https:\\\/\\\/www.eldiario.net\\\/portal\\\/?s={search_term_string}\"},\"query-input\":{\"@type\":\"PropertyValueSpecification\",\"valueRequired\":true,\"valueName\":\"search_term_string\"}}],\"inLanguage\":\"es\"},{\"@type\":\"Organization\",\"@id\":\"https:\\\/\\\/www.eldiario.net\\\/portal\\\/#organization\",\"name\":\"El Diario - Decano de la prensa nacional\",\"url\":\"https:\\\/\\\/www.eldiario.net\\\/portal\\\/\",\"logo\":{\"@type\":\"ImageObject\",\"inLanguage\":\"es\",\"@id\":\"https:\\\/\\\/www.eldiario.net\\\/portal\\\/#\\\/schema\\\/logo\\\/image\\\/\",\"url\":\"https:\\\/\\\/www.eldiario.net\\\/portal\\\/wp-content\\\/uploads\\\/2023\\\/07\\\/logo_ED.jpg\",\"contentUrl\":\"https:\\\/\\\/www.eldiario.net\\\/portal\\\/wp-content\\\/uploads\\\/2023\\\/07\\\/logo_ED.jpg\",\"width\":272,\"height\":52,\"caption\":\"El Diario - Decano de la prensa nacional\"},\"image\":{\"@id\":\"https:\\\/\\\/www.eldiario.net\\\/portal\\\/#\\\/schema\\\/logo\\\/image\\\/\"},\"sameAs\":[\"https:\\\/\\\/www.facebook.com\\\/eldiario.bolivia\\\/\",\"https:\\\/\\\/x.com\\\/eldiario_net\"]},{\"@type\":\"Person\",\"@id\":\"https:\\\/\\\/www.eldiario.net\\\/portal\\\/#\\\/schema\\\/person\\\/2c57cf2b7a7ae032e449e4c9b1019eac\",\"name\":\"Jeanette\",\"image\":{\"@type\":\"ImageObject\",\"inLanguage\":\"es\",\"@id\":\"https:\\\/\\\/secure.gravatar.com\\\/avatar\\\/3ea2118a5f7dad2b7138b1187a6b7ee55f160b9968b66013c3a3ef39dd7e5798?s=96&d=mm&r=g\",\"url\":\"https:\\\/\\\/secure.gravatar.com\\\/avatar\\\/3ea2118a5f7dad2b7138b1187a6b7ee55f160b9968b66013c3a3ef39dd7e5798?s=96&d=mm&r=g\",\"contentUrl\":\"https:\\\/\\\/secure.gravatar.com\\\/avatar\\\/3ea2118a5f7dad2b7138b1187a6b7ee55f160b9968b66013c3a3ef39dd7e5798?s=96&d=mm&r=g\",\"caption\":\"Jeanette\"},\"sameAs\":[\"https:\\\/\\\/www.eldiario.net\\\/portal\"],\"url\":\"https:\\\/\\\/www.eldiario.net\\\/portal\\\/author\\\/jeanette\\\/\"}]}<\/script>\n<!-- \/ Yoast SEO plugin. -->","yoast_head_json":{"title":"Fallecen m\u00e9dicos y enfermeros en primera l\u00ednea de lucha contra \u00e9bola - El Diario - Bolivia","robots":{"index":"index","follow":"follow","max-snippet":"max-snippet:-1","max-image-preview":"max-image-preview:large","max-video-preview":"max-video-preview:-1"},"canonical":"https:\/\/www.eldiario.net\/portal\/2026\/05\/29\/fallecen-medicos-y-enfermeros-en-primera-linea-de-lucha-contra-ebola\/","og_locale":"es_ES","og_type":"article","og_title":"Fallecen m\u00e9dicos y enfermeros en primera l\u00ednea de lucha contra \u00e9bola - El Diario - Bolivia","og_description":"Cuando el doctor Vladimir Maduali falleci\u00f3 de \u00e9bola en la madrugada del domingo, se convirti\u00f3 en el cuarto miembro del personal de su hospital en morir a causa de la enfermedad en igual n\u00famero de d\u00edas. Dos d\u00edas despu\u00e9s, su colega, el doctor Tibenderana Katho Blaise, tambi\u00e9n muri\u00f3 a causa de la enfermedad en el [&hellip;]","og_url":"https:\/\/www.eldiario.net\/portal\/2026\/05\/29\/fallecen-medicos-y-enfermeros-en-primera-linea-de-lucha-contra-ebola\/","og_site_name":"El Diario - Bolivia","article_publisher":"https:\/\/www.facebook.com\/eldiario.bolivia\/","article_published_time":"2026-05-29T11:37:32+00:00","og_image":[{"width":620,"height":409,"url":"https:\/\/www.eldiario.net\/portal\/wp-content\/uploads\/2026\/05\/EBOLA-Reuters.webp","type":"image\/webp"}],"author":"Jeanette","twitter_card":"summary_large_image","twitter_creator":"@eldiario_net","twitter_site":"@eldiario_net","twitter_misc":{"Escrito por":"Jeanette","Tiempo de lectura":"5 minutos"},"schema":{"@context":"https:\/\/schema.org","@graph":[{"@type":"Article","@id":"https:\/\/www.eldiario.net\/portal\/2026\/05\/29\/fallecen-medicos-y-enfermeros-en-primera-linea-de-lucha-contra-ebola\/#article","isPartOf":{"@id":"https:\/\/www.eldiario.net\/portal\/2026\/05\/29\/fallecen-medicos-y-enfermeros-en-primera-linea-de-lucha-contra-ebola\/"},"author":{"name":"Jeanette","@id":"https:\/\/www.eldiario.net\/portal\/#\/schema\/person\/2c57cf2b7a7ae032e449e4c9b1019eac"},"headline":"Fallecen m\u00e9dicos y enfermeros en primera l\u00ednea de lucha contra \u00e9bola","datePublished":"2026-05-29T11:37:32+00:00","mainEntityOfPage":{"@id":"https:\/\/www.eldiario.net\/portal\/2026\/05\/29\/fallecen-medicos-y-enfermeros-en-primera-linea-de-lucha-contra-ebola\/"},"wordCount":1074,"publisher":{"@id":"https:\/\/www.eldiario.net\/portal\/#organization"},"image":{"@id":"https:\/\/www.eldiario.net\/portal\/2026\/05\/29\/fallecen-medicos-y-enfermeros-en-primera-linea-de-lucha-contra-ebola\/#primaryimage"},"thumbnailUrl":"https:\/\/www.eldiario.net\/portal\/wp-content\/uploads\/2026\/05\/EBOLA-Reuters.webp","articleSection":["Internacional"],"inLanguage":"es"},{"@type":"WebPage","@id":"https:\/\/www.eldiario.net\/portal\/2026\/05\/29\/fallecen-medicos-y-enfermeros-en-primera-linea-de-lucha-contra-ebola\/","url":"https:\/\/www.eldiario.net\/portal\/2026\/05\/29\/fallecen-medicos-y-enfermeros-en-primera-linea-de-lucha-contra-ebola\/","name":"Fallecen m\u00e9dicos y enfermeros en primera l\u00ednea de lucha contra \u00e9bola - El Diario - Bolivia","isPartOf":{"@id":"https:\/\/www.eldiario.net\/portal\/#website"},"primaryImageOfPage":{"@id":"https:\/\/www.eldiario.net\/portal\/2026\/05\/29\/fallecen-medicos-y-enfermeros-en-primera-linea-de-lucha-contra-ebola\/#primaryimage"},"image":{"@id":"https:\/\/www.eldiario.net\/portal\/2026\/05\/29\/fallecen-medicos-y-enfermeros-en-primera-linea-de-lucha-contra-ebola\/#primaryimage"},"thumbnailUrl":"https:\/\/www.eldiario.net\/portal\/wp-content\/uploads\/2026\/05\/EBOLA-Reuters.webp","datePublished":"2026-05-29T11:37:32+00:00","breadcrumb":{"@id":"https:\/\/www.eldiario.net\/portal\/2026\/05\/29\/fallecen-medicos-y-enfermeros-en-primera-linea-de-lucha-contra-ebola\/#breadcrumb"},"inLanguage":"es","potentialAction":[{"@type":"ReadAction","target":["https:\/\/www.eldiario.net\/portal\/2026\/05\/29\/fallecen-medicos-y-enfermeros-en-primera-linea-de-lucha-contra-ebola\/"]}]},{"@type":"ImageObject","inLanguage":"es","@id":"https:\/\/www.eldiario.net\/portal\/2026\/05\/29\/fallecen-medicos-y-enfermeros-en-primera-linea-de-lucha-contra-ebola\/#primaryimage","url":"https:\/\/www.eldiario.net\/portal\/wp-content\/uploads\/2026\/05\/EBOLA-Reuters.webp","contentUrl":"https:\/\/www.eldiario.net\/portal\/wp-content\/uploads\/2026\/05\/EBOLA-Reuters.webp","width":620,"height":409,"caption":"El doctor Tibenderana Katho Blaise falleci\u00f3 de \u00e9bola en Bunia."},{"@type":"BreadcrumbList","@id":"https:\/\/www.eldiario.net\/portal\/2026\/05\/29\/fallecen-medicos-y-enfermeros-en-primera-linea-de-lucha-contra-ebola\/#breadcrumb","itemListElement":[{"@type":"ListItem","position":1,"name":"Portada","item":"https:\/\/www.eldiario.net\/portal\/"},{"@type":"ListItem","position":2,"name":"Fallecen m\u00e9dicos y enfermeros en primera l\u00ednea de lucha contra \u00e9bola"}]},{"@type":"WebSite","@id":"https:\/\/www.eldiario.net\/portal\/#website","url":"https:\/\/www.eldiario.net\/portal\/","name":"El Diario - Decano de la prensa nacional","description":"El Diario - Decano de la prensa nacional","publisher":{"@id":"https:\/\/www.eldiario.net\/portal\/#organization"},"potentialAction":[{"@type":"SearchAction","target":{"@type":"EntryPoint","urlTemplate":"https:\/\/www.eldiario.net\/portal\/?s={search_term_string}"},"query-input":{"@type":"PropertyValueSpecification","valueRequired":true,"valueName":"search_term_string"}}],"inLanguage":"es"},{"@type":"Organization","@id":"https:\/\/www.eldiario.net\/portal\/#organization","name":"El Diario - Decano de la prensa nacional","url":"https:\/\/www.eldiario.net\/portal\/","logo":{"@type":"ImageObject","inLanguage":"es","@id":"https:\/\/www.eldiario.net\/portal\/#\/schema\/logo\/image\/","url":"https:\/\/www.eldiario.net\/portal\/wp-content\/uploads\/2023\/07\/logo_ED.jpg","contentUrl":"https:\/\/www.eldiario.net\/portal\/wp-content\/uploads\/2023\/07\/logo_ED.jpg","width":272,"height":52,"caption":"El Diario - Decano de la prensa nacional"},"image":{"@id":"https:\/\/www.eldiario.net\/portal\/#\/schema\/logo\/image\/"},"sameAs":["https:\/\/www.facebook.com\/eldiario.bolivia\/","https:\/\/x.com\/eldiario_net"]},{"@type":"Person","@id":"https:\/\/www.eldiario.net\/portal\/#\/schema\/person\/2c57cf2b7a7ae032e449e4c9b1019eac","name":"Jeanette","image":{"@type":"ImageObject","inLanguage":"es","@id":"https:\/\/secure.gravatar.com\/avatar\/3ea2118a5f7dad2b7138b1187a6b7ee55f160b9968b66013c3a3ef39dd7e5798?s=96&d=mm&r=g","url":"https:\/\/secure.gravatar.com\/avatar\/3ea2118a5f7dad2b7138b1187a6b7ee55f160b9968b66013c3a3ef39dd7e5798?s=96&d=mm&r=g","contentUrl":"https:\/\/secure.gravatar.com\/avatar\/3ea2118a5f7dad2b7138b1187a6b7ee55f160b9968b66013c3a3ef39dd7e5798?s=96&d=mm&r=g","caption":"Jeanette"},"sameAs":["https:\/\/www.eldiario.net\/portal"],"url":"https:\/\/www.eldiario.net\/portal\/author\/jeanette\/"}]}},"_links":{"self":[{"href":"https:\/\/www.eldiario.net\/portal\/wp-json\/wp\/v2\/posts\/399011","targetHints":{"allow":["GET"]}}],"collection":[{"href":"https:\/\/www.eldiario.net\/portal\/wp-json\/wp\/v2\/posts"}],"about":[{"href":"https:\/\/www.eldiario.net\/portal\/wp-json\/wp\/v2\/types\/post"}],"author":[{"embeddable":true,"href":"https:\/\/www.eldiario.net\/portal\/wp-json\/wp\/v2\/users\/1"}],"replies":[{"embeddable":true,"href":"https:\/\/www.eldiario.net\/portal\/wp-json\/wp\/v2\/comments?post=399011"}],"version-history":[{"count":1,"href":"https:\/\/www.eldiario.net\/portal\/wp-json\/wp\/v2\/posts\/399011\/revisions"}],"predecessor-version":[{"id":399013,"href":"https:\/\/www.eldiario.net\/portal\/wp-json\/wp\/v2\/posts\/399011\/revisions\/399013"}],"wp:featuredmedia":[{"embeddable":true,"href":"https:\/\/www.eldiario.net\/portal\/wp-json\/wp\/v2\/media\/399012"}],"wp:attachment":[{"href":"https:\/\/www.eldiario.net\/portal\/wp-json\/wp\/v2\/media?parent=399011"}],"wp:term":[{"taxonomy":"category","embeddable":true,"href":"https:\/\/www.eldiario.net\/portal\/wp-json\/wp\/v2\/categories?post=399011"},{"taxonomy":"post_tag","embeddable":true,"href":"https:\/\/www.eldiario.net\/portal\/wp-json\/wp\/v2\/tags?post=399011"}],"curies":[{"name":"wp","href":"https:\/\/api.w.org\/{rel}","templated":true}]}}