{"id":399008,"date":"2026-05-29T07:36:45","date_gmt":"2026-05-29T11:36:45","guid":{"rendered":"https:\/\/www.eldiario.net\/portal\/?p=399008"},"modified":"2026-05-29T07:36:45","modified_gmt":"2026-05-29T11:36:45","slug":"ue-impone-multa-millonaria-a-temu-por-productos-ilegales","status":"publish","type":"post","link":"https:\/\/www.eldiario.net\/portal\/2026\/05\/29\/ue-impone-multa-millonaria-a-temu-por-productos-ilegales\/","title":{"rendered":"UE impone multa millonaria a Temu por productos ilegales"},"content":{"rendered":"<p>Temu recibi\u00f3 ayer una multa de 200 millones de euros (232 millones de d\u00f3lares) despu\u00e9s de que una investigaci\u00f3n de los reguladores de la Uni\u00f3n Europea (UE) determin\u00f3 que el minorista online chino no hizo suficiente para proteger a los consumidores de productos ilegales como juguetes t\u00f3xicos o peligrosos y aparatos electr\u00f3nicos poco seguros.<br \/>\nLa sanci\u00f3n del bloque de 27 pa\u00edses se produce tras las conclusiones preliminares del a\u00f1o pasado, seg\u00fan las cuales Temu expon\u00eda a los clientes a un alto riesgo derivado de productos a la venta en su plataforma, como juguetes para beb\u00e9s y peque\u00f1os aparatos electr\u00f3nicos, que no cumpl\u00edan las normas de seguridad del consumidor de la UE.<br \/>\nLa Comisi\u00f3n Europea impuso la sanci\u00f3n en virtud de la Ley de Servicios Digitales (DSA, por sus siglas en ingl\u00e9s), un amplio conjunto de normas que exige a las plataformas en l\u00ednea hacer m\u00e1s para mantener a los usuarios de internet a salvo de contenido nocivo o de mercanc\u00edas sospechosas, bajo la amenaza de cuantiosas multas.<br \/>\nTemu sostuvo que no estaba de acuerdo con la decisi\u00f3n y calific\u00f3 la sanci\u00f3n de \u201cdesproporcionada\u201d.<br \/>\nLa decisi\u00f3n est\u00e1 relacionada con la primera evaluaci\u00f3n a Temu realizada por la Comisi\u00f3n en virtud de la DSA en 2024 \u201cy no refleja el estado actual de nuestros sistemas\u201d, afirm\u00f3 la empresa. \u201cTemu colabor\u00f3 de manera constructiva con la Comisi\u00f3n durante todo el proceso y desde entonces tom\u00f3 medidas adicionales para reforzar la evaluaci\u00f3n de riesgos, la gobernanza de la plataforma y la protecci\u00f3n de los usuarios\u201d, explic\u00f3 la firma en un comunicado.<br \/>\nTemu es popular porque ofrece productos baratos, desde ropa hasta art\u00edculos para el hogar, enviados por vendedores en China. La plataforma tiene 92 millones de usuarios en la Uni\u00f3n Europea y es propiedad de PDD Holdings Inc., que tambi\u00e9n es due\u00f1a de la popular web china de comercio electr\u00f3nico Pinduoduo.<br \/>\nLa Comisi\u00f3n se\u00f1al\u00f3 que Temu no logr\u00f3 identificar, analizar y evaluar los riesgos sist\u00e9micos de que se vendan productos ilegales en la plataforma ni el perjuicio resultante para los consumidores europeos.<br \/>\nLos investigadores llevaron a cabo un \u201cejercicio de compras misteriosas\u201d que encontr\u00f3 una serie de productos \u201cno conformes\u201d, incluidos muchos cargadores de dispositivos electr\u00f3nicos que no superaron pruebas b\u00e1sicas de seguridad. Tambi\u00e9n hallaron un porcentaje muy alto de juguetes para beb\u00e9s que planteaban riesgos de seguridad, bien porque conten\u00edan sustancias qu\u00edmicas en niveles que exced\u00edan los l\u00edmites permitidos o porque ten\u00edan piezas que se desprend\u00edan y pod\u00edan suponer un riesgo de asfixia.<br \/>\nNo realizar evaluaciones de riesgo adecuadas constituye una infracci\u00f3n especialmente grave de las normas digitales del bloque, agreg\u00f3.<br \/>\nLas evaluaciones de riesgos no son \u201cmeros tr\u00e1mites burocr\u00e1ticos\u201d, dijo la vicepresidenta ejecutiva de la Comisi\u00f3n Europea, Henna Virkunnen.<br \/>\n\u201cLa evaluaci\u00f3n de riesgos de Temu subestima riesgos concretos, carece de especificidad, no se basa en pruebas s\u00f3lidas y no es exhaustiva\u201d, se\u00f1al\u00f3 en un comunicado preparado. \u201cDeja a los reguladores, a los usuarios y al p\u00fablico en la ignorancia sobre la verdadera magnitud del da\u00f1o potencial que plantean los productos ilegales vendidos en Temu. Ahora es el momento de que Temu cumpla la ley\u201d.<br \/>\nTemu tiene hasta finales de agosto para presentar un \u201cplan de acci\u00f3n\u201d que subsane el problema. Podr\u00eda recibir multas adicionales diarias, semanales o mensuales si no cumple. (Independent)<\/p>\n<p>&nbsp;<\/p>\n","protected":false},"excerpt":{"rendered":"<p>Temu recibi\u00f3 ayer una multa de 200 millones de euros (232 millones de d\u00f3lares) despu\u00e9s de que una investigaci\u00f3n de los reguladores de la Uni\u00f3n Europea (UE) determin\u00f3 que el minorista online chino no hizo suficiente para proteger a los consumidores de productos ilegales como juguetes t\u00f3xicos o peligrosos y aparatos electr\u00f3nicos poco seguros. La [&hellip;]<\/p>\n","protected":false},"author":1,"featured_media":399009,"comment_status":"closed","ping_status":"open","sticky":false,"template":"","format":"standard","meta":{"_acf_changed":false,"footnotes":""},"categories":[3],"tags":[],"class_list":["post-399008","post","type-post","status-publish","format-standard","has-post-thumbnail","category-internacional"],"acf":{"antetitulo":""},"yoast_head":"<!-- This site is optimized with the Yoast SEO plugin v28.4 - https:\/\/yoast.com\/product\/yoast-seo-wordpress\/ -->\n<title>UE impone multa millonaria a Temu por productos ilegales - El Diario - Bolivia<\/title>\n<meta name=\"robots\" content=\"index, follow, max-snippet:-1, max-image-preview:large, max-video-preview:-1\" \/>\n<link rel=\"canonical\" href=\"https:\/\/www.eldiario.net\/portal\/2026\/05\/29\/ue-impone-multa-millonaria-a-temu-por-productos-ilegales\/\" \/>\n<meta property=\"og:locale\" content=\"es_ES\" \/>\n<meta property=\"og:type\" content=\"article\" \/>\n<meta property=\"og:title\" content=\"UE impone multa millonaria a Temu por productos ilegales - El Diario - Bolivia\" \/>\n<meta property=\"og:description\" content=\"Temu recibi\u00f3 ayer una multa de 200 millones de euros (232 millones de d\u00f3lares) despu\u00e9s de que una investigaci\u00f3n de los reguladores de la Uni\u00f3n Europea (UE) determin\u00f3 que el minorista online chino no hizo suficiente para proteger a los consumidores de productos ilegales como juguetes t\u00f3xicos o peligrosos y aparatos electr\u00f3nicos poco seguros. La [&hellip;]\" \/>\n<meta property=\"og:url\" content=\"https:\/\/www.eldiario.net\/portal\/2026\/05\/29\/ue-impone-multa-millonaria-a-temu-por-productos-ilegales\/\" \/>\n<meta property=\"og:site_name\" content=\"El Diario - Bolivia\" \/>\n<meta property=\"article:publisher\" content=\"https:\/\/www.facebook.com\/eldiario.bolivia\/\" \/>\n<meta property=\"article:published_time\" content=\"2026-05-29T11:36:45+00:00\" \/>\n<meta property=\"og:image\" content=\"https:\/\/www.eldiario.net\/portal\/wp-content\/uploads\/2026\/05\/TEMU-AP.webp\" \/>\n\t<meta property=\"og:image:width\" content=\"1164\" \/>\n\t<meta property=\"og:image:height\" content=\"771\" \/>\n\t<meta property=\"og:image:type\" content=\"image\/webp\" \/>\n<meta name=\"author\" content=\"Jeanette\" \/>\n<meta name=\"twitter:card\" content=\"summary_large_image\" \/>\n<meta name=\"twitter:creator\" content=\"@eldiario_net\" \/>\n<meta name=\"twitter:site\" content=\"@eldiario_net\" \/>\n<meta name=\"twitter:label1\" content=\"Escrito por\" \/>\n\t<meta name=\"twitter:data1\" content=\"Jeanette\" \/>\n\t<meta name=\"twitter:label2\" content=\"Tiempo de lectura\" \/>\n\t<meta name=\"twitter:data2\" content=\"3 minutos\" \/>\n<script type=\"application\/ld+json\" class=\"yoast-schema-graph\">{\"@context\":\"https:\\\/\\\/schema.org\",\"@graph\":[{\"@type\":\"Article\",\"@id\":\"https:\\\/\\\/www.eldiario.net\\\/portal\\\/2026\\\/05\\\/29\\\/ue-impone-multa-millonaria-a-temu-por-productos-ilegales\\\/#article\",\"isPartOf\":{\"@id\":\"https:\\\/\\\/www.eldiario.net\\\/portal\\\/2026\\\/05\\\/29\\\/ue-impone-multa-millonaria-a-temu-por-productos-ilegales\\\/\"},\"author\":{\"name\":\"Jeanette\",\"@id\":\"https:\\\/\\\/www.eldiario.net\\\/portal\\\/#\\\/schema\\\/person\\\/2c57cf2b7a7ae032e449e4c9b1019eac\"},\"headline\":\"UE impone multa millonaria a Temu por productos ilegales\",\"datePublished\":\"2026-05-29T11:36:45+00:00\",\"mainEntityOfPage\":{\"@id\":\"https:\\\/\\\/www.eldiario.net\\\/portal\\\/2026\\\/05\\\/29\\\/ue-impone-multa-millonaria-a-temu-por-productos-ilegales\\\/\"},\"wordCount\":604,\"publisher\":{\"@id\":\"https:\\\/\\\/www.eldiario.net\\\/portal\\\/#organization\"},\"image\":{\"@id\":\"https:\\\/\\\/www.eldiario.net\\\/portal\\\/2026\\\/05\\\/29\\\/ue-impone-multa-millonaria-a-temu-por-productos-ilegales\\\/#primaryimage\"},\"thumbnailUrl\":\"https:\\\/\\\/www.eldiario.net\\\/portal\\\/wp-content\\\/uploads\\\/2026\\\/05\\\/TEMU-AP.webp\",\"articleSection\":[\"Internacional\"],\"inLanguage\":\"es\"},{\"@type\":\"WebPage\",\"@id\":\"https:\\\/\\\/www.eldiario.net\\\/portal\\\/2026\\\/05\\\/29\\\/ue-impone-multa-millonaria-a-temu-por-productos-ilegales\\\/\",\"url\":\"https:\\\/\\\/www.eldiario.net\\\/portal\\\/2026\\\/05\\\/29\\\/ue-impone-multa-millonaria-a-temu-por-productos-ilegales\\\/\",\"name\":\"UE impone multa millonaria a Temu por productos ilegales - El Diario - Bolivia\",\"isPartOf\":{\"@id\":\"https:\\\/\\\/www.eldiario.net\\\/portal\\\/#website\"},\"primaryImageOfPage\":{\"@id\":\"https:\\\/\\\/www.eldiario.net\\\/portal\\\/2026\\\/05\\\/29\\\/ue-impone-multa-millonaria-a-temu-por-productos-ilegales\\\/#primaryimage\"},\"image\":{\"@id\":\"https:\\\/\\\/www.eldiario.net\\\/portal\\\/2026\\\/05\\\/29\\\/ue-impone-multa-millonaria-a-temu-por-productos-ilegales\\\/#primaryimage\"},\"thumbnailUrl\":\"https:\\\/\\\/www.eldiario.net\\\/portal\\\/wp-content\\\/uploads\\\/2026\\\/05\\\/TEMU-AP.webp\",\"datePublished\":\"2026-05-29T11:36:45+00:00\",\"breadcrumb\":{\"@id\":\"https:\\\/\\\/www.eldiario.net\\\/portal\\\/2026\\\/05\\\/29\\\/ue-impone-multa-millonaria-a-temu-por-productos-ilegales\\\/#breadcrumb\"},\"inLanguage\":\"es\",\"potentialAction\":[{\"@type\":\"ReadAction\",\"target\":[\"https:\\\/\\\/www.eldiario.net\\\/portal\\\/2026\\\/05\\\/29\\\/ue-impone-multa-millonaria-a-temu-por-productos-ilegales\\\/\"]}]},{\"@type\":\"ImageObject\",\"inLanguage\":\"es\",\"@id\":\"https:\\\/\\\/www.eldiario.net\\\/portal\\\/2026\\\/05\\\/29\\\/ue-impone-multa-millonaria-a-temu-por-productos-ilegales\\\/#primaryimage\",\"url\":\"https:\\\/\\\/www.eldiario.net\\\/portal\\\/wp-content\\\/uploads\\\/2026\\\/05\\\/TEMU-AP.webp\",\"contentUrl\":\"https:\\\/\\\/www.eldiario.net\\\/portal\\\/wp-content\\\/uploads\\\/2026\\\/05\\\/TEMU-AP.webp\",\"width\":1164,\"height\":771,\"caption\":\"La plataforma china Temu.\"},{\"@type\":\"BreadcrumbList\",\"@id\":\"https:\\\/\\\/www.eldiario.net\\\/portal\\\/2026\\\/05\\\/29\\\/ue-impone-multa-millonaria-a-temu-por-productos-ilegales\\\/#breadcrumb\",\"itemListElement\":[{\"@type\":\"ListItem\",\"position\":1,\"name\":\"Portada\",\"item\":\"https:\\\/\\\/www.eldiario.net\\\/portal\\\/\"},{\"@type\":\"ListItem\",\"position\":2,\"name\":\"UE impone multa millonaria a Temu por productos ilegales\"}]},{\"@type\":\"WebSite\",\"@id\":\"https:\\\/\\\/www.eldiario.net\\\/portal\\\/#website\",\"url\":\"https:\\\/\\\/www.eldiario.net\\\/portal\\\/\",\"name\":\"El Diario - Decano de la prensa nacional\",\"description\":\"El Diario - Decano de la prensa nacional\",\"publisher\":{\"@id\":\"https:\\\/\\\/www.eldiario.net\\\/portal\\\/#organization\"},\"potentialAction\":[{\"@type\":\"SearchAction\",\"target\":{\"@type\":\"EntryPoint\",\"urlTemplate\":\"https:\\\/\\\/www.eldiario.net\\\/portal\\\/?s={search_term_string}\"},\"query-input\":{\"@type\":\"PropertyValueSpecification\",\"valueRequired\":true,\"valueName\":\"search_term_string\"}}],\"inLanguage\":\"es\"},{\"@type\":\"Organization\",\"@id\":\"https:\\\/\\\/www.eldiario.net\\\/portal\\\/#organization\",\"name\":\"El Diario - Decano de la prensa nacional\",\"url\":\"https:\\\/\\\/www.eldiario.net\\\/portal\\\/\",\"logo\":{\"@type\":\"ImageObject\",\"inLanguage\":\"es\",\"@id\":\"https:\\\/\\\/www.eldiario.net\\\/portal\\\/#\\\/schema\\\/logo\\\/image\\\/\",\"url\":\"https:\\\/\\\/www.eldiario.net\\\/portal\\\/wp-content\\\/uploads\\\/2023\\\/07\\\/logo_ED.jpg\",\"contentUrl\":\"https:\\\/\\\/www.eldiario.net\\\/portal\\\/wp-content\\\/uploads\\\/2023\\\/07\\\/logo_ED.jpg\",\"width\":272,\"height\":52,\"caption\":\"El Diario - Decano de la prensa nacional\"},\"image\":{\"@id\":\"https:\\\/\\\/www.eldiario.net\\\/portal\\\/#\\\/schema\\\/logo\\\/image\\\/\"},\"sameAs\":[\"https:\\\/\\\/www.facebook.com\\\/eldiario.bolivia\\\/\",\"https:\\\/\\\/x.com\\\/eldiario_net\"]},{\"@type\":\"Person\",\"@id\":\"https:\\\/\\\/www.eldiario.net\\\/portal\\\/#\\\/schema\\\/person\\\/2c57cf2b7a7ae032e449e4c9b1019eac\",\"name\":\"Jeanette\",\"image\":{\"@type\":\"ImageObject\",\"inLanguage\":\"es\",\"@id\":\"https:\\\/\\\/secure.gravatar.com\\\/avatar\\\/3ea2118a5f7dad2b7138b1187a6b7ee55f160b9968b66013c3a3ef39dd7e5798?s=96&d=mm&r=g\",\"url\":\"https:\\\/\\\/secure.gravatar.com\\\/avatar\\\/3ea2118a5f7dad2b7138b1187a6b7ee55f160b9968b66013c3a3ef39dd7e5798?s=96&d=mm&r=g\",\"contentUrl\":\"https:\\\/\\\/secure.gravatar.com\\\/avatar\\\/3ea2118a5f7dad2b7138b1187a6b7ee55f160b9968b66013c3a3ef39dd7e5798?s=96&d=mm&r=g\",\"caption\":\"Jeanette\"},\"sameAs\":[\"https:\\\/\\\/www.eldiario.net\\\/portal\"],\"url\":\"https:\\\/\\\/www.eldiario.net\\\/portal\\\/author\\\/jeanette\\\/\"}]}<\/script>\n<!-- \/ Yoast SEO plugin. -->","yoast_head_json":{"title":"UE impone multa millonaria a Temu por productos ilegales - El Diario - Bolivia","robots":{"index":"index","follow":"follow","max-snippet":"max-snippet:-1","max-image-preview":"max-image-preview:large","max-video-preview":"max-video-preview:-1"},"canonical":"https:\/\/www.eldiario.net\/portal\/2026\/05\/29\/ue-impone-multa-millonaria-a-temu-por-productos-ilegales\/","og_locale":"es_ES","og_type":"article","og_title":"UE impone multa millonaria a Temu por productos ilegales - El Diario - Bolivia","og_description":"Temu recibi\u00f3 ayer una multa de 200 millones de euros (232 millones de d\u00f3lares) despu\u00e9s de que una investigaci\u00f3n de los reguladores de la Uni\u00f3n Europea (UE) determin\u00f3 que el minorista online chino no hizo suficiente para proteger a los consumidores de productos ilegales como juguetes t\u00f3xicos o peligrosos y aparatos electr\u00f3nicos poco seguros. La [&hellip;]","og_url":"https:\/\/www.eldiario.net\/portal\/2026\/05\/29\/ue-impone-multa-millonaria-a-temu-por-productos-ilegales\/","og_site_name":"El Diario - Bolivia","article_publisher":"https:\/\/www.facebook.com\/eldiario.bolivia\/","article_published_time":"2026-05-29T11:36:45+00:00","og_image":[{"width":1164,"height":771,"url":"https:\/\/www.eldiario.net\/portal\/wp-content\/uploads\/2026\/05\/TEMU-AP.webp","type":"image\/webp"}],"author":"Jeanette","twitter_card":"summary_large_image","twitter_creator":"@eldiario_net","twitter_site":"@eldiario_net","twitter_misc":{"Escrito por":"Jeanette","Tiempo de lectura":"3 minutos"},"schema":{"@context":"https:\/\/schema.org","@graph":[{"@type":"Article","@id":"https:\/\/www.eldiario.net\/portal\/2026\/05\/29\/ue-impone-multa-millonaria-a-temu-por-productos-ilegales\/#article","isPartOf":{"@id":"https:\/\/www.eldiario.net\/portal\/2026\/05\/29\/ue-impone-multa-millonaria-a-temu-por-productos-ilegales\/"},"author":{"name":"Jeanette","@id":"https:\/\/www.eldiario.net\/portal\/#\/schema\/person\/2c57cf2b7a7ae032e449e4c9b1019eac"},"headline":"UE impone multa millonaria a Temu por productos ilegales","datePublished":"2026-05-29T11:36:45+00:00","mainEntityOfPage":{"@id":"https:\/\/www.eldiario.net\/portal\/2026\/05\/29\/ue-impone-multa-millonaria-a-temu-por-productos-ilegales\/"},"wordCount":604,"publisher":{"@id":"https:\/\/www.eldiario.net\/portal\/#organization"},"image":{"@id":"https:\/\/www.eldiario.net\/portal\/2026\/05\/29\/ue-impone-multa-millonaria-a-temu-por-productos-ilegales\/#primaryimage"},"thumbnailUrl":"https:\/\/www.eldiario.net\/portal\/wp-content\/uploads\/2026\/05\/TEMU-AP.webp","articleSection":["Internacional"],"inLanguage":"es"},{"@type":"WebPage","@id":"https:\/\/www.eldiario.net\/portal\/2026\/05\/29\/ue-impone-multa-millonaria-a-temu-por-productos-ilegales\/","url":"https:\/\/www.eldiario.net\/portal\/2026\/05\/29\/ue-impone-multa-millonaria-a-temu-por-productos-ilegales\/","name":"UE impone multa millonaria a Temu por productos ilegales - El Diario - Bolivia","isPartOf":{"@id":"https:\/\/www.eldiario.net\/portal\/#website"},"primaryImageOfPage":{"@id":"https:\/\/www.eldiario.net\/portal\/2026\/05\/29\/ue-impone-multa-millonaria-a-temu-por-productos-ilegales\/#primaryimage"},"image":{"@id":"https:\/\/www.eldiario.net\/portal\/2026\/05\/29\/ue-impone-multa-millonaria-a-temu-por-productos-ilegales\/#primaryimage"},"thumbnailUrl":"https:\/\/www.eldiario.net\/portal\/wp-content\/uploads\/2026\/05\/TEMU-AP.webp","datePublished":"2026-05-29T11:36:45+00:00","breadcrumb":{"@id":"https:\/\/www.eldiario.net\/portal\/2026\/05\/29\/ue-impone-multa-millonaria-a-temu-por-productos-ilegales\/#breadcrumb"},"inLanguage":"es","potentialAction":[{"@type":"ReadAction","target":["https:\/\/www.eldiario.net\/portal\/2026\/05\/29\/ue-impone-multa-millonaria-a-temu-por-productos-ilegales\/"]}]},{"@type":"ImageObject","inLanguage":"es","@id":"https:\/\/www.eldiario.net\/portal\/2026\/05\/29\/ue-impone-multa-millonaria-a-temu-por-productos-ilegales\/#primaryimage","url":"https:\/\/www.eldiario.net\/portal\/wp-content\/uploads\/2026\/05\/TEMU-AP.webp","contentUrl":"https:\/\/www.eldiario.net\/portal\/wp-content\/uploads\/2026\/05\/TEMU-AP.webp","width":1164,"height":771,"caption":"La plataforma china Temu."},{"@type":"BreadcrumbList","@id":"https:\/\/www.eldiario.net\/portal\/2026\/05\/29\/ue-impone-multa-millonaria-a-temu-por-productos-ilegales\/#breadcrumb","itemListElement":[{"@type":"ListItem","position":1,"name":"Portada","item":"https:\/\/www.eldiario.net\/portal\/"},{"@type":"ListItem","position":2,"name":"UE impone multa millonaria a Temu por productos ilegales"}]},{"@type":"WebSite","@id":"https:\/\/www.eldiario.net\/portal\/#website","url":"https:\/\/www.eldiario.net\/portal\/","name":"El Diario - Decano de la prensa nacional","description":"El Diario - Decano de la prensa nacional","publisher":{"@id":"https:\/\/www.eldiario.net\/portal\/#organization"},"potentialAction":[{"@type":"SearchAction","target":{"@type":"EntryPoint","urlTemplate":"https:\/\/www.eldiario.net\/portal\/?s={search_term_string}"},"query-input":{"@type":"PropertyValueSpecification","valueRequired":true,"valueName":"search_term_string"}}],"inLanguage":"es"},{"@type":"Organization","@id":"https:\/\/www.eldiario.net\/portal\/#organization","name":"El Diario - Decano de la prensa nacional","url":"https:\/\/www.eldiario.net\/portal\/","logo":{"@type":"ImageObject","inLanguage":"es","@id":"https:\/\/www.eldiario.net\/portal\/#\/schema\/logo\/image\/","url":"https:\/\/www.eldiario.net\/portal\/wp-content\/uploads\/2023\/07\/logo_ED.jpg","contentUrl":"https:\/\/www.eldiario.net\/portal\/wp-content\/uploads\/2023\/07\/logo_ED.jpg","width":272,"height":52,"caption":"El Diario - Decano de la prensa nacional"},"image":{"@id":"https:\/\/www.eldiario.net\/portal\/#\/schema\/logo\/image\/"},"sameAs":["https:\/\/www.facebook.com\/eldiario.bolivia\/","https:\/\/x.com\/eldiario_net"]},{"@type":"Person","@id":"https:\/\/www.eldiario.net\/portal\/#\/schema\/person\/2c57cf2b7a7ae032e449e4c9b1019eac","name":"Jeanette","image":{"@type":"ImageObject","inLanguage":"es","@id":"https:\/\/secure.gravatar.com\/avatar\/3ea2118a5f7dad2b7138b1187a6b7ee55f160b9968b66013c3a3ef39dd7e5798?s=96&d=mm&r=g","url":"https:\/\/secure.gravatar.com\/avatar\/3ea2118a5f7dad2b7138b1187a6b7ee55f160b9968b66013c3a3ef39dd7e5798?s=96&d=mm&r=g","contentUrl":"https:\/\/secure.gravatar.com\/avatar\/3ea2118a5f7dad2b7138b1187a6b7ee55f160b9968b66013c3a3ef39dd7e5798?s=96&d=mm&r=g","caption":"Jeanette"},"sameAs":["https:\/\/www.eldiario.net\/portal"],"url":"https:\/\/www.eldiario.net\/portal\/author\/jeanette\/"}]}},"_links":{"self":[{"href":"https:\/\/www.eldiario.net\/portal\/wp-json\/wp\/v2\/posts\/399008","targetHints":{"allow":["GET"]}}],"collection":[{"href":"https:\/\/www.eldiario.net\/portal\/wp-json\/wp\/v2\/posts"}],"about":[{"href":"https:\/\/www.eldiario.net\/portal\/wp-json\/wp\/v2\/types\/post"}],"author":[{"embeddable":true,"href":"https:\/\/www.eldiario.net\/portal\/wp-json\/wp\/v2\/users\/1"}],"replies":[{"embeddable":true,"href":"https:\/\/www.eldiario.net\/portal\/wp-json\/wp\/v2\/comments?post=399008"}],"version-history":[{"count":1,"href":"https:\/\/www.eldiario.net\/portal\/wp-json\/wp\/v2\/posts\/399008\/revisions"}],"predecessor-version":[{"id":399010,"href":"https:\/\/www.eldiario.net\/portal\/wp-json\/wp\/v2\/posts\/399008\/revisions\/399010"}],"wp:featuredmedia":[{"embeddable":true,"href":"https:\/\/www.eldiario.net\/portal\/wp-json\/wp\/v2\/media\/399009"}],"wp:attachment":[{"href":"https:\/\/www.eldiario.net\/portal\/wp-json\/wp\/v2\/media?parent=399008"}],"wp:term":[{"taxonomy":"category","embeddable":true,"href":"https:\/\/www.eldiario.net\/portal\/wp-json\/wp\/v2\/categories?post=399008"},{"taxonomy":"post_tag","embeddable":true,"href":"https:\/\/www.eldiario.net\/portal\/wp-json\/wp\/v2\/tags?post=399008"}],"curies":[{"name":"wp","href":"https:\/\/api.w.org\/{rel}","templated":true}]}}