{"id":398568,"date":"2026-05-27T23:48:22","date_gmt":"2026-05-28T03:48:22","guid":{"rendered":"https:\/\/www.eldiario.net\/portal\/?p=398568"},"modified":"2026-05-27T23:48:22","modified_gmt":"2026-05-28T03:48:22","slug":"robson-se-fundio-bolivar-se-cayo-y-al-final-perdio","status":"publish","type":"post","link":"https:\/\/www.eldiario.net\/portal\/2026\/05\/27\/robson-se-fundio-bolivar-se-cayo-y-al-final-perdio\/","title":{"rendered":"Robson se fundi\u00f3, Bol\u00edvar se cay\u00f3 y al final perdi\u00f3"},"content":{"rendered":"<p>El Diario<\/p>\n<p>Robson Matheus Tome de Araujo brill\u00f3 en el segundo tiempo del partido que Bol\u00edvar perdi\u00f3 esta noche ante Independiente Rivadavia por 1-3.<\/p>\n<p>Tras un primer tiempo en el que Independiente Rivadavia asfixi\u00f3 a Bol\u00edvar e incluso anot\u00f3 un gol en los descuentos, por intermedio de Leonel Bucca, en el segundo cambi\u00f3 la actitud del equipo celeste. Se fue en busca del arco del buen golero Nicol\u00e1s Bolcato quien se erigi\u00f3 en la figura del cuadro mendocino. En el segundo tiempo, de forma paralela, creci\u00f3 la figura de Robson Matheus, quien con su habilidad y remates de larga distancia, prob\u00f3 las condiciones del arquero mendocino que respondi\u00f3 de gran manera. Hasta que a los 54, apareci\u00f3 la mejor versi\u00f3n de Matheus, quien desenfund\u00f3 la zurda, el bal\u00f3n peg\u00f3 en Cauteruccio y super\u00f3 al golero Bolcato que se la jug\u00f3 por el otro lado.<\/p>\n<p>Fue el 1-1 que los celestes lo gritaron a todo pulm\u00f3n en el estadio Tahuichi Aguilera, y alentados por los hinchas que coparon el escenario cruce\u00f1o, se hicieron del control del partido, lo dominaron, s\u00f3lo les falt\u00f3 la puntada final. No apareci\u00f3 Cauteruccio ni Dorny Romero, pero s\u00ed Matheus, quien con su zurda prodigiosa prob\u00f3 en reiteradas ocasiones al buen golero de Independiente Rivadavia.<\/p>\n<p>Hasta que el f\u00edsico no le dio, una molestia le impidi\u00f3 de terminar a Robson el partido, pidi\u00f3 su salida, ingres\u00f3 Erwin Saavedra, quien para mal de los hinchas celestes, no estuvo en una buena jornada.<\/p>\n<p>La salida de Robson le quit\u00f3 fuerza ofensiva a Bol\u00edvar, pero igual, en los \u00faltimos minutos buscaron el gol del triunfo y quedaron a merced de Sebasti\u00e1n Villa, quien ingres\u00f3 a eso al campo de juego, a desequilibrar y buscar el gol. Anot\u00f3 el 2-1 y pareci\u00f3 dedicar el tanto a N\u00e9stor Lorenzo, el seleccionador de Colombia que lo sac\u00f3 de la lista final del Mundial.<\/p>\n<p>Ahora, Bol\u00edvar debe jugar el play off de la Copa Sudamericana en el que tendr\u00e1 a un rival de fuste, el Gremio de Porto Alegre, primero en La Paz y luego en Porto Alegre. No ser\u00e1 facil su pasar por la Copa Sudamericana.<\/p>\n","protected":false},"excerpt":{"rendered":"<p>El Diario Robson Matheus Tome de Araujo brill\u00f3 en el segundo tiempo del partido que Bol\u00edvar perdi\u00f3 esta noche ante Independiente Rivadavia por 1-3. Tras un primer tiempo en el que Independiente Rivadavia asfixi\u00f3 a Bol\u00edvar e incluso anot\u00f3 un gol en los descuentos, por intermedio de Leonel Bucca, en el segundo cambi\u00f3 la actitud [&hellip;]<\/p>\n","protected":false},"author":3,"featured_media":398569,"comment_status":"closed","ping_status":"open","sticky":false,"template":"","format":"standard","meta":{"_acf_changed":false,"footnotes":""},"categories":[6],"tags":[],"class_list":["post-398568","post","type-post","status-publish","format-standard","has-post-thumbnail","category-deportes"],"acf":{"antetitulo":"Se aboca a la Copa Sudamericana"},"yoast_head":"<!-- This site is optimized with the Yoast SEO plugin v28.3 - https:\/\/yoast.com\/product\/yoast-seo-wordpress\/ -->\n<title>Robson se fundi\u00f3, Bol\u00edvar se cay\u00f3 y al final perdi\u00f3 - El Diario - Bolivia<\/title>\n<meta name=\"robots\" content=\"index, follow, max-snippet:-1, max-image-preview:large, max-video-preview:-1\" \/>\n<link rel=\"canonical\" href=\"https:\/\/www.eldiario.net\/portal\/2026\/05\/27\/robson-se-fundio-bolivar-se-cayo-y-al-final-perdio\/\" \/>\n<meta property=\"og:locale\" content=\"es_ES\" \/>\n<meta property=\"og:type\" content=\"article\" \/>\n<meta property=\"og:title\" content=\"Robson se fundi\u00f3, Bol\u00edvar se cay\u00f3 y al final perdi\u00f3 - El Diario - Bolivia\" \/>\n<meta property=\"og:description\" content=\"El Diario Robson Matheus Tome de Araujo brill\u00f3 en el segundo tiempo del partido que Bol\u00edvar perdi\u00f3 esta noche ante Independiente Rivadavia por 1-3. Tras un primer tiempo en el que Independiente Rivadavia asfixi\u00f3 a Bol\u00edvar e incluso anot\u00f3 un gol en los descuentos, por intermedio de Leonel Bucca, en el segundo cambi\u00f3 la actitud [&hellip;]\" \/>\n<meta property=\"og:url\" content=\"https:\/\/www.eldiario.net\/portal\/2026\/05\/27\/robson-se-fundio-bolivar-se-cayo-y-al-final-perdio\/\" \/>\n<meta property=\"og:site_name\" content=\"El Diario - Bolivia\" \/>\n<meta property=\"article:publisher\" content=\"https:\/\/www.facebook.com\/eldiario.bolivia\/\" \/>\n<meta property=\"article:published_time\" content=\"2026-05-28T03:48:22+00:00\" \/>\n<meta property=\"og:image\" content=\"https:\/\/www.eldiario.net\/portal\/wp-content\/uploads\/2026\/05\/robson-festejo-vale.webp\" \/>\n\t<meta property=\"og:image:width\" content=\"1080\" \/>\n\t<meta property=\"og:image:height\" content=\"1350\" \/>\n\t<meta property=\"og:image:type\" content=\"image\/webp\" \/>\n<meta name=\"author\" content=\"Jhonny Mollinedo\" \/>\n<meta name=\"twitter:card\" content=\"summary_large_image\" \/>\n<meta name=\"twitter:creator\" content=\"@eldiario_net\" \/>\n<meta name=\"twitter:site\" content=\"@eldiario_net\" \/>\n<meta name=\"twitter:label1\" content=\"Escrito por\" \/>\n\t<meta name=\"twitter:data1\" content=\"Jhonny Mollinedo\" \/>\n\t<meta name=\"twitter:label2\" content=\"Tiempo de lectura\" \/>\n\t<meta name=\"twitter:data2\" content=\"2 minutos\" \/>\n<script type=\"application\/ld+json\" class=\"yoast-schema-graph\">{\"@context\":\"https:\\\/\\\/schema.org\",\"@graph\":[{\"@type\":\"Article\",\"@id\":\"https:\\\/\\\/www.eldiario.net\\\/portal\\\/2026\\\/05\\\/27\\\/robson-se-fundio-bolivar-se-cayo-y-al-final-perdio\\\/#article\",\"isPartOf\":{\"@id\":\"https:\\\/\\\/www.eldiario.net\\\/portal\\\/2026\\\/05\\\/27\\\/robson-se-fundio-bolivar-se-cayo-y-al-final-perdio\\\/\"},\"author\":{\"name\":\"Jhonny Mollinedo\",\"@id\":\"https:\\\/\\\/www.eldiario.net\\\/portal\\\/#\\\/schema\\\/person\\\/4827a631df9f245a7e27ab829ae89ae3\"},\"headline\":\"Robson se fundi\u00f3, Bol\u00edvar se cay\u00f3 y al final perdi\u00f3\",\"datePublished\":\"2026-05-28T03:48:22+00:00\",\"mainEntityOfPage\":{\"@id\":\"https:\\\/\\\/www.eldiario.net\\\/portal\\\/2026\\\/05\\\/27\\\/robson-se-fundio-bolivar-se-cayo-y-al-final-perdio\\\/\"},\"wordCount\":376,\"publisher\":{\"@id\":\"https:\\\/\\\/www.eldiario.net\\\/portal\\\/#organization\"},\"image\":{\"@id\":\"https:\\\/\\\/www.eldiario.net\\\/portal\\\/2026\\\/05\\\/27\\\/robson-se-fundio-bolivar-se-cayo-y-al-final-perdio\\\/#primaryimage\"},\"thumbnailUrl\":\"https:\\\/\\\/www.eldiario.net\\\/portal\\\/wp-content\\\/uploads\\\/2026\\\/05\\\/robson-festejo-vale.webp\",\"articleSection\":[\"Deportes\"],\"inLanguage\":\"es\"},{\"@type\":\"WebPage\",\"@id\":\"https:\\\/\\\/www.eldiario.net\\\/portal\\\/2026\\\/05\\\/27\\\/robson-se-fundio-bolivar-se-cayo-y-al-final-perdio\\\/\",\"url\":\"https:\\\/\\\/www.eldiario.net\\\/portal\\\/2026\\\/05\\\/27\\\/robson-se-fundio-bolivar-se-cayo-y-al-final-perdio\\\/\",\"name\":\"Robson se fundi\u00f3, Bol\u00edvar se cay\u00f3 y al final perdi\u00f3 - El Diario - Bolivia\",\"isPartOf\":{\"@id\":\"https:\\\/\\\/www.eldiario.net\\\/portal\\\/#website\"},\"primaryImageOfPage\":{\"@id\":\"https:\\\/\\\/www.eldiario.net\\\/portal\\\/2026\\\/05\\\/27\\\/robson-se-fundio-bolivar-se-cayo-y-al-final-perdio\\\/#primaryimage\"},\"image\":{\"@id\":\"https:\\\/\\\/www.eldiario.net\\\/portal\\\/2026\\\/05\\\/27\\\/robson-se-fundio-bolivar-se-cayo-y-al-final-perdio\\\/#primaryimage\"},\"thumbnailUrl\":\"https:\\\/\\\/www.eldiario.net\\\/portal\\\/wp-content\\\/uploads\\\/2026\\\/05\\\/robson-festejo-vale.webp\",\"datePublished\":\"2026-05-28T03:48:22+00:00\",\"breadcrumb\":{\"@id\":\"https:\\\/\\\/www.eldiario.net\\\/portal\\\/2026\\\/05\\\/27\\\/robson-se-fundio-bolivar-se-cayo-y-al-final-perdio\\\/#breadcrumb\"},\"inLanguage\":\"es\",\"potentialAction\":[{\"@type\":\"ReadAction\",\"target\":[\"https:\\\/\\\/www.eldiario.net\\\/portal\\\/2026\\\/05\\\/27\\\/robson-se-fundio-bolivar-se-cayo-y-al-final-perdio\\\/\"]}]},{\"@type\":\"ImageObject\",\"inLanguage\":\"es\",\"@id\":\"https:\\\/\\\/www.eldiario.net\\\/portal\\\/2026\\\/05\\\/27\\\/robson-se-fundio-bolivar-se-cayo-y-al-final-perdio\\\/#primaryimage\",\"url\":\"https:\\\/\\\/www.eldiario.net\\\/portal\\\/wp-content\\\/uploads\\\/2026\\\/05\\\/robson-festejo-vale.webp\",\"contentUrl\":\"https:\\\/\\\/www.eldiario.net\\\/portal\\\/wp-content\\\/uploads\\\/2026\\\/05\\\/robson-festejo-vale.webp\",\"width\":1080,\"height\":1350},{\"@type\":\"BreadcrumbList\",\"@id\":\"https:\\\/\\\/www.eldiario.net\\\/portal\\\/2026\\\/05\\\/27\\\/robson-se-fundio-bolivar-se-cayo-y-al-final-perdio\\\/#breadcrumb\",\"itemListElement\":[{\"@type\":\"ListItem\",\"position\":1,\"name\":\"Portada\",\"item\":\"https:\\\/\\\/www.eldiario.net\\\/portal\\\/\"},{\"@type\":\"ListItem\",\"position\":2,\"name\":\"Robson se fundi\u00f3, Bol\u00edvar se cay\u00f3 y al final perdi\u00f3\"}]},{\"@type\":\"WebSite\",\"@id\":\"https:\\\/\\\/www.eldiario.net\\\/portal\\\/#website\",\"url\":\"https:\\\/\\\/www.eldiario.net\\\/portal\\\/\",\"name\":\"El Diario - Decano de la prensa nacional\",\"description\":\"El Diario - Decano de la prensa nacional\",\"publisher\":{\"@id\":\"https:\\\/\\\/www.eldiario.net\\\/portal\\\/#organization\"},\"potentialAction\":[{\"@type\":\"SearchAction\",\"target\":{\"@type\":\"EntryPoint\",\"urlTemplate\":\"https:\\\/\\\/www.eldiario.net\\\/portal\\\/?s={search_term_string}\"},\"query-input\":{\"@type\":\"PropertyValueSpecification\",\"valueRequired\":true,\"valueName\":\"search_term_string\"}}],\"inLanguage\":\"es\"},{\"@type\":\"Organization\",\"@id\":\"https:\\\/\\\/www.eldiario.net\\\/portal\\\/#organization\",\"name\":\"El Diario - Decano de la prensa nacional\",\"url\":\"https:\\\/\\\/www.eldiario.net\\\/portal\\\/\",\"logo\":{\"@type\":\"ImageObject\",\"inLanguage\":\"es\",\"@id\":\"https:\\\/\\\/www.eldiario.net\\\/portal\\\/#\\\/schema\\\/logo\\\/image\\\/\",\"url\":\"https:\\\/\\\/www.eldiario.net\\\/portal\\\/wp-content\\\/uploads\\\/2023\\\/07\\\/logo_ED.jpg\",\"contentUrl\":\"https:\\\/\\\/www.eldiario.net\\\/portal\\\/wp-content\\\/uploads\\\/2023\\\/07\\\/logo_ED.jpg\",\"width\":272,\"height\":52,\"caption\":\"El Diario - Decano de la prensa nacional\"},\"image\":{\"@id\":\"https:\\\/\\\/www.eldiario.net\\\/portal\\\/#\\\/schema\\\/logo\\\/image\\\/\"},\"sameAs\":[\"https:\\\/\\\/www.facebook.com\\\/eldiario.bolivia\\\/\",\"https:\\\/\\\/x.com\\\/eldiario_net\"]},{\"@type\":\"Person\",\"@id\":\"https:\\\/\\\/www.eldiario.net\\\/portal\\\/#\\\/schema\\\/person\\\/4827a631df9f245a7e27ab829ae89ae3\",\"name\":\"Jhonny Mollinedo\",\"image\":{\"@type\":\"ImageObject\",\"inLanguage\":\"es\",\"@id\":\"https:\\\/\\\/secure.gravatar.com\\\/avatar\\\/3ea2118a5f7dad2b7138b1187a6b7ee55f160b9968b66013c3a3ef39dd7e5798?s=96&d=mm&r=g\",\"url\":\"https:\\\/\\\/secure.gravatar.com\\\/avatar\\\/3ea2118a5f7dad2b7138b1187a6b7ee55f160b9968b66013c3a3ef39dd7e5798?s=96&d=mm&r=g\",\"contentUrl\":\"https:\\\/\\\/secure.gravatar.com\\\/avatar\\\/3ea2118a5f7dad2b7138b1187a6b7ee55f160b9968b66013c3a3ef39dd7e5798?s=96&d=mm&r=g\",\"caption\":\"Jhonny Mollinedo\"},\"url\":\"https:\\\/\\\/www.eldiario.net\\\/portal\\\/author\\\/deportes\\\/\"}]}<\/script>\n<!-- \/ Yoast SEO plugin. -->","yoast_head_json":{"title":"Robson se fundi\u00f3, Bol\u00edvar se cay\u00f3 y al final perdi\u00f3 - El Diario - Bolivia","robots":{"index":"index","follow":"follow","max-snippet":"max-snippet:-1","max-image-preview":"max-image-preview:large","max-video-preview":"max-video-preview:-1"},"canonical":"https:\/\/www.eldiario.net\/portal\/2026\/05\/27\/robson-se-fundio-bolivar-se-cayo-y-al-final-perdio\/","og_locale":"es_ES","og_type":"article","og_title":"Robson se fundi\u00f3, Bol\u00edvar se cay\u00f3 y al final perdi\u00f3 - El Diario - Bolivia","og_description":"El Diario Robson Matheus Tome de Araujo brill\u00f3 en el segundo tiempo del partido que Bol\u00edvar perdi\u00f3 esta noche ante Independiente Rivadavia por 1-3. Tras un primer tiempo en el que Independiente Rivadavia asfixi\u00f3 a Bol\u00edvar e incluso anot\u00f3 un gol en los descuentos, por intermedio de Leonel Bucca, en el segundo cambi\u00f3 la actitud [&hellip;]","og_url":"https:\/\/www.eldiario.net\/portal\/2026\/05\/27\/robson-se-fundio-bolivar-se-cayo-y-al-final-perdio\/","og_site_name":"El Diario - Bolivia","article_publisher":"https:\/\/www.facebook.com\/eldiario.bolivia\/","article_published_time":"2026-05-28T03:48:22+00:00","og_image":[{"width":1080,"height":1350,"url":"https:\/\/www.eldiario.net\/portal\/wp-content\/uploads\/2026\/05\/robson-festejo-vale.webp","type":"image\/webp"}],"author":"Jhonny Mollinedo","twitter_card":"summary_large_image","twitter_creator":"@eldiario_net","twitter_site":"@eldiario_net","twitter_misc":{"Escrito por":"Jhonny Mollinedo","Tiempo de lectura":"2 minutos"},"schema":{"@context":"https:\/\/schema.org","@graph":[{"@type":"Article","@id":"https:\/\/www.eldiario.net\/portal\/2026\/05\/27\/robson-se-fundio-bolivar-se-cayo-y-al-final-perdio\/#article","isPartOf":{"@id":"https:\/\/www.eldiario.net\/portal\/2026\/05\/27\/robson-se-fundio-bolivar-se-cayo-y-al-final-perdio\/"},"author":{"name":"Jhonny Mollinedo","@id":"https:\/\/www.eldiario.net\/portal\/#\/schema\/person\/4827a631df9f245a7e27ab829ae89ae3"},"headline":"Robson se fundi\u00f3, Bol\u00edvar se cay\u00f3 y al final perdi\u00f3","datePublished":"2026-05-28T03:48:22+00:00","mainEntityOfPage":{"@id":"https:\/\/www.eldiario.net\/portal\/2026\/05\/27\/robson-se-fundio-bolivar-se-cayo-y-al-final-perdio\/"},"wordCount":376,"publisher":{"@id":"https:\/\/www.eldiario.net\/portal\/#organization"},"image":{"@id":"https:\/\/www.eldiario.net\/portal\/2026\/05\/27\/robson-se-fundio-bolivar-se-cayo-y-al-final-perdio\/#primaryimage"},"thumbnailUrl":"https:\/\/www.eldiario.net\/portal\/wp-content\/uploads\/2026\/05\/robson-festejo-vale.webp","articleSection":["Deportes"],"inLanguage":"es"},{"@type":"WebPage","@id":"https:\/\/www.eldiario.net\/portal\/2026\/05\/27\/robson-se-fundio-bolivar-se-cayo-y-al-final-perdio\/","url":"https:\/\/www.eldiario.net\/portal\/2026\/05\/27\/robson-se-fundio-bolivar-se-cayo-y-al-final-perdio\/","name":"Robson se fundi\u00f3, Bol\u00edvar se cay\u00f3 y al final perdi\u00f3 - El Diario - Bolivia","isPartOf":{"@id":"https:\/\/www.eldiario.net\/portal\/#website"},"primaryImageOfPage":{"@id":"https:\/\/www.eldiario.net\/portal\/2026\/05\/27\/robson-se-fundio-bolivar-se-cayo-y-al-final-perdio\/#primaryimage"},"image":{"@id":"https:\/\/www.eldiario.net\/portal\/2026\/05\/27\/robson-se-fundio-bolivar-se-cayo-y-al-final-perdio\/#primaryimage"},"thumbnailUrl":"https:\/\/www.eldiario.net\/portal\/wp-content\/uploads\/2026\/05\/robson-festejo-vale.webp","datePublished":"2026-05-28T03:48:22+00:00","breadcrumb":{"@id":"https:\/\/www.eldiario.net\/portal\/2026\/05\/27\/robson-se-fundio-bolivar-se-cayo-y-al-final-perdio\/#breadcrumb"},"inLanguage":"es","potentialAction":[{"@type":"ReadAction","target":["https:\/\/www.eldiario.net\/portal\/2026\/05\/27\/robson-se-fundio-bolivar-se-cayo-y-al-final-perdio\/"]}]},{"@type":"ImageObject","inLanguage":"es","@id":"https:\/\/www.eldiario.net\/portal\/2026\/05\/27\/robson-se-fundio-bolivar-se-cayo-y-al-final-perdio\/#primaryimage","url":"https:\/\/www.eldiario.net\/portal\/wp-content\/uploads\/2026\/05\/robson-festejo-vale.webp","contentUrl":"https:\/\/www.eldiario.net\/portal\/wp-content\/uploads\/2026\/05\/robson-festejo-vale.webp","width":1080,"height":1350},{"@type":"BreadcrumbList","@id":"https:\/\/www.eldiario.net\/portal\/2026\/05\/27\/robson-se-fundio-bolivar-se-cayo-y-al-final-perdio\/#breadcrumb","itemListElement":[{"@type":"ListItem","position":1,"name":"Portada","item":"https:\/\/www.eldiario.net\/portal\/"},{"@type":"ListItem","position":2,"name":"Robson se fundi\u00f3, Bol\u00edvar se cay\u00f3 y al final perdi\u00f3"}]},{"@type":"WebSite","@id":"https:\/\/www.eldiario.net\/portal\/#website","url":"https:\/\/www.eldiario.net\/portal\/","name":"El Diario - Decano de la prensa nacional","description":"El Diario - Decano de la prensa nacional","publisher":{"@id":"https:\/\/www.eldiario.net\/portal\/#organization"},"potentialAction":[{"@type":"SearchAction","target":{"@type":"EntryPoint","urlTemplate":"https:\/\/www.eldiario.net\/portal\/?s={search_term_string}"},"query-input":{"@type":"PropertyValueSpecification","valueRequired":true,"valueName":"search_term_string"}}],"inLanguage":"es"},{"@type":"Organization","@id":"https:\/\/www.eldiario.net\/portal\/#organization","name":"El Diario - Decano de la prensa nacional","url":"https:\/\/www.eldiario.net\/portal\/","logo":{"@type":"ImageObject","inLanguage":"es","@id":"https:\/\/www.eldiario.net\/portal\/#\/schema\/logo\/image\/","url":"https:\/\/www.eldiario.net\/portal\/wp-content\/uploads\/2023\/07\/logo_ED.jpg","contentUrl":"https:\/\/www.eldiario.net\/portal\/wp-content\/uploads\/2023\/07\/logo_ED.jpg","width":272,"height":52,"caption":"El Diario - Decano de la prensa nacional"},"image":{"@id":"https:\/\/www.eldiario.net\/portal\/#\/schema\/logo\/image\/"},"sameAs":["https:\/\/www.facebook.com\/eldiario.bolivia\/","https:\/\/x.com\/eldiario_net"]},{"@type":"Person","@id":"https:\/\/www.eldiario.net\/portal\/#\/schema\/person\/4827a631df9f245a7e27ab829ae89ae3","name":"Jhonny Mollinedo","image":{"@type":"ImageObject","inLanguage":"es","@id":"https:\/\/secure.gravatar.com\/avatar\/3ea2118a5f7dad2b7138b1187a6b7ee55f160b9968b66013c3a3ef39dd7e5798?s=96&d=mm&r=g","url":"https:\/\/secure.gravatar.com\/avatar\/3ea2118a5f7dad2b7138b1187a6b7ee55f160b9968b66013c3a3ef39dd7e5798?s=96&d=mm&r=g","contentUrl":"https:\/\/secure.gravatar.com\/avatar\/3ea2118a5f7dad2b7138b1187a6b7ee55f160b9968b66013c3a3ef39dd7e5798?s=96&d=mm&r=g","caption":"Jhonny Mollinedo"},"url":"https:\/\/www.eldiario.net\/portal\/author\/deportes\/"}]}},"_links":{"self":[{"href":"https:\/\/www.eldiario.net\/portal\/wp-json\/wp\/v2\/posts\/398568","targetHints":{"allow":["GET"]}}],"collection":[{"href":"https:\/\/www.eldiario.net\/portal\/wp-json\/wp\/v2\/posts"}],"about":[{"href":"https:\/\/www.eldiario.net\/portal\/wp-json\/wp\/v2\/types\/post"}],"author":[{"embeddable":true,"href":"https:\/\/www.eldiario.net\/portal\/wp-json\/wp\/v2\/users\/3"}],"replies":[{"embeddable":true,"href":"https:\/\/www.eldiario.net\/portal\/wp-json\/wp\/v2\/comments?post=398568"}],"version-history":[{"count":1,"href":"https:\/\/www.eldiario.net\/portal\/wp-json\/wp\/v2\/posts\/398568\/revisions"}],"predecessor-version":[{"id":398570,"href":"https:\/\/www.eldiario.net\/portal\/wp-json\/wp\/v2\/posts\/398568\/revisions\/398570"}],"wp:featuredmedia":[{"embeddable":true,"href":"https:\/\/www.eldiario.net\/portal\/wp-json\/wp\/v2\/media\/398569"}],"wp:attachment":[{"href":"https:\/\/www.eldiario.net\/portal\/wp-json\/wp\/v2\/media?parent=398568"}],"wp:term":[{"taxonomy":"category","embeddable":true,"href":"https:\/\/www.eldiario.net\/portal\/wp-json\/wp\/v2\/categories?post=398568"},{"taxonomy":"post_tag","embeddable":true,"href":"https:\/\/www.eldiario.net\/portal\/wp-json\/wp\/v2\/tags?post=398568"}],"curies":[{"name":"wp","href":"https:\/\/api.w.org\/{rel}","templated":true}]}}