{"id":398528,"date":"2026-05-28T00:29:20","date_gmt":"2026-05-28T04:29:20","guid":{"rendered":"https:\/\/www.eldiario.net\/portal\/?p=398528"},"modified":"2026-05-27T21:30:02","modified_gmt":"2026-05-28T01:30:02","slug":"amor-de-madre-dar-la-vida-sin-pedir-nada-a-cambio","status":"publish","type":"post","link":"https:\/\/www.eldiario.net\/portal\/2026\/05\/28\/amor-de-madre-dar-la-vida-sin-pedir-nada-a-cambio\/","title":{"rendered":"Amor de madre: dar la vida sin pedir nada a cambio"},"content":{"rendered":"<p>Los seres humanos cumplimos un inexorable calendario que empieza en el momento de nuestra concepci\u00f3n en el vientre de una mujer e inexorablemente acaba cuando debemos partir de este mundo, luego de cumplir el prop\u00f3sito para el cual Dios nos cre\u00f3 por medio de una mujer que, literalmente, nos dio parte de su vida. De ah\u00ed que, siempre he dicho y no me cansar\u00e9 de repetir que la mujer es lo m\u00e1s parecido a Dios, no solo por ser dadora de vida, sino de un amor infinito.<\/p>\n<p>El Supremo Creador, en su Omnisciencia y Omnipotencia, pudo haber escogido cualquier forma inimaginable para traernos al mundo, pero decidi\u00f3 que sea por medio de una mujer, por lo que la maternidad entra\u00f1a algo profundamente divino: crear, cuidar, proteger, alimentar, consolar y amar hasta el sacrificio, lo que confirma que una madre es lo m\u00e1s parecido al amor visible de Dios sobre la tierra.<\/p>\n<p>El 27 de mayo de cada a\u00f1o se celebra en Bolivia el \u201cD\u00eda de la Madre\u201d, una fecha que toca las almas de diferente manera, a unos y a otros: Para quienes tienen una madre, es un d\u00eda de regocijo para agasajarla, abrazarla, besarla y disfrutarla; para quienes la perdieron, se trata de un triste d\u00eda para visitar el cementerio y sufrir internamente el deseo de volver a vivir los bellos momentos transcurridos cuando estuvo viva.<\/p>\n<p>En mi caso, doy gracias a Dios por tener viva a mi mam\u00e1 Emma, quien no solo dio todo de s\u00ed para sacar a sus cuatro hijos adelante, junto a nuestro pap\u00e1 H\u00e9ctor, sino que hasta hoy, a sus 92 a\u00f1os, no deja de seguir trat\u00e1ndonos como a sus polluelos y seguro estoy de que dar\u00eda su vida, para evitarnos cualquier sufrimiento.<\/p>\n<p>Hablar de una madre no deber\u00eda implicar referirse a ella como una persona m\u00e1s, sino a quien fue la que nos dio el primer abrazo, la primera voz que nos consol\u00f3, las manos que nos ayudaron a caminar y quien derram\u00f3 innumerables l\u00e1grimas en silencio por nosotros, sin siquiera darnos cuenta de ello.<\/p>\n<p>En un mundo mercantilizado, donde el \u201cD\u00eda de la Madre\u201d muchas veces se reduce a flores, tortas, regalos, comidas, fotograf\u00edas y festejos pasajeros, no vendr\u00eda mal preguntarnos si entendemos el verdadero significado de tan magno suceso. Lo digo porque, como suele ocurrir con el festejo de los cumplea\u00f1os &#8211;d\u00eda en que \u201ctodo es perfecto\u201d para el agasajado&#8211; nuestra madre no precisa tan solo de un rico almuerzo, una cena bonita o un gran regalo, una vez al a\u00f1o: a ella le bastar\u00eda nuestro amor, respeto, gratitud y presencia, de ser posible, todos los d\u00edas de su vida.<\/p>\n<p>\u00a1Cu\u00e1ntas madres envejecen esperando una llamada telef\u00f3nica que no llega y miran la puerta esperando una visita que no se da, pese a que ella estuvo despierta toda la noche cuidando a sus hijos cuando ten\u00edan fiebre, y cu\u00e1ntas han entregado su vida por su familia, sin descanso y gratitud alguna! Aun as\u00ed, no dejan de perdonar y contin\u00faan amando, porque este bello ser tiene ese don divino.<\/p>\n<p>Yo pienso en mi mam\u00e1 Emma y cuando la veo, entiendo ahora muchas cosas que, de ni\u00f1o, adolescente y aun siendo joven ya, no comprend\u00eda. Solamente cuando con mi esposa tuvimos a nuestros dos hijos Christian y Miguel, puede entender que el genuino amor de madre no hace ruido, pero sostiene vidas; asimismo, que, con cada hijo se teje una historia silenciosa de angustias, renuncias, desvelos y oraciones, y, que, mientras viva, nunca dejar\u00e1 de alegrarse cuando nos va bien y tampoco dejar\u00e1 de sufrir si las cosas no salen como ella lo esperaba.<\/p>\n<p>Por eso doy gracias a Dios por Jannet, mi esposa, compa\u00f1era de vida y abnegada madre de nuestros hijos, porque como buena mam\u00e1 renunci\u00f3 a su realizaci\u00f3n profesional como economista para cuidarlos y dejar huellas eternas en el coraz\u00f3n de nuestros hijos: el mundo necesita mujeres virtuosas como ella.<\/p>\n<p>Mi homenaje a las madres tiernas y de car\u00e1cter, a las esposas sabias, a quienes deben hacer de padre y madre, a todas aquellas mujeres que irradian luz en un mundo que suele valorar m\u00e1s la fama, el dinero o el poder y olvida la grandeza de una madre que se desvive por educar con amor a sus hijos.<\/p>\n<p>Como alguien dijo, la maternidad no se estudia en una Universidad, pero \u201ces la \u00fanica profesi\u00f3n en el mundo donde primero te dan el t\u00edtulo y luego cursas la Carrera, en el d\u00eda a d\u00eda de criar y formar a un hijo, sin derecho a aplazarte\u201d.<\/p>\n<p>Hay una hermosa Palabra de Dios que dice: \u00abHonra a tu padre y a tu madre, que es el primer mandamiento con promesa; para que te vaya bien, y seas de larga vida sobre la tierra\u00bb. Este \u201cD\u00eda de la Madre\u201d, m\u00e1s que una celebraci\u00f3n social, por nuestro bien deber\u00eda ser un serio llamado a reflexionar sobre c\u00f3mo estamos tratando a esa gran mujer que Dios puso como baluarte en nuestras vidas: \u00bfC\u00f3mo le hablamos? \u00bfLa consideramos? \u00bfLa protegemos? \u00bfLa valoramos? \u00bfC\u00f3mo la tratamos? Honrar implica respetar, obedecer, cuidar, escuchar, acompa\u00f1ar, agradecer.<\/p>\n<p>Amemos a nuestra madre mientras podamos, porque llegar\u00e1 el d\u00eda en que ya no la tengamos. Am\u00e9mosla hoy de tal manera que su buen recuerdo no solo nos consuele ma\u00f1ana, sino, que nos haga sentir que ella sigue ah\u00ed, a nuestro lado&#8230;<\/p>\n<p>&nbsp;<\/p>\n<p><em>El autor es Economista y Mag\u00edster en Comercio Internacional.<\/em><\/p>\n","protected":false},"excerpt":{"rendered":"<p>Los seres humanos cumplimos un inexorable calendario que empieza en el momento de nuestra concepci\u00f3n en el vientre de una mujer e inexorablemente acaba cuando debemos partir de este mundo, luego de cumplir el prop\u00f3sito para el cual Dios nos cre\u00f3 por medio de una mujer que, literalmente, nos dio parte de su vida. De [&hellip;]<\/p>\n","protected":false},"author":1,"featured_media":157466,"comment_status":"closed","ping_status":"open","sticky":false,"template":"","format":"standard","meta":{"_acf_changed":false,"footnotes":""},"categories":[9],"tags":[],"class_list":["post-398528","post","type-post","status-publish","format-standard","has-post-thumbnail","category-opinion"],"acf":{"antetitulo":"Buscando la verdad "},"yoast_head":"<!-- This site is optimized with the Yoast SEO plugin v28.3 - https:\/\/yoast.com\/product\/yoast-seo-wordpress\/ -->\n<title>Amor de madre: dar la vida sin pedir nada a cambio - El Diario - Bolivia<\/title>\n<meta name=\"robots\" content=\"index, follow, max-snippet:-1, max-image-preview:large, max-video-preview:-1\" \/>\n<link rel=\"canonical\" href=\"https:\/\/www.eldiario.net\/portal\/2026\/05\/28\/amor-de-madre-dar-la-vida-sin-pedir-nada-a-cambio\/\" \/>\n<meta property=\"og:locale\" content=\"es_ES\" \/>\n<meta property=\"og:type\" content=\"article\" \/>\n<meta property=\"og:title\" content=\"Amor de madre: dar la vida sin pedir nada a cambio - El Diario - Bolivia\" \/>\n<meta property=\"og:description\" content=\"Los seres humanos cumplimos un inexorable calendario que empieza en el momento de nuestra concepci\u00f3n en el vientre de una mujer e inexorablemente acaba cuando debemos partir de este mundo, luego de cumplir el prop\u00f3sito para el cual Dios nos cre\u00f3 por medio de una mujer que, literalmente, nos dio parte de su vida. De [&hellip;]\" \/>\n<meta property=\"og:url\" content=\"https:\/\/www.eldiario.net\/portal\/2026\/05\/28\/amor-de-madre-dar-la-vida-sin-pedir-nada-a-cambio\/\" \/>\n<meta property=\"og:site_name\" content=\"El Diario - Bolivia\" \/>\n<meta property=\"article:publisher\" content=\"https:\/\/www.facebook.com\/eldiario.bolivia\/\" \/>\n<meta property=\"article:published_time\" content=\"2026-05-28T04:29:20+00:00\" \/>\n<meta property=\"og:image\" content=\"https:\/\/www.eldiario.net\/portal\/wp-content\/uploads\/2023\/06\/Gary-Antonio-Rodriguez-Alvarez.jpg\" \/>\n\t<meta property=\"og:image:width\" content=\"1200\" \/>\n\t<meta property=\"og:image:height\" content=\"628\" \/>\n\t<meta property=\"og:image:type\" content=\"image\/jpeg\" \/>\n<meta name=\"author\" content=\"Jeanette\" \/>\n<meta name=\"twitter:card\" content=\"summary_large_image\" \/>\n<meta name=\"twitter:creator\" content=\"@eldiario_net\" \/>\n<meta name=\"twitter:site\" content=\"@eldiario_net\" \/>\n<meta name=\"twitter:label1\" content=\"Escrito por\" \/>\n\t<meta name=\"twitter:data1\" content=\"Jeanette\" \/>\n\t<meta name=\"twitter:label2\" content=\"Tiempo de lectura\" \/>\n\t<meta name=\"twitter:data2\" content=\"5 minutos\" \/>\n<script type=\"application\/ld+json\" class=\"yoast-schema-graph\">{\"@context\":\"https:\\\/\\\/schema.org\",\"@graph\":[{\"@type\":\"Article\",\"@id\":\"https:\\\/\\\/www.eldiario.net\\\/portal\\\/2026\\\/05\\\/28\\\/amor-de-madre-dar-la-vida-sin-pedir-nada-a-cambio\\\/#article\",\"isPartOf\":{\"@id\":\"https:\\\/\\\/www.eldiario.net\\\/portal\\\/2026\\\/05\\\/28\\\/amor-de-madre-dar-la-vida-sin-pedir-nada-a-cambio\\\/\"},\"author\":{\"name\":\"Jeanette\",\"@id\":\"https:\\\/\\\/www.eldiario.net\\\/portal\\\/#\\\/schema\\\/person\\\/f46445640444750d7d753ccd04ae01b7\"},\"headline\":\"Amor de madre: dar la vida sin pedir nada a cambio\",\"datePublished\":\"2026-05-28T04:29:20+00:00\",\"mainEntityOfPage\":{\"@id\":\"https:\\\/\\\/www.eldiario.net\\\/portal\\\/2026\\\/05\\\/28\\\/amor-de-madre-dar-la-vida-sin-pedir-nada-a-cambio\\\/\"},\"wordCount\":960,\"publisher\":{\"@id\":\"https:\\\/\\\/www.eldiario.net\\\/portal\\\/#organization\"},\"image\":{\"@id\":\"https:\\\/\\\/www.eldiario.net\\\/portal\\\/2026\\\/05\\\/28\\\/amor-de-madre-dar-la-vida-sin-pedir-nada-a-cambio\\\/#primaryimage\"},\"thumbnailUrl\":\"https:\\\/\\\/www.eldiario.net\\\/portal\\\/wp-content\\\/uploads\\\/2023\\\/06\\\/Gary-Antonio-Rodriguez-Alvarez.jpg\",\"articleSection\":[\"Opini\u00f3n\"],\"inLanguage\":\"es\"},{\"@type\":\"WebPage\",\"@id\":\"https:\\\/\\\/www.eldiario.net\\\/portal\\\/2026\\\/05\\\/28\\\/amor-de-madre-dar-la-vida-sin-pedir-nada-a-cambio\\\/\",\"url\":\"https:\\\/\\\/www.eldiario.net\\\/portal\\\/2026\\\/05\\\/28\\\/amor-de-madre-dar-la-vida-sin-pedir-nada-a-cambio\\\/\",\"name\":\"Amor de madre: dar la vida sin pedir nada a cambio - El Diario - Bolivia\",\"isPartOf\":{\"@id\":\"https:\\\/\\\/www.eldiario.net\\\/portal\\\/#website\"},\"primaryImageOfPage\":{\"@id\":\"https:\\\/\\\/www.eldiario.net\\\/portal\\\/2026\\\/05\\\/28\\\/amor-de-madre-dar-la-vida-sin-pedir-nada-a-cambio\\\/#primaryimage\"},\"image\":{\"@id\":\"https:\\\/\\\/www.eldiario.net\\\/portal\\\/2026\\\/05\\\/28\\\/amor-de-madre-dar-la-vida-sin-pedir-nada-a-cambio\\\/#primaryimage\"},\"thumbnailUrl\":\"https:\\\/\\\/www.eldiario.net\\\/portal\\\/wp-content\\\/uploads\\\/2023\\\/06\\\/Gary-Antonio-Rodriguez-Alvarez.jpg\",\"datePublished\":\"2026-05-28T04:29:20+00:00\",\"breadcrumb\":{\"@id\":\"https:\\\/\\\/www.eldiario.net\\\/portal\\\/2026\\\/05\\\/28\\\/amor-de-madre-dar-la-vida-sin-pedir-nada-a-cambio\\\/#breadcrumb\"},\"inLanguage\":\"es\",\"potentialAction\":[{\"@type\":\"ReadAction\",\"target\":[\"https:\\\/\\\/www.eldiario.net\\\/portal\\\/2026\\\/05\\\/28\\\/amor-de-madre-dar-la-vida-sin-pedir-nada-a-cambio\\\/\"]}]},{\"@type\":\"ImageObject\",\"inLanguage\":\"es\",\"@id\":\"https:\\\/\\\/www.eldiario.net\\\/portal\\\/2026\\\/05\\\/28\\\/amor-de-madre-dar-la-vida-sin-pedir-nada-a-cambio\\\/#primaryimage\",\"url\":\"https:\\\/\\\/www.eldiario.net\\\/portal\\\/wp-content\\\/uploads\\\/2023\\\/06\\\/Gary-Antonio-Rodriguez-Alvarez.jpg\",\"contentUrl\":\"https:\\\/\\\/www.eldiario.net\\\/portal\\\/wp-content\\\/uploads\\\/2023\\\/06\\\/Gary-Antonio-Rodriguez-Alvarez.jpg\",\"width\":1200,\"height\":628},{\"@type\":\"BreadcrumbList\",\"@id\":\"https:\\\/\\\/www.eldiario.net\\\/portal\\\/2026\\\/05\\\/28\\\/amor-de-madre-dar-la-vida-sin-pedir-nada-a-cambio\\\/#breadcrumb\",\"itemListElement\":[{\"@type\":\"ListItem\",\"position\":1,\"name\":\"Portada\",\"item\":\"https:\\\/\\\/www.eldiario.net\\\/portal\\\/\"},{\"@type\":\"ListItem\",\"position\":2,\"name\":\"Amor de madre: dar la vida sin pedir nada a cambio\"}]},{\"@type\":\"WebSite\",\"@id\":\"https:\\\/\\\/www.eldiario.net\\\/portal\\\/#website\",\"url\":\"https:\\\/\\\/www.eldiario.net\\\/portal\\\/\",\"name\":\"El Diario - Decano de la prensa nacional\",\"description\":\"El Diario - Decano de la prensa nacional\",\"publisher\":{\"@id\":\"https:\\\/\\\/www.eldiario.net\\\/portal\\\/#organization\"},\"potentialAction\":[{\"@type\":\"SearchAction\",\"target\":{\"@type\":\"EntryPoint\",\"urlTemplate\":\"https:\\\/\\\/www.eldiario.net\\\/portal\\\/?s={search_term_string}\"},\"query-input\":{\"@type\":\"PropertyValueSpecification\",\"valueRequired\":true,\"valueName\":\"search_term_string\"}}],\"inLanguage\":\"es\"},{\"@type\":\"Organization\",\"@id\":\"https:\\\/\\\/www.eldiario.net\\\/portal\\\/#organization\",\"name\":\"El Diario - Decano de la prensa nacional\",\"url\":\"https:\\\/\\\/www.eldiario.net\\\/portal\\\/\",\"logo\":{\"@type\":\"ImageObject\",\"inLanguage\":\"es\",\"@id\":\"https:\\\/\\\/www.eldiario.net\\\/portal\\\/#\\\/schema\\\/logo\\\/image\\\/\",\"url\":\"https:\\\/\\\/www.eldiario.net\\\/portal\\\/wp-content\\\/uploads\\\/2023\\\/07\\\/logo_ED.jpg\",\"contentUrl\":\"https:\\\/\\\/www.eldiario.net\\\/portal\\\/wp-content\\\/uploads\\\/2023\\\/07\\\/logo_ED.jpg\",\"width\":272,\"height\":52,\"caption\":\"El Diario - Decano de la prensa nacional\"},\"image\":{\"@id\":\"https:\\\/\\\/www.eldiario.net\\\/portal\\\/#\\\/schema\\\/logo\\\/image\\\/\"},\"sameAs\":[\"https:\\\/\\\/www.facebook.com\\\/eldiario.bolivia\\\/\",\"https:\\\/\\\/x.com\\\/eldiario_net\"]},{\"@type\":\"Person\",\"@id\":\"https:\\\/\\\/www.eldiario.net\\\/portal\\\/#\\\/schema\\\/person\\\/f46445640444750d7d753ccd04ae01b7\",\"name\":\"Jeanette\",\"image\":{\"@type\":\"ImageObject\",\"inLanguage\":\"es\",\"@id\":\"https:\\\/\\\/secure.gravatar.com\\\/avatar\\\/3ea2118a5f7dad2b7138b1187a6b7ee55f160b9968b66013c3a3ef39dd7e5798?s=96&d=mm&r=g\",\"url\":\"https:\\\/\\\/secure.gravatar.com\\\/avatar\\\/3ea2118a5f7dad2b7138b1187a6b7ee55f160b9968b66013c3a3ef39dd7e5798?s=96&d=mm&r=g\",\"contentUrl\":\"https:\\\/\\\/secure.gravatar.com\\\/avatar\\\/3ea2118a5f7dad2b7138b1187a6b7ee55f160b9968b66013c3a3ef39dd7e5798?s=96&d=mm&r=g\",\"caption\":\"Jeanette\"},\"sameAs\":[\"https:\\\/\\\/www.eldiario.net\\\/portal\"],\"url\":\"https:\\\/\\\/www.eldiario.net\\\/portal\\\/author\\\/jeanette\\\/\"}]}<\/script>\n<!-- \/ Yoast SEO plugin. -->","yoast_head_json":{"title":"Amor de madre: dar la vida sin pedir nada a cambio - El Diario - Bolivia","robots":{"index":"index","follow":"follow","max-snippet":"max-snippet:-1","max-image-preview":"max-image-preview:large","max-video-preview":"max-video-preview:-1"},"canonical":"https:\/\/www.eldiario.net\/portal\/2026\/05\/28\/amor-de-madre-dar-la-vida-sin-pedir-nada-a-cambio\/","og_locale":"es_ES","og_type":"article","og_title":"Amor de madre: dar la vida sin pedir nada a cambio - El Diario - Bolivia","og_description":"Los seres humanos cumplimos un inexorable calendario que empieza en el momento de nuestra concepci\u00f3n en el vientre de una mujer e inexorablemente acaba cuando debemos partir de este mundo, luego de cumplir el prop\u00f3sito para el cual Dios nos cre\u00f3 por medio de una mujer que, literalmente, nos dio parte de su vida. De [&hellip;]","og_url":"https:\/\/www.eldiario.net\/portal\/2026\/05\/28\/amor-de-madre-dar-la-vida-sin-pedir-nada-a-cambio\/","og_site_name":"El Diario - Bolivia","article_publisher":"https:\/\/www.facebook.com\/eldiario.bolivia\/","article_published_time":"2026-05-28T04:29:20+00:00","og_image":[{"width":1200,"height":628,"url":"https:\/\/www.eldiario.net\/portal\/wp-content\/uploads\/2023\/06\/Gary-Antonio-Rodriguez-Alvarez.jpg","type":"image\/jpeg"}],"author":"Jeanette","twitter_card":"summary_large_image","twitter_creator":"@eldiario_net","twitter_site":"@eldiario_net","twitter_misc":{"Escrito por":"Jeanette","Tiempo de lectura":"5 minutos"},"schema":{"@context":"https:\/\/schema.org","@graph":[{"@type":"Article","@id":"https:\/\/www.eldiario.net\/portal\/2026\/05\/28\/amor-de-madre-dar-la-vida-sin-pedir-nada-a-cambio\/#article","isPartOf":{"@id":"https:\/\/www.eldiario.net\/portal\/2026\/05\/28\/amor-de-madre-dar-la-vida-sin-pedir-nada-a-cambio\/"},"author":{"name":"Jeanette","@id":"https:\/\/www.eldiario.net\/portal\/#\/schema\/person\/f46445640444750d7d753ccd04ae01b7"},"headline":"Amor de madre: dar la vida sin pedir nada a cambio","datePublished":"2026-05-28T04:29:20+00:00","mainEntityOfPage":{"@id":"https:\/\/www.eldiario.net\/portal\/2026\/05\/28\/amor-de-madre-dar-la-vida-sin-pedir-nada-a-cambio\/"},"wordCount":960,"publisher":{"@id":"https:\/\/www.eldiario.net\/portal\/#organization"},"image":{"@id":"https:\/\/www.eldiario.net\/portal\/2026\/05\/28\/amor-de-madre-dar-la-vida-sin-pedir-nada-a-cambio\/#primaryimage"},"thumbnailUrl":"https:\/\/www.eldiario.net\/portal\/wp-content\/uploads\/2023\/06\/Gary-Antonio-Rodriguez-Alvarez.jpg","articleSection":["Opini\u00f3n"],"inLanguage":"es"},{"@type":"WebPage","@id":"https:\/\/www.eldiario.net\/portal\/2026\/05\/28\/amor-de-madre-dar-la-vida-sin-pedir-nada-a-cambio\/","url":"https:\/\/www.eldiario.net\/portal\/2026\/05\/28\/amor-de-madre-dar-la-vida-sin-pedir-nada-a-cambio\/","name":"Amor de madre: dar la vida sin pedir nada a cambio - El Diario - Bolivia","isPartOf":{"@id":"https:\/\/www.eldiario.net\/portal\/#website"},"primaryImageOfPage":{"@id":"https:\/\/www.eldiario.net\/portal\/2026\/05\/28\/amor-de-madre-dar-la-vida-sin-pedir-nada-a-cambio\/#primaryimage"},"image":{"@id":"https:\/\/www.eldiario.net\/portal\/2026\/05\/28\/amor-de-madre-dar-la-vida-sin-pedir-nada-a-cambio\/#primaryimage"},"thumbnailUrl":"https:\/\/www.eldiario.net\/portal\/wp-content\/uploads\/2023\/06\/Gary-Antonio-Rodriguez-Alvarez.jpg","datePublished":"2026-05-28T04:29:20+00:00","breadcrumb":{"@id":"https:\/\/www.eldiario.net\/portal\/2026\/05\/28\/amor-de-madre-dar-la-vida-sin-pedir-nada-a-cambio\/#breadcrumb"},"inLanguage":"es","potentialAction":[{"@type":"ReadAction","target":["https:\/\/www.eldiario.net\/portal\/2026\/05\/28\/amor-de-madre-dar-la-vida-sin-pedir-nada-a-cambio\/"]}]},{"@type":"ImageObject","inLanguage":"es","@id":"https:\/\/www.eldiario.net\/portal\/2026\/05\/28\/amor-de-madre-dar-la-vida-sin-pedir-nada-a-cambio\/#primaryimage","url":"https:\/\/www.eldiario.net\/portal\/wp-content\/uploads\/2023\/06\/Gary-Antonio-Rodriguez-Alvarez.jpg","contentUrl":"https:\/\/www.eldiario.net\/portal\/wp-content\/uploads\/2023\/06\/Gary-Antonio-Rodriguez-Alvarez.jpg","width":1200,"height":628},{"@type":"BreadcrumbList","@id":"https:\/\/www.eldiario.net\/portal\/2026\/05\/28\/amor-de-madre-dar-la-vida-sin-pedir-nada-a-cambio\/#breadcrumb","itemListElement":[{"@type":"ListItem","position":1,"name":"Portada","item":"https:\/\/www.eldiario.net\/portal\/"},{"@type":"ListItem","position":2,"name":"Amor de madre: dar la vida sin pedir nada a cambio"}]},{"@type":"WebSite","@id":"https:\/\/www.eldiario.net\/portal\/#website","url":"https:\/\/www.eldiario.net\/portal\/","name":"El Diario - Decano de la prensa nacional","description":"El Diario - Decano de la prensa nacional","publisher":{"@id":"https:\/\/www.eldiario.net\/portal\/#organization"},"potentialAction":[{"@type":"SearchAction","target":{"@type":"EntryPoint","urlTemplate":"https:\/\/www.eldiario.net\/portal\/?s={search_term_string}"},"query-input":{"@type":"PropertyValueSpecification","valueRequired":true,"valueName":"search_term_string"}}],"inLanguage":"es"},{"@type":"Organization","@id":"https:\/\/www.eldiario.net\/portal\/#organization","name":"El Diario - Decano de la prensa nacional","url":"https:\/\/www.eldiario.net\/portal\/","logo":{"@type":"ImageObject","inLanguage":"es","@id":"https:\/\/www.eldiario.net\/portal\/#\/schema\/logo\/image\/","url":"https:\/\/www.eldiario.net\/portal\/wp-content\/uploads\/2023\/07\/logo_ED.jpg","contentUrl":"https:\/\/www.eldiario.net\/portal\/wp-content\/uploads\/2023\/07\/logo_ED.jpg","width":272,"height":52,"caption":"El Diario - Decano de la prensa nacional"},"image":{"@id":"https:\/\/www.eldiario.net\/portal\/#\/schema\/logo\/image\/"},"sameAs":["https:\/\/www.facebook.com\/eldiario.bolivia\/","https:\/\/x.com\/eldiario_net"]},{"@type":"Person","@id":"https:\/\/www.eldiario.net\/portal\/#\/schema\/person\/f46445640444750d7d753ccd04ae01b7","name":"Jeanette","image":{"@type":"ImageObject","inLanguage":"es","@id":"https:\/\/secure.gravatar.com\/avatar\/3ea2118a5f7dad2b7138b1187a6b7ee55f160b9968b66013c3a3ef39dd7e5798?s=96&d=mm&r=g","url":"https:\/\/secure.gravatar.com\/avatar\/3ea2118a5f7dad2b7138b1187a6b7ee55f160b9968b66013c3a3ef39dd7e5798?s=96&d=mm&r=g","contentUrl":"https:\/\/secure.gravatar.com\/avatar\/3ea2118a5f7dad2b7138b1187a6b7ee55f160b9968b66013c3a3ef39dd7e5798?s=96&d=mm&r=g","caption":"Jeanette"},"sameAs":["https:\/\/www.eldiario.net\/portal"],"url":"https:\/\/www.eldiario.net\/portal\/author\/jeanette\/"}]}},"_links":{"self":[{"href":"https:\/\/www.eldiario.net\/portal\/wp-json\/wp\/v2\/posts\/398528","targetHints":{"allow":["GET"]}}],"collection":[{"href":"https:\/\/www.eldiario.net\/portal\/wp-json\/wp\/v2\/posts"}],"about":[{"href":"https:\/\/www.eldiario.net\/portal\/wp-json\/wp\/v2\/types\/post"}],"author":[{"embeddable":true,"href":"https:\/\/www.eldiario.net\/portal\/wp-json\/wp\/v2\/users\/1"}],"replies":[{"embeddable":true,"href":"https:\/\/www.eldiario.net\/portal\/wp-json\/wp\/v2\/comments?post=398528"}],"version-history":[{"count":1,"href":"https:\/\/www.eldiario.net\/portal\/wp-json\/wp\/v2\/posts\/398528\/revisions"}],"predecessor-version":[{"id":398529,"href":"https:\/\/www.eldiario.net\/portal\/wp-json\/wp\/v2\/posts\/398528\/revisions\/398529"}],"wp:featuredmedia":[{"embeddable":true,"href":"https:\/\/www.eldiario.net\/portal\/wp-json\/wp\/v2\/media\/157466"}],"wp:attachment":[{"href":"https:\/\/www.eldiario.net\/portal\/wp-json\/wp\/v2\/media?parent=398528"}],"wp:term":[{"taxonomy":"category","embeddable":true,"href":"https:\/\/www.eldiario.net\/portal\/wp-json\/wp\/v2\/categories?post=398528"},{"taxonomy":"post_tag","embeddable":true,"href":"https:\/\/www.eldiario.net\/portal\/wp-json\/wp\/v2\/tags?post=398528"}],"curies":[{"name":"wp","href":"https:\/\/api.w.org\/{rel}","templated":true}]}}