{"id":397625,"date":"2026-05-25T06:13:09","date_gmt":"2026-05-25T10:13:09","guid":{"rendered":"https:\/\/www.eldiario.net\/portal\/?p=397625"},"modified":"2026-05-25T06:13:09","modified_gmt":"2026-05-25T10:13:09","slug":"bolivianos-varados-en-peru-retornan-al-pais-via-aerea","status":"publish","type":"post","link":"https:\/\/www.eldiario.net\/portal\/2026\/05\/25\/bolivianos-varados-en-peru-retornan-al-pais-via-aerea\/","title":{"rendered":"Bolivianos varados en Per\u00fa  retornan al pa\u00eds v\u00eda a\u00e9rea"},"content":{"rendered":"<p>Una aeronave de la Fuerza A\u00e9rea del Per\u00fa traslad\u00f3 a 48 ciudadanos bolivianos que quedaron varados por m\u00e1s de dos semanas en el territorio del vecino pa\u00eds, debido al bloqueo de carreteras por parte de los campesinos del altiplano lacustre. Adem\u00e1s, el vecino pa\u00eds env\u00edo cuatro toneladas de alimentos.<br \/>\nLa mayor\u00eda de los repatriados pertenecen a la Federaci\u00f3n Nacional de Artesanos y Expositores de la Feria de Navidad y Alasita (Fenaena), gran cantidad son mujeres y adults mayores, pero tambi\u00e9n hay ni\u00f1os.<br \/>\n\u201cEstamos muy contentos de volver a nuestro pa\u00eds, agradecer a nuestras autoridades, a los cancilleres, a nuestro hermano presidente y a todos los que han colaborado, much\u00edsimas gracias, hemos estado varados m\u00e1s de 14 d\u00edas en Desaguadero. Hemos subsistido con ayuda\u201d, relat\u00f3 la ejecutiva de Fenaena, Candelaria Vargas.<br \/>\nLos artesanos fueron a Per\u00fa para participar de una feria, pero no pudieron retornar porque el conflicto en el pa\u00eds hab\u00eda cortado las carreteras, por lo que permanecieron entre 14 y 15 d\u00edas en la frontera entre Bolivia y Per\u00fa.<br \/>\n\u201cSomos artesanos, estuvimos all\u00e1 (Per\u00fa) por la feria de Alasitas y se nos hizo imposible retornar por los conflictos\u201d, se\u00f1al\u00f3 uno de los repatriados.<br \/>\nTras gestiones por autoridades de ambos pa\u00edses, el vuelo humanitario que trajo a los compatriotas parti\u00f3 ayer, a poco m\u00e1s de las 16:00 horas desde el aeropuerto internacional Inca Manco C\u00e1pac, de Juliaca y lleg\u00f3 al promediar las 17:00, al aeropuerto de El Alto.<br \/>\nLa comitiva fue acompa\u00f1ada por el alcalde de Desaguadero, quien tambi\u00e9n colabor\u00f3 a los compatriotas durante su estad\u00eda en el vecino pa\u00eds.<br \/>\nAl llegar al aeropuerto, el encuentro de los repatriados con autoridades bolivianas fue emotivo y la emoci\u00f3n fue mayor cuando se vieron con sus familiares a quienes llenaron de abrazos, besos e incluso derramaron l\u00e1grimas.<br \/>\n\u201cYa m\u00e1s tranquilo, feliz de verla, es mi mamita, ha ido a ganarse un poco de dinero, pero no ha podido volver (\u2026) el poco dinero que se ha ganado, lo ha gastado en su estad\u00eda all\u00e1\u201d, relat\u00f3 Ren\u00e9 Callisaya mientras abrazaba a su mam\u00e1.<br \/>\nAl respecto, Vargas expres\u00f3 que gran parte de las compatriotas son mam\u00e1s y su retorno estos d\u00edas se hace m\u00e1s emotivo porque se acerca el D\u00eda de la Madre, en el pa\u00eds.<br \/>\n\u201cEllas son madres y quer\u00edan pasar el D\u00eda de la Madre con sus hijos (\u2026) al fin estamos en casa\u201d, dijo visiblemente la afectada y con un nudo en la garganta.<br \/>\nLuego de compartir momentos familiares, los pasajeros fueron atendidos por personal m\u00e9dico para descartar posibles problemas y verificar su estado de salud.<br \/>\nCOCHABAMBINOS<br \/>\nDentro del grupo de artesanos hay 13 personas que son de Cochabamba, por lo que tambi\u00e9n piden la ayuda de autoridades para que puedan llegar a su ciudad.<br \/>\n\u201cTenemos 13 hermanos que est\u00e1n aqu\u00ed varados, son de Cochabamba. Por favor est\u00e1n con sus hijos y necesitan llegar a su ciudad\u201d, solicit\u00f3 la ejecutiva de Feanena.<br \/>\nAutoridades bolivianas se comprometieron a interceder y ver la manera de coordinar el traslado de los artesanos cochabambinos; mientras tanto, buscaban d\u00f3nde alojarlos en La Paz.<br \/>\nDONACI\u00d3N<br \/>\nAdem\u00e1s de la ayuda con la repatriaci\u00f3n de compatriotas, el Gobierno de Per\u00fa entreg\u00f3 cuatro toneladas de alimentos y productos de primera necesidad al pa\u00eds, en calidad de donaci\u00f3n, en medio de la crisis de abastecimiento provocada por los bloqueos de carreteras en el pa\u00eds.<br \/>\nLa ayuda humanitaria incluye alimentos, insumos b\u00e1sicos y productos destinados a apoyar a las familias afectadas por la escasez registrada en distintas regiones, principalmente en La Paz y El Alto.<br \/>\nPEDIDO<br \/>\nLa ejecutiva de Fenaena, Candelaria Vargas, a nombre de sus afiliados, inst\u00f3 al di\u00e1logo y a proteger la vida. \u201cYa no destrocemos Bolivia, nos afecta, pagamos gente inocente (\u2026) demos soluci\u00f3n, hablando se entiende, no al enfrentamiento\u201d, sostuvo la representante.<br \/>\nDATOS<br \/>\nLa aeronave de la Fuerza A\u00e9rea del Per\u00fa, que arrib\u00f3 inicialmente a la ciudad de Cochabamba, fue recibida por la c\u00f3nsul General del Per\u00fa en Cochabamba, embajadora Pilar Castro.<br \/>\nPosteriormente, a su llegada a la ciudad de La Paz, fue recibida por el viceministro de Gesti\u00f3n Consular e Institucional de Bolivia, H\u00e9ctor Huanca; el embajador del Per\u00fa en Bolivia, Carlos Ch\u00e1vez-Taffur; y la c\u00f3nsul General del Per\u00fa en La Paz, ministra consejera Elizabeth Castro.<br \/>\nDe manera paralela, tambi\u00e9n se trasladaron a m\u00e1s de 40 ciudadanos peruanos que estaban en Bolivia.<br \/>\nLas acciones desarrolladas reflejan el nivel de coordinaci\u00f3n y cooperaci\u00f3n existente entre el Per\u00fa y Bolivia frente a situaciones que impactan directamente en la movilidad y bienestar de sus ciudadanos.<br \/>\nCHILE<br \/>\nEl Ministerio de Relaciones Exteriores del Estado Plurinacional de Bolivia inform\u00f3 que, ayer, arribaron al pa\u00eds 23 bolivianos expulsados de la Rep\u00fablica de Chile, en el marco de procedimientos migratorios ejecutados por las autoridades de dicho Estado.<br \/>\nA su llegada, las instituciones competentes del Estado boliviano activaron los mecanismos de coordinaci\u00f3n interinstitucional correspondientes, brindando a los connacionales todas las garant\u00edas necesarias conforme a la normativa vigente y en resguardo de sus derechos fundamentales.<br \/>\nAsimismo, se realiz\u00f3 la respectiva revisi\u00f3n m\u00e9dica individual a cada una de las personas retornadas, adem\u00e1s de los controles migratorios y de seguridad establecidos por ley, con el objetivo de precautelar su integridad y condiciones de salud.<\/p>\n<p><img loading=\"lazy\" decoding=\"async\" class=\"aligncenter size-full wp-image-397627\" src=\"https:\/\/www.eldiario.net\/portal\/wp-content\/uploads\/2026\/05\/F-2-retorno.webp\" alt=\"\" width=\"282\" height=\"370\" srcset=\"https:\/\/www.eldiario.net\/portal\/wp-content\/uploads\/2026\/05\/F-2-retorno.webp 282w, https:\/\/www.eldiario.net\/portal\/wp-content\/uploads\/2026\/05\/F-2-retorno-229x300.webp 229w, https:\/\/www.eldiario.net\/portal\/wp-content\/uploads\/2026\/05\/F-2-retorno-150x197.webp 150w\" sizes=\"auto, (max-width: 282px) 100vw, 282px\" \/><\/p>\n","protected":false},"excerpt":{"rendered":"<p>Una aeronave de la Fuerza A\u00e9rea del Per\u00fa traslad\u00f3 a 48 ciudadanos bolivianos que quedaron varados por m\u00e1s de dos semanas en el territorio del vecino pa\u00eds, debido al bloqueo de carreteras por parte de los campesinos del altiplano lacustre. Adem\u00e1s, el vecino pa\u00eds env\u00edo cuatro toneladas de alimentos. La mayor\u00eda de los repatriados pertenecen [&hellip;]<\/p>\n","protected":false},"author":1,"featured_media":397626,"comment_status":"closed","ping_status":"open","sticky":false,"template":"","format":"standard","meta":{"_acf_changed":false,"footnotes":""},"categories":[12],"tags":[],"class_list":["post-397625","post","type-post","status-publish","format-standard","has-post-thumbnail","category-nacional"],"acf":{"antetitulo":"Otros connacionales volvieron de Chile"},"yoast_head":"<!-- This site is optimized with the Yoast SEO plugin v28.3 - https:\/\/yoast.com\/product\/yoast-seo-wordpress\/ -->\n<title>Bolivianos varados en Per\u00fa retornan al pa\u00eds v\u00eda a\u00e9rea - El Diario - Bolivia<\/title>\n<meta name=\"robots\" content=\"index, follow, max-snippet:-1, max-image-preview:large, max-video-preview:-1\" \/>\n<link rel=\"canonical\" href=\"https:\/\/www.eldiario.net\/portal\/2026\/05\/25\/bolivianos-varados-en-peru-retornan-al-pais-via-aerea\/\" \/>\n<meta property=\"og:locale\" content=\"es_ES\" \/>\n<meta property=\"og:type\" content=\"article\" \/>\n<meta property=\"og:title\" content=\"Bolivianos varados en Per\u00fa retornan al pa\u00eds v\u00eda a\u00e9rea - El Diario - Bolivia\" \/>\n<meta property=\"og:description\" content=\"Una aeronave de la Fuerza A\u00e9rea del Per\u00fa traslad\u00f3 a 48 ciudadanos bolivianos que quedaron varados por m\u00e1s de dos semanas en el territorio del vecino pa\u00eds, debido al bloqueo de carreteras por parte de los campesinos del altiplano lacustre. Adem\u00e1s, el vecino pa\u00eds env\u00edo cuatro toneladas de alimentos. La mayor\u00eda de los repatriados pertenecen [&hellip;]\" \/>\n<meta property=\"og:url\" content=\"https:\/\/www.eldiario.net\/portal\/2026\/05\/25\/bolivianos-varados-en-peru-retornan-al-pais-via-aerea\/\" \/>\n<meta property=\"og:site_name\" content=\"El Diario - Bolivia\" \/>\n<meta property=\"article:publisher\" content=\"https:\/\/www.facebook.com\/eldiario.bolivia\/\" \/>\n<meta property=\"article:published_time\" content=\"2026-05-25T10:13:09+00:00\" \/>\n<meta property=\"og:image\" content=\"https:\/\/www.eldiario.net\/portal\/wp-content\/uploads\/2026\/05\/F-1-retorno.webp\" \/>\n\t<meta property=\"og:image:width\" content=\"489\" \/>\n\t<meta property=\"og:image:height\" content=\"274\" \/>\n\t<meta property=\"og:image:type\" content=\"image\/webp\" \/>\n<meta name=\"author\" content=\"Jeanette\" \/>\n<meta name=\"twitter:card\" content=\"summary_large_image\" \/>\n<meta name=\"twitter:creator\" content=\"@eldiario_net\" \/>\n<meta name=\"twitter:site\" content=\"@eldiario_net\" \/>\n<meta name=\"twitter:label1\" content=\"Escrito por\" \/>\n\t<meta name=\"twitter:data1\" content=\"Jeanette\" \/>\n\t<meta name=\"twitter:label2\" content=\"Tiempo de lectura\" \/>\n\t<meta name=\"twitter:data2\" content=\"5 minutos\" \/>\n<script type=\"application\/ld+json\" class=\"yoast-schema-graph\">{\"@context\":\"https:\\\/\\\/schema.org\",\"@graph\":[{\"@type\":\"Article\",\"@id\":\"https:\\\/\\\/www.eldiario.net\\\/portal\\\/2026\\\/05\\\/25\\\/bolivianos-varados-en-peru-retornan-al-pais-via-aerea\\\/#article\",\"isPartOf\":{\"@id\":\"https:\\\/\\\/www.eldiario.net\\\/portal\\\/2026\\\/05\\\/25\\\/bolivianos-varados-en-peru-retornan-al-pais-via-aerea\\\/\"},\"author\":{\"name\":\"Jeanette\",\"@id\":\"https:\\\/\\\/www.eldiario.net\\\/portal\\\/#\\\/schema\\\/person\\\/f46445640444750d7d753ccd04ae01b7\"},\"headline\":\"Bolivianos varados en Per\u00fa retornan al pa\u00eds v\u00eda a\u00e9rea\",\"datePublished\":\"2026-05-25T10:13:09+00:00\",\"mainEntityOfPage\":{\"@id\":\"https:\\\/\\\/www.eldiario.net\\\/portal\\\/2026\\\/05\\\/25\\\/bolivianos-varados-en-peru-retornan-al-pais-via-aerea\\\/\"},\"wordCount\":922,\"publisher\":{\"@id\":\"https:\\\/\\\/www.eldiario.net\\\/portal\\\/#organization\"},\"image\":{\"@id\":\"https:\\\/\\\/www.eldiario.net\\\/portal\\\/2026\\\/05\\\/25\\\/bolivianos-varados-en-peru-retornan-al-pais-via-aerea\\\/#primaryimage\"},\"thumbnailUrl\":\"https:\\\/\\\/www.eldiario.net\\\/portal\\\/wp-content\\\/uploads\\\/2026\\\/05\\\/F-1-retorno.webp\",\"articleSection\":[\"Nacional\"],\"inLanguage\":\"es\"},{\"@type\":\"WebPage\",\"@id\":\"https:\\\/\\\/www.eldiario.net\\\/portal\\\/2026\\\/05\\\/25\\\/bolivianos-varados-en-peru-retornan-al-pais-via-aerea\\\/\",\"url\":\"https:\\\/\\\/www.eldiario.net\\\/portal\\\/2026\\\/05\\\/25\\\/bolivianos-varados-en-peru-retornan-al-pais-via-aerea\\\/\",\"name\":\"Bolivianos varados en Per\u00fa retornan al pa\u00eds v\u00eda a\u00e9rea - El Diario - Bolivia\",\"isPartOf\":{\"@id\":\"https:\\\/\\\/www.eldiario.net\\\/portal\\\/#website\"},\"primaryImageOfPage\":{\"@id\":\"https:\\\/\\\/www.eldiario.net\\\/portal\\\/2026\\\/05\\\/25\\\/bolivianos-varados-en-peru-retornan-al-pais-via-aerea\\\/#primaryimage\"},\"image\":{\"@id\":\"https:\\\/\\\/www.eldiario.net\\\/portal\\\/2026\\\/05\\\/25\\\/bolivianos-varados-en-peru-retornan-al-pais-via-aerea\\\/#primaryimage\"},\"thumbnailUrl\":\"https:\\\/\\\/www.eldiario.net\\\/portal\\\/wp-content\\\/uploads\\\/2026\\\/05\\\/F-1-retorno.webp\",\"datePublished\":\"2026-05-25T10:13:09+00:00\",\"breadcrumb\":{\"@id\":\"https:\\\/\\\/www.eldiario.net\\\/portal\\\/2026\\\/05\\\/25\\\/bolivianos-varados-en-peru-retornan-al-pais-via-aerea\\\/#breadcrumb\"},\"inLanguage\":\"es\",\"potentialAction\":[{\"@type\":\"ReadAction\",\"target\":[\"https:\\\/\\\/www.eldiario.net\\\/portal\\\/2026\\\/05\\\/25\\\/bolivianos-varados-en-peru-retornan-al-pais-via-aerea\\\/\"]}]},{\"@type\":\"ImageObject\",\"inLanguage\":\"es\",\"@id\":\"https:\\\/\\\/www.eldiario.net\\\/portal\\\/2026\\\/05\\\/25\\\/bolivianos-varados-en-peru-retornan-al-pais-via-aerea\\\/#primaryimage\",\"url\":\"https:\\\/\\\/www.eldiario.net\\\/portal\\\/wp-content\\\/uploads\\\/2026\\\/05\\\/F-1-retorno.webp\",\"contentUrl\":\"https:\\\/\\\/www.eldiario.net\\\/portal\\\/wp-content\\\/uploads\\\/2026\\\/05\\\/F-1-retorno.webp\",\"width\":489,\"height\":274,\"caption\":\"Los compatriotas fueron hasta Juliaca para abordar el avi\u00f3n que los trajo al pa\u00eds.\"},{\"@type\":\"BreadcrumbList\",\"@id\":\"https:\\\/\\\/www.eldiario.net\\\/portal\\\/2026\\\/05\\\/25\\\/bolivianos-varados-en-peru-retornan-al-pais-via-aerea\\\/#breadcrumb\",\"itemListElement\":[{\"@type\":\"ListItem\",\"position\":1,\"name\":\"Portada\",\"item\":\"https:\\\/\\\/www.eldiario.net\\\/portal\\\/\"},{\"@type\":\"ListItem\",\"position\":2,\"name\":\"Bolivianos varados en Per\u00fa retornan al pa\u00eds v\u00eda a\u00e9rea\"}]},{\"@type\":\"WebSite\",\"@id\":\"https:\\\/\\\/www.eldiario.net\\\/portal\\\/#website\",\"url\":\"https:\\\/\\\/www.eldiario.net\\\/portal\\\/\",\"name\":\"El Diario - Decano de la prensa nacional\",\"description\":\"El Diario - Decano de la prensa nacional\",\"publisher\":{\"@id\":\"https:\\\/\\\/www.eldiario.net\\\/portal\\\/#organization\"},\"potentialAction\":[{\"@type\":\"SearchAction\",\"target\":{\"@type\":\"EntryPoint\",\"urlTemplate\":\"https:\\\/\\\/www.eldiario.net\\\/portal\\\/?s={search_term_string}\"},\"query-input\":{\"@type\":\"PropertyValueSpecification\",\"valueRequired\":true,\"valueName\":\"search_term_string\"}}],\"inLanguage\":\"es\"},{\"@type\":\"Organization\",\"@id\":\"https:\\\/\\\/www.eldiario.net\\\/portal\\\/#organization\",\"name\":\"El Diario - Decano de la prensa nacional\",\"url\":\"https:\\\/\\\/www.eldiario.net\\\/portal\\\/\",\"logo\":{\"@type\":\"ImageObject\",\"inLanguage\":\"es\",\"@id\":\"https:\\\/\\\/www.eldiario.net\\\/portal\\\/#\\\/schema\\\/logo\\\/image\\\/\",\"url\":\"https:\\\/\\\/www.eldiario.net\\\/portal\\\/wp-content\\\/uploads\\\/2023\\\/07\\\/logo_ED.jpg\",\"contentUrl\":\"https:\\\/\\\/www.eldiario.net\\\/portal\\\/wp-content\\\/uploads\\\/2023\\\/07\\\/logo_ED.jpg\",\"width\":272,\"height\":52,\"caption\":\"El Diario - Decano de la prensa nacional\"},\"image\":{\"@id\":\"https:\\\/\\\/www.eldiario.net\\\/portal\\\/#\\\/schema\\\/logo\\\/image\\\/\"},\"sameAs\":[\"https:\\\/\\\/www.facebook.com\\\/eldiario.bolivia\\\/\",\"https:\\\/\\\/x.com\\\/eldiario_net\"]},{\"@type\":\"Person\",\"@id\":\"https:\\\/\\\/www.eldiario.net\\\/portal\\\/#\\\/schema\\\/person\\\/f46445640444750d7d753ccd04ae01b7\",\"name\":\"Jeanette\",\"image\":{\"@type\":\"ImageObject\",\"inLanguage\":\"es\",\"@id\":\"https:\\\/\\\/secure.gravatar.com\\\/avatar\\\/3ea2118a5f7dad2b7138b1187a6b7ee55f160b9968b66013c3a3ef39dd7e5798?s=96&d=mm&r=g\",\"url\":\"https:\\\/\\\/secure.gravatar.com\\\/avatar\\\/3ea2118a5f7dad2b7138b1187a6b7ee55f160b9968b66013c3a3ef39dd7e5798?s=96&d=mm&r=g\",\"contentUrl\":\"https:\\\/\\\/secure.gravatar.com\\\/avatar\\\/3ea2118a5f7dad2b7138b1187a6b7ee55f160b9968b66013c3a3ef39dd7e5798?s=96&d=mm&r=g\",\"caption\":\"Jeanette\"},\"sameAs\":[\"https:\\\/\\\/www.eldiario.net\\\/portal\"],\"url\":\"https:\\\/\\\/www.eldiario.net\\\/portal\\\/author\\\/jeanette\\\/\"}]}<\/script>\n<!-- \/ Yoast SEO plugin. -->","yoast_head_json":{"title":"Bolivianos varados en Per\u00fa retornan al pa\u00eds v\u00eda a\u00e9rea - El Diario - Bolivia","robots":{"index":"index","follow":"follow","max-snippet":"max-snippet:-1","max-image-preview":"max-image-preview:large","max-video-preview":"max-video-preview:-1"},"canonical":"https:\/\/www.eldiario.net\/portal\/2026\/05\/25\/bolivianos-varados-en-peru-retornan-al-pais-via-aerea\/","og_locale":"es_ES","og_type":"article","og_title":"Bolivianos varados en Per\u00fa retornan al pa\u00eds v\u00eda a\u00e9rea - El Diario - Bolivia","og_description":"Una aeronave de la Fuerza A\u00e9rea del Per\u00fa traslad\u00f3 a 48 ciudadanos bolivianos que quedaron varados por m\u00e1s de dos semanas en el territorio del vecino pa\u00eds, debido al bloqueo de carreteras por parte de los campesinos del altiplano lacustre. Adem\u00e1s, el vecino pa\u00eds env\u00edo cuatro toneladas de alimentos. La mayor\u00eda de los repatriados pertenecen [&hellip;]","og_url":"https:\/\/www.eldiario.net\/portal\/2026\/05\/25\/bolivianos-varados-en-peru-retornan-al-pais-via-aerea\/","og_site_name":"El Diario - Bolivia","article_publisher":"https:\/\/www.facebook.com\/eldiario.bolivia\/","article_published_time":"2026-05-25T10:13:09+00:00","og_image":[{"width":489,"height":274,"url":"https:\/\/www.eldiario.net\/portal\/wp-content\/uploads\/2026\/05\/F-1-retorno.webp","type":"image\/webp"}],"author":"Jeanette","twitter_card":"summary_large_image","twitter_creator":"@eldiario_net","twitter_site":"@eldiario_net","twitter_misc":{"Escrito por":"Jeanette","Tiempo de lectura":"5 minutos"},"schema":{"@context":"https:\/\/schema.org","@graph":[{"@type":"Article","@id":"https:\/\/www.eldiario.net\/portal\/2026\/05\/25\/bolivianos-varados-en-peru-retornan-al-pais-via-aerea\/#article","isPartOf":{"@id":"https:\/\/www.eldiario.net\/portal\/2026\/05\/25\/bolivianos-varados-en-peru-retornan-al-pais-via-aerea\/"},"author":{"name":"Jeanette","@id":"https:\/\/www.eldiario.net\/portal\/#\/schema\/person\/f46445640444750d7d753ccd04ae01b7"},"headline":"Bolivianos varados en Per\u00fa retornan al pa\u00eds v\u00eda a\u00e9rea","datePublished":"2026-05-25T10:13:09+00:00","mainEntityOfPage":{"@id":"https:\/\/www.eldiario.net\/portal\/2026\/05\/25\/bolivianos-varados-en-peru-retornan-al-pais-via-aerea\/"},"wordCount":922,"publisher":{"@id":"https:\/\/www.eldiario.net\/portal\/#organization"},"image":{"@id":"https:\/\/www.eldiario.net\/portal\/2026\/05\/25\/bolivianos-varados-en-peru-retornan-al-pais-via-aerea\/#primaryimage"},"thumbnailUrl":"https:\/\/www.eldiario.net\/portal\/wp-content\/uploads\/2026\/05\/F-1-retorno.webp","articleSection":["Nacional"],"inLanguage":"es"},{"@type":"WebPage","@id":"https:\/\/www.eldiario.net\/portal\/2026\/05\/25\/bolivianos-varados-en-peru-retornan-al-pais-via-aerea\/","url":"https:\/\/www.eldiario.net\/portal\/2026\/05\/25\/bolivianos-varados-en-peru-retornan-al-pais-via-aerea\/","name":"Bolivianos varados en Per\u00fa retornan al pa\u00eds v\u00eda a\u00e9rea - El Diario - Bolivia","isPartOf":{"@id":"https:\/\/www.eldiario.net\/portal\/#website"},"primaryImageOfPage":{"@id":"https:\/\/www.eldiario.net\/portal\/2026\/05\/25\/bolivianos-varados-en-peru-retornan-al-pais-via-aerea\/#primaryimage"},"image":{"@id":"https:\/\/www.eldiario.net\/portal\/2026\/05\/25\/bolivianos-varados-en-peru-retornan-al-pais-via-aerea\/#primaryimage"},"thumbnailUrl":"https:\/\/www.eldiario.net\/portal\/wp-content\/uploads\/2026\/05\/F-1-retorno.webp","datePublished":"2026-05-25T10:13:09+00:00","breadcrumb":{"@id":"https:\/\/www.eldiario.net\/portal\/2026\/05\/25\/bolivianos-varados-en-peru-retornan-al-pais-via-aerea\/#breadcrumb"},"inLanguage":"es","potentialAction":[{"@type":"ReadAction","target":["https:\/\/www.eldiario.net\/portal\/2026\/05\/25\/bolivianos-varados-en-peru-retornan-al-pais-via-aerea\/"]}]},{"@type":"ImageObject","inLanguage":"es","@id":"https:\/\/www.eldiario.net\/portal\/2026\/05\/25\/bolivianos-varados-en-peru-retornan-al-pais-via-aerea\/#primaryimage","url":"https:\/\/www.eldiario.net\/portal\/wp-content\/uploads\/2026\/05\/F-1-retorno.webp","contentUrl":"https:\/\/www.eldiario.net\/portal\/wp-content\/uploads\/2026\/05\/F-1-retorno.webp","width":489,"height":274,"caption":"Los compatriotas fueron hasta Juliaca para abordar el avi\u00f3n que los trajo al pa\u00eds."},{"@type":"BreadcrumbList","@id":"https:\/\/www.eldiario.net\/portal\/2026\/05\/25\/bolivianos-varados-en-peru-retornan-al-pais-via-aerea\/#breadcrumb","itemListElement":[{"@type":"ListItem","position":1,"name":"Portada","item":"https:\/\/www.eldiario.net\/portal\/"},{"@type":"ListItem","position":2,"name":"Bolivianos varados en Per\u00fa retornan al pa\u00eds v\u00eda a\u00e9rea"}]},{"@type":"WebSite","@id":"https:\/\/www.eldiario.net\/portal\/#website","url":"https:\/\/www.eldiario.net\/portal\/","name":"El Diario - Decano de la prensa nacional","description":"El Diario - Decano de la prensa nacional","publisher":{"@id":"https:\/\/www.eldiario.net\/portal\/#organization"},"potentialAction":[{"@type":"SearchAction","target":{"@type":"EntryPoint","urlTemplate":"https:\/\/www.eldiario.net\/portal\/?s={search_term_string}"},"query-input":{"@type":"PropertyValueSpecification","valueRequired":true,"valueName":"search_term_string"}}],"inLanguage":"es"},{"@type":"Organization","@id":"https:\/\/www.eldiario.net\/portal\/#organization","name":"El Diario - Decano de la prensa nacional","url":"https:\/\/www.eldiario.net\/portal\/","logo":{"@type":"ImageObject","inLanguage":"es","@id":"https:\/\/www.eldiario.net\/portal\/#\/schema\/logo\/image\/","url":"https:\/\/www.eldiario.net\/portal\/wp-content\/uploads\/2023\/07\/logo_ED.jpg","contentUrl":"https:\/\/www.eldiario.net\/portal\/wp-content\/uploads\/2023\/07\/logo_ED.jpg","width":272,"height":52,"caption":"El Diario - Decano de la prensa nacional"},"image":{"@id":"https:\/\/www.eldiario.net\/portal\/#\/schema\/logo\/image\/"},"sameAs":["https:\/\/www.facebook.com\/eldiario.bolivia\/","https:\/\/x.com\/eldiario_net"]},{"@type":"Person","@id":"https:\/\/www.eldiario.net\/portal\/#\/schema\/person\/f46445640444750d7d753ccd04ae01b7","name":"Jeanette","image":{"@type":"ImageObject","inLanguage":"es","@id":"https:\/\/secure.gravatar.com\/avatar\/3ea2118a5f7dad2b7138b1187a6b7ee55f160b9968b66013c3a3ef39dd7e5798?s=96&d=mm&r=g","url":"https:\/\/secure.gravatar.com\/avatar\/3ea2118a5f7dad2b7138b1187a6b7ee55f160b9968b66013c3a3ef39dd7e5798?s=96&d=mm&r=g","contentUrl":"https:\/\/secure.gravatar.com\/avatar\/3ea2118a5f7dad2b7138b1187a6b7ee55f160b9968b66013c3a3ef39dd7e5798?s=96&d=mm&r=g","caption":"Jeanette"},"sameAs":["https:\/\/www.eldiario.net\/portal"],"url":"https:\/\/www.eldiario.net\/portal\/author\/jeanette\/"}]}},"_links":{"self":[{"href":"https:\/\/www.eldiario.net\/portal\/wp-json\/wp\/v2\/posts\/397625","targetHints":{"allow":["GET"]}}],"collection":[{"href":"https:\/\/www.eldiario.net\/portal\/wp-json\/wp\/v2\/posts"}],"about":[{"href":"https:\/\/www.eldiario.net\/portal\/wp-json\/wp\/v2\/types\/post"}],"author":[{"embeddable":true,"href":"https:\/\/www.eldiario.net\/portal\/wp-json\/wp\/v2\/users\/1"}],"replies":[{"embeddable":true,"href":"https:\/\/www.eldiario.net\/portal\/wp-json\/wp\/v2\/comments?post=397625"}],"version-history":[{"count":1,"href":"https:\/\/www.eldiario.net\/portal\/wp-json\/wp\/v2\/posts\/397625\/revisions"}],"predecessor-version":[{"id":397628,"href":"https:\/\/www.eldiario.net\/portal\/wp-json\/wp\/v2\/posts\/397625\/revisions\/397628"}],"wp:featuredmedia":[{"embeddable":true,"href":"https:\/\/www.eldiario.net\/portal\/wp-json\/wp\/v2\/media\/397626"}],"wp:attachment":[{"href":"https:\/\/www.eldiario.net\/portal\/wp-json\/wp\/v2\/media?parent=397625"}],"wp:term":[{"taxonomy":"category","embeddable":true,"href":"https:\/\/www.eldiario.net\/portal\/wp-json\/wp\/v2\/categories?post=397625"},{"taxonomy":"post_tag","embeddable":true,"href":"https:\/\/www.eldiario.net\/portal\/wp-json\/wp\/v2\/tags?post=397625"}],"curies":[{"name":"wp","href":"https:\/\/api.w.org\/{rel}","templated":true}]}}