{"id":397443,"date":"2026-05-24T08:56:05","date_gmt":"2026-05-24T12:56:05","guid":{"rendered":"https:\/\/www.eldiario.net\/portal\/?p=397443"},"modified":"2026-05-24T08:56:05","modified_gmt":"2026-05-24T12:56:05","slug":"el-color-de-la-sangre-manifiesta-algun-problema-de-salud-o-enfermedad","status":"publish","type":"post","link":"https:\/\/www.eldiario.net\/portal\/2026\/05\/24\/el-color-de-la-sangre-manifiesta-algun-problema-de-salud-o-enfermedad\/","title":{"rendered":"\u00bfEL COLOR DE LA SANGRE MANIFIESTA ALGUN PROBLEMA DE SALUD O ENFERMEDAD?"},"content":{"rendered":"<p>Lic. Lupe Fern\u00e1ndez Calix Enfermera UMSA<\/p>\n<p>Los cuentos de la abuela que la sangre era de color azul de los reyes pr\u00edncipes, sin embargo, solo fue un mito donde intentaban en esa \u00e9poca demostrar superioridad\u00a0 \u00a0las familias poderosas la realidad es que no existe sangre azul en los humanos. El coraz\u00f3n bombea sangre rica en ox\u00edgeno al pasar por los pulmones y el coraz\u00f3n a todo el organismo es de color rojo brillante es sangre arterial. La sangre oscura que se observa debajo de la piel es sangre venosa regresa al coraz\u00f3n y pulmones para oxigenarse sin embargo existe trastornos de la sangre causando s\u00edntomas como el aumento o disminuci\u00f3n de gl\u00f3bulos rojos.<\/p>\n<p><strong>\u00bfEL COLOR DE LA SANGRE MANIFIESTA PROBLEMAS EN LA SALUD?<\/strong><\/p>\n<p><strong>Eritrocitosis:<\/strong> Es una enfermedad por el aumento de gl\u00f3bulos rojos provoca espesamiento de la sangre aumenta el riesgo de sufrir trombosis.<\/p>\n<p><strong>Sulfohemoglobulemia:<\/strong> La sangre toma una tonalidad oscura o verde ocasionada por la presencia de azufre.<\/p>\n<p><strong>Metahemoglobulemia:<\/strong> la hemoglobina se oxida el color de la sangre es chocolate marr\u00f3n provocado ir ciertos medicamentos y toxinas.<\/p>\n<p><strong>Color de sangre an\u00e9mica: Se<\/strong> ve m\u00e1s p\u00e1lida o clara contiene menos hemoglobina con una prueba de laboratorio se diagnostica anemia por deficiciensia de hierro afecta a las embarazadas<\/p>\n<p><strong>Anemia hemol\u00edtica: Sucede<\/strong> cuando los hemat\u00edes se destrozan las causas pueden ser enfermedades autoinmunes, infecciones, medicamentos.<\/p>\n<p><strong>Anemia aplasica:<\/strong> Enfermedad de la m\u00e9dula \u00f3sea no produce gl\u00f3bulos rojos suficientes las causas pueden ser la irradiaci\u00f3n, toxinas y medicamentos<\/p>\n<p><strong>Anemia falciforme:<\/strong> Los gl\u00f3bulos rojos se deforman y se destruyen solos.<\/p>\n<p>El color de la sangre es un factor determinante para determinar mediante laboratorio la presencia de enfermedades que puede estar atravesando la persona.<\/p>\n<p><strong>\u201cVALORA Y APRECIA TU SALUD TODOS LOS D\u00cdAS\u201d<\/strong><\/p>\n<p><strong>\u00a0<\/strong><\/p>\n","protected":false},"excerpt":{"rendered":"<p>Lic. Lupe Fern\u00e1ndez Calix Enfermera UMSA Los cuentos de la abuela que la sangre era de color azul de los reyes pr\u00edncipes, sin embargo, solo fue un mito donde intentaban en esa \u00e9poca demostrar superioridad\u00a0 \u00a0las familias poderosas la realidad es que no existe sangre azul en los humanos. El coraz\u00f3n bombea sangre rica en [&hellip;]<\/p>\n","protected":false},"author":1,"featured_media":397444,"comment_status":"closed","ping_status":"open","sticky":false,"template":"","format":"standard","meta":{"_acf_changed":false,"footnotes":""},"categories":[52],"tags":[],"class_list":["post-397443","post","type-post","status-publish","format-standard","has-post-thumbnail","category-de-salud-mas-vida"],"acf":{"antetitulo":""},"yoast_head":"<!-- This site is optimized with the Yoast SEO plugin v28.4 - https:\/\/yoast.com\/product\/yoast-seo-wordpress\/ -->\n<title>\u00bfEL COLOR DE LA SANGRE MANIFIESTA ALGUN PROBLEMA DE SALUD O ENFERMEDAD? - El Diario - Bolivia<\/title>\n<meta name=\"robots\" content=\"index, follow, max-snippet:-1, max-image-preview:large, max-video-preview:-1\" \/>\n<link rel=\"canonical\" href=\"https:\/\/www.eldiario.net\/portal\/2026\/05\/24\/el-color-de-la-sangre-manifiesta-algun-problema-de-salud-o-enfermedad\/\" \/>\n<meta property=\"og:locale\" content=\"es_ES\" \/>\n<meta property=\"og:type\" content=\"article\" \/>\n<meta property=\"og:title\" content=\"\u00bfEL COLOR DE LA SANGRE MANIFIESTA ALGUN PROBLEMA DE SALUD O ENFERMEDAD? - El Diario - Bolivia\" \/>\n<meta property=\"og:description\" content=\"Lic. Lupe Fern\u00e1ndez Calix Enfermera UMSA Los cuentos de la abuela que la sangre era de color azul de los reyes pr\u00edncipes, sin embargo, solo fue un mito donde intentaban en esa \u00e9poca demostrar superioridad\u00a0 \u00a0las familias poderosas la realidad es que no existe sangre azul en los humanos. El coraz\u00f3n bombea sangre rica en [&hellip;]\" \/>\n<meta property=\"og:url\" content=\"https:\/\/www.eldiario.net\/portal\/2026\/05\/24\/el-color-de-la-sangre-manifiesta-algun-problema-de-salud-o-enfermedad\/\" \/>\n<meta property=\"og:site_name\" content=\"El Diario - Bolivia\" \/>\n<meta property=\"article:publisher\" content=\"https:\/\/www.facebook.com\/eldiario.bolivia\/\" \/>\n<meta property=\"article:published_time\" content=\"2026-05-24T12:56:05+00:00\" \/>\n<meta property=\"og:image\" content=\"https:\/\/www.eldiario.net\/portal\/wp-content\/uploads\/2026\/05\/\u00bfEL-COLOR-DE-LA-SANGRE-MANIFIESTA-ALGUN-PROBLEMA-DE-SALUD-O-ENFERMEDAD-copia.webp\" \/>\n\t<meta property=\"og:image:width\" content=\"700\" \/>\n\t<meta property=\"og:image:height\" content=\"367\" \/>\n\t<meta property=\"og:image:type\" content=\"image\/webp\" \/>\n<meta name=\"author\" content=\"Jeanette\" \/>\n<meta name=\"twitter:card\" content=\"summary_large_image\" \/>\n<meta name=\"twitter:creator\" content=\"@eldiario_net\" \/>\n<meta name=\"twitter:site\" content=\"@eldiario_net\" \/>\n<meta name=\"twitter:label1\" content=\"Escrito por\" \/>\n\t<meta name=\"twitter:data1\" content=\"Jeanette\" \/>\n\t<meta name=\"twitter:label2\" content=\"Tiempo de lectura\" \/>\n\t<meta name=\"twitter:data2\" content=\"2 minutos\" \/>\n<script type=\"application\/ld+json\" class=\"yoast-schema-graph\">{\"@context\":\"https:\\\/\\\/schema.org\",\"@graph\":[{\"@type\":\"Article\",\"@id\":\"https:\\\/\\\/www.eldiario.net\\\/portal\\\/2026\\\/05\\\/24\\\/el-color-de-la-sangre-manifiesta-algun-problema-de-salud-o-enfermedad\\\/#article\",\"isPartOf\":{\"@id\":\"https:\\\/\\\/www.eldiario.net\\\/portal\\\/2026\\\/05\\\/24\\\/el-color-de-la-sangre-manifiesta-algun-problema-de-salud-o-enfermedad\\\/\"},\"author\":{\"name\":\"Jeanette\",\"@id\":\"https:\\\/\\\/www.eldiario.net\\\/portal\\\/#\\\/schema\\\/person\\\/2c57cf2b7a7ae032e449e4c9b1019eac\"},\"headline\":\"\u00bfEL COLOR DE LA SANGRE MANIFIESTA ALGUN PROBLEMA DE SALUD O ENFERMEDAD?\",\"datePublished\":\"2026-05-24T12:56:05+00:00\",\"mainEntityOfPage\":{\"@id\":\"https:\\\/\\\/www.eldiario.net\\\/portal\\\/2026\\\/05\\\/24\\\/el-color-de-la-sangre-manifiesta-algun-problema-de-salud-o-enfermedad\\\/\"},\"wordCount\":319,\"publisher\":{\"@id\":\"https:\\\/\\\/www.eldiario.net\\\/portal\\\/#organization\"},\"image\":{\"@id\":\"https:\\\/\\\/www.eldiario.net\\\/portal\\\/2026\\\/05\\\/24\\\/el-color-de-la-sangre-manifiesta-algun-problema-de-salud-o-enfermedad\\\/#primaryimage\"},\"thumbnailUrl\":\"https:\\\/\\\/www.eldiario.net\\\/portal\\\/wp-content\\\/uploads\\\/2026\\\/05\\\/\u00bfEL-COLOR-DE-LA-SANGRE-MANIFIESTA-ALGUN-PROBLEMA-DE-SALUD-O-ENFERMEDAD-copia.webp\",\"articleSection\":[\"De Salud + vida\"],\"inLanguage\":\"es\"},{\"@type\":\"WebPage\",\"@id\":\"https:\\\/\\\/www.eldiario.net\\\/portal\\\/2026\\\/05\\\/24\\\/el-color-de-la-sangre-manifiesta-algun-problema-de-salud-o-enfermedad\\\/\",\"url\":\"https:\\\/\\\/www.eldiario.net\\\/portal\\\/2026\\\/05\\\/24\\\/el-color-de-la-sangre-manifiesta-algun-problema-de-salud-o-enfermedad\\\/\",\"name\":\"\u00bfEL COLOR DE LA SANGRE MANIFIESTA ALGUN PROBLEMA DE SALUD O ENFERMEDAD? - El Diario - Bolivia\",\"isPartOf\":{\"@id\":\"https:\\\/\\\/www.eldiario.net\\\/portal\\\/#website\"},\"primaryImageOfPage\":{\"@id\":\"https:\\\/\\\/www.eldiario.net\\\/portal\\\/2026\\\/05\\\/24\\\/el-color-de-la-sangre-manifiesta-algun-problema-de-salud-o-enfermedad\\\/#primaryimage\"},\"image\":{\"@id\":\"https:\\\/\\\/www.eldiario.net\\\/portal\\\/2026\\\/05\\\/24\\\/el-color-de-la-sangre-manifiesta-algun-problema-de-salud-o-enfermedad\\\/#primaryimage\"},\"thumbnailUrl\":\"https:\\\/\\\/www.eldiario.net\\\/portal\\\/wp-content\\\/uploads\\\/2026\\\/05\\\/\u00bfEL-COLOR-DE-LA-SANGRE-MANIFIESTA-ALGUN-PROBLEMA-DE-SALUD-O-ENFERMEDAD-copia.webp\",\"datePublished\":\"2026-05-24T12:56:05+00:00\",\"breadcrumb\":{\"@id\":\"https:\\\/\\\/www.eldiario.net\\\/portal\\\/2026\\\/05\\\/24\\\/el-color-de-la-sangre-manifiesta-algun-problema-de-salud-o-enfermedad\\\/#breadcrumb\"},\"inLanguage\":\"es\",\"potentialAction\":[{\"@type\":\"ReadAction\",\"target\":[\"https:\\\/\\\/www.eldiario.net\\\/portal\\\/2026\\\/05\\\/24\\\/el-color-de-la-sangre-manifiesta-algun-problema-de-salud-o-enfermedad\\\/\"]}]},{\"@type\":\"ImageObject\",\"inLanguage\":\"es\",\"@id\":\"https:\\\/\\\/www.eldiario.net\\\/portal\\\/2026\\\/05\\\/24\\\/el-color-de-la-sangre-manifiesta-algun-problema-de-salud-o-enfermedad\\\/#primaryimage\",\"url\":\"https:\\\/\\\/www.eldiario.net\\\/portal\\\/wp-content\\\/uploads\\\/2026\\\/05\\\/\u00bfEL-COLOR-DE-LA-SANGRE-MANIFIESTA-ALGUN-PROBLEMA-DE-SALUD-O-ENFERMEDAD-copia.webp\",\"contentUrl\":\"https:\\\/\\\/www.eldiario.net\\\/portal\\\/wp-content\\\/uploads\\\/2026\\\/05\\\/\u00bfEL-COLOR-DE-LA-SANGRE-MANIFIESTA-ALGUN-PROBLEMA-DE-SALUD-O-ENFERMEDAD-copia.webp\",\"width\":700,\"height\":367},{\"@type\":\"BreadcrumbList\",\"@id\":\"https:\\\/\\\/www.eldiario.net\\\/portal\\\/2026\\\/05\\\/24\\\/el-color-de-la-sangre-manifiesta-algun-problema-de-salud-o-enfermedad\\\/#breadcrumb\",\"itemListElement\":[{\"@type\":\"ListItem\",\"position\":1,\"name\":\"Portada\",\"item\":\"https:\\\/\\\/www.eldiario.net\\\/portal\\\/\"},{\"@type\":\"ListItem\",\"position\":2,\"name\":\"\u00bfEL COLOR DE LA SANGRE MANIFIESTA ALGUN PROBLEMA DE SALUD O ENFERMEDAD?\"}]},{\"@type\":\"WebSite\",\"@id\":\"https:\\\/\\\/www.eldiario.net\\\/portal\\\/#website\",\"url\":\"https:\\\/\\\/www.eldiario.net\\\/portal\\\/\",\"name\":\"El Diario - Decano de la prensa nacional\",\"description\":\"El Diario - Decano de la prensa nacional\",\"publisher\":{\"@id\":\"https:\\\/\\\/www.eldiario.net\\\/portal\\\/#organization\"},\"potentialAction\":[{\"@type\":\"SearchAction\",\"target\":{\"@type\":\"EntryPoint\",\"urlTemplate\":\"https:\\\/\\\/www.eldiario.net\\\/portal\\\/?s={search_term_string}\"},\"query-input\":{\"@type\":\"PropertyValueSpecification\",\"valueRequired\":true,\"valueName\":\"search_term_string\"}}],\"inLanguage\":\"es\"},{\"@type\":\"Organization\",\"@id\":\"https:\\\/\\\/www.eldiario.net\\\/portal\\\/#organization\",\"name\":\"El Diario - Decano de la prensa nacional\",\"url\":\"https:\\\/\\\/www.eldiario.net\\\/portal\\\/\",\"logo\":{\"@type\":\"ImageObject\",\"inLanguage\":\"es\",\"@id\":\"https:\\\/\\\/www.eldiario.net\\\/portal\\\/#\\\/schema\\\/logo\\\/image\\\/\",\"url\":\"https:\\\/\\\/www.eldiario.net\\\/portal\\\/wp-content\\\/uploads\\\/2023\\\/07\\\/logo_ED.jpg\",\"contentUrl\":\"https:\\\/\\\/www.eldiario.net\\\/portal\\\/wp-content\\\/uploads\\\/2023\\\/07\\\/logo_ED.jpg\",\"width\":272,\"height\":52,\"caption\":\"El Diario - Decano de la prensa nacional\"},\"image\":{\"@id\":\"https:\\\/\\\/www.eldiario.net\\\/portal\\\/#\\\/schema\\\/logo\\\/image\\\/\"},\"sameAs\":[\"https:\\\/\\\/www.facebook.com\\\/eldiario.bolivia\\\/\",\"https:\\\/\\\/x.com\\\/eldiario_net\"]},{\"@type\":\"Person\",\"@id\":\"https:\\\/\\\/www.eldiario.net\\\/portal\\\/#\\\/schema\\\/person\\\/2c57cf2b7a7ae032e449e4c9b1019eac\",\"name\":\"Jeanette\",\"image\":{\"@type\":\"ImageObject\",\"inLanguage\":\"es\",\"@id\":\"https:\\\/\\\/secure.gravatar.com\\\/avatar\\\/3ea2118a5f7dad2b7138b1187a6b7ee55f160b9968b66013c3a3ef39dd7e5798?s=96&d=mm&r=g\",\"url\":\"https:\\\/\\\/secure.gravatar.com\\\/avatar\\\/3ea2118a5f7dad2b7138b1187a6b7ee55f160b9968b66013c3a3ef39dd7e5798?s=96&d=mm&r=g\",\"contentUrl\":\"https:\\\/\\\/secure.gravatar.com\\\/avatar\\\/3ea2118a5f7dad2b7138b1187a6b7ee55f160b9968b66013c3a3ef39dd7e5798?s=96&d=mm&r=g\",\"caption\":\"Jeanette\"},\"sameAs\":[\"https:\\\/\\\/www.eldiario.net\\\/portal\"],\"url\":\"https:\\\/\\\/www.eldiario.net\\\/portal\\\/author\\\/jeanette\\\/\"}]}<\/script>\n<!-- \/ Yoast SEO plugin. -->","yoast_head_json":{"title":"\u00bfEL COLOR DE LA SANGRE MANIFIESTA ALGUN PROBLEMA DE SALUD O ENFERMEDAD? - El Diario - Bolivia","robots":{"index":"index","follow":"follow","max-snippet":"max-snippet:-1","max-image-preview":"max-image-preview:large","max-video-preview":"max-video-preview:-1"},"canonical":"https:\/\/www.eldiario.net\/portal\/2026\/05\/24\/el-color-de-la-sangre-manifiesta-algun-problema-de-salud-o-enfermedad\/","og_locale":"es_ES","og_type":"article","og_title":"\u00bfEL COLOR DE LA SANGRE MANIFIESTA ALGUN PROBLEMA DE SALUD O ENFERMEDAD? - El Diario - Bolivia","og_description":"Lic. Lupe Fern\u00e1ndez Calix Enfermera UMSA Los cuentos de la abuela que la sangre era de color azul de los reyes pr\u00edncipes, sin embargo, solo fue un mito donde intentaban en esa \u00e9poca demostrar superioridad\u00a0 \u00a0las familias poderosas la realidad es que no existe sangre azul en los humanos. El coraz\u00f3n bombea sangre rica en [&hellip;]","og_url":"https:\/\/www.eldiario.net\/portal\/2026\/05\/24\/el-color-de-la-sangre-manifiesta-algun-problema-de-salud-o-enfermedad\/","og_site_name":"El Diario - Bolivia","article_publisher":"https:\/\/www.facebook.com\/eldiario.bolivia\/","article_published_time":"2026-05-24T12:56:05+00:00","og_image":[{"width":700,"height":367,"url":"https:\/\/www.eldiario.net\/portal\/wp-content\/uploads\/2026\/05\/\u00bfEL-COLOR-DE-LA-SANGRE-MANIFIESTA-ALGUN-PROBLEMA-DE-SALUD-O-ENFERMEDAD-copia.webp","type":"image\/webp"}],"author":"Jeanette","twitter_card":"summary_large_image","twitter_creator":"@eldiario_net","twitter_site":"@eldiario_net","twitter_misc":{"Escrito por":"Jeanette","Tiempo de lectura":"2 minutos"},"schema":{"@context":"https:\/\/schema.org","@graph":[{"@type":"Article","@id":"https:\/\/www.eldiario.net\/portal\/2026\/05\/24\/el-color-de-la-sangre-manifiesta-algun-problema-de-salud-o-enfermedad\/#article","isPartOf":{"@id":"https:\/\/www.eldiario.net\/portal\/2026\/05\/24\/el-color-de-la-sangre-manifiesta-algun-problema-de-salud-o-enfermedad\/"},"author":{"name":"Jeanette","@id":"https:\/\/www.eldiario.net\/portal\/#\/schema\/person\/2c57cf2b7a7ae032e449e4c9b1019eac"},"headline":"\u00bfEL COLOR DE LA SANGRE MANIFIESTA ALGUN PROBLEMA DE SALUD O ENFERMEDAD?","datePublished":"2026-05-24T12:56:05+00:00","mainEntityOfPage":{"@id":"https:\/\/www.eldiario.net\/portal\/2026\/05\/24\/el-color-de-la-sangre-manifiesta-algun-problema-de-salud-o-enfermedad\/"},"wordCount":319,"publisher":{"@id":"https:\/\/www.eldiario.net\/portal\/#organization"},"image":{"@id":"https:\/\/www.eldiario.net\/portal\/2026\/05\/24\/el-color-de-la-sangre-manifiesta-algun-problema-de-salud-o-enfermedad\/#primaryimage"},"thumbnailUrl":"https:\/\/www.eldiario.net\/portal\/wp-content\/uploads\/2026\/05\/\u00bfEL-COLOR-DE-LA-SANGRE-MANIFIESTA-ALGUN-PROBLEMA-DE-SALUD-O-ENFERMEDAD-copia.webp","articleSection":["De Salud + vida"],"inLanguage":"es"},{"@type":"WebPage","@id":"https:\/\/www.eldiario.net\/portal\/2026\/05\/24\/el-color-de-la-sangre-manifiesta-algun-problema-de-salud-o-enfermedad\/","url":"https:\/\/www.eldiario.net\/portal\/2026\/05\/24\/el-color-de-la-sangre-manifiesta-algun-problema-de-salud-o-enfermedad\/","name":"\u00bfEL COLOR DE LA SANGRE MANIFIESTA ALGUN PROBLEMA DE SALUD O ENFERMEDAD? - El Diario - Bolivia","isPartOf":{"@id":"https:\/\/www.eldiario.net\/portal\/#website"},"primaryImageOfPage":{"@id":"https:\/\/www.eldiario.net\/portal\/2026\/05\/24\/el-color-de-la-sangre-manifiesta-algun-problema-de-salud-o-enfermedad\/#primaryimage"},"image":{"@id":"https:\/\/www.eldiario.net\/portal\/2026\/05\/24\/el-color-de-la-sangre-manifiesta-algun-problema-de-salud-o-enfermedad\/#primaryimage"},"thumbnailUrl":"https:\/\/www.eldiario.net\/portal\/wp-content\/uploads\/2026\/05\/\u00bfEL-COLOR-DE-LA-SANGRE-MANIFIESTA-ALGUN-PROBLEMA-DE-SALUD-O-ENFERMEDAD-copia.webp","datePublished":"2026-05-24T12:56:05+00:00","breadcrumb":{"@id":"https:\/\/www.eldiario.net\/portal\/2026\/05\/24\/el-color-de-la-sangre-manifiesta-algun-problema-de-salud-o-enfermedad\/#breadcrumb"},"inLanguage":"es","potentialAction":[{"@type":"ReadAction","target":["https:\/\/www.eldiario.net\/portal\/2026\/05\/24\/el-color-de-la-sangre-manifiesta-algun-problema-de-salud-o-enfermedad\/"]}]},{"@type":"ImageObject","inLanguage":"es","@id":"https:\/\/www.eldiario.net\/portal\/2026\/05\/24\/el-color-de-la-sangre-manifiesta-algun-problema-de-salud-o-enfermedad\/#primaryimage","url":"https:\/\/www.eldiario.net\/portal\/wp-content\/uploads\/2026\/05\/\u00bfEL-COLOR-DE-LA-SANGRE-MANIFIESTA-ALGUN-PROBLEMA-DE-SALUD-O-ENFERMEDAD-copia.webp","contentUrl":"https:\/\/www.eldiario.net\/portal\/wp-content\/uploads\/2026\/05\/\u00bfEL-COLOR-DE-LA-SANGRE-MANIFIESTA-ALGUN-PROBLEMA-DE-SALUD-O-ENFERMEDAD-copia.webp","width":700,"height":367},{"@type":"BreadcrumbList","@id":"https:\/\/www.eldiario.net\/portal\/2026\/05\/24\/el-color-de-la-sangre-manifiesta-algun-problema-de-salud-o-enfermedad\/#breadcrumb","itemListElement":[{"@type":"ListItem","position":1,"name":"Portada","item":"https:\/\/www.eldiario.net\/portal\/"},{"@type":"ListItem","position":2,"name":"\u00bfEL COLOR DE LA SANGRE MANIFIESTA ALGUN PROBLEMA DE SALUD O ENFERMEDAD?"}]},{"@type":"WebSite","@id":"https:\/\/www.eldiario.net\/portal\/#website","url":"https:\/\/www.eldiario.net\/portal\/","name":"El Diario - Decano de la prensa nacional","description":"El Diario - Decano de la prensa nacional","publisher":{"@id":"https:\/\/www.eldiario.net\/portal\/#organization"},"potentialAction":[{"@type":"SearchAction","target":{"@type":"EntryPoint","urlTemplate":"https:\/\/www.eldiario.net\/portal\/?s={search_term_string}"},"query-input":{"@type":"PropertyValueSpecification","valueRequired":true,"valueName":"search_term_string"}}],"inLanguage":"es"},{"@type":"Organization","@id":"https:\/\/www.eldiario.net\/portal\/#organization","name":"El Diario - Decano de la prensa nacional","url":"https:\/\/www.eldiario.net\/portal\/","logo":{"@type":"ImageObject","inLanguage":"es","@id":"https:\/\/www.eldiario.net\/portal\/#\/schema\/logo\/image\/","url":"https:\/\/www.eldiario.net\/portal\/wp-content\/uploads\/2023\/07\/logo_ED.jpg","contentUrl":"https:\/\/www.eldiario.net\/portal\/wp-content\/uploads\/2023\/07\/logo_ED.jpg","width":272,"height":52,"caption":"El Diario - Decano de la prensa nacional"},"image":{"@id":"https:\/\/www.eldiario.net\/portal\/#\/schema\/logo\/image\/"},"sameAs":["https:\/\/www.facebook.com\/eldiario.bolivia\/","https:\/\/x.com\/eldiario_net"]},{"@type":"Person","@id":"https:\/\/www.eldiario.net\/portal\/#\/schema\/person\/2c57cf2b7a7ae032e449e4c9b1019eac","name":"Jeanette","image":{"@type":"ImageObject","inLanguage":"es","@id":"https:\/\/secure.gravatar.com\/avatar\/3ea2118a5f7dad2b7138b1187a6b7ee55f160b9968b66013c3a3ef39dd7e5798?s=96&d=mm&r=g","url":"https:\/\/secure.gravatar.com\/avatar\/3ea2118a5f7dad2b7138b1187a6b7ee55f160b9968b66013c3a3ef39dd7e5798?s=96&d=mm&r=g","contentUrl":"https:\/\/secure.gravatar.com\/avatar\/3ea2118a5f7dad2b7138b1187a6b7ee55f160b9968b66013c3a3ef39dd7e5798?s=96&d=mm&r=g","caption":"Jeanette"},"sameAs":["https:\/\/www.eldiario.net\/portal"],"url":"https:\/\/www.eldiario.net\/portal\/author\/jeanette\/"}]}},"_links":{"self":[{"href":"https:\/\/www.eldiario.net\/portal\/wp-json\/wp\/v2\/posts\/397443","targetHints":{"allow":["GET"]}}],"collection":[{"href":"https:\/\/www.eldiario.net\/portal\/wp-json\/wp\/v2\/posts"}],"about":[{"href":"https:\/\/www.eldiario.net\/portal\/wp-json\/wp\/v2\/types\/post"}],"author":[{"embeddable":true,"href":"https:\/\/www.eldiario.net\/portal\/wp-json\/wp\/v2\/users\/1"}],"replies":[{"embeddable":true,"href":"https:\/\/www.eldiario.net\/portal\/wp-json\/wp\/v2\/comments?post=397443"}],"version-history":[{"count":1,"href":"https:\/\/www.eldiario.net\/portal\/wp-json\/wp\/v2\/posts\/397443\/revisions"}],"predecessor-version":[{"id":397445,"href":"https:\/\/www.eldiario.net\/portal\/wp-json\/wp\/v2\/posts\/397443\/revisions\/397445"}],"wp:featuredmedia":[{"embeddable":true,"href":"https:\/\/www.eldiario.net\/portal\/wp-json\/wp\/v2\/media\/397444"}],"wp:attachment":[{"href":"https:\/\/www.eldiario.net\/portal\/wp-json\/wp\/v2\/media?parent=397443"}],"wp:term":[{"taxonomy":"category","embeddable":true,"href":"https:\/\/www.eldiario.net\/portal\/wp-json\/wp\/v2\/categories?post=397443"},{"taxonomy":"post_tag","embeddable":true,"href":"https:\/\/www.eldiario.net\/portal\/wp-json\/wp\/v2\/tags?post=397443"}],"curies":[{"name":"wp","href":"https:\/\/api.w.org\/{rel}","templated":true}]}}