{"id":397136,"date":"2026-05-23T07:39:15","date_gmt":"2026-05-23T11:39:15","guid":{"rendered":"https:\/\/www.eldiario.net\/portal\/?p=397136"},"modified":"2026-05-23T07:39:15","modified_gmt":"2026-05-23T11:39:15","slug":"bloqueos-destruyen-asfalto-de-carreteras","status":"publish","type":"post","link":"https:\/\/www.eldiario.net\/portal\/2026\/05\/23\/bloqueos-destruyen-asfalto-de-carreteras\/","title":{"rendered":"Bloqueos destruyen asfalto de carreteras"},"content":{"rendered":"<p>Los bloqueos no s\u00f3lo perjudican el tr\u00e1nsito vehicular, sino tambi\u00e9n destruyen por la quema de llantas en plena v\u00eda p\u00fablica, lo que deteriora el asfalto y perjudicar\u00e1 al transporte, por ello autoridades de gobierno piden no destruir las carreteras.<br \/>\nPara evitar deformaciones y agrietamientos acelerados en las rutas troncales a causa de fogatas y la quema de llantas, el ministro de Obras P\u00fablicas, Mauricio Zamora, exigi\u00f3 a los sectores movilizados no destruir las v\u00edas, ya que estas acciones provocan da\u00f1os estructurales.<br \/>\nDe acuerdo con reportes de t\u00e9cnicos y brigadas de conservaci\u00f3n vial, la Administradora Boliviana de Carreteras (ABC) inform\u00f3 que el calor extremo altera de manera inmediata las propiedades f\u00edsico-qu\u00edmicas de los materiales asf\u00e1lticos y de concreto, lo que provoca el desprendimiento de agregados y una reducci\u00f3n dr\u00e1stica de la vida \u00fatil de la capa de rodadura.<br \/>\nPreliminarmente, se conoce que los sectores con mayores afectaciones son los tramos Caracollo\u2013Confital y Oruro\u2013Pisiga (sector Corque), donde se registr\u00f3 la quema de neum\u00e1ticos. En Cochabamba, se reportaron da\u00f1os en el tramo Suticollo\u2013Parotani; y en el departamento de La Paz, en el tramo La Paz\u2013Oruro, por la quema de residuos s\u00f3lidos y madera en diversos puntos.<br \/>\nAsimismo, en Santa Cruz se identificaron da\u00f1os en el tramo Cuatro Ca\u00f1adas\u2013San Pablo, espec\u00edficamente a la altura del municipio de San Juli\u00e1n, donde tambi\u00e9n se evidenci\u00f3 la quema de llantas y escombros.<br \/>\nEl presidente de la ABC, Ernesto Farf\u00e1n, apel\u00f3 a la responsabilidad de la poblaci\u00f3n y reafirm\u00f3 que las carreteras de la Red Vial Fundamental (RVF) son bienes p\u00fablicos estrat\u00e9gicos y no renovables, que integran a las familias bolivianas, sostienen la econom\u00eda y garantizan el libre tr\u00e1nsito del aparato productivo nacional.<br \/>\nPero no s\u00f3lo queman llantas, sino que la alfombra de piedras que colocan en las v\u00edas tambi\u00e9n afecta, porque luego de la medida de presi\u00f3n, la ABC debe realizar la limpieza correspondiente.<\/p>\n","protected":false},"excerpt":{"rendered":"<p>Los bloqueos no s\u00f3lo perjudican el tr\u00e1nsito vehicular, sino tambi\u00e9n destruyen por la quema de llantas en plena v\u00eda p\u00fablica, lo que deteriora el asfalto y perjudicar\u00e1 al transporte, por ello autoridades de gobierno piden no destruir las carreteras. Para evitar deformaciones y agrietamientos acelerados en las rutas troncales a causa de fogatas y la [&hellip;]<\/p>\n","protected":false},"author":1,"featured_media":397137,"comment_status":"closed","ping_status":"open","sticky":false,"template":"","format":"standard","meta":{"_acf_changed":false,"footnotes":""},"categories":[7],"tags":[],"class_list":["post-397136","post","type-post","status-publish","format-standard","has-post-thumbnail","category-economia"],"acf":{"antetitulo":""},"yoast_head":"<!-- This site is optimized with the Yoast SEO plugin v28.4 - https:\/\/yoast.com\/product\/yoast-seo-wordpress\/ -->\n<title>Bloqueos destruyen asfalto de carreteras - El Diario - Bolivia<\/title>\n<meta name=\"robots\" content=\"index, follow, max-snippet:-1, max-image-preview:large, max-video-preview:-1\" \/>\n<link rel=\"canonical\" href=\"https:\/\/www.eldiario.net\/portal\/2026\/05\/23\/bloqueos-destruyen-asfalto-de-carreteras\/\" \/>\n<meta property=\"og:locale\" content=\"es_ES\" \/>\n<meta property=\"og:type\" content=\"article\" \/>\n<meta property=\"og:title\" content=\"Bloqueos destruyen asfalto de carreteras - El Diario - Bolivia\" \/>\n<meta property=\"og:description\" content=\"Los bloqueos no s\u00f3lo perjudican el tr\u00e1nsito vehicular, sino tambi\u00e9n destruyen por la quema de llantas en plena v\u00eda p\u00fablica, lo que deteriora el asfalto y perjudicar\u00e1 al transporte, por ello autoridades de gobierno piden no destruir las carreteras. Para evitar deformaciones y agrietamientos acelerados en las rutas troncales a causa de fogatas y la [&hellip;]\" \/>\n<meta property=\"og:url\" content=\"https:\/\/www.eldiario.net\/portal\/2026\/05\/23\/bloqueos-destruyen-asfalto-de-carreteras\/\" \/>\n<meta property=\"og:site_name\" content=\"El Diario - Bolivia\" \/>\n<meta property=\"article:publisher\" content=\"https:\/\/www.facebook.com\/eldiario.bolivia\/\" \/>\n<meta property=\"article:published_time\" content=\"2026-05-23T11:39:15+00:00\" \/>\n<meta property=\"og:image\" content=\"https:\/\/www.eldiario.net\/portal\/wp-content\/uploads\/2026\/05\/vias.webp\" \/>\n\t<meta property=\"og:image:width\" content=\"1280\" \/>\n\t<meta property=\"og:image:height\" content=\"960\" \/>\n\t<meta property=\"og:image:type\" content=\"image\/webp\" \/>\n<meta name=\"author\" content=\"Jeanette\" \/>\n<meta name=\"twitter:card\" content=\"summary_large_image\" \/>\n<meta name=\"twitter:creator\" content=\"@eldiario_net\" \/>\n<meta name=\"twitter:site\" content=\"@eldiario_net\" \/>\n<meta name=\"twitter:label1\" content=\"Escrito por\" \/>\n\t<meta name=\"twitter:data1\" content=\"Jeanette\" \/>\n\t<meta name=\"twitter:label2\" content=\"Tiempo de lectura\" \/>\n\t<meta name=\"twitter:data2\" content=\"2 minutos\" \/>\n<script type=\"application\/ld+json\" class=\"yoast-schema-graph\">{\"@context\":\"https:\\\/\\\/schema.org\",\"@graph\":[{\"@type\":\"Article\",\"@id\":\"https:\\\/\\\/www.eldiario.net\\\/portal\\\/2026\\\/05\\\/23\\\/bloqueos-destruyen-asfalto-de-carreteras\\\/#article\",\"isPartOf\":{\"@id\":\"https:\\\/\\\/www.eldiario.net\\\/portal\\\/2026\\\/05\\\/23\\\/bloqueos-destruyen-asfalto-de-carreteras\\\/\"},\"author\":{\"name\":\"Jeanette\",\"@id\":\"https:\\\/\\\/www.eldiario.net\\\/portal\\\/#\\\/schema\\\/person\\\/2c57cf2b7a7ae032e449e4c9b1019eac\"},\"headline\":\"Bloqueos destruyen asfalto de carreteras\",\"datePublished\":\"2026-05-23T11:39:15+00:00\",\"mainEntityOfPage\":{\"@id\":\"https:\\\/\\\/www.eldiario.net\\\/portal\\\/2026\\\/05\\\/23\\\/bloqueos-destruyen-asfalto-de-carreteras\\\/\"},\"wordCount\":350,\"publisher\":{\"@id\":\"https:\\\/\\\/www.eldiario.net\\\/portal\\\/#organization\"},\"image\":{\"@id\":\"https:\\\/\\\/www.eldiario.net\\\/portal\\\/2026\\\/05\\\/23\\\/bloqueos-destruyen-asfalto-de-carreteras\\\/#primaryimage\"},\"thumbnailUrl\":\"https:\\\/\\\/www.eldiario.net\\\/portal\\\/wp-content\\\/uploads\\\/2026\\\/05\\\/vias.webp\",\"articleSection\":[\"Econom\u00eda\"],\"inLanguage\":\"es\"},{\"@type\":\"WebPage\",\"@id\":\"https:\\\/\\\/www.eldiario.net\\\/portal\\\/2026\\\/05\\\/23\\\/bloqueos-destruyen-asfalto-de-carreteras\\\/\",\"url\":\"https:\\\/\\\/www.eldiario.net\\\/portal\\\/2026\\\/05\\\/23\\\/bloqueos-destruyen-asfalto-de-carreteras\\\/\",\"name\":\"Bloqueos destruyen asfalto de carreteras - El Diario - Bolivia\",\"isPartOf\":{\"@id\":\"https:\\\/\\\/www.eldiario.net\\\/portal\\\/#website\"},\"primaryImageOfPage\":{\"@id\":\"https:\\\/\\\/www.eldiario.net\\\/portal\\\/2026\\\/05\\\/23\\\/bloqueos-destruyen-asfalto-de-carreteras\\\/#primaryimage\"},\"image\":{\"@id\":\"https:\\\/\\\/www.eldiario.net\\\/portal\\\/2026\\\/05\\\/23\\\/bloqueos-destruyen-asfalto-de-carreteras\\\/#primaryimage\"},\"thumbnailUrl\":\"https:\\\/\\\/www.eldiario.net\\\/portal\\\/wp-content\\\/uploads\\\/2026\\\/05\\\/vias.webp\",\"datePublished\":\"2026-05-23T11:39:15+00:00\",\"breadcrumb\":{\"@id\":\"https:\\\/\\\/www.eldiario.net\\\/portal\\\/2026\\\/05\\\/23\\\/bloqueos-destruyen-asfalto-de-carreteras\\\/#breadcrumb\"},\"inLanguage\":\"es\",\"potentialAction\":[{\"@type\":\"ReadAction\",\"target\":[\"https:\\\/\\\/www.eldiario.net\\\/portal\\\/2026\\\/05\\\/23\\\/bloqueos-destruyen-asfalto-de-carreteras\\\/\"]}]},{\"@type\":\"ImageObject\",\"inLanguage\":\"es\",\"@id\":\"https:\\\/\\\/www.eldiario.net\\\/portal\\\/2026\\\/05\\\/23\\\/bloqueos-destruyen-asfalto-de-carreteras\\\/#primaryimage\",\"url\":\"https:\\\/\\\/www.eldiario.net\\\/portal\\\/wp-content\\\/uploads\\\/2026\\\/05\\\/vias.webp\",\"contentUrl\":\"https:\\\/\\\/www.eldiario.net\\\/portal\\\/wp-content\\\/uploads\\\/2026\\\/05\\\/vias.webp\",\"width\":1280,\"height\":960,\"caption\":\"Quema de llantas afecta el asfalto.\"},{\"@type\":\"BreadcrumbList\",\"@id\":\"https:\\\/\\\/www.eldiario.net\\\/portal\\\/2026\\\/05\\\/23\\\/bloqueos-destruyen-asfalto-de-carreteras\\\/#breadcrumb\",\"itemListElement\":[{\"@type\":\"ListItem\",\"position\":1,\"name\":\"Portada\",\"item\":\"https:\\\/\\\/www.eldiario.net\\\/portal\\\/\"},{\"@type\":\"ListItem\",\"position\":2,\"name\":\"Bloqueos destruyen asfalto de carreteras\"}]},{\"@type\":\"WebSite\",\"@id\":\"https:\\\/\\\/www.eldiario.net\\\/portal\\\/#website\",\"url\":\"https:\\\/\\\/www.eldiario.net\\\/portal\\\/\",\"name\":\"El Diario - Decano de la prensa nacional\",\"description\":\"El Diario - Decano de la prensa nacional\",\"publisher\":{\"@id\":\"https:\\\/\\\/www.eldiario.net\\\/portal\\\/#organization\"},\"potentialAction\":[{\"@type\":\"SearchAction\",\"target\":{\"@type\":\"EntryPoint\",\"urlTemplate\":\"https:\\\/\\\/www.eldiario.net\\\/portal\\\/?s={search_term_string}\"},\"query-input\":{\"@type\":\"PropertyValueSpecification\",\"valueRequired\":true,\"valueName\":\"search_term_string\"}}],\"inLanguage\":\"es\"},{\"@type\":\"Organization\",\"@id\":\"https:\\\/\\\/www.eldiario.net\\\/portal\\\/#organization\",\"name\":\"El Diario - Decano de la prensa nacional\",\"url\":\"https:\\\/\\\/www.eldiario.net\\\/portal\\\/\",\"logo\":{\"@type\":\"ImageObject\",\"inLanguage\":\"es\",\"@id\":\"https:\\\/\\\/www.eldiario.net\\\/portal\\\/#\\\/schema\\\/logo\\\/image\\\/\",\"url\":\"https:\\\/\\\/www.eldiario.net\\\/portal\\\/wp-content\\\/uploads\\\/2023\\\/07\\\/logo_ED.jpg\",\"contentUrl\":\"https:\\\/\\\/www.eldiario.net\\\/portal\\\/wp-content\\\/uploads\\\/2023\\\/07\\\/logo_ED.jpg\",\"width\":272,\"height\":52,\"caption\":\"El Diario - Decano de la prensa nacional\"},\"image\":{\"@id\":\"https:\\\/\\\/www.eldiario.net\\\/portal\\\/#\\\/schema\\\/logo\\\/image\\\/\"},\"sameAs\":[\"https:\\\/\\\/www.facebook.com\\\/eldiario.bolivia\\\/\",\"https:\\\/\\\/x.com\\\/eldiario_net\"]},{\"@type\":\"Person\",\"@id\":\"https:\\\/\\\/www.eldiario.net\\\/portal\\\/#\\\/schema\\\/person\\\/2c57cf2b7a7ae032e449e4c9b1019eac\",\"name\":\"Jeanette\",\"image\":{\"@type\":\"ImageObject\",\"inLanguage\":\"es\",\"@id\":\"https:\\\/\\\/secure.gravatar.com\\\/avatar\\\/3ea2118a5f7dad2b7138b1187a6b7ee55f160b9968b66013c3a3ef39dd7e5798?s=96&d=mm&r=g\",\"url\":\"https:\\\/\\\/secure.gravatar.com\\\/avatar\\\/3ea2118a5f7dad2b7138b1187a6b7ee55f160b9968b66013c3a3ef39dd7e5798?s=96&d=mm&r=g\",\"contentUrl\":\"https:\\\/\\\/secure.gravatar.com\\\/avatar\\\/3ea2118a5f7dad2b7138b1187a6b7ee55f160b9968b66013c3a3ef39dd7e5798?s=96&d=mm&r=g\",\"caption\":\"Jeanette\"},\"sameAs\":[\"https:\\\/\\\/www.eldiario.net\\\/portal\"],\"url\":\"https:\\\/\\\/www.eldiario.net\\\/portal\\\/author\\\/jeanette\\\/\"}]}<\/script>\n<!-- \/ Yoast SEO plugin. -->","yoast_head_json":{"title":"Bloqueos destruyen asfalto de carreteras - El Diario - Bolivia","robots":{"index":"index","follow":"follow","max-snippet":"max-snippet:-1","max-image-preview":"max-image-preview:large","max-video-preview":"max-video-preview:-1"},"canonical":"https:\/\/www.eldiario.net\/portal\/2026\/05\/23\/bloqueos-destruyen-asfalto-de-carreteras\/","og_locale":"es_ES","og_type":"article","og_title":"Bloqueos destruyen asfalto de carreteras - El Diario - Bolivia","og_description":"Los bloqueos no s\u00f3lo perjudican el tr\u00e1nsito vehicular, sino tambi\u00e9n destruyen por la quema de llantas en plena v\u00eda p\u00fablica, lo que deteriora el asfalto y perjudicar\u00e1 al transporte, por ello autoridades de gobierno piden no destruir las carreteras. Para evitar deformaciones y agrietamientos acelerados en las rutas troncales a causa de fogatas y la [&hellip;]","og_url":"https:\/\/www.eldiario.net\/portal\/2026\/05\/23\/bloqueos-destruyen-asfalto-de-carreteras\/","og_site_name":"El Diario - Bolivia","article_publisher":"https:\/\/www.facebook.com\/eldiario.bolivia\/","article_published_time":"2026-05-23T11:39:15+00:00","og_image":[{"width":1280,"height":960,"url":"https:\/\/www.eldiario.net\/portal\/wp-content\/uploads\/2026\/05\/vias.webp","type":"image\/webp"}],"author":"Jeanette","twitter_card":"summary_large_image","twitter_creator":"@eldiario_net","twitter_site":"@eldiario_net","twitter_misc":{"Escrito por":"Jeanette","Tiempo de lectura":"2 minutos"},"schema":{"@context":"https:\/\/schema.org","@graph":[{"@type":"Article","@id":"https:\/\/www.eldiario.net\/portal\/2026\/05\/23\/bloqueos-destruyen-asfalto-de-carreteras\/#article","isPartOf":{"@id":"https:\/\/www.eldiario.net\/portal\/2026\/05\/23\/bloqueos-destruyen-asfalto-de-carreteras\/"},"author":{"name":"Jeanette","@id":"https:\/\/www.eldiario.net\/portal\/#\/schema\/person\/2c57cf2b7a7ae032e449e4c9b1019eac"},"headline":"Bloqueos destruyen asfalto de carreteras","datePublished":"2026-05-23T11:39:15+00:00","mainEntityOfPage":{"@id":"https:\/\/www.eldiario.net\/portal\/2026\/05\/23\/bloqueos-destruyen-asfalto-de-carreteras\/"},"wordCount":350,"publisher":{"@id":"https:\/\/www.eldiario.net\/portal\/#organization"},"image":{"@id":"https:\/\/www.eldiario.net\/portal\/2026\/05\/23\/bloqueos-destruyen-asfalto-de-carreteras\/#primaryimage"},"thumbnailUrl":"https:\/\/www.eldiario.net\/portal\/wp-content\/uploads\/2026\/05\/vias.webp","articleSection":["Econom\u00eda"],"inLanguage":"es"},{"@type":"WebPage","@id":"https:\/\/www.eldiario.net\/portal\/2026\/05\/23\/bloqueos-destruyen-asfalto-de-carreteras\/","url":"https:\/\/www.eldiario.net\/portal\/2026\/05\/23\/bloqueos-destruyen-asfalto-de-carreteras\/","name":"Bloqueos destruyen asfalto de carreteras - El Diario - Bolivia","isPartOf":{"@id":"https:\/\/www.eldiario.net\/portal\/#website"},"primaryImageOfPage":{"@id":"https:\/\/www.eldiario.net\/portal\/2026\/05\/23\/bloqueos-destruyen-asfalto-de-carreteras\/#primaryimage"},"image":{"@id":"https:\/\/www.eldiario.net\/portal\/2026\/05\/23\/bloqueos-destruyen-asfalto-de-carreteras\/#primaryimage"},"thumbnailUrl":"https:\/\/www.eldiario.net\/portal\/wp-content\/uploads\/2026\/05\/vias.webp","datePublished":"2026-05-23T11:39:15+00:00","breadcrumb":{"@id":"https:\/\/www.eldiario.net\/portal\/2026\/05\/23\/bloqueos-destruyen-asfalto-de-carreteras\/#breadcrumb"},"inLanguage":"es","potentialAction":[{"@type":"ReadAction","target":["https:\/\/www.eldiario.net\/portal\/2026\/05\/23\/bloqueos-destruyen-asfalto-de-carreteras\/"]}]},{"@type":"ImageObject","inLanguage":"es","@id":"https:\/\/www.eldiario.net\/portal\/2026\/05\/23\/bloqueos-destruyen-asfalto-de-carreteras\/#primaryimage","url":"https:\/\/www.eldiario.net\/portal\/wp-content\/uploads\/2026\/05\/vias.webp","contentUrl":"https:\/\/www.eldiario.net\/portal\/wp-content\/uploads\/2026\/05\/vias.webp","width":1280,"height":960,"caption":"Quema de llantas afecta el asfalto."},{"@type":"BreadcrumbList","@id":"https:\/\/www.eldiario.net\/portal\/2026\/05\/23\/bloqueos-destruyen-asfalto-de-carreteras\/#breadcrumb","itemListElement":[{"@type":"ListItem","position":1,"name":"Portada","item":"https:\/\/www.eldiario.net\/portal\/"},{"@type":"ListItem","position":2,"name":"Bloqueos destruyen asfalto de carreteras"}]},{"@type":"WebSite","@id":"https:\/\/www.eldiario.net\/portal\/#website","url":"https:\/\/www.eldiario.net\/portal\/","name":"El Diario - Decano de la prensa nacional","description":"El Diario - Decano de la prensa nacional","publisher":{"@id":"https:\/\/www.eldiario.net\/portal\/#organization"},"potentialAction":[{"@type":"SearchAction","target":{"@type":"EntryPoint","urlTemplate":"https:\/\/www.eldiario.net\/portal\/?s={search_term_string}"},"query-input":{"@type":"PropertyValueSpecification","valueRequired":true,"valueName":"search_term_string"}}],"inLanguage":"es"},{"@type":"Organization","@id":"https:\/\/www.eldiario.net\/portal\/#organization","name":"El Diario - Decano de la prensa nacional","url":"https:\/\/www.eldiario.net\/portal\/","logo":{"@type":"ImageObject","inLanguage":"es","@id":"https:\/\/www.eldiario.net\/portal\/#\/schema\/logo\/image\/","url":"https:\/\/www.eldiario.net\/portal\/wp-content\/uploads\/2023\/07\/logo_ED.jpg","contentUrl":"https:\/\/www.eldiario.net\/portal\/wp-content\/uploads\/2023\/07\/logo_ED.jpg","width":272,"height":52,"caption":"El Diario - Decano de la prensa nacional"},"image":{"@id":"https:\/\/www.eldiario.net\/portal\/#\/schema\/logo\/image\/"},"sameAs":["https:\/\/www.facebook.com\/eldiario.bolivia\/","https:\/\/x.com\/eldiario_net"]},{"@type":"Person","@id":"https:\/\/www.eldiario.net\/portal\/#\/schema\/person\/2c57cf2b7a7ae032e449e4c9b1019eac","name":"Jeanette","image":{"@type":"ImageObject","inLanguage":"es","@id":"https:\/\/secure.gravatar.com\/avatar\/3ea2118a5f7dad2b7138b1187a6b7ee55f160b9968b66013c3a3ef39dd7e5798?s=96&d=mm&r=g","url":"https:\/\/secure.gravatar.com\/avatar\/3ea2118a5f7dad2b7138b1187a6b7ee55f160b9968b66013c3a3ef39dd7e5798?s=96&d=mm&r=g","contentUrl":"https:\/\/secure.gravatar.com\/avatar\/3ea2118a5f7dad2b7138b1187a6b7ee55f160b9968b66013c3a3ef39dd7e5798?s=96&d=mm&r=g","caption":"Jeanette"},"sameAs":["https:\/\/www.eldiario.net\/portal"],"url":"https:\/\/www.eldiario.net\/portal\/author\/jeanette\/"}]}},"_links":{"self":[{"href":"https:\/\/www.eldiario.net\/portal\/wp-json\/wp\/v2\/posts\/397136","targetHints":{"allow":["GET"]}}],"collection":[{"href":"https:\/\/www.eldiario.net\/portal\/wp-json\/wp\/v2\/posts"}],"about":[{"href":"https:\/\/www.eldiario.net\/portal\/wp-json\/wp\/v2\/types\/post"}],"author":[{"embeddable":true,"href":"https:\/\/www.eldiario.net\/portal\/wp-json\/wp\/v2\/users\/1"}],"replies":[{"embeddable":true,"href":"https:\/\/www.eldiario.net\/portal\/wp-json\/wp\/v2\/comments?post=397136"}],"version-history":[{"count":1,"href":"https:\/\/www.eldiario.net\/portal\/wp-json\/wp\/v2\/posts\/397136\/revisions"}],"predecessor-version":[{"id":397138,"href":"https:\/\/www.eldiario.net\/portal\/wp-json\/wp\/v2\/posts\/397136\/revisions\/397138"}],"wp:featuredmedia":[{"embeddable":true,"href":"https:\/\/www.eldiario.net\/portal\/wp-json\/wp\/v2\/media\/397137"}],"wp:attachment":[{"href":"https:\/\/www.eldiario.net\/portal\/wp-json\/wp\/v2\/media?parent=397136"}],"wp:term":[{"taxonomy":"category","embeddable":true,"href":"https:\/\/www.eldiario.net\/portal\/wp-json\/wp\/v2\/categories?post=397136"},{"taxonomy":"post_tag","embeddable":true,"href":"https:\/\/www.eldiario.net\/portal\/wp-json\/wp\/v2\/tags?post=397136"}],"curies":[{"name":"wp","href":"https:\/\/api.w.org\/{rel}","templated":true}]}}