{"id":397133,"date":"2026-05-23T07:37:46","date_gmt":"2026-05-23T11:37:46","guid":{"rendered":"https:\/\/www.eldiario.net\/portal\/?p=397133"},"modified":"2026-05-23T07:37:46","modified_gmt":"2026-05-23T11:37:46","slug":"transportistas-secuestrados-por-bloqueadores-y-abandonados","status":"publish","type":"post","link":"https:\/\/www.eldiario.net\/portal\/2026\/05\/23\/transportistas-secuestrados-por-bloqueadores-y-abandonados\/","title":{"rendered":"Transportistas \u201csecuestrados\u201d por bloqueadores y abandonados"},"content":{"rendered":"<p>En el actual contexto de bloqueos, donde camioneros se encuentran varados en las carreteras, el presidente de la C\u00e1mara de Transporte de La Paz (Cadetran), \u00c1lvaro Ayll\u00f3n, explic\u00f3 que los conductores se encuentran \u201csecuestrados\u201d entre la intransigencia de los manifestantes y el abandono del Estado. Reclaman un paso humanitario.<br \/>\nAyll\u00f3n denunci\u00f3 ayer que los transportistas cumplen 18 d\u00edas atrapados en rutas bloqueadas, soportando hambre, fr\u00edo y la falta de apoyo de las autoridades, situaci\u00f3n que ha generado molestia.<br \/>\nSe\u00f1al\u00f3 que no ven apoyo del Gobierno, al se\u00f1alar que ninguna autoridad se acerc\u00f3 a brindar asistencia a los choferes afectados.<br \/>\n\u201cHoy nos hemos sentido muy abandonados, desprotegidos porque no hay presencia del Estado en las carreteras y nosotros estamos resguardando nuestros camiones, nuestra mercader\u00eda por nuestra cuenta\u201d, manifest\u00f3.<br \/>\nAsimismo, el directivo asegur\u00f3 que desde el 5 de mayo solicitaron un \u201ccuarto intermedio\u201d y un \u201cpaso humanitario\u201d para permitir el tr\u00e1nsito de los veh\u00edculos varados, pero afirm\u00f3 que no recibieron respuesta, especialmente en los puntos de bloqueo del occidente del pa\u00eds.<br \/>\n\u201cHay mucha intransigencia de parte de los que est\u00e1n bloqueando y les pedimos sensibilidad con los conductores\u201d, expres\u00f3 Ayll\u00f3n, quien advirti\u00f3 que el conflicto no puede prolongarse m\u00e1s tiempo debido al perjuicio econ\u00f3mico y humano que ocasiona al sector.<br \/>\nEn ese contexto, sostuvo que el movimiento de protesta muestra se\u00f1ales de debilitamiento, aunque cuestion\u00f3 la falta de una soluci\u00f3n definitiva entre el Gobierno y los sectores movilizados. \u201cDeb\u00eda encenderse el di\u00e1logo, el Gobierno y las partes que est\u00e1n moviliz\u00e1ndose, para dar un cierre definitivo a este problema\u201d, asever\u00f3.<br \/>\nCadetran estim\u00f3 que los 18 d\u00edas de bloqueos representan p\u00e9rdidas cercanas a los 90 millones de bolivianos para el sector transporte, equivalentes a unos cinco millones diarios. A ello se suman entre 12 y 15 millones de bolivianos en multas por sobreestad\u00eda de contenedores.<br \/>\nAyll\u00f3n dijo que el sector exige al Gobierno gestionar una ampliaci\u00f3n de plazos para la devoluci\u00f3n de contenedores ante las navieras, debido a que los bloqueos impidieron el traslado normal de la carga.<\/p>\n","protected":false},"excerpt":{"rendered":"<p>En el actual contexto de bloqueos, donde camioneros se encuentran varados en las carreteras, el presidente de la C\u00e1mara de Transporte de La Paz (Cadetran), \u00c1lvaro Ayll\u00f3n, explic\u00f3 que los conductores se encuentran \u201csecuestrados\u201d entre la intransigencia de los manifestantes y el abandono del Estado. Reclaman un paso humanitario. Ayll\u00f3n denunci\u00f3 ayer que los transportistas [&hellip;]<\/p>\n","protected":false},"author":1,"featured_media":397134,"comment_status":"closed","ping_status":"open","sticky":false,"template":"","format":"standard","meta":{"_acf_changed":false,"footnotes":""},"categories":[7],"tags":[],"class_list":["post-397133","post","type-post","status-publish","format-standard","has-post-thumbnail","category-economia"],"acf":{"antetitulo":""},"yoast_head":"<!-- This site is optimized with the Yoast SEO plugin v28.4 - https:\/\/yoast.com\/product\/yoast-seo-wordpress\/ -->\n<title>Transportistas \u201csecuestrados\u201d por bloqueadores y abandonados - El Diario - Bolivia<\/title>\n<meta name=\"robots\" content=\"index, follow, max-snippet:-1, max-image-preview:large, max-video-preview:-1\" \/>\n<link rel=\"canonical\" href=\"https:\/\/www.eldiario.net\/portal\/2026\/05\/23\/transportistas-secuestrados-por-bloqueadores-y-abandonados\/\" \/>\n<meta property=\"og:locale\" content=\"es_ES\" \/>\n<meta property=\"og:type\" content=\"article\" \/>\n<meta property=\"og:title\" content=\"Transportistas \u201csecuestrados\u201d por bloqueadores y abandonados - El Diario - Bolivia\" \/>\n<meta property=\"og:description\" content=\"En el actual contexto de bloqueos, donde camioneros se encuentran varados en las carreteras, el presidente de la C\u00e1mara de Transporte de La Paz (Cadetran), \u00c1lvaro Ayll\u00f3n, explic\u00f3 que los conductores se encuentran \u201csecuestrados\u201d entre la intransigencia de los manifestantes y el abandono del Estado. Reclaman un paso humanitario. Ayll\u00f3n denunci\u00f3 ayer que los transportistas [&hellip;]\" \/>\n<meta property=\"og:url\" content=\"https:\/\/www.eldiario.net\/portal\/2026\/05\/23\/transportistas-secuestrados-por-bloqueadores-y-abandonados\/\" \/>\n<meta property=\"og:site_name\" content=\"El Diario - Bolivia\" \/>\n<meta property=\"article:publisher\" content=\"https:\/\/www.facebook.com\/eldiario.bolivia\/\" \/>\n<meta property=\"article:published_time\" content=\"2026-05-23T11:37:46+00:00\" \/>\n<meta property=\"og:image\" content=\"https:\/\/www.eldiario.net\/portal\/wp-content\/uploads\/2026\/05\/trans.webp\" \/>\n\t<meta property=\"og:image:width\" content=\"1204\" \/>\n\t<meta property=\"og:image:height\" content=\"700\" \/>\n\t<meta property=\"og:image:type\" content=\"image\/webp\" \/>\n<meta name=\"author\" content=\"Jeanette\" \/>\n<meta name=\"twitter:card\" content=\"summary_large_image\" \/>\n<meta name=\"twitter:creator\" content=\"@eldiario_net\" \/>\n<meta name=\"twitter:site\" content=\"@eldiario_net\" \/>\n<meta name=\"twitter:label1\" content=\"Escrito por\" \/>\n\t<meta name=\"twitter:data1\" content=\"Jeanette\" \/>\n\t<meta name=\"twitter:label2\" content=\"Tiempo de lectura\" \/>\n\t<meta name=\"twitter:data2\" content=\"2 minutos\" \/>\n<script type=\"application\/ld+json\" class=\"yoast-schema-graph\">{\"@context\":\"https:\\\/\\\/schema.org\",\"@graph\":[{\"@type\":\"Article\",\"@id\":\"https:\\\/\\\/www.eldiario.net\\\/portal\\\/2026\\\/05\\\/23\\\/transportistas-secuestrados-por-bloqueadores-y-abandonados\\\/#article\",\"isPartOf\":{\"@id\":\"https:\\\/\\\/www.eldiario.net\\\/portal\\\/2026\\\/05\\\/23\\\/transportistas-secuestrados-por-bloqueadores-y-abandonados\\\/\"},\"author\":{\"name\":\"Jeanette\",\"@id\":\"https:\\\/\\\/www.eldiario.net\\\/portal\\\/#\\\/schema\\\/person\\\/2c57cf2b7a7ae032e449e4c9b1019eac\"},\"headline\":\"Transportistas \u201csecuestrados\u201d por bloqueadores y abandonados\",\"datePublished\":\"2026-05-23T11:37:46+00:00\",\"mainEntityOfPage\":{\"@id\":\"https:\\\/\\\/www.eldiario.net\\\/portal\\\/2026\\\/05\\\/23\\\/transportistas-secuestrados-por-bloqueadores-y-abandonados\\\/\"},\"wordCount\":362,\"publisher\":{\"@id\":\"https:\\\/\\\/www.eldiario.net\\\/portal\\\/#organization\"},\"image\":{\"@id\":\"https:\\\/\\\/www.eldiario.net\\\/portal\\\/2026\\\/05\\\/23\\\/transportistas-secuestrados-por-bloqueadores-y-abandonados\\\/#primaryimage\"},\"thumbnailUrl\":\"https:\\\/\\\/www.eldiario.net\\\/portal\\\/wp-content\\\/uploads\\\/2026\\\/05\\\/trans.webp\",\"articleSection\":[\"Econom\u00eda\"],\"inLanguage\":\"es\"},{\"@type\":\"WebPage\",\"@id\":\"https:\\\/\\\/www.eldiario.net\\\/portal\\\/2026\\\/05\\\/23\\\/transportistas-secuestrados-por-bloqueadores-y-abandonados\\\/\",\"url\":\"https:\\\/\\\/www.eldiario.net\\\/portal\\\/2026\\\/05\\\/23\\\/transportistas-secuestrados-por-bloqueadores-y-abandonados\\\/\",\"name\":\"Transportistas \u201csecuestrados\u201d por bloqueadores y abandonados - El Diario - Bolivia\",\"isPartOf\":{\"@id\":\"https:\\\/\\\/www.eldiario.net\\\/portal\\\/#website\"},\"primaryImageOfPage\":{\"@id\":\"https:\\\/\\\/www.eldiario.net\\\/portal\\\/2026\\\/05\\\/23\\\/transportistas-secuestrados-por-bloqueadores-y-abandonados\\\/#primaryimage\"},\"image\":{\"@id\":\"https:\\\/\\\/www.eldiario.net\\\/portal\\\/2026\\\/05\\\/23\\\/transportistas-secuestrados-por-bloqueadores-y-abandonados\\\/#primaryimage\"},\"thumbnailUrl\":\"https:\\\/\\\/www.eldiario.net\\\/portal\\\/wp-content\\\/uploads\\\/2026\\\/05\\\/trans.webp\",\"datePublished\":\"2026-05-23T11:37:46+00:00\",\"breadcrumb\":{\"@id\":\"https:\\\/\\\/www.eldiario.net\\\/portal\\\/2026\\\/05\\\/23\\\/transportistas-secuestrados-por-bloqueadores-y-abandonados\\\/#breadcrumb\"},\"inLanguage\":\"es\",\"potentialAction\":[{\"@type\":\"ReadAction\",\"target\":[\"https:\\\/\\\/www.eldiario.net\\\/portal\\\/2026\\\/05\\\/23\\\/transportistas-secuestrados-por-bloqueadores-y-abandonados\\\/\"]}]},{\"@type\":\"ImageObject\",\"inLanguage\":\"es\",\"@id\":\"https:\\\/\\\/www.eldiario.net\\\/portal\\\/2026\\\/05\\\/23\\\/transportistas-secuestrados-por-bloqueadores-y-abandonados\\\/#primaryimage\",\"url\":\"https:\\\/\\\/www.eldiario.net\\\/portal\\\/wp-content\\\/uploads\\\/2026\\\/05\\\/trans.webp\",\"contentUrl\":\"https:\\\/\\\/www.eldiario.net\\\/portal\\\/wp-content\\\/uploads\\\/2026\\\/05\\\/trans.webp\",\"width\":1204,\"height\":700,\"caption\":\"camiones varados por el cierre de v\u00edas.\"},{\"@type\":\"BreadcrumbList\",\"@id\":\"https:\\\/\\\/www.eldiario.net\\\/portal\\\/2026\\\/05\\\/23\\\/transportistas-secuestrados-por-bloqueadores-y-abandonados\\\/#breadcrumb\",\"itemListElement\":[{\"@type\":\"ListItem\",\"position\":1,\"name\":\"Portada\",\"item\":\"https:\\\/\\\/www.eldiario.net\\\/portal\\\/\"},{\"@type\":\"ListItem\",\"position\":2,\"name\":\"Transportistas \u201csecuestrados\u201d por bloqueadores y abandonados\"}]},{\"@type\":\"WebSite\",\"@id\":\"https:\\\/\\\/www.eldiario.net\\\/portal\\\/#website\",\"url\":\"https:\\\/\\\/www.eldiario.net\\\/portal\\\/\",\"name\":\"El Diario - Decano de la prensa nacional\",\"description\":\"El Diario - Decano de la prensa nacional\",\"publisher\":{\"@id\":\"https:\\\/\\\/www.eldiario.net\\\/portal\\\/#organization\"},\"potentialAction\":[{\"@type\":\"SearchAction\",\"target\":{\"@type\":\"EntryPoint\",\"urlTemplate\":\"https:\\\/\\\/www.eldiario.net\\\/portal\\\/?s={search_term_string}\"},\"query-input\":{\"@type\":\"PropertyValueSpecification\",\"valueRequired\":true,\"valueName\":\"search_term_string\"}}],\"inLanguage\":\"es\"},{\"@type\":\"Organization\",\"@id\":\"https:\\\/\\\/www.eldiario.net\\\/portal\\\/#organization\",\"name\":\"El Diario - Decano de la prensa nacional\",\"url\":\"https:\\\/\\\/www.eldiario.net\\\/portal\\\/\",\"logo\":{\"@type\":\"ImageObject\",\"inLanguage\":\"es\",\"@id\":\"https:\\\/\\\/www.eldiario.net\\\/portal\\\/#\\\/schema\\\/logo\\\/image\\\/\",\"url\":\"https:\\\/\\\/www.eldiario.net\\\/portal\\\/wp-content\\\/uploads\\\/2023\\\/07\\\/logo_ED.jpg\",\"contentUrl\":\"https:\\\/\\\/www.eldiario.net\\\/portal\\\/wp-content\\\/uploads\\\/2023\\\/07\\\/logo_ED.jpg\",\"width\":272,\"height\":52,\"caption\":\"El Diario - Decano de la prensa nacional\"},\"image\":{\"@id\":\"https:\\\/\\\/www.eldiario.net\\\/portal\\\/#\\\/schema\\\/logo\\\/image\\\/\"},\"sameAs\":[\"https:\\\/\\\/www.facebook.com\\\/eldiario.bolivia\\\/\",\"https:\\\/\\\/x.com\\\/eldiario_net\"]},{\"@type\":\"Person\",\"@id\":\"https:\\\/\\\/www.eldiario.net\\\/portal\\\/#\\\/schema\\\/person\\\/2c57cf2b7a7ae032e449e4c9b1019eac\",\"name\":\"Jeanette\",\"image\":{\"@type\":\"ImageObject\",\"inLanguage\":\"es\",\"@id\":\"https:\\\/\\\/secure.gravatar.com\\\/avatar\\\/3ea2118a5f7dad2b7138b1187a6b7ee55f160b9968b66013c3a3ef39dd7e5798?s=96&d=mm&r=g\",\"url\":\"https:\\\/\\\/secure.gravatar.com\\\/avatar\\\/3ea2118a5f7dad2b7138b1187a6b7ee55f160b9968b66013c3a3ef39dd7e5798?s=96&d=mm&r=g\",\"contentUrl\":\"https:\\\/\\\/secure.gravatar.com\\\/avatar\\\/3ea2118a5f7dad2b7138b1187a6b7ee55f160b9968b66013c3a3ef39dd7e5798?s=96&d=mm&r=g\",\"caption\":\"Jeanette\"},\"sameAs\":[\"https:\\\/\\\/www.eldiario.net\\\/portal\"],\"url\":\"https:\\\/\\\/www.eldiario.net\\\/portal\\\/author\\\/jeanette\\\/\"}]}<\/script>\n<!-- \/ Yoast SEO plugin. -->","yoast_head_json":{"title":"Transportistas \u201csecuestrados\u201d por bloqueadores y abandonados - El Diario - Bolivia","robots":{"index":"index","follow":"follow","max-snippet":"max-snippet:-1","max-image-preview":"max-image-preview:large","max-video-preview":"max-video-preview:-1"},"canonical":"https:\/\/www.eldiario.net\/portal\/2026\/05\/23\/transportistas-secuestrados-por-bloqueadores-y-abandonados\/","og_locale":"es_ES","og_type":"article","og_title":"Transportistas \u201csecuestrados\u201d por bloqueadores y abandonados - El Diario - Bolivia","og_description":"En el actual contexto de bloqueos, donde camioneros se encuentran varados en las carreteras, el presidente de la C\u00e1mara de Transporte de La Paz (Cadetran), \u00c1lvaro Ayll\u00f3n, explic\u00f3 que los conductores se encuentran \u201csecuestrados\u201d entre la intransigencia de los manifestantes y el abandono del Estado. Reclaman un paso humanitario. Ayll\u00f3n denunci\u00f3 ayer que los transportistas [&hellip;]","og_url":"https:\/\/www.eldiario.net\/portal\/2026\/05\/23\/transportistas-secuestrados-por-bloqueadores-y-abandonados\/","og_site_name":"El Diario - Bolivia","article_publisher":"https:\/\/www.facebook.com\/eldiario.bolivia\/","article_published_time":"2026-05-23T11:37:46+00:00","og_image":[{"width":1204,"height":700,"url":"https:\/\/www.eldiario.net\/portal\/wp-content\/uploads\/2026\/05\/trans.webp","type":"image\/webp"}],"author":"Jeanette","twitter_card":"summary_large_image","twitter_creator":"@eldiario_net","twitter_site":"@eldiario_net","twitter_misc":{"Escrito por":"Jeanette","Tiempo de lectura":"2 minutos"},"schema":{"@context":"https:\/\/schema.org","@graph":[{"@type":"Article","@id":"https:\/\/www.eldiario.net\/portal\/2026\/05\/23\/transportistas-secuestrados-por-bloqueadores-y-abandonados\/#article","isPartOf":{"@id":"https:\/\/www.eldiario.net\/portal\/2026\/05\/23\/transportistas-secuestrados-por-bloqueadores-y-abandonados\/"},"author":{"name":"Jeanette","@id":"https:\/\/www.eldiario.net\/portal\/#\/schema\/person\/2c57cf2b7a7ae032e449e4c9b1019eac"},"headline":"Transportistas \u201csecuestrados\u201d por bloqueadores y abandonados","datePublished":"2026-05-23T11:37:46+00:00","mainEntityOfPage":{"@id":"https:\/\/www.eldiario.net\/portal\/2026\/05\/23\/transportistas-secuestrados-por-bloqueadores-y-abandonados\/"},"wordCount":362,"publisher":{"@id":"https:\/\/www.eldiario.net\/portal\/#organization"},"image":{"@id":"https:\/\/www.eldiario.net\/portal\/2026\/05\/23\/transportistas-secuestrados-por-bloqueadores-y-abandonados\/#primaryimage"},"thumbnailUrl":"https:\/\/www.eldiario.net\/portal\/wp-content\/uploads\/2026\/05\/trans.webp","articleSection":["Econom\u00eda"],"inLanguage":"es"},{"@type":"WebPage","@id":"https:\/\/www.eldiario.net\/portal\/2026\/05\/23\/transportistas-secuestrados-por-bloqueadores-y-abandonados\/","url":"https:\/\/www.eldiario.net\/portal\/2026\/05\/23\/transportistas-secuestrados-por-bloqueadores-y-abandonados\/","name":"Transportistas \u201csecuestrados\u201d por bloqueadores y abandonados - El Diario - Bolivia","isPartOf":{"@id":"https:\/\/www.eldiario.net\/portal\/#website"},"primaryImageOfPage":{"@id":"https:\/\/www.eldiario.net\/portal\/2026\/05\/23\/transportistas-secuestrados-por-bloqueadores-y-abandonados\/#primaryimage"},"image":{"@id":"https:\/\/www.eldiario.net\/portal\/2026\/05\/23\/transportistas-secuestrados-por-bloqueadores-y-abandonados\/#primaryimage"},"thumbnailUrl":"https:\/\/www.eldiario.net\/portal\/wp-content\/uploads\/2026\/05\/trans.webp","datePublished":"2026-05-23T11:37:46+00:00","breadcrumb":{"@id":"https:\/\/www.eldiario.net\/portal\/2026\/05\/23\/transportistas-secuestrados-por-bloqueadores-y-abandonados\/#breadcrumb"},"inLanguage":"es","potentialAction":[{"@type":"ReadAction","target":["https:\/\/www.eldiario.net\/portal\/2026\/05\/23\/transportistas-secuestrados-por-bloqueadores-y-abandonados\/"]}]},{"@type":"ImageObject","inLanguage":"es","@id":"https:\/\/www.eldiario.net\/portal\/2026\/05\/23\/transportistas-secuestrados-por-bloqueadores-y-abandonados\/#primaryimage","url":"https:\/\/www.eldiario.net\/portal\/wp-content\/uploads\/2026\/05\/trans.webp","contentUrl":"https:\/\/www.eldiario.net\/portal\/wp-content\/uploads\/2026\/05\/trans.webp","width":1204,"height":700,"caption":"camiones varados por el cierre de v\u00edas."},{"@type":"BreadcrumbList","@id":"https:\/\/www.eldiario.net\/portal\/2026\/05\/23\/transportistas-secuestrados-por-bloqueadores-y-abandonados\/#breadcrumb","itemListElement":[{"@type":"ListItem","position":1,"name":"Portada","item":"https:\/\/www.eldiario.net\/portal\/"},{"@type":"ListItem","position":2,"name":"Transportistas \u201csecuestrados\u201d por bloqueadores y abandonados"}]},{"@type":"WebSite","@id":"https:\/\/www.eldiario.net\/portal\/#website","url":"https:\/\/www.eldiario.net\/portal\/","name":"El Diario - Decano de la prensa nacional","description":"El Diario - Decano de la prensa nacional","publisher":{"@id":"https:\/\/www.eldiario.net\/portal\/#organization"},"potentialAction":[{"@type":"SearchAction","target":{"@type":"EntryPoint","urlTemplate":"https:\/\/www.eldiario.net\/portal\/?s={search_term_string}"},"query-input":{"@type":"PropertyValueSpecification","valueRequired":true,"valueName":"search_term_string"}}],"inLanguage":"es"},{"@type":"Organization","@id":"https:\/\/www.eldiario.net\/portal\/#organization","name":"El Diario - Decano de la prensa nacional","url":"https:\/\/www.eldiario.net\/portal\/","logo":{"@type":"ImageObject","inLanguage":"es","@id":"https:\/\/www.eldiario.net\/portal\/#\/schema\/logo\/image\/","url":"https:\/\/www.eldiario.net\/portal\/wp-content\/uploads\/2023\/07\/logo_ED.jpg","contentUrl":"https:\/\/www.eldiario.net\/portal\/wp-content\/uploads\/2023\/07\/logo_ED.jpg","width":272,"height":52,"caption":"El Diario - Decano de la prensa nacional"},"image":{"@id":"https:\/\/www.eldiario.net\/portal\/#\/schema\/logo\/image\/"},"sameAs":["https:\/\/www.facebook.com\/eldiario.bolivia\/","https:\/\/x.com\/eldiario_net"]},{"@type":"Person","@id":"https:\/\/www.eldiario.net\/portal\/#\/schema\/person\/2c57cf2b7a7ae032e449e4c9b1019eac","name":"Jeanette","image":{"@type":"ImageObject","inLanguage":"es","@id":"https:\/\/secure.gravatar.com\/avatar\/3ea2118a5f7dad2b7138b1187a6b7ee55f160b9968b66013c3a3ef39dd7e5798?s=96&d=mm&r=g","url":"https:\/\/secure.gravatar.com\/avatar\/3ea2118a5f7dad2b7138b1187a6b7ee55f160b9968b66013c3a3ef39dd7e5798?s=96&d=mm&r=g","contentUrl":"https:\/\/secure.gravatar.com\/avatar\/3ea2118a5f7dad2b7138b1187a6b7ee55f160b9968b66013c3a3ef39dd7e5798?s=96&d=mm&r=g","caption":"Jeanette"},"sameAs":["https:\/\/www.eldiario.net\/portal"],"url":"https:\/\/www.eldiario.net\/portal\/author\/jeanette\/"}]}},"_links":{"self":[{"href":"https:\/\/www.eldiario.net\/portal\/wp-json\/wp\/v2\/posts\/397133","targetHints":{"allow":["GET"]}}],"collection":[{"href":"https:\/\/www.eldiario.net\/portal\/wp-json\/wp\/v2\/posts"}],"about":[{"href":"https:\/\/www.eldiario.net\/portal\/wp-json\/wp\/v2\/types\/post"}],"author":[{"embeddable":true,"href":"https:\/\/www.eldiario.net\/portal\/wp-json\/wp\/v2\/users\/1"}],"replies":[{"embeddable":true,"href":"https:\/\/www.eldiario.net\/portal\/wp-json\/wp\/v2\/comments?post=397133"}],"version-history":[{"count":1,"href":"https:\/\/www.eldiario.net\/portal\/wp-json\/wp\/v2\/posts\/397133\/revisions"}],"predecessor-version":[{"id":397135,"href":"https:\/\/www.eldiario.net\/portal\/wp-json\/wp\/v2\/posts\/397133\/revisions\/397135"}],"wp:featuredmedia":[{"embeddable":true,"href":"https:\/\/www.eldiario.net\/portal\/wp-json\/wp\/v2\/media\/397134"}],"wp:attachment":[{"href":"https:\/\/www.eldiario.net\/portal\/wp-json\/wp\/v2\/media?parent=397133"}],"wp:term":[{"taxonomy":"category","embeddable":true,"href":"https:\/\/www.eldiario.net\/portal\/wp-json\/wp\/v2\/categories?post=397133"},{"taxonomy":"post_tag","embeddable":true,"href":"https:\/\/www.eldiario.net\/portal\/wp-json\/wp\/v2\/tags?post=397133"}],"curies":[{"name":"wp","href":"https:\/\/api.w.org\/{rel}","templated":true}]}}