{"id":397131,"date":"2026-05-23T07:36:36","date_gmt":"2026-05-23T11:36:36","guid":{"rendered":"https:\/\/www.eldiario.net\/portal\/?p=397131"},"modified":"2026-05-23T07:36:36","modified_gmt":"2026-05-23T11:36:36","slug":"la-poblacion-se-canso-de-resistir-y-ahora-reacciona-2","status":"publish","type":"post","link":"https:\/\/www.eldiario.net\/portal\/2026\/05\/23\/la-poblacion-se-canso-de-resistir-y-ahora-reacciona-2\/","title":{"rendered":"La poblaci\u00f3n se cans\u00f3 de  resistir y ahora reacciona"},"content":{"rendered":"<p>Asegurando que las manifestaciones de rechazo a los bloqueos y otras medidas de presi\u00f3n en varias ciudades demuestran que la mayor\u00eda democr\u00e1tica del pa\u00eds no permitir\u00e1 el derrocamiento de un gobierno leg\u00edtimo, el asamble\u00edsta nacional por La Paz, Alejandro Reyes, observ\u00f3 que la ciudadan\u00eda se cans\u00f3 de resistir y comienza a reaccionar contra los intentos de forzar un quiebre en el orden constitucional.<br \/>\nEn criterio de Reyes, en las \u00faltimas jornadas se ha podido ver el hartazgo de la poblaci\u00f3n hacia una medida que solo perjudica a los m\u00e1s pobres y da\u00f1a severamente la econom\u00eda nacional, lo m\u00e1s preocupante es que los movilizados son una minor\u00eda en comparaci\u00f3n con la gente que quiere vivir en paz y respetando la institucionalidad del Estado boliviano.<br \/>\n\u201cYa se puede ver el despertar de la mayor\u00eda de los bolivianos que no quieren ni van a permitir un derrocamiento o golpe de Estado. Se trata de la gran mayor\u00eda de Bolivia, pr\u00e1cticamente los que hoy asfixian a la ciudad de La Paz, no representan ni al 10% de la poblaci\u00f3n\u201d, dijo Reyes.<br \/>\nSostuvo adem\u00e1s que, falta poco para que la mayor\u00eda democr\u00e1tica de Bolivia termine imponi\u00e9ndose a la l\u00ednea de abuso que se promueve desde el Chapare, a trav\u00e9s de Evo Morales, Mario Argollo y todos los que est\u00e1n detr\u00e1s de las movilizaciones que amenazan la paz social y la estabilidad del Estado.<br \/>\nObserv\u00f3 que la pasividad con que la mayor\u00eda de la poblaci\u00f3n pace\u00f1a y alte\u00f1a resisti\u00f3 las agresiones de grupos violentos dispuestos a destruirlo todo como forma de imponer sus criterios e intereses pol\u00edticos, fue cambiando con el paso de los d\u00edas y ahora se ven manifestaciones de rechazo a los bloqueos y los planes conspirativos contra el Gobierno.<br \/>\n\u201cLa Paz ha resistido y se ve que la gente se est\u00e1 cansando, y por eso se han ido dando varios desbloqueos estos d\u00edas a trav\u00e9s de la poblaci\u00f3n ya molesta por los saqueos, la violencia y los abusos. Se ha visto que se han terminado levantando los bloqueos y correteando a los bloqueadores\u201d, manifest\u00f3.<br \/>\nEn sus an\u00e1lisis, a la reacci\u00f3n de la ciudadan\u00eda contra los bloqueos tambi\u00e9n debe sumarse el paulatino desgaste de las medidas de presi\u00f3n que supuestamente persegu\u00edan reivindicaciones leg\u00edtimas, lo que demuestra un agotamiento no solo de consignas, sino de recursos y devela el inter\u00e9s de derrocar a un gobierno constitucional.<br \/>\nLa noche del jueves, multitudinarias marchas en cinco departamentos del pa\u00eds demandaron el cese de los bloqueos y otras medidas de presi\u00f3n promovidas por grupos radicales que responden a Evo Morales y sus aliados, mismas que exigen la renuncia del presidente Rodrigo Paz.<br \/>\nDesde las ciudades de Cochabamba, Sucre, Santa Cruz, Oruro y Trinidad, ciudadanos agrupados en comit\u00e9s c\u00edvicos, organizaciones civiles, instituciones, universidades, gremios de comerciantes, plataformas ciudadanas, transportistas y juntas vecinales, marcharon en demanda de respeto a la democracia y al orden democr\u00e1tico.<br \/>\nDesde el ente c\u00edvico cruce\u00f1o, se dio un plazo de 48 horas para que el Ejecutivo intervenga los bloqueos y garantice la libre transitabilidad en las carreteras del pa\u00eds, caso contrario se proceder\u00e1 a un desbloqueo por parte de la ciudadan\u00eda.<br \/>\n\u201cAl Gobierno le damos hasta este domingo (ma\u00f1ana) para desbloquear todo el pa\u00eds y Santa Cruz. Caso contrario, somos miles los ciudadanos que vamos a salir a desbloquear\u201d, expres\u00f3 el presidente del Comit\u00e9 C\u00edvico pro Santa Cruz, Stello Cochamanidis, remarcando que no se permitir\u00e1 la ca\u00edda de un gobierno democr\u00e1tico.<br \/>\nSeg\u00fan Reyes, este tipo de manifestaciones, sumadas a los desbloqueos de vecinos en la ciudad de El Alto, demuestra que el pueblo se cans\u00f3 de los bloqueos y toda medida de presi\u00f3n que persiga intereses pol\u00edticos a costa del bienestar y la econom\u00eda de la poblaci\u00f3n.<br \/>\nAsimismo, deja en evidencia que la mayor\u00eda democr\u00e1tica no puede ser sometida por grupos minoritarios que buscan la ca\u00edda de un gobierno a trav\u00e9s de la fuerza y acciones que van en contra de la ley.<br \/>\n\u201cNo estamos frente a un pueblo que se manifiesta, estamos frente a grupos irregulares con financiamiento y en algunos casos armamento, por eso se debe pedir todo el peso de la ley, y respaldo a las fuerzas del orden para contener cualquier conmoci\u00f3n interna\u201d, asegur\u00f3 Reyes, esperando que autoridades trabajen en la desarticulaci\u00f3n de estos grupos despu\u00e9s de superar la presente coyuntura.<br \/>\nFinalmente, compar\u00f3 la actual situaci\u00f3n del pa\u00eds con los hechos sucedidos en otros pa\u00edses de la regi\u00f3n, tras la salida del poder de reg\u00edmenes identificados con el denominado \u201cSocialismo del Siglo XXI\u201d, cuyos l\u00edderes recurrieron y recurren a la violencia para retomar el poder.<\/p>\n","protected":false},"excerpt":{"rendered":"<p>Asegurando que las manifestaciones de rechazo a los bloqueos y otras medidas de presi\u00f3n en varias ciudades demuestran que la mayor\u00eda democr\u00e1tica del pa\u00eds no permitir\u00e1 el derrocamiento de un gobierno leg\u00edtimo, el asamble\u00edsta nacional por La Paz, Alejandro Reyes, observ\u00f3 que la ciudadan\u00eda se cans\u00f3 de resistir y comienza a reaccionar contra los intentos [&hellip;]<\/p>\n","protected":false},"author":1,"featured_media":194754,"comment_status":"closed","ping_status":"open","sticky":false,"template":"","format":"standard","meta":{"_acf_changed":false,"footnotes":""},"categories":[14],"tags":[],"class_list":["post-397131","post","type-post","status-publish","format-standard","has-post-thumbnail","category-politica"],"acf":{"antetitulo":"Contra los bloqueos y la violencia"},"yoast_head":"<!-- This site is optimized with the Yoast SEO plugin v28.4 - https:\/\/yoast.com\/product\/yoast-seo-wordpress\/ -->\n<title>La poblaci\u00f3n se cans\u00f3 de resistir y ahora reacciona - El Diario - Bolivia<\/title>\n<meta name=\"robots\" content=\"index, follow, max-snippet:-1, max-image-preview:large, max-video-preview:-1\" \/>\n<link rel=\"canonical\" href=\"https:\/\/www.eldiario.net\/portal\/2026\/05\/23\/la-poblacion-se-canso-de-resistir-y-ahora-reacciona-2\/\" \/>\n<meta property=\"og:locale\" content=\"es_ES\" \/>\n<meta property=\"og:type\" content=\"article\" \/>\n<meta property=\"og:title\" content=\"La poblaci\u00f3n se cans\u00f3 de resistir y ahora reacciona - El Diario - Bolivia\" \/>\n<meta property=\"og:description\" content=\"Asegurando que las manifestaciones de rechazo a los bloqueos y otras medidas de presi\u00f3n en varias ciudades demuestran que la mayor\u00eda democr\u00e1tica del pa\u00eds no permitir\u00e1 el derrocamiento de un gobierno leg\u00edtimo, el asamble\u00edsta nacional por La Paz, Alejandro Reyes, observ\u00f3 que la ciudadan\u00eda se cans\u00f3 de resistir y comienza a reaccionar contra los intentos [&hellip;]\" \/>\n<meta property=\"og:url\" content=\"https:\/\/www.eldiario.net\/portal\/2026\/05\/23\/la-poblacion-se-canso-de-resistir-y-ahora-reacciona-2\/\" \/>\n<meta property=\"og:site_name\" content=\"El Diario - Bolivia\" \/>\n<meta property=\"article:publisher\" content=\"https:\/\/www.facebook.com\/eldiario.bolivia\/\" \/>\n<meta property=\"article:published_time\" content=\"2026-05-23T11:36:36+00:00\" \/>\n<meta property=\"og:image\" content=\"https:\/\/www.eldiario.net\/portal\/wp-content\/uploads\/2023\/12\/Politica.jpg\" \/>\n\t<meta property=\"og:image:width\" content=\"800\" \/>\n\t<meta property=\"og:image:height\" content=\"500\" \/>\n\t<meta property=\"og:image:type\" content=\"image\/jpeg\" \/>\n<meta name=\"author\" content=\"Jeanette\" \/>\n<meta name=\"twitter:card\" content=\"summary_large_image\" \/>\n<meta name=\"twitter:creator\" content=\"@eldiario_net\" \/>\n<meta name=\"twitter:site\" content=\"@eldiario_net\" \/>\n<meta name=\"twitter:label1\" content=\"Escrito por\" \/>\n\t<meta name=\"twitter:data1\" content=\"Jeanette\" \/>\n\t<meta name=\"twitter:label2\" content=\"Tiempo de lectura\" \/>\n\t<meta name=\"twitter:data2\" content=\"4 minutos\" \/>\n<script type=\"application\/ld+json\" class=\"yoast-schema-graph\">{\"@context\":\"https:\\\/\\\/schema.org\",\"@graph\":[{\"@type\":\"Article\",\"@id\":\"https:\\\/\\\/www.eldiario.net\\\/portal\\\/2026\\\/05\\\/23\\\/la-poblacion-se-canso-de-resistir-y-ahora-reacciona-2\\\/#article\",\"isPartOf\":{\"@id\":\"https:\\\/\\\/www.eldiario.net\\\/portal\\\/2026\\\/05\\\/23\\\/la-poblacion-se-canso-de-resistir-y-ahora-reacciona-2\\\/\"},\"author\":{\"name\":\"Jeanette\",\"@id\":\"https:\\\/\\\/www.eldiario.net\\\/portal\\\/#\\\/schema\\\/person\\\/2c57cf2b7a7ae032e449e4c9b1019eac\"},\"headline\":\"La poblaci\u00f3n se cans\u00f3 de resistir y ahora reacciona\",\"datePublished\":\"2026-05-23T11:36:36+00:00\",\"mainEntityOfPage\":{\"@id\":\"https:\\\/\\\/www.eldiario.net\\\/portal\\\/2026\\\/05\\\/23\\\/la-poblacion-se-canso-de-resistir-y-ahora-reacciona-2\\\/\"},\"wordCount\":837,\"publisher\":{\"@id\":\"https:\\\/\\\/www.eldiario.net\\\/portal\\\/#organization\"},\"image\":{\"@id\":\"https:\\\/\\\/www.eldiario.net\\\/portal\\\/2026\\\/05\\\/23\\\/la-poblacion-se-canso-de-resistir-y-ahora-reacciona-2\\\/#primaryimage\"},\"thumbnailUrl\":\"https:\\\/\\\/www.eldiario.net\\\/portal\\\/wp-content\\\/uploads\\\/2023\\\/12\\\/Politica.jpg\",\"articleSection\":[\"Pol\u00edtica\"],\"inLanguage\":\"es\"},{\"@type\":\"WebPage\",\"@id\":\"https:\\\/\\\/www.eldiario.net\\\/portal\\\/2026\\\/05\\\/23\\\/la-poblacion-se-canso-de-resistir-y-ahora-reacciona-2\\\/\",\"url\":\"https:\\\/\\\/www.eldiario.net\\\/portal\\\/2026\\\/05\\\/23\\\/la-poblacion-se-canso-de-resistir-y-ahora-reacciona-2\\\/\",\"name\":\"La poblaci\u00f3n se cans\u00f3 de resistir y ahora reacciona - El Diario - Bolivia\",\"isPartOf\":{\"@id\":\"https:\\\/\\\/www.eldiario.net\\\/portal\\\/#website\"},\"primaryImageOfPage\":{\"@id\":\"https:\\\/\\\/www.eldiario.net\\\/portal\\\/2026\\\/05\\\/23\\\/la-poblacion-se-canso-de-resistir-y-ahora-reacciona-2\\\/#primaryimage\"},\"image\":{\"@id\":\"https:\\\/\\\/www.eldiario.net\\\/portal\\\/2026\\\/05\\\/23\\\/la-poblacion-se-canso-de-resistir-y-ahora-reacciona-2\\\/#primaryimage\"},\"thumbnailUrl\":\"https:\\\/\\\/www.eldiario.net\\\/portal\\\/wp-content\\\/uploads\\\/2023\\\/12\\\/Politica.jpg\",\"datePublished\":\"2026-05-23T11:36:36+00:00\",\"breadcrumb\":{\"@id\":\"https:\\\/\\\/www.eldiario.net\\\/portal\\\/2026\\\/05\\\/23\\\/la-poblacion-se-canso-de-resistir-y-ahora-reacciona-2\\\/#breadcrumb\"},\"inLanguage\":\"es\",\"potentialAction\":[{\"@type\":\"ReadAction\",\"target\":[\"https:\\\/\\\/www.eldiario.net\\\/portal\\\/2026\\\/05\\\/23\\\/la-poblacion-se-canso-de-resistir-y-ahora-reacciona-2\\\/\"]}]},{\"@type\":\"ImageObject\",\"inLanguage\":\"es\",\"@id\":\"https:\\\/\\\/www.eldiario.net\\\/portal\\\/2026\\\/05\\\/23\\\/la-poblacion-se-canso-de-resistir-y-ahora-reacciona-2\\\/#primaryimage\",\"url\":\"https:\\\/\\\/www.eldiario.net\\\/portal\\\/wp-content\\\/uploads\\\/2023\\\/12\\\/Politica.jpg\",\"contentUrl\":\"https:\\\/\\\/www.eldiario.net\\\/portal\\\/wp-content\\\/uploads\\\/2023\\\/12\\\/Politica.jpg\",\"width\":800,\"height\":500},{\"@type\":\"BreadcrumbList\",\"@id\":\"https:\\\/\\\/www.eldiario.net\\\/portal\\\/2026\\\/05\\\/23\\\/la-poblacion-se-canso-de-resistir-y-ahora-reacciona-2\\\/#breadcrumb\",\"itemListElement\":[{\"@type\":\"ListItem\",\"position\":1,\"name\":\"Portada\",\"item\":\"https:\\\/\\\/www.eldiario.net\\\/portal\\\/\"},{\"@type\":\"ListItem\",\"position\":2,\"name\":\"La poblaci\u00f3n se cans\u00f3 de resistir y ahora reacciona\"}]},{\"@type\":\"WebSite\",\"@id\":\"https:\\\/\\\/www.eldiario.net\\\/portal\\\/#website\",\"url\":\"https:\\\/\\\/www.eldiario.net\\\/portal\\\/\",\"name\":\"El Diario - Decano de la prensa nacional\",\"description\":\"El Diario - Decano de la prensa nacional\",\"publisher\":{\"@id\":\"https:\\\/\\\/www.eldiario.net\\\/portal\\\/#organization\"},\"potentialAction\":[{\"@type\":\"SearchAction\",\"target\":{\"@type\":\"EntryPoint\",\"urlTemplate\":\"https:\\\/\\\/www.eldiario.net\\\/portal\\\/?s={search_term_string}\"},\"query-input\":{\"@type\":\"PropertyValueSpecification\",\"valueRequired\":true,\"valueName\":\"search_term_string\"}}],\"inLanguage\":\"es\"},{\"@type\":\"Organization\",\"@id\":\"https:\\\/\\\/www.eldiario.net\\\/portal\\\/#organization\",\"name\":\"El Diario - Decano de la prensa nacional\",\"url\":\"https:\\\/\\\/www.eldiario.net\\\/portal\\\/\",\"logo\":{\"@type\":\"ImageObject\",\"inLanguage\":\"es\",\"@id\":\"https:\\\/\\\/www.eldiario.net\\\/portal\\\/#\\\/schema\\\/logo\\\/image\\\/\",\"url\":\"https:\\\/\\\/www.eldiario.net\\\/portal\\\/wp-content\\\/uploads\\\/2023\\\/07\\\/logo_ED.jpg\",\"contentUrl\":\"https:\\\/\\\/www.eldiario.net\\\/portal\\\/wp-content\\\/uploads\\\/2023\\\/07\\\/logo_ED.jpg\",\"width\":272,\"height\":52,\"caption\":\"El Diario - Decano de la prensa nacional\"},\"image\":{\"@id\":\"https:\\\/\\\/www.eldiario.net\\\/portal\\\/#\\\/schema\\\/logo\\\/image\\\/\"},\"sameAs\":[\"https:\\\/\\\/www.facebook.com\\\/eldiario.bolivia\\\/\",\"https:\\\/\\\/x.com\\\/eldiario_net\"]},{\"@type\":\"Person\",\"@id\":\"https:\\\/\\\/www.eldiario.net\\\/portal\\\/#\\\/schema\\\/person\\\/2c57cf2b7a7ae032e449e4c9b1019eac\",\"name\":\"Jeanette\",\"image\":{\"@type\":\"ImageObject\",\"inLanguage\":\"es\",\"@id\":\"https:\\\/\\\/secure.gravatar.com\\\/avatar\\\/3ea2118a5f7dad2b7138b1187a6b7ee55f160b9968b66013c3a3ef39dd7e5798?s=96&d=mm&r=g\",\"url\":\"https:\\\/\\\/secure.gravatar.com\\\/avatar\\\/3ea2118a5f7dad2b7138b1187a6b7ee55f160b9968b66013c3a3ef39dd7e5798?s=96&d=mm&r=g\",\"contentUrl\":\"https:\\\/\\\/secure.gravatar.com\\\/avatar\\\/3ea2118a5f7dad2b7138b1187a6b7ee55f160b9968b66013c3a3ef39dd7e5798?s=96&d=mm&r=g\",\"caption\":\"Jeanette\"},\"sameAs\":[\"https:\\\/\\\/www.eldiario.net\\\/portal\"],\"url\":\"https:\\\/\\\/www.eldiario.net\\\/portal\\\/author\\\/jeanette\\\/\"}]}<\/script>\n<!-- \/ Yoast SEO plugin. -->","yoast_head_json":{"title":"La poblaci\u00f3n se cans\u00f3 de resistir y ahora reacciona - El Diario - Bolivia","robots":{"index":"index","follow":"follow","max-snippet":"max-snippet:-1","max-image-preview":"max-image-preview:large","max-video-preview":"max-video-preview:-1"},"canonical":"https:\/\/www.eldiario.net\/portal\/2026\/05\/23\/la-poblacion-se-canso-de-resistir-y-ahora-reacciona-2\/","og_locale":"es_ES","og_type":"article","og_title":"La poblaci\u00f3n se cans\u00f3 de resistir y ahora reacciona - El Diario - Bolivia","og_description":"Asegurando que las manifestaciones de rechazo a los bloqueos y otras medidas de presi\u00f3n en varias ciudades demuestran que la mayor\u00eda democr\u00e1tica del pa\u00eds no permitir\u00e1 el derrocamiento de un gobierno leg\u00edtimo, el asamble\u00edsta nacional por La Paz, Alejandro Reyes, observ\u00f3 que la ciudadan\u00eda se cans\u00f3 de resistir y comienza a reaccionar contra los intentos [&hellip;]","og_url":"https:\/\/www.eldiario.net\/portal\/2026\/05\/23\/la-poblacion-se-canso-de-resistir-y-ahora-reacciona-2\/","og_site_name":"El Diario - Bolivia","article_publisher":"https:\/\/www.facebook.com\/eldiario.bolivia\/","article_published_time":"2026-05-23T11:36:36+00:00","og_image":[{"width":800,"height":500,"url":"https:\/\/www.eldiario.net\/portal\/wp-content\/uploads\/2023\/12\/Politica.jpg","type":"image\/jpeg"}],"author":"Jeanette","twitter_card":"summary_large_image","twitter_creator":"@eldiario_net","twitter_site":"@eldiario_net","twitter_misc":{"Escrito por":"Jeanette","Tiempo de lectura":"4 minutos"},"schema":{"@context":"https:\/\/schema.org","@graph":[{"@type":"Article","@id":"https:\/\/www.eldiario.net\/portal\/2026\/05\/23\/la-poblacion-se-canso-de-resistir-y-ahora-reacciona-2\/#article","isPartOf":{"@id":"https:\/\/www.eldiario.net\/portal\/2026\/05\/23\/la-poblacion-se-canso-de-resistir-y-ahora-reacciona-2\/"},"author":{"name":"Jeanette","@id":"https:\/\/www.eldiario.net\/portal\/#\/schema\/person\/2c57cf2b7a7ae032e449e4c9b1019eac"},"headline":"La poblaci\u00f3n se cans\u00f3 de resistir y ahora reacciona","datePublished":"2026-05-23T11:36:36+00:00","mainEntityOfPage":{"@id":"https:\/\/www.eldiario.net\/portal\/2026\/05\/23\/la-poblacion-se-canso-de-resistir-y-ahora-reacciona-2\/"},"wordCount":837,"publisher":{"@id":"https:\/\/www.eldiario.net\/portal\/#organization"},"image":{"@id":"https:\/\/www.eldiario.net\/portal\/2026\/05\/23\/la-poblacion-se-canso-de-resistir-y-ahora-reacciona-2\/#primaryimage"},"thumbnailUrl":"https:\/\/www.eldiario.net\/portal\/wp-content\/uploads\/2023\/12\/Politica.jpg","articleSection":["Pol\u00edtica"],"inLanguage":"es"},{"@type":"WebPage","@id":"https:\/\/www.eldiario.net\/portal\/2026\/05\/23\/la-poblacion-se-canso-de-resistir-y-ahora-reacciona-2\/","url":"https:\/\/www.eldiario.net\/portal\/2026\/05\/23\/la-poblacion-se-canso-de-resistir-y-ahora-reacciona-2\/","name":"La poblaci\u00f3n se cans\u00f3 de resistir y ahora reacciona - El Diario - Bolivia","isPartOf":{"@id":"https:\/\/www.eldiario.net\/portal\/#website"},"primaryImageOfPage":{"@id":"https:\/\/www.eldiario.net\/portal\/2026\/05\/23\/la-poblacion-se-canso-de-resistir-y-ahora-reacciona-2\/#primaryimage"},"image":{"@id":"https:\/\/www.eldiario.net\/portal\/2026\/05\/23\/la-poblacion-se-canso-de-resistir-y-ahora-reacciona-2\/#primaryimage"},"thumbnailUrl":"https:\/\/www.eldiario.net\/portal\/wp-content\/uploads\/2023\/12\/Politica.jpg","datePublished":"2026-05-23T11:36:36+00:00","breadcrumb":{"@id":"https:\/\/www.eldiario.net\/portal\/2026\/05\/23\/la-poblacion-se-canso-de-resistir-y-ahora-reacciona-2\/#breadcrumb"},"inLanguage":"es","potentialAction":[{"@type":"ReadAction","target":["https:\/\/www.eldiario.net\/portal\/2026\/05\/23\/la-poblacion-se-canso-de-resistir-y-ahora-reacciona-2\/"]}]},{"@type":"ImageObject","inLanguage":"es","@id":"https:\/\/www.eldiario.net\/portal\/2026\/05\/23\/la-poblacion-se-canso-de-resistir-y-ahora-reacciona-2\/#primaryimage","url":"https:\/\/www.eldiario.net\/portal\/wp-content\/uploads\/2023\/12\/Politica.jpg","contentUrl":"https:\/\/www.eldiario.net\/portal\/wp-content\/uploads\/2023\/12\/Politica.jpg","width":800,"height":500},{"@type":"BreadcrumbList","@id":"https:\/\/www.eldiario.net\/portal\/2026\/05\/23\/la-poblacion-se-canso-de-resistir-y-ahora-reacciona-2\/#breadcrumb","itemListElement":[{"@type":"ListItem","position":1,"name":"Portada","item":"https:\/\/www.eldiario.net\/portal\/"},{"@type":"ListItem","position":2,"name":"La poblaci\u00f3n se cans\u00f3 de resistir y ahora reacciona"}]},{"@type":"WebSite","@id":"https:\/\/www.eldiario.net\/portal\/#website","url":"https:\/\/www.eldiario.net\/portal\/","name":"El Diario - Decano de la prensa nacional","description":"El Diario - Decano de la prensa nacional","publisher":{"@id":"https:\/\/www.eldiario.net\/portal\/#organization"},"potentialAction":[{"@type":"SearchAction","target":{"@type":"EntryPoint","urlTemplate":"https:\/\/www.eldiario.net\/portal\/?s={search_term_string}"},"query-input":{"@type":"PropertyValueSpecification","valueRequired":true,"valueName":"search_term_string"}}],"inLanguage":"es"},{"@type":"Organization","@id":"https:\/\/www.eldiario.net\/portal\/#organization","name":"El Diario - Decano de la prensa nacional","url":"https:\/\/www.eldiario.net\/portal\/","logo":{"@type":"ImageObject","inLanguage":"es","@id":"https:\/\/www.eldiario.net\/portal\/#\/schema\/logo\/image\/","url":"https:\/\/www.eldiario.net\/portal\/wp-content\/uploads\/2023\/07\/logo_ED.jpg","contentUrl":"https:\/\/www.eldiario.net\/portal\/wp-content\/uploads\/2023\/07\/logo_ED.jpg","width":272,"height":52,"caption":"El Diario - Decano de la prensa nacional"},"image":{"@id":"https:\/\/www.eldiario.net\/portal\/#\/schema\/logo\/image\/"},"sameAs":["https:\/\/www.facebook.com\/eldiario.bolivia\/","https:\/\/x.com\/eldiario_net"]},{"@type":"Person","@id":"https:\/\/www.eldiario.net\/portal\/#\/schema\/person\/2c57cf2b7a7ae032e449e4c9b1019eac","name":"Jeanette","image":{"@type":"ImageObject","inLanguage":"es","@id":"https:\/\/secure.gravatar.com\/avatar\/3ea2118a5f7dad2b7138b1187a6b7ee55f160b9968b66013c3a3ef39dd7e5798?s=96&d=mm&r=g","url":"https:\/\/secure.gravatar.com\/avatar\/3ea2118a5f7dad2b7138b1187a6b7ee55f160b9968b66013c3a3ef39dd7e5798?s=96&d=mm&r=g","contentUrl":"https:\/\/secure.gravatar.com\/avatar\/3ea2118a5f7dad2b7138b1187a6b7ee55f160b9968b66013c3a3ef39dd7e5798?s=96&d=mm&r=g","caption":"Jeanette"},"sameAs":["https:\/\/www.eldiario.net\/portal"],"url":"https:\/\/www.eldiario.net\/portal\/author\/jeanette\/"}]}},"_links":{"self":[{"href":"https:\/\/www.eldiario.net\/portal\/wp-json\/wp\/v2\/posts\/397131","targetHints":{"allow":["GET"]}}],"collection":[{"href":"https:\/\/www.eldiario.net\/portal\/wp-json\/wp\/v2\/posts"}],"about":[{"href":"https:\/\/www.eldiario.net\/portal\/wp-json\/wp\/v2\/types\/post"}],"author":[{"embeddable":true,"href":"https:\/\/www.eldiario.net\/portal\/wp-json\/wp\/v2\/users\/1"}],"replies":[{"embeddable":true,"href":"https:\/\/www.eldiario.net\/portal\/wp-json\/wp\/v2\/comments?post=397131"}],"version-history":[{"count":1,"href":"https:\/\/www.eldiario.net\/portal\/wp-json\/wp\/v2\/posts\/397131\/revisions"}],"predecessor-version":[{"id":397132,"href":"https:\/\/www.eldiario.net\/portal\/wp-json\/wp\/v2\/posts\/397131\/revisions\/397132"}],"wp:featuredmedia":[{"embeddable":true,"href":"https:\/\/www.eldiario.net\/portal\/wp-json\/wp\/v2\/media\/194754"}],"wp:attachment":[{"href":"https:\/\/www.eldiario.net\/portal\/wp-json\/wp\/v2\/media?parent=397131"}],"wp:term":[{"taxonomy":"category","embeddable":true,"href":"https:\/\/www.eldiario.net\/portal\/wp-json\/wp\/v2\/categories?post=397131"},{"taxonomy":"post_tag","embeddable":true,"href":"https:\/\/www.eldiario.net\/portal\/wp-json\/wp\/v2\/tags?post=397131"}],"curies":[{"name":"wp","href":"https:\/\/api.w.org\/{rel}","templated":true}]}}