{"id":397128,"date":"2026-05-23T07:34:42","date_gmt":"2026-05-23T11:34:42","guid":{"rendered":"https:\/\/www.eldiario.net\/portal\/?p=397128"},"modified":"2026-05-23T07:34:42","modified_gmt":"2026-05-23T11:34:42","slug":"confirman-conversaciones-para-viabilizar-labor-legislativa","status":"publish","type":"post","link":"https:\/\/www.eldiario.net\/portal\/2026\/05\/23\/confirman-conversaciones-para-viabilizar-labor-legislativa\/","title":{"rendered":"Confirman conversaciones para  viabilizar labor legislativa"},"content":{"rendered":"<p>El canciller Fernando Aramayo confirm\u00f3 que el presidente Rodrigo Paz ha sostenido una conversaci\u00f3n con jefes pol\u00edticos, incluido el expresidente Jorge Tuto Quiroga, para construir un acuerdo que facilite el tratamiento de iniciativas en la Asamblea Legislativa Plurinacional (ALP) y evitar \u201cbloqueos\u201d a la agenda gubernamental.<br \/>\n\u201c\u00bfEl presidente ha hablado con Tuto Quiroga para evitar que haya un bloqueo de la agenda legislativa?\u201d, le consult\u00f3 Br\u00fajula Digital.<br \/>\nEsta fue la respuesta: \u201cClaro que s\u00ed. Son acuerdos entre l\u00edderes pol\u00edticos, eso ya supera a cualquier operador pol\u00edtico, a un ministro, que pueda hacer de intermediario\u201d.<br \/>\n\u201cHay un acuerdo, pero no es un acuerdo de \u2018levantamanos\u2019, no es un acuerdo que apruebe lo que propone el Gobierno sin un debate y sin un consenso\u201d, agreg\u00f3.<br \/>\nEl canciller se\u00f1al\u00f3 que el acuerdo es para \u201cno bloquear la agenda legislativa, la agenda de reformas que necesita el pa\u00eds\u201d y que est\u00e1n incluidos tambi\u00e9n los jefes pol\u00edticos Samuel Doria Medina y Manfred Reyes Villa.<br \/>\n\u201cEl acuerdo con los actores es para ayudar a llevar hacia un paso de discusi\u00f3n madura, consistente y sustantiva y a buen puerto la agenda de leyes\u201d, explic\u00f3.<br \/>\nEl canciller insisti\u00f3 en que el objetivo es construir gobernabilidad y evitar que la confrontaci\u00f3n pol\u00edtica derive en par\u00e1lisis institucional. \u201cS\u00ed hay un acuerdo para viabilizar, para no trabar las cosas por el capricho pol\u00edtico en el Legislativo. S\u00ed hay un acuerdo. Y darle gobernabilidad al pa\u00eds\u201d, sostuvo.<br \/>\nAparte del terreno legislativo, Aramayo reiter\u00f3 el \u201cesp\u00edritu de di\u00e1logo\u201d que tiene el presidente Paz, \u201cque es un esp\u00edritu democr\u00e1tico, de un hombre dem\u00f3crata\u201d, con todos los sectores sociales de Bolivia, incluido los de occidente del pa\u00eds.<br \/>\n\u201cEn ese sentido debe entenderse la propuesta de crear el Consejo Econ\u00f3mico Social que ha anunciado el presidente, el de escuchar todas las voces e incluir a todos, que nadie sienta que no puede participar\u201d, puntualiz\u00f3.<br \/>\nSin embargo, aclar\u00f3 que ese mecanismo no tendr\u00e1 car\u00e1cter vinculante ni podr\u00e1 sustituir las atribuciones constitucionales de la Asamblea Legislativa.<br \/>\nAramayo detall\u00f3 que el objetivo del Consejo es institucionalizar el di\u00e1logo y evitar que los sectores sientan que s\u00f3lo son escuchados cuando ejercen presi\u00f3n mediante protestas.<br \/>\nLas declaraciones se producen en medio de un escenario de conflictividad social y bloqueos carreteros que, a tres semanas de su inicio, empiezan a mostrar se\u00f1ales de debilitamiento.<br \/>\nAramayo dijo que la ciudadan\u00eda est\u00e1 cansada de las medidas de presi\u00f3n y mencion\u00f3 casos recientes en los que vecinos y transportistas desbloquearon v\u00edas sin resistencia de los movilizados.<br \/>\nEl canciller record\u00f3 que el Ejecutivo apost\u00f3 desde el inicio por una estrategia basada en el di\u00e1logo y evit\u00f3 recurrir a medidas de excepci\u00f3n o a una respuesta represiva frente a las protestas.<br \/>\n\u201cHemos mostrado que no \u00edbamos a responder a las provocaciones sobre el uso de violencia\u201d, asever\u00f3. A\u00f1adi\u00f3 que el Gobierno busca \u201ccambiar la l\u00f3gica de la confrontaci\u00f3n, de la violencia y de la muerte como parte del conflicto y de la protesta social\u201d.<br \/>\nAramayo consider\u00f3 que pese a las cr\u00edticas y a las demandas de algunos sectores que ped\u00edan declarar estado de excepci\u00f3n o utilizar mayor fuerza p\u00fablica para levantar los bloqueos, \u201clos conflictos se est\u00e1n resolviendo por la v\u00eda pac\u00edfica\u201d. (Br\u00fajula Digital)<\/p>\n","protected":false},"excerpt":{"rendered":"<p>El canciller Fernando Aramayo confirm\u00f3 que el presidente Rodrigo Paz ha sostenido una conversaci\u00f3n con jefes pol\u00edticos, incluido el expresidente Jorge Tuto Quiroga, para construir un acuerdo que facilite el tratamiento de iniciativas en la Asamblea Legislativa Plurinacional (ALP) y evitar \u201cbloqueos\u201d a la agenda gubernamental. \u201c\u00bfEl presidente ha hablado con Tuto Quiroga para evitar [&hellip;]<\/p>\n","protected":false},"author":1,"featured_media":397129,"comment_status":"closed","ping_status":"open","sticky":false,"template":"","format":"standard","meta":{"_acf_changed":false,"footnotes":""},"categories":[14],"tags":[],"class_list":["post-397128","post","type-post","status-publish","format-standard","has-post-thumbnail","category-politica"],"acf":{"antetitulo":""},"yoast_head":"<!-- This site is optimized with the Yoast SEO plugin v28.4 - https:\/\/yoast.com\/product\/yoast-seo-wordpress\/ -->\n<title>Confirman conversaciones para viabilizar labor legislativa - El Diario - Bolivia<\/title>\n<meta name=\"robots\" content=\"index, follow, max-snippet:-1, max-image-preview:large, max-video-preview:-1\" \/>\n<link rel=\"canonical\" href=\"https:\/\/www.eldiario.net\/portal\/2026\/05\/23\/confirman-conversaciones-para-viabilizar-labor-legislativa\/\" \/>\n<meta property=\"og:locale\" content=\"es_ES\" \/>\n<meta property=\"og:type\" content=\"article\" \/>\n<meta property=\"og:title\" content=\"Confirman conversaciones para viabilizar labor legislativa - El Diario - Bolivia\" \/>\n<meta property=\"og:description\" content=\"El canciller Fernando Aramayo confirm\u00f3 que el presidente Rodrigo Paz ha sostenido una conversaci\u00f3n con jefes pol\u00edticos, incluido el expresidente Jorge Tuto Quiroga, para construir un acuerdo que facilite el tratamiento de iniciativas en la Asamblea Legislativa Plurinacional (ALP) y evitar \u201cbloqueos\u201d a la agenda gubernamental. \u201c\u00bfEl presidente ha hablado con Tuto Quiroga para evitar [&hellip;]\" \/>\n<meta property=\"og:url\" content=\"https:\/\/www.eldiario.net\/portal\/2026\/05\/23\/confirman-conversaciones-para-viabilizar-labor-legislativa\/\" \/>\n<meta property=\"og:site_name\" content=\"El Diario - Bolivia\" \/>\n<meta property=\"article:publisher\" content=\"https:\/\/www.facebook.com\/eldiario.bolivia\/\" \/>\n<meta property=\"article:published_time\" content=\"2026-05-23T11:34:42+00:00\" \/>\n<meta property=\"og:image\" content=\"https:\/\/www.eldiario.net\/portal\/wp-content\/uploads\/2026\/05\/43-POL-3.webp\" \/>\n\t<meta property=\"og:image:width\" content=\"682\" \/>\n\t<meta property=\"og:image:height\" content=\"399\" \/>\n\t<meta property=\"og:image:type\" content=\"image\/webp\" \/>\n<meta name=\"author\" content=\"Jeanette\" \/>\n<meta name=\"twitter:card\" content=\"summary_large_image\" \/>\n<meta name=\"twitter:creator\" content=\"@eldiario_net\" \/>\n<meta name=\"twitter:site\" content=\"@eldiario_net\" \/>\n<meta name=\"twitter:label1\" content=\"Escrito por\" \/>\n\t<meta name=\"twitter:data1\" content=\"Jeanette\" \/>\n\t<meta name=\"twitter:label2\" content=\"Tiempo de lectura\" \/>\n\t<meta name=\"twitter:data2\" content=\"3 minutos\" \/>\n<script type=\"application\/ld+json\" class=\"yoast-schema-graph\">{\"@context\":\"https:\\\/\\\/schema.org\",\"@graph\":[{\"@type\":\"Article\",\"@id\":\"https:\\\/\\\/www.eldiario.net\\\/portal\\\/2026\\\/05\\\/23\\\/confirman-conversaciones-para-viabilizar-labor-legislativa\\\/#article\",\"isPartOf\":{\"@id\":\"https:\\\/\\\/www.eldiario.net\\\/portal\\\/2026\\\/05\\\/23\\\/confirman-conversaciones-para-viabilizar-labor-legislativa\\\/\"},\"author\":{\"name\":\"Jeanette\",\"@id\":\"https:\\\/\\\/www.eldiario.net\\\/portal\\\/#\\\/schema\\\/person\\\/2c57cf2b7a7ae032e449e4c9b1019eac\"},\"headline\":\"Confirman conversaciones para viabilizar labor legislativa\",\"datePublished\":\"2026-05-23T11:34:42+00:00\",\"mainEntityOfPage\":{\"@id\":\"https:\\\/\\\/www.eldiario.net\\\/portal\\\/2026\\\/05\\\/23\\\/confirman-conversaciones-para-viabilizar-labor-legislativa\\\/\"},\"wordCount\":578,\"publisher\":{\"@id\":\"https:\\\/\\\/www.eldiario.net\\\/portal\\\/#organization\"},\"image\":{\"@id\":\"https:\\\/\\\/www.eldiario.net\\\/portal\\\/2026\\\/05\\\/23\\\/confirman-conversaciones-para-viabilizar-labor-legislativa\\\/#primaryimage\"},\"thumbnailUrl\":\"https:\\\/\\\/www.eldiario.net\\\/portal\\\/wp-content\\\/uploads\\\/2026\\\/05\\\/43-POL-3.webp\",\"articleSection\":[\"Pol\u00edtica\"],\"inLanguage\":\"es\"},{\"@type\":\"WebPage\",\"@id\":\"https:\\\/\\\/www.eldiario.net\\\/portal\\\/2026\\\/05\\\/23\\\/confirman-conversaciones-para-viabilizar-labor-legislativa\\\/\",\"url\":\"https:\\\/\\\/www.eldiario.net\\\/portal\\\/2026\\\/05\\\/23\\\/confirman-conversaciones-para-viabilizar-labor-legislativa\\\/\",\"name\":\"Confirman conversaciones para viabilizar labor legislativa - El Diario - Bolivia\",\"isPartOf\":{\"@id\":\"https:\\\/\\\/www.eldiario.net\\\/portal\\\/#website\"},\"primaryImageOfPage\":{\"@id\":\"https:\\\/\\\/www.eldiario.net\\\/portal\\\/2026\\\/05\\\/23\\\/confirman-conversaciones-para-viabilizar-labor-legislativa\\\/#primaryimage\"},\"image\":{\"@id\":\"https:\\\/\\\/www.eldiario.net\\\/portal\\\/2026\\\/05\\\/23\\\/confirman-conversaciones-para-viabilizar-labor-legislativa\\\/#primaryimage\"},\"thumbnailUrl\":\"https:\\\/\\\/www.eldiario.net\\\/portal\\\/wp-content\\\/uploads\\\/2026\\\/05\\\/43-POL-3.webp\",\"datePublished\":\"2026-05-23T11:34:42+00:00\",\"breadcrumb\":{\"@id\":\"https:\\\/\\\/www.eldiario.net\\\/portal\\\/2026\\\/05\\\/23\\\/confirman-conversaciones-para-viabilizar-labor-legislativa\\\/#breadcrumb\"},\"inLanguage\":\"es\",\"potentialAction\":[{\"@type\":\"ReadAction\",\"target\":[\"https:\\\/\\\/www.eldiario.net\\\/portal\\\/2026\\\/05\\\/23\\\/confirman-conversaciones-para-viabilizar-labor-legislativa\\\/\"]}]},{\"@type\":\"ImageObject\",\"inLanguage\":\"es\",\"@id\":\"https:\\\/\\\/www.eldiario.net\\\/portal\\\/2026\\\/05\\\/23\\\/confirman-conversaciones-para-viabilizar-labor-legislativa\\\/#primaryimage\",\"url\":\"https:\\\/\\\/www.eldiario.net\\\/portal\\\/wp-content\\\/uploads\\\/2026\\\/05\\\/43-POL-3.webp\",\"contentUrl\":\"https:\\\/\\\/www.eldiario.net\\\/portal\\\/wp-content\\\/uploads\\\/2026\\\/05\\\/43-POL-3.webp\",\"width\":682,\"height\":399,\"caption\":\"Fernando Aramayo\"},{\"@type\":\"BreadcrumbList\",\"@id\":\"https:\\\/\\\/www.eldiario.net\\\/portal\\\/2026\\\/05\\\/23\\\/confirman-conversaciones-para-viabilizar-labor-legislativa\\\/#breadcrumb\",\"itemListElement\":[{\"@type\":\"ListItem\",\"position\":1,\"name\":\"Portada\",\"item\":\"https:\\\/\\\/www.eldiario.net\\\/portal\\\/\"},{\"@type\":\"ListItem\",\"position\":2,\"name\":\"Confirman conversaciones para viabilizar labor legislativa\"}]},{\"@type\":\"WebSite\",\"@id\":\"https:\\\/\\\/www.eldiario.net\\\/portal\\\/#website\",\"url\":\"https:\\\/\\\/www.eldiario.net\\\/portal\\\/\",\"name\":\"El Diario - Decano de la prensa nacional\",\"description\":\"El Diario - Decano de la prensa nacional\",\"publisher\":{\"@id\":\"https:\\\/\\\/www.eldiario.net\\\/portal\\\/#organization\"},\"potentialAction\":[{\"@type\":\"SearchAction\",\"target\":{\"@type\":\"EntryPoint\",\"urlTemplate\":\"https:\\\/\\\/www.eldiario.net\\\/portal\\\/?s={search_term_string}\"},\"query-input\":{\"@type\":\"PropertyValueSpecification\",\"valueRequired\":true,\"valueName\":\"search_term_string\"}}],\"inLanguage\":\"es\"},{\"@type\":\"Organization\",\"@id\":\"https:\\\/\\\/www.eldiario.net\\\/portal\\\/#organization\",\"name\":\"El Diario - Decano de la prensa nacional\",\"url\":\"https:\\\/\\\/www.eldiario.net\\\/portal\\\/\",\"logo\":{\"@type\":\"ImageObject\",\"inLanguage\":\"es\",\"@id\":\"https:\\\/\\\/www.eldiario.net\\\/portal\\\/#\\\/schema\\\/logo\\\/image\\\/\",\"url\":\"https:\\\/\\\/www.eldiario.net\\\/portal\\\/wp-content\\\/uploads\\\/2023\\\/07\\\/logo_ED.jpg\",\"contentUrl\":\"https:\\\/\\\/www.eldiario.net\\\/portal\\\/wp-content\\\/uploads\\\/2023\\\/07\\\/logo_ED.jpg\",\"width\":272,\"height\":52,\"caption\":\"El Diario - Decano de la prensa nacional\"},\"image\":{\"@id\":\"https:\\\/\\\/www.eldiario.net\\\/portal\\\/#\\\/schema\\\/logo\\\/image\\\/\"},\"sameAs\":[\"https:\\\/\\\/www.facebook.com\\\/eldiario.bolivia\\\/\",\"https:\\\/\\\/x.com\\\/eldiario_net\"]},{\"@type\":\"Person\",\"@id\":\"https:\\\/\\\/www.eldiario.net\\\/portal\\\/#\\\/schema\\\/person\\\/2c57cf2b7a7ae032e449e4c9b1019eac\",\"name\":\"Jeanette\",\"image\":{\"@type\":\"ImageObject\",\"inLanguage\":\"es\",\"@id\":\"https:\\\/\\\/secure.gravatar.com\\\/avatar\\\/3ea2118a5f7dad2b7138b1187a6b7ee55f160b9968b66013c3a3ef39dd7e5798?s=96&d=mm&r=g\",\"url\":\"https:\\\/\\\/secure.gravatar.com\\\/avatar\\\/3ea2118a5f7dad2b7138b1187a6b7ee55f160b9968b66013c3a3ef39dd7e5798?s=96&d=mm&r=g\",\"contentUrl\":\"https:\\\/\\\/secure.gravatar.com\\\/avatar\\\/3ea2118a5f7dad2b7138b1187a6b7ee55f160b9968b66013c3a3ef39dd7e5798?s=96&d=mm&r=g\",\"caption\":\"Jeanette\"},\"sameAs\":[\"https:\\\/\\\/www.eldiario.net\\\/portal\"],\"url\":\"https:\\\/\\\/www.eldiario.net\\\/portal\\\/author\\\/jeanette\\\/\"}]}<\/script>\n<!-- \/ Yoast SEO plugin. -->","yoast_head_json":{"title":"Confirman conversaciones para viabilizar labor legislativa - El Diario - Bolivia","robots":{"index":"index","follow":"follow","max-snippet":"max-snippet:-1","max-image-preview":"max-image-preview:large","max-video-preview":"max-video-preview:-1"},"canonical":"https:\/\/www.eldiario.net\/portal\/2026\/05\/23\/confirman-conversaciones-para-viabilizar-labor-legislativa\/","og_locale":"es_ES","og_type":"article","og_title":"Confirman conversaciones para viabilizar labor legislativa - El Diario - Bolivia","og_description":"El canciller Fernando Aramayo confirm\u00f3 que el presidente Rodrigo Paz ha sostenido una conversaci\u00f3n con jefes pol\u00edticos, incluido el expresidente Jorge Tuto Quiroga, para construir un acuerdo que facilite el tratamiento de iniciativas en la Asamblea Legislativa Plurinacional (ALP) y evitar \u201cbloqueos\u201d a la agenda gubernamental. \u201c\u00bfEl presidente ha hablado con Tuto Quiroga para evitar [&hellip;]","og_url":"https:\/\/www.eldiario.net\/portal\/2026\/05\/23\/confirman-conversaciones-para-viabilizar-labor-legislativa\/","og_site_name":"El Diario - Bolivia","article_publisher":"https:\/\/www.facebook.com\/eldiario.bolivia\/","article_published_time":"2026-05-23T11:34:42+00:00","og_image":[{"width":682,"height":399,"url":"https:\/\/www.eldiario.net\/portal\/wp-content\/uploads\/2026\/05\/43-POL-3.webp","type":"image\/webp"}],"author":"Jeanette","twitter_card":"summary_large_image","twitter_creator":"@eldiario_net","twitter_site":"@eldiario_net","twitter_misc":{"Escrito por":"Jeanette","Tiempo de lectura":"3 minutos"},"schema":{"@context":"https:\/\/schema.org","@graph":[{"@type":"Article","@id":"https:\/\/www.eldiario.net\/portal\/2026\/05\/23\/confirman-conversaciones-para-viabilizar-labor-legislativa\/#article","isPartOf":{"@id":"https:\/\/www.eldiario.net\/portal\/2026\/05\/23\/confirman-conversaciones-para-viabilizar-labor-legislativa\/"},"author":{"name":"Jeanette","@id":"https:\/\/www.eldiario.net\/portal\/#\/schema\/person\/2c57cf2b7a7ae032e449e4c9b1019eac"},"headline":"Confirman conversaciones para viabilizar labor legislativa","datePublished":"2026-05-23T11:34:42+00:00","mainEntityOfPage":{"@id":"https:\/\/www.eldiario.net\/portal\/2026\/05\/23\/confirman-conversaciones-para-viabilizar-labor-legislativa\/"},"wordCount":578,"publisher":{"@id":"https:\/\/www.eldiario.net\/portal\/#organization"},"image":{"@id":"https:\/\/www.eldiario.net\/portal\/2026\/05\/23\/confirman-conversaciones-para-viabilizar-labor-legislativa\/#primaryimage"},"thumbnailUrl":"https:\/\/www.eldiario.net\/portal\/wp-content\/uploads\/2026\/05\/43-POL-3.webp","articleSection":["Pol\u00edtica"],"inLanguage":"es"},{"@type":"WebPage","@id":"https:\/\/www.eldiario.net\/portal\/2026\/05\/23\/confirman-conversaciones-para-viabilizar-labor-legislativa\/","url":"https:\/\/www.eldiario.net\/portal\/2026\/05\/23\/confirman-conversaciones-para-viabilizar-labor-legislativa\/","name":"Confirman conversaciones para viabilizar labor legislativa - El Diario - Bolivia","isPartOf":{"@id":"https:\/\/www.eldiario.net\/portal\/#website"},"primaryImageOfPage":{"@id":"https:\/\/www.eldiario.net\/portal\/2026\/05\/23\/confirman-conversaciones-para-viabilizar-labor-legislativa\/#primaryimage"},"image":{"@id":"https:\/\/www.eldiario.net\/portal\/2026\/05\/23\/confirman-conversaciones-para-viabilizar-labor-legislativa\/#primaryimage"},"thumbnailUrl":"https:\/\/www.eldiario.net\/portal\/wp-content\/uploads\/2026\/05\/43-POL-3.webp","datePublished":"2026-05-23T11:34:42+00:00","breadcrumb":{"@id":"https:\/\/www.eldiario.net\/portal\/2026\/05\/23\/confirman-conversaciones-para-viabilizar-labor-legislativa\/#breadcrumb"},"inLanguage":"es","potentialAction":[{"@type":"ReadAction","target":["https:\/\/www.eldiario.net\/portal\/2026\/05\/23\/confirman-conversaciones-para-viabilizar-labor-legislativa\/"]}]},{"@type":"ImageObject","inLanguage":"es","@id":"https:\/\/www.eldiario.net\/portal\/2026\/05\/23\/confirman-conversaciones-para-viabilizar-labor-legislativa\/#primaryimage","url":"https:\/\/www.eldiario.net\/portal\/wp-content\/uploads\/2026\/05\/43-POL-3.webp","contentUrl":"https:\/\/www.eldiario.net\/portal\/wp-content\/uploads\/2026\/05\/43-POL-3.webp","width":682,"height":399,"caption":"Fernando Aramayo"},{"@type":"BreadcrumbList","@id":"https:\/\/www.eldiario.net\/portal\/2026\/05\/23\/confirman-conversaciones-para-viabilizar-labor-legislativa\/#breadcrumb","itemListElement":[{"@type":"ListItem","position":1,"name":"Portada","item":"https:\/\/www.eldiario.net\/portal\/"},{"@type":"ListItem","position":2,"name":"Confirman conversaciones para viabilizar labor legislativa"}]},{"@type":"WebSite","@id":"https:\/\/www.eldiario.net\/portal\/#website","url":"https:\/\/www.eldiario.net\/portal\/","name":"El Diario - Decano de la prensa nacional","description":"El Diario - Decano de la prensa nacional","publisher":{"@id":"https:\/\/www.eldiario.net\/portal\/#organization"},"potentialAction":[{"@type":"SearchAction","target":{"@type":"EntryPoint","urlTemplate":"https:\/\/www.eldiario.net\/portal\/?s={search_term_string}"},"query-input":{"@type":"PropertyValueSpecification","valueRequired":true,"valueName":"search_term_string"}}],"inLanguage":"es"},{"@type":"Organization","@id":"https:\/\/www.eldiario.net\/portal\/#organization","name":"El Diario - Decano de la prensa nacional","url":"https:\/\/www.eldiario.net\/portal\/","logo":{"@type":"ImageObject","inLanguage":"es","@id":"https:\/\/www.eldiario.net\/portal\/#\/schema\/logo\/image\/","url":"https:\/\/www.eldiario.net\/portal\/wp-content\/uploads\/2023\/07\/logo_ED.jpg","contentUrl":"https:\/\/www.eldiario.net\/portal\/wp-content\/uploads\/2023\/07\/logo_ED.jpg","width":272,"height":52,"caption":"El Diario - Decano de la prensa nacional"},"image":{"@id":"https:\/\/www.eldiario.net\/portal\/#\/schema\/logo\/image\/"},"sameAs":["https:\/\/www.facebook.com\/eldiario.bolivia\/","https:\/\/x.com\/eldiario_net"]},{"@type":"Person","@id":"https:\/\/www.eldiario.net\/portal\/#\/schema\/person\/2c57cf2b7a7ae032e449e4c9b1019eac","name":"Jeanette","image":{"@type":"ImageObject","inLanguage":"es","@id":"https:\/\/secure.gravatar.com\/avatar\/3ea2118a5f7dad2b7138b1187a6b7ee55f160b9968b66013c3a3ef39dd7e5798?s=96&d=mm&r=g","url":"https:\/\/secure.gravatar.com\/avatar\/3ea2118a5f7dad2b7138b1187a6b7ee55f160b9968b66013c3a3ef39dd7e5798?s=96&d=mm&r=g","contentUrl":"https:\/\/secure.gravatar.com\/avatar\/3ea2118a5f7dad2b7138b1187a6b7ee55f160b9968b66013c3a3ef39dd7e5798?s=96&d=mm&r=g","caption":"Jeanette"},"sameAs":["https:\/\/www.eldiario.net\/portal"],"url":"https:\/\/www.eldiario.net\/portal\/author\/jeanette\/"}]}},"_links":{"self":[{"href":"https:\/\/www.eldiario.net\/portal\/wp-json\/wp\/v2\/posts\/397128","targetHints":{"allow":["GET"]}}],"collection":[{"href":"https:\/\/www.eldiario.net\/portal\/wp-json\/wp\/v2\/posts"}],"about":[{"href":"https:\/\/www.eldiario.net\/portal\/wp-json\/wp\/v2\/types\/post"}],"author":[{"embeddable":true,"href":"https:\/\/www.eldiario.net\/portal\/wp-json\/wp\/v2\/users\/1"}],"replies":[{"embeddable":true,"href":"https:\/\/www.eldiario.net\/portal\/wp-json\/wp\/v2\/comments?post=397128"}],"version-history":[{"count":1,"href":"https:\/\/www.eldiario.net\/portal\/wp-json\/wp\/v2\/posts\/397128\/revisions"}],"predecessor-version":[{"id":397130,"href":"https:\/\/www.eldiario.net\/portal\/wp-json\/wp\/v2\/posts\/397128\/revisions\/397130"}],"wp:featuredmedia":[{"embeddable":true,"href":"https:\/\/www.eldiario.net\/portal\/wp-json\/wp\/v2\/media\/397129"}],"wp:attachment":[{"href":"https:\/\/www.eldiario.net\/portal\/wp-json\/wp\/v2\/media?parent=397128"}],"wp:term":[{"taxonomy":"category","embeddable":true,"href":"https:\/\/www.eldiario.net\/portal\/wp-json\/wp\/v2\/categories?post=397128"},{"taxonomy":"post_tag","embeddable":true,"href":"https:\/\/www.eldiario.net\/portal\/wp-json\/wp\/v2\/tags?post=397128"}],"curies":[{"name":"wp","href":"https:\/\/api.w.org\/{rel}","templated":true}]}}