{"id":397125,"date":"2026-05-23T07:34:08","date_gmt":"2026-05-23T11:34:08","guid":{"rendered":"https:\/\/www.eldiario.net\/portal\/?p=397125"},"modified":"2026-05-23T07:34:08","modified_gmt":"2026-05-23T11:34:08","slug":"quiroga-pide-no-dejar-que-morales-condicione-la-agenda-del-gobierno","status":"publish","type":"post","link":"https:\/\/www.eldiario.net\/portal\/2026\/05\/23\/quiroga-pide-no-dejar-que-morales-condicione-la-agenda-del-gobierno\/","title":{"rendered":"Quiroga pide no dejar que Morales condicione la agenda del Gobierno"},"content":{"rendered":"<p>Pidiendo al Gobierno recomponer la relaci\u00f3n institucional entre la Presidencia y la Vicepresidencia del Estado, el expresidente Jorge Quiroga Ram\u00edrez pidi\u00f3 no permitir que Evo Morales y sus aliados marquen la agenda para los pr\u00f3ximos cuatro a\u00f1os y medio, a trav\u00e9s de movilizaciones y constante conspiraci\u00f3n para derrocar al presidente Rodrigo Paz.<br \/>\nSeg\u00fan el exmandatario, los condicionamientos expresados por los sectores actualmente movilizados para levantar sus medidas de presi\u00f3n, revelan el inter\u00e9s de controlar las acciones del gobierno hasta el final de su gesti\u00f3n, con la finalidad de evitar todos los cambios que el pa\u00eds requiere para superar la crisis y salir adelante.<br \/>\n\u201cSe est\u00e1 viendo que hay sectores que quieren fijarle la agenda de los pr\u00f3ximos cuatro a\u00f1os y medio al Gobierno. Est\u00e1n diciendo que el Gobierno, para salir del actual conflicto, tiene que firmar y comprometerse a no modificar la Constituci\u00f3n, a no privatizar, a mantener empresas p\u00fablicas deficitarias y otros\u201d, denunci\u00f3.<br \/>\nQuiroga lament\u00f3 que quienes actualmente mantienen cercada la Sede de Gobierno, poniendo en serio riesgo la estabilidad del pa\u00eds, tengan como objetivo desconocer los resultados de las \u00faltimas elecciones generales, en las que la poblaci\u00f3n boliviana opt\u00f3 por un cambio despu\u00e9s casi dos d\u00e9cadas de gobiernos \u201cmasistas\u201d que condujeron al pa\u00eds a su actual situaci\u00f3n de crisis.<br \/>\n\u201cLos que est\u00e1n buscando exterminarnos, nos mantienen secuestrados en La Paz y est\u00e1n propagando m\u00e1s bloqueos en las carreteras, nos est\u00e1n diciendo que lo que votamos el a\u00f1o pasado no tiene valor\u201d, observ\u00f3 la exautoridad.<br \/>\nAsimismo, calific\u00f3 como inaceptable que, en democracia, se pretenda presionar a un gobierno a aplicar y asumir una agenda que destroz\u00f3 a un pa\u00eds, posibilidad que convertir\u00eda a la actual administraci\u00f3n la continuidad de un periodo fracasado que dio paso a una crisis de diferentes niveles.<br \/>\nRespecto a la relaci\u00f3n del presidente con el vicepresidente, Quiroga advirti\u00f3 que si no solucionar diferencias en el marco de la institucionalidad, solo avivar\u00e1 la posici\u00f3n de aquellos sectores que actualmente demandan la renuncia del primer mandatario, apelando a una supuesta salida constitucional para un \u201cpedido sedicioso\u201d.<br \/>\nEn su criterio, otro punto de esta problem\u00e1tica tiene que ver con la urgente necesidad de mejorar la coordinaci\u00f3n entre el Ejecutivo y el Parlamento para poder llevar adelante reformas necesarias para sacar al pa\u00eds de la crisis.<\/p>\n","protected":false},"excerpt":{"rendered":"<p>Pidiendo al Gobierno recomponer la relaci\u00f3n institucional entre la Presidencia y la Vicepresidencia del Estado, el expresidente Jorge Quiroga Ram\u00edrez pidi\u00f3 no permitir que Evo Morales y sus aliados marquen la agenda para los pr\u00f3ximos cuatro a\u00f1os y medio, a trav\u00e9s de movilizaciones y constante conspiraci\u00f3n para derrocar al presidente Rodrigo Paz. Seg\u00fan el exmandatario, [&hellip;]<\/p>\n","protected":false},"author":1,"featured_media":397126,"comment_status":"closed","ping_status":"open","sticky":false,"template":"","format":"standard","meta":{"_acf_changed":false,"footnotes":""},"categories":[14],"tags":[],"class_list":["post-397125","post","type-post","status-publish","format-standard","has-post-thumbnail","category-politica"],"acf":{"antetitulo":""},"yoast_head":"<!-- This site is optimized with the Yoast SEO plugin v28.4 - https:\/\/yoast.com\/product\/yoast-seo-wordpress\/ -->\n<title>Quiroga pide no dejar que Morales condicione la agenda del Gobierno - El Diario - Bolivia<\/title>\n<meta name=\"robots\" content=\"index, follow, max-snippet:-1, max-image-preview:large, max-video-preview:-1\" \/>\n<link rel=\"canonical\" href=\"https:\/\/www.eldiario.net\/portal\/2026\/05\/23\/quiroga-pide-no-dejar-que-morales-condicione-la-agenda-del-gobierno\/\" \/>\n<meta property=\"og:locale\" content=\"es_ES\" \/>\n<meta property=\"og:type\" content=\"article\" \/>\n<meta property=\"og:title\" content=\"Quiroga pide no dejar que Morales condicione la agenda del Gobierno - El Diario - Bolivia\" \/>\n<meta property=\"og:description\" content=\"Pidiendo al Gobierno recomponer la relaci\u00f3n institucional entre la Presidencia y la Vicepresidencia del Estado, el expresidente Jorge Quiroga Ram\u00edrez pidi\u00f3 no permitir que Evo Morales y sus aliados marquen la agenda para los pr\u00f3ximos cuatro a\u00f1os y medio, a trav\u00e9s de movilizaciones y constante conspiraci\u00f3n para derrocar al presidente Rodrigo Paz. Seg\u00fan el exmandatario, [&hellip;]\" \/>\n<meta property=\"og:url\" content=\"https:\/\/www.eldiario.net\/portal\/2026\/05\/23\/quiroga-pide-no-dejar-que-morales-condicione-la-agenda-del-gobierno\/\" \/>\n<meta property=\"og:site_name\" content=\"El Diario - Bolivia\" \/>\n<meta property=\"article:publisher\" content=\"https:\/\/www.facebook.com\/eldiario.bolivia\/\" \/>\n<meta property=\"article:published_time\" content=\"2026-05-23T11:34:08+00:00\" \/>\n<meta property=\"og:image\" content=\"https:\/\/www.eldiario.net\/portal\/wp-content\/uploads\/2026\/05\/42-POL-10.webp\" \/>\n\t<meta property=\"og:image:width\" content=\"632\" \/>\n\t<meta property=\"og:image:height\" content=\"435\" \/>\n\t<meta property=\"og:image:type\" content=\"image\/webp\" \/>\n<meta name=\"author\" content=\"Jeanette\" \/>\n<meta name=\"twitter:card\" content=\"summary_large_image\" \/>\n<meta name=\"twitter:creator\" content=\"@eldiario_net\" \/>\n<meta name=\"twitter:site\" content=\"@eldiario_net\" \/>\n<meta name=\"twitter:label1\" content=\"Escrito por\" \/>\n\t<meta name=\"twitter:data1\" content=\"Jeanette\" \/>\n\t<meta name=\"twitter:label2\" content=\"Tiempo de lectura\" \/>\n\t<meta name=\"twitter:data2\" content=\"2 minutos\" \/>\n<script type=\"application\/ld+json\" class=\"yoast-schema-graph\">{\"@context\":\"https:\\\/\\\/schema.org\",\"@graph\":[{\"@type\":\"Article\",\"@id\":\"https:\\\/\\\/www.eldiario.net\\\/portal\\\/2026\\\/05\\\/23\\\/quiroga-pide-no-dejar-que-morales-condicione-la-agenda-del-gobierno\\\/#article\",\"isPartOf\":{\"@id\":\"https:\\\/\\\/www.eldiario.net\\\/portal\\\/2026\\\/05\\\/23\\\/quiroga-pide-no-dejar-que-morales-condicione-la-agenda-del-gobierno\\\/\"},\"author\":{\"name\":\"Jeanette\",\"@id\":\"https:\\\/\\\/www.eldiario.net\\\/portal\\\/#\\\/schema\\\/person\\\/2c57cf2b7a7ae032e449e4c9b1019eac\"},\"headline\":\"Quiroga pide no dejar que Morales condicione la agenda del Gobierno\",\"datePublished\":\"2026-05-23T11:34:08+00:00\",\"mainEntityOfPage\":{\"@id\":\"https:\\\/\\\/www.eldiario.net\\\/portal\\\/2026\\\/05\\\/23\\\/quiroga-pide-no-dejar-que-morales-condicione-la-agenda-del-gobierno\\\/\"},\"wordCount\":423,\"publisher\":{\"@id\":\"https:\\\/\\\/www.eldiario.net\\\/portal\\\/#organization\"},\"image\":{\"@id\":\"https:\\\/\\\/www.eldiario.net\\\/portal\\\/2026\\\/05\\\/23\\\/quiroga-pide-no-dejar-que-morales-condicione-la-agenda-del-gobierno\\\/#primaryimage\"},\"thumbnailUrl\":\"https:\\\/\\\/www.eldiario.net\\\/portal\\\/wp-content\\\/uploads\\\/2026\\\/05\\\/42-POL-10.webp\",\"articleSection\":[\"Pol\u00edtica\"],\"inLanguage\":\"es\"},{\"@type\":\"WebPage\",\"@id\":\"https:\\\/\\\/www.eldiario.net\\\/portal\\\/2026\\\/05\\\/23\\\/quiroga-pide-no-dejar-que-morales-condicione-la-agenda-del-gobierno\\\/\",\"url\":\"https:\\\/\\\/www.eldiario.net\\\/portal\\\/2026\\\/05\\\/23\\\/quiroga-pide-no-dejar-que-morales-condicione-la-agenda-del-gobierno\\\/\",\"name\":\"Quiroga pide no dejar que Morales condicione la agenda del Gobierno - El Diario - Bolivia\",\"isPartOf\":{\"@id\":\"https:\\\/\\\/www.eldiario.net\\\/portal\\\/#website\"},\"primaryImageOfPage\":{\"@id\":\"https:\\\/\\\/www.eldiario.net\\\/portal\\\/2026\\\/05\\\/23\\\/quiroga-pide-no-dejar-que-morales-condicione-la-agenda-del-gobierno\\\/#primaryimage\"},\"image\":{\"@id\":\"https:\\\/\\\/www.eldiario.net\\\/portal\\\/2026\\\/05\\\/23\\\/quiroga-pide-no-dejar-que-morales-condicione-la-agenda-del-gobierno\\\/#primaryimage\"},\"thumbnailUrl\":\"https:\\\/\\\/www.eldiario.net\\\/portal\\\/wp-content\\\/uploads\\\/2026\\\/05\\\/42-POL-10.webp\",\"datePublished\":\"2026-05-23T11:34:08+00:00\",\"breadcrumb\":{\"@id\":\"https:\\\/\\\/www.eldiario.net\\\/portal\\\/2026\\\/05\\\/23\\\/quiroga-pide-no-dejar-que-morales-condicione-la-agenda-del-gobierno\\\/#breadcrumb\"},\"inLanguage\":\"es\",\"potentialAction\":[{\"@type\":\"ReadAction\",\"target\":[\"https:\\\/\\\/www.eldiario.net\\\/portal\\\/2026\\\/05\\\/23\\\/quiroga-pide-no-dejar-que-morales-condicione-la-agenda-del-gobierno\\\/\"]}]},{\"@type\":\"ImageObject\",\"inLanguage\":\"es\",\"@id\":\"https:\\\/\\\/www.eldiario.net\\\/portal\\\/2026\\\/05\\\/23\\\/quiroga-pide-no-dejar-que-morales-condicione-la-agenda-del-gobierno\\\/#primaryimage\",\"url\":\"https:\\\/\\\/www.eldiario.net\\\/portal\\\/wp-content\\\/uploads\\\/2026\\\/05\\\/42-POL-10.webp\",\"contentUrl\":\"https:\\\/\\\/www.eldiario.net\\\/portal\\\/wp-content\\\/uploads\\\/2026\\\/05\\\/42-POL-10.webp\",\"width\":632,\"height\":435,\"caption\":\"EL EXPRESIDENTE JORGE QUIROGA RAM\u00cdREZ JUNTO A MIEMBROS DE SU BANCADA.\"},{\"@type\":\"BreadcrumbList\",\"@id\":\"https:\\\/\\\/www.eldiario.net\\\/portal\\\/2026\\\/05\\\/23\\\/quiroga-pide-no-dejar-que-morales-condicione-la-agenda-del-gobierno\\\/#breadcrumb\",\"itemListElement\":[{\"@type\":\"ListItem\",\"position\":1,\"name\":\"Portada\",\"item\":\"https:\\\/\\\/www.eldiario.net\\\/portal\\\/\"},{\"@type\":\"ListItem\",\"position\":2,\"name\":\"Quiroga pide no dejar que Morales condicione la agenda del Gobierno\"}]},{\"@type\":\"WebSite\",\"@id\":\"https:\\\/\\\/www.eldiario.net\\\/portal\\\/#website\",\"url\":\"https:\\\/\\\/www.eldiario.net\\\/portal\\\/\",\"name\":\"El Diario - Decano de la prensa nacional\",\"description\":\"El Diario - Decano de la prensa nacional\",\"publisher\":{\"@id\":\"https:\\\/\\\/www.eldiario.net\\\/portal\\\/#organization\"},\"potentialAction\":[{\"@type\":\"SearchAction\",\"target\":{\"@type\":\"EntryPoint\",\"urlTemplate\":\"https:\\\/\\\/www.eldiario.net\\\/portal\\\/?s={search_term_string}\"},\"query-input\":{\"@type\":\"PropertyValueSpecification\",\"valueRequired\":true,\"valueName\":\"search_term_string\"}}],\"inLanguage\":\"es\"},{\"@type\":\"Organization\",\"@id\":\"https:\\\/\\\/www.eldiario.net\\\/portal\\\/#organization\",\"name\":\"El Diario - Decano de la prensa nacional\",\"url\":\"https:\\\/\\\/www.eldiario.net\\\/portal\\\/\",\"logo\":{\"@type\":\"ImageObject\",\"inLanguage\":\"es\",\"@id\":\"https:\\\/\\\/www.eldiario.net\\\/portal\\\/#\\\/schema\\\/logo\\\/image\\\/\",\"url\":\"https:\\\/\\\/www.eldiario.net\\\/portal\\\/wp-content\\\/uploads\\\/2023\\\/07\\\/logo_ED.jpg\",\"contentUrl\":\"https:\\\/\\\/www.eldiario.net\\\/portal\\\/wp-content\\\/uploads\\\/2023\\\/07\\\/logo_ED.jpg\",\"width\":272,\"height\":52,\"caption\":\"El Diario - Decano de la prensa nacional\"},\"image\":{\"@id\":\"https:\\\/\\\/www.eldiario.net\\\/portal\\\/#\\\/schema\\\/logo\\\/image\\\/\"},\"sameAs\":[\"https:\\\/\\\/www.facebook.com\\\/eldiario.bolivia\\\/\",\"https:\\\/\\\/x.com\\\/eldiario_net\"]},{\"@type\":\"Person\",\"@id\":\"https:\\\/\\\/www.eldiario.net\\\/portal\\\/#\\\/schema\\\/person\\\/2c57cf2b7a7ae032e449e4c9b1019eac\",\"name\":\"Jeanette\",\"image\":{\"@type\":\"ImageObject\",\"inLanguage\":\"es\",\"@id\":\"https:\\\/\\\/secure.gravatar.com\\\/avatar\\\/3ea2118a5f7dad2b7138b1187a6b7ee55f160b9968b66013c3a3ef39dd7e5798?s=96&d=mm&r=g\",\"url\":\"https:\\\/\\\/secure.gravatar.com\\\/avatar\\\/3ea2118a5f7dad2b7138b1187a6b7ee55f160b9968b66013c3a3ef39dd7e5798?s=96&d=mm&r=g\",\"contentUrl\":\"https:\\\/\\\/secure.gravatar.com\\\/avatar\\\/3ea2118a5f7dad2b7138b1187a6b7ee55f160b9968b66013c3a3ef39dd7e5798?s=96&d=mm&r=g\",\"caption\":\"Jeanette\"},\"sameAs\":[\"https:\\\/\\\/www.eldiario.net\\\/portal\"],\"url\":\"https:\\\/\\\/www.eldiario.net\\\/portal\\\/author\\\/jeanette\\\/\"}]}<\/script>\n<!-- \/ Yoast SEO plugin. -->","yoast_head_json":{"title":"Quiroga pide no dejar que Morales condicione la agenda del Gobierno - El Diario - Bolivia","robots":{"index":"index","follow":"follow","max-snippet":"max-snippet:-1","max-image-preview":"max-image-preview:large","max-video-preview":"max-video-preview:-1"},"canonical":"https:\/\/www.eldiario.net\/portal\/2026\/05\/23\/quiroga-pide-no-dejar-que-morales-condicione-la-agenda-del-gobierno\/","og_locale":"es_ES","og_type":"article","og_title":"Quiroga pide no dejar que Morales condicione la agenda del Gobierno - El Diario - Bolivia","og_description":"Pidiendo al Gobierno recomponer la relaci\u00f3n institucional entre la Presidencia y la Vicepresidencia del Estado, el expresidente Jorge Quiroga Ram\u00edrez pidi\u00f3 no permitir que Evo Morales y sus aliados marquen la agenda para los pr\u00f3ximos cuatro a\u00f1os y medio, a trav\u00e9s de movilizaciones y constante conspiraci\u00f3n para derrocar al presidente Rodrigo Paz. Seg\u00fan el exmandatario, [&hellip;]","og_url":"https:\/\/www.eldiario.net\/portal\/2026\/05\/23\/quiroga-pide-no-dejar-que-morales-condicione-la-agenda-del-gobierno\/","og_site_name":"El Diario - Bolivia","article_publisher":"https:\/\/www.facebook.com\/eldiario.bolivia\/","article_published_time":"2026-05-23T11:34:08+00:00","og_image":[{"width":632,"height":435,"url":"https:\/\/www.eldiario.net\/portal\/wp-content\/uploads\/2026\/05\/42-POL-10.webp","type":"image\/webp"}],"author":"Jeanette","twitter_card":"summary_large_image","twitter_creator":"@eldiario_net","twitter_site":"@eldiario_net","twitter_misc":{"Escrito por":"Jeanette","Tiempo de lectura":"2 minutos"},"schema":{"@context":"https:\/\/schema.org","@graph":[{"@type":"Article","@id":"https:\/\/www.eldiario.net\/portal\/2026\/05\/23\/quiroga-pide-no-dejar-que-morales-condicione-la-agenda-del-gobierno\/#article","isPartOf":{"@id":"https:\/\/www.eldiario.net\/portal\/2026\/05\/23\/quiroga-pide-no-dejar-que-morales-condicione-la-agenda-del-gobierno\/"},"author":{"name":"Jeanette","@id":"https:\/\/www.eldiario.net\/portal\/#\/schema\/person\/2c57cf2b7a7ae032e449e4c9b1019eac"},"headline":"Quiroga pide no dejar que Morales condicione la agenda del Gobierno","datePublished":"2026-05-23T11:34:08+00:00","mainEntityOfPage":{"@id":"https:\/\/www.eldiario.net\/portal\/2026\/05\/23\/quiroga-pide-no-dejar-que-morales-condicione-la-agenda-del-gobierno\/"},"wordCount":423,"publisher":{"@id":"https:\/\/www.eldiario.net\/portal\/#organization"},"image":{"@id":"https:\/\/www.eldiario.net\/portal\/2026\/05\/23\/quiroga-pide-no-dejar-que-morales-condicione-la-agenda-del-gobierno\/#primaryimage"},"thumbnailUrl":"https:\/\/www.eldiario.net\/portal\/wp-content\/uploads\/2026\/05\/42-POL-10.webp","articleSection":["Pol\u00edtica"],"inLanguage":"es"},{"@type":"WebPage","@id":"https:\/\/www.eldiario.net\/portal\/2026\/05\/23\/quiroga-pide-no-dejar-que-morales-condicione-la-agenda-del-gobierno\/","url":"https:\/\/www.eldiario.net\/portal\/2026\/05\/23\/quiroga-pide-no-dejar-que-morales-condicione-la-agenda-del-gobierno\/","name":"Quiroga pide no dejar que Morales condicione la agenda del Gobierno - El Diario - Bolivia","isPartOf":{"@id":"https:\/\/www.eldiario.net\/portal\/#website"},"primaryImageOfPage":{"@id":"https:\/\/www.eldiario.net\/portal\/2026\/05\/23\/quiroga-pide-no-dejar-que-morales-condicione-la-agenda-del-gobierno\/#primaryimage"},"image":{"@id":"https:\/\/www.eldiario.net\/portal\/2026\/05\/23\/quiroga-pide-no-dejar-que-morales-condicione-la-agenda-del-gobierno\/#primaryimage"},"thumbnailUrl":"https:\/\/www.eldiario.net\/portal\/wp-content\/uploads\/2026\/05\/42-POL-10.webp","datePublished":"2026-05-23T11:34:08+00:00","breadcrumb":{"@id":"https:\/\/www.eldiario.net\/portal\/2026\/05\/23\/quiroga-pide-no-dejar-que-morales-condicione-la-agenda-del-gobierno\/#breadcrumb"},"inLanguage":"es","potentialAction":[{"@type":"ReadAction","target":["https:\/\/www.eldiario.net\/portal\/2026\/05\/23\/quiroga-pide-no-dejar-que-morales-condicione-la-agenda-del-gobierno\/"]}]},{"@type":"ImageObject","inLanguage":"es","@id":"https:\/\/www.eldiario.net\/portal\/2026\/05\/23\/quiroga-pide-no-dejar-que-morales-condicione-la-agenda-del-gobierno\/#primaryimage","url":"https:\/\/www.eldiario.net\/portal\/wp-content\/uploads\/2026\/05\/42-POL-10.webp","contentUrl":"https:\/\/www.eldiario.net\/portal\/wp-content\/uploads\/2026\/05\/42-POL-10.webp","width":632,"height":435,"caption":"EL EXPRESIDENTE JORGE QUIROGA RAM\u00cdREZ JUNTO A MIEMBROS DE SU BANCADA."},{"@type":"BreadcrumbList","@id":"https:\/\/www.eldiario.net\/portal\/2026\/05\/23\/quiroga-pide-no-dejar-que-morales-condicione-la-agenda-del-gobierno\/#breadcrumb","itemListElement":[{"@type":"ListItem","position":1,"name":"Portada","item":"https:\/\/www.eldiario.net\/portal\/"},{"@type":"ListItem","position":2,"name":"Quiroga pide no dejar que Morales condicione la agenda del Gobierno"}]},{"@type":"WebSite","@id":"https:\/\/www.eldiario.net\/portal\/#website","url":"https:\/\/www.eldiario.net\/portal\/","name":"El Diario - Decano de la prensa nacional","description":"El Diario - Decano de la prensa nacional","publisher":{"@id":"https:\/\/www.eldiario.net\/portal\/#organization"},"potentialAction":[{"@type":"SearchAction","target":{"@type":"EntryPoint","urlTemplate":"https:\/\/www.eldiario.net\/portal\/?s={search_term_string}"},"query-input":{"@type":"PropertyValueSpecification","valueRequired":true,"valueName":"search_term_string"}}],"inLanguage":"es"},{"@type":"Organization","@id":"https:\/\/www.eldiario.net\/portal\/#organization","name":"El Diario - Decano de la prensa nacional","url":"https:\/\/www.eldiario.net\/portal\/","logo":{"@type":"ImageObject","inLanguage":"es","@id":"https:\/\/www.eldiario.net\/portal\/#\/schema\/logo\/image\/","url":"https:\/\/www.eldiario.net\/portal\/wp-content\/uploads\/2023\/07\/logo_ED.jpg","contentUrl":"https:\/\/www.eldiario.net\/portal\/wp-content\/uploads\/2023\/07\/logo_ED.jpg","width":272,"height":52,"caption":"El Diario - Decano de la prensa nacional"},"image":{"@id":"https:\/\/www.eldiario.net\/portal\/#\/schema\/logo\/image\/"},"sameAs":["https:\/\/www.facebook.com\/eldiario.bolivia\/","https:\/\/x.com\/eldiario_net"]},{"@type":"Person","@id":"https:\/\/www.eldiario.net\/portal\/#\/schema\/person\/2c57cf2b7a7ae032e449e4c9b1019eac","name":"Jeanette","image":{"@type":"ImageObject","inLanguage":"es","@id":"https:\/\/secure.gravatar.com\/avatar\/3ea2118a5f7dad2b7138b1187a6b7ee55f160b9968b66013c3a3ef39dd7e5798?s=96&d=mm&r=g","url":"https:\/\/secure.gravatar.com\/avatar\/3ea2118a5f7dad2b7138b1187a6b7ee55f160b9968b66013c3a3ef39dd7e5798?s=96&d=mm&r=g","contentUrl":"https:\/\/secure.gravatar.com\/avatar\/3ea2118a5f7dad2b7138b1187a6b7ee55f160b9968b66013c3a3ef39dd7e5798?s=96&d=mm&r=g","caption":"Jeanette"},"sameAs":["https:\/\/www.eldiario.net\/portal"],"url":"https:\/\/www.eldiario.net\/portal\/author\/jeanette\/"}]}},"_links":{"self":[{"href":"https:\/\/www.eldiario.net\/portal\/wp-json\/wp\/v2\/posts\/397125","targetHints":{"allow":["GET"]}}],"collection":[{"href":"https:\/\/www.eldiario.net\/portal\/wp-json\/wp\/v2\/posts"}],"about":[{"href":"https:\/\/www.eldiario.net\/portal\/wp-json\/wp\/v2\/types\/post"}],"author":[{"embeddable":true,"href":"https:\/\/www.eldiario.net\/portal\/wp-json\/wp\/v2\/users\/1"}],"replies":[{"embeddable":true,"href":"https:\/\/www.eldiario.net\/portal\/wp-json\/wp\/v2\/comments?post=397125"}],"version-history":[{"count":1,"href":"https:\/\/www.eldiario.net\/portal\/wp-json\/wp\/v2\/posts\/397125\/revisions"}],"predecessor-version":[{"id":397127,"href":"https:\/\/www.eldiario.net\/portal\/wp-json\/wp\/v2\/posts\/397125\/revisions\/397127"}],"wp:featuredmedia":[{"embeddable":true,"href":"https:\/\/www.eldiario.net\/portal\/wp-json\/wp\/v2\/media\/397126"}],"wp:attachment":[{"href":"https:\/\/www.eldiario.net\/portal\/wp-json\/wp\/v2\/media?parent=397125"}],"wp:term":[{"taxonomy":"category","embeddable":true,"href":"https:\/\/www.eldiario.net\/portal\/wp-json\/wp\/v2\/categories?post=397125"},{"taxonomy":"post_tag","embeddable":true,"href":"https:\/\/www.eldiario.net\/portal\/wp-json\/wp\/v2\/tags?post=397125"}],"curies":[{"name":"wp","href":"https:\/\/api.w.org\/{rel}","templated":true}]}}