{"id":397122,"date":"2026-05-23T07:33:24","date_gmt":"2026-05-23T11:33:24","guid":{"rendered":"https:\/\/www.eldiario.net\/portal\/?p=397122"},"modified":"2026-05-23T07:33:24","modified_gmt":"2026-05-23T11:33:24","slug":"alarcon-plantea-abrogar-ley-que-regula-los-estados-de-excepcion-2","status":"publish","type":"post","link":"https:\/\/www.eldiario.net\/portal\/2026\/05\/23\/alarcon-plantea-abrogar-ley-que-regula-los-estados-de-excepcion-2\/","title":{"rendered":"Alarc\u00f3n plantea abrogar ley que  regula los estados de excepci\u00f3n"},"content":{"rendered":"<p>Una declaraci\u00f3n de estado de excepci\u00f3n se dicta a trav\u00e9s de un decreto supremo que posteriormente debe ser aprobado o rechazado por la Asamblea Legislativa Plurinacional (ALP).<br \/>\nAfirmando que la normativa vigente deja desprotegida a la poblaci\u00f3n ante situaciones extremas que amenazan la paz social y el orden constitucional, el diputado por la alianza Unidad, Carlos Alarc\u00f3n, present\u00f3 un proyecto de norma para abrogar la Ley 1341, del 29 de octubre de 2020, denominada \u201cLey de Estados de Excepci\u00f3n\u201d.<br \/>\nEn conferencia de prensa, el legislador pace\u00f1o explic\u00f3 que dicha iniciativa fue anexada al proyecto de ley que plantea penalizar el bloqueo como forma de protesta; sin embargo, debido a la actual demora en el tratamiento del proyecto normativo, se determin\u00f3 presentar una propuesta para que la C\u00e1mara de Diputados analice y debata solamente este punto.<br \/>\n\u201cComo la Ley Antibloqueo est\u00e1 demorada en su tr\u00e1mite en la Comisi\u00f3n de Justicia Plural, (\u2026) lo que hice es sacar la abrogatoria de la Ley Antibloqueo y presentarla como un proyecto de ley con un art\u00edculo \u00fanico que abroga la Ley de Estados de Excepci\u00f3n\u201d, explic\u00f3.<br \/>\nAlarc\u00f3n apunt\u00f3 que la declaraci\u00f3n de estado de excepci\u00f3n se dicta, en caso de hechos de violencia desenfrenada en el pa\u00eds, a trav\u00e9s de un decreto supremo que posteriormente debe ser aprobado o rechazado por la ALP.<br \/>\n\u201cEspero que en la pr\u00f3xima sesi\u00f3n de la C\u00e1mara de Diputados ya estemos tratando esta ley, independientemente de que el Gobierno quiera o no declarar estado de excepci\u00f3n. Esta es una ley que se va a aplicar al presente y se va a proyectar al futuro. Lo que no podemos dejar es este nefasto precedente que pr\u00e1cticamente nos deja en situaciones extremas desguarnecidos y desprotegidos a todos los bolivianos\u201d, sostuvo Alarc\u00f3n.<br \/>\nAyer, el expresidente Jorge Quiroga se refiri\u00f3 a la propuesta de Alarc\u00f3n, recordando que la norma en cuesti\u00f3n fue una maniobra del Parlamento controlado por el \u201cmasismo\u201d durante el gobierno de la expresidenta Jeanine A\u00f1ez, con la finalidad de \u201cmaniatar\u201d a dicha administraci\u00f3n ante la convulsi\u00f3n social generada por las bases del partido azul.<br \/>\n\u201cNos parece que esta iniciativa ayudar\u00eda a devolver las prerrogativas constitucionales a un gobierno que debe garantizar el Estado de Derecho, la libre circulaci\u00f3n y frenar todos los abusos que actualmente se cometen contra la poblaci\u00f3n pace\u00f1a\u201d, manifest\u00f3.<\/p>\n","protected":false},"excerpt":{"rendered":"<p>Una declaraci\u00f3n de estado de excepci\u00f3n se dicta a trav\u00e9s de un decreto supremo que posteriormente debe ser aprobado o rechazado por la Asamblea Legislativa Plurinacional (ALP). Afirmando que la normativa vigente deja desprotegida a la poblaci\u00f3n ante situaciones extremas que amenazan la paz social y el orden constitucional, el diputado por la alianza Unidad, [&hellip;]<\/p>\n","protected":false},"author":1,"featured_media":397123,"comment_status":"closed","ping_status":"open","sticky":false,"template":"","format":"standard","meta":{"_acf_changed":false,"footnotes":""},"categories":[14],"tags":[],"class_list":["post-397122","post","type-post","status-publish","format-standard","has-post-thumbnail","category-politica"],"acf":{"antetitulo":"Para restituir prerrogativas constitucionales"},"yoast_head":"<!-- This site is optimized with the Yoast SEO plugin v28.4 - https:\/\/yoast.com\/product\/yoast-seo-wordpress\/ -->\n<title>Alarc\u00f3n plantea abrogar ley que regula los estados de excepci\u00f3n - El Diario - Bolivia<\/title>\n<meta name=\"robots\" content=\"index, follow, max-snippet:-1, max-image-preview:large, max-video-preview:-1\" \/>\n<link rel=\"canonical\" href=\"https:\/\/www.eldiario.net\/portal\/2026\/05\/23\/alarcon-plantea-abrogar-ley-que-regula-los-estados-de-excepcion-2\/\" \/>\n<meta property=\"og:locale\" content=\"es_ES\" \/>\n<meta property=\"og:type\" content=\"article\" \/>\n<meta property=\"og:title\" content=\"Alarc\u00f3n plantea abrogar ley que regula los estados de excepci\u00f3n - El Diario - Bolivia\" \/>\n<meta property=\"og:description\" content=\"Una declaraci\u00f3n de estado de excepci\u00f3n se dicta a trav\u00e9s de un decreto supremo que posteriormente debe ser aprobado o rechazado por la Asamblea Legislativa Plurinacional (ALP). Afirmando que la normativa vigente deja desprotegida a la poblaci\u00f3n ante situaciones extremas que amenazan la paz social y el orden constitucional, el diputado por la alianza Unidad, [&hellip;]\" \/>\n<meta property=\"og:url\" content=\"https:\/\/www.eldiario.net\/portal\/2026\/05\/23\/alarcon-plantea-abrogar-ley-que-regula-los-estados-de-excepcion-2\/\" \/>\n<meta property=\"og:site_name\" content=\"El Diario - Bolivia\" \/>\n<meta property=\"article:publisher\" content=\"https:\/\/www.facebook.com\/eldiario.bolivia\/\" \/>\n<meta property=\"article:published_time\" content=\"2026-05-23T11:33:24+00:00\" \/>\n<meta property=\"og:image\" content=\"https:\/\/www.eldiario.net\/portal\/wp-content\/uploads\/2026\/05\/41-POL-9.webp\" \/>\n\t<meta property=\"og:image:width\" content=\"1280\" \/>\n\t<meta property=\"og:image:height\" content=\"853\" \/>\n\t<meta property=\"og:image:type\" content=\"image\/webp\" \/>\n<meta name=\"author\" content=\"Jeanette\" \/>\n<meta name=\"twitter:card\" content=\"summary_large_image\" \/>\n<meta name=\"twitter:creator\" content=\"@eldiario_net\" \/>\n<meta name=\"twitter:site\" content=\"@eldiario_net\" \/>\n<meta name=\"twitter:label1\" content=\"Escrito por\" \/>\n\t<meta name=\"twitter:data1\" content=\"Jeanette\" \/>\n\t<meta name=\"twitter:label2\" content=\"Tiempo de lectura\" \/>\n\t<meta name=\"twitter:data2\" content=\"2 minutos\" \/>\n<script type=\"application\/ld+json\" class=\"yoast-schema-graph\">{\"@context\":\"https:\\\/\\\/schema.org\",\"@graph\":[{\"@type\":\"Article\",\"@id\":\"https:\\\/\\\/www.eldiario.net\\\/portal\\\/2026\\\/05\\\/23\\\/alarcon-plantea-abrogar-ley-que-regula-los-estados-de-excepcion-2\\\/#article\",\"isPartOf\":{\"@id\":\"https:\\\/\\\/www.eldiario.net\\\/portal\\\/2026\\\/05\\\/23\\\/alarcon-plantea-abrogar-ley-que-regula-los-estados-de-excepcion-2\\\/\"},\"author\":{\"name\":\"Jeanette\",\"@id\":\"https:\\\/\\\/www.eldiario.net\\\/portal\\\/#\\\/schema\\\/person\\\/2c57cf2b7a7ae032e449e4c9b1019eac\"},\"headline\":\"Alarc\u00f3n plantea abrogar ley que regula los estados de excepci\u00f3n\",\"datePublished\":\"2026-05-23T11:33:24+00:00\",\"mainEntityOfPage\":{\"@id\":\"https:\\\/\\\/www.eldiario.net\\\/portal\\\/2026\\\/05\\\/23\\\/alarcon-plantea-abrogar-ley-que-regula-los-estados-de-excepcion-2\\\/\"},\"wordCount\":422,\"publisher\":{\"@id\":\"https:\\\/\\\/www.eldiario.net\\\/portal\\\/#organization\"},\"image\":{\"@id\":\"https:\\\/\\\/www.eldiario.net\\\/portal\\\/2026\\\/05\\\/23\\\/alarcon-plantea-abrogar-ley-que-regula-los-estados-de-excepcion-2\\\/#primaryimage\"},\"thumbnailUrl\":\"https:\\\/\\\/www.eldiario.net\\\/portal\\\/wp-content\\\/uploads\\\/2026\\\/05\\\/41-POL-9.webp\",\"articleSection\":[\"Pol\u00edtica\"],\"inLanguage\":\"es\"},{\"@type\":\"WebPage\",\"@id\":\"https:\\\/\\\/www.eldiario.net\\\/portal\\\/2026\\\/05\\\/23\\\/alarcon-plantea-abrogar-ley-que-regula-los-estados-de-excepcion-2\\\/\",\"url\":\"https:\\\/\\\/www.eldiario.net\\\/portal\\\/2026\\\/05\\\/23\\\/alarcon-plantea-abrogar-ley-que-regula-los-estados-de-excepcion-2\\\/\",\"name\":\"Alarc\u00f3n plantea abrogar ley que regula los estados de excepci\u00f3n - El Diario - Bolivia\",\"isPartOf\":{\"@id\":\"https:\\\/\\\/www.eldiario.net\\\/portal\\\/#website\"},\"primaryImageOfPage\":{\"@id\":\"https:\\\/\\\/www.eldiario.net\\\/portal\\\/2026\\\/05\\\/23\\\/alarcon-plantea-abrogar-ley-que-regula-los-estados-de-excepcion-2\\\/#primaryimage\"},\"image\":{\"@id\":\"https:\\\/\\\/www.eldiario.net\\\/portal\\\/2026\\\/05\\\/23\\\/alarcon-plantea-abrogar-ley-que-regula-los-estados-de-excepcion-2\\\/#primaryimage\"},\"thumbnailUrl\":\"https:\\\/\\\/www.eldiario.net\\\/portal\\\/wp-content\\\/uploads\\\/2026\\\/05\\\/41-POL-9.webp\",\"datePublished\":\"2026-05-23T11:33:24+00:00\",\"breadcrumb\":{\"@id\":\"https:\\\/\\\/www.eldiario.net\\\/portal\\\/2026\\\/05\\\/23\\\/alarcon-plantea-abrogar-ley-que-regula-los-estados-de-excepcion-2\\\/#breadcrumb\"},\"inLanguage\":\"es\",\"potentialAction\":[{\"@type\":\"ReadAction\",\"target\":[\"https:\\\/\\\/www.eldiario.net\\\/portal\\\/2026\\\/05\\\/23\\\/alarcon-plantea-abrogar-ley-que-regula-los-estados-de-excepcion-2\\\/\"]}]},{\"@type\":\"ImageObject\",\"inLanguage\":\"es\",\"@id\":\"https:\\\/\\\/www.eldiario.net\\\/portal\\\/2026\\\/05\\\/23\\\/alarcon-plantea-abrogar-ley-que-regula-los-estados-de-excepcion-2\\\/#primaryimage\",\"url\":\"https:\\\/\\\/www.eldiario.net\\\/portal\\\/wp-content\\\/uploads\\\/2026\\\/05\\\/41-POL-9.webp\",\"contentUrl\":\"https:\\\/\\\/www.eldiario.net\\\/portal\\\/wp-content\\\/uploads\\\/2026\\\/05\\\/41-POL-9.webp\",\"width\":1280,\"height\":853,\"caption\":\"Diputado Carlos Alarc\u00f3n (Unidad)\"},{\"@type\":\"BreadcrumbList\",\"@id\":\"https:\\\/\\\/www.eldiario.net\\\/portal\\\/2026\\\/05\\\/23\\\/alarcon-plantea-abrogar-ley-que-regula-los-estados-de-excepcion-2\\\/#breadcrumb\",\"itemListElement\":[{\"@type\":\"ListItem\",\"position\":1,\"name\":\"Portada\",\"item\":\"https:\\\/\\\/www.eldiario.net\\\/portal\\\/\"},{\"@type\":\"ListItem\",\"position\":2,\"name\":\"Alarc\u00f3n plantea abrogar ley que regula los estados de excepci\u00f3n\"}]},{\"@type\":\"WebSite\",\"@id\":\"https:\\\/\\\/www.eldiario.net\\\/portal\\\/#website\",\"url\":\"https:\\\/\\\/www.eldiario.net\\\/portal\\\/\",\"name\":\"El Diario - Decano de la prensa nacional\",\"description\":\"El Diario - Decano de la prensa nacional\",\"publisher\":{\"@id\":\"https:\\\/\\\/www.eldiario.net\\\/portal\\\/#organization\"},\"potentialAction\":[{\"@type\":\"SearchAction\",\"target\":{\"@type\":\"EntryPoint\",\"urlTemplate\":\"https:\\\/\\\/www.eldiario.net\\\/portal\\\/?s={search_term_string}\"},\"query-input\":{\"@type\":\"PropertyValueSpecification\",\"valueRequired\":true,\"valueName\":\"search_term_string\"}}],\"inLanguage\":\"es\"},{\"@type\":\"Organization\",\"@id\":\"https:\\\/\\\/www.eldiario.net\\\/portal\\\/#organization\",\"name\":\"El Diario - Decano de la prensa nacional\",\"url\":\"https:\\\/\\\/www.eldiario.net\\\/portal\\\/\",\"logo\":{\"@type\":\"ImageObject\",\"inLanguage\":\"es\",\"@id\":\"https:\\\/\\\/www.eldiario.net\\\/portal\\\/#\\\/schema\\\/logo\\\/image\\\/\",\"url\":\"https:\\\/\\\/www.eldiario.net\\\/portal\\\/wp-content\\\/uploads\\\/2023\\\/07\\\/logo_ED.jpg\",\"contentUrl\":\"https:\\\/\\\/www.eldiario.net\\\/portal\\\/wp-content\\\/uploads\\\/2023\\\/07\\\/logo_ED.jpg\",\"width\":272,\"height\":52,\"caption\":\"El Diario - Decano de la prensa nacional\"},\"image\":{\"@id\":\"https:\\\/\\\/www.eldiario.net\\\/portal\\\/#\\\/schema\\\/logo\\\/image\\\/\"},\"sameAs\":[\"https:\\\/\\\/www.facebook.com\\\/eldiario.bolivia\\\/\",\"https:\\\/\\\/x.com\\\/eldiario_net\"]},{\"@type\":\"Person\",\"@id\":\"https:\\\/\\\/www.eldiario.net\\\/portal\\\/#\\\/schema\\\/person\\\/2c57cf2b7a7ae032e449e4c9b1019eac\",\"name\":\"Jeanette\",\"image\":{\"@type\":\"ImageObject\",\"inLanguage\":\"es\",\"@id\":\"https:\\\/\\\/secure.gravatar.com\\\/avatar\\\/3ea2118a5f7dad2b7138b1187a6b7ee55f160b9968b66013c3a3ef39dd7e5798?s=96&d=mm&r=g\",\"url\":\"https:\\\/\\\/secure.gravatar.com\\\/avatar\\\/3ea2118a5f7dad2b7138b1187a6b7ee55f160b9968b66013c3a3ef39dd7e5798?s=96&d=mm&r=g\",\"contentUrl\":\"https:\\\/\\\/secure.gravatar.com\\\/avatar\\\/3ea2118a5f7dad2b7138b1187a6b7ee55f160b9968b66013c3a3ef39dd7e5798?s=96&d=mm&r=g\",\"caption\":\"Jeanette\"},\"sameAs\":[\"https:\\\/\\\/www.eldiario.net\\\/portal\"],\"url\":\"https:\\\/\\\/www.eldiario.net\\\/portal\\\/author\\\/jeanette\\\/\"}]}<\/script>\n<!-- \/ Yoast SEO plugin. -->","yoast_head_json":{"title":"Alarc\u00f3n plantea abrogar ley que regula los estados de excepci\u00f3n - El Diario - Bolivia","robots":{"index":"index","follow":"follow","max-snippet":"max-snippet:-1","max-image-preview":"max-image-preview:large","max-video-preview":"max-video-preview:-1"},"canonical":"https:\/\/www.eldiario.net\/portal\/2026\/05\/23\/alarcon-plantea-abrogar-ley-que-regula-los-estados-de-excepcion-2\/","og_locale":"es_ES","og_type":"article","og_title":"Alarc\u00f3n plantea abrogar ley que regula los estados de excepci\u00f3n - El Diario - Bolivia","og_description":"Una declaraci\u00f3n de estado de excepci\u00f3n se dicta a trav\u00e9s de un decreto supremo que posteriormente debe ser aprobado o rechazado por la Asamblea Legislativa Plurinacional (ALP). Afirmando que la normativa vigente deja desprotegida a la poblaci\u00f3n ante situaciones extremas que amenazan la paz social y el orden constitucional, el diputado por la alianza Unidad, [&hellip;]","og_url":"https:\/\/www.eldiario.net\/portal\/2026\/05\/23\/alarcon-plantea-abrogar-ley-que-regula-los-estados-de-excepcion-2\/","og_site_name":"El Diario - Bolivia","article_publisher":"https:\/\/www.facebook.com\/eldiario.bolivia\/","article_published_time":"2026-05-23T11:33:24+00:00","og_image":[{"width":1280,"height":853,"url":"https:\/\/www.eldiario.net\/portal\/wp-content\/uploads\/2026\/05\/41-POL-9.webp","type":"image\/webp"}],"author":"Jeanette","twitter_card":"summary_large_image","twitter_creator":"@eldiario_net","twitter_site":"@eldiario_net","twitter_misc":{"Escrito por":"Jeanette","Tiempo de lectura":"2 minutos"},"schema":{"@context":"https:\/\/schema.org","@graph":[{"@type":"Article","@id":"https:\/\/www.eldiario.net\/portal\/2026\/05\/23\/alarcon-plantea-abrogar-ley-que-regula-los-estados-de-excepcion-2\/#article","isPartOf":{"@id":"https:\/\/www.eldiario.net\/portal\/2026\/05\/23\/alarcon-plantea-abrogar-ley-que-regula-los-estados-de-excepcion-2\/"},"author":{"name":"Jeanette","@id":"https:\/\/www.eldiario.net\/portal\/#\/schema\/person\/2c57cf2b7a7ae032e449e4c9b1019eac"},"headline":"Alarc\u00f3n plantea abrogar ley que regula los estados de excepci\u00f3n","datePublished":"2026-05-23T11:33:24+00:00","mainEntityOfPage":{"@id":"https:\/\/www.eldiario.net\/portal\/2026\/05\/23\/alarcon-plantea-abrogar-ley-que-regula-los-estados-de-excepcion-2\/"},"wordCount":422,"publisher":{"@id":"https:\/\/www.eldiario.net\/portal\/#organization"},"image":{"@id":"https:\/\/www.eldiario.net\/portal\/2026\/05\/23\/alarcon-plantea-abrogar-ley-que-regula-los-estados-de-excepcion-2\/#primaryimage"},"thumbnailUrl":"https:\/\/www.eldiario.net\/portal\/wp-content\/uploads\/2026\/05\/41-POL-9.webp","articleSection":["Pol\u00edtica"],"inLanguage":"es"},{"@type":"WebPage","@id":"https:\/\/www.eldiario.net\/portal\/2026\/05\/23\/alarcon-plantea-abrogar-ley-que-regula-los-estados-de-excepcion-2\/","url":"https:\/\/www.eldiario.net\/portal\/2026\/05\/23\/alarcon-plantea-abrogar-ley-que-regula-los-estados-de-excepcion-2\/","name":"Alarc\u00f3n plantea abrogar ley que regula los estados de excepci\u00f3n - El Diario - Bolivia","isPartOf":{"@id":"https:\/\/www.eldiario.net\/portal\/#website"},"primaryImageOfPage":{"@id":"https:\/\/www.eldiario.net\/portal\/2026\/05\/23\/alarcon-plantea-abrogar-ley-que-regula-los-estados-de-excepcion-2\/#primaryimage"},"image":{"@id":"https:\/\/www.eldiario.net\/portal\/2026\/05\/23\/alarcon-plantea-abrogar-ley-que-regula-los-estados-de-excepcion-2\/#primaryimage"},"thumbnailUrl":"https:\/\/www.eldiario.net\/portal\/wp-content\/uploads\/2026\/05\/41-POL-9.webp","datePublished":"2026-05-23T11:33:24+00:00","breadcrumb":{"@id":"https:\/\/www.eldiario.net\/portal\/2026\/05\/23\/alarcon-plantea-abrogar-ley-que-regula-los-estados-de-excepcion-2\/#breadcrumb"},"inLanguage":"es","potentialAction":[{"@type":"ReadAction","target":["https:\/\/www.eldiario.net\/portal\/2026\/05\/23\/alarcon-plantea-abrogar-ley-que-regula-los-estados-de-excepcion-2\/"]}]},{"@type":"ImageObject","inLanguage":"es","@id":"https:\/\/www.eldiario.net\/portal\/2026\/05\/23\/alarcon-plantea-abrogar-ley-que-regula-los-estados-de-excepcion-2\/#primaryimage","url":"https:\/\/www.eldiario.net\/portal\/wp-content\/uploads\/2026\/05\/41-POL-9.webp","contentUrl":"https:\/\/www.eldiario.net\/portal\/wp-content\/uploads\/2026\/05\/41-POL-9.webp","width":1280,"height":853,"caption":"Diputado Carlos Alarc\u00f3n (Unidad)"},{"@type":"BreadcrumbList","@id":"https:\/\/www.eldiario.net\/portal\/2026\/05\/23\/alarcon-plantea-abrogar-ley-que-regula-los-estados-de-excepcion-2\/#breadcrumb","itemListElement":[{"@type":"ListItem","position":1,"name":"Portada","item":"https:\/\/www.eldiario.net\/portal\/"},{"@type":"ListItem","position":2,"name":"Alarc\u00f3n plantea abrogar ley que regula los estados de excepci\u00f3n"}]},{"@type":"WebSite","@id":"https:\/\/www.eldiario.net\/portal\/#website","url":"https:\/\/www.eldiario.net\/portal\/","name":"El Diario - Decano de la prensa nacional","description":"El Diario - Decano de la prensa nacional","publisher":{"@id":"https:\/\/www.eldiario.net\/portal\/#organization"},"potentialAction":[{"@type":"SearchAction","target":{"@type":"EntryPoint","urlTemplate":"https:\/\/www.eldiario.net\/portal\/?s={search_term_string}"},"query-input":{"@type":"PropertyValueSpecification","valueRequired":true,"valueName":"search_term_string"}}],"inLanguage":"es"},{"@type":"Organization","@id":"https:\/\/www.eldiario.net\/portal\/#organization","name":"El Diario - Decano de la prensa nacional","url":"https:\/\/www.eldiario.net\/portal\/","logo":{"@type":"ImageObject","inLanguage":"es","@id":"https:\/\/www.eldiario.net\/portal\/#\/schema\/logo\/image\/","url":"https:\/\/www.eldiario.net\/portal\/wp-content\/uploads\/2023\/07\/logo_ED.jpg","contentUrl":"https:\/\/www.eldiario.net\/portal\/wp-content\/uploads\/2023\/07\/logo_ED.jpg","width":272,"height":52,"caption":"El Diario - Decano de la prensa nacional"},"image":{"@id":"https:\/\/www.eldiario.net\/portal\/#\/schema\/logo\/image\/"},"sameAs":["https:\/\/www.facebook.com\/eldiario.bolivia\/","https:\/\/x.com\/eldiario_net"]},{"@type":"Person","@id":"https:\/\/www.eldiario.net\/portal\/#\/schema\/person\/2c57cf2b7a7ae032e449e4c9b1019eac","name":"Jeanette","image":{"@type":"ImageObject","inLanguage":"es","@id":"https:\/\/secure.gravatar.com\/avatar\/3ea2118a5f7dad2b7138b1187a6b7ee55f160b9968b66013c3a3ef39dd7e5798?s=96&d=mm&r=g","url":"https:\/\/secure.gravatar.com\/avatar\/3ea2118a5f7dad2b7138b1187a6b7ee55f160b9968b66013c3a3ef39dd7e5798?s=96&d=mm&r=g","contentUrl":"https:\/\/secure.gravatar.com\/avatar\/3ea2118a5f7dad2b7138b1187a6b7ee55f160b9968b66013c3a3ef39dd7e5798?s=96&d=mm&r=g","caption":"Jeanette"},"sameAs":["https:\/\/www.eldiario.net\/portal"],"url":"https:\/\/www.eldiario.net\/portal\/author\/jeanette\/"}]}},"_links":{"self":[{"href":"https:\/\/www.eldiario.net\/portal\/wp-json\/wp\/v2\/posts\/397122","targetHints":{"allow":["GET"]}}],"collection":[{"href":"https:\/\/www.eldiario.net\/portal\/wp-json\/wp\/v2\/posts"}],"about":[{"href":"https:\/\/www.eldiario.net\/portal\/wp-json\/wp\/v2\/types\/post"}],"author":[{"embeddable":true,"href":"https:\/\/www.eldiario.net\/portal\/wp-json\/wp\/v2\/users\/1"}],"replies":[{"embeddable":true,"href":"https:\/\/www.eldiario.net\/portal\/wp-json\/wp\/v2\/comments?post=397122"}],"version-history":[{"count":1,"href":"https:\/\/www.eldiario.net\/portal\/wp-json\/wp\/v2\/posts\/397122\/revisions"}],"predecessor-version":[{"id":397124,"href":"https:\/\/www.eldiario.net\/portal\/wp-json\/wp\/v2\/posts\/397122\/revisions\/397124"}],"wp:featuredmedia":[{"embeddable":true,"href":"https:\/\/www.eldiario.net\/portal\/wp-json\/wp\/v2\/media\/397123"}],"wp:attachment":[{"href":"https:\/\/www.eldiario.net\/portal\/wp-json\/wp\/v2\/media?parent=397122"}],"wp:term":[{"taxonomy":"category","embeddable":true,"href":"https:\/\/www.eldiario.net\/portal\/wp-json\/wp\/v2\/categories?post=397122"},{"taxonomy":"post_tag","embeddable":true,"href":"https:\/\/www.eldiario.net\/portal\/wp-json\/wp\/v2\/tags?post=397122"}],"curies":[{"name":"wp","href":"https:\/\/api.w.org\/{rel}","templated":true}]}}