{"id":397120,"date":"2026-05-23T07:31:39","date_gmt":"2026-05-23T11:31:39","guid":{"rendered":"https:\/\/www.eldiario.net\/portal\/?p=397120"},"modified":"2026-05-23T07:31:39","modified_gmt":"2026-05-23T11:31:39","slug":"horoscopo-wm-783","status":"publish","type":"post","link":"https:\/\/www.eldiario.net\/portal\/2026\/05\/23\/horoscopo-wm-783\/","title":{"rendered":"Hor\u00f3scopo WM"},"content":{"rendered":"<p>A nuestros lectores: Betty B. Mercado, sobrina y colaboradora del fallecido astr\u00f3logo Walter Mercado, contin\u00faa su legado escribiendo el hor\u00f3scopo del d\u00eda.<br \/>\nAries\u200b<br \/>\n(20 de marzo &#8211; 18 de abril)<br \/>\nNo hay misterio que no puedas resolver ahora que Venus se ubica en la casa del Zodiaco que rige lo oculto, lo misterioso, pero tambi\u00e9n los chismes o habladur\u00edas. Todo lo oculto saldr\u00e1 a la luz as\u00ed que cuida de tu reputaci\u00f3n. No hagas nada que pueda perjudicarte y oc\u00fapate de dar amor, mucho amor a todo el que te ofrezca su mano amiga. N\u00fameros de suerte: 6, 22, 28.<br \/>\nTauro\u200b<br \/>\n(19 de abril &#8211; 19 de mayo)<br \/>\nMatrimonio, uniones, compromisos y hasta acuerdos tanto de trabajo como personales se benefician ahora con la entrada de J\u00fapiter, en tu s\u00e9ptima casa del zodiaco. La suerte dice presente en tu vida y el momento es excelente tanto para comenzar o llevar finalmente a cabo esos planes que has estado dejando para m\u00e1s tarde. N\u00fameros de suerte: 31, 13, 1.<br \/>\nG\u00e9minis\u200b<br \/>\n(20 de mayo &#8211; 19 de junio)<br \/>\nEntras en un periodo donde gozar\u00e1s de buena salud. J\u00fapiter te impulsa a ponerte al d\u00eda en todo lo que pueda estar relacionado con la misma. Excelente para comenzar ese plan de dieta y ejercicios que has estado dejando para despu\u00e9s. El momento es ahora y todo lo que te decidas llevar a cabo tendr\u00e1 el \u00e9xito deseado. N\u00fameros de suerte: 25, 14, 19.<br \/>\nC\u00e1ncer\u200b<br \/>\n(20 de junio &#8211; 21 de julio)<br \/>\nCon J\u00fapiter entrando en tu quinta casa del Zodiaco los momentos de diversi\u00f3n ser\u00e1n m\u00e1s frecuentes. Fiestas, invitaciones, reuniones de familia prometen ser unas sumamente agradables. El compartir con otros te llenar\u00e1 de energ\u00eda y en especial con ni\u00f1os o personas j\u00f3venes que de seguro te har\u00e1n re\u00edr en grande. N\u00fameros de suerte: 8, 19, 44.<br \/>\nLeo\u200b<br \/>\n(22 de julio &#8211; 21 de agosto)<br \/>\nTu hogar se imanta de energ\u00eda positiva gracias a J\u00fapiter que ahora lo visita. Magnifico periodo para llevar a cabo actividades y dar a conocer, porque no, tus dotes culinarias. Arri\u00e9sgate y practica una nueva receta que lograr\u00e1 impresionar a muchos. Es tiempo tambi\u00e9n para decorar o redecorar y crear un ambiente bello, tranquilo, especial. N\u00fameros de suerte: 32, 4, 17.<br \/>\nVirgo\u200b<br \/>\n(22 de agosto &#8211; 21 de sept.)<br \/>\nEn tiempos de guerra ser\u00e1s t\u00fa el que ponga exitosamente la paz ya que tu palabra se endulza gracias a J\u00fapiter, el planeta de la suerte. No temas expresar aquello que sientes, ya que lo lograr\u00e1s hacer de una manera muy diplom\u00e1tica e interesante. Todo lo relacionado a la comunicaci\u00f3n, ir\u00e1 sobre ruedas. N\u00fameros de suerte: 3, 22, 10.<br \/>\nLibra\u200b<br \/>\n(22 de sept. &#8211; 22 de oct.)<br \/>\nLibra, tienes a J\u00fapiter en la casa de las posesiones materiales derramando su energ\u00eda positiva. Lo econ\u00f3mico se estabiliza y es posible que llegue a tus manos dinero extra bien sea por herencia o por dinero que te deben. Gustar\u00e1s de darte esos peque\u00f1os antojos o lujos extras, por lo que debes ejercer control sobre tus gastos. N\u00fameros de suerte: 1, 46, 39.<br \/>\nEscorpio\u200b<br \/>\n(21 de nov. &#8211; 20 de dic.)<br \/>\nJ\u00fapiter, el planeta de la suerte y la expansi\u00f3n, entra en tu signo derramando belleza sobre tu persona, aumentando tu atractivo no solo f\u00edsico sino a nivel personal. Gravitar\u00e1n hacia ti aquellas personas que est\u00e9n en sinton\u00eda con tus gustos o deseos. Tu palabra ser\u00e1 m\u00e1s c\u00e1lida, dulce, sensual, as\u00ed como tambi\u00e9n lo ser\u00e1n tus gestos. N\u00fameros de suerte: 7, 12, 11.<br \/>\nSagitario\u200b<br \/>\n(21 de nov. &#8211; 20 de dic.)<br \/>\nCon J\u00fapiter ahora en tu casa que rige tu mundo espiritual, tus deseos de ayudar a los m\u00e1s necesitados, as\u00ed como de ponerte en contacto con las fuerzas Divinas por medio de la oraci\u00f3n, aumentan. Gustar\u00e1s de estar en contacto con la naturaleza y as\u00ed recargar\u00e1s tus energ\u00edas tanto f\u00edsicas como mentales. N\u00fameros de suerte: 38, 15, 5.<br \/>\nCapricornio\u200b<br \/>\n(21 de dic. &#8211; 18 de ene.)<br \/>\nJ\u00fapiter despierta tu inter\u00e9s por hacer nuevas amistades y envolverte en nuevos estudios. Todo proyecto que comiences bajo este periodo promete ser exitoso, especialmente porque podr\u00e1s contar con el respaldo y la ayuda de aquellos que laboran junto a ti. Esta vez no habr\u00e1 obst\u00e1culos, solo buena colaboraci\u00f3n. N\u00fameros de suerte: 20, 13, 2.<br \/>\nAcuario\u200b<br \/>\n(19 de ene. &#8211; 17 de feb.)<br \/>\nMuchos ser\u00e1n ahora los que elogien tu profesionalismo en todo lo que realices. J\u00fapiter pone un toque especial, casi m\u00e1gico en todo proyecto que emprendas. Tu capacidad y tenacidad en no dejar nada incompleto te llevar\u00e1 al \u00e9xito tanto a nivel laboral como personal. Nuevos estudios tienen luz verde. N\u00fameros de suerte: 44, 6, 28.<br \/>\nPiscis\u200b<br \/>\n(18 de feb. &#8211; 19 de marzo)<br \/>\nEs tiempo de viajar y conquistar nuevos mundos. Aun cuando puedan presentarse algunos inconvenientes, Saldr\u00e1s adelante ya que tienes ahora a J\u00fapiter en tu casa que rige los viajes y el extranjero. Se te har\u00e1 muy f\u00e1cil envolverte en planes o proyectos con personas extranjeras que aportar\u00e1n ideas sumamente interesantes a tu vida. N\u00fameros de suerte: 18, 8, 30.<\/p>\n","protected":false},"excerpt":{"rendered":"<p>A nuestros lectores: Betty B. Mercado, sobrina y colaboradora del fallecido astr\u00f3logo Walter Mercado, contin\u00faa su legado escribiendo el hor\u00f3scopo del d\u00eda. Aries\u200b (20 de marzo &#8211; 18 de abril) No hay misterio que no puedas resolver ahora que Venus se ubica en la casa del Zodiaco que rige lo oculto, lo misterioso, pero tambi\u00e9n [&hellip;]<\/p>\n","protected":false},"author":1,"featured_media":222134,"comment_status":"closed","ping_status":"open","sticky":false,"template":"","format":"standard","meta":{"_acf_changed":false,"footnotes":""},"categories":[8],"tags":[],"class_list":["post-397120","post","type-post","status-publish","format-standard","has-post-thumbnail","category-cultural"],"acf":{"antetitulo":""},"yoast_head":"<!-- This site is optimized with the Yoast SEO plugin v28.4 - https:\/\/yoast.com\/product\/yoast-seo-wordpress\/ -->\n<title>Hor\u00f3scopo WM - El Diario - Bolivia<\/title>\n<meta name=\"robots\" content=\"index, follow, max-snippet:-1, max-image-preview:large, max-video-preview:-1\" \/>\n<link rel=\"canonical\" href=\"https:\/\/www.eldiario.net\/portal\/2026\/05\/23\/horoscopo-wm-783\/\" \/>\n<meta property=\"og:locale\" content=\"es_ES\" \/>\n<meta property=\"og:type\" content=\"article\" \/>\n<meta property=\"og:title\" content=\"Hor\u00f3scopo WM - El Diario - Bolivia\" \/>\n<meta property=\"og:description\" content=\"A nuestros lectores: Betty B. Mercado, sobrina y colaboradora del fallecido astr\u00f3logo Walter Mercado, contin\u00faa su legado escribiendo el hor\u00f3scopo del d\u00eda. Aries\u200b (20 de marzo &#8211; 18 de abril) No hay misterio que no puedas resolver ahora que Venus se ubica en la casa del Zodiaco que rige lo oculto, lo misterioso, pero tambi\u00e9n [&hellip;]\" \/>\n<meta property=\"og:url\" content=\"https:\/\/www.eldiario.net\/portal\/2026\/05\/23\/horoscopo-wm-783\/\" \/>\n<meta property=\"og:site_name\" content=\"El Diario - Bolivia\" \/>\n<meta property=\"article:publisher\" content=\"https:\/\/www.facebook.com\/eldiario.bolivia\/\" \/>\n<meta property=\"article:published_time\" content=\"2026-05-23T11:31:39+00:00\" \/>\n<meta property=\"og:image\" content=\"https:\/\/www.eldiario.net\/portal\/wp-content\/uploads\/2024\/05\/Geminis.jpg\" \/>\n\t<meta property=\"og:image:width\" content=\"1200\" \/>\n\t<meta property=\"og:image:height\" content=\"675\" \/>\n\t<meta property=\"og:image:type\" content=\"image\/jpeg\" \/>\n<meta name=\"author\" content=\"Jeanette\" \/>\n<meta name=\"twitter:card\" content=\"summary_large_image\" \/>\n<meta name=\"twitter:creator\" content=\"@eldiario_net\" \/>\n<meta name=\"twitter:site\" content=\"@eldiario_net\" \/>\n<meta name=\"twitter:label1\" content=\"Escrito por\" \/>\n\t<meta name=\"twitter:data1\" content=\"Jeanette\" \/>\n\t<meta name=\"twitter:label2\" content=\"Tiempo de lectura\" \/>\n\t<meta name=\"twitter:data2\" content=\"4 minutos\" \/>\n<script type=\"application\/ld+json\" class=\"yoast-schema-graph\">{\"@context\":\"https:\\\/\\\/schema.org\",\"@graph\":[{\"@type\":\"Article\",\"@id\":\"https:\\\/\\\/www.eldiario.net\\\/portal\\\/2026\\\/05\\\/23\\\/horoscopo-wm-783\\\/#article\",\"isPartOf\":{\"@id\":\"https:\\\/\\\/www.eldiario.net\\\/portal\\\/2026\\\/05\\\/23\\\/horoscopo-wm-783\\\/\"},\"author\":{\"name\":\"Jeanette\",\"@id\":\"https:\\\/\\\/www.eldiario.net\\\/portal\\\/#\\\/schema\\\/person\\\/2c57cf2b7a7ae032e449e4c9b1019eac\"},\"headline\":\"Hor\u00f3scopo WM\",\"datePublished\":\"2026-05-23T11:31:39+00:00\",\"mainEntityOfPage\":{\"@id\":\"https:\\\/\\\/www.eldiario.net\\\/portal\\\/2026\\\/05\\\/23\\\/horoscopo-wm-783\\\/\"},\"wordCount\":863,\"publisher\":{\"@id\":\"https:\\\/\\\/www.eldiario.net\\\/portal\\\/#organization\"},\"image\":{\"@id\":\"https:\\\/\\\/www.eldiario.net\\\/portal\\\/2026\\\/05\\\/23\\\/horoscopo-wm-783\\\/#primaryimage\"},\"thumbnailUrl\":\"https:\\\/\\\/www.eldiario.net\\\/portal\\\/wp-content\\\/uploads\\\/2024\\\/05\\\/Geminis.jpg\",\"articleSection\":[\"Cultural\"],\"inLanguage\":\"es\"},{\"@type\":\"WebPage\",\"@id\":\"https:\\\/\\\/www.eldiario.net\\\/portal\\\/2026\\\/05\\\/23\\\/horoscopo-wm-783\\\/\",\"url\":\"https:\\\/\\\/www.eldiario.net\\\/portal\\\/2026\\\/05\\\/23\\\/horoscopo-wm-783\\\/\",\"name\":\"Hor\u00f3scopo WM - El Diario - Bolivia\",\"isPartOf\":{\"@id\":\"https:\\\/\\\/www.eldiario.net\\\/portal\\\/#website\"},\"primaryImageOfPage\":{\"@id\":\"https:\\\/\\\/www.eldiario.net\\\/portal\\\/2026\\\/05\\\/23\\\/horoscopo-wm-783\\\/#primaryimage\"},\"image\":{\"@id\":\"https:\\\/\\\/www.eldiario.net\\\/portal\\\/2026\\\/05\\\/23\\\/horoscopo-wm-783\\\/#primaryimage\"},\"thumbnailUrl\":\"https:\\\/\\\/www.eldiario.net\\\/portal\\\/wp-content\\\/uploads\\\/2024\\\/05\\\/Geminis.jpg\",\"datePublished\":\"2026-05-23T11:31:39+00:00\",\"breadcrumb\":{\"@id\":\"https:\\\/\\\/www.eldiario.net\\\/portal\\\/2026\\\/05\\\/23\\\/horoscopo-wm-783\\\/#breadcrumb\"},\"inLanguage\":\"es\",\"potentialAction\":[{\"@type\":\"ReadAction\",\"target\":[\"https:\\\/\\\/www.eldiario.net\\\/portal\\\/2026\\\/05\\\/23\\\/horoscopo-wm-783\\\/\"]}]},{\"@type\":\"ImageObject\",\"inLanguage\":\"es\",\"@id\":\"https:\\\/\\\/www.eldiario.net\\\/portal\\\/2026\\\/05\\\/23\\\/horoscopo-wm-783\\\/#primaryimage\",\"url\":\"https:\\\/\\\/www.eldiario.net\\\/portal\\\/wp-content\\\/uploads\\\/2024\\\/05\\\/Geminis.jpg\",\"contentUrl\":\"https:\\\/\\\/www.eldiario.net\\\/portal\\\/wp-content\\\/uploads\\\/2024\\\/05\\\/Geminis.jpg\",\"width\":1200,\"height\":675,\"caption\":\"G\u00e9minis\"},{\"@type\":\"BreadcrumbList\",\"@id\":\"https:\\\/\\\/www.eldiario.net\\\/portal\\\/2026\\\/05\\\/23\\\/horoscopo-wm-783\\\/#breadcrumb\",\"itemListElement\":[{\"@type\":\"ListItem\",\"position\":1,\"name\":\"Portada\",\"item\":\"https:\\\/\\\/www.eldiario.net\\\/portal\\\/\"},{\"@type\":\"ListItem\",\"position\":2,\"name\":\"Hor\u00f3scopo WM\"}]},{\"@type\":\"WebSite\",\"@id\":\"https:\\\/\\\/www.eldiario.net\\\/portal\\\/#website\",\"url\":\"https:\\\/\\\/www.eldiario.net\\\/portal\\\/\",\"name\":\"El Diario - Decano de la prensa nacional\",\"description\":\"El Diario - Decano de la prensa nacional\",\"publisher\":{\"@id\":\"https:\\\/\\\/www.eldiario.net\\\/portal\\\/#organization\"},\"potentialAction\":[{\"@type\":\"SearchAction\",\"target\":{\"@type\":\"EntryPoint\",\"urlTemplate\":\"https:\\\/\\\/www.eldiario.net\\\/portal\\\/?s={search_term_string}\"},\"query-input\":{\"@type\":\"PropertyValueSpecification\",\"valueRequired\":true,\"valueName\":\"search_term_string\"}}],\"inLanguage\":\"es\"},{\"@type\":\"Organization\",\"@id\":\"https:\\\/\\\/www.eldiario.net\\\/portal\\\/#organization\",\"name\":\"El Diario - Decano de la prensa nacional\",\"url\":\"https:\\\/\\\/www.eldiario.net\\\/portal\\\/\",\"logo\":{\"@type\":\"ImageObject\",\"inLanguage\":\"es\",\"@id\":\"https:\\\/\\\/www.eldiario.net\\\/portal\\\/#\\\/schema\\\/logo\\\/image\\\/\",\"url\":\"https:\\\/\\\/www.eldiario.net\\\/portal\\\/wp-content\\\/uploads\\\/2023\\\/07\\\/logo_ED.jpg\",\"contentUrl\":\"https:\\\/\\\/www.eldiario.net\\\/portal\\\/wp-content\\\/uploads\\\/2023\\\/07\\\/logo_ED.jpg\",\"width\":272,\"height\":52,\"caption\":\"El Diario - Decano de la prensa nacional\"},\"image\":{\"@id\":\"https:\\\/\\\/www.eldiario.net\\\/portal\\\/#\\\/schema\\\/logo\\\/image\\\/\"},\"sameAs\":[\"https:\\\/\\\/www.facebook.com\\\/eldiario.bolivia\\\/\",\"https:\\\/\\\/x.com\\\/eldiario_net\"]},{\"@type\":\"Person\",\"@id\":\"https:\\\/\\\/www.eldiario.net\\\/portal\\\/#\\\/schema\\\/person\\\/2c57cf2b7a7ae032e449e4c9b1019eac\",\"name\":\"Jeanette\",\"image\":{\"@type\":\"ImageObject\",\"inLanguage\":\"es\",\"@id\":\"https:\\\/\\\/secure.gravatar.com\\\/avatar\\\/3ea2118a5f7dad2b7138b1187a6b7ee55f160b9968b66013c3a3ef39dd7e5798?s=96&d=mm&r=g\",\"url\":\"https:\\\/\\\/secure.gravatar.com\\\/avatar\\\/3ea2118a5f7dad2b7138b1187a6b7ee55f160b9968b66013c3a3ef39dd7e5798?s=96&d=mm&r=g\",\"contentUrl\":\"https:\\\/\\\/secure.gravatar.com\\\/avatar\\\/3ea2118a5f7dad2b7138b1187a6b7ee55f160b9968b66013c3a3ef39dd7e5798?s=96&d=mm&r=g\",\"caption\":\"Jeanette\"},\"sameAs\":[\"https:\\\/\\\/www.eldiario.net\\\/portal\"],\"url\":\"https:\\\/\\\/www.eldiario.net\\\/portal\\\/author\\\/jeanette\\\/\"}]}<\/script>\n<!-- \/ Yoast SEO plugin. -->","yoast_head_json":{"title":"Hor\u00f3scopo WM - El Diario - Bolivia","robots":{"index":"index","follow":"follow","max-snippet":"max-snippet:-1","max-image-preview":"max-image-preview:large","max-video-preview":"max-video-preview:-1"},"canonical":"https:\/\/www.eldiario.net\/portal\/2026\/05\/23\/horoscopo-wm-783\/","og_locale":"es_ES","og_type":"article","og_title":"Hor\u00f3scopo WM - El Diario - Bolivia","og_description":"A nuestros lectores: Betty B. Mercado, sobrina y colaboradora del fallecido astr\u00f3logo Walter Mercado, contin\u00faa su legado escribiendo el hor\u00f3scopo del d\u00eda. Aries\u200b (20 de marzo &#8211; 18 de abril) No hay misterio que no puedas resolver ahora que Venus se ubica en la casa del Zodiaco que rige lo oculto, lo misterioso, pero tambi\u00e9n [&hellip;]","og_url":"https:\/\/www.eldiario.net\/portal\/2026\/05\/23\/horoscopo-wm-783\/","og_site_name":"El Diario - Bolivia","article_publisher":"https:\/\/www.facebook.com\/eldiario.bolivia\/","article_published_time":"2026-05-23T11:31:39+00:00","og_image":[{"width":1200,"height":675,"url":"https:\/\/www.eldiario.net\/portal\/wp-content\/uploads\/2024\/05\/Geminis.jpg","type":"image\/jpeg"}],"author":"Jeanette","twitter_card":"summary_large_image","twitter_creator":"@eldiario_net","twitter_site":"@eldiario_net","twitter_misc":{"Escrito por":"Jeanette","Tiempo de lectura":"4 minutos"},"schema":{"@context":"https:\/\/schema.org","@graph":[{"@type":"Article","@id":"https:\/\/www.eldiario.net\/portal\/2026\/05\/23\/horoscopo-wm-783\/#article","isPartOf":{"@id":"https:\/\/www.eldiario.net\/portal\/2026\/05\/23\/horoscopo-wm-783\/"},"author":{"name":"Jeanette","@id":"https:\/\/www.eldiario.net\/portal\/#\/schema\/person\/2c57cf2b7a7ae032e449e4c9b1019eac"},"headline":"Hor\u00f3scopo WM","datePublished":"2026-05-23T11:31:39+00:00","mainEntityOfPage":{"@id":"https:\/\/www.eldiario.net\/portal\/2026\/05\/23\/horoscopo-wm-783\/"},"wordCount":863,"publisher":{"@id":"https:\/\/www.eldiario.net\/portal\/#organization"},"image":{"@id":"https:\/\/www.eldiario.net\/portal\/2026\/05\/23\/horoscopo-wm-783\/#primaryimage"},"thumbnailUrl":"https:\/\/www.eldiario.net\/portal\/wp-content\/uploads\/2024\/05\/Geminis.jpg","articleSection":["Cultural"],"inLanguage":"es"},{"@type":"WebPage","@id":"https:\/\/www.eldiario.net\/portal\/2026\/05\/23\/horoscopo-wm-783\/","url":"https:\/\/www.eldiario.net\/portal\/2026\/05\/23\/horoscopo-wm-783\/","name":"Hor\u00f3scopo WM - El Diario - Bolivia","isPartOf":{"@id":"https:\/\/www.eldiario.net\/portal\/#website"},"primaryImageOfPage":{"@id":"https:\/\/www.eldiario.net\/portal\/2026\/05\/23\/horoscopo-wm-783\/#primaryimage"},"image":{"@id":"https:\/\/www.eldiario.net\/portal\/2026\/05\/23\/horoscopo-wm-783\/#primaryimage"},"thumbnailUrl":"https:\/\/www.eldiario.net\/portal\/wp-content\/uploads\/2024\/05\/Geminis.jpg","datePublished":"2026-05-23T11:31:39+00:00","breadcrumb":{"@id":"https:\/\/www.eldiario.net\/portal\/2026\/05\/23\/horoscopo-wm-783\/#breadcrumb"},"inLanguage":"es","potentialAction":[{"@type":"ReadAction","target":["https:\/\/www.eldiario.net\/portal\/2026\/05\/23\/horoscopo-wm-783\/"]}]},{"@type":"ImageObject","inLanguage":"es","@id":"https:\/\/www.eldiario.net\/portal\/2026\/05\/23\/horoscopo-wm-783\/#primaryimage","url":"https:\/\/www.eldiario.net\/portal\/wp-content\/uploads\/2024\/05\/Geminis.jpg","contentUrl":"https:\/\/www.eldiario.net\/portal\/wp-content\/uploads\/2024\/05\/Geminis.jpg","width":1200,"height":675,"caption":"G\u00e9minis"},{"@type":"BreadcrumbList","@id":"https:\/\/www.eldiario.net\/portal\/2026\/05\/23\/horoscopo-wm-783\/#breadcrumb","itemListElement":[{"@type":"ListItem","position":1,"name":"Portada","item":"https:\/\/www.eldiario.net\/portal\/"},{"@type":"ListItem","position":2,"name":"Hor\u00f3scopo WM"}]},{"@type":"WebSite","@id":"https:\/\/www.eldiario.net\/portal\/#website","url":"https:\/\/www.eldiario.net\/portal\/","name":"El Diario - Decano de la prensa nacional","description":"El Diario - Decano de la prensa nacional","publisher":{"@id":"https:\/\/www.eldiario.net\/portal\/#organization"},"potentialAction":[{"@type":"SearchAction","target":{"@type":"EntryPoint","urlTemplate":"https:\/\/www.eldiario.net\/portal\/?s={search_term_string}"},"query-input":{"@type":"PropertyValueSpecification","valueRequired":true,"valueName":"search_term_string"}}],"inLanguage":"es"},{"@type":"Organization","@id":"https:\/\/www.eldiario.net\/portal\/#organization","name":"El Diario - Decano de la prensa nacional","url":"https:\/\/www.eldiario.net\/portal\/","logo":{"@type":"ImageObject","inLanguage":"es","@id":"https:\/\/www.eldiario.net\/portal\/#\/schema\/logo\/image\/","url":"https:\/\/www.eldiario.net\/portal\/wp-content\/uploads\/2023\/07\/logo_ED.jpg","contentUrl":"https:\/\/www.eldiario.net\/portal\/wp-content\/uploads\/2023\/07\/logo_ED.jpg","width":272,"height":52,"caption":"El Diario - Decano de la prensa nacional"},"image":{"@id":"https:\/\/www.eldiario.net\/portal\/#\/schema\/logo\/image\/"},"sameAs":["https:\/\/www.facebook.com\/eldiario.bolivia\/","https:\/\/x.com\/eldiario_net"]},{"@type":"Person","@id":"https:\/\/www.eldiario.net\/portal\/#\/schema\/person\/2c57cf2b7a7ae032e449e4c9b1019eac","name":"Jeanette","image":{"@type":"ImageObject","inLanguage":"es","@id":"https:\/\/secure.gravatar.com\/avatar\/3ea2118a5f7dad2b7138b1187a6b7ee55f160b9968b66013c3a3ef39dd7e5798?s=96&d=mm&r=g","url":"https:\/\/secure.gravatar.com\/avatar\/3ea2118a5f7dad2b7138b1187a6b7ee55f160b9968b66013c3a3ef39dd7e5798?s=96&d=mm&r=g","contentUrl":"https:\/\/secure.gravatar.com\/avatar\/3ea2118a5f7dad2b7138b1187a6b7ee55f160b9968b66013c3a3ef39dd7e5798?s=96&d=mm&r=g","caption":"Jeanette"},"sameAs":["https:\/\/www.eldiario.net\/portal"],"url":"https:\/\/www.eldiario.net\/portal\/author\/jeanette\/"}]}},"_links":{"self":[{"href":"https:\/\/www.eldiario.net\/portal\/wp-json\/wp\/v2\/posts\/397120","targetHints":{"allow":["GET"]}}],"collection":[{"href":"https:\/\/www.eldiario.net\/portal\/wp-json\/wp\/v2\/posts"}],"about":[{"href":"https:\/\/www.eldiario.net\/portal\/wp-json\/wp\/v2\/types\/post"}],"author":[{"embeddable":true,"href":"https:\/\/www.eldiario.net\/portal\/wp-json\/wp\/v2\/users\/1"}],"replies":[{"embeddable":true,"href":"https:\/\/www.eldiario.net\/portal\/wp-json\/wp\/v2\/comments?post=397120"}],"version-history":[{"count":1,"href":"https:\/\/www.eldiario.net\/portal\/wp-json\/wp\/v2\/posts\/397120\/revisions"}],"predecessor-version":[{"id":397121,"href":"https:\/\/www.eldiario.net\/portal\/wp-json\/wp\/v2\/posts\/397120\/revisions\/397121"}],"wp:featuredmedia":[{"embeddable":true,"href":"https:\/\/www.eldiario.net\/portal\/wp-json\/wp\/v2\/media\/222134"}],"wp:attachment":[{"href":"https:\/\/www.eldiario.net\/portal\/wp-json\/wp\/v2\/media?parent=397120"}],"wp:term":[{"taxonomy":"category","embeddable":true,"href":"https:\/\/www.eldiario.net\/portal\/wp-json\/wp\/v2\/categories?post=397120"},{"taxonomy":"post_tag","embeddable":true,"href":"https:\/\/www.eldiario.net\/portal\/wp-json\/wp\/v2\/tags?post=397120"}],"curies":[{"name":"wp","href":"https:\/\/api.w.org\/{rel}","templated":true}]}}