{"id":396835,"date":"2026-05-22T07:19:51","date_gmt":"2026-05-22T11:19:51","guid":{"rendered":"https:\/\/www.eldiario.net\/portal\/?p=396835"},"modified":"2026-05-22T07:19:51","modified_gmt":"2026-05-22T11:19:51","slug":"exposicion-a-dispositivos-digitales-educacion-o-simple-sobreexposicion-2","status":"publish","type":"post","link":"https:\/\/www.eldiario.net\/portal\/2026\/05\/22\/exposicion-a-dispositivos-digitales-educacion-o-simple-sobreexposicion-2\/","title":{"rendered":"Exposici\u00f3n a dispositivos digitales Educaci\u00f3n o simple sobreexposici\u00f3n"},"content":{"rendered":"<p><strong>Por. Lic. H\u00e9ctor Molina<\/strong><\/p>\n<p>&nbsp;<\/p>\n<p><strong>Recordemos que\u2026<\/strong><\/p>\n<p>&nbsp;<\/p>\n<p>La comprensi\u00f3n del cerebro humano en la era contempor\u00e1nea exige un an\u00e1lisis profundo de c\u00f3mo los entornos artificiales modifican la arquitectura neuronal. La exposici\u00f3n a dispositivos digitales se define como el proceso de interacci\u00f3n sensorial, cognitiva y motriz entre un individuo y una interfaz electr\u00f3nica (smartphones, tablets, computadoras o consolas). Desde la biolog\u00eda celular y las neurociencias, esta interacci\u00f3n no es un acto pasivo; es un bombardeo de est\u00edmulos que activa circuitos espec\u00edficos y puede reconfigurar la sinapsis mediante la neuroplasticidad.<\/p>\n<p>&nbsp;<\/p>\n<p>La exposici\u00f3n a entornos digitales se ha convertido en un eje central de la vida de los adolescentes, influyendo de manera directa en su desarrollo cognitivo, emocional y social. Desde la perspectiva de las neurociencias y la psicolog\u00eda educativa, este fen\u00f3meno presenta una dualidad compleja que impacta la plasticidad cerebral, es decir, la capacidad del cerebro para adaptarse y reorganizarse seg\u00fan las experiencias vividas.<\/p>\n<p>&nbsp;<\/p>\n<p>Por lo que ahora se ver\u00e1 y analizar\u00e1 los principales beneficios y desventajas de esta interacci\u00f3n constante con la tecnolog\u00eda.<\/p>\n<p>&nbsp;<\/p>\n<p><strong>Beneficios de la exposici\u00f3n digital<\/strong><\/p>\n<p>&nbsp;<\/p>\n<ol>\n<li><strong> Estimulaci\u00f3n de procesos cognitivos espec\u00edficos<\/strong><\/li>\n<\/ol>\n<p>&nbsp;<\/p>\n<p>El uso de ciertas plataformas y videojuegos interactivos puede potenciar habilidades visuoespaciales, la velocidad de procesamiento de informaci\u00f3n y la toma de decisiones r\u00e1pidas. Los entornos virtuales complejos exigen que el cerebro adolescente active funciones ejecutivas como la planificaci\u00f3n y la resoluci\u00f3n de problemas para superar retos inmediatos.<\/p>\n<p>&nbsp;<\/p>\n<ol start=\"2\">\n<li><strong> Democratizaci\u00f3n del aprendizaje y la autoeducaci\u00f3n<\/strong><\/li>\n<\/ol>\n<p>&nbsp;<\/p>\n<p>El acceso a internet rompe las barreras tradicionales del conocimiento. Los adolescentes tienen a su disposici\u00f3n herramientas pedag\u00f3gicas diversas, tutoriales, cursos masivos y plataformas de inteligencia artificial que les permiten profundizar en temas de su inter\u00e9s a su propio ritmo. Esto fomenta la autonom\u00eda en el aprendizaje y el pensamiento autodidacta.<\/p>\n<p>&nbsp;<\/p>\n<ol start=\"3\">\n<li><strong> Conectividad social y sentido de pertenencia<\/strong><\/li>\n<\/ol>\n<p>&nbsp;<\/p>\n<p>Para el cerebro adolescente, la aceptaci\u00f3n de los pares y la socializaci\u00f3n son prioridades biol\u00f3gicas. El entorno digital facilita la creaci\u00f3n de redes de apoyo mutuo, la conexi\u00f3n con j\u00f3venes que comparten los mismos intereses o realidades particulares, y la oportunidad de mantener v\u00ednculos afectivos a pesar de la distancia f\u00edsica.<\/p>\n<p>&nbsp;<\/p>\n<ol start=\"4\">\n<li><strong> Canales para la expresi\u00f3n de la identidad<\/strong><\/li>\n<\/ol>\n<p>&nbsp;<\/p>\n<p>Las herramientas digitales ofrecen un lienzo para la creatividad, la narrativa personal y la exploraci\u00f3n de la propia identidad. A trav\u00e9s del dise\u00f1o, la escritura, la m\u00fasica o la edici\u00f3n de video, los j\u00f3venes encuentran v\u00edas para canalizar sus emociones y proyectar su voz hacia una audiencia global.<\/p>\n<p>&nbsp;<\/p>\n<p><strong>Desventajas de la exposici\u00f3n digital<\/strong><\/p>\n<p>&nbsp;<\/p>\n<ol>\n<li><strong> Alteraciones en los sistemas de recompensa y atenci\u00f3n<\/strong><\/li>\n<\/ol>\n<p>&nbsp;<\/p>\n<p>El dise\u00f1o de muchas aplicaciones y redes sociales se basa en mecanismos de refuerzo intermitente que liberan microdosis de dopamina (el neurotransmisor del placer y la motivaci\u00f3n) de forma inmediata. Esto puede reducir la tolerancia a la frustraci\u00f3n y fragmentar la atenci\u00f3n sostenida. Como consecuencia, al cerebro le cuesta m\u00e1s concentrarse en tareas que requieren un esfuerzo prolongado y no ofrecen gratificaci\u00f3n instant\u00e1nea, como la lectura profunda o el estudio acad\u00e9mico.<\/p>\n<p>&nbsp;<\/p>\n<ol start=\"2\">\n<li><strong> Impacto en la calidad del sue\u00f1o y el descanso<\/strong><\/li>\n<\/ol>\n<p>&nbsp;<\/p>\n<p>La exposici\u00f3n a la luz azul de las pantallas durante la noche interfiere con la producci\u00f3n de melatonina, la hormona responsable de regular el ciclo del sue\u00f1o. Un descanso deficiente o interrumpido afecta directamente la consolidaci\u00f3n de la memoria, el estado de \u00e1nimo y la autorregulaci\u00f3n emocional durante el d\u00eda, comprometiendo el rendimiento escolar.<\/p>\n<p>&nbsp;<\/p>\n<ol start=\"3\">\n<li><strong> Riesgos para la salud mental y la autopercepci\u00f3n<\/strong><\/li>\n<\/ol>\n<p>&nbsp;<\/p>\n<p>La comparaci\u00f3n constante con est\u00e1ndares de vida o de belleza idealizados y frecuentemente artificiales en las redes sociales puede erosionar la autoestima. Adem\u00e1s, la sobreexposici\u00f3n incrementa la vulnerabilidad ante fen\u00f3menos como el ciberacoso o el aislamiento social secundario, donde la interacci\u00f3n virtual reemplaza por completo a las experiencias presenciales que son cruciales para el desarrollo de la empat\u00eda.<\/p>\n<p>&nbsp;<\/p>\n<ol start=\"4\">\n<li><strong> Sedentarismo y fatiga neurocognitiva<\/strong><\/li>\n<\/ol>\n<p>&nbsp;<\/p>\n<p>El tiempo excesivo frente a las pantallas suele desplazar a las actividades f\u00edsicas, indispensables para la salud integral y la oxigenaci\u00f3n cerebral. Asimismo, la infoxicaci\u00f3n (el exceso de informaci\u00f3n circulante) puede generar saturaci\u00f3n y fatiga mental, disminuyendo la capacidad cr\u00edtica para filtrar y evaluar la veracidad de los contenidos consumidos.<\/p>\n<p>&nbsp;<\/p>\n<p>El impacto real de la tecnolog\u00eda no depende \u00fanicamente del tiempo de uso, sino de la calidad de los contenidos y del prop\u00f3sito con el que se interact\u00faa en el espacio digital. La clave desde la psicopedagog\u00eda radica en transitar de un consumo pasivo a una creaci\u00f3n activa y consciente.<\/p>\n\r\n                <style type=\"text\/css\">\r\n                    \r\n                    #tdi_1  .td-doubleSlider-2 .td-item1 {\r\n                        background: url(https:\/\/www.eldiario.net\/portal\/wp-content\/uploads\/2026\/05\/Socio-Sentido-de-pertenencia-80x60.webp) 0 0 no-repeat;\r\n                    }\r\n                    #tdi_1  .td-doubleSlider-2 .td-item2 {\r\n                        background: url(https:\/\/www.eldiario.net\/portal\/wp-content\/uploads\/2026\/05\/Socio-Fatiga-neurocognitiva-80x60.webp) 0 0 no-repeat;\r\n                    }\r\n                <\/style>\r\n\r\n                <div id=\"tdi_1\" class=\"td-gallery td-slide-on-2-columns\">\r\n                    <div class=\"post_td_gallery\">\r\n                        <div class=\"td-gallery-slide-top\">\r\n                           <div class=\"td-gallery-title\"><\/div>\r\n\r\n                            <div class=\"td-gallery-controls-wrapper\">\r\n                                <div class=\"td-gallery-slide-count\"><span class=\"td-gallery-slide-item-focus\">1<\/span> de 2<\/div>\r\n                                <div class=\"td-gallery-slide-prev-next-but\">\r\n                                    <i class = \"td-icon-left doubleSliderPrevButton\"><\/i>\r\n                                    <i class = \"td-icon-right doubleSliderNextButton\"><\/i>\r\n                                <\/div>\r\n                            <\/div>\r\n                        <\/div>\r\n\r\n                        <div class = \"td-doubleSlider-1 \">\r\n                            <div class = \"td-slider\">\r\n                                \r\n                    <div class = \"td-slide-item td-item1\">\r\n                        <figure class=\"td-slide-galery-figure td-slide-popup-gallery\">\r\n                            <a class=\"slide-gallery-image-link\" href=\"https:\/\/www.eldiario.net\/portal\/wp-content\/uploads\/2026\/05\/Socio-Sentido-de-pertenencia.webp\" title=\"Socio - Sentido de pertenencia\"  data-caption=\"\"  data-description=\"\">\r\n                                <img decoding=\"async\" src=\"https:\/\/www.eldiario.net\/portal\/wp-content\/uploads\/2026\/05\/Socio-Sentido-de-pertenencia-1012x420.webp\" srcset=\"https:\/\/www.eldiario.net\/portal\/wp-content\/uploads\/2026\/05\/Socio-Sentido-de-pertenencia-1012x420.webp 1012w, https:\/\/www.eldiario.net\/portal\/wp-content\/uploads\/2026\/05\/Socio-Sentido-de-pertenencia-300x124.webp 300w, https:\/\/www.eldiario.net\/portal\/wp-content\/uploads\/2026\/05\/Socio-Sentido-de-pertenencia-1024x425.webp 1024w, https:\/\/www.eldiario.net\/portal\/wp-content\/uploads\/2026\/05\/Socio-Sentido-de-pertenencia-768x319.webp 768w, https:\/\/www.eldiario.net\/portal\/wp-content\/uploads\/2026\/05\/Socio-Sentido-de-pertenencia-150x62.webp 150w, https:\/\/www.eldiario.net\/portal\/wp-content\/uploads\/2026\/05\/Socio-Sentido-de-pertenencia-696x289.webp 696w, https:\/\/www.eldiario.net\/portal\/wp-content\/uploads\/2026\/05\/Socio-Sentido-de-pertenencia.webp 1046w\" sizes=\"(max-width: 1012px) 100vw, 1012px\" alt=\"\">\r\n                            <\/a>\r\n                            \r\n                        <\/figure>\r\n                    <\/div>\r\n                    <div class = \"td-slide-item td-item2\">\r\n                        <figure class=\"td-slide-galery-figure td-slide-popup-gallery\">\r\n                            <a class=\"slide-gallery-image-link\" href=\"https:\/\/www.eldiario.net\/portal\/wp-content\/uploads\/2026\/05\/Socio-Fatiga-neurocognitiva.webp\" title=\"Socio - Fatiga neurocognitiva\"  data-caption=\"\"  data-description=\"\">\r\n                                <img decoding=\"async\" src=\"https:\/\/www.eldiario.net\/portal\/wp-content\/uploads\/2026\/05\/Socio-Fatiga-neurocognitiva.webp\" srcset=\"https:\/\/www.eldiario.net\/portal\/wp-content\/uploads\/2026\/05\/Socio-Fatiga-neurocognitiva.webp 299w, https:\/\/www.eldiario.net\/portal\/wp-content\/uploads\/2026\/05\/Socio-Fatiga-neurocognitiva-150x85.webp 150w\" sizes=\"(max-width: 299px) 100vw, 299px\" alt=\"\">\r\n                            <\/a>\r\n                            \r\n                        <\/figure>\r\n                    <\/div>\r\n                            <\/div>\r\n                        <\/div>\r\n\r\n                        <div class = \"td-doubleSlider-2\">\r\n                            <div class = \"td-slider\">\r\n                                \r\n                    <div class = \"td-button td-item1\">\r\n                        <div class = \"td-border\"><\/div>\r\n                    <\/div>\r\n                    <div class = \"td-button td-item2\">\r\n                        <div class = \"td-border\"><\/div>\r\n                    <\/div>\r\n                            <\/div>\r\n                        <\/div>\r\n\r\n                    <\/div>\r\n\r\n                <\/div>\r\n                \n","protected":false},"excerpt":{"rendered":"<p>Por. Lic. H\u00e9ctor Molina &nbsp; Recordemos que\u2026 &nbsp; La comprensi\u00f3n del cerebro humano en la era contempor\u00e1nea exige un an\u00e1lisis profundo de c\u00f3mo los entornos artificiales modifican la arquitectura neuronal. La exposici\u00f3n a dispositivos digitales se define como el proceso de interacci\u00f3n sensorial, cognitiva y motriz entre un individuo y una interfaz electr\u00f3nica (smartphones, tablets, [&hellip;]<\/p>\n","protected":false},"author":1,"featured_media":396836,"comment_status":"closed","ping_status":"open","sticky":false,"template":"","format":"standard","meta":{"_acf_changed":false,"footnotes":""},"categories":[43],"tags":[],"class_list":["post-396835","post","type-post","status-publish","format-standard","has-post-thumbnail","category-nuevos-horizontes"],"acf":{"antetitulo":""},"yoast_head":"<!-- This site is optimized with the Yoast SEO plugin v28.4 - https:\/\/yoast.com\/product\/yoast-seo-wordpress\/ -->\n<title>Exposici\u00f3n a dispositivos digitales Educaci\u00f3n o simple sobreexposici\u00f3n - El Diario - Bolivia<\/title>\n<meta name=\"robots\" content=\"index, follow, max-snippet:-1, max-image-preview:large, max-video-preview:-1\" \/>\n<link rel=\"canonical\" href=\"https:\/\/www.eldiario.net\/portal\/2026\/05\/22\/exposicion-a-dispositivos-digitales-educacion-o-simple-sobreexposicion-2\/\" \/>\n<meta property=\"og:locale\" content=\"es_ES\" \/>\n<meta property=\"og:type\" content=\"article\" \/>\n<meta property=\"og:title\" content=\"Exposici\u00f3n a dispositivos digitales Educaci\u00f3n o simple sobreexposici\u00f3n - El Diario - Bolivia\" \/>\n<meta property=\"og:description\" content=\"Por. Lic. H\u00e9ctor Molina &nbsp; Recordemos que\u2026 &nbsp; La comprensi\u00f3n del cerebro humano en la era contempor\u00e1nea exige un an\u00e1lisis profundo de c\u00f3mo los entornos artificiales modifican la arquitectura neuronal. La exposici\u00f3n a dispositivos digitales se define como el proceso de interacci\u00f3n sensorial, cognitiva y motriz entre un individuo y una interfaz electr\u00f3nica (smartphones, tablets, [&hellip;]\" \/>\n<meta property=\"og:url\" content=\"https:\/\/www.eldiario.net\/portal\/2026\/05\/22\/exposicion-a-dispositivos-digitales-educacion-o-simple-sobreexposicion-2\/\" \/>\n<meta property=\"og:site_name\" content=\"El Diario - Bolivia\" \/>\n<meta property=\"article:publisher\" content=\"https:\/\/www.facebook.com\/eldiario.bolivia\/\" \/>\n<meta property=\"article:published_time\" content=\"2026-05-22T11:19:51+00:00\" \/>\n<meta property=\"og:image\" content=\"https:\/\/www.eldiario.net\/portal\/wp-content\/uploads\/2026\/05\/Socio-Sentido-de-pertenencia.webp\" \/>\n\t<meta property=\"og:image:width\" content=\"1046\" \/>\n\t<meta property=\"og:image:height\" content=\"434\" \/>\n\t<meta property=\"og:image:type\" content=\"image\/webp\" \/>\n<meta name=\"author\" content=\"Jeanette\" \/>\n<meta name=\"twitter:card\" content=\"summary_large_image\" \/>\n<meta name=\"twitter:creator\" content=\"@eldiario_net\" \/>\n<meta name=\"twitter:site\" content=\"@eldiario_net\" \/>\n<meta name=\"twitter:label1\" content=\"Escrito por\" \/>\n\t<meta name=\"twitter:data1\" content=\"Jeanette\" \/>\n\t<meta name=\"twitter:label2\" content=\"Tiempo de lectura\" \/>\n\t<meta name=\"twitter:data2\" content=\"4 minutos\" \/>\n<script type=\"application\/ld+json\" class=\"yoast-schema-graph\">{\"@context\":\"https:\\\/\\\/schema.org\",\"@graph\":[{\"@type\":\"Article\",\"@id\":\"https:\\\/\\\/www.eldiario.net\\\/portal\\\/2026\\\/05\\\/22\\\/exposicion-a-dispositivos-digitales-educacion-o-simple-sobreexposicion-2\\\/#article\",\"isPartOf\":{\"@id\":\"https:\\\/\\\/www.eldiario.net\\\/portal\\\/2026\\\/05\\\/22\\\/exposicion-a-dispositivos-digitales-educacion-o-simple-sobreexposicion-2\\\/\"},\"author\":{\"name\":\"Jeanette\",\"@id\":\"https:\\\/\\\/www.eldiario.net\\\/portal\\\/#\\\/schema\\\/person\\\/2c57cf2b7a7ae032e449e4c9b1019eac\"},\"headline\":\"Exposici\u00f3n a dispositivos digitales Educaci\u00f3n o simple sobreexposici\u00f3n\",\"datePublished\":\"2026-05-22T11:19:51+00:00\",\"mainEntityOfPage\":{\"@id\":\"https:\\\/\\\/www.eldiario.net\\\/portal\\\/2026\\\/05\\\/22\\\/exposicion-a-dispositivos-digitales-educacion-o-simple-sobreexposicion-2\\\/\"},\"wordCount\":841,\"publisher\":{\"@id\":\"https:\\\/\\\/www.eldiario.net\\\/portal\\\/#organization\"},\"image\":{\"@id\":\"https:\\\/\\\/www.eldiario.net\\\/portal\\\/2026\\\/05\\\/22\\\/exposicion-a-dispositivos-digitales-educacion-o-simple-sobreexposicion-2\\\/#primaryimage\"},\"thumbnailUrl\":\"https:\\\/\\\/www.eldiario.net\\\/portal\\\/wp-content\\\/uploads\\\/2026\\\/05\\\/Socio-Sentido-de-pertenencia.webp\",\"articleSection\":[\"Nuevos Horizontes\"],\"inLanguage\":\"es\"},{\"@type\":\"WebPage\",\"@id\":\"https:\\\/\\\/www.eldiario.net\\\/portal\\\/2026\\\/05\\\/22\\\/exposicion-a-dispositivos-digitales-educacion-o-simple-sobreexposicion-2\\\/\",\"url\":\"https:\\\/\\\/www.eldiario.net\\\/portal\\\/2026\\\/05\\\/22\\\/exposicion-a-dispositivos-digitales-educacion-o-simple-sobreexposicion-2\\\/\",\"name\":\"Exposici\u00f3n a dispositivos digitales Educaci\u00f3n o simple sobreexposici\u00f3n - El Diario - Bolivia\",\"isPartOf\":{\"@id\":\"https:\\\/\\\/www.eldiario.net\\\/portal\\\/#website\"},\"primaryImageOfPage\":{\"@id\":\"https:\\\/\\\/www.eldiario.net\\\/portal\\\/2026\\\/05\\\/22\\\/exposicion-a-dispositivos-digitales-educacion-o-simple-sobreexposicion-2\\\/#primaryimage\"},\"image\":{\"@id\":\"https:\\\/\\\/www.eldiario.net\\\/portal\\\/2026\\\/05\\\/22\\\/exposicion-a-dispositivos-digitales-educacion-o-simple-sobreexposicion-2\\\/#primaryimage\"},\"thumbnailUrl\":\"https:\\\/\\\/www.eldiario.net\\\/portal\\\/wp-content\\\/uploads\\\/2026\\\/05\\\/Socio-Sentido-de-pertenencia.webp\",\"datePublished\":\"2026-05-22T11:19:51+00:00\",\"breadcrumb\":{\"@id\":\"https:\\\/\\\/www.eldiario.net\\\/portal\\\/2026\\\/05\\\/22\\\/exposicion-a-dispositivos-digitales-educacion-o-simple-sobreexposicion-2\\\/#breadcrumb\"},\"inLanguage\":\"es\",\"potentialAction\":[{\"@type\":\"ReadAction\",\"target\":[\"https:\\\/\\\/www.eldiario.net\\\/portal\\\/2026\\\/05\\\/22\\\/exposicion-a-dispositivos-digitales-educacion-o-simple-sobreexposicion-2\\\/\"]}]},{\"@type\":\"ImageObject\",\"inLanguage\":\"es\",\"@id\":\"https:\\\/\\\/www.eldiario.net\\\/portal\\\/2026\\\/05\\\/22\\\/exposicion-a-dispositivos-digitales-educacion-o-simple-sobreexposicion-2\\\/#primaryimage\",\"url\":\"https:\\\/\\\/www.eldiario.net\\\/portal\\\/wp-content\\\/uploads\\\/2026\\\/05\\\/Socio-Sentido-de-pertenencia.webp\",\"contentUrl\":\"https:\\\/\\\/www.eldiario.net\\\/portal\\\/wp-content\\\/uploads\\\/2026\\\/05\\\/Socio-Sentido-de-pertenencia.webp\",\"width\":1046,\"height\":434},{\"@type\":\"BreadcrumbList\",\"@id\":\"https:\\\/\\\/www.eldiario.net\\\/portal\\\/2026\\\/05\\\/22\\\/exposicion-a-dispositivos-digitales-educacion-o-simple-sobreexposicion-2\\\/#breadcrumb\",\"itemListElement\":[{\"@type\":\"ListItem\",\"position\":1,\"name\":\"Portada\",\"item\":\"https:\\\/\\\/www.eldiario.net\\\/portal\\\/\"},{\"@type\":\"ListItem\",\"position\":2,\"name\":\"Exposici\u00f3n a dispositivos digitales Educaci\u00f3n o simple sobreexposici\u00f3n\"}]},{\"@type\":\"WebSite\",\"@id\":\"https:\\\/\\\/www.eldiario.net\\\/portal\\\/#website\",\"url\":\"https:\\\/\\\/www.eldiario.net\\\/portal\\\/\",\"name\":\"El Diario - Decano de la prensa nacional\",\"description\":\"El Diario - Decano de la prensa nacional\",\"publisher\":{\"@id\":\"https:\\\/\\\/www.eldiario.net\\\/portal\\\/#organization\"},\"potentialAction\":[{\"@type\":\"SearchAction\",\"target\":{\"@type\":\"EntryPoint\",\"urlTemplate\":\"https:\\\/\\\/www.eldiario.net\\\/portal\\\/?s={search_term_string}\"},\"query-input\":{\"@type\":\"PropertyValueSpecification\",\"valueRequired\":true,\"valueName\":\"search_term_string\"}}],\"inLanguage\":\"es\"},{\"@type\":\"Organization\",\"@id\":\"https:\\\/\\\/www.eldiario.net\\\/portal\\\/#organization\",\"name\":\"El Diario - Decano de la prensa nacional\",\"url\":\"https:\\\/\\\/www.eldiario.net\\\/portal\\\/\",\"logo\":{\"@type\":\"ImageObject\",\"inLanguage\":\"es\",\"@id\":\"https:\\\/\\\/www.eldiario.net\\\/portal\\\/#\\\/schema\\\/logo\\\/image\\\/\",\"url\":\"https:\\\/\\\/www.eldiario.net\\\/portal\\\/wp-content\\\/uploads\\\/2023\\\/07\\\/logo_ED.jpg\",\"contentUrl\":\"https:\\\/\\\/www.eldiario.net\\\/portal\\\/wp-content\\\/uploads\\\/2023\\\/07\\\/logo_ED.jpg\",\"width\":272,\"height\":52,\"caption\":\"El Diario - Decano de la prensa nacional\"},\"image\":{\"@id\":\"https:\\\/\\\/www.eldiario.net\\\/portal\\\/#\\\/schema\\\/logo\\\/image\\\/\"},\"sameAs\":[\"https:\\\/\\\/www.facebook.com\\\/eldiario.bolivia\\\/\",\"https:\\\/\\\/x.com\\\/eldiario_net\"]},{\"@type\":\"Person\",\"@id\":\"https:\\\/\\\/www.eldiario.net\\\/portal\\\/#\\\/schema\\\/person\\\/2c57cf2b7a7ae032e449e4c9b1019eac\",\"name\":\"Jeanette\",\"image\":{\"@type\":\"ImageObject\",\"inLanguage\":\"es\",\"@id\":\"https:\\\/\\\/secure.gravatar.com\\\/avatar\\\/3ea2118a5f7dad2b7138b1187a6b7ee55f160b9968b66013c3a3ef39dd7e5798?s=96&d=mm&r=g\",\"url\":\"https:\\\/\\\/secure.gravatar.com\\\/avatar\\\/3ea2118a5f7dad2b7138b1187a6b7ee55f160b9968b66013c3a3ef39dd7e5798?s=96&d=mm&r=g\",\"contentUrl\":\"https:\\\/\\\/secure.gravatar.com\\\/avatar\\\/3ea2118a5f7dad2b7138b1187a6b7ee55f160b9968b66013c3a3ef39dd7e5798?s=96&d=mm&r=g\",\"caption\":\"Jeanette\"},\"sameAs\":[\"https:\\\/\\\/www.eldiario.net\\\/portal\"],\"url\":\"https:\\\/\\\/www.eldiario.net\\\/portal\\\/author\\\/jeanette\\\/\"}]}<\/script>\n<!-- \/ Yoast SEO plugin. -->","yoast_head_json":{"title":"Exposici\u00f3n a dispositivos digitales Educaci\u00f3n o simple sobreexposici\u00f3n - El Diario - Bolivia","robots":{"index":"index","follow":"follow","max-snippet":"max-snippet:-1","max-image-preview":"max-image-preview:large","max-video-preview":"max-video-preview:-1"},"canonical":"https:\/\/www.eldiario.net\/portal\/2026\/05\/22\/exposicion-a-dispositivos-digitales-educacion-o-simple-sobreexposicion-2\/","og_locale":"es_ES","og_type":"article","og_title":"Exposici\u00f3n a dispositivos digitales Educaci\u00f3n o simple sobreexposici\u00f3n - El Diario - Bolivia","og_description":"Por. Lic. H\u00e9ctor Molina &nbsp; Recordemos que\u2026 &nbsp; La comprensi\u00f3n del cerebro humano en la era contempor\u00e1nea exige un an\u00e1lisis profundo de c\u00f3mo los entornos artificiales modifican la arquitectura neuronal. La exposici\u00f3n a dispositivos digitales se define como el proceso de interacci\u00f3n sensorial, cognitiva y motriz entre un individuo y una interfaz electr\u00f3nica (smartphones, tablets, [&hellip;]","og_url":"https:\/\/www.eldiario.net\/portal\/2026\/05\/22\/exposicion-a-dispositivos-digitales-educacion-o-simple-sobreexposicion-2\/","og_site_name":"El Diario - Bolivia","article_publisher":"https:\/\/www.facebook.com\/eldiario.bolivia\/","article_published_time":"2026-05-22T11:19:51+00:00","og_image":[{"width":1046,"height":434,"url":"https:\/\/www.eldiario.net\/portal\/wp-content\/uploads\/2026\/05\/Socio-Sentido-de-pertenencia.webp","type":"image\/webp"}],"author":"Jeanette","twitter_card":"summary_large_image","twitter_creator":"@eldiario_net","twitter_site":"@eldiario_net","twitter_misc":{"Escrito por":"Jeanette","Tiempo de lectura":"4 minutos"},"schema":{"@context":"https:\/\/schema.org","@graph":[{"@type":"Article","@id":"https:\/\/www.eldiario.net\/portal\/2026\/05\/22\/exposicion-a-dispositivos-digitales-educacion-o-simple-sobreexposicion-2\/#article","isPartOf":{"@id":"https:\/\/www.eldiario.net\/portal\/2026\/05\/22\/exposicion-a-dispositivos-digitales-educacion-o-simple-sobreexposicion-2\/"},"author":{"name":"Jeanette","@id":"https:\/\/www.eldiario.net\/portal\/#\/schema\/person\/2c57cf2b7a7ae032e449e4c9b1019eac"},"headline":"Exposici\u00f3n a dispositivos digitales Educaci\u00f3n o simple sobreexposici\u00f3n","datePublished":"2026-05-22T11:19:51+00:00","mainEntityOfPage":{"@id":"https:\/\/www.eldiario.net\/portal\/2026\/05\/22\/exposicion-a-dispositivos-digitales-educacion-o-simple-sobreexposicion-2\/"},"wordCount":841,"publisher":{"@id":"https:\/\/www.eldiario.net\/portal\/#organization"},"image":{"@id":"https:\/\/www.eldiario.net\/portal\/2026\/05\/22\/exposicion-a-dispositivos-digitales-educacion-o-simple-sobreexposicion-2\/#primaryimage"},"thumbnailUrl":"https:\/\/www.eldiario.net\/portal\/wp-content\/uploads\/2026\/05\/Socio-Sentido-de-pertenencia.webp","articleSection":["Nuevos Horizontes"],"inLanguage":"es"},{"@type":"WebPage","@id":"https:\/\/www.eldiario.net\/portal\/2026\/05\/22\/exposicion-a-dispositivos-digitales-educacion-o-simple-sobreexposicion-2\/","url":"https:\/\/www.eldiario.net\/portal\/2026\/05\/22\/exposicion-a-dispositivos-digitales-educacion-o-simple-sobreexposicion-2\/","name":"Exposici\u00f3n a dispositivos digitales Educaci\u00f3n o simple sobreexposici\u00f3n - El Diario - Bolivia","isPartOf":{"@id":"https:\/\/www.eldiario.net\/portal\/#website"},"primaryImageOfPage":{"@id":"https:\/\/www.eldiario.net\/portal\/2026\/05\/22\/exposicion-a-dispositivos-digitales-educacion-o-simple-sobreexposicion-2\/#primaryimage"},"image":{"@id":"https:\/\/www.eldiario.net\/portal\/2026\/05\/22\/exposicion-a-dispositivos-digitales-educacion-o-simple-sobreexposicion-2\/#primaryimage"},"thumbnailUrl":"https:\/\/www.eldiario.net\/portal\/wp-content\/uploads\/2026\/05\/Socio-Sentido-de-pertenencia.webp","datePublished":"2026-05-22T11:19:51+00:00","breadcrumb":{"@id":"https:\/\/www.eldiario.net\/portal\/2026\/05\/22\/exposicion-a-dispositivos-digitales-educacion-o-simple-sobreexposicion-2\/#breadcrumb"},"inLanguage":"es","potentialAction":[{"@type":"ReadAction","target":["https:\/\/www.eldiario.net\/portal\/2026\/05\/22\/exposicion-a-dispositivos-digitales-educacion-o-simple-sobreexposicion-2\/"]}]},{"@type":"ImageObject","inLanguage":"es","@id":"https:\/\/www.eldiario.net\/portal\/2026\/05\/22\/exposicion-a-dispositivos-digitales-educacion-o-simple-sobreexposicion-2\/#primaryimage","url":"https:\/\/www.eldiario.net\/portal\/wp-content\/uploads\/2026\/05\/Socio-Sentido-de-pertenencia.webp","contentUrl":"https:\/\/www.eldiario.net\/portal\/wp-content\/uploads\/2026\/05\/Socio-Sentido-de-pertenencia.webp","width":1046,"height":434},{"@type":"BreadcrumbList","@id":"https:\/\/www.eldiario.net\/portal\/2026\/05\/22\/exposicion-a-dispositivos-digitales-educacion-o-simple-sobreexposicion-2\/#breadcrumb","itemListElement":[{"@type":"ListItem","position":1,"name":"Portada","item":"https:\/\/www.eldiario.net\/portal\/"},{"@type":"ListItem","position":2,"name":"Exposici\u00f3n a dispositivos digitales Educaci\u00f3n o simple sobreexposici\u00f3n"}]},{"@type":"WebSite","@id":"https:\/\/www.eldiario.net\/portal\/#website","url":"https:\/\/www.eldiario.net\/portal\/","name":"El Diario - Decano de la prensa nacional","description":"El Diario - Decano de la prensa nacional","publisher":{"@id":"https:\/\/www.eldiario.net\/portal\/#organization"},"potentialAction":[{"@type":"SearchAction","target":{"@type":"EntryPoint","urlTemplate":"https:\/\/www.eldiario.net\/portal\/?s={search_term_string}"},"query-input":{"@type":"PropertyValueSpecification","valueRequired":true,"valueName":"search_term_string"}}],"inLanguage":"es"},{"@type":"Organization","@id":"https:\/\/www.eldiario.net\/portal\/#organization","name":"El Diario - Decano de la prensa nacional","url":"https:\/\/www.eldiario.net\/portal\/","logo":{"@type":"ImageObject","inLanguage":"es","@id":"https:\/\/www.eldiario.net\/portal\/#\/schema\/logo\/image\/","url":"https:\/\/www.eldiario.net\/portal\/wp-content\/uploads\/2023\/07\/logo_ED.jpg","contentUrl":"https:\/\/www.eldiario.net\/portal\/wp-content\/uploads\/2023\/07\/logo_ED.jpg","width":272,"height":52,"caption":"El Diario - Decano de la prensa nacional"},"image":{"@id":"https:\/\/www.eldiario.net\/portal\/#\/schema\/logo\/image\/"},"sameAs":["https:\/\/www.facebook.com\/eldiario.bolivia\/","https:\/\/x.com\/eldiario_net"]},{"@type":"Person","@id":"https:\/\/www.eldiario.net\/portal\/#\/schema\/person\/2c57cf2b7a7ae032e449e4c9b1019eac","name":"Jeanette","image":{"@type":"ImageObject","inLanguage":"es","@id":"https:\/\/secure.gravatar.com\/avatar\/3ea2118a5f7dad2b7138b1187a6b7ee55f160b9968b66013c3a3ef39dd7e5798?s=96&d=mm&r=g","url":"https:\/\/secure.gravatar.com\/avatar\/3ea2118a5f7dad2b7138b1187a6b7ee55f160b9968b66013c3a3ef39dd7e5798?s=96&d=mm&r=g","contentUrl":"https:\/\/secure.gravatar.com\/avatar\/3ea2118a5f7dad2b7138b1187a6b7ee55f160b9968b66013c3a3ef39dd7e5798?s=96&d=mm&r=g","caption":"Jeanette"},"sameAs":["https:\/\/www.eldiario.net\/portal"],"url":"https:\/\/www.eldiario.net\/portal\/author\/jeanette\/"}]}},"_links":{"self":[{"href":"https:\/\/www.eldiario.net\/portal\/wp-json\/wp\/v2\/posts\/396835","targetHints":{"allow":["GET"]}}],"collection":[{"href":"https:\/\/www.eldiario.net\/portal\/wp-json\/wp\/v2\/posts"}],"about":[{"href":"https:\/\/www.eldiario.net\/portal\/wp-json\/wp\/v2\/types\/post"}],"author":[{"embeddable":true,"href":"https:\/\/www.eldiario.net\/portal\/wp-json\/wp\/v2\/users\/1"}],"replies":[{"embeddable":true,"href":"https:\/\/www.eldiario.net\/portal\/wp-json\/wp\/v2\/comments?post=396835"}],"version-history":[{"count":1,"href":"https:\/\/www.eldiario.net\/portal\/wp-json\/wp\/v2\/posts\/396835\/revisions"}],"predecessor-version":[{"id":396838,"href":"https:\/\/www.eldiario.net\/portal\/wp-json\/wp\/v2\/posts\/396835\/revisions\/396838"}],"wp:featuredmedia":[{"embeddable":true,"href":"https:\/\/www.eldiario.net\/portal\/wp-json\/wp\/v2\/media\/396836"}],"wp:attachment":[{"href":"https:\/\/www.eldiario.net\/portal\/wp-json\/wp\/v2\/media?parent=396835"}],"wp:term":[{"taxonomy":"category","embeddable":true,"href":"https:\/\/www.eldiario.net\/portal\/wp-json\/wp\/v2\/categories?post=396835"},{"taxonomy":"post_tag","embeddable":true,"href":"https:\/\/www.eldiario.net\/portal\/wp-json\/wp\/v2\/tags?post=396835"}],"curies":[{"name":"wp","href":"https:\/\/api.w.org\/{rel}","templated":true}]}}