{"id":396831,"date":"2026-05-22T07:18:16","date_gmt":"2026-05-22T11:18:16","guid":{"rendered":"https:\/\/www.eldiario.net\/portal\/?p=396831"},"modified":"2026-05-22T07:18:16","modified_gmt":"2026-05-22T11:18:16","slug":"autonomia-comunicativa-habilidad-demandada-actualmente-5","status":"publish","type":"post","link":"https:\/\/www.eldiario.net\/portal\/2026\/05\/22\/autonomia-comunicativa-habilidad-demandada-actualmente-5\/","title":{"rendered":"Autonom\u00eda comunicativa Habilidad demandada actualmente"},"content":{"rendered":"<p><strong>Por. Lic. H\u00e9ctor Molina<\/strong><\/p>\n<p>&nbsp;<\/p>\n<p><strong>Recordemos que\u2026<\/strong><\/p>\n<p>&nbsp;<\/p>\n<p>La autonom\u00eda comunicativa se define como la capacidad meta-cognitiva y socio-afectiva del sujeto para gestionar sus propios procesos de intercambio de significados de manera independiente, cr\u00edtica y \u00e9tica. Desde la perspectiva de la Pragm\u00e1tica Ling\u00fc\u00edstica, autores como Habermas sugieren que la autonom\u00eda no es solo el dominio del c\u00f3digo (gram\u00e1tica), sino la capacidad de participar en una \u201csituaci\u00f3n ideal de habla\u201d, donde el individuo es capaz de validar sus propias pretensiones de verdad y rectitud sin coacci\u00f3n externa. En el contexto de la Neuroeducaci\u00f3n, implica el funcionamiento \u00f3ptimo de las funciones ejecutivas para planificar, supervisar y ajustar el discurso seg\u00fan las demandas del entorno.<\/p>\n<p>&nbsp;<\/p>\n<p><strong>C\u00f3mo manejar las dimensiones de \u00e9tica y responsabilidad en la Autonom\u00eda comunicativa<\/strong><\/p>\n<p>&nbsp;<\/p>\n<p>El desarrollo de la autonom\u00eda comunicativa en la adolescencia es uno de los hitos m\u00e1s complejos y fascinantes desde la perspectiva del neurodesarrollo. En esta etapa, el cerebro experimenta una profunda remodelaci\u00f3n, particularmente en la corteza prefrontal, el \u00e1rea encargada de la toma de decisiones, el control de los impulsos y la empat\u00eda. Cuando un adolescente aprende a expresar sus ideas con libertad; es decir, a desarrollar su autonom\u00eda comunicativa, no solo est\u00e1 adquiriendo habilidades ling\u00fc\u00edsticas, sino que est\u00e1 modelando su identidad y su arquitectura cerebral. Sin embargo, para que esta libertad de expresi\u00f3n sea verdaderamente madura, debe estar inseparablemente ligada a las dimensiones de la \u00e9tica y la responsabilidad.<\/p>\n<p>&nbsp;<\/p>\n<p>Para entender este equilibrio se requiere conectar la ciencia del cerebro con las porpias vivencias cotidianas, especialmente en un mundo hiperconectado donde un mensaje de texto o una publicaci\u00f3n en redes sociales puede tener un impacto masivo en segundos.<\/p>\n<p>&nbsp;<\/p>\n<p><strong>La base neurocient\u00edfica y psicol\u00f3gica de la autonom\u00eda<\/strong><\/p>\n<p>&nbsp;<\/p>\n<p>Para el adolescente, la autonom\u00eda comunicativa representa el poder de alzar la voz, defender posturas y diferenciarse del mundo adulto. Desde la psicolog\u00eda del desarrollo, este deseo de autoexpresi\u00f3n es saludable y necesario. No obstante, el sistema l\u00edmbico \u2014el centro emocional del cerebro\u2014 suele estar muy activo en esta edad, lo que puede llevar a una comunicaci\u00f3n impulsiva, reactiva o guiada por la b\u00fasqueda de aprobaci\u00f3n social.<\/p>\n<p>&nbsp;<\/p>\n<p>La introducci\u00f3n de la \u00e9tica y la responsabilidad act\u00faa como un \u201candamiaje\u201d externo que ayuda a la corteza prefrontal a evaluar las consecuencias de las palabras antes de que sean emitidas. Se trata de ense\u00f1arles que la verdadera autonom\u00eda no es decir lo que sea, cuando sea y como sea, sino tener el control y la madurez para decidir qu\u00e9 impacto se quiere causar en el entorno.<\/p>\n<p>&nbsp;<\/p>\n<p><strong>La dimensi\u00f3n de la \u00e9tica &#8211; El impacto en el otro<\/strong><\/p>\n<p>&nbsp;<\/p>\n<p>La \u00e9tica en la comunicaci\u00f3n se centra en el respeto a la dignidad humana. Para los adolescentes, este concepto abstracto se traduce en comprender que las palabras tienen un peso real y que pueden construir o destruir el bienestar emocional de otra persona.<\/p>\n<p>&nbsp;<\/p>\n<p>A nivel cerebral, la empat\u00eda requiere la activaci\u00f3n del sistema de neuronas espejo y de \u00e1reas prefrontales que permiten \u201cleer\u201d el estado mental del otro. En la comunicaci\u00f3n digital, este proceso se dificulta porque se pierde el lenguaje corporal y el tono de voz, lo que puede insensibilizar al emisor. Por lo tanto, la dimensi\u00f3n \u00e9tica de la autonom\u00eda comunicativa implica que el joven sea capaz de autoevaluar si sus mensajes respetan la privacidad, la diversidad y los derechos de los dem\u00e1s, entendiendo que la libertad propia termina donde comienza la del otro.<\/p>\n<p>&nbsp;<\/p>\n<p><strong>La dimensi\u00f3n de la responsabilidad &#8211; La autor\u00eda y las consecuencias<\/strong><\/p>\n<p>&nbsp;<\/p>\n<p>La responsabilidad es la capacidad de asumir las consecuencias de las propias elecciones comunicativas. En la adolescencia, comprender esto es vital para evitar situaciones de riesgo como el ciberacoso o la difusi\u00f3n de informaci\u00f3n falsa.<\/p>\n<p>&nbsp;<\/p>\n<p>Un comunicador aut\u00f3nomo y responsable comprende que es el \u00fanico due\u00f1o de sus opiniones y de la forma en que las expresa. Esto implica reflexionar antes de hablar o publicar, cuestion\u00e1ndose si lo que se va a decir es ver\u00eddico, si aporta valor y si se est\u00e1 dispuesto a sostener esa postura con argumentos maduros. La responsabilidad tambi\u00e9n incluye la capacidad de reconocer errores de manera p\u00fablica y rectificar cuando una palabra o mensaje ha causado un da\u00f1o no intencionado.<\/p>\n\r\n                <style type=\"text\/css\">\r\n                    \r\n                    #tdi_1  .td-doubleSlider-2 .td-item1 {\r\n                        background: url(https:\/\/www.eldiario.net\/portal\/wp-content\/uploads\/2026\/05\/Len-La-etica-80x60.webp) 0 0 no-repeat;\r\n                    }\r\n                    #tdi_1  .td-doubleSlider-2 .td-item2 {\r\n                        background: url(https:\/\/www.eldiario.net\/portal\/wp-content\/uploads\/2026\/05\/Len-Autonomia-y-responsabilidad-80x60.webp) 0 0 no-repeat;\r\n                    }\r\n                <\/style>\r\n\r\n                <div id=\"tdi_1\" class=\"td-gallery td-slide-on-2-columns\">\r\n                    <div class=\"post_td_gallery\">\r\n                        <div class=\"td-gallery-slide-top\">\r\n                           <div class=\"td-gallery-title\"><\/div>\r\n\r\n                            <div class=\"td-gallery-controls-wrapper\">\r\n                                <div class=\"td-gallery-slide-count\"><span class=\"td-gallery-slide-item-focus\">1<\/span> de 2<\/div>\r\n                                <div class=\"td-gallery-slide-prev-next-but\">\r\n                                    <i class = \"td-icon-left doubleSliderPrevButton\"><\/i>\r\n                                    <i class = \"td-icon-right doubleSliderNextButton\"><\/i>\r\n                                <\/div>\r\n                            <\/div>\r\n                        <\/div>\r\n\r\n                        <div class = \"td-doubleSlider-1 \">\r\n                            <div class = \"td-slider\">\r\n                                \r\n                    <div class = \"td-slide-item td-item1\">\r\n                        <figure class=\"td-slide-galery-figure td-slide-popup-gallery\">\r\n                            <a class=\"slide-gallery-image-link\" href=\"https:\/\/www.eldiario.net\/portal\/wp-content\/uploads\/2026\/05\/Len-La-etica.webp\" title=\"Len - La \u00e9tica\"  data-caption=\"\"  data-description=\"\">\r\n                                <img decoding=\"async\" src=\"https:\/\/www.eldiario.net\/portal\/wp-content\/uploads\/2026\/05\/Len-La-etica-701x420.webp\" srcset=\"https:\/\/www.eldiario.net\/portal\/wp-content\/uploads\/2026\/05\/Len-La-etica-701x420.webp 701w, https:\/\/www.eldiario.net\/portal\/wp-content\/uploads\/2026\/05\/Len-La-etica-300x180.webp 300w, https:\/\/www.eldiario.net\/portal\/wp-content\/uploads\/2026\/05\/Len-La-etica-768x460.webp 768w, https:\/\/www.eldiario.net\/portal\/wp-content\/uploads\/2026\/05\/Len-La-etica-150x90.webp 150w, https:\/\/www.eldiario.net\/portal\/wp-content\/uploads\/2026\/05\/Len-La-etica-696x417.webp 696w, https:\/\/www.eldiario.net\/portal\/wp-content\/uploads\/2026\/05\/Len-La-etica.webp 800w\" sizes=\"(max-width: 701px) 100vw, 701px\" alt=\"\">\r\n                            <\/a>\r\n                            \r\n                        <\/figure>\r\n                    <\/div>\r\n                    <div class = \"td-slide-item td-item2\">\r\n                        <figure class=\"td-slide-galery-figure td-slide-popup-gallery\">\r\n                            <a class=\"slide-gallery-image-link\" href=\"https:\/\/www.eldiario.net\/portal\/wp-content\/uploads\/2026\/05\/Len-Autonomia-y-responsabilidad.webp\" title=\"Len - Autonom\u00eda y responsabilidad\"  data-caption=\"\"  data-description=\"\">\r\n                                <img decoding=\"async\" src=\"https:\/\/www.eldiario.net\/portal\/wp-content\/uploads\/2026\/05\/Len-Autonomia-y-responsabilidad.webp\" srcset=\"https:\/\/www.eldiario.net\/portal\/wp-content\/uploads\/2026\/05\/Len-Autonomia-y-responsabilidad.webp 700w, https:\/\/www.eldiario.net\/portal\/wp-content\/uploads\/2026\/05\/Len-Autonomia-y-responsabilidad-300x169.webp 300w, https:\/\/www.eldiario.net\/portal\/wp-content\/uploads\/2026\/05\/Len-Autonomia-y-responsabilidad-150x84.webp 150w, https:\/\/www.eldiario.net\/portal\/wp-content\/uploads\/2026\/05\/Len-Autonomia-y-responsabilidad-696x392.webp 696w\" sizes=\"(max-width: 700px) 100vw, 700px\" alt=\"\">\r\n                            <\/a>\r\n                            \r\n                        <\/figure>\r\n                    <\/div>\r\n                            <\/div>\r\n                        <\/div>\r\n\r\n                        <div class = \"td-doubleSlider-2\">\r\n                            <div class = \"td-slider\">\r\n                                \r\n                    <div class = \"td-button td-item1\">\r\n                        <div class = \"td-border\"><\/div>\r\n                    <\/div>\r\n                    <div class = \"td-button td-item2\">\r\n                        <div class = \"td-border\"><\/div>\r\n                    <\/div>\r\n                            <\/div>\r\n                        <\/div>\r\n\r\n                    <\/div>\r\n\r\n                <\/div>\r\n                \n","protected":false},"excerpt":{"rendered":"<p>Por. Lic. H\u00e9ctor Molina &nbsp; Recordemos que\u2026 &nbsp; La autonom\u00eda comunicativa se define como la capacidad meta-cognitiva y socio-afectiva del sujeto para gestionar sus propios procesos de intercambio de significados de manera independiente, cr\u00edtica y \u00e9tica. Desde la perspectiva de la Pragm\u00e1tica Ling\u00fc\u00edstica, autores como Habermas sugieren que la autonom\u00eda no es solo el dominio [&hellip;]<\/p>\n","protected":false},"author":1,"featured_media":396833,"comment_status":"closed","ping_status":"open","sticky":false,"template":"","format":"standard","meta":{"_acf_changed":false,"footnotes":""},"categories":[43],"tags":[],"class_list":["post-396831","post","type-post","status-publish","format-standard","has-post-thumbnail","category-nuevos-horizontes"],"acf":{"antetitulo":"Quinta Parte"},"yoast_head":"<!-- This site is optimized with the Yoast SEO plugin v28.4 - https:\/\/yoast.com\/product\/yoast-seo-wordpress\/ -->\n<title>Autonom\u00eda comunicativa Habilidad demandada actualmente - El Diario - Bolivia<\/title>\n<meta name=\"robots\" content=\"index, follow, max-snippet:-1, max-image-preview:large, max-video-preview:-1\" \/>\n<link rel=\"canonical\" href=\"https:\/\/www.eldiario.net\/portal\/2026\/05\/22\/autonomia-comunicativa-habilidad-demandada-actualmente-5\/\" \/>\n<meta property=\"og:locale\" content=\"es_ES\" \/>\n<meta property=\"og:type\" content=\"article\" \/>\n<meta property=\"og:title\" content=\"Autonom\u00eda comunicativa Habilidad demandada actualmente - El Diario - Bolivia\" \/>\n<meta property=\"og:description\" content=\"Por. Lic. H\u00e9ctor Molina &nbsp; Recordemos que\u2026 &nbsp; La autonom\u00eda comunicativa se define como la capacidad meta-cognitiva y socio-afectiva del sujeto para gestionar sus propios procesos de intercambio de significados de manera independiente, cr\u00edtica y \u00e9tica. Desde la perspectiva de la Pragm\u00e1tica Ling\u00fc\u00edstica, autores como Habermas sugieren que la autonom\u00eda no es solo el dominio [&hellip;]\" \/>\n<meta property=\"og:url\" content=\"https:\/\/www.eldiario.net\/portal\/2026\/05\/22\/autonomia-comunicativa-habilidad-demandada-actualmente-5\/\" \/>\n<meta property=\"og:site_name\" content=\"El Diario - Bolivia\" \/>\n<meta property=\"article:publisher\" content=\"https:\/\/www.facebook.com\/eldiario.bolivia\/\" \/>\n<meta property=\"article:published_time\" content=\"2026-05-22T11:18:16+00:00\" \/>\n<meta property=\"og:image\" content=\"https:\/\/www.eldiario.net\/portal\/wp-content\/uploads\/2026\/05\/Len-Autonomia-y-responsabilidad.webp\" \/>\n\t<meta property=\"og:image:width\" content=\"700\" \/>\n\t<meta property=\"og:image:height\" content=\"394\" \/>\n\t<meta property=\"og:image:type\" content=\"image\/webp\" \/>\n<meta name=\"author\" content=\"Jeanette\" \/>\n<meta name=\"twitter:card\" content=\"summary_large_image\" \/>\n<meta name=\"twitter:creator\" content=\"@eldiario_net\" \/>\n<meta name=\"twitter:site\" content=\"@eldiario_net\" \/>\n<meta name=\"twitter:label1\" content=\"Escrito por\" \/>\n\t<meta name=\"twitter:data1\" content=\"Jeanette\" \/>\n\t<meta name=\"twitter:label2\" content=\"Tiempo de lectura\" \/>\n\t<meta name=\"twitter:data2\" content=\"4 minutos\" \/>\n<script type=\"application\/ld+json\" class=\"yoast-schema-graph\">{\"@context\":\"https:\\\/\\\/schema.org\",\"@graph\":[{\"@type\":\"Article\",\"@id\":\"https:\\\/\\\/www.eldiario.net\\\/portal\\\/2026\\\/05\\\/22\\\/autonomia-comunicativa-habilidad-demandada-actualmente-5\\\/#article\",\"isPartOf\":{\"@id\":\"https:\\\/\\\/www.eldiario.net\\\/portal\\\/2026\\\/05\\\/22\\\/autonomia-comunicativa-habilidad-demandada-actualmente-5\\\/\"},\"author\":{\"name\":\"Jeanette\",\"@id\":\"https:\\\/\\\/www.eldiario.net\\\/portal\\\/#\\\/schema\\\/person\\\/2c57cf2b7a7ae032e449e4c9b1019eac\"},\"headline\":\"Autonom\u00eda comunicativa Habilidad demandada actualmente\",\"datePublished\":\"2026-05-22T11:18:16+00:00\",\"mainEntityOfPage\":{\"@id\":\"https:\\\/\\\/www.eldiario.net\\\/portal\\\/2026\\\/05\\\/22\\\/autonomia-comunicativa-habilidad-demandada-actualmente-5\\\/\"},\"wordCount\":770,\"publisher\":{\"@id\":\"https:\\\/\\\/www.eldiario.net\\\/portal\\\/#organization\"},\"image\":{\"@id\":\"https:\\\/\\\/www.eldiario.net\\\/portal\\\/2026\\\/05\\\/22\\\/autonomia-comunicativa-habilidad-demandada-actualmente-5\\\/#primaryimage\"},\"thumbnailUrl\":\"https:\\\/\\\/www.eldiario.net\\\/portal\\\/wp-content\\\/uploads\\\/2026\\\/05\\\/Len-Autonomia-y-responsabilidad.webp\",\"articleSection\":[\"Nuevos Horizontes\"],\"inLanguage\":\"es\"},{\"@type\":\"WebPage\",\"@id\":\"https:\\\/\\\/www.eldiario.net\\\/portal\\\/2026\\\/05\\\/22\\\/autonomia-comunicativa-habilidad-demandada-actualmente-5\\\/\",\"url\":\"https:\\\/\\\/www.eldiario.net\\\/portal\\\/2026\\\/05\\\/22\\\/autonomia-comunicativa-habilidad-demandada-actualmente-5\\\/\",\"name\":\"Autonom\u00eda comunicativa Habilidad demandada actualmente - El Diario - Bolivia\",\"isPartOf\":{\"@id\":\"https:\\\/\\\/www.eldiario.net\\\/portal\\\/#website\"},\"primaryImageOfPage\":{\"@id\":\"https:\\\/\\\/www.eldiario.net\\\/portal\\\/2026\\\/05\\\/22\\\/autonomia-comunicativa-habilidad-demandada-actualmente-5\\\/#primaryimage\"},\"image\":{\"@id\":\"https:\\\/\\\/www.eldiario.net\\\/portal\\\/2026\\\/05\\\/22\\\/autonomia-comunicativa-habilidad-demandada-actualmente-5\\\/#primaryimage\"},\"thumbnailUrl\":\"https:\\\/\\\/www.eldiario.net\\\/portal\\\/wp-content\\\/uploads\\\/2026\\\/05\\\/Len-Autonomia-y-responsabilidad.webp\",\"datePublished\":\"2026-05-22T11:18:16+00:00\",\"breadcrumb\":{\"@id\":\"https:\\\/\\\/www.eldiario.net\\\/portal\\\/2026\\\/05\\\/22\\\/autonomia-comunicativa-habilidad-demandada-actualmente-5\\\/#breadcrumb\"},\"inLanguage\":\"es\",\"potentialAction\":[{\"@type\":\"ReadAction\",\"target\":[\"https:\\\/\\\/www.eldiario.net\\\/portal\\\/2026\\\/05\\\/22\\\/autonomia-comunicativa-habilidad-demandada-actualmente-5\\\/\"]}]},{\"@type\":\"ImageObject\",\"inLanguage\":\"es\",\"@id\":\"https:\\\/\\\/www.eldiario.net\\\/portal\\\/2026\\\/05\\\/22\\\/autonomia-comunicativa-habilidad-demandada-actualmente-5\\\/#primaryimage\",\"url\":\"https:\\\/\\\/www.eldiario.net\\\/portal\\\/wp-content\\\/uploads\\\/2026\\\/05\\\/Len-Autonomia-y-responsabilidad.webp\",\"contentUrl\":\"https:\\\/\\\/www.eldiario.net\\\/portal\\\/wp-content\\\/uploads\\\/2026\\\/05\\\/Len-Autonomia-y-responsabilidad.webp\",\"width\":700,\"height\":394},{\"@type\":\"BreadcrumbList\",\"@id\":\"https:\\\/\\\/www.eldiario.net\\\/portal\\\/2026\\\/05\\\/22\\\/autonomia-comunicativa-habilidad-demandada-actualmente-5\\\/#breadcrumb\",\"itemListElement\":[{\"@type\":\"ListItem\",\"position\":1,\"name\":\"Portada\",\"item\":\"https:\\\/\\\/www.eldiario.net\\\/portal\\\/\"},{\"@type\":\"ListItem\",\"position\":2,\"name\":\"Autonom\u00eda comunicativa Habilidad demandada actualmente\"}]},{\"@type\":\"WebSite\",\"@id\":\"https:\\\/\\\/www.eldiario.net\\\/portal\\\/#website\",\"url\":\"https:\\\/\\\/www.eldiario.net\\\/portal\\\/\",\"name\":\"El Diario - Decano de la prensa nacional\",\"description\":\"El Diario - Decano de la prensa nacional\",\"publisher\":{\"@id\":\"https:\\\/\\\/www.eldiario.net\\\/portal\\\/#organization\"},\"potentialAction\":[{\"@type\":\"SearchAction\",\"target\":{\"@type\":\"EntryPoint\",\"urlTemplate\":\"https:\\\/\\\/www.eldiario.net\\\/portal\\\/?s={search_term_string}\"},\"query-input\":{\"@type\":\"PropertyValueSpecification\",\"valueRequired\":true,\"valueName\":\"search_term_string\"}}],\"inLanguage\":\"es\"},{\"@type\":\"Organization\",\"@id\":\"https:\\\/\\\/www.eldiario.net\\\/portal\\\/#organization\",\"name\":\"El Diario - Decano de la prensa nacional\",\"url\":\"https:\\\/\\\/www.eldiario.net\\\/portal\\\/\",\"logo\":{\"@type\":\"ImageObject\",\"inLanguage\":\"es\",\"@id\":\"https:\\\/\\\/www.eldiario.net\\\/portal\\\/#\\\/schema\\\/logo\\\/image\\\/\",\"url\":\"https:\\\/\\\/www.eldiario.net\\\/portal\\\/wp-content\\\/uploads\\\/2023\\\/07\\\/logo_ED.jpg\",\"contentUrl\":\"https:\\\/\\\/www.eldiario.net\\\/portal\\\/wp-content\\\/uploads\\\/2023\\\/07\\\/logo_ED.jpg\",\"width\":272,\"height\":52,\"caption\":\"El Diario - Decano de la prensa nacional\"},\"image\":{\"@id\":\"https:\\\/\\\/www.eldiario.net\\\/portal\\\/#\\\/schema\\\/logo\\\/image\\\/\"},\"sameAs\":[\"https:\\\/\\\/www.facebook.com\\\/eldiario.bolivia\\\/\",\"https:\\\/\\\/x.com\\\/eldiario_net\"]},{\"@type\":\"Person\",\"@id\":\"https:\\\/\\\/www.eldiario.net\\\/portal\\\/#\\\/schema\\\/person\\\/2c57cf2b7a7ae032e449e4c9b1019eac\",\"name\":\"Jeanette\",\"image\":{\"@type\":\"ImageObject\",\"inLanguage\":\"es\",\"@id\":\"https:\\\/\\\/secure.gravatar.com\\\/avatar\\\/3ea2118a5f7dad2b7138b1187a6b7ee55f160b9968b66013c3a3ef39dd7e5798?s=96&d=mm&r=g\",\"url\":\"https:\\\/\\\/secure.gravatar.com\\\/avatar\\\/3ea2118a5f7dad2b7138b1187a6b7ee55f160b9968b66013c3a3ef39dd7e5798?s=96&d=mm&r=g\",\"contentUrl\":\"https:\\\/\\\/secure.gravatar.com\\\/avatar\\\/3ea2118a5f7dad2b7138b1187a6b7ee55f160b9968b66013c3a3ef39dd7e5798?s=96&d=mm&r=g\",\"caption\":\"Jeanette\"},\"sameAs\":[\"https:\\\/\\\/www.eldiario.net\\\/portal\"],\"url\":\"https:\\\/\\\/www.eldiario.net\\\/portal\\\/author\\\/jeanette\\\/\"}]}<\/script>\n<!-- \/ Yoast SEO plugin. -->","yoast_head_json":{"title":"Autonom\u00eda comunicativa Habilidad demandada actualmente - El Diario - Bolivia","robots":{"index":"index","follow":"follow","max-snippet":"max-snippet:-1","max-image-preview":"max-image-preview:large","max-video-preview":"max-video-preview:-1"},"canonical":"https:\/\/www.eldiario.net\/portal\/2026\/05\/22\/autonomia-comunicativa-habilidad-demandada-actualmente-5\/","og_locale":"es_ES","og_type":"article","og_title":"Autonom\u00eda comunicativa Habilidad demandada actualmente - El Diario - Bolivia","og_description":"Por. Lic. H\u00e9ctor Molina &nbsp; Recordemos que\u2026 &nbsp; La autonom\u00eda comunicativa se define como la capacidad meta-cognitiva y socio-afectiva del sujeto para gestionar sus propios procesos de intercambio de significados de manera independiente, cr\u00edtica y \u00e9tica. Desde la perspectiva de la Pragm\u00e1tica Ling\u00fc\u00edstica, autores como Habermas sugieren que la autonom\u00eda no es solo el dominio [&hellip;]","og_url":"https:\/\/www.eldiario.net\/portal\/2026\/05\/22\/autonomia-comunicativa-habilidad-demandada-actualmente-5\/","og_site_name":"El Diario - Bolivia","article_publisher":"https:\/\/www.facebook.com\/eldiario.bolivia\/","article_published_time":"2026-05-22T11:18:16+00:00","og_image":[{"width":700,"height":394,"url":"https:\/\/www.eldiario.net\/portal\/wp-content\/uploads\/2026\/05\/Len-Autonomia-y-responsabilidad.webp","type":"image\/webp"}],"author":"Jeanette","twitter_card":"summary_large_image","twitter_creator":"@eldiario_net","twitter_site":"@eldiario_net","twitter_misc":{"Escrito por":"Jeanette","Tiempo de lectura":"4 minutos"},"schema":{"@context":"https:\/\/schema.org","@graph":[{"@type":"Article","@id":"https:\/\/www.eldiario.net\/portal\/2026\/05\/22\/autonomia-comunicativa-habilidad-demandada-actualmente-5\/#article","isPartOf":{"@id":"https:\/\/www.eldiario.net\/portal\/2026\/05\/22\/autonomia-comunicativa-habilidad-demandada-actualmente-5\/"},"author":{"name":"Jeanette","@id":"https:\/\/www.eldiario.net\/portal\/#\/schema\/person\/2c57cf2b7a7ae032e449e4c9b1019eac"},"headline":"Autonom\u00eda comunicativa Habilidad demandada actualmente","datePublished":"2026-05-22T11:18:16+00:00","mainEntityOfPage":{"@id":"https:\/\/www.eldiario.net\/portal\/2026\/05\/22\/autonomia-comunicativa-habilidad-demandada-actualmente-5\/"},"wordCount":770,"publisher":{"@id":"https:\/\/www.eldiario.net\/portal\/#organization"},"image":{"@id":"https:\/\/www.eldiario.net\/portal\/2026\/05\/22\/autonomia-comunicativa-habilidad-demandada-actualmente-5\/#primaryimage"},"thumbnailUrl":"https:\/\/www.eldiario.net\/portal\/wp-content\/uploads\/2026\/05\/Len-Autonomia-y-responsabilidad.webp","articleSection":["Nuevos Horizontes"],"inLanguage":"es"},{"@type":"WebPage","@id":"https:\/\/www.eldiario.net\/portal\/2026\/05\/22\/autonomia-comunicativa-habilidad-demandada-actualmente-5\/","url":"https:\/\/www.eldiario.net\/portal\/2026\/05\/22\/autonomia-comunicativa-habilidad-demandada-actualmente-5\/","name":"Autonom\u00eda comunicativa Habilidad demandada actualmente - El Diario - Bolivia","isPartOf":{"@id":"https:\/\/www.eldiario.net\/portal\/#website"},"primaryImageOfPage":{"@id":"https:\/\/www.eldiario.net\/portal\/2026\/05\/22\/autonomia-comunicativa-habilidad-demandada-actualmente-5\/#primaryimage"},"image":{"@id":"https:\/\/www.eldiario.net\/portal\/2026\/05\/22\/autonomia-comunicativa-habilidad-demandada-actualmente-5\/#primaryimage"},"thumbnailUrl":"https:\/\/www.eldiario.net\/portal\/wp-content\/uploads\/2026\/05\/Len-Autonomia-y-responsabilidad.webp","datePublished":"2026-05-22T11:18:16+00:00","breadcrumb":{"@id":"https:\/\/www.eldiario.net\/portal\/2026\/05\/22\/autonomia-comunicativa-habilidad-demandada-actualmente-5\/#breadcrumb"},"inLanguage":"es","potentialAction":[{"@type":"ReadAction","target":["https:\/\/www.eldiario.net\/portal\/2026\/05\/22\/autonomia-comunicativa-habilidad-demandada-actualmente-5\/"]}]},{"@type":"ImageObject","inLanguage":"es","@id":"https:\/\/www.eldiario.net\/portal\/2026\/05\/22\/autonomia-comunicativa-habilidad-demandada-actualmente-5\/#primaryimage","url":"https:\/\/www.eldiario.net\/portal\/wp-content\/uploads\/2026\/05\/Len-Autonomia-y-responsabilidad.webp","contentUrl":"https:\/\/www.eldiario.net\/portal\/wp-content\/uploads\/2026\/05\/Len-Autonomia-y-responsabilidad.webp","width":700,"height":394},{"@type":"BreadcrumbList","@id":"https:\/\/www.eldiario.net\/portal\/2026\/05\/22\/autonomia-comunicativa-habilidad-demandada-actualmente-5\/#breadcrumb","itemListElement":[{"@type":"ListItem","position":1,"name":"Portada","item":"https:\/\/www.eldiario.net\/portal\/"},{"@type":"ListItem","position":2,"name":"Autonom\u00eda comunicativa Habilidad demandada actualmente"}]},{"@type":"WebSite","@id":"https:\/\/www.eldiario.net\/portal\/#website","url":"https:\/\/www.eldiario.net\/portal\/","name":"El Diario - Decano de la prensa nacional","description":"El Diario - Decano de la prensa nacional","publisher":{"@id":"https:\/\/www.eldiario.net\/portal\/#organization"},"potentialAction":[{"@type":"SearchAction","target":{"@type":"EntryPoint","urlTemplate":"https:\/\/www.eldiario.net\/portal\/?s={search_term_string}"},"query-input":{"@type":"PropertyValueSpecification","valueRequired":true,"valueName":"search_term_string"}}],"inLanguage":"es"},{"@type":"Organization","@id":"https:\/\/www.eldiario.net\/portal\/#organization","name":"El Diario - Decano de la prensa nacional","url":"https:\/\/www.eldiario.net\/portal\/","logo":{"@type":"ImageObject","inLanguage":"es","@id":"https:\/\/www.eldiario.net\/portal\/#\/schema\/logo\/image\/","url":"https:\/\/www.eldiario.net\/portal\/wp-content\/uploads\/2023\/07\/logo_ED.jpg","contentUrl":"https:\/\/www.eldiario.net\/portal\/wp-content\/uploads\/2023\/07\/logo_ED.jpg","width":272,"height":52,"caption":"El Diario - Decano de la prensa nacional"},"image":{"@id":"https:\/\/www.eldiario.net\/portal\/#\/schema\/logo\/image\/"},"sameAs":["https:\/\/www.facebook.com\/eldiario.bolivia\/","https:\/\/x.com\/eldiario_net"]},{"@type":"Person","@id":"https:\/\/www.eldiario.net\/portal\/#\/schema\/person\/2c57cf2b7a7ae032e449e4c9b1019eac","name":"Jeanette","image":{"@type":"ImageObject","inLanguage":"es","@id":"https:\/\/secure.gravatar.com\/avatar\/3ea2118a5f7dad2b7138b1187a6b7ee55f160b9968b66013c3a3ef39dd7e5798?s=96&d=mm&r=g","url":"https:\/\/secure.gravatar.com\/avatar\/3ea2118a5f7dad2b7138b1187a6b7ee55f160b9968b66013c3a3ef39dd7e5798?s=96&d=mm&r=g","contentUrl":"https:\/\/secure.gravatar.com\/avatar\/3ea2118a5f7dad2b7138b1187a6b7ee55f160b9968b66013c3a3ef39dd7e5798?s=96&d=mm&r=g","caption":"Jeanette"},"sameAs":["https:\/\/www.eldiario.net\/portal"],"url":"https:\/\/www.eldiario.net\/portal\/author\/jeanette\/"}]}},"_links":{"self":[{"href":"https:\/\/www.eldiario.net\/portal\/wp-json\/wp\/v2\/posts\/396831","targetHints":{"allow":["GET"]}}],"collection":[{"href":"https:\/\/www.eldiario.net\/portal\/wp-json\/wp\/v2\/posts"}],"about":[{"href":"https:\/\/www.eldiario.net\/portal\/wp-json\/wp\/v2\/types\/post"}],"author":[{"embeddable":true,"href":"https:\/\/www.eldiario.net\/portal\/wp-json\/wp\/v2\/users\/1"}],"replies":[{"embeddable":true,"href":"https:\/\/www.eldiario.net\/portal\/wp-json\/wp\/v2\/comments?post=396831"}],"version-history":[{"count":1,"href":"https:\/\/www.eldiario.net\/portal\/wp-json\/wp\/v2\/posts\/396831\/revisions"}],"predecessor-version":[{"id":396834,"href":"https:\/\/www.eldiario.net\/portal\/wp-json\/wp\/v2\/posts\/396831\/revisions\/396834"}],"wp:featuredmedia":[{"embeddable":true,"href":"https:\/\/www.eldiario.net\/portal\/wp-json\/wp\/v2\/media\/396833"}],"wp:attachment":[{"href":"https:\/\/www.eldiario.net\/portal\/wp-json\/wp\/v2\/media?parent=396831"}],"wp:term":[{"taxonomy":"category","embeddable":true,"href":"https:\/\/www.eldiario.net\/portal\/wp-json\/wp\/v2\/categories?post=396831"},{"taxonomy":"post_tag","embeddable":true,"href":"https:\/\/www.eldiario.net\/portal\/wp-json\/wp\/v2\/tags?post=396831"}],"curies":[{"name":"wp","href":"https:\/\/api.w.org\/{rel}","templated":true}]}}